{"id":35031,"date":"2022-04-22T14:46:44","date_gmt":"2022-04-22T11:46:44","guid":{"rendered":"https:\/\/aktialiiga.fi\/miehet\/?p=35031"},"modified":"2022-04-22T14:46:44","modified_gmt":"2022-04-22T11:46:44","slug":"kohti-valieria-dicken-grifk","status":"publish","type":"post","link":"https:\/\/aktialiiga.fi\/miehet\/2021-2022\/kohti-play-offeja\/kohti-valieria-dicken-grifk\/","title":{"rendered":"Kohti v\u00e4lieri\u00e4: Dicken \u2013 GrIFK"},"content":{"rendered":"<p>Runkosarjan ja ylemm\u00e4n jatkosarjan perusteella Dicken l\u00e4htee v\u00e4lier\u00e4sarjaan GrIFK:ta vastaan ainakin niukkana suosikkina.<\/p>\n<p>Kauden kohtaamisista Dicken on vienyt nimiins\u00e4 nelj\u00e4 ja viimeisin ylemm\u00e4ss\u00e4 jatkosarjassa p\u00e4\u00e4ttyi puolestaan GrIFK:n voittoon. Granin p\u00e4\u00e4valmentaja Mikael K\u00e4llmanin mukaan tuota voitto-ottelua ei kannata kuitenkaan liikoja tuijotella en\u00e4\u00e4.<\/p>\n<p>&#8211; Kaksi aiempaa ottelua kotona olivat tiukkoja ja h\u00e4visimme molemmat maalilla. Siin\u00e4 viimeisess\u00e4 ottelussa Dicken sitten lepuutti runkopelaajiaan aika lailla ja uskon my\u00f6s, ett\u00e4 he halusivat todenn\u00e4k\u00f6isist\u00e4 vaihtoehdoista meid\u00e4t vastaan t\u00e4ss\u00e4 v\u00e4lier\u00e4vaiheessa, K\u00e4llman sanoo.<\/p>\n<p>Vaikka l\u00e4ht\u00f6kohdat kallistavat vaakaa Dickenille, lauttasaarelaisten p\u00e4\u00e4valmentaja Bj\u00f6rn Monnberg muistuttaa kuitenkin vastustajan parantaneen koko ajan kauden edetess\u00e4.<\/p>\n<p>&#8211; Grani n\u00e4ytti osaamisensa jatkosarjassa. 4-5 maajoukkuepelaajaa takaa joukkueen laadun ja nostaa varmasti odotuksia Kauniaisissa, Monnberg arvioi.<\/p>\n<p>&#8211; Meill\u00e4 tauko ennen v\u00e4lierien alkamista on mennyt hyvin vaihtelevasti harjoitusten ja kuntoutuksen merkeiss\u00e4.<\/p>\n<p>Monnbergin huomio GrIFK:n nousujohteisesta kaudesta pit\u00e4\u00e4 my\u00f6s paikkaansa sik\u00e4li, ett\u00e4 kauniaislaiset raivasivat viimeisen\u00e4 joukkueena tiens\u00e4 nelj\u00e4n parhaan joukkoon runkosarjassa, mutta taistelivat ylemm\u00e4ss\u00e4 jatkosarjassa loppuun saakka suorasta v\u00e4lier\u00e4paikasta.<\/p>\n<p>&#8211; Meill\u00e4 oli suoraan sanoen hirve\u00e4 syksy loukkaantumisten takia ja tammikuu meni sitten koronatartuntojen takia pieleen. Nyt olemme p\u00e4\u00e4sseet kuitenkin valmistautumaan hyvin, eik\u00e4 t\u00e4ll\u00e4 kertaa maajoukkueviikoltakaan tullut loukkaantumisia. Muutamia pikkujuttuja pelaajilla on, mutta ei mit\u00e4\u00e4n isompaa, K\u00e4llman kertoo.<\/p>\n<p>Dicken saa v\u00e4lier\u00e4sarjaan my\u00f6s kotiedun, mutta sen merkitys ei Monnbergin mukaan ole ratkaiseva. Vierasmatkat ovat lyhyit\u00e4 niin joukkueille kuin kannattajillekin.<\/p>\n<p>&#8211; Sen verran l\u00e4hekk\u00e4in ollaan, ett\u00e4 tuskin siit\u00e4 suurta hy\u00f6ty\u00e4 on. Toivottavasti molemmissa halleissa on positiivinen play-off tunnelma, Monnberg toteaa.<\/p>\n<p>K\u00e4llmanilla on hyvin kirkas n\u00e4kemys siit\u00e4 miss\u00e4 Granin pit\u00e4\u00e4 onnistua horjuttaakseen Dickeni\u00e4.<\/p>\n<p>&#8211; Dickenin osalta meid\u00e4n pit\u00e4\u00e4 saada nyt yksi tietty herra [Max Granlund] pys\u00e4ytetty\u00e4. H\u00e4nt\u00e4 ei saa p\u00e4\u00e4st\u00e4\u00e4 tekem\u00e4\u00e4n maaleja \u2013 tai voi h\u00e4n muutaman tehd\u00e4, mutta ei mit\u00e4\u00e4n yli kymment\u00e4. Olemme p\u00e4\u00e4sseet hy\u00f6kk\u00e4yksess\u00e4 Dickeni\u00e4 vastaan hyvin paikkoihin, mutta heid\u00e4n maalivahtinsa ovat olleet meille aikamoisia peikkoja.<\/p>\n<p>&#8211; Vahva puolustus ja nopeisiin vastahy\u00f6kk\u00e4yksiin p\u00e4\u00e4sy ovat meid\u00e4n aseemme.<\/p>\n<p>Mihin v\u00e4lier\u00e4sarja sitten ratkeaa? T\u00e4m\u00e4 j\u00e4\u00e4 n\u00e4ht\u00e4v\u00e4ksi ainakin Monnbergin mukaan.<\/p>\n<p>&#8211; Hyv\u00e4 kysymys, johon minulla ei ainakaan ole vastausta.<\/p>\n<p><strong>Aiemmat kohtaamiset SM-liigassa kaudella 2021-22:<\/strong><\/p>\n<p><em>Runkosarja<\/em>:<br \/>\n16.10. Dicken \u2013 GrIFK 25-20<br \/>\n04.12. GrIFK \u2013 Dicken 26-27<br \/>\n<em>Ylempi jatkosarja<\/em>:<br \/>\n12.02. GrIFK \u2013 Dicken 27-28<br \/>\n05.03. Dicken \u2013 GrIFK 29-20<br \/>\n26.03. GrIFK \u2013 Dicken 21-16<\/p>\n","protected":false},"excerpt":{"rendered":"<p>Runkosarjan ja ylemm\u00e4n jatkosarjan perusteella Dicken l\u00e4htee v\u00e4lier\u00e4sarjaan GrIFK:ta vastaan ainakin niukkana suosikkina. Kauden kohtaamisista Dicken on vienyt nimiins\u00e4 nelj\u00e4 ja viimeisin ylemm\u00e4ss\u00e4 jatkosarjassa p\u00e4\u00e4ttyi puolestaan GrIFK:n voittoon. Granin p\u00e4\u00e4valmentaja Mikael K\u00e4llmanin mukaan tuota voitto-ottelua ei kannata kuitenkaan liikoja tuijotella en\u00e4\u00e4. &#8211; Kaksi aiempaa ottelua kotona olivat tiukkoja ja h\u00e4visimme molemmat maalilla. Siin\u00e4 viimeisess\u00e4 ottelussa [&hellip;]<\/p>\n","protected":false},"author":13,"featured_media":30945,"comment_status":"closed","ping_status":"closed","sticky":false,"template":"","format":"standard","meta":{"_acf_changed":false,"jetpack_post_was_ever_published":false,"_jetpack_newsletter_access":"","_jetpack_dont_email_post_to_subs":false,"_jetpack_newsletter_tier_id":0,"_jetpack_memberships_contains_paywalled_content":false,"_jetpack_memberships_contains_paid_content":false,"footnotes":""},"categories":[266],"tags":[58,64],"class_list":["post-35031","post","type-post","status-publish","format-standard","has-post-thumbnail","hentry","category-kohti-play-offeja","tag-dicken","tag-grifk"],"acf":[],"yoast_head":"<!-- This site is optimized with the Yoast SEO plugin v27.5 - https:\/\/yoast.com\/product\/yoast-seo-wordpress\/ -->\n<title>Kohti v\u00e4lieri\u00e4: Dicken \u2013 GrIFK | K\u00e4sipallon miesten Aktialiiga<\/title>\n<meta name=\"robots\" content=\"index, follow, max-snippet:-1, max-image-preview:large, max-video-preview:-1\" \/>\n<link rel=\"canonical\" href=\"https:\/\/aktialiiga.fi\/miehet\/2021-2022\/kohti-play-offeja\/kohti-valieria-dicken-grifk\/\" \/>\n<meta property=\"og:locale\" content=\"fi_FI\" \/>\n<meta property=\"og:type\" content=\"article\" \/>\n<meta property=\"og:title\" content=\"Kohti v\u00e4lieri\u00e4: Dicken \u2013 GrIFK | K\u00e4sipallon miesten Aktialiiga\" \/>\n<meta property=\"og:description\" content=\"Runkosarjan ja ylemm\u00e4n jatkosarjan perusteella Dicken l\u00e4htee v\u00e4lier\u00e4sarjaan GrIFK:ta vastaan ainakin niukkana suosikkina. Kauden kohtaamisista Dicken on vienyt nimiins\u00e4 nelj\u00e4 ja viimeisin ylemm\u00e4ss\u00e4 jatkosarjassa p\u00e4\u00e4ttyi puolestaan GrIFK:n voittoon. Granin p\u00e4\u00e4valmentaja Mikael K\u00e4llmanin mukaan tuota voitto-ottelua ei kannata kuitenkaan liikoja tuijotella en\u00e4\u00e4. &#8211; Kaksi aiempaa ottelua kotona olivat tiukkoja ja h\u00e4visimme molemmat maalilla. Siin\u00e4 viimeisess\u00e4 ottelussa [&hellip;]\" \/>\n<meta property=\"og:url\" content=\"https:\/\/aktialiiga.fi\/miehet\/2021-2022\/kohti-play-offeja\/kohti-valieria-dicken-grifk\/\" \/>\n<meta property=\"og:site_name\" content=\"K\u00e4sipallon miesten Aktialiiga\" \/>\n<meta property=\"article:publisher\" content=\"https:\/\/www.facebook.com\/finnhandball\" \/>\n<meta property=\"article:published_time\" content=\"2022-04-22T11:46:44+00:00\" \/>\n<meta property=\"og:image\" content=\"https:\/\/i0.wp.com\/aktialiiga.fi\/miehet\/wp-content\/uploads\/sites\/5\/2021\/12\/Max-Granlund-2021-22.jpg?fit=953%2C426&ssl=1\" \/>\n\t<meta property=\"og:image:width\" content=\"953\" \/>\n\t<meta property=\"og:image:height\" content=\"426\" \/>\n\t<meta property=\"og:image:type\" content=\"image\/jpeg\" \/>\n<meta name=\"author\" content=\"tbrmedia\" \/>\n<meta name=\"twitter:card\" content=\"summary_large_image\" \/>\n<meta name=\"twitter:creator\" content=\"@finnhandball\" \/>\n<meta name=\"twitter:site\" content=\"@finnhandball\" \/>\n<script type=\"application\/ld+json\" class=\"yoast-schema-graph\">{\"@context\":\"https:\\\/\\\/schema.org\",\"@graph\":[{\"@type\":\"Article\",\"@id\":\"https:\\\/\\\/aktialiiga.fi\\\/miehet\\\/2021-2022\\\/kohti-play-offeja\\\/kohti-valieria-dicken-grifk\\\/#article\",\"isPartOf\":{\"@id\":\"https:\\\/\\\/aktialiiga.fi\\\/miehet\\\/2021-2022\\\/kohti-play-offeja\\\/kohti-valieria-dicken-grifk\\\/\"},\"author\":{\"name\":\"tbrmedia\",\"@id\":\"https:\\\/\\\/aktialiiga.fi\\\/miehet\\\/#\\\/schema\\\/person\\\/c14bf42f47041db74603c45afcb18d87\"},\"headline\":\"Kohti v\u00e4lieri\u00e4: Dicken \u2013 GrIFK\",\"datePublished\":\"2022-04-22T11:46:44+00:00\",\"mainEntityOfPage\":{\"@id\":\"https:\\\/\\\/aktialiiga.fi\\\/miehet\\\/2021-2022\\\/kohti-play-offeja\\\/kohti-valieria-dicken-grifk\\\/\"},\"wordCount\":406,\"publisher\":{\"@id\":\"https:\\\/\\\/aktialiiga.fi\\\/miehet\\\/#organization\"},\"image\":{\"@id\":\"https:\\\/\\\/aktialiiga.fi\\\/miehet\\\/2021-2022\\\/kohti-play-offeja\\\/kohti-valieria-dicken-grifk\\\/#primaryimage\"},\"thumbnailUrl\":\"https:\\\/\\\/i0.wp.com\\\/aktialiiga.fi\\\/miehet\\\/wp-content\\\/uploads\\\/sites\\\/5\\\/2021\\\/12\\\/Max-Granlund-2021-22.jpg?fit=953%2C426&ssl=1\",\"keywords\":[\"Dicken\",\"GrIFK\"],\"articleSection\":[\"Kohti Play offeja\"],\"inLanguage\":\"fi\"},{\"@type\":\"WebPage\",\"@id\":\"https:\\\/\\\/aktialiiga.fi\\\/miehet\\\/2021-2022\\\/kohti-play-offeja\\\/kohti-valieria-dicken-grifk\\\/\",\"url\":\"https:\\\/\\\/aktialiiga.fi\\\/miehet\\\/2021-2022\\\/kohti-play-offeja\\\/kohti-valieria-dicken-grifk\\\/\",\"name\":\"Kohti v\u00e4lieri\u00e4: Dicken \u2013 GrIFK | K\u00e4sipallon miesten Aktialiiga\",\"isPartOf\":{\"@id\":\"https:\\\/\\\/aktialiiga.fi\\\/miehet\\\/#website\"},\"primaryImageOfPage\":{\"@id\":\"https:\\\/\\\/aktialiiga.fi\\\/miehet\\\/2021-2022\\\/kohti-play-offeja\\\/kohti-valieria-dicken-grifk\\\/#primaryimage\"},\"image\":{\"@id\":\"https:\\\/\\\/aktialiiga.fi\\\/miehet\\\/2021-2022\\\/kohti-play-offeja\\\/kohti-valieria-dicken-grifk\\\/#primaryimage\"},\"thumbnailUrl\":\"https:\\\/\\\/i0.wp.com\\\/aktialiiga.fi\\\/miehet\\\/wp-content\\\/uploads\\\/sites\\\/5\\\/2021\\\/12\\\/Max-Granlund-2021-22.jpg?fit=953%2C426&ssl=1\",\"datePublished\":\"2022-04-22T11:46:44+00:00\",\"breadcrumb\":{\"@id\":\"https:\\\/\\\/aktialiiga.fi\\\/miehet\\\/2021-2022\\\/kohti-play-offeja\\\/kohti-valieria-dicken-grifk\\\/#breadcrumb\"},\"inLanguage\":\"fi\",\"potentialAction\":[{\"@type\":\"ReadAction\",\"target\":[\"https:\\\/\\\/aktialiiga.fi\\\/miehet\\\/2021-2022\\\/kohti-play-offeja\\\/kohti-valieria-dicken-grifk\\\/\"]}]},{\"@type\":\"ImageObject\",\"inLanguage\":\"fi\",\"@id\":\"https:\\\/\\\/aktialiiga.fi\\\/miehet\\\/2021-2022\\\/kohti-play-offeja\\\/kohti-valieria-dicken-grifk\\\/#primaryimage\",\"url\":\"https:\\\/\\\/i0.wp.com\\\/aktialiiga.fi\\\/miehet\\\/wp-content\\\/uploads\\\/sites\\\/5\\\/2021\\\/12\\\/Max-Granlund-2021-22.jpg?fit=953%2C426&ssl=1\",\"contentUrl\":\"https:\\\/\\\/i0.wp.com\\\/aktialiiga.fi\\\/miehet\\\/wp-content\\\/uploads\\\/sites\\\/5\\\/2021\\\/12\\\/Max-Granlund-2021-22.jpg?fit=953%2C426&ssl=1\",\"width\":953,\"height\":426,\"caption\":\"Max Granlund #31, Dicken K\u00e4sipallon miesten SM-liigan ottelussa Dicken - Hifk Pirkkolan palloiluhallissa 11. syyskuuta 2021. (Kalle Parkkinen\\\/Newspix24)\"},{\"@type\":\"BreadcrumbList\",\"@id\":\"https:\\\/\\\/aktialiiga.fi\\\/miehet\\\/2021-2022\\\/kohti-play-offeja\\\/kohti-valieria-dicken-grifk\\\/#breadcrumb\",\"itemListElement\":[{\"@type\":\"ListItem\",\"position\":1,\"name\":\"Etusivu\",\"item\":\"https:\\\/\\\/aktialiiga.fi\\\/miehet\\\/\"},{\"@type\":\"ListItem\",\"position\":2,\"name\":\"Kohti v\u00e4lieri\u00e4: Dicken \u2013 GrIFK\"}]},{\"@type\":\"WebSite\",\"@id\":\"https:\\\/\\\/aktialiiga.fi\\\/miehet\\\/#website\",\"url\":\"https:\\\/\\\/aktialiiga.fi\\\/miehet\\\/\",\"name\":\"K\u00e4sipallon miesten Aktialiiga\",\"description\":\"Valtakunnan vauhdikkainta palloilua!\",\"publisher\":{\"@id\":\"https:\\\/\\\/aktialiiga.fi\\\/miehet\\\/#organization\"},\"potentialAction\":[{\"@type\":\"SearchAction\",\"target\":{\"@type\":\"EntryPoint\",\"urlTemplate\":\"https:\\\/\\\/aktialiiga.fi\\\/miehet\\\/?s={search_term_string}\"},\"query-input\":{\"@type\":\"PropertyValueSpecification\",\"valueRequired\":true,\"valueName\":\"search_term_string\"}}],\"inLanguage\":\"fi\"},{\"@type\":\"Organization\",\"@id\":\"https:\\\/\\\/aktialiiga.fi\\\/miehet\\\/#organization\",\"name\":\"K\u00e4sipallon miesten Aktialiiga\",\"url\":\"https:\\\/\\\/aktialiiga.fi\\\/miehet\\\/\",\"logo\":{\"@type\":\"ImageObject\",\"inLanguage\":\"fi\",\"@id\":\"https:\\\/\\\/aktialiiga.fi\\\/miehet\\\/#\\\/schema\\\/logo\\\/image\\\/\",\"url\":\"https:\\\/\\\/i0.wp.com\\\/aktialiiga.fi\\\/miehet\\\/wp-content\\\/uploads\\\/sites\\\/5\\\/2024\\\/09\\\/Aktialiiga-Yoast-512.png?fit=512%2C512&ssl=1\",\"contentUrl\":\"https:\\\/\\\/i0.wp.com\\\/aktialiiga.fi\\\/miehet\\\/wp-content\\\/uploads\\\/sites\\\/5\\\/2024\\\/09\\\/Aktialiiga-Yoast-512.png?fit=512%2C512&ssl=1\",\"width\":512,\"height\":512,\"caption\":\"K\u00e4sipallon miesten Aktialiiga\"},\"image\":{\"@id\":\"https:\\\/\\\/aktialiiga.fi\\\/miehet\\\/#\\\/schema\\\/logo\\\/image\\\/\"},\"sameAs\":[\"https:\\\/\\\/www.facebook.com\\\/finnhandball\",\"https:\\\/\\\/x.com\\\/finnhandball\",\"https:\\\/\\\/www.instagram.com\\\/handballfinland\\\/\"]},{\"@type\":\"Person\",\"@id\":\"https:\\\/\\\/aktialiiga.fi\\\/miehet\\\/#\\\/schema\\\/person\\\/c14bf42f47041db74603c45afcb18d87\",\"name\":\"tbrmedia\",\"image\":{\"@type\":\"ImageObject\",\"inLanguage\":\"fi\",\"@id\":\"https:\\\/\\\/secure.gravatar.com\\\/avatar\\\/ee975fa091fe581d12b60debb3439022686618368a7c142044c56724d4666b16?s=96&d=mm&r=g\",\"url\":\"https:\\\/\\\/secure.gravatar.com\\\/avatar\\\/ee975fa091fe581d12b60debb3439022686618368a7c142044c56724d4666b16?s=96&d=mm&r=g\",\"contentUrl\":\"https:\\\/\\\/secure.gravatar.com\\\/avatar\\\/ee975fa091fe581d12b60debb3439022686618368a7c142044c56724d4666b16?s=96&d=mm&r=g\",\"caption\":\"tbrmedia\"}}]}<\/script>\n<!-- \/ Yoast SEO plugin. -->","yoast_head_json":{"title":"Kohti v\u00e4lieri\u00e4: Dicken \u2013 GrIFK | K\u00e4sipallon miesten Aktialiiga","robots":{"index":"index","follow":"follow","max-snippet":"max-snippet:-1","max-image-preview":"max-image-preview:large","max-video-preview":"max-video-preview:-1"},"canonical":"https:\/\/aktialiiga.fi\/miehet\/2021-2022\/kohti-play-offeja\/kohti-valieria-dicken-grifk\/","og_locale":"fi_FI","og_type":"article","og_title":"Kohti v\u00e4lieri\u00e4: Dicken \u2013 GrIFK | K\u00e4sipallon miesten Aktialiiga","og_description":"Runkosarjan ja ylemm\u00e4n jatkosarjan perusteella Dicken l\u00e4htee v\u00e4lier\u00e4sarjaan GrIFK:ta vastaan ainakin niukkana suosikkina. Kauden kohtaamisista Dicken on vienyt nimiins\u00e4 nelj\u00e4 ja viimeisin ylemm\u00e4ss\u00e4 jatkosarjassa p\u00e4\u00e4ttyi puolestaan GrIFK:n voittoon. Granin p\u00e4\u00e4valmentaja Mikael K\u00e4llmanin mukaan tuota voitto-ottelua ei kannata kuitenkaan liikoja tuijotella en\u00e4\u00e4. &#8211; Kaksi aiempaa ottelua kotona olivat tiukkoja ja h\u00e4visimme molemmat maalilla. Siin\u00e4 viimeisess\u00e4 ottelussa [&hellip;]","og_url":"https:\/\/aktialiiga.fi\/miehet\/2021-2022\/kohti-play-offeja\/kohti-valieria-dicken-grifk\/","og_site_name":"K\u00e4sipallon miesten Aktialiiga","article_publisher":"https:\/\/www.facebook.com\/finnhandball","article_published_time":"2022-04-22T11:46:44+00:00","og_image":[{"width":953,"height":426,"url":"https:\/\/i0.wp.com\/aktialiiga.fi\/miehet\/wp-content\/uploads\/sites\/5\/2021\/12\/Max-Granlund-2021-22.jpg?fit=953%2C426&ssl=1","type":"image\/jpeg"}],"author":"tbrmedia","twitter_card":"summary_large_image","twitter_creator":"@finnhandball","twitter_site":"@finnhandball","schema":{"@context":"https:\/\/schema.org","@graph":[{"@type":"Article","@id":"https:\/\/aktialiiga.fi\/miehet\/2021-2022\/kohti-play-offeja\/kohti-valieria-dicken-grifk\/#article","isPartOf":{"@id":"https:\/\/aktialiiga.fi\/miehet\/2021-2022\/kohti-play-offeja\/kohti-valieria-dicken-grifk\/"},"author":{"name":"tbrmedia","@id":"https:\/\/aktialiiga.fi\/miehet\/#\/schema\/person\/c14bf42f47041db74603c45afcb18d87"},"headline":"Kohti v\u00e4lieri\u00e4: Dicken \u2013 GrIFK","datePublished":"2022-04-22T11:46:44+00:00","mainEntityOfPage":{"@id":"https:\/\/aktialiiga.fi\/miehet\/2021-2022\/kohti-play-offeja\/kohti-valieria-dicken-grifk\/"},"wordCount":406,"publisher":{"@id":"https:\/\/aktialiiga.fi\/miehet\/#organization"},"image":{"@id":"https:\/\/aktialiiga.fi\/miehet\/2021-2022\/kohti-play-offeja\/kohti-valieria-dicken-grifk\/#primaryimage"},"thumbnailUrl":"https:\/\/i0.wp.com\/aktialiiga.fi\/miehet\/wp-content\/uploads\/sites\/5\/2021\/12\/Max-Granlund-2021-22.jpg?fit=953%2C426&ssl=1","keywords":["Dicken","GrIFK"],"articleSection":["Kohti Play offeja"],"inLanguage":"fi"},{"@type":"WebPage","@id":"https:\/\/aktialiiga.fi\/miehet\/2021-2022\/kohti-play-offeja\/kohti-valieria-dicken-grifk\/","url":"https:\/\/aktialiiga.fi\/miehet\/2021-2022\/kohti-play-offeja\/kohti-valieria-dicken-grifk\/","name":"Kohti v\u00e4lieri\u00e4: Dicken \u2013 GrIFK | K\u00e4sipallon miesten Aktialiiga","isPartOf":{"@id":"https:\/\/aktialiiga.fi\/miehet\/#website"},"primaryImageOfPage":{"@id":"https:\/\/aktialiiga.fi\/miehet\/2021-2022\/kohti-play-offeja\/kohti-valieria-dicken-grifk\/#primaryimage"},"image":{"@id":"https:\/\/aktialiiga.fi\/miehet\/2021-2022\/kohti-play-offeja\/kohti-valieria-dicken-grifk\/#primaryimage"},"thumbnailUrl":"https:\/\/i0.wp.com\/aktialiiga.fi\/miehet\/wp-content\/uploads\/sites\/5\/2021\/12\/Max-Granlund-2021-22.jpg?fit=953%2C426&ssl=1","datePublished":"2022-04-22T11:46:44+00:00","breadcrumb":{"@id":"https:\/\/aktialiiga.fi\/miehet\/2021-2022\/kohti-play-offeja\/kohti-valieria-dicken-grifk\/#breadcrumb"},"inLanguage":"fi","potentialAction":[{"@type":"ReadAction","target":["https:\/\/aktialiiga.fi\/miehet\/2021-2022\/kohti-play-offeja\/kohti-valieria-dicken-grifk\/"]}]},{"@type":"ImageObject","inLanguage":"fi","@id":"https:\/\/aktialiiga.fi\/miehet\/2021-2022\/kohti-play-offeja\/kohti-valieria-dicken-grifk\/#primaryimage","url":"https:\/\/i0.wp.com\/aktialiiga.fi\/miehet\/wp-content\/uploads\/sites\/5\/2021\/12\/Max-Granlund-2021-22.jpg?fit=953%2C426&ssl=1","contentUrl":"https:\/\/i0.wp.com\/aktialiiga.fi\/miehet\/wp-content\/uploads\/sites\/5\/2021\/12\/Max-Granlund-2021-22.jpg?fit=953%2C426&ssl=1","width":953,"height":426,"caption":"Max Granlund #31, Dicken K\u00e4sipallon miesten SM-liigan ottelussa Dicken - Hifk Pirkkolan palloiluhallissa 11. syyskuuta 2021. (Kalle Parkkinen\/Newspix24)"},{"@type":"BreadcrumbList","@id":"https:\/\/aktialiiga.fi\/miehet\/2021-2022\/kohti-play-offeja\/kohti-valieria-dicken-grifk\/#breadcrumb","itemListElement":[{"@type":"ListItem","position":1,"name":"Etusivu","item":"https:\/\/aktialiiga.fi\/miehet\/"},{"@type":"ListItem","position":2,"name":"Kohti v\u00e4lieri\u00e4: Dicken \u2013 GrIFK"}]},{"@type":"WebSite","@id":"https:\/\/aktialiiga.fi\/miehet\/#website","url":"https:\/\/aktialiiga.fi\/miehet\/","name":"K\u00e4sipallon miesten Aktialiiga","description":"Valtakunnan vauhdikkainta palloilua!","publisher":{"@id":"https:\/\/aktialiiga.fi\/miehet\/#organization"},"potentialAction":[{"@type":"SearchAction","target":{"@type":"EntryPoint","urlTemplate":"https:\/\/aktialiiga.fi\/miehet\/?s={search_term_string}"},"query-input":{"@type":"PropertyValueSpecification","valueRequired":true,"valueName":"search_term_string"}}],"inLanguage":"fi"},{"@type":"Organization","@id":"https:\/\/aktialiiga.fi\/miehet\/#organization","name":"K\u00e4sipallon miesten Aktialiiga","url":"https:\/\/aktialiiga.fi\/miehet\/","logo":{"@type":"ImageObject","inLanguage":"fi","@id":"https:\/\/aktialiiga.fi\/miehet\/#\/schema\/logo\/image\/","url":"https:\/\/i0.wp.com\/aktialiiga.fi\/miehet\/wp-content\/uploads\/sites\/5\/2024\/09\/Aktialiiga-Yoast-512.png?fit=512%2C512&ssl=1","contentUrl":"https:\/\/i0.wp.com\/aktialiiga.fi\/miehet\/wp-content\/uploads\/sites\/5\/2024\/09\/Aktialiiga-Yoast-512.png?fit=512%2C512&ssl=1","width":512,"height":512,"caption":"K\u00e4sipallon miesten Aktialiiga"},"image":{"@id":"https:\/\/aktialiiga.fi\/miehet\/#\/schema\/logo\/image\/"},"sameAs":["https:\/\/www.facebook.com\/finnhandball","https:\/\/x.com\/finnhandball","https:\/\/www.instagram.com\/handballfinland\/"]},{"@type":"Person","@id":"https:\/\/aktialiiga.fi\/miehet\/#\/schema\/person\/c14bf42f47041db74603c45afcb18d87","name":"tbrmedia","image":{"@type":"ImageObject","inLanguage":"fi","@id":"https:\/\/secure.gravatar.com\/avatar\/ee975fa091fe581d12b60debb3439022686618368a7c142044c56724d4666b16?s=96&d=mm&r=g","url":"https:\/\/secure.gravatar.com\/avatar\/ee975fa091fe581d12b60debb3439022686618368a7c142044c56724d4666b16?s=96&d=mm&r=g","contentUrl":"https:\/\/secure.gravatar.com\/avatar\/ee975fa091fe581d12b60debb3439022686618368a7c142044c56724d4666b16?s=96&d=mm&r=g","caption":"tbrmedia"}}]}},"jetpack_featured_media_url":"https:\/\/i0.wp.com\/aktialiiga.fi\/miehet\/wp-content\/uploads\/sites\/5\/2021\/12\/Max-Granlund-2021-22.jpg?fit=953%2C426&ssl=1","jetpack_sharing_enabled":true,"jetpack_shortlink":"https:\/\/wp.me\/pfTxOr-971","_links":{"self":[{"href":"https:\/\/aktialiiga.fi\/miehet\/wp-json\/wp\/v2\/posts\/35031","targetHints":{"allow":["GET"]}}],"collection":[{"href":"https:\/\/aktialiiga.fi\/miehet\/wp-json\/wp\/v2\/posts"}],"about":[{"href":"https:\/\/aktialiiga.fi\/miehet\/wp-json\/wp\/v2\/types\/post"}],"author":[{"embeddable":true,"href":"https:\/\/aktialiiga.fi\/miehet\/wp-json\/wp\/v2\/users\/13"}],"replies":[{"embeddable":true,"href":"https:\/\/aktialiiga.fi\/miehet\/wp-json\/wp\/v2\/comments?post=35031"}],"version-history":[{"count":0,"href":"https:\/\/aktialiiga.fi\/miehet\/wp-json\/wp\/v2\/posts\/35031\/revisions"}],"wp:featuredmedia":[{"embeddable":true,"href":"https:\/\/aktialiiga.fi\/miehet\/wp-json\/wp\/v2\/media\/30945"}],"wp:attachment":[{"href":"https:\/\/aktialiiga.fi\/miehet\/wp-json\/wp\/v2\/media?parent=35031"}],"wp:term":[{"taxonomy":"category","embeddable":true,"href":"https:\/\/aktialiiga.fi\/miehet\/wp-json\/wp\/v2\/categories?post=35031"},{"taxonomy":"post_tag","embeddable":true,"href":"https:\/\/aktialiiga.fi\/miehet\/wp-json\/wp\/v2\/tags?post=35031"}],"curies":[{"name":"wp","href":"https:\/\/api.w.org\/{rel}","templated":true}]}}