{"id":35039,"date":"2022-04-22T17:34:50","date_gmt":"2022-04-22T14:34:50","guid":{"rendered":"https:\/\/aktialiiga.fi\/miehet\/?p=35039"},"modified":"2022-04-22T17:34:50","modified_gmt":"2022-04-22T14:34:50","slug":"valierat-sm-liigassa-kayntiin-lauantaina","status":"publish","type":"post","link":"https:\/\/aktialiiga.fi\/miehet\/2021-2022\/ennakot-kausi-21-22\/valierat-sm-liigassa-kayntiin-lauantaina\/","title":{"rendered":"V\u00e4lier\u00e4t SM-liigassa k\u00e4yntiin lauantaina"},"content":{"rendered":"<p>SM-liigakausi l\u00e4hestyy huipennustaan ja v\u00e4lier\u00e4sarjat k\u00e4ynnistyv\u00e4t lauantaina 23.4. molempien otteluparien osalta.<\/p>\n<p>BK-46 is\u00e4nn\u00f6i Cocksia iltap\u00e4iv\u00e4ll\u00e4 joukkueitten ensimm\u00e4isess\u00e4 v\u00e4lier\u00e4kohtaamisessa Karjaan urheiluhallissa. Dicken ja GrIFK puolestaan avaavat oman v\u00e4lier\u00e4sarjansa Pirkkolassa illalla.<\/p>\n<p>SM-liigan v\u00e4lier\u00e4t pelataan paras viidest\u00e4 -j\u00e4rjestelm\u00e4ll\u00e4. Ensimm\u00e4iset ottelut pelataan lauantaina 23.4., sen j\u00e4lkeen pelataan keskiviikkona 27.4. ja lauantaina 30.4. sek\u00e4 tarvittaessa maanantaina 2.5. ja keskiviikkona 4.5.<\/p>\n<p>Lue lis\u00e4\u00e4 ennakkotunnelmista molempien v\u00e4lier\u00e4parien osalta:<br \/>\n<strong><a href=\"\/2021-2022\/kohti-play-offeja\/kohti-valieria-bk-46-cocks\/\" target=\"_blank\" rel=\"noopener\">Kohti v\u00e4lieri\u00e4: BK-46 \u2013 Cocks<\/a><\/strong><br \/>\n<strong><a href=\"\/2021-2022\/kohti-play-offeja\/kohti-valieria-dicken-grifk\/\" target=\"_blank\" rel=\"noopener\">Kohti v\u00e4lieri\u00e4: Dicken &#8211; GrIFK<\/a><\/strong><\/p>\n<p><strong>SM-liigan ensimm\u00e4iset v\u00e4lier\u00e4t lauantaina 23.4.:<\/strong><br \/>\n16.00 BK-46 \u2013 Cocks<br \/>\n19.15 Dicken \u2013 GrIFK (VeikkausTV)<\/p>\n<p>Kauden kaikki ottelut suorana <strong><a href=\"https:\/\/solidsport.com\/handisliiga\" target=\"_blank\" rel=\"noopener\">SolidSportilla<\/a><\/strong>.<\/p>\n","protected":false},"excerpt":{"rendered":"<p>SM-liigakausi l\u00e4hestyy huipennustaan ja v\u00e4lier\u00e4sarjat k\u00e4ynnistyv\u00e4t lauantaina 23.4. molempien otteluparien osalta. BK-46 is\u00e4nn\u00f6i Cocksia iltap\u00e4iv\u00e4ll\u00e4 joukkueitten ensimm\u00e4isess\u00e4 v\u00e4lier\u00e4kohtaamisessa Karjaan urheiluhallissa. Dicken ja GrIFK puolestaan avaavat oman v\u00e4lier\u00e4sarjansa Pirkkolassa illalla. SM-liigan v\u00e4lier\u00e4t pelataan paras viidest\u00e4 -j\u00e4rjestelm\u00e4ll\u00e4. Ensimm\u00e4iset ottelut pelataan lauantaina 23.4., sen j\u00e4lkeen pelataan keskiviikkona 27.4. ja lauantaina 30.4. sek\u00e4 tarvittaessa maanantaina 2.5. ja keskiviikkona 4.5. [&hellip;]<\/p>\n","protected":false},"author":13,"featured_media":34407,"comment_status":"closed","ping_status":"closed","sticky":false,"template":"","format":"standard","meta":{"_acf_changed":false,"jetpack_post_was_ever_published":false,"_jetpack_newsletter_access":"","_jetpack_dont_email_post_to_subs":false,"_jetpack_newsletter_tier_id":0,"_jetpack_memberships_contains_paywalled_content":false,"_jetpack_memberships_contains_paid_content":false,"footnotes":""},"categories":[264],"tags":[56,57,58,64],"class_list":["post-35039","post","type-post","status-publish","format-standard","has-post-thumbnail","hentry","category-ennakot-kausi-21-22","tag-bk-46","tag-cocks","tag-dicken","tag-grifk"],"acf":[],"yoast_head":"<!-- This site is optimized with the Yoast SEO plugin v27.5 - https:\/\/yoast.com\/product\/yoast-seo-wordpress\/ -->\n<title>V\u00e4lier\u00e4t SM-liigassa k\u00e4yntiin lauantaina | K\u00e4sipallon miesten Aktialiiga<\/title>\n<meta name=\"robots\" content=\"index, follow, max-snippet:-1, max-image-preview:large, max-video-preview:-1\" \/>\n<link rel=\"canonical\" href=\"https:\/\/aktialiiga.fi\/miehet\/2021-2022\/ennakot-kausi-21-22\/valierat-sm-liigassa-kayntiin-lauantaina\/\" \/>\n<meta property=\"og:locale\" content=\"fi_FI\" \/>\n<meta property=\"og:type\" content=\"article\" \/>\n<meta property=\"og:title\" content=\"V\u00e4lier\u00e4t SM-liigassa k\u00e4yntiin lauantaina | K\u00e4sipallon miesten Aktialiiga\" \/>\n<meta property=\"og:description\" content=\"SM-liigakausi l\u00e4hestyy huipennustaan ja v\u00e4lier\u00e4sarjat k\u00e4ynnistyv\u00e4t lauantaina 23.4. molempien otteluparien osalta. BK-46 is\u00e4nn\u00f6i Cocksia iltap\u00e4iv\u00e4ll\u00e4 joukkueitten ensimm\u00e4isess\u00e4 v\u00e4lier\u00e4kohtaamisessa Karjaan urheiluhallissa. Dicken ja GrIFK puolestaan avaavat oman v\u00e4lier\u00e4sarjansa Pirkkolassa illalla. SM-liigan v\u00e4lier\u00e4t pelataan paras viidest\u00e4 -j\u00e4rjestelm\u00e4ll\u00e4. Ensimm\u00e4iset ottelut pelataan lauantaina 23.4., sen j\u00e4lkeen pelataan keskiviikkona 27.4. ja lauantaina 30.4. sek\u00e4 tarvittaessa maanantaina 2.5. ja keskiviikkona 4.5. [&hellip;]\" \/>\n<meta property=\"og:url\" content=\"https:\/\/aktialiiga.fi\/miehet\/2021-2022\/ennakot-kausi-21-22\/valierat-sm-liigassa-kayntiin-lauantaina\/\" \/>\n<meta property=\"og:site_name\" content=\"K\u00e4sipallon miesten Aktialiiga\" \/>\n<meta property=\"article:publisher\" content=\"https:\/\/www.facebook.com\/finnhandball\" \/>\n<meta property=\"article:published_time\" content=\"2022-04-22T14:34:50+00:00\" \/>\n<meta property=\"og:image\" content=\"https:\/\/i0.wp.com\/aktialiiga.fi\/miehet\/wp-content\/uploads\/sites\/5\/2022\/02\/BK46-Cocks_peli_2122b.jpg?fit=1119%2C468&ssl=1\" \/>\n\t<meta property=\"og:image:width\" content=\"1119\" \/>\n\t<meta property=\"og:image:height\" content=\"468\" \/>\n\t<meta property=\"og:image:type\" content=\"image\/jpeg\" \/>\n<meta name=\"author\" content=\"tbrmedia\" \/>\n<meta name=\"twitter:card\" content=\"summary_large_image\" \/>\n<meta name=\"twitter:creator\" content=\"@finnhandball\" \/>\n<meta name=\"twitter:site\" content=\"@finnhandball\" \/>\n<script type=\"application\/ld+json\" class=\"yoast-schema-graph\">{\"@context\":\"https:\\\/\\\/schema.org\",\"@graph\":[{\"@type\":\"Article\",\"@id\":\"https:\\\/\\\/aktialiiga.fi\\\/miehet\\\/2021-2022\\\/ennakot-kausi-21-22\\\/valierat-sm-liigassa-kayntiin-lauantaina\\\/#article\",\"isPartOf\":{\"@id\":\"https:\\\/\\\/aktialiiga.fi\\\/miehet\\\/2021-2022\\\/ennakot-kausi-21-22\\\/valierat-sm-liigassa-kayntiin-lauantaina\\\/\"},\"author\":{\"name\":\"tbrmedia\",\"@id\":\"https:\\\/\\\/aktialiiga.fi\\\/miehet\\\/#\\\/schema\\\/person\\\/c14bf42f47041db74603c45afcb18d87\"},\"headline\":\"V\u00e4lier\u00e4t SM-liigassa k\u00e4yntiin lauantaina\",\"datePublished\":\"2022-04-22T14:34:50+00:00\",\"mainEntityOfPage\":{\"@id\":\"https:\\\/\\\/aktialiiga.fi\\\/miehet\\\/2021-2022\\\/ennakot-kausi-21-22\\\/valierat-sm-liigassa-kayntiin-lauantaina\\\/\"},\"wordCount\":112,\"publisher\":{\"@id\":\"https:\\\/\\\/aktialiiga.fi\\\/miehet\\\/#organization\"},\"image\":{\"@id\":\"https:\\\/\\\/aktialiiga.fi\\\/miehet\\\/2021-2022\\\/ennakot-kausi-21-22\\\/valierat-sm-liigassa-kayntiin-lauantaina\\\/#primaryimage\"},\"thumbnailUrl\":\"https:\\\/\\\/i0.wp.com\\\/aktialiiga.fi\\\/miehet\\\/wp-content\\\/uploads\\\/sites\\\/5\\\/2022\\\/02\\\/BK46-Cocks_peli_2122b.jpg?fit=1119%2C468&ssl=1\",\"keywords\":[\"BK-46\",\"Cocks\",\"Dicken\",\"GrIFK\"],\"articleSection\":[\"Ennakot\"],\"inLanguage\":\"fi\"},{\"@type\":\"WebPage\",\"@id\":\"https:\\\/\\\/aktialiiga.fi\\\/miehet\\\/2021-2022\\\/ennakot-kausi-21-22\\\/valierat-sm-liigassa-kayntiin-lauantaina\\\/\",\"url\":\"https:\\\/\\\/aktialiiga.fi\\\/miehet\\\/2021-2022\\\/ennakot-kausi-21-22\\\/valierat-sm-liigassa-kayntiin-lauantaina\\\/\",\"name\":\"V\u00e4lier\u00e4t SM-liigassa k\u00e4yntiin lauantaina | K\u00e4sipallon miesten Aktialiiga\",\"isPartOf\":{\"@id\":\"https:\\\/\\\/aktialiiga.fi\\\/miehet\\\/#website\"},\"primaryImageOfPage\":{\"@id\":\"https:\\\/\\\/aktialiiga.fi\\\/miehet\\\/2021-2022\\\/ennakot-kausi-21-22\\\/valierat-sm-liigassa-kayntiin-lauantaina\\\/#primaryimage\"},\"image\":{\"@id\":\"https:\\\/\\\/aktialiiga.fi\\\/miehet\\\/2021-2022\\\/ennakot-kausi-21-22\\\/valierat-sm-liigassa-kayntiin-lauantaina\\\/#primaryimage\"},\"thumbnailUrl\":\"https:\\\/\\\/i0.wp.com\\\/aktialiiga.fi\\\/miehet\\\/wp-content\\\/uploads\\\/sites\\\/5\\\/2022\\\/02\\\/BK46-Cocks_peli_2122b.jpg?fit=1119%2C468&ssl=1\",\"datePublished\":\"2022-04-22T14:34:50+00:00\",\"breadcrumb\":{\"@id\":\"https:\\\/\\\/aktialiiga.fi\\\/miehet\\\/2021-2022\\\/ennakot-kausi-21-22\\\/valierat-sm-liigassa-kayntiin-lauantaina\\\/#breadcrumb\"},\"inLanguage\":\"fi\",\"potentialAction\":[{\"@type\":\"ReadAction\",\"target\":[\"https:\\\/\\\/aktialiiga.fi\\\/miehet\\\/2021-2022\\\/ennakot-kausi-21-22\\\/valierat-sm-liigassa-kayntiin-lauantaina\\\/\"]}]},{\"@type\":\"ImageObject\",\"inLanguage\":\"fi\",\"@id\":\"https:\\\/\\\/aktialiiga.fi\\\/miehet\\\/2021-2022\\\/ennakot-kausi-21-22\\\/valierat-sm-liigassa-kayntiin-lauantaina\\\/#primaryimage\",\"url\":\"https:\\\/\\\/i0.wp.com\\\/aktialiiga.fi\\\/miehet\\\/wp-content\\\/uploads\\\/sites\\\/5\\\/2022\\\/02\\\/BK46-Cocks_peli_2122b.jpg?fit=1119%2C468&ssl=1\",\"contentUrl\":\"https:\\\/\\\/i0.wp.com\\\/aktialiiga.fi\\\/miehet\\\/wp-content\\\/uploads\\\/sites\\\/5\\\/2022\\\/02\\\/BK46-Cocks_peli_2122b.jpg?fit=1119%2C468&ssl=1\",\"width\":1119,\"height\":468,\"caption\":\"Bojan Zupanjac, Cocks ja Miska Henriksson #18 BK-46 k\u00e4sipallo Suomen Cup fiaali ottelussa BK-46 - Cocks Karjaan urtheilutalolla Karjaalla 5. helmikuuta 2022. (Kalle Parkkinen\\\/Newspix24)\"},{\"@type\":\"BreadcrumbList\",\"@id\":\"https:\\\/\\\/aktialiiga.fi\\\/miehet\\\/2021-2022\\\/ennakot-kausi-21-22\\\/valierat-sm-liigassa-kayntiin-lauantaina\\\/#breadcrumb\",\"itemListElement\":[{\"@type\":\"ListItem\",\"position\":1,\"name\":\"Etusivu\",\"item\":\"https:\\\/\\\/aktialiiga.fi\\\/miehet\\\/\"},{\"@type\":\"ListItem\",\"position\":2,\"name\":\"V\u00e4lier\u00e4t SM-liigassa k\u00e4yntiin lauantaina\"}]},{\"@type\":\"WebSite\",\"@id\":\"https:\\\/\\\/aktialiiga.fi\\\/miehet\\\/#website\",\"url\":\"https:\\\/\\\/aktialiiga.fi\\\/miehet\\\/\",\"name\":\"K\u00e4sipallon miesten Aktialiiga\",\"description\":\"Valtakunnan vauhdikkainta palloilua!\",\"publisher\":{\"@id\":\"https:\\\/\\\/aktialiiga.fi\\\/miehet\\\/#organization\"},\"potentialAction\":[{\"@type\":\"SearchAction\",\"target\":{\"@type\":\"EntryPoint\",\"urlTemplate\":\"https:\\\/\\\/aktialiiga.fi\\\/miehet\\\/?s={search_term_string}\"},\"query-input\":{\"@type\":\"PropertyValueSpecification\",\"valueRequired\":true,\"valueName\":\"search_term_string\"}}],\"inLanguage\":\"fi\"},{\"@type\":\"Organization\",\"@id\":\"https:\\\/\\\/aktialiiga.fi\\\/miehet\\\/#organization\",\"name\":\"K\u00e4sipallon miesten Aktialiiga\",\"url\":\"https:\\\/\\\/aktialiiga.fi\\\/miehet\\\/\",\"logo\":{\"@type\":\"ImageObject\",\"inLanguage\":\"fi\",\"@id\":\"https:\\\/\\\/aktialiiga.fi\\\/miehet\\\/#\\\/schema\\\/logo\\\/image\\\/\",\"url\":\"https:\\\/\\\/i0.wp.com\\\/aktialiiga.fi\\\/miehet\\\/wp-content\\\/uploads\\\/sites\\\/5\\\/2024\\\/09\\\/Aktialiiga-Yoast-512.png?fit=512%2C512&ssl=1\",\"contentUrl\":\"https:\\\/\\\/i0.wp.com\\\/aktialiiga.fi\\\/miehet\\\/wp-content\\\/uploads\\\/sites\\\/5\\\/2024\\\/09\\\/Aktialiiga-Yoast-512.png?fit=512%2C512&ssl=1\",\"width\":512,\"height\":512,\"caption\":\"K\u00e4sipallon miesten Aktialiiga\"},\"image\":{\"@id\":\"https:\\\/\\\/aktialiiga.fi\\\/miehet\\\/#\\\/schema\\\/logo\\\/image\\\/\"},\"sameAs\":[\"https:\\\/\\\/www.facebook.com\\\/finnhandball\",\"https:\\\/\\\/x.com\\\/finnhandball\",\"https:\\\/\\\/www.instagram.com\\\/handballfinland\\\/\"]},{\"@type\":\"Person\",\"@id\":\"https:\\\/\\\/aktialiiga.fi\\\/miehet\\\/#\\\/schema\\\/person\\\/c14bf42f47041db74603c45afcb18d87\",\"name\":\"tbrmedia\",\"image\":{\"@type\":\"ImageObject\",\"inLanguage\":\"fi\",\"@id\":\"https:\\\/\\\/secure.gravatar.com\\\/avatar\\\/ee975fa091fe581d12b60debb3439022686618368a7c142044c56724d4666b16?s=96&d=mm&r=g\",\"url\":\"https:\\\/\\\/secure.gravatar.com\\\/avatar\\\/ee975fa091fe581d12b60debb3439022686618368a7c142044c56724d4666b16?s=96&d=mm&r=g\",\"contentUrl\":\"https:\\\/\\\/secure.gravatar.com\\\/avatar\\\/ee975fa091fe581d12b60debb3439022686618368a7c142044c56724d4666b16?s=96&d=mm&r=g\",\"caption\":\"tbrmedia\"}}]}<\/script>\n<!-- \/ Yoast SEO plugin. -->","yoast_head_json":{"title":"V\u00e4lier\u00e4t SM-liigassa k\u00e4yntiin lauantaina | K\u00e4sipallon miesten Aktialiiga","robots":{"index":"index","follow":"follow","max-snippet":"max-snippet:-1","max-image-preview":"max-image-preview:large","max-video-preview":"max-video-preview:-1"},"canonical":"https:\/\/aktialiiga.fi\/miehet\/2021-2022\/ennakot-kausi-21-22\/valierat-sm-liigassa-kayntiin-lauantaina\/","og_locale":"fi_FI","og_type":"article","og_title":"V\u00e4lier\u00e4t SM-liigassa k\u00e4yntiin lauantaina | K\u00e4sipallon miesten Aktialiiga","og_description":"SM-liigakausi l\u00e4hestyy huipennustaan ja v\u00e4lier\u00e4sarjat k\u00e4ynnistyv\u00e4t lauantaina 23.4. molempien otteluparien osalta. BK-46 is\u00e4nn\u00f6i Cocksia iltap\u00e4iv\u00e4ll\u00e4 joukkueitten ensimm\u00e4isess\u00e4 v\u00e4lier\u00e4kohtaamisessa Karjaan urheiluhallissa. Dicken ja GrIFK puolestaan avaavat oman v\u00e4lier\u00e4sarjansa Pirkkolassa illalla. SM-liigan v\u00e4lier\u00e4t pelataan paras viidest\u00e4 -j\u00e4rjestelm\u00e4ll\u00e4. Ensimm\u00e4iset ottelut pelataan lauantaina 23.4., sen j\u00e4lkeen pelataan keskiviikkona 27.4. ja lauantaina 30.4. sek\u00e4 tarvittaessa maanantaina 2.5. ja keskiviikkona 4.5. [&hellip;]","og_url":"https:\/\/aktialiiga.fi\/miehet\/2021-2022\/ennakot-kausi-21-22\/valierat-sm-liigassa-kayntiin-lauantaina\/","og_site_name":"K\u00e4sipallon miesten Aktialiiga","article_publisher":"https:\/\/www.facebook.com\/finnhandball","article_published_time":"2022-04-22T14:34:50+00:00","og_image":[{"width":1119,"height":468,"url":"https:\/\/i0.wp.com\/aktialiiga.fi\/miehet\/wp-content\/uploads\/sites\/5\/2022\/02\/BK46-Cocks_peli_2122b.jpg?fit=1119%2C468&ssl=1","type":"image\/jpeg"}],"author":"tbrmedia","twitter_card":"summary_large_image","twitter_creator":"@finnhandball","twitter_site":"@finnhandball","schema":{"@context":"https:\/\/schema.org","@graph":[{"@type":"Article","@id":"https:\/\/aktialiiga.fi\/miehet\/2021-2022\/ennakot-kausi-21-22\/valierat-sm-liigassa-kayntiin-lauantaina\/#article","isPartOf":{"@id":"https:\/\/aktialiiga.fi\/miehet\/2021-2022\/ennakot-kausi-21-22\/valierat-sm-liigassa-kayntiin-lauantaina\/"},"author":{"name":"tbrmedia","@id":"https:\/\/aktialiiga.fi\/miehet\/#\/schema\/person\/c14bf42f47041db74603c45afcb18d87"},"headline":"V\u00e4lier\u00e4t SM-liigassa k\u00e4yntiin lauantaina","datePublished":"2022-04-22T14:34:50+00:00","mainEntityOfPage":{"@id":"https:\/\/aktialiiga.fi\/miehet\/2021-2022\/ennakot-kausi-21-22\/valierat-sm-liigassa-kayntiin-lauantaina\/"},"wordCount":112,"publisher":{"@id":"https:\/\/aktialiiga.fi\/miehet\/#organization"},"image":{"@id":"https:\/\/aktialiiga.fi\/miehet\/2021-2022\/ennakot-kausi-21-22\/valierat-sm-liigassa-kayntiin-lauantaina\/#primaryimage"},"thumbnailUrl":"https:\/\/i0.wp.com\/aktialiiga.fi\/miehet\/wp-content\/uploads\/sites\/5\/2022\/02\/BK46-Cocks_peli_2122b.jpg?fit=1119%2C468&ssl=1","keywords":["BK-46","Cocks","Dicken","GrIFK"],"articleSection":["Ennakot"],"inLanguage":"fi"},{"@type":"WebPage","@id":"https:\/\/aktialiiga.fi\/miehet\/2021-2022\/ennakot-kausi-21-22\/valierat-sm-liigassa-kayntiin-lauantaina\/","url":"https:\/\/aktialiiga.fi\/miehet\/2021-2022\/ennakot-kausi-21-22\/valierat-sm-liigassa-kayntiin-lauantaina\/","name":"V\u00e4lier\u00e4t SM-liigassa k\u00e4yntiin lauantaina | K\u00e4sipallon miesten Aktialiiga","isPartOf":{"@id":"https:\/\/aktialiiga.fi\/miehet\/#website"},"primaryImageOfPage":{"@id":"https:\/\/aktialiiga.fi\/miehet\/2021-2022\/ennakot-kausi-21-22\/valierat-sm-liigassa-kayntiin-lauantaina\/#primaryimage"},"image":{"@id":"https:\/\/aktialiiga.fi\/miehet\/2021-2022\/ennakot-kausi-21-22\/valierat-sm-liigassa-kayntiin-lauantaina\/#primaryimage"},"thumbnailUrl":"https:\/\/i0.wp.com\/aktialiiga.fi\/miehet\/wp-content\/uploads\/sites\/5\/2022\/02\/BK46-Cocks_peli_2122b.jpg?fit=1119%2C468&ssl=1","datePublished":"2022-04-22T14:34:50+00:00","breadcrumb":{"@id":"https:\/\/aktialiiga.fi\/miehet\/2021-2022\/ennakot-kausi-21-22\/valierat-sm-liigassa-kayntiin-lauantaina\/#breadcrumb"},"inLanguage":"fi","potentialAction":[{"@type":"ReadAction","target":["https:\/\/aktialiiga.fi\/miehet\/2021-2022\/ennakot-kausi-21-22\/valierat-sm-liigassa-kayntiin-lauantaina\/"]}]},{"@type":"ImageObject","inLanguage":"fi","@id":"https:\/\/aktialiiga.fi\/miehet\/2021-2022\/ennakot-kausi-21-22\/valierat-sm-liigassa-kayntiin-lauantaina\/#primaryimage","url":"https:\/\/i0.wp.com\/aktialiiga.fi\/miehet\/wp-content\/uploads\/sites\/5\/2022\/02\/BK46-Cocks_peli_2122b.jpg?fit=1119%2C468&ssl=1","contentUrl":"https:\/\/i0.wp.com\/aktialiiga.fi\/miehet\/wp-content\/uploads\/sites\/5\/2022\/02\/BK46-Cocks_peli_2122b.jpg?fit=1119%2C468&ssl=1","width":1119,"height":468,"caption":"Bojan Zupanjac, Cocks ja Miska Henriksson #18 BK-46 k\u00e4sipallo Suomen Cup fiaali ottelussa BK-46 - Cocks Karjaan urtheilutalolla Karjaalla 5. helmikuuta 2022. (Kalle Parkkinen\/Newspix24)"},{"@type":"BreadcrumbList","@id":"https:\/\/aktialiiga.fi\/miehet\/2021-2022\/ennakot-kausi-21-22\/valierat-sm-liigassa-kayntiin-lauantaina\/#breadcrumb","itemListElement":[{"@type":"ListItem","position":1,"name":"Etusivu","item":"https:\/\/aktialiiga.fi\/miehet\/"},{"@type":"ListItem","position":2,"name":"V\u00e4lier\u00e4t SM-liigassa k\u00e4yntiin lauantaina"}]},{"@type":"WebSite","@id":"https:\/\/aktialiiga.fi\/miehet\/#website","url":"https:\/\/aktialiiga.fi\/miehet\/","name":"K\u00e4sipallon miesten Aktialiiga","description":"Valtakunnan vauhdikkainta palloilua!","publisher":{"@id":"https:\/\/aktialiiga.fi\/miehet\/#organization"},"potentialAction":[{"@type":"SearchAction","target":{"@type":"EntryPoint","urlTemplate":"https:\/\/aktialiiga.fi\/miehet\/?s={search_term_string}"},"query-input":{"@type":"PropertyValueSpecification","valueRequired":true,"valueName":"search_term_string"}}],"inLanguage":"fi"},{"@type":"Organization","@id":"https:\/\/aktialiiga.fi\/miehet\/#organization","name":"K\u00e4sipallon miesten Aktialiiga","url":"https:\/\/aktialiiga.fi\/miehet\/","logo":{"@type":"ImageObject","inLanguage":"fi","@id":"https:\/\/aktialiiga.fi\/miehet\/#\/schema\/logo\/image\/","url":"https:\/\/i0.wp.com\/aktialiiga.fi\/miehet\/wp-content\/uploads\/sites\/5\/2024\/09\/Aktialiiga-Yoast-512.png?fit=512%2C512&ssl=1","contentUrl":"https:\/\/i0.wp.com\/aktialiiga.fi\/miehet\/wp-content\/uploads\/sites\/5\/2024\/09\/Aktialiiga-Yoast-512.png?fit=512%2C512&ssl=1","width":512,"height":512,"caption":"K\u00e4sipallon miesten Aktialiiga"},"image":{"@id":"https:\/\/aktialiiga.fi\/miehet\/#\/schema\/logo\/image\/"},"sameAs":["https:\/\/www.facebook.com\/finnhandball","https:\/\/x.com\/finnhandball","https:\/\/www.instagram.com\/handballfinland\/"]},{"@type":"Person","@id":"https:\/\/aktialiiga.fi\/miehet\/#\/schema\/person\/c14bf42f47041db74603c45afcb18d87","name":"tbrmedia","image":{"@type":"ImageObject","inLanguage":"fi","@id":"https:\/\/secure.gravatar.com\/avatar\/ee975fa091fe581d12b60debb3439022686618368a7c142044c56724d4666b16?s=96&d=mm&r=g","url":"https:\/\/secure.gravatar.com\/avatar\/ee975fa091fe581d12b60debb3439022686618368a7c142044c56724d4666b16?s=96&d=mm&r=g","contentUrl":"https:\/\/secure.gravatar.com\/avatar\/ee975fa091fe581d12b60debb3439022686618368a7c142044c56724d4666b16?s=96&d=mm&r=g","caption":"tbrmedia"}}]}},"jetpack_featured_media_url":"https:\/\/i0.wp.com\/aktialiiga.fi\/miehet\/wp-content\/uploads\/sites\/5\/2022\/02\/BK46-Cocks_peli_2122b.jpg?fit=1119%2C468&ssl=1","jetpack_sharing_enabled":true,"jetpack_shortlink":"https:\/\/wp.me\/pfTxOr-979","_links":{"self":[{"href":"https:\/\/aktialiiga.fi\/miehet\/wp-json\/wp\/v2\/posts\/35039","targetHints":{"allow":["GET"]}}],"collection":[{"href":"https:\/\/aktialiiga.fi\/miehet\/wp-json\/wp\/v2\/posts"}],"about":[{"href":"https:\/\/aktialiiga.fi\/miehet\/wp-json\/wp\/v2\/types\/post"}],"author":[{"embeddable":true,"href":"https:\/\/aktialiiga.fi\/miehet\/wp-json\/wp\/v2\/users\/13"}],"replies":[{"embeddable":true,"href":"https:\/\/aktialiiga.fi\/miehet\/wp-json\/wp\/v2\/comments?post=35039"}],"version-history":[{"count":0,"href":"https:\/\/aktialiiga.fi\/miehet\/wp-json\/wp\/v2\/posts\/35039\/revisions"}],"wp:featuredmedia":[{"embeddable":true,"href":"https:\/\/aktialiiga.fi\/miehet\/wp-json\/wp\/v2\/media\/34407"}],"wp:attachment":[{"href":"https:\/\/aktialiiga.fi\/miehet\/wp-json\/wp\/v2\/media?parent=35039"}],"wp:term":[{"taxonomy":"category","embeddable":true,"href":"https:\/\/aktialiiga.fi\/miehet\/wp-json\/wp\/v2\/categories?post=35039"},{"taxonomy":"post_tag","embeddable":true,"href":"https:\/\/aktialiiga.fi\/miehet\/wp-json\/wp\/v2\/tags?post=35039"}],"curies":[{"name":"wp","href":"https:\/\/api.w.org\/{rel}","templated":true}]}}