{"id":35188,"date":"2022-05-04T09:33:04","date_gmt":"2022-05-04T06:33:04","guid":{"rendered":"https:\/\/aktialiiga.fi\/miehet\/?p=35188"},"modified":"2022-05-04T09:33:04","modified_gmt":"2022-05-04T06:33:04","slug":"kamppailu-pronssista-alkaa-keskiviikkona","status":"publish","type":"post","link":"https:\/\/aktialiiga.fi\/miehet\/2021-2022\/ennakot-kausi-21-22\/kamppailu-pronssista-alkaa-keskiviikkona\/","title":{"rendered":"Kamppailu pronssista alkaa keskiviikkona"},"content":{"rendered":"<p>SM-liigan kauden 2021-22 pronssimitaleiden kohtalo ratkeaa Cocksin ja GrIFK:n v\u00e4lill\u00e4 ja ensimm\u00e4inen pronssiottelu pelataan keskiviikkona 4.5.<\/p>\n<p>Joukkueet kohtaavat keskiviikkona Riihim\u00e4ell\u00e4 ja toistamiseen perjantaina 6.5. Kauniaisissa. Pronssin kohtalo ratkaistaan aiemmilta kausilta tuttuun tapaan kahden ottelun yhteistuloksen perusteella.<\/p>\n<p>Pronssiotteluissa kohtaavat aina kaksi pettynytt\u00e4 joukkuetta. Cocks ja Grani k\u00e4rsiv\u00e4t kumpikin v\u00e4lier\u00e4sarjassaan puhtaan 0-3-tappion, mutta samalla molemmat n\u00e4yttiv\u00e4t, ett\u00e4 erot SM-liigan k\u00e4rjess\u00e4 eiv\u00e4t ole suuret.<\/p>\n<p>Pronssi kiinnostaa varmasti useamman vuoden mitaleitta pelannutta Grania ja yht\u00e4 lailla Cocks haluaa saada kaudesta jotain konkreettista menestyst\u00e4 vasta v\u00e4lierien alla per\u00e4simeen tarttuneen Lasse Boesenin johdolla.<\/p>\n<p>Runkosarjassa Cocks voitti molemmat ottelunsa Grania vastaan, mutta jatkosarjassa asetelmat k\u00e4\u00e4ntyiv\u00e4t p\u00e4\u00e4laelleen. GrIFK voitti kaikki kolme ottelua, ja ohitti sarjataulukossa Cocksin, joka j\u00e4i ylemm\u00e4n jatkosarjan jumboksi. T\u00e4st\u00e4 huolimatta GrIFK saa toimia pronssipeleiss\u00e4 j\u00e4lleen haastajan roolissa. Cocksin peli v\u00e4lieriss\u00e4 BK-46:tta vastaan parani jatkuvasti.<\/p>\n<p><strong>SM-liigan 1. pronssiottelu:<\/strong><br \/>\nKe 4.5. klo 18.30 Cocks &#8211; GrIFK<\/p>\n<p>Kauden kaikki ottelut suorana <strong><a href=\"https:\/\/solidsport.com\/handisliiga\" target=\"_blank\" rel=\"noopener\">SolidSportilla<\/a><\/strong>.<\/p>\n","protected":false},"excerpt":{"rendered":"<p>SM-liigan kauden 2021-22 pronssimitaleiden kohtalo ratkeaa Cocksin ja GrIFK:n v\u00e4lill\u00e4 ja ensimm\u00e4inen pronssiottelu pelataan keskiviikkona 4.5. Joukkueet kohtaavat keskiviikkona Riihim\u00e4ell\u00e4 ja toistamiseen perjantaina 6.5. Kauniaisissa. Pronssin kohtalo ratkaistaan aiemmilta kausilta tuttuun tapaan kahden ottelun yhteistuloksen perusteella. Pronssiotteluissa kohtaavat aina kaksi pettynytt\u00e4 joukkuetta. Cocks ja Grani k\u00e4rsiv\u00e4t kumpikin v\u00e4lier\u00e4sarjassaan puhtaan 0-3-tappion, mutta samalla molemmat n\u00e4yttiv\u00e4t, ett\u00e4 [&hellip;]<\/p>\n","protected":false},"author":13,"featured_media":30228,"comment_status":"closed","ping_status":"closed","sticky":false,"template":"","format":"standard","meta":{"_acf_changed":false,"jetpack_post_was_ever_published":false,"_jetpack_newsletter_access":"","_jetpack_dont_email_post_to_subs":false,"_jetpack_newsletter_tier_id":0,"_jetpack_memberships_contains_paywalled_content":false,"_jetpack_memberships_contains_paid_content":false,"footnotes":""},"categories":[264],"tags":[57,64],"class_list":["post-35188","post","type-post","status-publish","format-standard","has-post-thumbnail","hentry","category-ennakot-kausi-21-22","tag-cocks","tag-grifk"],"acf":[],"yoast_head":"<!-- This site is optimized with the Yoast SEO plugin v27.5 - https:\/\/yoast.com\/product\/yoast-seo-wordpress\/ -->\n<title>Kamppailu pronssista alkaa keskiviikkona | K\u00e4sipallon miesten Aktialiiga<\/title>\n<meta name=\"robots\" content=\"index, follow, max-snippet:-1, max-image-preview:large, max-video-preview:-1\" \/>\n<link rel=\"canonical\" href=\"https:\/\/aktialiiga.fi\/miehet\/2021-2022\/ennakot-kausi-21-22\/kamppailu-pronssista-alkaa-keskiviikkona\/\" \/>\n<meta property=\"og:locale\" content=\"fi_FI\" \/>\n<meta property=\"og:type\" content=\"article\" \/>\n<meta property=\"og:title\" content=\"Kamppailu pronssista alkaa keskiviikkona | K\u00e4sipallon miesten Aktialiiga\" \/>\n<meta property=\"og:description\" content=\"SM-liigan kauden 2021-22 pronssimitaleiden kohtalo ratkeaa Cocksin ja GrIFK:n v\u00e4lill\u00e4 ja ensimm\u00e4inen pronssiottelu pelataan keskiviikkona 4.5. Joukkueet kohtaavat keskiviikkona Riihim\u00e4ell\u00e4 ja toistamiseen perjantaina 6.5. Kauniaisissa. Pronssin kohtalo ratkaistaan aiemmilta kausilta tuttuun tapaan kahden ottelun yhteistuloksen perusteella. Pronssiotteluissa kohtaavat aina kaksi pettynytt\u00e4 joukkuetta. Cocks ja Grani k\u00e4rsiv\u00e4t kumpikin v\u00e4lier\u00e4sarjassaan puhtaan 0-3-tappion, mutta samalla molemmat n\u00e4yttiv\u00e4t, ett\u00e4 [&hellip;]\" \/>\n<meta property=\"og:url\" content=\"https:\/\/aktialiiga.fi\/miehet\/2021-2022\/ennakot-kausi-21-22\/kamppailu-pronssista-alkaa-keskiviikkona\/\" \/>\n<meta property=\"og:site_name\" content=\"K\u00e4sipallon miesten Aktialiiga\" \/>\n<meta property=\"article:publisher\" content=\"https:\/\/www.facebook.com\/finnhandball\" \/>\n<meta property=\"article:published_time\" content=\"2022-05-04T06:33:04+00:00\" \/>\n<meta property=\"og:image\" content=\"https:\/\/i0.wp.com\/aktialiiga.fi\/miehet\/wp-content\/uploads\/sites\/5\/2021\/10\/Cocks_Tamminen_Teemu_2122b.jpg?fit=896%2C376&ssl=1\" \/>\n\t<meta property=\"og:image:width\" content=\"896\" \/>\n\t<meta property=\"og:image:height\" content=\"376\" \/>\n\t<meta property=\"og:image:type\" content=\"image\/jpeg\" \/>\n<meta name=\"author\" content=\"tbrmedia\" \/>\n<meta name=\"twitter:card\" content=\"summary_large_image\" \/>\n<meta name=\"twitter:creator\" content=\"@finnhandball\" \/>\n<meta name=\"twitter:site\" content=\"@finnhandball\" \/>\n<script type=\"application\/ld+json\" class=\"yoast-schema-graph\">{\"@context\":\"https:\\\/\\\/schema.org\",\"@graph\":[{\"@type\":\"Article\",\"@id\":\"https:\\\/\\\/aktialiiga.fi\\\/miehet\\\/2021-2022\\\/ennakot-kausi-21-22\\\/kamppailu-pronssista-alkaa-keskiviikkona\\\/#article\",\"isPartOf\":{\"@id\":\"https:\\\/\\\/aktialiiga.fi\\\/miehet\\\/2021-2022\\\/ennakot-kausi-21-22\\\/kamppailu-pronssista-alkaa-keskiviikkona\\\/\"},\"author\":{\"name\":\"tbrmedia\",\"@id\":\"https:\\\/\\\/aktialiiga.fi\\\/miehet\\\/#\\\/schema\\\/person\\\/c14bf42f47041db74603c45afcb18d87\"},\"headline\":\"Kamppailu pronssista alkaa keskiviikkona\",\"datePublished\":\"2022-05-04T06:33:04+00:00\",\"mainEntityOfPage\":{\"@id\":\"https:\\\/\\\/aktialiiga.fi\\\/miehet\\\/2021-2022\\\/ennakot-kausi-21-22\\\/kamppailu-pronssista-alkaa-keskiviikkona\\\/\"},\"wordCount\":167,\"publisher\":{\"@id\":\"https:\\\/\\\/aktialiiga.fi\\\/miehet\\\/#organization\"},\"image\":{\"@id\":\"https:\\\/\\\/aktialiiga.fi\\\/miehet\\\/2021-2022\\\/ennakot-kausi-21-22\\\/kamppailu-pronssista-alkaa-keskiviikkona\\\/#primaryimage\"},\"thumbnailUrl\":\"https:\\\/\\\/i0.wp.com\\\/aktialiiga.fi\\\/miehet\\\/wp-content\\\/uploads\\\/sites\\\/5\\\/2021\\\/10\\\/Cocks_Tamminen_Teemu_2122b.jpg?fit=896%2C376&ssl=1\",\"keywords\":[\"Cocks\",\"GrIFK\"],\"articleSection\":[\"Ennakot\"],\"inLanguage\":\"fi\"},{\"@type\":\"WebPage\",\"@id\":\"https:\\\/\\\/aktialiiga.fi\\\/miehet\\\/2021-2022\\\/ennakot-kausi-21-22\\\/kamppailu-pronssista-alkaa-keskiviikkona\\\/\",\"url\":\"https:\\\/\\\/aktialiiga.fi\\\/miehet\\\/2021-2022\\\/ennakot-kausi-21-22\\\/kamppailu-pronssista-alkaa-keskiviikkona\\\/\",\"name\":\"Kamppailu pronssista alkaa keskiviikkona | K\u00e4sipallon miesten Aktialiiga\",\"isPartOf\":{\"@id\":\"https:\\\/\\\/aktialiiga.fi\\\/miehet\\\/#website\"},\"primaryImageOfPage\":{\"@id\":\"https:\\\/\\\/aktialiiga.fi\\\/miehet\\\/2021-2022\\\/ennakot-kausi-21-22\\\/kamppailu-pronssista-alkaa-keskiviikkona\\\/#primaryimage\"},\"image\":{\"@id\":\"https:\\\/\\\/aktialiiga.fi\\\/miehet\\\/2021-2022\\\/ennakot-kausi-21-22\\\/kamppailu-pronssista-alkaa-keskiviikkona\\\/#primaryimage\"},\"thumbnailUrl\":\"https:\\\/\\\/i0.wp.com\\\/aktialiiga.fi\\\/miehet\\\/wp-content\\\/uploads\\\/sites\\\/5\\\/2021\\\/10\\\/Cocks_Tamminen_Teemu_2122b.jpg?fit=896%2C376&ssl=1\",\"datePublished\":\"2022-05-04T06:33:04+00:00\",\"breadcrumb\":{\"@id\":\"https:\\\/\\\/aktialiiga.fi\\\/miehet\\\/2021-2022\\\/ennakot-kausi-21-22\\\/kamppailu-pronssista-alkaa-keskiviikkona\\\/#breadcrumb\"},\"inLanguage\":\"fi\",\"potentialAction\":[{\"@type\":\"ReadAction\",\"target\":[\"https:\\\/\\\/aktialiiga.fi\\\/miehet\\\/2021-2022\\\/ennakot-kausi-21-22\\\/kamppailu-pronssista-alkaa-keskiviikkona\\\/\"]}]},{\"@type\":\"ImageObject\",\"inLanguage\":\"fi\",\"@id\":\"https:\\\/\\\/aktialiiga.fi\\\/miehet\\\/2021-2022\\\/ennakot-kausi-21-22\\\/kamppailu-pronssista-alkaa-keskiviikkona\\\/#primaryimage\",\"url\":\"https:\\\/\\\/i0.wp.com\\\/aktialiiga.fi\\\/miehet\\\/wp-content\\\/uploads\\\/sites\\\/5\\\/2021\\\/10\\\/Cocks_Tamminen_Teemu_2122b.jpg?fit=896%2C376&ssl=1\",\"contentUrl\":\"https:\\\/\\\/i0.wp.com\\\/aktialiiga.fi\\\/miehet\\\/wp-content\\\/uploads\\\/sites\\\/5\\\/2021\\\/10\\\/Cocks_Tamminen_Teemu_2122b.jpg?fit=896%2C376&ssl=1\",\"width\":896,\"height\":376,\"caption\":\"Teemu Tamminen, Cocks k\u00e4sipallon miesten SM-liigan ottelussa Cocks - HC Tallinn Cocks Areena 25. syyskuuta 2021. (Kalle Parkkinen\\\/Newspix24)\"},{\"@type\":\"BreadcrumbList\",\"@id\":\"https:\\\/\\\/aktialiiga.fi\\\/miehet\\\/2021-2022\\\/ennakot-kausi-21-22\\\/kamppailu-pronssista-alkaa-keskiviikkona\\\/#breadcrumb\",\"itemListElement\":[{\"@type\":\"ListItem\",\"position\":1,\"name\":\"Etusivu\",\"item\":\"https:\\\/\\\/aktialiiga.fi\\\/miehet\\\/\"},{\"@type\":\"ListItem\",\"position\":2,\"name\":\"Kamppailu pronssista alkaa keskiviikkona\"}]},{\"@type\":\"WebSite\",\"@id\":\"https:\\\/\\\/aktialiiga.fi\\\/miehet\\\/#website\",\"url\":\"https:\\\/\\\/aktialiiga.fi\\\/miehet\\\/\",\"name\":\"K\u00e4sipallon miesten Aktialiiga\",\"description\":\"Valtakunnan vauhdikkainta palloilua!\",\"publisher\":{\"@id\":\"https:\\\/\\\/aktialiiga.fi\\\/miehet\\\/#organization\"},\"potentialAction\":[{\"@type\":\"SearchAction\",\"target\":{\"@type\":\"EntryPoint\",\"urlTemplate\":\"https:\\\/\\\/aktialiiga.fi\\\/miehet\\\/?s={search_term_string}\"},\"query-input\":{\"@type\":\"PropertyValueSpecification\",\"valueRequired\":true,\"valueName\":\"search_term_string\"}}],\"inLanguage\":\"fi\"},{\"@type\":\"Organization\",\"@id\":\"https:\\\/\\\/aktialiiga.fi\\\/miehet\\\/#organization\",\"name\":\"K\u00e4sipallon miesten Aktialiiga\",\"url\":\"https:\\\/\\\/aktialiiga.fi\\\/miehet\\\/\",\"logo\":{\"@type\":\"ImageObject\",\"inLanguage\":\"fi\",\"@id\":\"https:\\\/\\\/aktialiiga.fi\\\/miehet\\\/#\\\/schema\\\/logo\\\/image\\\/\",\"url\":\"https:\\\/\\\/i0.wp.com\\\/aktialiiga.fi\\\/miehet\\\/wp-content\\\/uploads\\\/sites\\\/5\\\/2024\\\/09\\\/Aktialiiga-Yoast-512.png?fit=512%2C512&ssl=1\",\"contentUrl\":\"https:\\\/\\\/i0.wp.com\\\/aktialiiga.fi\\\/miehet\\\/wp-content\\\/uploads\\\/sites\\\/5\\\/2024\\\/09\\\/Aktialiiga-Yoast-512.png?fit=512%2C512&ssl=1\",\"width\":512,\"height\":512,\"caption\":\"K\u00e4sipallon miesten Aktialiiga\"},\"image\":{\"@id\":\"https:\\\/\\\/aktialiiga.fi\\\/miehet\\\/#\\\/schema\\\/logo\\\/image\\\/\"},\"sameAs\":[\"https:\\\/\\\/www.facebook.com\\\/finnhandball\",\"https:\\\/\\\/x.com\\\/finnhandball\",\"https:\\\/\\\/www.instagram.com\\\/handballfinland\\\/\"]},{\"@type\":\"Person\",\"@id\":\"https:\\\/\\\/aktialiiga.fi\\\/miehet\\\/#\\\/schema\\\/person\\\/c14bf42f47041db74603c45afcb18d87\",\"name\":\"tbrmedia\",\"image\":{\"@type\":\"ImageObject\",\"inLanguage\":\"fi\",\"@id\":\"https:\\\/\\\/secure.gravatar.com\\\/avatar\\\/ee975fa091fe581d12b60debb3439022686618368a7c142044c56724d4666b16?s=96&d=mm&r=g\",\"url\":\"https:\\\/\\\/secure.gravatar.com\\\/avatar\\\/ee975fa091fe581d12b60debb3439022686618368a7c142044c56724d4666b16?s=96&d=mm&r=g\",\"contentUrl\":\"https:\\\/\\\/secure.gravatar.com\\\/avatar\\\/ee975fa091fe581d12b60debb3439022686618368a7c142044c56724d4666b16?s=96&d=mm&r=g\",\"caption\":\"tbrmedia\"}}]}<\/script>\n<!-- \/ Yoast SEO plugin. -->","yoast_head_json":{"title":"Kamppailu pronssista alkaa keskiviikkona | K\u00e4sipallon miesten Aktialiiga","robots":{"index":"index","follow":"follow","max-snippet":"max-snippet:-1","max-image-preview":"max-image-preview:large","max-video-preview":"max-video-preview:-1"},"canonical":"https:\/\/aktialiiga.fi\/miehet\/2021-2022\/ennakot-kausi-21-22\/kamppailu-pronssista-alkaa-keskiviikkona\/","og_locale":"fi_FI","og_type":"article","og_title":"Kamppailu pronssista alkaa keskiviikkona | K\u00e4sipallon miesten Aktialiiga","og_description":"SM-liigan kauden 2021-22 pronssimitaleiden kohtalo ratkeaa Cocksin ja GrIFK:n v\u00e4lill\u00e4 ja ensimm\u00e4inen pronssiottelu pelataan keskiviikkona 4.5. Joukkueet kohtaavat keskiviikkona Riihim\u00e4ell\u00e4 ja toistamiseen perjantaina 6.5. Kauniaisissa. Pronssin kohtalo ratkaistaan aiemmilta kausilta tuttuun tapaan kahden ottelun yhteistuloksen perusteella. Pronssiotteluissa kohtaavat aina kaksi pettynytt\u00e4 joukkuetta. Cocks ja Grani k\u00e4rsiv\u00e4t kumpikin v\u00e4lier\u00e4sarjassaan puhtaan 0-3-tappion, mutta samalla molemmat n\u00e4yttiv\u00e4t, ett\u00e4 [&hellip;]","og_url":"https:\/\/aktialiiga.fi\/miehet\/2021-2022\/ennakot-kausi-21-22\/kamppailu-pronssista-alkaa-keskiviikkona\/","og_site_name":"K\u00e4sipallon miesten Aktialiiga","article_publisher":"https:\/\/www.facebook.com\/finnhandball","article_published_time":"2022-05-04T06:33:04+00:00","og_image":[{"width":896,"height":376,"url":"https:\/\/i0.wp.com\/aktialiiga.fi\/miehet\/wp-content\/uploads\/sites\/5\/2021\/10\/Cocks_Tamminen_Teemu_2122b.jpg?fit=896%2C376&ssl=1","type":"image\/jpeg"}],"author":"tbrmedia","twitter_card":"summary_large_image","twitter_creator":"@finnhandball","twitter_site":"@finnhandball","schema":{"@context":"https:\/\/schema.org","@graph":[{"@type":"Article","@id":"https:\/\/aktialiiga.fi\/miehet\/2021-2022\/ennakot-kausi-21-22\/kamppailu-pronssista-alkaa-keskiviikkona\/#article","isPartOf":{"@id":"https:\/\/aktialiiga.fi\/miehet\/2021-2022\/ennakot-kausi-21-22\/kamppailu-pronssista-alkaa-keskiviikkona\/"},"author":{"name":"tbrmedia","@id":"https:\/\/aktialiiga.fi\/miehet\/#\/schema\/person\/c14bf42f47041db74603c45afcb18d87"},"headline":"Kamppailu pronssista alkaa keskiviikkona","datePublished":"2022-05-04T06:33:04+00:00","mainEntityOfPage":{"@id":"https:\/\/aktialiiga.fi\/miehet\/2021-2022\/ennakot-kausi-21-22\/kamppailu-pronssista-alkaa-keskiviikkona\/"},"wordCount":167,"publisher":{"@id":"https:\/\/aktialiiga.fi\/miehet\/#organization"},"image":{"@id":"https:\/\/aktialiiga.fi\/miehet\/2021-2022\/ennakot-kausi-21-22\/kamppailu-pronssista-alkaa-keskiviikkona\/#primaryimage"},"thumbnailUrl":"https:\/\/i0.wp.com\/aktialiiga.fi\/miehet\/wp-content\/uploads\/sites\/5\/2021\/10\/Cocks_Tamminen_Teemu_2122b.jpg?fit=896%2C376&ssl=1","keywords":["Cocks","GrIFK"],"articleSection":["Ennakot"],"inLanguage":"fi"},{"@type":"WebPage","@id":"https:\/\/aktialiiga.fi\/miehet\/2021-2022\/ennakot-kausi-21-22\/kamppailu-pronssista-alkaa-keskiviikkona\/","url":"https:\/\/aktialiiga.fi\/miehet\/2021-2022\/ennakot-kausi-21-22\/kamppailu-pronssista-alkaa-keskiviikkona\/","name":"Kamppailu pronssista alkaa keskiviikkona | K\u00e4sipallon miesten Aktialiiga","isPartOf":{"@id":"https:\/\/aktialiiga.fi\/miehet\/#website"},"primaryImageOfPage":{"@id":"https:\/\/aktialiiga.fi\/miehet\/2021-2022\/ennakot-kausi-21-22\/kamppailu-pronssista-alkaa-keskiviikkona\/#primaryimage"},"image":{"@id":"https:\/\/aktialiiga.fi\/miehet\/2021-2022\/ennakot-kausi-21-22\/kamppailu-pronssista-alkaa-keskiviikkona\/#primaryimage"},"thumbnailUrl":"https:\/\/i0.wp.com\/aktialiiga.fi\/miehet\/wp-content\/uploads\/sites\/5\/2021\/10\/Cocks_Tamminen_Teemu_2122b.jpg?fit=896%2C376&ssl=1","datePublished":"2022-05-04T06:33:04+00:00","breadcrumb":{"@id":"https:\/\/aktialiiga.fi\/miehet\/2021-2022\/ennakot-kausi-21-22\/kamppailu-pronssista-alkaa-keskiviikkona\/#breadcrumb"},"inLanguage":"fi","potentialAction":[{"@type":"ReadAction","target":["https:\/\/aktialiiga.fi\/miehet\/2021-2022\/ennakot-kausi-21-22\/kamppailu-pronssista-alkaa-keskiviikkona\/"]}]},{"@type":"ImageObject","inLanguage":"fi","@id":"https:\/\/aktialiiga.fi\/miehet\/2021-2022\/ennakot-kausi-21-22\/kamppailu-pronssista-alkaa-keskiviikkona\/#primaryimage","url":"https:\/\/i0.wp.com\/aktialiiga.fi\/miehet\/wp-content\/uploads\/sites\/5\/2021\/10\/Cocks_Tamminen_Teemu_2122b.jpg?fit=896%2C376&ssl=1","contentUrl":"https:\/\/i0.wp.com\/aktialiiga.fi\/miehet\/wp-content\/uploads\/sites\/5\/2021\/10\/Cocks_Tamminen_Teemu_2122b.jpg?fit=896%2C376&ssl=1","width":896,"height":376,"caption":"Teemu Tamminen, Cocks k\u00e4sipallon miesten SM-liigan ottelussa Cocks - HC Tallinn Cocks Areena 25. syyskuuta 2021. (Kalle Parkkinen\/Newspix24)"},{"@type":"BreadcrumbList","@id":"https:\/\/aktialiiga.fi\/miehet\/2021-2022\/ennakot-kausi-21-22\/kamppailu-pronssista-alkaa-keskiviikkona\/#breadcrumb","itemListElement":[{"@type":"ListItem","position":1,"name":"Etusivu","item":"https:\/\/aktialiiga.fi\/miehet\/"},{"@type":"ListItem","position":2,"name":"Kamppailu pronssista alkaa keskiviikkona"}]},{"@type":"WebSite","@id":"https:\/\/aktialiiga.fi\/miehet\/#website","url":"https:\/\/aktialiiga.fi\/miehet\/","name":"K\u00e4sipallon miesten Aktialiiga","description":"Valtakunnan vauhdikkainta palloilua!","publisher":{"@id":"https:\/\/aktialiiga.fi\/miehet\/#organization"},"potentialAction":[{"@type":"SearchAction","target":{"@type":"EntryPoint","urlTemplate":"https:\/\/aktialiiga.fi\/miehet\/?s={search_term_string}"},"query-input":{"@type":"PropertyValueSpecification","valueRequired":true,"valueName":"search_term_string"}}],"inLanguage":"fi"},{"@type":"Organization","@id":"https:\/\/aktialiiga.fi\/miehet\/#organization","name":"K\u00e4sipallon miesten Aktialiiga","url":"https:\/\/aktialiiga.fi\/miehet\/","logo":{"@type":"ImageObject","inLanguage":"fi","@id":"https:\/\/aktialiiga.fi\/miehet\/#\/schema\/logo\/image\/","url":"https:\/\/i0.wp.com\/aktialiiga.fi\/miehet\/wp-content\/uploads\/sites\/5\/2024\/09\/Aktialiiga-Yoast-512.png?fit=512%2C512&ssl=1","contentUrl":"https:\/\/i0.wp.com\/aktialiiga.fi\/miehet\/wp-content\/uploads\/sites\/5\/2024\/09\/Aktialiiga-Yoast-512.png?fit=512%2C512&ssl=1","width":512,"height":512,"caption":"K\u00e4sipallon miesten Aktialiiga"},"image":{"@id":"https:\/\/aktialiiga.fi\/miehet\/#\/schema\/logo\/image\/"},"sameAs":["https:\/\/www.facebook.com\/finnhandball","https:\/\/x.com\/finnhandball","https:\/\/www.instagram.com\/handballfinland\/"]},{"@type":"Person","@id":"https:\/\/aktialiiga.fi\/miehet\/#\/schema\/person\/c14bf42f47041db74603c45afcb18d87","name":"tbrmedia","image":{"@type":"ImageObject","inLanguage":"fi","@id":"https:\/\/secure.gravatar.com\/avatar\/ee975fa091fe581d12b60debb3439022686618368a7c142044c56724d4666b16?s=96&d=mm&r=g","url":"https:\/\/secure.gravatar.com\/avatar\/ee975fa091fe581d12b60debb3439022686618368a7c142044c56724d4666b16?s=96&d=mm&r=g","contentUrl":"https:\/\/secure.gravatar.com\/avatar\/ee975fa091fe581d12b60debb3439022686618368a7c142044c56724d4666b16?s=96&d=mm&r=g","caption":"tbrmedia"}}]}},"jetpack_featured_media_url":"https:\/\/i0.wp.com\/aktialiiga.fi\/miehet\/wp-content\/uploads\/sites\/5\/2021\/10\/Cocks_Tamminen_Teemu_2122b.jpg?fit=896%2C376&ssl=1","jetpack_sharing_enabled":true,"jetpack_shortlink":"https:\/\/wp.me\/pfTxOr-99y","_links":{"self":[{"href":"https:\/\/aktialiiga.fi\/miehet\/wp-json\/wp\/v2\/posts\/35188","targetHints":{"allow":["GET"]}}],"collection":[{"href":"https:\/\/aktialiiga.fi\/miehet\/wp-json\/wp\/v2\/posts"}],"about":[{"href":"https:\/\/aktialiiga.fi\/miehet\/wp-json\/wp\/v2\/types\/post"}],"author":[{"embeddable":true,"href":"https:\/\/aktialiiga.fi\/miehet\/wp-json\/wp\/v2\/users\/13"}],"replies":[{"embeddable":true,"href":"https:\/\/aktialiiga.fi\/miehet\/wp-json\/wp\/v2\/comments?post=35188"}],"version-history":[{"count":0,"href":"https:\/\/aktialiiga.fi\/miehet\/wp-json\/wp\/v2\/posts\/35188\/revisions"}],"wp:featuredmedia":[{"embeddable":true,"href":"https:\/\/aktialiiga.fi\/miehet\/wp-json\/wp\/v2\/media\/30228"}],"wp:attachment":[{"href":"https:\/\/aktialiiga.fi\/miehet\/wp-json\/wp\/v2\/media?parent=35188"}],"wp:term":[{"taxonomy":"category","embeddable":true,"href":"https:\/\/aktialiiga.fi\/miehet\/wp-json\/wp\/v2\/categories?post=35188"},{"taxonomy":"post_tag","embeddable":true,"href":"https:\/\/aktialiiga.fi\/miehet\/wp-json\/wp\/v2\/tags?post=35188"}],"curies":[{"name":"wp","href":"https:\/\/api.w.org\/{rel}","templated":true}]}}