{"id":35388,"date":"2022-06-01T12:00:36","date_gmt":"2022-06-01T09:00:36","guid":{"rendered":"https:\/\/aktialiiga.fi\/miehet\/?p=35388"},"modified":"2022-06-01T12:00:36","modified_gmt":"2022-06-01T09:00:36","slug":"hifklla-juhlavuosi-pari-vahvistusta-viela-tulossa","status":"publish","type":"post","link":"https:\/\/aktialiiga.fi\/miehet\/ajankohtaista\/hifklla-juhlavuosi-pari-vahvistusta-viela-tulossa\/","title":{"rendered":"HIFK:lla juhlavuosi &#8211; pari vahvistusta viel\u00e4 tulossa"},"content":{"rendered":"<p>Vuonna 1897 perustettu HIFK juhlistaa lokakuussa 125-vuotista historiaansa.<\/p>\n<p>K\u00e4sipallon SM-sarjan perustajajoukkueisiin vuonna 1944 kuulunut HIFK pelaa miesten p\u00e4\u00e4sarjassa nyt 72. kauttaan. Tulevan kauden joukkue alkaa olla pitk\u00e4lti koossa, mutta joukkuetta t\u00e4ydennet\u00e4\u00e4n kahdella pelaajalla, joiden sopimukset julkaistaan ennen juhannusta. Lis\u00e4ksi liigaryhm\u00e4\u00e4n nostetaan omista junioreista kes\u00e4n aikana 4-5 pelaajaa A-juniorijoukkueesta.<\/p>\n<p><strong>HIFK:n liigamiehist\u00f6 kaudella 2022-23:<\/strong><\/p>\n<p><em>Maalivahdit<\/em>:<br \/>\nBogdan Klepa<br \/>\nKalle Alander<\/p>\n<p><em>Kentt\u00e4pelaajat<\/em>:<br \/>\nSamuel Alxandersson<br \/>\nViktor Gr\u00f6nmark<br \/>\nJoel Hagstr\u00f6m<br \/>\nVladimir Knopinskii<br \/>\nNicolas Reenp\u00e4\u00e4<br \/>\nEvgeniy Semenov<br \/>\nAliaksandr Tsitou<br \/>\nAndr\u00e9 Udd<br \/>\nOscar Udd<br \/>\nSamuli Vihavainen<\/p>\n<p><em>Valmennus<\/em>:<br \/>\nRostislav Grinishin<br \/>\nTomi Siv\u00e9n<br \/>\nRonny Zetterborg<br \/>\nRobert Lindholm<\/p>\n<p>&nbsp;<\/p>\n","protected":false},"excerpt":{"rendered":"<p>Vuonna 1897 perustettu HIFK juhlistaa lokakuussa 125-vuotista historiaansa. K\u00e4sipallon SM-sarjan perustajajoukkueisiin vuonna 1944 kuulunut HIFK pelaa miesten p\u00e4\u00e4sarjassa nyt 72. kauttaan. Tulevan kauden joukkue alkaa olla pitk\u00e4lti koossa, mutta joukkuetta t\u00e4ydennet\u00e4\u00e4n kahdella pelaajalla, joiden sopimukset julkaistaan ennen juhannusta. Lis\u00e4ksi liigaryhm\u00e4\u00e4n nostetaan omista junioreista kes\u00e4n aikana 4-5 pelaajaa A-juniorijoukkueesta. HIFK:n liigamiehist\u00f6 kaudella 2022-23: Maalivahdit: Bogdan Klepa [&hellip;]<\/p>\n","protected":false},"author":13,"featured_media":30639,"comment_status":"closed","ping_status":"closed","sticky":false,"template":"","format":"standard","meta":{"_acf_changed":false,"jetpack_post_was_ever_published":false,"_jetpack_newsletter_access":"","_jetpack_dont_email_post_to_subs":false,"_jetpack_newsletter_tier_id":0,"_jetpack_memberships_contains_paywalled_content":false,"_jetpack_memberships_contains_paid_content":false,"footnotes":""},"categories":[2],"tags":[71],"class_list":["post-35388","post","type-post","status-publish","format-standard","has-post-thumbnail","hentry","category-ajankohtaista","tag-hifk"],"acf":[],"yoast_head":"<!-- This site is optimized with the Yoast SEO plugin v27.5 - https:\/\/yoast.com\/product\/yoast-seo-wordpress\/ -->\n<title>HIFK:lla juhlavuosi - pari vahvistusta viel\u00e4 tulossa | K\u00e4sipallon miesten Aktialiiga<\/title>\n<meta name=\"robots\" content=\"index, follow, max-snippet:-1, max-image-preview:large, max-video-preview:-1\" \/>\n<link rel=\"canonical\" href=\"https:\/\/aktialiiga.fi\/miehet\/ajankohtaista\/hifklla-juhlavuosi-pari-vahvistusta-viela-tulossa\/\" \/>\n<meta property=\"og:locale\" content=\"fi_FI\" \/>\n<meta property=\"og:type\" content=\"article\" \/>\n<meta property=\"og:title\" content=\"HIFK:lla juhlavuosi - pari vahvistusta viel\u00e4 tulossa | K\u00e4sipallon miesten Aktialiiga\" \/>\n<meta property=\"og:description\" content=\"Vuonna 1897 perustettu HIFK juhlistaa lokakuussa 125-vuotista historiaansa. K\u00e4sipallon SM-sarjan perustajajoukkueisiin vuonna 1944 kuulunut HIFK pelaa miesten p\u00e4\u00e4sarjassa nyt 72. kauttaan. Tulevan kauden joukkue alkaa olla pitk\u00e4lti koossa, mutta joukkuetta t\u00e4ydennet\u00e4\u00e4n kahdella pelaajalla, joiden sopimukset julkaistaan ennen juhannusta. Lis\u00e4ksi liigaryhm\u00e4\u00e4n nostetaan omista junioreista kes\u00e4n aikana 4-5 pelaajaa A-juniorijoukkueesta. HIFK:n liigamiehist\u00f6 kaudella 2022-23: Maalivahdit: Bogdan Klepa [&hellip;]\" \/>\n<meta property=\"og:url\" content=\"https:\/\/aktialiiga.fi\/miehet\/ajankohtaista\/hifklla-juhlavuosi-pari-vahvistusta-viela-tulossa\/\" \/>\n<meta property=\"og:site_name\" content=\"K\u00e4sipallon miesten Aktialiiga\" \/>\n<meta property=\"article:publisher\" content=\"https:\/\/www.facebook.com\/finnhandball\" \/>\n<meta property=\"article:published_time\" content=\"2022-06-01T09:00:36+00:00\" \/>\n<meta property=\"og:image\" content=\"https:\/\/i0.wp.com\/aktialiiga.fi\/miehet\/wp-content\/uploads\/sites\/5\/2021\/10\/HIFK_Knopinskii_Vladimir_2122.jpg?fit=941%2C379&ssl=1\" \/>\n\t<meta property=\"og:image:width\" content=\"941\" \/>\n\t<meta property=\"og:image:height\" content=\"379\" \/>\n\t<meta property=\"og:image:type\" content=\"image\/jpeg\" \/>\n<meta name=\"author\" content=\"tbrmedia\" \/>\n<meta name=\"twitter:card\" content=\"summary_large_image\" \/>\n<meta name=\"twitter:creator\" content=\"@finnhandball\" \/>\n<meta name=\"twitter:site\" content=\"@finnhandball\" \/>\n<script type=\"application\/ld+json\" class=\"yoast-schema-graph\">{\"@context\":\"https:\\\/\\\/schema.org\",\"@graph\":[{\"@type\":\"Article\",\"@id\":\"https:\\\/\\\/aktialiiga.fi\\\/miehet\\\/ajankohtaista\\\/hifklla-juhlavuosi-pari-vahvistusta-viela-tulossa\\\/#article\",\"isPartOf\":{\"@id\":\"https:\\\/\\\/aktialiiga.fi\\\/miehet\\\/ajankohtaista\\\/hifklla-juhlavuosi-pari-vahvistusta-viela-tulossa\\\/\"},\"author\":{\"name\":\"tbrmedia\",\"@id\":\"https:\\\/\\\/aktialiiga.fi\\\/miehet\\\/#\\\/schema\\\/person\\\/c14bf42f47041db74603c45afcb18d87\"},\"headline\":\"HIFK:lla juhlavuosi &#8211; pari vahvistusta viel\u00e4 tulossa\",\"datePublished\":\"2022-06-01T09:00:36+00:00\",\"mainEntityOfPage\":{\"@id\":\"https:\\\/\\\/aktialiiga.fi\\\/miehet\\\/ajankohtaista\\\/hifklla-juhlavuosi-pari-vahvistusta-viela-tulossa\\\/\"},\"wordCount\":106,\"publisher\":{\"@id\":\"https:\\\/\\\/aktialiiga.fi\\\/miehet\\\/#organization\"},\"image\":{\"@id\":\"https:\\\/\\\/aktialiiga.fi\\\/miehet\\\/ajankohtaista\\\/hifklla-juhlavuosi-pari-vahvistusta-viela-tulossa\\\/#primaryimage\"},\"thumbnailUrl\":\"https:\\\/\\\/i0.wp.com\\\/aktialiiga.fi\\\/miehet\\\/wp-content\\\/uploads\\\/sites\\\/5\\\/2021\\\/10\\\/HIFK_Knopinskii_Vladimir_2122.jpg?fit=941%2C379&ssl=1\",\"keywords\":[\"HIFK\"],\"articleSection\":[\"Ajankohtaista\"],\"inLanguage\":\"fi\"},{\"@type\":\"WebPage\",\"@id\":\"https:\\\/\\\/aktialiiga.fi\\\/miehet\\\/ajankohtaista\\\/hifklla-juhlavuosi-pari-vahvistusta-viela-tulossa\\\/\",\"url\":\"https:\\\/\\\/aktialiiga.fi\\\/miehet\\\/ajankohtaista\\\/hifklla-juhlavuosi-pari-vahvistusta-viela-tulossa\\\/\",\"name\":\"HIFK:lla juhlavuosi - pari vahvistusta viel\u00e4 tulossa | K\u00e4sipallon miesten Aktialiiga\",\"isPartOf\":{\"@id\":\"https:\\\/\\\/aktialiiga.fi\\\/miehet\\\/#website\"},\"primaryImageOfPage\":{\"@id\":\"https:\\\/\\\/aktialiiga.fi\\\/miehet\\\/ajankohtaista\\\/hifklla-juhlavuosi-pari-vahvistusta-viela-tulossa\\\/#primaryimage\"},\"image\":{\"@id\":\"https:\\\/\\\/aktialiiga.fi\\\/miehet\\\/ajankohtaista\\\/hifklla-juhlavuosi-pari-vahvistusta-viela-tulossa\\\/#primaryimage\"},\"thumbnailUrl\":\"https:\\\/\\\/i0.wp.com\\\/aktialiiga.fi\\\/miehet\\\/wp-content\\\/uploads\\\/sites\\\/5\\\/2021\\\/10\\\/HIFK_Knopinskii_Vladimir_2122.jpg?fit=941%2C379&ssl=1\",\"datePublished\":\"2022-06-01T09:00:36+00:00\",\"breadcrumb\":{\"@id\":\"https:\\\/\\\/aktialiiga.fi\\\/miehet\\\/ajankohtaista\\\/hifklla-juhlavuosi-pari-vahvistusta-viela-tulossa\\\/#breadcrumb\"},\"inLanguage\":\"fi\",\"potentialAction\":[{\"@type\":\"ReadAction\",\"target\":[\"https:\\\/\\\/aktialiiga.fi\\\/miehet\\\/ajankohtaista\\\/hifklla-juhlavuosi-pari-vahvistusta-viela-tulossa\\\/\"]}]},{\"@type\":\"ImageObject\",\"inLanguage\":\"fi\",\"@id\":\"https:\\\/\\\/aktialiiga.fi\\\/miehet\\\/ajankohtaista\\\/hifklla-juhlavuosi-pari-vahvistusta-viela-tulossa\\\/#primaryimage\",\"url\":\"https:\\\/\\\/i0.wp.com\\\/aktialiiga.fi\\\/miehet\\\/wp-content\\\/uploads\\\/sites\\\/5\\\/2021\\\/10\\\/HIFK_Knopinskii_Vladimir_2122.jpg?fit=941%2C379&ssl=1\",\"contentUrl\":\"https:\\\/\\\/i0.wp.com\\\/aktialiiga.fi\\\/miehet\\\/wp-content\\\/uploads\\\/sites\\\/5\\\/2021\\\/10\\\/HIFK_Knopinskii_Vladimir_2122.jpg?fit=941%2C379&ssl=1\",\"width\":941,\"height\":379,\"caption\":\"Vladimir Knopinskii #22, Hifk K\u00e4sipallon miesten SM-liigan ottelussa Dicken - Hifk Pirkkolan palloiluhallissa 11. syyskuuta 2021. (Kalle Parkkinen\\\/Newspix24)\"},{\"@type\":\"BreadcrumbList\",\"@id\":\"https:\\\/\\\/aktialiiga.fi\\\/miehet\\\/ajankohtaista\\\/hifklla-juhlavuosi-pari-vahvistusta-viela-tulossa\\\/#breadcrumb\",\"itemListElement\":[{\"@type\":\"ListItem\",\"position\":1,\"name\":\"Etusivu\",\"item\":\"https:\\\/\\\/aktialiiga.fi\\\/miehet\\\/\"},{\"@type\":\"ListItem\",\"position\":2,\"name\":\"HIFK:lla juhlavuosi &#8211; pari vahvistusta viel\u00e4 tulossa\"}]},{\"@type\":\"WebSite\",\"@id\":\"https:\\\/\\\/aktialiiga.fi\\\/miehet\\\/#website\",\"url\":\"https:\\\/\\\/aktialiiga.fi\\\/miehet\\\/\",\"name\":\"K\u00e4sipallon miesten Aktialiiga\",\"description\":\"Valtakunnan vauhdikkainta palloilua!\",\"publisher\":{\"@id\":\"https:\\\/\\\/aktialiiga.fi\\\/miehet\\\/#organization\"},\"potentialAction\":[{\"@type\":\"SearchAction\",\"target\":{\"@type\":\"EntryPoint\",\"urlTemplate\":\"https:\\\/\\\/aktialiiga.fi\\\/miehet\\\/?s={search_term_string}\"},\"query-input\":{\"@type\":\"PropertyValueSpecification\",\"valueRequired\":true,\"valueName\":\"search_term_string\"}}],\"inLanguage\":\"fi\"},{\"@type\":\"Organization\",\"@id\":\"https:\\\/\\\/aktialiiga.fi\\\/miehet\\\/#organization\",\"name\":\"K\u00e4sipallon miesten Aktialiiga\",\"url\":\"https:\\\/\\\/aktialiiga.fi\\\/miehet\\\/\",\"logo\":{\"@type\":\"ImageObject\",\"inLanguage\":\"fi\",\"@id\":\"https:\\\/\\\/aktialiiga.fi\\\/miehet\\\/#\\\/schema\\\/logo\\\/image\\\/\",\"url\":\"https:\\\/\\\/i0.wp.com\\\/aktialiiga.fi\\\/miehet\\\/wp-content\\\/uploads\\\/sites\\\/5\\\/2024\\\/09\\\/Aktialiiga-Yoast-512.png?fit=512%2C512&ssl=1\",\"contentUrl\":\"https:\\\/\\\/i0.wp.com\\\/aktialiiga.fi\\\/miehet\\\/wp-content\\\/uploads\\\/sites\\\/5\\\/2024\\\/09\\\/Aktialiiga-Yoast-512.png?fit=512%2C512&ssl=1\",\"width\":512,\"height\":512,\"caption\":\"K\u00e4sipallon miesten Aktialiiga\"},\"image\":{\"@id\":\"https:\\\/\\\/aktialiiga.fi\\\/miehet\\\/#\\\/schema\\\/logo\\\/image\\\/\"},\"sameAs\":[\"https:\\\/\\\/www.facebook.com\\\/finnhandball\",\"https:\\\/\\\/x.com\\\/finnhandball\",\"https:\\\/\\\/www.instagram.com\\\/handballfinland\\\/\"]},{\"@type\":\"Person\",\"@id\":\"https:\\\/\\\/aktialiiga.fi\\\/miehet\\\/#\\\/schema\\\/person\\\/c14bf42f47041db74603c45afcb18d87\",\"name\":\"tbrmedia\",\"image\":{\"@type\":\"ImageObject\",\"inLanguage\":\"fi\",\"@id\":\"https:\\\/\\\/secure.gravatar.com\\\/avatar\\\/ee975fa091fe581d12b60debb3439022686618368a7c142044c56724d4666b16?s=96&d=mm&r=g\",\"url\":\"https:\\\/\\\/secure.gravatar.com\\\/avatar\\\/ee975fa091fe581d12b60debb3439022686618368a7c142044c56724d4666b16?s=96&d=mm&r=g\",\"contentUrl\":\"https:\\\/\\\/secure.gravatar.com\\\/avatar\\\/ee975fa091fe581d12b60debb3439022686618368a7c142044c56724d4666b16?s=96&d=mm&r=g\",\"caption\":\"tbrmedia\"}}]}<\/script>\n<!-- \/ Yoast SEO plugin. -->","yoast_head_json":{"title":"HIFK:lla juhlavuosi - pari vahvistusta viel\u00e4 tulossa | K\u00e4sipallon miesten Aktialiiga","robots":{"index":"index","follow":"follow","max-snippet":"max-snippet:-1","max-image-preview":"max-image-preview:large","max-video-preview":"max-video-preview:-1"},"canonical":"https:\/\/aktialiiga.fi\/miehet\/ajankohtaista\/hifklla-juhlavuosi-pari-vahvistusta-viela-tulossa\/","og_locale":"fi_FI","og_type":"article","og_title":"HIFK:lla juhlavuosi - pari vahvistusta viel\u00e4 tulossa | K\u00e4sipallon miesten Aktialiiga","og_description":"Vuonna 1897 perustettu HIFK juhlistaa lokakuussa 125-vuotista historiaansa. K\u00e4sipallon SM-sarjan perustajajoukkueisiin vuonna 1944 kuulunut HIFK pelaa miesten p\u00e4\u00e4sarjassa nyt 72. kauttaan. Tulevan kauden joukkue alkaa olla pitk\u00e4lti koossa, mutta joukkuetta t\u00e4ydennet\u00e4\u00e4n kahdella pelaajalla, joiden sopimukset julkaistaan ennen juhannusta. Lis\u00e4ksi liigaryhm\u00e4\u00e4n nostetaan omista junioreista kes\u00e4n aikana 4-5 pelaajaa A-juniorijoukkueesta. HIFK:n liigamiehist\u00f6 kaudella 2022-23: Maalivahdit: Bogdan Klepa [&hellip;]","og_url":"https:\/\/aktialiiga.fi\/miehet\/ajankohtaista\/hifklla-juhlavuosi-pari-vahvistusta-viela-tulossa\/","og_site_name":"K\u00e4sipallon miesten Aktialiiga","article_publisher":"https:\/\/www.facebook.com\/finnhandball","article_published_time":"2022-06-01T09:00:36+00:00","og_image":[{"width":941,"height":379,"url":"https:\/\/i0.wp.com\/aktialiiga.fi\/miehet\/wp-content\/uploads\/sites\/5\/2021\/10\/HIFK_Knopinskii_Vladimir_2122.jpg?fit=941%2C379&ssl=1","type":"image\/jpeg"}],"author":"tbrmedia","twitter_card":"summary_large_image","twitter_creator":"@finnhandball","twitter_site":"@finnhandball","schema":{"@context":"https:\/\/schema.org","@graph":[{"@type":"Article","@id":"https:\/\/aktialiiga.fi\/miehet\/ajankohtaista\/hifklla-juhlavuosi-pari-vahvistusta-viela-tulossa\/#article","isPartOf":{"@id":"https:\/\/aktialiiga.fi\/miehet\/ajankohtaista\/hifklla-juhlavuosi-pari-vahvistusta-viela-tulossa\/"},"author":{"name":"tbrmedia","@id":"https:\/\/aktialiiga.fi\/miehet\/#\/schema\/person\/c14bf42f47041db74603c45afcb18d87"},"headline":"HIFK:lla juhlavuosi &#8211; pari vahvistusta viel\u00e4 tulossa","datePublished":"2022-06-01T09:00:36+00:00","mainEntityOfPage":{"@id":"https:\/\/aktialiiga.fi\/miehet\/ajankohtaista\/hifklla-juhlavuosi-pari-vahvistusta-viela-tulossa\/"},"wordCount":106,"publisher":{"@id":"https:\/\/aktialiiga.fi\/miehet\/#organization"},"image":{"@id":"https:\/\/aktialiiga.fi\/miehet\/ajankohtaista\/hifklla-juhlavuosi-pari-vahvistusta-viela-tulossa\/#primaryimage"},"thumbnailUrl":"https:\/\/i0.wp.com\/aktialiiga.fi\/miehet\/wp-content\/uploads\/sites\/5\/2021\/10\/HIFK_Knopinskii_Vladimir_2122.jpg?fit=941%2C379&ssl=1","keywords":["HIFK"],"articleSection":["Ajankohtaista"],"inLanguage":"fi"},{"@type":"WebPage","@id":"https:\/\/aktialiiga.fi\/miehet\/ajankohtaista\/hifklla-juhlavuosi-pari-vahvistusta-viela-tulossa\/","url":"https:\/\/aktialiiga.fi\/miehet\/ajankohtaista\/hifklla-juhlavuosi-pari-vahvistusta-viela-tulossa\/","name":"HIFK:lla juhlavuosi - pari vahvistusta viel\u00e4 tulossa | K\u00e4sipallon miesten Aktialiiga","isPartOf":{"@id":"https:\/\/aktialiiga.fi\/miehet\/#website"},"primaryImageOfPage":{"@id":"https:\/\/aktialiiga.fi\/miehet\/ajankohtaista\/hifklla-juhlavuosi-pari-vahvistusta-viela-tulossa\/#primaryimage"},"image":{"@id":"https:\/\/aktialiiga.fi\/miehet\/ajankohtaista\/hifklla-juhlavuosi-pari-vahvistusta-viela-tulossa\/#primaryimage"},"thumbnailUrl":"https:\/\/i0.wp.com\/aktialiiga.fi\/miehet\/wp-content\/uploads\/sites\/5\/2021\/10\/HIFK_Knopinskii_Vladimir_2122.jpg?fit=941%2C379&ssl=1","datePublished":"2022-06-01T09:00:36+00:00","breadcrumb":{"@id":"https:\/\/aktialiiga.fi\/miehet\/ajankohtaista\/hifklla-juhlavuosi-pari-vahvistusta-viela-tulossa\/#breadcrumb"},"inLanguage":"fi","potentialAction":[{"@type":"ReadAction","target":["https:\/\/aktialiiga.fi\/miehet\/ajankohtaista\/hifklla-juhlavuosi-pari-vahvistusta-viela-tulossa\/"]}]},{"@type":"ImageObject","inLanguage":"fi","@id":"https:\/\/aktialiiga.fi\/miehet\/ajankohtaista\/hifklla-juhlavuosi-pari-vahvistusta-viela-tulossa\/#primaryimage","url":"https:\/\/i0.wp.com\/aktialiiga.fi\/miehet\/wp-content\/uploads\/sites\/5\/2021\/10\/HIFK_Knopinskii_Vladimir_2122.jpg?fit=941%2C379&ssl=1","contentUrl":"https:\/\/i0.wp.com\/aktialiiga.fi\/miehet\/wp-content\/uploads\/sites\/5\/2021\/10\/HIFK_Knopinskii_Vladimir_2122.jpg?fit=941%2C379&ssl=1","width":941,"height":379,"caption":"Vladimir Knopinskii #22, Hifk K\u00e4sipallon miesten SM-liigan ottelussa Dicken - Hifk Pirkkolan palloiluhallissa 11. syyskuuta 2021. (Kalle Parkkinen\/Newspix24)"},{"@type":"BreadcrumbList","@id":"https:\/\/aktialiiga.fi\/miehet\/ajankohtaista\/hifklla-juhlavuosi-pari-vahvistusta-viela-tulossa\/#breadcrumb","itemListElement":[{"@type":"ListItem","position":1,"name":"Etusivu","item":"https:\/\/aktialiiga.fi\/miehet\/"},{"@type":"ListItem","position":2,"name":"HIFK:lla juhlavuosi &#8211; pari vahvistusta viel\u00e4 tulossa"}]},{"@type":"WebSite","@id":"https:\/\/aktialiiga.fi\/miehet\/#website","url":"https:\/\/aktialiiga.fi\/miehet\/","name":"K\u00e4sipallon miesten Aktialiiga","description":"Valtakunnan vauhdikkainta palloilua!","publisher":{"@id":"https:\/\/aktialiiga.fi\/miehet\/#organization"},"potentialAction":[{"@type":"SearchAction","target":{"@type":"EntryPoint","urlTemplate":"https:\/\/aktialiiga.fi\/miehet\/?s={search_term_string}"},"query-input":{"@type":"PropertyValueSpecification","valueRequired":true,"valueName":"search_term_string"}}],"inLanguage":"fi"},{"@type":"Organization","@id":"https:\/\/aktialiiga.fi\/miehet\/#organization","name":"K\u00e4sipallon miesten Aktialiiga","url":"https:\/\/aktialiiga.fi\/miehet\/","logo":{"@type":"ImageObject","inLanguage":"fi","@id":"https:\/\/aktialiiga.fi\/miehet\/#\/schema\/logo\/image\/","url":"https:\/\/i0.wp.com\/aktialiiga.fi\/miehet\/wp-content\/uploads\/sites\/5\/2024\/09\/Aktialiiga-Yoast-512.png?fit=512%2C512&ssl=1","contentUrl":"https:\/\/i0.wp.com\/aktialiiga.fi\/miehet\/wp-content\/uploads\/sites\/5\/2024\/09\/Aktialiiga-Yoast-512.png?fit=512%2C512&ssl=1","width":512,"height":512,"caption":"K\u00e4sipallon miesten Aktialiiga"},"image":{"@id":"https:\/\/aktialiiga.fi\/miehet\/#\/schema\/logo\/image\/"},"sameAs":["https:\/\/www.facebook.com\/finnhandball","https:\/\/x.com\/finnhandball","https:\/\/www.instagram.com\/handballfinland\/"]},{"@type":"Person","@id":"https:\/\/aktialiiga.fi\/miehet\/#\/schema\/person\/c14bf42f47041db74603c45afcb18d87","name":"tbrmedia","image":{"@type":"ImageObject","inLanguage":"fi","@id":"https:\/\/secure.gravatar.com\/avatar\/ee975fa091fe581d12b60debb3439022686618368a7c142044c56724d4666b16?s=96&d=mm&r=g","url":"https:\/\/secure.gravatar.com\/avatar\/ee975fa091fe581d12b60debb3439022686618368a7c142044c56724d4666b16?s=96&d=mm&r=g","contentUrl":"https:\/\/secure.gravatar.com\/avatar\/ee975fa091fe581d12b60debb3439022686618368a7c142044c56724d4666b16?s=96&d=mm&r=g","caption":"tbrmedia"}}]}},"jetpack_featured_media_url":"https:\/\/i0.wp.com\/aktialiiga.fi\/miehet\/wp-content\/uploads\/sites\/5\/2021\/10\/HIFK_Knopinskii_Vladimir_2122.jpg?fit=941%2C379&ssl=1","jetpack_sharing_enabled":true,"jetpack_shortlink":"https:\/\/wp.me\/pfTxOr-9cM","_links":{"self":[{"href":"https:\/\/aktialiiga.fi\/miehet\/wp-json\/wp\/v2\/posts\/35388","targetHints":{"allow":["GET"]}}],"collection":[{"href":"https:\/\/aktialiiga.fi\/miehet\/wp-json\/wp\/v2\/posts"}],"about":[{"href":"https:\/\/aktialiiga.fi\/miehet\/wp-json\/wp\/v2\/types\/post"}],"author":[{"embeddable":true,"href":"https:\/\/aktialiiga.fi\/miehet\/wp-json\/wp\/v2\/users\/13"}],"replies":[{"embeddable":true,"href":"https:\/\/aktialiiga.fi\/miehet\/wp-json\/wp\/v2\/comments?post=35388"}],"version-history":[{"count":0,"href":"https:\/\/aktialiiga.fi\/miehet\/wp-json\/wp\/v2\/posts\/35388\/revisions"}],"wp:featuredmedia":[{"embeddable":true,"href":"https:\/\/aktialiiga.fi\/miehet\/wp-json\/wp\/v2\/media\/30639"}],"wp:attachment":[{"href":"https:\/\/aktialiiga.fi\/miehet\/wp-json\/wp\/v2\/media?parent=35388"}],"wp:term":[{"taxonomy":"category","embeddable":true,"href":"https:\/\/aktialiiga.fi\/miehet\/wp-json\/wp\/v2\/categories?post=35388"},{"taxonomy":"post_tag","embeddable":true,"href":"https:\/\/aktialiiga.fi\/miehet\/wp-json\/wp\/v2\/tags?post=35388"}],"curies":[{"name":"wp","href":"https:\/\/api.w.org\/{rel}","templated":true}]}}