{"id":35688,"date":"2022-08-14T21:48:56","date_gmt":"2022-08-14T18:48:56","guid":{"rendered":"https:\/\/aktialiiga.fi\/miehet\/?p=35688"},"modified":"2022-08-17T21:50:29","modified_gmt":"2022-08-17T18:50:29","slug":"cocks-nimesi-kapteeniston-kaudelle-2022-23","status":"publish","type":"post","link":"https:\/\/aktialiiga.fi\/miehet\/ajankohtaista\/cocks-nimesi-kapteeniston-kaudelle-2022-23\/","title":{"rendered":"Cocks nimesi kapteeniston kaudelle 2022-23"},"content":{"rendered":"<p>Cocks on valinnut kapteeninsa kaudelle 2022-2023. Cocksin valmentaja Christophe Viennet valitsi kapteenit.<\/p>\n<p>Kapteeniksi valittiin Teemu Tamminen ja vara-kapteeniksi Davor Basaric<\/p>\n<p>Kapteeniksi valittu Tamminen kommentoi valintaansa n\u00e4in seuran verkkosivuilla:<\/p>\n<p>&#8211; Iso juttu itselle jatkaa kapteenina ja viel\u00e4 valmentajan valitsemana. Meill\u00e4 on ensi kaudella tavoitteena tuoda SM-pokaali kotiin ja p\u00e4\u00e4st\u00e4 Eurooppa Liigan lohkovaiheeseen. Treeneiss\u00e4 on ollut hyv\u00e4 meininki ja itsellekkin on tullut paljon uutta oppia. Lis\u00e4ksi on ollut hauskaa ja my\u00f6s t\u00f6it\u00e4 on tehty paljon.<\/p>\n<p>Vara-kapteeniksi valittu Basaric puolestaan kertoo seuraavaa:<\/p>\n<p>&#8211; On kunnia p\u00e4\u00e4st\u00e4 johtamaan t\u00e4llaista joukkuetta. Olemme positiivisia ja valmiita t\u00f6ihin, ja yhdess\u00e4 Teemun kanssa pyrimme johtamaan joukkuetta hyvin. Haluamme taistella jokaisesta pallosta viimeiseen asti. Olin my\u00f6s kotimaassani kapteeni, mutta t\u00e4m\u00e4 on ehk\u00e4 jopa erityisemp\u00e4\u00e4 minulle. T\u00e4m\u00e4 on minulle kuudes kausi Riihim\u00e4ell\u00e4 ja yrit\u00e4n aina antaa kaikkeni kent\u00e4ll\u00e4, jotta voimme tehd\u00e4 lis\u00e4\u00e4 suomalaista k\u00e4sipallohistoriaa.<\/p>\n","protected":false},"excerpt":{"rendered":"<p>Cocks on valinnut kapteeninsa kaudelle 2022-2023. Cocksin valmentaja Christophe Viennet valitsi kapteenit. Kapteeniksi valittiin Teemu Tamminen ja vara-kapteeniksi Davor Basaric Kapteeniksi valittu Tamminen kommentoi valintaansa n\u00e4in seuran verkkosivuilla: &#8211; Iso juttu itselle jatkaa kapteenina ja viel\u00e4 valmentajan valitsemana. Meill\u00e4 on ensi kaudella tavoitteena tuoda SM-pokaali kotiin ja p\u00e4\u00e4st\u00e4 Eurooppa Liigan lohkovaiheeseen. Treeneiss\u00e4 on ollut hyv\u00e4 [&hellip;]<\/p>\n","protected":false},"author":13,"featured_media":30707,"comment_status":"closed","ping_status":"closed","sticky":false,"template":"","format":"standard","meta":{"_acf_changed":false,"jetpack_post_was_ever_published":false,"_jetpack_newsletter_access":"","_jetpack_dont_email_post_to_subs":false,"_jetpack_newsletter_tier_id":0,"_jetpack_memberships_contains_paywalled_content":false,"_jetpack_memberships_contains_paid_content":false,"footnotes":""},"categories":[2],"tags":[57],"class_list":["post-35688","post","type-post","status-publish","format-standard","has-post-thumbnail","hentry","category-ajankohtaista","tag-cocks"],"acf":[],"yoast_head":"<!-- This site is optimized with the Yoast SEO plugin v27.5 - https:\/\/yoast.com\/product\/yoast-seo-wordpress\/ -->\n<title>Cocks nimesi kapteeniston kaudelle 2022-23 | K\u00e4sipallon miesten Aktialiiga<\/title>\n<meta name=\"robots\" content=\"index, follow, max-snippet:-1, max-image-preview:large, max-video-preview:-1\" \/>\n<link rel=\"canonical\" href=\"https:\/\/aktialiiga.fi\/miehet\/ajankohtaista\/cocks-nimesi-kapteeniston-kaudelle-2022-23\/\" \/>\n<meta property=\"og:locale\" content=\"fi_FI\" \/>\n<meta property=\"og:type\" content=\"article\" \/>\n<meta property=\"og:title\" content=\"Cocks nimesi kapteeniston kaudelle 2022-23 | K\u00e4sipallon miesten Aktialiiga\" \/>\n<meta property=\"og:description\" content=\"Cocks on valinnut kapteeninsa kaudelle 2022-2023. Cocksin valmentaja Christophe Viennet valitsi kapteenit. Kapteeniksi valittiin Teemu Tamminen ja vara-kapteeniksi Davor Basaric Kapteeniksi valittu Tamminen kommentoi valintaansa n\u00e4in seuran verkkosivuilla: &#8211; Iso juttu itselle jatkaa kapteenina ja viel\u00e4 valmentajan valitsemana. Meill\u00e4 on ensi kaudella tavoitteena tuoda SM-pokaali kotiin ja p\u00e4\u00e4st\u00e4 Eurooppa Liigan lohkovaiheeseen. Treeneiss\u00e4 on ollut hyv\u00e4 [&hellip;]\" \/>\n<meta property=\"og:url\" content=\"https:\/\/aktialiiga.fi\/miehet\/ajankohtaista\/cocks-nimesi-kapteeniston-kaudelle-2022-23\/\" \/>\n<meta property=\"og:site_name\" content=\"K\u00e4sipallon miesten Aktialiiga\" \/>\n<meta property=\"article:publisher\" content=\"https:\/\/www.facebook.com\/finnhandball\" \/>\n<meta property=\"article:published_time\" content=\"2022-08-14T18:48:56+00:00\" \/>\n<meta property=\"article:modified_time\" content=\"2022-08-17T18:50:29+00:00\" \/>\n<meta property=\"og:image\" content=\"https:\/\/i0.wp.com\/aktialiiga.fi\/miehet\/wp-content\/uploads\/sites\/5\/2021\/11\/tamminen_teemu_cocks_21-21.jpg?fit=1200%2C772&ssl=1\" \/>\n\t<meta property=\"og:image:width\" content=\"1200\" \/>\n\t<meta property=\"og:image:height\" content=\"772\" \/>\n\t<meta property=\"og:image:type\" content=\"image\/jpeg\" \/>\n<meta name=\"author\" content=\"tbrmedia\" \/>\n<meta name=\"twitter:card\" content=\"summary_large_image\" \/>\n<meta name=\"twitter:creator\" content=\"@finnhandball\" \/>\n<meta name=\"twitter:site\" content=\"@finnhandball\" \/>\n<script type=\"application\/ld+json\" class=\"yoast-schema-graph\">{\"@context\":\"https:\\\/\\\/schema.org\",\"@graph\":[{\"@type\":\"Article\",\"@id\":\"https:\\\/\\\/aktialiiga.fi\\\/miehet\\\/ajankohtaista\\\/cocks-nimesi-kapteeniston-kaudelle-2022-23\\\/#article\",\"isPartOf\":{\"@id\":\"https:\\\/\\\/aktialiiga.fi\\\/miehet\\\/ajankohtaista\\\/cocks-nimesi-kapteeniston-kaudelle-2022-23\\\/\"},\"author\":{\"name\":\"tbrmedia\",\"@id\":\"https:\\\/\\\/aktialiiga.fi\\\/miehet\\\/#\\\/schema\\\/person\\\/c14bf42f47041db74603c45afcb18d87\"},\"headline\":\"Cocks nimesi kapteeniston kaudelle 2022-23\",\"datePublished\":\"2022-08-14T18:48:56+00:00\",\"dateModified\":\"2022-08-17T18:50:29+00:00\",\"mainEntityOfPage\":{\"@id\":\"https:\\\/\\\/aktialiiga.fi\\\/miehet\\\/ajankohtaista\\\/cocks-nimesi-kapteeniston-kaudelle-2022-23\\\/\"},\"wordCount\":154,\"publisher\":{\"@id\":\"https:\\\/\\\/aktialiiga.fi\\\/miehet\\\/#organization\"},\"image\":{\"@id\":\"https:\\\/\\\/aktialiiga.fi\\\/miehet\\\/ajankohtaista\\\/cocks-nimesi-kapteeniston-kaudelle-2022-23\\\/#primaryimage\"},\"thumbnailUrl\":\"https:\\\/\\\/i0.wp.com\\\/aktialiiga.fi\\\/miehet\\\/wp-content\\\/uploads\\\/sites\\\/5\\\/2021\\\/11\\\/tamminen_teemu_cocks_21-21.jpg?fit=1200%2C772&ssl=1\",\"keywords\":[\"Cocks\"],\"articleSection\":[\"Ajankohtaista\"],\"inLanguage\":\"fi\"},{\"@type\":\"WebPage\",\"@id\":\"https:\\\/\\\/aktialiiga.fi\\\/miehet\\\/ajankohtaista\\\/cocks-nimesi-kapteeniston-kaudelle-2022-23\\\/\",\"url\":\"https:\\\/\\\/aktialiiga.fi\\\/miehet\\\/ajankohtaista\\\/cocks-nimesi-kapteeniston-kaudelle-2022-23\\\/\",\"name\":\"Cocks nimesi kapteeniston kaudelle 2022-23 | K\u00e4sipallon miesten Aktialiiga\",\"isPartOf\":{\"@id\":\"https:\\\/\\\/aktialiiga.fi\\\/miehet\\\/#website\"},\"primaryImageOfPage\":{\"@id\":\"https:\\\/\\\/aktialiiga.fi\\\/miehet\\\/ajankohtaista\\\/cocks-nimesi-kapteeniston-kaudelle-2022-23\\\/#primaryimage\"},\"image\":{\"@id\":\"https:\\\/\\\/aktialiiga.fi\\\/miehet\\\/ajankohtaista\\\/cocks-nimesi-kapteeniston-kaudelle-2022-23\\\/#primaryimage\"},\"thumbnailUrl\":\"https:\\\/\\\/i0.wp.com\\\/aktialiiga.fi\\\/miehet\\\/wp-content\\\/uploads\\\/sites\\\/5\\\/2021\\\/11\\\/tamminen_teemu_cocks_21-21.jpg?fit=1200%2C772&ssl=1\",\"datePublished\":\"2022-08-14T18:48:56+00:00\",\"dateModified\":\"2022-08-17T18:50:29+00:00\",\"breadcrumb\":{\"@id\":\"https:\\\/\\\/aktialiiga.fi\\\/miehet\\\/ajankohtaista\\\/cocks-nimesi-kapteeniston-kaudelle-2022-23\\\/#breadcrumb\"},\"inLanguage\":\"fi\",\"potentialAction\":[{\"@type\":\"ReadAction\",\"target\":[\"https:\\\/\\\/aktialiiga.fi\\\/miehet\\\/ajankohtaista\\\/cocks-nimesi-kapteeniston-kaudelle-2022-23\\\/\"]}]},{\"@type\":\"ImageObject\",\"inLanguage\":\"fi\",\"@id\":\"https:\\\/\\\/aktialiiga.fi\\\/miehet\\\/ajankohtaista\\\/cocks-nimesi-kapteeniston-kaudelle-2022-23\\\/#primaryimage\",\"url\":\"https:\\\/\\\/i0.wp.com\\\/aktialiiga.fi\\\/miehet\\\/wp-content\\\/uploads\\\/sites\\\/5\\\/2021\\\/11\\\/tamminen_teemu_cocks_21-21.jpg?fit=1200%2C772&ssl=1\",\"contentUrl\":\"https:\\\/\\\/i0.wp.com\\\/aktialiiga.fi\\\/miehet\\\/wp-content\\\/uploads\\\/sites\\\/5\\\/2021\\\/11\\\/tamminen_teemu_cocks_21-21.jpg?fit=1200%2C772&ssl=1\",\"width\":1200,\"height\":772,\"caption\":\"Teemu Tamminen, Cocks k\u00e4sipallon miesten SM-liigan ottelussa Cocks - HC Tallinn Cocks Areena 25. syyskuuta 2021. (Kalle Parkkinen\\\/Newspix24)\"},{\"@type\":\"BreadcrumbList\",\"@id\":\"https:\\\/\\\/aktialiiga.fi\\\/miehet\\\/ajankohtaista\\\/cocks-nimesi-kapteeniston-kaudelle-2022-23\\\/#breadcrumb\",\"itemListElement\":[{\"@type\":\"ListItem\",\"position\":1,\"name\":\"Etusivu\",\"item\":\"https:\\\/\\\/aktialiiga.fi\\\/miehet\\\/\"},{\"@type\":\"ListItem\",\"position\":2,\"name\":\"Cocks nimesi kapteeniston kaudelle 2022-23\"}]},{\"@type\":\"WebSite\",\"@id\":\"https:\\\/\\\/aktialiiga.fi\\\/miehet\\\/#website\",\"url\":\"https:\\\/\\\/aktialiiga.fi\\\/miehet\\\/\",\"name\":\"K\u00e4sipallon miesten Aktialiiga\",\"description\":\"Valtakunnan vauhdikkainta palloilua!\",\"publisher\":{\"@id\":\"https:\\\/\\\/aktialiiga.fi\\\/miehet\\\/#organization\"},\"potentialAction\":[{\"@type\":\"SearchAction\",\"target\":{\"@type\":\"EntryPoint\",\"urlTemplate\":\"https:\\\/\\\/aktialiiga.fi\\\/miehet\\\/?s={search_term_string}\"},\"query-input\":{\"@type\":\"PropertyValueSpecification\",\"valueRequired\":true,\"valueName\":\"search_term_string\"}}],\"inLanguage\":\"fi\"},{\"@type\":\"Organization\",\"@id\":\"https:\\\/\\\/aktialiiga.fi\\\/miehet\\\/#organization\",\"name\":\"K\u00e4sipallon miesten Aktialiiga\",\"url\":\"https:\\\/\\\/aktialiiga.fi\\\/miehet\\\/\",\"logo\":{\"@type\":\"ImageObject\",\"inLanguage\":\"fi\",\"@id\":\"https:\\\/\\\/aktialiiga.fi\\\/miehet\\\/#\\\/schema\\\/logo\\\/image\\\/\",\"url\":\"https:\\\/\\\/i0.wp.com\\\/aktialiiga.fi\\\/miehet\\\/wp-content\\\/uploads\\\/sites\\\/5\\\/2024\\\/09\\\/Aktialiiga-Yoast-512.png?fit=512%2C512&ssl=1\",\"contentUrl\":\"https:\\\/\\\/i0.wp.com\\\/aktialiiga.fi\\\/miehet\\\/wp-content\\\/uploads\\\/sites\\\/5\\\/2024\\\/09\\\/Aktialiiga-Yoast-512.png?fit=512%2C512&ssl=1\",\"width\":512,\"height\":512,\"caption\":\"K\u00e4sipallon miesten Aktialiiga\"},\"image\":{\"@id\":\"https:\\\/\\\/aktialiiga.fi\\\/miehet\\\/#\\\/schema\\\/logo\\\/image\\\/\"},\"sameAs\":[\"https:\\\/\\\/www.facebook.com\\\/finnhandball\",\"https:\\\/\\\/x.com\\\/finnhandball\",\"https:\\\/\\\/www.instagram.com\\\/handballfinland\\\/\"]},{\"@type\":\"Person\",\"@id\":\"https:\\\/\\\/aktialiiga.fi\\\/miehet\\\/#\\\/schema\\\/person\\\/c14bf42f47041db74603c45afcb18d87\",\"name\":\"tbrmedia\",\"image\":{\"@type\":\"ImageObject\",\"inLanguage\":\"fi\",\"@id\":\"https:\\\/\\\/secure.gravatar.com\\\/avatar\\\/ee975fa091fe581d12b60debb3439022686618368a7c142044c56724d4666b16?s=96&d=mm&r=g\",\"url\":\"https:\\\/\\\/secure.gravatar.com\\\/avatar\\\/ee975fa091fe581d12b60debb3439022686618368a7c142044c56724d4666b16?s=96&d=mm&r=g\",\"contentUrl\":\"https:\\\/\\\/secure.gravatar.com\\\/avatar\\\/ee975fa091fe581d12b60debb3439022686618368a7c142044c56724d4666b16?s=96&d=mm&r=g\",\"caption\":\"tbrmedia\"}}]}<\/script>\n<!-- \/ Yoast SEO plugin. -->","yoast_head_json":{"title":"Cocks nimesi kapteeniston kaudelle 2022-23 | K\u00e4sipallon miesten Aktialiiga","robots":{"index":"index","follow":"follow","max-snippet":"max-snippet:-1","max-image-preview":"max-image-preview:large","max-video-preview":"max-video-preview:-1"},"canonical":"https:\/\/aktialiiga.fi\/miehet\/ajankohtaista\/cocks-nimesi-kapteeniston-kaudelle-2022-23\/","og_locale":"fi_FI","og_type":"article","og_title":"Cocks nimesi kapteeniston kaudelle 2022-23 | K\u00e4sipallon miesten Aktialiiga","og_description":"Cocks on valinnut kapteeninsa kaudelle 2022-2023. Cocksin valmentaja Christophe Viennet valitsi kapteenit. Kapteeniksi valittiin Teemu Tamminen ja vara-kapteeniksi Davor Basaric Kapteeniksi valittu Tamminen kommentoi valintaansa n\u00e4in seuran verkkosivuilla: &#8211; Iso juttu itselle jatkaa kapteenina ja viel\u00e4 valmentajan valitsemana. Meill\u00e4 on ensi kaudella tavoitteena tuoda SM-pokaali kotiin ja p\u00e4\u00e4st\u00e4 Eurooppa Liigan lohkovaiheeseen. Treeneiss\u00e4 on ollut hyv\u00e4 [&hellip;]","og_url":"https:\/\/aktialiiga.fi\/miehet\/ajankohtaista\/cocks-nimesi-kapteeniston-kaudelle-2022-23\/","og_site_name":"K\u00e4sipallon miesten Aktialiiga","article_publisher":"https:\/\/www.facebook.com\/finnhandball","article_published_time":"2022-08-14T18:48:56+00:00","article_modified_time":"2022-08-17T18:50:29+00:00","og_image":[{"width":1200,"height":772,"url":"https:\/\/i0.wp.com\/aktialiiga.fi\/miehet\/wp-content\/uploads\/sites\/5\/2021\/11\/tamminen_teemu_cocks_21-21.jpg?fit=1200%2C772&ssl=1","type":"image\/jpeg"}],"author":"tbrmedia","twitter_card":"summary_large_image","twitter_creator":"@finnhandball","twitter_site":"@finnhandball","schema":{"@context":"https:\/\/schema.org","@graph":[{"@type":"Article","@id":"https:\/\/aktialiiga.fi\/miehet\/ajankohtaista\/cocks-nimesi-kapteeniston-kaudelle-2022-23\/#article","isPartOf":{"@id":"https:\/\/aktialiiga.fi\/miehet\/ajankohtaista\/cocks-nimesi-kapteeniston-kaudelle-2022-23\/"},"author":{"name":"tbrmedia","@id":"https:\/\/aktialiiga.fi\/miehet\/#\/schema\/person\/c14bf42f47041db74603c45afcb18d87"},"headline":"Cocks nimesi kapteeniston kaudelle 2022-23","datePublished":"2022-08-14T18:48:56+00:00","dateModified":"2022-08-17T18:50:29+00:00","mainEntityOfPage":{"@id":"https:\/\/aktialiiga.fi\/miehet\/ajankohtaista\/cocks-nimesi-kapteeniston-kaudelle-2022-23\/"},"wordCount":154,"publisher":{"@id":"https:\/\/aktialiiga.fi\/miehet\/#organization"},"image":{"@id":"https:\/\/aktialiiga.fi\/miehet\/ajankohtaista\/cocks-nimesi-kapteeniston-kaudelle-2022-23\/#primaryimage"},"thumbnailUrl":"https:\/\/i0.wp.com\/aktialiiga.fi\/miehet\/wp-content\/uploads\/sites\/5\/2021\/11\/tamminen_teemu_cocks_21-21.jpg?fit=1200%2C772&ssl=1","keywords":["Cocks"],"articleSection":["Ajankohtaista"],"inLanguage":"fi"},{"@type":"WebPage","@id":"https:\/\/aktialiiga.fi\/miehet\/ajankohtaista\/cocks-nimesi-kapteeniston-kaudelle-2022-23\/","url":"https:\/\/aktialiiga.fi\/miehet\/ajankohtaista\/cocks-nimesi-kapteeniston-kaudelle-2022-23\/","name":"Cocks nimesi kapteeniston kaudelle 2022-23 | K\u00e4sipallon miesten Aktialiiga","isPartOf":{"@id":"https:\/\/aktialiiga.fi\/miehet\/#website"},"primaryImageOfPage":{"@id":"https:\/\/aktialiiga.fi\/miehet\/ajankohtaista\/cocks-nimesi-kapteeniston-kaudelle-2022-23\/#primaryimage"},"image":{"@id":"https:\/\/aktialiiga.fi\/miehet\/ajankohtaista\/cocks-nimesi-kapteeniston-kaudelle-2022-23\/#primaryimage"},"thumbnailUrl":"https:\/\/i0.wp.com\/aktialiiga.fi\/miehet\/wp-content\/uploads\/sites\/5\/2021\/11\/tamminen_teemu_cocks_21-21.jpg?fit=1200%2C772&ssl=1","datePublished":"2022-08-14T18:48:56+00:00","dateModified":"2022-08-17T18:50:29+00:00","breadcrumb":{"@id":"https:\/\/aktialiiga.fi\/miehet\/ajankohtaista\/cocks-nimesi-kapteeniston-kaudelle-2022-23\/#breadcrumb"},"inLanguage":"fi","potentialAction":[{"@type":"ReadAction","target":["https:\/\/aktialiiga.fi\/miehet\/ajankohtaista\/cocks-nimesi-kapteeniston-kaudelle-2022-23\/"]}]},{"@type":"ImageObject","inLanguage":"fi","@id":"https:\/\/aktialiiga.fi\/miehet\/ajankohtaista\/cocks-nimesi-kapteeniston-kaudelle-2022-23\/#primaryimage","url":"https:\/\/i0.wp.com\/aktialiiga.fi\/miehet\/wp-content\/uploads\/sites\/5\/2021\/11\/tamminen_teemu_cocks_21-21.jpg?fit=1200%2C772&ssl=1","contentUrl":"https:\/\/i0.wp.com\/aktialiiga.fi\/miehet\/wp-content\/uploads\/sites\/5\/2021\/11\/tamminen_teemu_cocks_21-21.jpg?fit=1200%2C772&ssl=1","width":1200,"height":772,"caption":"Teemu Tamminen, Cocks k\u00e4sipallon miesten SM-liigan ottelussa Cocks - HC Tallinn Cocks Areena 25. syyskuuta 2021. (Kalle Parkkinen\/Newspix24)"},{"@type":"BreadcrumbList","@id":"https:\/\/aktialiiga.fi\/miehet\/ajankohtaista\/cocks-nimesi-kapteeniston-kaudelle-2022-23\/#breadcrumb","itemListElement":[{"@type":"ListItem","position":1,"name":"Etusivu","item":"https:\/\/aktialiiga.fi\/miehet\/"},{"@type":"ListItem","position":2,"name":"Cocks nimesi kapteeniston kaudelle 2022-23"}]},{"@type":"WebSite","@id":"https:\/\/aktialiiga.fi\/miehet\/#website","url":"https:\/\/aktialiiga.fi\/miehet\/","name":"K\u00e4sipallon miesten Aktialiiga","description":"Valtakunnan vauhdikkainta palloilua!","publisher":{"@id":"https:\/\/aktialiiga.fi\/miehet\/#organization"},"potentialAction":[{"@type":"SearchAction","target":{"@type":"EntryPoint","urlTemplate":"https:\/\/aktialiiga.fi\/miehet\/?s={search_term_string}"},"query-input":{"@type":"PropertyValueSpecification","valueRequired":true,"valueName":"search_term_string"}}],"inLanguage":"fi"},{"@type":"Organization","@id":"https:\/\/aktialiiga.fi\/miehet\/#organization","name":"K\u00e4sipallon miesten Aktialiiga","url":"https:\/\/aktialiiga.fi\/miehet\/","logo":{"@type":"ImageObject","inLanguage":"fi","@id":"https:\/\/aktialiiga.fi\/miehet\/#\/schema\/logo\/image\/","url":"https:\/\/i0.wp.com\/aktialiiga.fi\/miehet\/wp-content\/uploads\/sites\/5\/2024\/09\/Aktialiiga-Yoast-512.png?fit=512%2C512&ssl=1","contentUrl":"https:\/\/i0.wp.com\/aktialiiga.fi\/miehet\/wp-content\/uploads\/sites\/5\/2024\/09\/Aktialiiga-Yoast-512.png?fit=512%2C512&ssl=1","width":512,"height":512,"caption":"K\u00e4sipallon miesten Aktialiiga"},"image":{"@id":"https:\/\/aktialiiga.fi\/miehet\/#\/schema\/logo\/image\/"},"sameAs":["https:\/\/www.facebook.com\/finnhandball","https:\/\/x.com\/finnhandball","https:\/\/www.instagram.com\/handballfinland\/"]},{"@type":"Person","@id":"https:\/\/aktialiiga.fi\/miehet\/#\/schema\/person\/c14bf42f47041db74603c45afcb18d87","name":"tbrmedia","image":{"@type":"ImageObject","inLanguage":"fi","@id":"https:\/\/secure.gravatar.com\/avatar\/ee975fa091fe581d12b60debb3439022686618368a7c142044c56724d4666b16?s=96&d=mm&r=g","url":"https:\/\/secure.gravatar.com\/avatar\/ee975fa091fe581d12b60debb3439022686618368a7c142044c56724d4666b16?s=96&d=mm&r=g","contentUrl":"https:\/\/secure.gravatar.com\/avatar\/ee975fa091fe581d12b60debb3439022686618368a7c142044c56724d4666b16?s=96&d=mm&r=g","caption":"tbrmedia"}}]}},"jetpack_featured_media_url":"https:\/\/i0.wp.com\/aktialiiga.fi\/miehet\/wp-content\/uploads\/sites\/5\/2021\/11\/tamminen_teemu_cocks_21-21.jpg?fit=1200%2C772&ssl=1","jetpack_sharing_enabled":true,"jetpack_shortlink":"https:\/\/wp.me\/pfTxOr-9hC","_links":{"self":[{"href":"https:\/\/aktialiiga.fi\/miehet\/wp-json\/wp\/v2\/posts\/35688","targetHints":{"allow":["GET"]}}],"collection":[{"href":"https:\/\/aktialiiga.fi\/miehet\/wp-json\/wp\/v2\/posts"}],"about":[{"href":"https:\/\/aktialiiga.fi\/miehet\/wp-json\/wp\/v2\/types\/post"}],"author":[{"embeddable":true,"href":"https:\/\/aktialiiga.fi\/miehet\/wp-json\/wp\/v2\/users\/13"}],"replies":[{"embeddable":true,"href":"https:\/\/aktialiiga.fi\/miehet\/wp-json\/wp\/v2\/comments?post=35688"}],"version-history":[{"count":0,"href":"https:\/\/aktialiiga.fi\/miehet\/wp-json\/wp\/v2\/posts\/35688\/revisions"}],"wp:featuredmedia":[{"embeddable":true,"href":"https:\/\/aktialiiga.fi\/miehet\/wp-json\/wp\/v2\/media\/30707"}],"wp:attachment":[{"href":"https:\/\/aktialiiga.fi\/miehet\/wp-json\/wp\/v2\/media?parent=35688"}],"wp:term":[{"taxonomy":"category","embeddable":true,"href":"https:\/\/aktialiiga.fi\/miehet\/wp-json\/wp\/v2\/categories?post=35688"},{"taxonomy":"post_tag","embeddable":true,"href":"https:\/\/aktialiiga.fi\/miehet\/wp-json\/wp\/v2\/tags?post=35688"}],"curies":[{"name":"wp","href":"https:\/\/api.w.org\/{rel}","templated":true}]}}