{"id":36391,"date":"2022-09-09T17:52:48","date_gmt":"2022-09-09T14:52:48","guid":{"rendered":"https:\/\/aktialiiga.fi\/miehet\/?p=36391"},"modified":"2022-09-12T14:01:43","modified_gmt":"2022-09-12T11:01:43","slug":"sm-liigakausi-2022-23-kayntiin-vauhdilla-lauantaina","status":"publish","type":"post","link":"https:\/\/aktialiiga.fi\/miehet\/2022-2023\/ennakot-2022-2023\/sm-liigakausi-2022-23-kayntiin-vauhdilla-lauantaina\/","title":{"rendered":"SM-liigakausi 2022-23 k\u00e4yntiin vauhdilla lauantaina"},"content":{"rendered":"<p>Miesten SM-liigakausi 2022-23 alkaa lauantaina 10.9. kolmella ottelulla ja huippuk\u00e4sipalloa voi seurata k\u00e4yt\u00e4nn\u00f6ss\u00e4 alkuiltap\u00e4iv\u00e4st\u00e4 alkuiltaan saakka.<\/p>\n<p>SM-liigajoukkueista Dicken ei viel\u00e4 avauskierroksella ole tulessa, mutta kaikki muut kuusi joukkuetta avaavat kautensa lauantaina. Kauden avausheitto n\u00e4hd\u00e4\u00e4n Turussa, jossa \u00c5IFK:n ja GrIFK:n v\u00e4linen ottelu alkaa jo kello 14.00. Riihim\u00e4ell\u00e4 avauskierroksen kamppailu alkaa kello 16.00 ja Helsingiss\u00e4 tuntia my\u00f6hemmin.<\/p>\n<p>\u00c5IFK l\u00e4htee kauden avauksessa nuorella miehist\u00f6ll\u00e4 is\u00e4nn\u00f6im\u00e4\u00e4n Grania ja on ennakkoon haastajan asemassa.<\/p>\n<p>&#8211; Nyt alkaa liiga kotipelille ja vastassa tuttuja kundeja. IFK Cup n\u00e4ytti, ett\u00e4 ollaan viel\u00e4 v\u00e4h\u00e4n per\u00e4ss\u00e4 ja duunia on painettava viel\u00e4 treenikent\u00e4ll\u00e4. Olen varma, ett\u00e4 olemme jo nyt paljon valmiimpia parin viikon takaiseen kohtaamiseen ja totta kai l\u00e4hdet\u00e4\u00e4n haastamaan Grania kotikent\u00e4ll\u00e4, \u00c5IFK-luotsi Aku Kuusisto ennakoi avausottelua seuran verkkosivuilla.<\/p>\n<p>Hallitseva mestari BK-46 matkaa avausottelussa Riihim\u00e4elle haastavaan vierasotteluun Cocksia vastaan.<\/p>\n<p>&#8211; Heill\u00e4 on vahvin joukkue paperilla, mutta miten joukkuepelaamisen laita on? Olen muutaman ottelun n\u00e4hnyt ja he ovat parempia kuin viime kaudella, BK:n p\u00e4\u00e4valmentaja Andreas R\u00f6nnberg arvioi Cocksia Yle Sportenille.<\/p>\n<p>Avausp\u00e4iv\u00e4n p\u00e4\u00e4t\u00f6sottelussa HIFK saa vieraakseen SIF:n. Nuorella joukkueella kauteen l\u00e4htev\u00e4t siuntiolaiset ovat t\u00e4ss\u00e4 haastajan roolissa, mutta kuten usein on n\u00e4hty etenkin kauden alussa otteluiden ennakointi ei ole kaikkein helpointa.<\/p>\n<p><strong>SM-liigan kauden 2022-23 avauskierros lauantaina 10.9.:<\/strong><br \/>\n14.00 \u00c5IFK \u2013 GrIFK<br \/>\n16.00 Cocks \u2013 BK-46<br \/>\n17.00 HIFK \u2013 SIF<\/p>\n<p>Kaikki kauden ottelut suorina l\u00e4hetyksin\u00e4 <strong><a href=\"\/solidsport\/\" target=\"_blank\" rel=\"noopener\">SolidSportilla<\/a><\/strong>.<\/p>\n","protected":false},"excerpt":{"rendered":"<p>Miesten SM-liigakausi 2022-23 alkaa lauantaina 10.9. kolmella ottelulla ja huippuk\u00e4sipalloa voi seurata k\u00e4yt\u00e4nn\u00f6ss\u00e4 alkuiltap\u00e4iv\u00e4st\u00e4 alkuiltaan saakka. SM-liigajoukkueista Dicken ei viel\u00e4 avauskierroksella ole tulessa, mutta kaikki muut kuusi joukkuetta avaavat kautensa lauantaina. Kauden avausheitto n\u00e4hd\u00e4\u00e4n Turussa, jossa \u00c5IFK:n ja GrIFK:n v\u00e4linen ottelu alkaa jo kello 14.00. Riihim\u00e4ell\u00e4 avauskierroksen kamppailu alkaa kello 16.00 ja Helsingiss\u00e4 tuntia my\u00f6hemmin. [&hellip;]<\/p>\n","protected":false},"author":13,"featured_media":34392,"comment_status":"closed","ping_status":"closed","sticky":false,"template":"","format":"standard","meta":{"_acf_changed":false,"jetpack_post_was_ever_published":false,"_jetpack_newsletter_access":"","_jetpack_dont_email_post_to_subs":false,"_jetpack_newsletter_tier_id":0,"_jetpack_memberships_contains_paywalled_content":false,"_jetpack_memberships_contains_paid_content":false,"footnotes":""},"categories":[290],"tags":[50,56,57,64,71,111],"class_list":["post-36391","post","type-post","status-publish","format-standard","has-post-thumbnail","hentry","category-ennakot-2022-2023","tag-aifk","tag-bk-46","tag-cocks","tag-grifk","tag-hifk","tag-sif"],"acf":[],"yoast_head":"<!-- This site is optimized with the Yoast SEO plugin v27.5 - https:\/\/yoast.com\/product\/yoast-seo-wordpress\/ -->\n<title>SM-liigakausi 2022-23 k\u00e4yntiin vauhdilla lauantaina | K\u00e4sipallon miesten Aktialiiga<\/title>\n<meta name=\"robots\" content=\"index, follow, max-snippet:-1, max-image-preview:large, max-video-preview:-1\" \/>\n<link rel=\"canonical\" href=\"https:\/\/aktialiiga.fi\/miehet\/2022-2023\/ennakot-2022-2023\/sm-liigakausi-2022-23-kayntiin-vauhdilla-lauantaina\/\" \/>\n<meta property=\"og:locale\" content=\"fi_FI\" \/>\n<meta property=\"og:type\" content=\"article\" \/>\n<meta property=\"og:title\" content=\"SM-liigakausi 2022-23 k\u00e4yntiin vauhdilla lauantaina | K\u00e4sipallon miesten Aktialiiga\" \/>\n<meta property=\"og:description\" content=\"Miesten SM-liigakausi 2022-23 alkaa lauantaina 10.9. kolmella ottelulla ja huippuk\u00e4sipalloa voi seurata k\u00e4yt\u00e4nn\u00f6ss\u00e4 alkuiltap\u00e4iv\u00e4st\u00e4 alkuiltaan saakka. SM-liigajoukkueista Dicken ei viel\u00e4 avauskierroksella ole tulessa, mutta kaikki muut kuusi joukkuetta avaavat kautensa lauantaina. Kauden avausheitto n\u00e4hd\u00e4\u00e4n Turussa, jossa \u00c5IFK:n ja GrIFK:n v\u00e4linen ottelu alkaa jo kello 14.00. Riihim\u00e4ell\u00e4 avauskierroksen kamppailu alkaa kello 16.00 ja Helsingiss\u00e4 tuntia my\u00f6hemmin. [&hellip;]\" \/>\n<meta property=\"og:url\" content=\"https:\/\/aktialiiga.fi\/miehet\/2022-2023\/ennakot-2022-2023\/sm-liigakausi-2022-23-kayntiin-vauhdilla-lauantaina\/\" \/>\n<meta property=\"og:site_name\" content=\"K\u00e4sipallon miesten Aktialiiga\" \/>\n<meta property=\"article:publisher\" content=\"https:\/\/www.facebook.com\/finnhandball\" \/>\n<meta property=\"article:published_time\" content=\"2022-09-09T14:52:48+00:00\" \/>\n<meta property=\"article:modified_time\" content=\"2022-09-12T11:01:43+00:00\" \/>\n<meta property=\"og:image\" content=\"https:\/\/i0.wp.com\/aktialiiga.fi\/miehet\/wp-content\/uploads\/sites\/5\/2022\/02\/BK46_pelaajia_2122c.jpg?fit=1928%2C771&ssl=1\" \/>\n\t<meta property=\"og:image:width\" content=\"1928\" \/>\n\t<meta property=\"og:image:height\" content=\"771\" \/>\n\t<meta property=\"og:image:type\" content=\"image\/jpeg\" \/>\n<meta name=\"author\" content=\"tbrmedia\" \/>\n<meta name=\"twitter:card\" content=\"summary_large_image\" \/>\n<meta name=\"twitter:creator\" content=\"@finnhandball\" \/>\n<meta name=\"twitter:site\" content=\"@finnhandball\" \/>\n<script type=\"application\/ld+json\" class=\"yoast-schema-graph\">{\"@context\":\"https:\\\/\\\/schema.org\",\"@graph\":[{\"@type\":\"Article\",\"@id\":\"https:\\\/\\\/aktialiiga.fi\\\/miehet\\\/2022-2023\\\/ennakot-2022-2023\\\/sm-liigakausi-2022-23-kayntiin-vauhdilla-lauantaina\\\/#article\",\"isPartOf\":{\"@id\":\"https:\\\/\\\/aktialiiga.fi\\\/miehet\\\/2022-2023\\\/ennakot-2022-2023\\\/sm-liigakausi-2022-23-kayntiin-vauhdilla-lauantaina\\\/\"},\"author\":{\"name\":\"tbrmedia\",\"@id\":\"https:\\\/\\\/aktialiiga.fi\\\/miehet\\\/#\\\/schema\\\/person\\\/c14bf42f47041db74603c45afcb18d87\"},\"headline\":\"SM-liigakausi 2022-23 k\u00e4yntiin vauhdilla lauantaina\",\"datePublished\":\"2022-09-09T14:52:48+00:00\",\"dateModified\":\"2022-09-12T11:01:43+00:00\",\"mainEntityOfPage\":{\"@id\":\"https:\\\/\\\/aktialiiga.fi\\\/miehet\\\/2022-2023\\\/ennakot-2022-2023\\\/sm-liigakausi-2022-23-kayntiin-vauhdilla-lauantaina\\\/\"},\"wordCount\":247,\"publisher\":{\"@id\":\"https:\\\/\\\/aktialiiga.fi\\\/miehet\\\/#organization\"},\"image\":{\"@id\":\"https:\\\/\\\/aktialiiga.fi\\\/miehet\\\/2022-2023\\\/ennakot-2022-2023\\\/sm-liigakausi-2022-23-kayntiin-vauhdilla-lauantaina\\\/#primaryimage\"},\"thumbnailUrl\":\"https:\\\/\\\/i0.wp.com\\\/aktialiiga.fi\\\/miehet\\\/wp-content\\\/uploads\\\/sites\\\/5\\\/2022\\\/02\\\/BK46_pelaajia_2122c.jpg?fit=1928%2C771&ssl=1\",\"keywords\":[\"\u00c5IFK\",\"BK-46\",\"Cocks\",\"GrIFK\",\"HIFK\",\"SIF\"],\"articleSection\":[\"Ennakot\"],\"inLanguage\":\"fi\"},{\"@type\":\"WebPage\",\"@id\":\"https:\\\/\\\/aktialiiga.fi\\\/miehet\\\/2022-2023\\\/ennakot-2022-2023\\\/sm-liigakausi-2022-23-kayntiin-vauhdilla-lauantaina\\\/\",\"url\":\"https:\\\/\\\/aktialiiga.fi\\\/miehet\\\/2022-2023\\\/ennakot-2022-2023\\\/sm-liigakausi-2022-23-kayntiin-vauhdilla-lauantaina\\\/\",\"name\":\"SM-liigakausi 2022-23 k\u00e4yntiin vauhdilla lauantaina | K\u00e4sipallon miesten Aktialiiga\",\"isPartOf\":{\"@id\":\"https:\\\/\\\/aktialiiga.fi\\\/miehet\\\/#website\"},\"primaryImageOfPage\":{\"@id\":\"https:\\\/\\\/aktialiiga.fi\\\/miehet\\\/2022-2023\\\/ennakot-2022-2023\\\/sm-liigakausi-2022-23-kayntiin-vauhdilla-lauantaina\\\/#primaryimage\"},\"image\":{\"@id\":\"https:\\\/\\\/aktialiiga.fi\\\/miehet\\\/2022-2023\\\/ennakot-2022-2023\\\/sm-liigakausi-2022-23-kayntiin-vauhdilla-lauantaina\\\/#primaryimage\"},\"thumbnailUrl\":\"https:\\\/\\\/i0.wp.com\\\/aktialiiga.fi\\\/miehet\\\/wp-content\\\/uploads\\\/sites\\\/5\\\/2022\\\/02\\\/BK46_pelaajia_2122c.jpg?fit=1928%2C771&ssl=1\",\"datePublished\":\"2022-09-09T14:52:48+00:00\",\"dateModified\":\"2022-09-12T11:01:43+00:00\",\"breadcrumb\":{\"@id\":\"https:\\\/\\\/aktialiiga.fi\\\/miehet\\\/2022-2023\\\/ennakot-2022-2023\\\/sm-liigakausi-2022-23-kayntiin-vauhdilla-lauantaina\\\/#breadcrumb\"},\"inLanguage\":\"fi\",\"potentialAction\":[{\"@type\":\"ReadAction\",\"target\":[\"https:\\\/\\\/aktialiiga.fi\\\/miehet\\\/2022-2023\\\/ennakot-2022-2023\\\/sm-liigakausi-2022-23-kayntiin-vauhdilla-lauantaina\\\/\"]}]},{\"@type\":\"ImageObject\",\"inLanguage\":\"fi\",\"@id\":\"https:\\\/\\\/aktialiiga.fi\\\/miehet\\\/2022-2023\\\/ennakot-2022-2023\\\/sm-liigakausi-2022-23-kayntiin-vauhdilla-lauantaina\\\/#primaryimage\",\"url\":\"https:\\\/\\\/i0.wp.com\\\/aktialiiga.fi\\\/miehet\\\/wp-content\\\/uploads\\\/sites\\\/5\\\/2022\\\/02\\\/BK46_pelaajia_2122c.jpg?fit=1928%2C771&ssl=1\",\"contentUrl\":\"https:\\\/\\\/i0.wp.com\\\/aktialiiga.fi\\\/miehet\\\/wp-content\\\/uploads\\\/sites\\\/5\\\/2022\\\/02\\\/BK46_pelaajia_2122c.jpg?fit=1928%2C771&ssl=1\",\"width\":1928,\"height\":771,\"caption\":\"k\u00e4sipallon miesten SM-liigan ottelussa BK-46 - \u00c5IFK Karjaan Urheiluhalli 25. syyskuuta 2021. (Kalle Parkkinen\\\/Newspix24)\"},{\"@type\":\"BreadcrumbList\",\"@id\":\"https:\\\/\\\/aktialiiga.fi\\\/miehet\\\/2022-2023\\\/ennakot-2022-2023\\\/sm-liigakausi-2022-23-kayntiin-vauhdilla-lauantaina\\\/#breadcrumb\",\"itemListElement\":[{\"@type\":\"ListItem\",\"position\":1,\"name\":\"Etusivu\",\"item\":\"https:\\\/\\\/aktialiiga.fi\\\/miehet\\\/\"},{\"@type\":\"ListItem\",\"position\":2,\"name\":\"SM-liigakausi 2022-23 k\u00e4yntiin vauhdilla lauantaina\"}]},{\"@type\":\"WebSite\",\"@id\":\"https:\\\/\\\/aktialiiga.fi\\\/miehet\\\/#website\",\"url\":\"https:\\\/\\\/aktialiiga.fi\\\/miehet\\\/\",\"name\":\"K\u00e4sipallon miesten Aktialiiga\",\"description\":\"Valtakunnan vauhdikkainta palloilua!\",\"publisher\":{\"@id\":\"https:\\\/\\\/aktialiiga.fi\\\/miehet\\\/#organization\"},\"potentialAction\":[{\"@type\":\"SearchAction\",\"target\":{\"@type\":\"EntryPoint\",\"urlTemplate\":\"https:\\\/\\\/aktialiiga.fi\\\/miehet\\\/?s={search_term_string}\"},\"query-input\":{\"@type\":\"PropertyValueSpecification\",\"valueRequired\":true,\"valueName\":\"search_term_string\"}}],\"inLanguage\":\"fi\"},{\"@type\":\"Organization\",\"@id\":\"https:\\\/\\\/aktialiiga.fi\\\/miehet\\\/#organization\",\"name\":\"K\u00e4sipallon miesten Aktialiiga\",\"url\":\"https:\\\/\\\/aktialiiga.fi\\\/miehet\\\/\",\"logo\":{\"@type\":\"ImageObject\",\"inLanguage\":\"fi\",\"@id\":\"https:\\\/\\\/aktialiiga.fi\\\/miehet\\\/#\\\/schema\\\/logo\\\/image\\\/\",\"url\":\"https:\\\/\\\/i0.wp.com\\\/aktialiiga.fi\\\/miehet\\\/wp-content\\\/uploads\\\/sites\\\/5\\\/2024\\\/09\\\/Aktialiiga-Yoast-512.png?fit=512%2C512&ssl=1\",\"contentUrl\":\"https:\\\/\\\/i0.wp.com\\\/aktialiiga.fi\\\/miehet\\\/wp-content\\\/uploads\\\/sites\\\/5\\\/2024\\\/09\\\/Aktialiiga-Yoast-512.png?fit=512%2C512&ssl=1\",\"width\":512,\"height\":512,\"caption\":\"K\u00e4sipallon miesten Aktialiiga\"},\"image\":{\"@id\":\"https:\\\/\\\/aktialiiga.fi\\\/miehet\\\/#\\\/schema\\\/logo\\\/image\\\/\"},\"sameAs\":[\"https:\\\/\\\/www.facebook.com\\\/finnhandball\",\"https:\\\/\\\/x.com\\\/finnhandball\",\"https:\\\/\\\/www.instagram.com\\\/handballfinland\\\/\"]},{\"@type\":\"Person\",\"@id\":\"https:\\\/\\\/aktialiiga.fi\\\/miehet\\\/#\\\/schema\\\/person\\\/c14bf42f47041db74603c45afcb18d87\",\"name\":\"tbrmedia\",\"image\":{\"@type\":\"ImageObject\",\"inLanguage\":\"fi\",\"@id\":\"https:\\\/\\\/secure.gravatar.com\\\/avatar\\\/ee975fa091fe581d12b60debb3439022686618368a7c142044c56724d4666b16?s=96&d=mm&r=g\",\"url\":\"https:\\\/\\\/secure.gravatar.com\\\/avatar\\\/ee975fa091fe581d12b60debb3439022686618368a7c142044c56724d4666b16?s=96&d=mm&r=g\",\"contentUrl\":\"https:\\\/\\\/secure.gravatar.com\\\/avatar\\\/ee975fa091fe581d12b60debb3439022686618368a7c142044c56724d4666b16?s=96&d=mm&r=g\",\"caption\":\"tbrmedia\"}}]}<\/script>\n<!-- \/ Yoast SEO plugin. -->","yoast_head_json":{"title":"SM-liigakausi 2022-23 k\u00e4yntiin vauhdilla lauantaina | K\u00e4sipallon miesten Aktialiiga","robots":{"index":"index","follow":"follow","max-snippet":"max-snippet:-1","max-image-preview":"max-image-preview:large","max-video-preview":"max-video-preview:-1"},"canonical":"https:\/\/aktialiiga.fi\/miehet\/2022-2023\/ennakot-2022-2023\/sm-liigakausi-2022-23-kayntiin-vauhdilla-lauantaina\/","og_locale":"fi_FI","og_type":"article","og_title":"SM-liigakausi 2022-23 k\u00e4yntiin vauhdilla lauantaina | K\u00e4sipallon miesten Aktialiiga","og_description":"Miesten SM-liigakausi 2022-23 alkaa lauantaina 10.9. kolmella ottelulla ja huippuk\u00e4sipalloa voi seurata k\u00e4yt\u00e4nn\u00f6ss\u00e4 alkuiltap\u00e4iv\u00e4st\u00e4 alkuiltaan saakka. SM-liigajoukkueista Dicken ei viel\u00e4 avauskierroksella ole tulessa, mutta kaikki muut kuusi joukkuetta avaavat kautensa lauantaina. Kauden avausheitto n\u00e4hd\u00e4\u00e4n Turussa, jossa \u00c5IFK:n ja GrIFK:n v\u00e4linen ottelu alkaa jo kello 14.00. Riihim\u00e4ell\u00e4 avauskierroksen kamppailu alkaa kello 16.00 ja Helsingiss\u00e4 tuntia my\u00f6hemmin. [&hellip;]","og_url":"https:\/\/aktialiiga.fi\/miehet\/2022-2023\/ennakot-2022-2023\/sm-liigakausi-2022-23-kayntiin-vauhdilla-lauantaina\/","og_site_name":"K\u00e4sipallon miesten Aktialiiga","article_publisher":"https:\/\/www.facebook.com\/finnhandball","article_published_time":"2022-09-09T14:52:48+00:00","article_modified_time":"2022-09-12T11:01:43+00:00","og_image":[{"width":1928,"height":771,"url":"https:\/\/i0.wp.com\/aktialiiga.fi\/miehet\/wp-content\/uploads\/sites\/5\/2022\/02\/BK46_pelaajia_2122c.jpg?fit=1928%2C771&ssl=1","type":"image\/jpeg"}],"author":"tbrmedia","twitter_card":"summary_large_image","twitter_creator":"@finnhandball","twitter_site":"@finnhandball","schema":{"@context":"https:\/\/schema.org","@graph":[{"@type":"Article","@id":"https:\/\/aktialiiga.fi\/miehet\/2022-2023\/ennakot-2022-2023\/sm-liigakausi-2022-23-kayntiin-vauhdilla-lauantaina\/#article","isPartOf":{"@id":"https:\/\/aktialiiga.fi\/miehet\/2022-2023\/ennakot-2022-2023\/sm-liigakausi-2022-23-kayntiin-vauhdilla-lauantaina\/"},"author":{"name":"tbrmedia","@id":"https:\/\/aktialiiga.fi\/miehet\/#\/schema\/person\/c14bf42f47041db74603c45afcb18d87"},"headline":"SM-liigakausi 2022-23 k\u00e4yntiin vauhdilla lauantaina","datePublished":"2022-09-09T14:52:48+00:00","dateModified":"2022-09-12T11:01:43+00:00","mainEntityOfPage":{"@id":"https:\/\/aktialiiga.fi\/miehet\/2022-2023\/ennakot-2022-2023\/sm-liigakausi-2022-23-kayntiin-vauhdilla-lauantaina\/"},"wordCount":247,"publisher":{"@id":"https:\/\/aktialiiga.fi\/miehet\/#organization"},"image":{"@id":"https:\/\/aktialiiga.fi\/miehet\/2022-2023\/ennakot-2022-2023\/sm-liigakausi-2022-23-kayntiin-vauhdilla-lauantaina\/#primaryimage"},"thumbnailUrl":"https:\/\/i0.wp.com\/aktialiiga.fi\/miehet\/wp-content\/uploads\/sites\/5\/2022\/02\/BK46_pelaajia_2122c.jpg?fit=1928%2C771&ssl=1","keywords":["\u00c5IFK","BK-46","Cocks","GrIFK","HIFK","SIF"],"articleSection":["Ennakot"],"inLanguage":"fi"},{"@type":"WebPage","@id":"https:\/\/aktialiiga.fi\/miehet\/2022-2023\/ennakot-2022-2023\/sm-liigakausi-2022-23-kayntiin-vauhdilla-lauantaina\/","url":"https:\/\/aktialiiga.fi\/miehet\/2022-2023\/ennakot-2022-2023\/sm-liigakausi-2022-23-kayntiin-vauhdilla-lauantaina\/","name":"SM-liigakausi 2022-23 k\u00e4yntiin vauhdilla lauantaina | K\u00e4sipallon miesten Aktialiiga","isPartOf":{"@id":"https:\/\/aktialiiga.fi\/miehet\/#website"},"primaryImageOfPage":{"@id":"https:\/\/aktialiiga.fi\/miehet\/2022-2023\/ennakot-2022-2023\/sm-liigakausi-2022-23-kayntiin-vauhdilla-lauantaina\/#primaryimage"},"image":{"@id":"https:\/\/aktialiiga.fi\/miehet\/2022-2023\/ennakot-2022-2023\/sm-liigakausi-2022-23-kayntiin-vauhdilla-lauantaina\/#primaryimage"},"thumbnailUrl":"https:\/\/i0.wp.com\/aktialiiga.fi\/miehet\/wp-content\/uploads\/sites\/5\/2022\/02\/BK46_pelaajia_2122c.jpg?fit=1928%2C771&ssl=1","datePublished":"2022-09-09T14:52:48+00:00","dateModified":"2022-09-12T11:01:43+00:00","breadcrumb":{"@id":"https:\/\/aktialiiga.fi\/miehet\/2022-2023\/ennakot-2022-2023\/sm-liigakausi-2022-23-kayntiin-vauhdilla-lauantaina\/#breadcrumb"},"inLanguage":"fi","potentialAction":[{"@type":"ReadAction","target":["https:\/\/aktialiiga.fi\/miehet\/2022-2023\/ennakot-2022-2023\/sm-liigakausi-2022-23-kayntiin-vauhdilla-lauantaina\/"]}]},{"@type":"ImageObject","inLanguage":"fi","@id":"https:\/\/aktialiiga.fi\/miehet\/2022-2023\/ennakot-2022-2023\/sm-liigakausi-2022-23-kayntiin-vauhdilla-lauantaina\/#primaryimage","url":"https:\/\/i0.wp.com\/aktialiiga.fi\/miehet\/wp-content\/uploads\/sites\/5\/2022\/02\/BK46_pelaajia_2122c.jpg?fit=1928%2C771&ssl=1","contentUrl":"https:\/\/i0.wp.com\/aktialiiga.fi\/miehet\/wp-content\/uploads\/sites\/5\/2022\/02\/BK46_pelaajia_2122c.jpg?fit=1928%2C771&ssl=1","width":1928,"height":771,"caption":"k\u00e4sipallon miesten SM-liigan ottelussa BK-46 - \u00c5IFK Karjaan Urheiluhalli 25. syyskuuta 2021. (Kalle Parkkinen\/Newspix24)"},{"@type":"BreadcrumbList","@id":"https:\/\/aktialiiga.fi\/miehet\/2022-2023\/ennakot-2022-2023\/sm-liigakausi-2022-23-kayntiin-vauhdilla-lauantaina\/#breadcrumb","itemListElement":[{"@type":"ListItem","position":1,"name":"Etusivu","item":"https:\/\/aktialiiga.fi\/miehet\/"},{"@type":"ListItem","position":2,"name":"SM-liigakausi 2022-23 k\u00e4yntiin vauhdilla lauantaina"}]},{"@type":"WebSite","@id":"https:\/\/aktialiiga.fi\/miehet\/#website","url":"https:\/\/aktialiiga.fi\/miehet\/","name":"K\u00e4sipallon miesten Aktialiiga","description":"Valtakunnan vauhdikkainta palloilua!","publisher":{"@id":"https:\/\/aktialiiga.fi\/miehet\/#organization"},"potentialAction":[{"@type":"SearchAction","target":{"@type":"EntryPoint","urlTemplate":"https:\/\/aktialiiga.fi\/miehet\/?s={search_term_string}"},"query-input":{"@type":"PropertyValueSpecification","valueRequired":true,"valueName":"search_term_string"}}],"inLanguage":"fi"},{"@type":"Organization","@id":"https:\/\/aktialiiga.fi\/miehet\/#organization","name":"K\u00e4sipallon miesten Aktialiiga","url":"https:\/\/aktialiiga.fi\/miehet\/","logo":{"@type":"ImageObject","inLanguage":"fi","@id":"https:\/\/aktialiiga.fi\/miehet\/#\/schema\/logo\/image\/","url":"https:\/\/i0.wp.com\/aktialiiga.fi\/miehet\/wp-content\/uploads\/sites\/5\/2024\/09\/Aktialiiga-Yoast-512.png?fit=512%2C512&ssl=1","contentUrl":"https:\/\/i0.wp.com\/aktialiiga.fi\/miehet\/wp-content\/uploads\/sites\/5\/2024\/09\/Aktialiiga-Yoast-512.png?fit=512%2C512&ssl=1","width":512,"height":512,"caption":"K\u00e4sipallon miesten Aktialiiga"},"image":{"@id":"https:\/\/aktialiiga.fi\/miehet\/#\/schema\/logo\/image\/"},"sameAs":["https:\/\/www.facebook.com\/finnhandball","https:\/\/x.com\/finnhandball","https:\/\/www.instagram.com\/handballfinland\/"]},{"@type":"Person","@id":"https:\/\/aktialiiga.fi\/miehet\/#\/schema\/person\/c14bf42f47041db74603c45afcb18d87","name":"tbrmedia","image":{"@type":"ImageObject","inLanguage":"fi","@id":"https:\/\/secure.gravatar.com\/avatar\/ee975fa091fe581d12b60debb3439022686618368a7c142044c56724d4666b16?s=96&d=mm&r=g","url":"https:\/\/secure.gravatar.com\/avatar\/ee975fa091fe581d12b60debb3439022686618368a7c142044c56724d4666b16?s=96&d=mm&r=g","contentUrl":"https:\/\/secure.gravatar.com\/avatar\/ee975fa091fe581d12b60debb3439022686618368a7c142044c56724d4666b16?s=96&d=mm&r=g","caption":"tbrmedia"}}]}},"jetpack_featured_media_url":"https:\/\/i0.wp.com\/aktialiiga.fi\/miehet\/wp-content\/uploads\/sites\/5\/2022\/02\/BK46_pelaajia_2122c.jpg?fit=1928%2C771&ssl=1","jetpack_sharing_enabled":true,"jetpack_shortlink":"https:\/\/wp.me\/pfTxOr-9sX","_links":{"self":[{"href":"https:\/\/aktialiiga.fi\/miehet\/wp-json\/wp\/v2\/posts\/36391","targetHints":{"allow":["GET"]}}],"collection":[{"href":"https:\/\/aktialiiga.fi\/miehet\/wp-json\/wp\/v2\/posts"}],"about":[{"href":"https:\/\/aktialiiga.fi\/miehet\/wp-json\/wp\/v2\/types\/post"}],"author":[{"embeddable":true,"href":"https:\/\/aktialiiga.fi\/miehet\/wp-json\/wp\/v2\/users\/13"}],"replies":[{"embeddable":true,"href":"https:\/\/aktialiiga.fi\/miehet\/wp-json\/wp\/v2\/comments?post=36391"}],"version-history":[{"count":0,"href":"https:\/\/aktialiiga.fi\/miehet\/wp-json\/wp\/v2\/posts\/36391\/revisions"}],"wp:featuredmedia":[{"embeddable":true,"href":"https:\/\/aktialiiga.fi\/miehet\/wp-json\/wp\/v2\/media\/34392"}],"wp:attachment":[{"href":"https:\/\/aktialiiga.fi\/miehet\/wp-json\/wp\/v2\/media?parent=36391"}],"wp:term":[{"taxonomy":"category","embeddable":true,"href":"https:\/\/aktialiiga.fi\/miehet\/wp-json\/wp\/v2\/categories?post=36391"},{"taxonomy":"post_tag","embeddable":true,"href":"https:\/\/aktialiiga.fi\/miehet\/wp-json\/wp\/v2\/tags?post=36391"}],"curies":[{"name":"wp","href":"https:\/\/api.w.org\/{rel}","templated":true}]}}