{"id":36876,"date":"2022-09-27T14:37:41","date_gmt":"2022-09-27T11:37:41","guid":{"rendered":"https:\/\/aktialiiga.fi\/miehet\/?p=36876"},"modified":"2022-09-27T14:37:41","modified_gmt":"2022-09-27T11:37:41","slug":"dicken-ja-grifk-kohtaavat-keskiviikkona","status":"publish","type":"post","link":"https:\/\/aktialiiga.fi\/miehet\/2022-2023\/ennakot-2022-2023\/dicken-ja-grifk-kohtaavat-keskiviikkona\/","title":{"rendered":"Dicken ja GrIFK kohtaavat keskiviikkona"},"content":{"rendered":"<p>SM-liigan syyskuu saadaan otteluitten osalta p\u00e4\u00e4t\u00f6kseens\u00e4 keskiviikkona Dickenin is\u00e4nn\u00f6idess\u00e4 GrIFK:ta.<\/p>\n<p>Dickenin kauden avaus on ollut \u2013 ehk\u00e4 odotetustikin \u2013 monien muutosten my\u00f6t\u00e4 tahmea. SM-liigan avausottelussa SIF oli vahvempi ja Suomen Cupin puoliv\u00e4lier\u00e4ss\u00e4 HIFK voitti Dickenin, joten kauden voittotili on lauttasaarelaisilla viel\u00e4 avaamatta.<\/p>\n<p>Menestykseen tottuneen nuorentuneen joukkueen uudisrakennus on vasta alkanut, joten Dickeni\u00e4 ei kannata haasteistaan huolimatta aliarvioida yhdess\u00e4k\u00e4\u00e4n ottelussa.<\/p>\n<p>GrIFK p\u00e4\u00e4see otteluun kuitenkin hyvist\u00e4 asemista, sill\u00e4 kauden kahdesta ensimm\u00e4isest\u00e4 ottelusta \u00c5IFK:ta ja HIFK:ta vastaan tilille on ropissut t\u00e4ydet nelj\u00e4 pistett\u00e4. Cupissa Granikin k\u00e4rsi tappion, kun mestari BK-46 oli puoliv\u00e4lier\u00e4ss\u00e4 vahvempi.<\/p>\n<p><strong>SM-liiga keskiviikkona 28.9.:<\/strong><br \/>\n19.15 Dicken \u2013 GrIFK (<a href=\"https:\/\/solidsport.com\/handisliiga\/games\/g\/i7jgpq8h\" target=\"_blank\" rel=\"noopener\">SolidSport<\/a>)<\/p>\n","protected":false},"excerpt":{"rendered":"<p>SM-liigan syyskuu saadaan otteluitten osalta p\u00e4\u00e4t\u00f6kseens\u00e4 keskiviikkona Dickenin is\u00e4nn\u00f6idess\u00e4 GrIFK:ta. Dickenin kauden avaus on ollut \u2013 ehk\u00e4 odotetustikin \u2013 monien muutosten my\u00f6t\u00e4 tahmea. SM-liigan avausottelussa SIF oli vahvempi ja Suomen Cupin puoliv\u00e4lier\u00e4ss\u00e4 HIFK voitti Dickenin, joten kauden voittotili on lauttasaarelaisilla viel\u00e4 avaamatta. Menestykseen tottuneen nuorentuneen joukkueen uudisrakennus on vasta alkanut, joten Dickeni\u00e4 ei kannata haasteistaan [&hellip;]<\/p>\n","protected":false},"author":13,"featured_media":36877,"comment_status":"closed","ping_status":"closed","sticky":false,"template":"","format":"standard","meta":{"_acf_changed":false,"jetpack_post_was_ever_published":false,"_jetpack_newsletter_access":"","_jetpack_dont_email_post_to_subs":false,"_jetpack_newsletter_tier_id":0,"_jetpack_memberships_contains_paywalled_content":false,"_jetpack_memberships_contains_paid_content":false,"footnotes":""},"categories":[290],"tags":[58,64],"class_list":["post-36876","post","type-post","status-publish","format-standard","has-post-thumbnail","hentry","category-ennakot-2022-2023","tag-dicken","tag-grifk"],"acf":[],"yoast_head":"<!-- This site is optimized with the Yoast SEO plugin v27.5 - https:\/\/yoast.com\/product\/yoast-seo-wordpress\/ -->\n<title>Dicken ja GrIFK kohtaavat keskiviikkona | K\u00e4sipallon miesten Aktialiiga<\/title>\n<meta name=\"robots\" content=\"index, follow, max-snippet:-1, max-image-preview:large, max-video-preview:-1\" \/>\n<link rel=\"canonical\" href=\"https:\/\/aktialiiga.fi\/miehet\/2022-2023\/ennakot-2022-2023\/dicken-ja-grifk-kohtaavat-keskiviikkona\/\" \/>\n<meta property=\"og:locale\" content=\"fi_FI\" \/>\n<meta property=\"og:type\" content=\"article\" \/>\n<meta property=\"og:title\" content=\"Dicken ja GrIFK kohtaavat keskiviikkona | K\u00e4sipallon miesten Aktialiiga\" \/>\n<meta property=\"og:description\" content=\"SM-liigan syyskuu saadaan otteluitten osalta p\u00e4\u00e4t\u00f6kseens\u00e4 keskiviikkona Dickenin is\u00e4nn\u00f6idess\u00e4 GrIFK:ta. Dickenin kauden avaus on ollut \u2013 ehk\u00e4 odotetustikin \u2013 monien muutosten my\u00f6t\u00e4 tahmea. SM-liigan avausottelussa SIF oli vahvempi ja Suomen Cupin puoliv\u00e4lier\u00e4ss\u00e4 HIFK voitti Dickenin, joten kauden voittotili on lauttasaarelaisilla viel\u00e4 avaamatta. Menestykseen tottuneen nuorentuneen joukkueen uudisrakennus on vasta alkanut, joten Dickeni\u00e4 ei kannata haasteistaan [&hellip;]\" \/>\n<meta property=\"og:url\" content=\"https:\/\/aktialiiga.fi\/miehet\/2022-2023\/ennakot-2022-2023\/dicken-ja-grifk-kohtaavat-keskiviikkona\/\" \/>\n<meta property=\"og:site_name\" content=\"K\u00e4sipallon miesten Aktialiiga\" \/>\n<meta property=\"article:publisher\" content=\"https:\/\/www.facebook.com\/finnhandball\" \/>\n<meta property=\"article:published_time\" content=\"2022-09-27T11:37:41+00:00\" \/>\n<meta property=\"og:image\" content=\"https:\/\/i0.wp.com\/aktialiiga.fi\/miehet\/wp-content\/uploads\/sites\/5\/2022\/09\/Dicken_Part_Armi_2122.jpg?fit=1200%2C498&ssl=1\" \/>\n\t<meta property=\"og:image:width\" content=\"1200\" \/>\n\t<meta property=\"og:image:height\" content=\"498\" \/>\n\t<meta property=\"og:image:type\" content=\"image\/jpeg\" \/>\n<meta name=\"author\" content=\"tbrmedia\" \/>\n<meta name=\"twitter:card\" content=\"summary_large_image\" \/>\n<meta name=\"twitter:creator\" content=\"@finnhandball\" \/>\n<meta name=\"twitter:site\" content=\"@finnhandball\" \/>\n<script type=\"application\/ld+json\" class=\"yoast-schema-graph\">{\"@context\":\"https:\\\/\\\/schema.org\",\"@graph\":[{\"@type\":\"Article\",\"@id\":\"https:\\\/\\\/aktialiiga.fi\\\/miehet\\\/2022-2023\\\/ennakot-2022-2023\\\/dicken-ja-grifk-kohtaavat-keskiviikkona\\\/#article\",\"isPartOf\":{\"@id\":\"https:\\\/\\\/aktialiiga.fi\\\/miehet\\\/2022-2023\\\/ennakot-2022-2023\\\/dicken-ja-grifk-kohtaavat-keskiviikkona\\\/\"},\"author\":{\"name\":\"tbrmedia\",\"@id\":\"https:\\\/\\\/aktialiiga.fi\\\/miehet\\\/#\\\/schema\\\/person\\\/c14bf42f47041db74603c45afcb18d87\"},\"headline\":\"Dicken ja GrIFK kohtaavat keskiviikkona\",\"datePublished\":\"2022-09-27T11:37:41+00:00\",\"mainEntityOfPage\":{\"@id\":\"https:\\\/\\\/aktialiiga.fi\\\/miehet\\\/2022-2023\\\/ennakot-2022-2023\\\/dicken-ja-grifk-kohtaavat-keskiviikkona\\\/\"},\"wordCount\":116,\"publisher\":{\"@id\":\"https:\\\/\\\/aktialiiga.fi\\\/miehet\\\/#organization\"},\"image\":{\"@id\":\"https:\\\/\\\/aktialiiga.fi\\\/miehet\\\/2022-2023\\\/ennakot-2022-2023\\\/dicken-ja-grifk-kohtaavat-keskiviikkona\\\/#primaryimage\"},\"thumbnailUrl\":\"https:\\\/\\\/i0.wp.com\\\/aktialiiga.fi\\\/miehet\\\/wp-content\\\/uploads\\\/sites\\\/5\\\/2022\\\/09\\\/Dicken_Part_Armi_2122.jpg?fit=1200%2C498&ssl=1\",\"keywords\":[\"Dicken\",\"GrIFK\"],\"articleSection\":[\"Ennakot\"],\"inLanguage\":\"fi\"},{\"@type\":\"WebPage\",\"@id\":\"https:\\\/\\\/aktialiiga.fi\\\/miehet\\\/2022-2023\\\/ennakot-2022-2023\\\/dicken-ja-grifk-kohtaavat-keskiviikkona\\\/\",\"url\":\"https:\\\/\\\/aktialiiga.fi\\\/miehet\\\/2022-2023\\\/ennakot-2022-2023\\\/dicken-ja-grifk-kohtaavat-keskiviikkona\\\/\",\"name\":\"Dicken ja GrIFK kohtaavat keskiviikkona | K\u00e4sipallon miesten Aktialiiga\",\"isPartOf\":{\"@id\":\"https:\\\/\\\/aktialiiga.fi\\\/miehet\\\/#website\"},\"primaryImageOfPage\":{\"@id\":\"https:\\\/\\\/aktialiiga.fi\\\/miehet\\\/2022-2023\\\/ennakot-2022-2023\\\/dicken-ja-grifk-kohtaavat-keskiviikkona\\\/#primaryimage\"},\"image\":{\"@id\":\"https:\\\/\\\/aktialiiga.fi\\\/miehet\\\/2022-2023\\\/ennakot-2022-2023\\\/dicken-ja-grifk-kohtaavat-keskiviikkona\\\/#primaryimage\"},\"thumbnailUrl\":\"https:\\\/\\\/i0.wp.com\\\/aktialiiga.fi\\\/miehet\\\/wp-content\\\/uploads\\\/sites\\\/5\\\/2022\\\/09\\\/Dicken_Part_Armi_2122.jpg?fit=1200%2C498&ssl=1\",\"datePublished\":\"2022-09-27T11:37:41+00:00\",\"breadcrumb\":{\"@id\":\"https:\\\/\\\/aktialiiga.fi\\\/miehet\\\/2022-2023\\\/ennakot-2022-2023\\\/dicken-ja-grifk-kohtaavat-keskiviikkona\\\/#breadcrumb\"},\"inLanguage\":\"fi\",\"potentialAction\":[{\"@type\":\"ReadAction\",\"target\":[\"https:\\\/\\\/aktialiiga.fi\\\/miehet\\\/2022-2023\\\/ennakot-2022-2023\\\/dicken-ja-grifk-kohtaavat-keskiviikkona\\\/\"]}]},{\"@type\":\"ImageObject\",\"inLanguage\":\"fi\",\"@id\":\"https:\\\/\\\/aktialiiga.fi\\\/miehet\\\/2022-2023\\\/ennakot-2022-2023\\\/dicken-ja-grifk-kohtaavat-keskiviikkona\\\/#primaryimage\",\"url\":\"https:\\\/\\\/i0.wp.com\\\/aktialiiga.fi\\\/miehet\\\/wp-content\\\/uploads\\\/sites\\\/5\\\/2022\\\/09\\\/Dicken_Part_Armi_2122.jpg?fit=1200%2C498&ssl=1\",\"contentUrl\":\"https:\\\/\\\/i0.wp.com\\\/aktialiiga.fi\\\/miehet\\\/wp-content\\\/uploads\\\/sites\\\/5\\\/2022\\\/09\\\/Dicken_Part_Armi_2122.jpg?fit=1200%2C498&ssl=1\",\"width\":1200,\"height\":498,\"caption\":\"Armi P\u00e4rt #50, Dicken K\u00e4sipallon miesten SM-liigan ottelussa Dicken - Hifk Pirkkolan palloiluhallissa 11. syyskuuta 2021. (Kalle Parkkinen\\\/Newspix24)\"},{\"@type\":\"BreadcrumbList\",\"@id\":\"https:\\\/\\\/aktialiiga.fi\\\/miehet\\\/2022-2023\\\/ennakot-2022-2023\\\/dicken-ja-grifk-kohtaavat-keskiviikkona\\\/#breadcrumb\",\"itemListElement\":[{\"@type\":\"ListItem\",\"position\":1,\"name\":\"Etusivu\",\"item\":\"https:\\\/\\\/aktialiiga.fi\\\/miehet\\\/\"},{\"@type\":\"ListItem\",\"position\":2,\"name\":\"Dicken ja GrIFK kohtaavat keskiviikkona\"}]},{\"@type\":\"WebSite\",\"@id\":\"https:\\\/\\\/aktialiiga.fi\\\/miehet\\\/#website\",\"url\":\"https:\\\/\\\/aktialiiga.fi\\\/miehet\\\/\",\"name\":\"K\u00e4sipallon miesten Aktialiiga\",\"description\":\"Valtakunnan vauhdikkainta palloilua!\",\"publisher\":{\"@id\":\"https:\\\/\\\/aktialiiga.fi\\\/miehet\\\/#organization\"},\"potentialAction\":[{\"@type\":\"SearchAction\",\"target\":{\"@type\":\"EntryPoint\",\"urlTemplate\":\"https:\\\/\\\/aktialiiga.fi\\\/miehet\\\/?s={search_term_string}\"},\"query-input\":{\"@type\":\"PropertyValueSpecification\",\"valueRequired\":true,\"valueName\":\"search_term_string\"}}],\"inLanguage\":\"fi\"},{\"@type\":\"Organization\",\"@id\":\"https:\\\/\\\/aktialiiga.fi\\\/miehet\\\/#organization\",\"name\":\"K\u00e4sipallon miesten Aktialiiga\",\"url\":\"https:\\\/\\\/aktialiiga.fi\\\/miehet\\\/\",\"logo\":{\"@type\":\"ImageObject\",\"inLanguage\":\"fi\",\"@id\":\"https:\\\/\\\/aktialiiga.fi\\\/miehet\\\/#\\\/schema\\\/logo\\\/image\\\/\",\"url\":\"https:\\\/\\\/i0.wp.com\\\/aktialiiga.fi\\\/miehet\\\/wp-content\\\/uploads\\\/sites\\\/5\\\/2024\\\/09\\\/Aktialiiga-Yoast-512.png?fit=512%2C512&ssl=1\",\"contentUrl\":\"https:\\\/\\\/i0.wp.com\\\/aktialiiga.fi\\\/miehet\\\/wp-content\\\/uploads\\\/sites\\\/5\\\/2024\\\/09\\\/Aktialiiga-Yoast-512.png?fit=512%2C512&ssl=1\",\"width\":512,\"height\":512,\"caption\":\"K\u00e4sipallon miesten Aktialiiga\"},\"image\":{\"@id\":\"https:\\\/\\\/aktialiiga.fi\\\/miehet\\\/#\\\/schema\\\/logo\\\/image\\\/\"},\"sameAs\":[\"https:\\\/\\\/www.facebook.com\\\/finnhandball\",\"https:\\\/\\\/x.com\\\/finnhandball\",\"https:\\\/\\\/www.instagram.com\\\/handballfinland\\\/\"]},{\"@type\":\"Person\",\"@id\":\"https:\\\/\\\/aktialiiga.fi\\\/miehet\\\/#\\\/schema\\\/person\\\/c14bf42f47041db74603c45afcb18d87\",\"name\":\"tbrmedia\",\"image\":{\"@type\":\"ImageObject\",\"inLanguage\":\"fi\",\"@id\":\"https:\\\/\\\/secure.gravatar.com\\\/avatar\\\/ee975fa091fe581d12b60debb3439022686618368a7c142044c56724d4666b16?s=96&d=mm&r=g\",\"url\":\"https:\\\/\\\/secure.gravatar.com\\\/avatar\\\/ee975fa091fe581d12b60debb3439022686618368a7c142044c56724d4666b16?s=96&d=mm&r=g\",\"contentUrl\":\"https:\\\/\\\/secure.gravatar.com\\\/avatar\\\/ee975fa091fe581d12b60debb3439022686618368a7c142044c56724d4666b16?s=96&d=mm&r=g\",\"caption\":\"tbrmedia\"}}]}<\/script>\n<!-- \/ Yoast SEO plugin. -->","yoast_head_json":{"title":"Dicken ja GrIFK kohtaavat keskiviikkona | K\u00e4sipallon miesten Aktialiiga","robots":{"index":"index","follow":"follow","max-snippet":"max-snippet:-1","max-image-preview":"max-image-preview:large","max-video-preview":"max-video-preview:-1"},"canonical":"https:\/\/aktialiiga.fi\/miehet\/2022-2023\/ennakot-2022-2023\/dicken-ja-grifk-kohtaavat-keskiviikkona\/","og_locale":"fi_FI","og_type":"article","og_title":"Dicken ja GrIFK kohtaavat keskiviikkona | K\u00e4sipallon miesten Aktialiiga","og_description":"SM-liigan syyskuu saadaan otteluitten osalta p\u00e4\u00e4t\u00f6kseens\u00e4 keskiviikkona Dickenin is\u00e4nn\u00f6idess\u00e4 GrIFK:ta. Dickenin kauden avaus on ollut \u2013 ehk\u00e4 odotetustikin \u2013 monien muutosten my\u00f6t\u00e4 tahmea. SM-liigan avausottelussa SIF oli vahvempi ja Suomen Cupin puoliv\u00e4lier\u00e4ss\u00e4 HIFK voitti Dickenin, joten kauden voittotili on lauttasaarelaisilla viel\u00e4 avaamatta. Menestykseen tottuneen nuorentuneen joukkueen uudisrakennus on vasta alkanut, joten Dickeni\u00e4 ei kannata haasteistaan [&hellip;]","og_url":"https:\/\/aktialiiga.fi\/miehet\/2022-2023\/ennakot-2022-2023\/dicken-ja-grifk-kohtaavat-keskiviikkona\/","og_site_name":"K\u00e4sipallon miesten Aktialiiga","article_publisher":"https:\/\/www.facebook.com\/finnhandball","article_published_time":"2022-09-27T11:37:41+00:00","og_image":[{"width":1200,"height":498,"url":"https:\/\/i0.wp.com\/aktialiiga.fi\/miehet\/wp-content\/uploads\/sites\/5\/2022\/09\/Dicken_Part_Armi_2122.jpg?fit=1200%2C498&ssl=1","type":"image\/jpeg"}],"author":"tbrmedia","twitter_card":"summary_large_image","twitter_creator":"@finnhandball","twitter_site":"@finnhandball","schema":{"@context":"https:\/\/schema.org","@graph":[{"@type":"Article","@id":"https:\/\/aktialiiga.fi\/miehet\/2022-2023\/ennakot-2022-2023\/dicken-ja-grifk-kohtaavat-keskiviikkona\/#article","isPartOf":{"@id":"https:\/\/aktialiiga.fi\/miehet\/2022-2023\/ennakot-2022-2023\/dicken-ja-grifk-kohtaavat-keskiviikkona\/"},"author":{"name":"tbrmedia","@id":"https:\/\/aktialiiga.fi\/miehet\/#\/schema\/person\/c14bf42f47041db74603c45afcb18d87"},"headline":"Dicken ja GrIFK kohtaavat keskiviikkona","datePublished":"2022-09-27T11:37:41+00:00","mainEntityOfPage":{"@id":"https:\/\/aktialiiga.fi\/miehet\/2022-2023\/ennakot-2022-2023\/dicken-ja-grifk-kohtaavat-keskiviikkona\/"},"wordCount":116,"publisher":{"@id":"https:\/\/aktialiiga.fi\/miehet\/#organization"},"image":{"@id":"https:\/\/aktialiiga.fi\/miehet\/2022-2023\/ennakot-2022-2023\/dicken-ja-grifk-kohtaavat-keskiviikkona\/#primaryimage"},"thumbnailUrl":"https:\/\/i0.wp.com\/aktialiiga.fi\/miehet\/wp-content\/uploads\/sites\/5\/2022\/09\/Dicken_Part_Armi_2122.jpg?fit=1200%2C498&ssl=1","keywords":["Dicken","GrIFK"],"articleSection":["Ennakot"],"inLanguage":"fi"},{"@type":"WebPage","@id":"https:\/\/aktialiiga.fi\/miehet\/2022-2023\/ennakot-2022-2023\/dicken-ja-grifk-kohtaavat-keskiviikkona\/","url":"https:\/\/aktialiiga.fi\/miehet\/2022-2023\/ennakot-2022-2023\/dicken-ja-grifk-kohtaavat-keskiviikkona\/","name":"Dicken ja GrIFK kohtaavat keskiviikkona | K\u00e4sipallon miesten Aktialiiga","isPartOf":{"@id":"https:\/\/aktialiiga.fi\/miehet\/#website"},"primaryImageOfPage":{"@id":"https:\/\/aktialiiga.fi\/miehet\/2022-2023\/ennakot-2022-2023\/dicken-ja-grifk-kohtaavat-keskiviikkona\/#primaryimage"},"image":{"@id":"https:\/\/aktialiiga.fi\/miehet\/2022-2023\/ennakot-2022-2023\/dicken-ja-grifk-kohtaavat-keskiviikkona\/#primaryimage"},"thumbnailUrl":"https:\/\/i0.wp.com\/aktialiiga.fi\/miehet\/wp-content\/uploads\/sites\/5\/2022\/09\/Dicken_Part_Armi_2122.jpg?fit=1200%2C498&ssl=1","datePublished":"2022-09-27T11:37:41+00:00","breadcrumb":{"@id":"https:\/\/aktialiiga.fi\/miehet\/2022-2023\/ennakot-2022-2023\/dicken-ja-grifk-kohtaavat-keskiviikkona\/#breadcrumb"},"inLanguage":"fi","potentialAction":[{"@type":"ReadAction","target":["https:\/\/aktialiiga.fi\/miehet\/2022-2023\/ennakot-2022-2023\/dicken-ja-grifk-kohtaavat-keskiviikkona\/"]}]},{"@type":"ImageObject","inLanguage":"fi","@id":"https:\/\/aktialiiga.fi\/miehet\/2022-2023\/ennakot-2022-2023\/dicken-ja-grifk-kohtaavat-keskiviikkona\/#primaryimage","url":"https:\/\/i0.wp.com\/aktialiiga.fi\/miehet\/wp-content\/uploads\/sites\/5\/2022\/09\/Dicken_Part_Armi_2122.jpg?fit=1200%2C498&ssl=1","contentUrl":"https:\/\/i0.wp.com\/aktialiiga.fi\/miehet\/wp-content\/uploads\/sites\/5\/2022\/09\/Dicken_Part_Armi_2122.jpg?fit=1200%2C498&ssl=1","width":1200,"height":498,"caption":"Armi P\u00e4rt #50, Dicken K\u00e4sipallon miesten SM-liigan ottelussa Dicken - Hifk Pirkkolan palloiluhallissa 11. syyskuuta 2021. (Kalle Parkkinen\/Newspix24)"},{"@type":"BreadcrumbList","@id":"https:\/\/aktialiiga.fi\/miehet\/2022-2023\/ennakot-2022-2023\/dicken-ja-grifk-kohtaavat-keskiviikkona\/#breadcrumb","itemListElement":[{"@type":"ListItem","position":1,"name":"Etusivu","item":"https:\/\/aktialiiga.fi\/miehet\/"},{"@type":"ListItem","position":2,"name":"Dicken ja GrIFK kohtaavat keskiviikkona"}]},{"@type":"WebSite","@id":"https:\/\/aktialiiga.fi\/miehet\/#website","url":"https:\/\/aktialiiga.fi\/miehet\/","name":"K\u00e4sipallon miesten Aktialiiga","description":"Valtakunnan vauhdikkainta palloilua!","publisher":{"@id":"https:\/\/aktialiiga.fi\/miehet\/#organization"},"potentialAction":[{"@type":"SearchAction","target":{"@type":"EntryPoint","urlTemplate":"https:\/\/aktialiiga.fi\/miehet\/?s={search_term_string}"},"query-input":{"@type":"PropertyValueSpecification","valueRequired":true,"valueName":"search_term_string"}}],"inLanguage":"fi"},{"@type":"Organization","@id":"https:\/\/aktialiiga.fi\/miehet\/#organization","name":"K\u00e4sipallon miesten Aktialiiga","url":"https:\/\/aktialiiga.fi\/miehet\/","logo":{"@type":"ImageObject","inLanguage":"fi","@id":"https:\/\/aktialiiga.fi\/miehet\/#\/schema\/logo\/image\/","url":"https:\/\/i0.wp.com\/aktialiiga.fi\/miehet\/wp-content\/uploads\/sites\/5\/2024\/09\/Aktialiiga-Yoast-512.png?fit=512%2C512&ssl=1","contentUrl":"https:\/\/i0.wp.com\/aktialiiga.fi\/miehet\/wp-content\/uploads\/sites\/5\/2024\/09\/Aktialiiga-Yoast-512.png?fit=512%2C512&ssl=1","width":512,"height":512,"caption":"K\u00e4sipallon miesten Aktialiiga"},"image":{"@id":"https:\/\/aktialiiga.fi\/miehet\/#\/schema\/logo\/image\/"},"sameAs":["https:\/\/www.facebook.com\/finnhandball","https:\/\/x.com\/finnhandball","https:\/\/www.instagram.com\/handballfinland\/"]},{"@type":"Person","@id":"https:\/\/aktialiiga.fi\/miehet\/#\/schema\/person\/c14bf42f47041db74603c45afcb18d87","name":"tbrmedia","image":{"@type":"ImageObject","inLanguage":"fi","@id":"https:\/\/secure.gravatar.com\/avatar\/ee975fa091fe581d12b60debb3439022686618368a7c142044c56724d4666b16?s=96&d=mm&r=g","url":"https:\/\/secure.gravatar.com\/avatar\/ee975fa091fe581d12b60debb3439022686618368a7c142044c56724d4666b16?s=96&d=mm&r=g","contentUrl":"https:\/\/secure.gravatar.com\/avatar\/ee975fa091fe581d12b60debb3439022686618368a7c142044c56724d4666b16?s=96&d=mm&r=g","caption":"tbrmedia"}}]}},"jetpack_featured_media_url":"https:\/\/i0.wp.com\/aktialiiga.fi\/miehet\/wp-content\/uploads\/sites\/5\/2022\/09\/Dicken_Part_Armi_2122.jpg?fit=1200%2C498&ssl=1","jetpack_sharing_enabled":true,"jetpack_shortlink":"https:\/\/wp.me\/pfTxOr-9AM","_links":{"self":[{"href":"https:\/\/aktialiiga.fi\/miehet\/wp-json\/wp\/v2\/posts\/36876","targetHints":{"allow":["GET"]}}],"collection":[{"href":"https:\/\/aktialiiga.fi\/miehet\/wp-json\/wp\/v2\/posts"}],"about":[{"href":"https:\/\/aktialiiga.fi\/miehet\/wp-json\/wp\/v2\/types\/post"}],"author":[{"embeddable":true,"href":"https:\/\/aktialiiga.fi\/miehet\/wp-json\/wp\/v2\/users\/13"}],"replies":[{"embeddable":true,"href":"https:\/\/aktialiiga.fi\/miehet\/wp-json\/wp\/v2\/comments?post=36876"}],"version-history":[{"count":0,"href":"https:\/\/aktialiiga.fi\/miehet\/wp-json\/wp\/v2\/posts\/36876\/revisions"}],"wp:featuredmedia":[{"embeddable":true,"href":"https:\/\/aktialiiga.fi\/miehet\/wp-json\/wp\/v2\/media\/36877"}],"wp:attachment":[{"href":"https:\/\/aktialiiga.fi\/miehet\/wp-json\/wp\/v2\/media?parent=36876"}],"wp:term":[{"taxonomy":"category","embeddable":true,"href":"https:\/\/aktialiiga.fi\/miehet\/wp-json\/wp\/v2\/categories?post=36876"},{"taxonomy":"post_tag","embeddable":true,"href":"https:\/\/aktialiiga.fi\/miehet\/wp-json\/wp\/v2\/tags?post=36876"}],"curies":[{"name":"wp","href":"https:\/\/api.w.org\/{rel}","templated":true}]}}