{"id":36893,"date":"2022-09-28T20:45:49","date_gmt":"2022-09-28T17:45:49","guid":{"rendered":"https:\/\/aktialiiga.fi\/miehet\/?p=36893"},"modified":"2022-09-28T22:10:44","modified_gmt":"2022-09-28T19:10:44","slug":"dicken-ja-grifk-tasapeliin-trillerissa","status":"publish","type":"post","link":"https:\/\/aktialiiga.fi\/miehet\/2022-2023\/ottelut-2022-23\/dicken-ja-grifk-tasapeliin-trillerissa\/","title":{"rendered":"Dicken ja GrIFK tasapeliin trilleriss\u00e4"},"content":{"rendered":"<p>Dicken ja GrIFK pelasivat keskiviikkona todellisen trillerin, joka p\u00e4\u00e4ttyi huipputasaisen toisen jakson p\u00e4\u00e4tteeksi pistejakoon.<\/p>\n<p>Grani aloitti ottelun ter\u00e4v\u00e4mmin, mutta Dicken sai nopeasti juonesta kiinni ja nousi tasoihin. Numeroista 7-7 vieraat kuitenkin nyk\u00e4isiv\u00e4t nopeasti nelj\u00e4n maalin eron ja johto pysyi suunnilleen samoilla lukemilla taukoon saakka.<\/p>\n<p>Dicken rutisti tauon j\u00e4lkeen tasoihin vajaassa kymmeness\u00e4 minuutissa ja t\u00e4m\u00e4n j\u00e4lkeen edettiin todella tasaisesti. Ero vaihteli maalin verran suuntaan ja toiseen loppuminuuteille saakka. Lopulta paremmuutta ei saatu ratkaistua ja pisteet jaettiin.<\/p>\n<p>Dickenin p\u00e4\u00e4valmentaja Ken Sirenius oli joukkueen peli-ilmeeseen tyytyv\u00e4inen.<\/p>\n<p>&#8211; Tulimme t\u00e4n\u00e4\u00e4n taistelemaan ja sen my\u00f6s teimme. Pieni\u00e4 askelia eteenp\u00e4in niin puolustuksessa kuin maalivahtipeliss\u00e4. Taas mentiin eteenp\u00e4in ja seh\u00e4n t\u00e4ss\u00e4 on tavoitteena. Sirenius summasi.<\/p>\n<p>GrIFK:n p\u00e4\u00e4valmentaja Mikael K\u00e4llman n\u00e4ki ev\u00e4it\u00e4 olleen enemp\u00e4\u00e4nkin, mutta harvinaista voittoa Pirkkolasta irronnut t\u00e4ll\u00e4k\u00e4\u00e4n kertaa.<\/p>\n<p>&#8211; Teimme liikaa virheit\u00e4 monella osa-alueella. Meill\u00e4 oli j\u00e4lleen vaikeaa Pirkkolassa, kuten usein aikaisemmin. T\u00e4ytyy varmaan olla tyytyv\u00e4inen pisteeseen.<\/p>\n<p>Ottelun parhaan pelaajan tittelin kuittasi nimiins\u00e4 Dickenin Roni Syrj\u00e4l\u00e4.<\/p>\n<p>&#8211; Tosi hyv\u00e4 taistelu koko matsin ajan. Ihan eri asenne kuin aikaisemmissa peleiss\u00e4 ja se n\u00e4kyi molemmissa p\u00e4iss\u00e4, Syrj\u00e4l\u00e4 kiitteli.<\/p>\n<p><strong>Dicken \u2013 GrIFK 29-29 (15-18)<\/strong><\/p>\n<p><strong>Maalintekij\u00e4t<\/strong>: maalit (7m maalit)<br \/>\nDicken: Filip S\u00f6derlund 9 (3), Roni Syrj\u00e4l\u00e4 8, Armi P\u00e4rt 5, Benny Broman 3, Benjamin Peitsaro 1, Jonatan Lehti 1, Santeri Hakkarainen 1, Joacim Broman 1<br \/>\nGrIFK. Anthony Hellakoski 7, Carl Weurlander 6, Peik Sj\u00f6blom 6, Fredrik von Troil 3, Jere Kantee 3 (2), Jonathan Almark 2, Alexander Qvist 1, Oscar Berglund 1<\/p>\n<p><strong>T\u00e4htipelaajat<\/strong><br \/>\nRoni Syrj\u00e4l\u00e4 Dicken 3<br \/>\nAnthony Hellakoski GrIFK 2<br \/>\nFilip S\u00f6derlund Dicken 1<\/p>\n<p><strong>2 min ulosajot sek\u00e4 pelist\u00e4 sulkemiset<\/strong><br \/>\nDicken: Armi P\u00e4rt 1 x 2 min, Benjamin Peitsaro 1 x 2 min, Jonatan Lehti 1 x 2 min<br \/>\nGrIFK: Anthony Hellakoski 1 x 2 min, Carl Weurlander 1 x 2 min, Miro Koljonen 1 x 2 min<\/p>\n<p><em>Erotuomarit<\/em>: Sami Kinnari &#8211; Johan Skogberg<\/p>\n<p><em>Yleis\u00f6\u00e4<\/em>: 157<\/p>\n","protected":false},"excerpt":{"rendered":"<p>Dicken ja GrIFK pelasivat keskiviikkona todellisen trillerin, joka p\u00e4\u00e4ttyi huipputasaisen toisen jakson p\u00e4\u00e4tteeksi pistejakoon. Grani aloitti ottelun ter\u00e4v\u00e4mmin, mutta Dicken sai nopeasti juonesta kiinni ja nousi tasoihin. Numeroista 7-7 vieraat kuitenkin nyk\u00e4isiv\u00e4t nopeasti nelj\u00e4n maalin eron ja johto pysyi suunnilleen samoilla lukemilla taukoon saakka. Dicken rutisti tauon j\u00e4lkeen tasoihin vajaassa kymmeness\u00e4 minuutissa ja t\u00e4m\u00e4n j\u00e4lkeen [&hellip;]<\/p>\n","protected":false},"author":13,"featured_media":29722,"comment_status":"closed","ping_status":"closed","sticky":false,"template":"","format":"standard","meta":{"_acf_changed":false,"jetpack_post_was_ever_published":false,"_jetpack_newsletter_access":"","_jetpack_dont_email_post_to_subs":false,"_jetpack_newsletter_tier_id":0,"_jetpack_memberships_contains_paywalled_content":false,"_jetpack_memberships_contains_paid_content":false,"footnotes":""},"categories":[285],"tags":[58,64],"class_list":["post-36893","post","type-post","status-publish","format-standard","has-post-thumbnail","hentry","category-ottelut-2022-23","tag-dicken","tag-grifk"],"acf":[],"yoast_head":"<!-- This site is optimized with the Yoast SEO plugin v27.5 - https:\/\/yoast.com\/product\/yoast-seo-wordpress\/ -->\n<title>Dicken ja GrIFK tasapeliin trilleriss\u00e4 | K\u00e4sipallon miesten Aktialiiga<\/title>\n<meta name=\"robots\" content=\"index, follow, max-snippet:-1, max-image-preview:large, max-video-preview:-1\" \/>\n<link rel=\"canonical\" href=\"https:\/\/aktialiiga.fi\/miehet\/2022-2023\/ottelut-2022-23\/dicken-ja-grifk-tasapeliin-trillerissa\/\" \/>\n<meta property=\"og:locale\" content=\"fi_FI\" \/>\n<meta property=\"og:type\" content=\"article\" \/>\n<meta property=\"og:title\" content=\"Dicken ja GrIFK tasapeliin trilleriss\u00e4 | K\u00e4sipallon miesten Aktialiiga\" \/>\n<meta property=\"og:description\" content=\"Dicken ja GrIFK pelasivat keskiviikkona todellisen trillerin, joka p\u00e4\u00e4ttyi huipputasaisen toisen jakson p\u00e4\u00e4tteeksi pistejakoon. Grani aloitti ottelun ter\u00e4v\u00e4mmin, mutta Dicken sai nopeasti juonesta kiinni ja nousi tasoihin. Numeroista 7-7 vieraat kuitenkin nyk\u00e4isiv\u00e4t nopeasti nelj\u00e4n maalin eron ja johto pysyi suunnilleen samoilla lukemilla taukoon saakka. Dicken rutisti tauon j\u00e4lkeen tasoihin vajaassa kymmeness\u00e4 minuutissa ja t\u00e4m\u00e4n j\u00e4lkeen [&hellip;]\" \/>\n<meta property=\"og:url\" content=\"https:\/\/aktialiiga.fi\/miehet\/2022-2023\/ottelut-2022-23\/dicken-ja-grifk-tasapeliin-trillerissa\/\" \/>\n<meta property=\"og:site_name\" content=\"K\u00e4sipallon miesten Aktialiiga\" \/>\n<meta property=\"article:publisher\" content=\"https:\/\/www.facebook.com\/finnhandball\" \/>\n<meta property=\"article:published_time\" content=\"2022-09-28T17:45:49+00:00\" \/>\n<meta property=\"article:modified_time\" content=\"2022-09-28T19:10:44+00:00\" \/>\n<meta property=\"og:image\" content=\"https:\/\/i0.wp.com\/aktialiiga.fi\/miehet\/wp-content\/uploads\/sites\/5\/2021\/09\/Soderlund_Filip_Dicken_2122.jpg?fit=950%2C364&ssl=1\" \/>\n\t<meta property=\"og:image:width\" content=\"950\" \/>\n\t<meta property=\"og:image:height\" content=\"364\" \/>\n\t<meta property=\"og:image:type\" content=\"image\/jpeg\" \/>\n<meta name=\"author\" content=\"tbrmedia\" \/>\n<meta name=\"twitter:card\" content=\"summary_large_image\" \/>\n<meta name=\"twitter:creator\" content=\"@finnhandball\" \/>\n<meta name=\"twitter:site\" content=\"@finnhandball\" \/>\n<script type=\"application\/ld+json\" class=\"yoast-schema-graph\">{\"@context\":\"https:\\\/\\\/schema.org\",\"@graph\":[{\"@type\":\"Article\",\"@id\":\"https:\\\/\\\/aktialiiga.fi\\\/miehet\\\/2022-2023\\\/ottelut-2022-23\\\/dicken-ja-grifk-tasapeliin-trillerissa\\\/#article\",\"isPartOf\":{\"@id\":\"https:\\\/\\\/aktialiiga.fi\\\/miehet\\\/2022-2023\\\/ottelut-2022-23\\\/dicken-ja-grifk-tasapeliin-trillerissa\\\/\"},\"author\":{\"name\":\"tbrmedia\",\"@id\":\"https:\\\/\\\/aktialiiga.fi\\\/miehet\\\/#\\\/schema\\\/person\\\/c14bf42f47041db74603c45afcb18d87\"},\"headline\":\"Dicken ja GrIFK tasapeliin trilleriss\u00e4\",\"datePublished\":\"2022-09-28T17:45:49+00:00\",\"dateModified\":\"2022-09-28T19:10:44+00:00\",\"mainEntityOfPage\":{\"@id\":\"https:\\\/\\\/aktialiiga.fi\\\/miehet\\\/2022-2023\\\/ottelut-2022-23\\\/dicken-ja-grifk-tasapeliin-trillerissa\\\/\"},\"wordCount\":312,\"publisher\":{\"@id\":\"https:\\\/\\\/aktialiiga.fi\\\/miehet\\\/#organization\"},\"image\":{\"@id\":\"https:\\\/\\\/aktialiiga.fi\\\/miehet\\\/2022-2023\\\/ottelut-2022-23\\\/dicken-ja-grifk-tasapeliin-trillerissa\\\/#primaryimage\"},\"thumbnailUrl\":\"https:\\\/\\\/i0.wp.com\\\/aktialiiga.fi\\\/miehet\\\/wp-content\\\/uploads\\\/sites\\\/5\\\/2021\\\/09\\\/Soderlund_Filip_Dicken_2122.jpg?fit=950%2C364&ssl=1\",\"keywords\":[\"Dicken\",\"GrIFK\"],\"articleSection\":[\"Ottelut\"],\"inLanguage\":\"fi\"},{\"@type\":\"WebPage\",\"@id\":\"https:\\\/\\\/aktialiiga.fi\\\/miehet\\\/2022-2023\\\/ottelut-2022-23\\\/dicken-ja-grifk-tasapeliin-trillerissa\\\/\",\"url\":\"https:\\\/\\\/aktialiiga.fi\\\/miehet\\\/2022-2023\\\/ottelut-2022-23\\\/dicken-ja-grifk-tasapeliin-trillerissa\\\/\",\"name\":\"Dicken ja GrIFK tasapeliin trilleriss\u00e4 | K\u00e4sipallon miesten Aktialiiga\",\"isPartOf\":{\"@id\":\"https:\\\/\\\/aktialiiga.fi\\\/miehet\\\/#website\"},\"primaryImageOfPage\":{\"@id\":\"https:\\\/\\\/aktialiiga.fi\\\/miehet\\\/2022-2023\\\/ottelut-2022-23\\\/dicken-ja-grifk-tasapeliin-trillerissa\\\/#primaryimage\"},\"image\":{\"@id\":\"https:\\\/\\\/aktialiiga.fi\\\/miehet\\\/2022-2023\\\/ottelut-2022-23\\\/dicken-ja-grifk-tasapeliin-trillerissa\\\/#primaryimage\"},\"thumbnailUrl\":\"https:\\\/\\\/i0.wp.com\\\/aktialiiga.fi\\\/miehet\\\/wp-content\\\/uploads\\\/sites\\\/5\\\/2021\\\/09\\\/Soderlund_Filip_Dicken_2122.jpg?fit=950%2C364&ssl=1\",\"datePublished\":\"2022-09-28T17:45:49+00:00\",\"dateModified\":\"2022-09-28T19:10:44+00:00\",\"breadcrumb\":{\"@id\":\"https:\\\/\\\/aktialiiga.fi\\\/miehet\\\/2022-2023\\\/ottelut-2022-23\\\/dicken-ja-grifk-tasapeliin-trillerissa\\\/#breadcrumb\"},\"inLanguage\":\"fi\",\"potentialAction\":[{\"@type\":\"ReadAction\",\"target\":[\"https:\\\/\\\/aktialiiga.fi\\\/miehet\\\/2022-2023\\\/ottelut-2022-23\\\/dicken-ja-grifk-tasapeliin-trillerissa\\\/\"]}]},{\"@type\":\"ImageObject\",\"inLanguage\":\"fi\",\"@id\":\"https:\\\/\\\/aktialiiga.fi\\\/miehet\\\/2022-2023\\\/ottelut-2022-23\\\/dicken-ja-grifk-tasapeliin-trillerissa\\\/#primaryimage\",\"url\":\"https:\\\/\\\/i0.wp.com\\\/aktialiiga.fi\\\/miehet\\\/wp-content\\\/uploads\\\/sites\\\/5\\\/2021\\\/09\\\/Soderlund_Filip_Dicken_2122.jpg?fit=950%2C364&ssl=1\",\"contentUrl\":\"https:\\\/\\\/i0.wp.com\\\/aktialiiga.fi\\\/miehet\\\/wp-content\\\/uploads\\\/sites\\\/5\\\/2021\\\/09\\\/Soderlund_Filip_Dicken_2122.jpg?fit=950%2C364&ssl=1\",\"width\":950,\"height\":364,\"caption\":\"Filip S\u00f6derlund #9, Dicken K\u00e4sipallon miesten SM-liigan ottelussa Dicken - Hifk Pirkkolan palloiluhallissa 11. syyskuuta 2021. (Kalle Parkkinen\\\/Newspix24)\"},{\"@type\":\"BreadcrumbList\",\"@id\":\"https:\\\/\\\/aktialiiga.fi\\\/miehet\\\/2022-2023\\\/ottelut-2022-23\\\/dicken-ja-grifk-tasapeliin-trillerissa\\\/#breadcrumb\",\"itemListElement\":[{\"@type\":\"ListItem\",\"position\":1,\"name\":\"Etusivu\",\"item\":\"https:\\\/\\\/aktialiiga.fi\\\/miehet\\\/\"},{\"@type\":\"ListItem\",\"position\":2,\"name\":\"Dicken ja GrIFK tasapeliin trilleriss\u00e4\"}]},{\"@type\":\"WebSite\",\"@id\":\"https:\\\/\\\/aktialiiga.fi\\\/miehet\\\/#website\",\"url\":\"https:\\\/\\\/aktialiiga.fi\\\/miehet\\\/\",\"name\":\"K\u00e4sipallon miesten Aktialiiga\",\"description\":\"Valtakunnan vauhdikkainta palloilua!\",\"publisher\":{\"@id\":\"https:\\\/\\\/aktialiiga.fi\\\/miehet\\\/#organization\"},\"potentialAction\":[{\"@type\":\"SearchAction\",\"target\":{\"@type\":\"EntryPoint\",\"urlTemplate\":\"https:\\\/\\\/aktialiiga.fi\\\/miehet\\\/?s={search_term_string}\"},\"query-input\":{\"@type\":\"PropertyValueSpecification\",\"valueRequired\":true,\"valueName\":\"search_term_string\"}}],\"inLanguage\":\"fi\"},{\"@type\":\"Organization\",\"@id\":\"https:\\\/\\\/aktialiiga.fi\\\/miehet\\\/#organization\",\"name\":\"K\u00e4sipallon miesten Aktialiiga\",\"url\":\"https:\\\/\\\/aktialiiga.fi\\\/miehet\\\/\",\"logo\":{\"@type\":\"ImageObject\",\"inLanguage\":\"fi\",\"@id\":\"https:\\\/\\\/aktialiiga.fi\\\/miehet\\\/#\\\/schema\\\/logo\\\/image\\\/\",\"url\":\"https:\\\/\\\/i0.wp.com\\\/aktialiiga.fi\\\/miehet\\\/wp-content\\\/uploads\\\/sites\\\/5\\\/2024\\\/09\\\/Aktialiiga-Yoast-512.png?fit=512%2C512&ssl=1\",\"contentUrl\":\"https:\\\/\\\/i0.wp.com\\\/aktialiiga.fi\\\/miehet\\\/wp-content\\\/uploads\\\/sites\\\/5\\\/2024\\\/09\\\/Aktialiiga-Yoast-512.png?fit=512%2C512&ssl=1\",\"width\":512,\"height\":512,\"caption\":\"K\u00e4sipallon miesten Aktialiiga\"},\"image\":{\"@id\":\"https:\\\/\\\/aktialiiga.fi\\\/miehet\\\/#\\\/schema\\\/logo\\\/image\\\/\"},\"sameAs\":[\"https:\\\/\\\/www.facebook.com\\\/finnhandball\",\"https:\\\/\\\/x.com\\\/finnhandball\",\"https:\\\/\\\/www.instagram.com\\\/handballfinland\\\/\"]},{\"@type\":\"Person\",\"@id\":\"https:\\\/\\\/aktialiiga.fi\\\/miehet\\\/#\\\/schema\\\/person\\\/c14bf42f47041db74603c45afcb18d87\",\"name\":\"tbrmedia\",\"image\":{\"@type\":\"ImageObject\",\"inLanguage\":\"fi\",\"@id\":\"https:\\\/\\\/secure.gravatar.com\\\/avatar\\\/ee975fa091fe581d12b60debb3439022686618368a7c142044c56724d4666b16?s=96&d=mm&r=g\",\"url\":\"https:\\\/\\\/secure.gravatar.com\\\/avatar\\\/ee975fa091fe581d12b60debb3439022686618368a7c142044c56724d4666b16?s=96&d=mm&r=g\",\"contentUrl\":\"https:\\\/\\\/secure.gravatar.com\\\/avatar\\\/ee975fa091fe581d12b60debb3439022686618368a7c142044c56724d4666b16?s=96&d=mm&r=g\",\"caption\":\"tbrmedia\"}}]}<\/script>\n<!-- \/ Yoast SEO plugin. -->","yoast_head_json":{"title":"Dicken ja GrIFK tasapeliin trilleriss\u00e4 | K\u00e4sipallon miesten Aktialiiga","robots":{"index":"index","follow":"follow","max-snippet":"max-snippet:-1","max-image-preview":"max-image-preview:large","max-video-preview":"max-video-preview:-1"},"canonical":"https:\/\/aktialiiga.fi\/miehet\/2022-2023\/ottelut-2022-23\/dicken-ja-grifk-tasapeliin-trillerissa\/","og_locale":"fi_FI","og_type":"article","og_title":"Dicken ja GrIFK tasapeliin trilleriss\u00e4 | K\u00e4sipallon miesten Aktialiiga","og_description":"Dicken ja GrIFK pelasivat keskiviikkona todellisen trillerin, joka p\u00e4\u00e4ttyi huipputasaisen toisen jakson p\u00e4\u00e4tteeksi pistejakoon. Grani aloitti ottelun ter\u00e4v\u00e4mmin, mutta Dicken sai nopeasti juonesta kiinni ja nousi tasoihin. Numeroista 7-7 vieraat kuitenkin nyk\u00e4isiv\u00e4t nopeasti nelj\u00e4n maalin eron ja johto pysyi suunnilleen samoilla lukemilla taukoon saakka. Dicken rutisti tauon j\u00e4lkeen tasoihin vajaassa kymmeness\u00e4 minuutissa ja t\u00e4m\u00e4n j\u00e4lkeen [&hellip;]","og_url":"https:\/\/aktialiiga.fi\/miehet\/2022-2023\/ottelut-2022-23\/dicken-ja-grifk-tasapeliin-trillerissa\/","og_site_name":"K\u00e4sipallon miesten Aktialiiga","article_publisher":"https:\/\/www.facebook.com\/finnhandball","article_published_time":"2022-09-28T17:45:49+00:00","article_modified_time":"2022-09-28T19:10:44+00:00","og_image":[{"width":950,"height":364,"url":"https:\/\/i0.wp.com\/aktialiiga.fi\/miehet\/wp-content\/uploads\/sites\/5\/2021\/09\/Soderlund_Filip_Dicken_2122.jpg?fit=950%2C364&ssl=1","type":"image\/jpeg"}],"author":"tbrmedia","twitter_card":"summary_large_image","twitter_creator":"@finnhandball","twitter_site":"@finnhandball","schema":{"@context":"https:\/\/schema.org","@graph":[{"@type":"Article","@id":"https:\/\/aktialiiga.fi\/miehet\/2022-2023\/ottelut-2022-23\/dicken-ja-grifk-tasapeliin-trillerissa\/#article","isPartOf":{"@id":"https:\/\/aktialiiga.fi\/miehet\/2022-2023\/ottelut-2022-23\/dicken-ja-grifk-tasapeliin-trillerissa\/"},"author":{"name":"tbrmedia","@id":"https:\/\/aktialiiga.fi\/miehet\/#\/schema\/person\/c14bf42f47041db74603c45afcb18d87"},"headline":"Dicken ja GrIFK tasapeliin trilleriss\u00e4","datePublished":"2022-09-28T17:45:49+00:00","dateModified":"2022-09-28T19:10:44+00:00","mainEntityOfPage":{"@id":"https:\/\/aktialiiga.fi\/miehet\/2022-2023\/ottelut-2022-23\/dicken-ja-grifk-tasapeliin-trillerissa\/"},"wordCount":312,"publisher":{"@id":"https:\/\/aktialiiga.fi\/miehet\/#organization"},"image":{"@id":"https:\/\/aktialiiga.fi\/miehet\/2022-2023\/ottelut-2022-23\/dicken-ja-grifk-tasapeliin-trillerissa\/#primaryimage"},"thumbnailUrl":"https:\/\/i0.wp.com\/aktialiiga.fi\/miehet\/wp-content\/uploads\/sites\/5\/2021\/09\/Soderlund_Filip_Dicken_2122.jpg?fit=950%2C364&ssl=1","keywords":["Dicken","GrIFK"],"articleSection":["Ottelut"],"inLanguage":"fi"},{"@type":"WebPage","@id":"https:\/\/aktialiiga.fi\/miehet\/2022-2023\/ottelut-2022-23\/dicken-ja-grifk-tasapeliin-trillerissa\/","url":"https:\/\/aktialiiga.fi\/miehet\/2022-2023\/ottelut-2022-23\/dicken-ja-grifk-tasapeliin-trillerissa\/","name":"Dicken ja GrIFK tasapeliin trilleriss\u00e4 | K\u00e4sipallon miesten Aktialiiga","isPartOf":{"@id":"https:\/\/aktialiiga.fi\/miehet\/#website"},"primaryImageOfPage":{"@id":"https:\/\/aktialiiga.fi\/miehet\/2022-2023\/ottelut-2022-23\/dicken-ja-grifk-tasapeliin-trillerissa\/#primaryimage"},"image":{"@id":"https:\/\/aktialiiga.fi\/miehet\/2022-2023\/ottelut-2022-23\/dicken-ja-grifk-tasapeliin-trillerissa\/#primaryimage"},"thumbnailUrl":"https:\/\/i0.wp.com\/aktialiiga.fi\/miehet\/wp-content\/uploads\/sites\/5\/2021\/09\/Soderlund_Filip_Dicken_2122.jpg?fit=950%2C364&ssl=1","datePublished":"2022-09-28T17:45:49+00:00","dateModified":"2022-09-28T19:10:44+00:00","breadcrumb":{"@id":"https:\/\/aktialiiga.fi\/miehet\/2022-2023\/ottelut-2022-23\/dicken-ja-grifk-tasapeliin-trillerissa\/#breadcrumb"},"inLanguage":"fi","potentialAction":[{"@type":"ReadAction","target":["https:\/\/aktialiiga.fi\/miehet\/2022-2023\/ottelut-2022-23\/dicken-ja-grifk-tasapeliin-trillerissa\/"]}]},{"@type":"ImageObject","inLanguage":"fi","@id":"https:\/\/aktialiiga.fi\/miehet\/2022-2023\/ottelut-2022-23\/dicken-ja-grifk-tasapeliin-trillerissa\/#primaryimage","url":"https:\/\/i0.wp.com\/aktialiiga.fi\/miehet\/wp-content\/uploads\/sites\/5\/2021\/09\/Soderlund_Filip_Dicken_2122.jpg?fit=950%2C364&ssl=1","contentUrl":"https:\/\/i0.wp.com\/aktialiiga.fi\/miehet\/wp-content\/uploads\/sites\/5\/2021\/09\/Soderlund_Filip_Dicken_2122.jpg?fit=950%2C364&ssl=1","width":950,"height":364,"caption":"Filip S\u00f6derlund #9, Dicken K\u00e4sipallon miesten SM-liigan ottelussa Dicken - Hifk Pirkkolan palloiluhallissa 11. syyskuuta 2021. (Kalle Parkkinen\/Newspix24)"},{"@type":"BreadcrumbList","@id":"https:\/\/aktialiiga.fi\/miehet\/2022-2023\/ottelut-2022-23\/dicken-ja-grifk-tasapeliin-trillerissa\/#breadcrumb","itemListElement":[{"@type":"ListItem","position":1,"name":"Etusivu","item":"https:\/\/aktialiiga.fi\/miehet\/"},{"@type":"ListItem","position":2,"name":"Dicken ja GrIFK tasapeliin trilleriss\u00e4"}]},{"@type":"WebSite","@id":"https:\/\/aktialiiga.fi\/miehet\/#website","url":"https:\/\/aktialiiga.fi\/miehet\/","name":"K\u00e4sipallon miesten Aktialiiga","description":"Valtakunnan vauhdikkainta palloilua!","publisher":{"@id":"https:\/\/aktialiiga.fi\/miehet\/#organization"},"potentialAction":[{"@type":"SearchAction","target":{"@type":"EntryPoint","urlTemplate":"https:\/\/aktialiiga.fi\/miehet\/?s={search_term_string}"},"query-input":{"@type":"PropertyValueSpecification","valueRequired":true,"valueName":"search_term_string"}}],"inLanguage":"fi"},{"@type":"Organization","@id":"https:\/\/aktialiiga.fi\/miehet\/#organization","name":"K\u00e4sipallon miesten Aktialiiga","url":"https:\/\/aktialiiga.fi\/miehet\/","logo":{"@type":"ImageObject","inLanguage":"fi","@id":"https:\/\/aktialiiga.fi\/miehet\/#\/schema\/logo\/image\/","url":"https:\/\/i0.wp.com\/aktialiiga.fi\/miehet\/wp-content\/uploads\/sites\/5\/2024\/09\/Aktialiiga-Yoast-512.png?fit=512%2C512&ssl=1","contentUrl":"https:\/\/i0.wp.com\/aktialiiga.fi\/miehet\/wp-content\/uploads\/sites\/5\/2024\/09\/Aktialiiga-Yoast-512.png?fit=512%2C512&ssl=1","width":512,"height":512,"caption":"K\u00e4sipallon miesten Aktialiiga"},"image":{"@id":"https:\/\/aktialiiga.fi\/miehet\/#\/schema\/logo\/image\/"},"sameAs":["https:\/\/www.facebook.com\/finnhandball","https:\/\/x.com\/finnhandball","https:\/\/www.instagram.com\/handballfinland\/"]},{"@type":"Person","@id":"https:\/\/aktialiiga.fi\/miehet\/#\/schema\/person\/c14bf42f47041db74603c45afcb18d87","name":"tbrmedia","image":{"@type":"ImageObject","inLanguage":"fi","@id":"https:\/\/secure.gravatar.com\/avatar\/ee975fa091fe581d12b60debb3439022686618368a7c142044c56724d4666b16?s=96&d=mm&r=g","url":"https:\/\/secure.gravatar.com\/avatar\/ee975fa091fe581d12b60debb3439022686618368a7c142044c56724d4666b16?s=96&d=mm&r=g","contentUrl":"https:\/\/secure.gravatar.com\/avatar\/ee975fa091fe581d12b60debb3439022686618368a7c142044c56724d4666b16?s=96&d=mm&r=g","caption":"tbrmedia"}}]}},"jetpack_featured_media_url":"https:\/\/i0.wp.com\/aktialiiga.fi\/miehet\/wp-content\/uploads\/sites\/5\/2021\/09\/Soderlund_Filip_Dicken_2122.jpg?fit=950%2C364&ssl=1","jetpack_sharing_enabled":true,"jetpack_shortlink":"https:\/\/wp.me\/pfTxOr-9B3","_links":{"self":[{"href":"https:\/\/aktialiiga.fi\/miehet\/wp-json\/wp\/v2\/posts\/36893","targetHints":{"allow":["GET"]}}],"collection":[{"href":"https:\/\/aktialiiga.fi\/miehet\/wp-json\/wp\/v2\/posts"}],"about":[{"href":"https:\/\/aktialiiga.fi\/miehet\/wp-json\/wp\/v2\/types\/post"}],"author":[{"embeddable":true,"href":"https:\/\/aktialiiga.fi\/miehet\/wp-json\/wp\/v2\/users\/13"}],"replies":[{"embeddable":true,"href":"https:\/\/aktialiiga.fi\/miehet\/wp-json\/wp\/v2\/comments?post=36893"}],"version-history":[{"count":0,"href":"https:\/\/aktialiiga.fi\/miehet\/wp-json\/wp\/v2\/posts\/36893\/revisions"}],"wp:featuredmedia":[{"embeddable":true,"href":"https:\/\/aktialiiga.fi\/miehet\/wp-json\/wp\/v2\/media\/29722"}],"wp:attachment":[{"href":"https:\/\/aktialiiga.fi\/miehet\/wp-json\/wp\/v2\/media?parent=36893"}],"wp:term":[{"taxonomy":"category","embeddable":true,"href":"https:\/\/aktialiiga.fi\/miehet\/wp-json\/wp\/v2\/categories?post=36893"},{"taxonomy":"post_tag","embeddable":true,"href":"https:\/\/aktialiiga.fi\/miehet\/wp-json\/wp\/v2\/tags?post=36893"}],"curies":[{"name":"wp","href":"https:\/\/api.w.org\/{rel}","templated":true}]}}