{"id":38089,"date":"2022-11-26T15:36:00","date_gmt":"2022-11-26T13:36:00","guid":{"rendered":"https:\/\/aktialiiga.fi\/miehet\/?p=38089"},"modified":"2022-11-26T16:59:27","modified_gmt":"2022-11-26T14:59:27","slug":"aifklle-kauden-avauspiste","status":"publish","type":"post","link":"https:\/\/aktialiiga.fi\/miehet\/2022-2023\/ottelut-2022-23\/aifklle-kauden-avauspiste\/","title":{"rendered":"\u00c5IFK:lle kauden avauspiste"},"content":{"rendered":"<p>\u00c5IFK avasi kauden pistetilins\u00e4 lauantaina, kun j\u00e4nnitt\u00e4v\u00e4 kamppailu HIFK:ta vastaan p\u00e4\u00e4ttyi Samppalinnassa pistejakoon.<\/p>\n<p>Vierailija HIFK aloitti ter\u00e4v\u00e4mmin, mutta \u00c5IFK sai nopeasti juonesta kiinni ja nousi tasoihin jo ennen avausjakson puoliv\u00e4li\u00e4. HIFK nyk\u00e4isi viel\u00e4 kertaalleen, mutta \u00c5IFK kuroi taas eron umpeen ja k\u00e4\u00e4nsi tilanteen niukasti edukseen tauon kynnyksell\u00e4.<\/p>\n<p>Toinen jakso alkoi tasaisena ja viel\u00e4 lukemissa 22-22 oltiin tasatilanteessa. T\u00e4st\u00e4 \u00c5IFK alkoi v\u00e4hitellen ottaa johtoasemaa haltuunsa, mutta HIFK roikkui muutaman maalin tuntumassa. Viimeisell\u00e4 kymmenminuuttisella HIFK nousi viel\u00e4 rinnalle ja tasatahtia edettiin loppuun saakka.<\/p>\n<p>\u00c5IFK-luotsi Aku Kuusistoa pistetilin saaminen auki l\u00e4mmitti.<\/p>\n<p>&#8211; Mahtava taistelu ja niin ansaittu piste meid\u00e4n kundeille. Voittoonkin oli t\u00e4n\u00e4\u00e4n sauma, mutta t\u00e4m\u00e4 tuntuu t\u00e4rke\u00e4lt\u00e4 jo koko joukkueelle. Viikko on ollut flunssainen ja sit\u00e4 my\u00f6ten haastava, mutta emme hyv\u00e4ksyneet sit\u00e4 t\u00e4n\u00e4\u00e4n tekosyyn\u00e4, Kuusisto sanaili.<\/p>\n<p>&#8211; Yksi toive mulla olisi: enemm\u00e4n yleis\u00f6\u00e4 ja omia junnuja taas katsomaan, se olisi koko seuralle t\u00e4rke\u00e4\u00e4!<\/p>\n<p>My\u00f6s ottelun parhaana pelaajana palkittu \u00c5IFK:n Kristian Jansson oli esitykseen tyytyv\u00e4inen.<\/p>\n<p>&#8211; Meill\u00e4 oli hyv\u00e4 puolustus ja maalivahdeiltamme n\u00e4htiin hyvi\u00e4 torjuntoja &#8211; sit\u00e4 kautta t\u00e4m\u00e4 tulos, Jansson kertasi.<\/p>\n<p><strong>\u00c5IFK \u2013 HIFK 31-31 (16-15)<\/strong><\/p>\n<p><strong>Maalintekij\u00e4t<\/strong>: maalit (7m maalit)<br \/>\n\u00c5IFK: Wilhelm Hammarberg 8, Aleksandar Trenchevski 6, Valter Georgs 5, Kristian Jansson 4, Ilija Krstevski 3 (1), Liam Ranta-aho 2, Cajus Maskula 2, Elias Nyman 1<br \/>\nHIFK: Rui Coelho Martins Rolo 9, Oscar Udd 5 (2), Vladimir Knopinskii 5 (2), Joel Hagstr\u00f6m 3, Viktor Gr\u00f6nmark 3, Antti Koskela 2, Andr\u00e9 Udd 1 (1), Aliaksandr Tsitou 1, Jakob Valdemar Meinander 1, Bogdan Klepa 1<\/p>\n<p><strong>T\u00e4htipelaajat<\/strong><br \/>\nKristian Jansson \u00c5IFK 3<br \/>\nRui Coelho Martins Rolo HIFK 2<br \/>\nValter Georgs \u00c5IFK 1<\/p>\n<p><strong>2 min ulosajot sek\u00e4 pelist\u00e4 sulkemiset<\/strong><br \/>\n\u00c5IFK: Aleksandar Trenchevski 2 x 2 min, Liam Ranta-aho 1 x 2 min, Robin Keto 1 x 2 min, Robin Mattsson 1 x 2 min<br \/>\nHIFK: Antti Koskela 1 x 2 min, Rui Coelho Martins Rolo 1 x 2 min, Viktor Gr\u00f6nmark 1 x 2 min<\/p>\n<p><em>Erotuomarit<\/em>: Mikael Voionmaa &#8211; Sami Kinnari<\/p>\n<p><em>Yleis\u00f6\u00e4<\/em>: 66<\/p>\n","protected":false},"excerpt":{"rendered":"<p>\u00c5IFK avasi kauden pistetilins\u00e4 lauantaina, kun j\u00e4nnitt\u00e4v\u00e4 kamppailu HIFK:ta vastaan p\u00e4\u00e4ttyi Samppalinnassa pistejakoon. Vierailija HIFK aloitti ter\u00e4v\u00e4mmin, mutta \u00c5IFK sai nopeasti juonesta kiinni ja nousi tasoihin jo ennen avausjakson puoliv\u00e4li\u00e4. HIFK nyk\u00e4isi viel\u00e4 kertaalleen, mutta \u00c5IFK kuroi taas eron umpeen ja k\u00e4\u00e4nsi tilanteen niukasti edukseen tauon kynnyksell\u00e4. Toinen jakso alkoi tasaisena ja viel\u00e4 lukemissa 22-22 [&hellip;]<\/p>\n","protected":false},"author":13,"featured_media":38090,"comment_status":"closed","ping_status":"closed","sticky":false,"template":"","format":"standard","meta":{"_acf_changed":false,"jetpack_post_was_ever_published":false,"_jetpack_newsletter_access":"","_jetpack_dont_email_post_to_subs":false,"_jetpack_newsletter_tier_id":0,"_jetpack_memberships_contains_paywalled_content":false,"_jetpack_memberships_contains_paid_content":false,"footnotes":""},"categories":[285],"tags":[50,71],"class_list":["post-38089","post","type-post","status-publish","format-standard","has-post-thumbnail","hentry","category-ottelut-2022-23","tag-aifk","tag-hifk"],"acf":[],"yoast_head":"<!-- This site is optimized with the Yoast SEO plugin v27.4 - https:\/\/yoast.com\/product\/yoast-seo-wordpress\/ -->\n<title>\u00c5IFK:lle kauden avauspiste | K\u00e4sipallon miesten Aktialiiga<\/title>\n<meta name=\"robots\" content=\"index, follow, max-snippet:-1, max-image-preview:large, max-video-preview:-1\" \/>\n<link rel=\"canonical\" href=\"https:\/\/aktialiiga.fi\/miehet\/2022-2023\/ottelut-2022-23\/aifklle-kauden-avauspiste\/\" \/>\n<meta property=\"og:locale\" content=\"fi_FI\" \/>\n<meta property=\"og:type\" content=\"article\" \/>\n<meta property=\"og:title\" content=\"\u00c5IFK:lle kauden avauspiste | K\u00e4sipallon miesten Aktialiiga\" \/>\n<meta property=\"og:description\" content=\"\u00c5IFK avasi kauden pistetilins\u00e4 lauantaina, kun j\u00e4nnitt\u00e4v\u00e4 kamppailu HIFK:ta vastaan p\u00e4\u00e4ttyi Samppalinnassa pistejakoon. Vierailija HIFK aloitti ter\u00e4v\u00e4mmin, mutta \u00c5IFK sai nopeasti juonesta kiinni ja nousi tasoihin jo ennen avausjakson puoliv\u00e4li\u00e4. HIFK nyk\u00e4isi viel\u00e4 kertaalleen, mutta \u00c5IFK kuroi taas eron umpeen ja k\u00e4\u00e4nsi tilanteen niukasti edukseen tauon kynnyksell\u00e4. Toinen jakso alkoi tasaisena ja viel\u00e4 lukemissa 22-22 [&hellip;]\" \/>\n<meta property=\"og:url\" content=\"https:\/\/aktialiiga.fi\/miehet\/2022-2023\/ottelut-2022-23\/aifklle-kauden-avauspiste\/\" \/>\n<meta property=\"og:site_name\" content=\"K\u00e4sipallon miesten Aktialiiga\" \/>\n<meta property=\"article:publisher\" content=\"https:\/\/www.facebook.com\/finnhandball\" \/>\n<meta property=\"article:published_time\" content=\"2022-11-26T13:36:00+00:00\" \/>\n<meta property=\"article:modified_time\" content=\"2022-11-26T14:59:27+00:00\" \/>\n<meta property=\"og:image\" content=\"https:\/\/i0.wp.com\/aktialiiga.fi\/miehet\/wp-content\/uploads\/sites\/5\/2022\/11\/AIFK_Georgs_Walter_2122.jpg?fit=1099%2C451&ssl=1\" \/>\n\t<meta property=\"og:image:width\" content=\"1099\" \/>\n\t<meta property=\"og:image:height\" content=\"451\" \/>\n\t<meta property=\"og:image:type\" content=\"image\/jpeg\" \/>\n<meta name=\"author\" content=\"tbrmedia\" \/>\n<meta name=\"twitter:card\" content=\"summary_large_image\" \/>\n<meta name=\"twitter:creator\" content=\"@finnhandball\" \/>\n<meta name=\"twitter:site\" content=\"@finnhandball\" \/>\n<script type=\"application\/ld+json\" class=\"yoast-schema-graph\">{\"@context\":\"https:\\\/\\\/schema.org\",\"@graph\":[{\"@type\":\"Article\",\"@id\":\"https:\\\/\\\/aktialiiga.fi\\\/miehet\\\/2022-2023\\\/ottelut-2022-23\\\/aifklle-kauden-avauspiste\\\/#article\",\"isPartOf\":{\"@id\":\"https:\\\/\\\/aktialiiga.fi\\\/miehet\\\/2022-2023\\\/ottelut-2022-23\\\/aifklle-kauden-avauspiste\\\/\"},\"author\":{\"name\":\"tbrmedia\",\"@id\":\"https:\\\/\\\/aktialiiga.fi\\\/miehet\\\/#\\\/schema\\\/person\\\/c14bf42f47041db74603c45afcb18d87\"},\"headline\":\"\u00c5IFK:lle kauden avauspiste\",\"datePublished\":\"2022-11-26T13:36:00+00:00\",\"dateModified\":\"2022-11-26T14:59:27+00:00\",\"mainEntityOfPage\":{\"@id\":\"https:\\\/\\\/aktialiiga.fi\\\/miehet\\\/2022-2023\\\/ottelut-2022-23\\\/aifklle-kauden-avauspiste\\\/\"},\"wordCount\":312,\"publisher\":{\"@id\":\"https:\\\/\\\/aktialiiga.fi\\\/miehet\\\/#organization\"},\"image\":{\"@id\":\"https:\\\/\\\/aktialiiga.fi\\\/miehet\\\/2022-2023\\\/ottelut-2022-23\\\/aifklle-kauden-avauspiste\\\/#primaryimage\"},\"thumbnailUrl\":\"https:\\\/\\\/i0.wp.com\\\/aktialiiga.fi\\\/miehet\\\/wp-content\\\/uploads\\\/sites\\\/5\\\/2022\\\/11\\\/AIFK_Georgs_Walter_2122.jpg?fit=1099%2C451&ssl=1\",\"keywords\":[\"\u00c5IFK\",\"HIFK\"],\"articleSection\":[\"Ottelut\"],\"inLanguage\":\"fi\"},{\"@type\":\"WebPage\",\"@id\":\"https:\\\/\\\/aktialiiga.fi\\\/miehet\\\/2022-2023\\\/ottelut-2022-23\\\/aifklle-kauden-avauspiste\\\/\",\"url\":\"https:\\\/\\\/aktialiiga.fi\\\/miehet\\\/2022-2023\\\/ottelut-2022-23\\\/aifklle-kauden-avauspiste\\\/\",\"name\":\"\u00c5IFK:lle kauden avauspiste | K\u00e4sipallon miesten Aktialiiga\",\"isPartOf\":{\"@id\":\"https:\\\/\\\/aktialiiga.fi\\\/miehet\\\/#website\"},\"primaryImageOfPage\":{\"@id\":\"https:\\\/\\\/aktialiiga.fi\\\/miehet\\\/2022-2023\\\/ottelut-2022-23\\\/aifklle-kauden-avauspiste\\\/#primaryimage\"},\"image\":{\"@id\":\"https:\\\/\\\/aktialiiga.fi\\\/miehet\\\/2022-2023\\\/ottelut-2022-23\\\/aifklle-kauden-avauspiste\\\/#primaryimage\"},\"thumbnailUrl\":\"https:\\\/\\\/i0.wp.com\\\/aktialiiga.fi\\\/miehet\\\/wp-content\\\/uploads\\\/sites\\\/5\\\/2022\\\/11\\\/AIFK_Georgs_Walter_2122.jpg?fit=1099%2C451&ssl=1\",\"datePublished\":\"2022-11-26T13:36:00+00:00\",\"dateModified\":\"2022-11-26T14:59:27+00:00\",\"breadcrumb\":{\"@id\":\"https:\\\/\\\/aktialiiga.fi\\\/miehet\\\/2022-2023\\\/ottelut-2022-23\\\/aifklle-kauden-avauspiste\\\/#breadcrumb\"},\"inLanguage\":\"fi\",\"potentialAction\":[{\"@type\":\"ReadAction\",\"target\":[\"https:\\\/\\\/aktialiiga.fi\\\/miehet\\\/2022-2023\\\/ottelut-2022-23\\\/aifklle-kauden-avauspiste\\\/\"]}]},{\"@type\":\"ImageObject\",\"inLanguage\":\"fi\",\"@id\":\"https:\\\/\\\/aktialiiga.fi\\\/miehet\\\/2022-2023\\\/ottelut-2022-23\\\/aifklle-kauden-avauspiste\\\/#primaryimage\",\"url\":\"https:\\\/\\\/i0.wp.com\\\/aktialiiga.fi\\\/miehet\\\/wp-content\\\/uploads\\\/sites\\\/5\\\/2022\\\/11\\\/AIFK_Georgs_Walter_2122.jpg?fit=1099%2C451&ssl=1\",\"contentUrl\":\"https:\\\/\\\/i0.wp.com\\\/aktialiiga.fi\\\/miehet\\\/wp-content\\\/uploads\\\/sites\\\/5\\\/2022\\\/11\\\/AIFK_Georgs_Walter_2122.jpg?fit=1099%2C451&ssl=1\",\"width\":1099,\"height\":451,\"caption\":\"k\u00e4sipallon miesten SM-liigan ottelussa BK-46 - \u00c5IFK Karjaan Urheiluhalli 25. syyskuuta 2021. (Kalle Parkkinen\\\/Newspix24)\"},{\"@type\":\"BreadcrumbList\",\"@id\":\"https:\\\/\\\/aktialiiga.fi\\\/miehet\\\/2022-2023\\\/ottelut-2022-23\\\/aifklle-kauden-avauspiste\\\/#breadcrumb\",\"itemListElement\":[{\"@type\":\"ListItem\",\"position\":1,\"name\":\"Etusivu\",\"item\":\"https:\\\/\\\/aktialiiga.fi\\\/miehet\\\/\"},{\"@type\":\"ListItem\",\"position\":2,\"name\":\"\u00c5IFK:lle kauden avauspiste\"}]},{\"@type\":\"WebSite\",\"@id\":\"https:\\\/\\\/aktialiiga.fi\\\/miehet\\\/#website\",\"url\":\"https:\\\/\\\/aktialiiga.fi\\\/miehet\\\/\",\"name\":\"K\u00e4sipallon miesten Aktialiiga\",\"description\":\"Valtakunnan vauhdikkainta palloilua!\",\"publisher\":{\"@id\":\"https:\\\/\\\/aktialiiga.fi\\\/miehet\\\/#organization\"},\"potentialAction\":[{\"@type\":\"SearchAction\",\"target\":{\"@type\":\"EntryPoint\",\"urlTemplate\":\"https:\\\/\\\/aktialiiga.fi\\\/miehet\\\/?s={search_term_string}\"},\"query-input\":{\"@type\":\"PropertyValueSpecification\",\"valueRequired\":true,\"valueName\":\"search_term_string\"}}],\"inLanguage\":\"fi\"},{\"@type\":\"Organization\",\"@id\":\"https:\\\/\\\/aktialiiga.fi\\\/miehet\\\/#organization\",\"name\":\"K\u00e4sipallon miesten Aktialiiga\",\"url\":\"https:\\\/\\\/aktialiiga.fi\\\/miehet\\\/\",\"logo\":{\"@type\":\"ImageObject\",\"inLanguage\":\"fi\",\"@id\":\"https:\\\/\\\/aktialiiga.fi\\\/miehet\\\/#\\\/schema\\\/logo\\\/image\\\/\",\"url\":\"https:\\\/\\\/i0.wp.com\\\/aktialiiga.fi\\\/miehet\\\/wp-content\\\/uploads\\\/sites\\\/5\\\/2024\\\/09\\\/Aktialiiga-Yoast-512.png?fit=512%2C512&ssl=1\",\"contentUrl\":\"https:\\\/\\\/i0.wp.com\\\/aktialiiga.fi\\\/miehet\\\/wp-content\\\/uploads\\\/sites\\\/5\\\/2024\\\/09\\\/Aktialiiga-Yoast-512.png?fit=512%2C512&ssl=1\",\"width\":512,\"height\":512,\"caption\":\"K\u00e4sipallon miesten Aktialiiga\"},\"image\":{\"@id\":\"https:\\\/\\\/aktialiiga.fi\\\/miehet\\\/#\\\/schema\\\/logo\\\/image\\\/\"},\"sameAs\":[\"https:\\\/\\\/www.facebook.com\\\/finnhandball\",\"https:\\\/\\\/x.com\\\/finnhandball\",\"https:\\\/\\\/www.instagram.com\\\/handballfinland\\\/\"]},{\"@type\":\"Person\",\"@id\":\"https:\\\/\\\/aktialiiga.fi\\\/miehet\\\/#\\\/schema\\\/person\\\/c14bf42f47041db74603c45afcb18d87\",\"name\":\"tbrmedia\",\"image\":{\"@type\":\"ImageObject\",\"inLanguage\":\"fi\",\"@id\":\"https:\\\/\\\/secure.gravatar.com\\\/avatar\\\/ee975fa091fe581d12b60debb3439022686618368a7c142044c56724d4666b16?s=96&d=mm&r=g\",\"url\":\"https:\\\/\\\/secure.gravatar.com\\\/avatar\\\/ee975fa091fe581d12b60debb3439022686618368a7c142044c56724d4666b16?s=96&d=mm&r=g\",\"contentUrl\":\"https:\\\/\\\/secure.gravatar.com\\\/avatar\\\/ee975fa091fe581d12b60debb3439022686618368a7c142044c56724d4666b16?s=96&d=mm&r=g\",\"caption\":\"tbrmedia\"}}]}<\/script>\n<!-- \/ Yoast SEO plugin. -->","yoast_head_json":{"title":"\u00c5IFK:lle kauden avauspiste | K\u00e4sipallon miesten Aktialiiga","robots":{"index":"index","follow":"follow","max-snippet":"max-snippet:-1","max-image-preview":"max-image-preview:large","max-video-preview":"max-video-preview:-1"},"canonical":"https:\/\/aktialiiga.fi\/miehet\/2022-2023\/ottelut-2022-23\/aifklle-kauden-avauspiste\/","og_locale":"fi_FI","og_type":"article","og_title":"\u00c5IFK:lle kauden avauspiste | K\u00e4sipallon miesten Aktialiiga","og_description":"\u00c5IFK avasi kauden pistetilins\u00e4 lauantaina, kun j\u00e4nnitt\u00e4v\u00e4 kamppailu HIFK:ta vastaan p\u00e4\u00e4ttyi Samppalinnassa pistejakoon. Vierailija HIFK aloitti ter\u00e4v\u00e4mmin, mutta \u00c5IFK sai nopeasti juonesta kiinni ja nousi tasoihin jo ennen avausjakson puoliv\u00e4li\u00e4. HIFK nyk\u00e4isi viel\u00e4 kertaalleen, mutta \u00c5IFK kuroi taas eron umpeen ja k\u00e4\u00e4nsi tilanteen niukasti edukseen tauon kynnyksell\u00e4. Toinen jakso alkoi tasaisena ja viel\u00e4 lukemissa 22-22 [&hellip;]","og_url":"https:\/\/aktialiiga.fi\/miehet\/2022-2023\/ottelut-2022-23\/aifklle-kauden-avauspiste\/","og_site_name":"K\u00e4sipallon miesten Aktialiiga","article_publisher":"https:\/\/www.facebook.com\/finnhandball","article_published_time":"2022-11-26T13:36:00+00:00","article_modified_time":"2022-11-26T14:59:27+00:00","og_image":[{"width":1099,"height":451,"url":"https:\/\/i0.wp.com\/aktialiiga.fi\/miehet\/wp-content\/uploads\/sites\/5\/2022\/11\/AIFK_Georgs_Walter_2122.jpg?fit=1099%2C451&ssl=1","type":"image\/jpeg"}],"author":"tbrmedia","twitter_card":"summary_large_image","twitter_creator":"@finnhandball","twitter_site":"@finnhandball","schema":{"@context":"https:\/\/schema.org","@graph":[{"@type":"Article","@id":"https:\/\/aktialiiga.fi\/miehet\/2022-2023\/ottelut-2022-23\/aifklle-kauden-avauspiste\/#article","isPartOf":{"@id":"https:\/\/aktialiiga.fi\/miehet\/2022-2023\/ottelut-2022-23\/aifklle-kauden-avauspiste\/"},"author":{"name":"tbrmedia","@id":"https:\/\/aktialiiga.fi\/miehet\/#\/schema\/person\/c14bf42f47041db74603c45afcb18d87"},"headline":"\u00c5IFK:lle kauden avauspiste","datePublished":"2022-11-26T13:36:00+00:00","dateModified":"2022-11-26T14:59:27+00:00","mainEntityOfPage":{"@id":"https:\/\/aktialiiga.fi\/miehet\/2022-2023\/ottelut-2022-23\/aifklle-kauden-avauspiste\/"},"wordCount":312,"publisher":{"@id":"https:\/\/aktialiiga.fi\/miehet\/#organization"},"image":{"@id":"https:\/\/aktialiiga.fi\/miehet\/2022-2023\/ottelut-2022-23\/aifklle-kauden-avauspiste\/#primaryimage"},"thumbnailUrl":"https:\/\/i0.wp.com\/aktialiiga.fi\/miehet\/wp-content\/uploads\/sites\/5\/2022\/11\/AIFK_Georgs_Walter_2122.jpg?fit=1099%2C451&ssl=1","keywords":["\u00c5IFK","HIFK"],"articleSection":["Ottelut"],"inLanguage":"fi"},{"@type":"WebPage","@id":"https:\/\/aktialiiga.fi\/miehet\/2022-2023\/ottelut-2022-23\/aifklle-kauden-avauspiste\/","url":"https:\/\/aktialiiga.fi\/miehet\/2022-2023\/ottelut-2022-23\/aifklle-kauden-avauspiste\/","name":"\u00c5IFK:lle kauden avauspiste | K\u00e4sipallon miesten Aktialiiga","isPartOf":{"@id":"https:\/\/aktialiiga.fi\/miehet\/#website"},"primaryImageOfPage":{"@id":"https:\/\/aktialiiga.fi\/miehet\/2022-2023\/ottelut-2022-23\/aifklle-kauden-avauspiste\/#primaryimage"},"image":{"@id":"https:\/\/aktialiiga.fi\/miehet\/2022-2023\/ottelut-2022-23\/aifklle-kauden-avauspiste\/#primaryimage"},"thumbnailUrl":"https:\/\/i0.wp.com\/aktialiiga.fi\/miehet\/wp-content\/uploads\/sites\/5\/2022\/11\/AIFK_Georgs_Walter_2122.jpg?fit=1099%2C451&ssl=1","datePublished":"2022-11-26T13:36:00+00:00","dateModified":"2022-11-26T14:59:27+00:00","breadcrumb":{"@id":"https:\/\/aktialiiga.fi\/miehet\/2022-2023\/ottelut-2022-23\/aifklle-kauden-avauspiste\/#breadcrumb"},"inLanguage":"fi","potentialAction":[{"@type":"ReadAction","target":["https:\/\/aktialiiga.fi\/miehet\/2022-2023\/ottelut-2022-23\/aifklle-kauden-avauspiste\/"]}]},{"@type":"ImageObject","inLanguage":"fi","@id":"https:\/\/aktialiiga.fi\/miehet\/2022-2023\/ottelut-2022-23\/aifklle-kauden-avauspiste\/#primaryimage","url":"https:\/\/i0.wp.com\/aktialiiga.fi\/miehet\/wp-content\/uploads\/sites\/5\/2022\/11\/AIFK_Georgs_Walter_2122.jpg?fit=1099%2C451&ssl=1","contentUrl":"https:\/\/i0.wp.com\/aktialiiga.fi\/miehet\/wp-content\/uploads\/sites\/5\/2022\/11\/AIFK_Georgs_Walter_2122.jpg?fit=1099%2C451&ssl=1","width":1099,"height":451,"caption":"k\u00e4sipallon miesten SM-liigan ottelussa BK-46 - \u00c5IFK Karjaan Urheiluhalli 25. syyskuuta 2021. (Kalle Parkkinen\/Newspix24)"},{"@type":"BreadcrumbList","@id":"https:\/\/aktialiiga.fi\/miehet\/2022-2023\/ottelut-2022-23\/aifklle-kauden-avauspiste\/#breadcrumb","itemListElement":[{"@type":"ListItem","position":1,"name":"Etusivu","item":"https:\/\/aktialiiga.fi\/miehet\/"},{"@type":"ListItem","position":2,"name":"\u00c5IFK:lle kauden avauspiste"}]},{"@type":"WebSite","@id":"https:\/\/aktialiiga.fi\/miehet\/#website","url":"https:\/\/aktialiiga.fi\/miehet\/","name":"K\u00e4sipallon miesten Aktialiiga","description":"Valtakunnan vauhdikkainta palloilua!","publisher":{"@id":"https:\/\/aktialiiga.fi\/miehet\/#organization"},"potentialAction":[{"@type":"SearchAction","target":{"@type":"EntryPoint","urlTemplate":"https:\/\/aktialiiga.fi\/miehet\/?s={search_term_string}"},"query-input":{"@type":"PropertyValueSpecification","valueRequired":true,"valueName":"search_term_string"}}],"inLanguage":"fi"},{"@type":"Organization","@id":"https:\/\/aktialiiga.fi\/miehet\/#organization","name":"K\u00e4sipallon miesten Aktialiiga","url":"https:\/\/aktialiiga.fi\/miehet\/","logo":{"@type":"ImageObject","inLanguage":"fi","@id":"https:\/\/aktialiiga.fi\/miehet\/#\/schema\/logo\/image\/","url":"https:\/\/i0.wp.com\/aktialiiga.fi\/miehet\/wp-content\/uploads\/sites\/5\/2024\/09\/Aktialiiga-Yoast-512.png?fit=512%2C512&ssl=1","contentUrl":"https:\/\/i0.wp.com\/aktialiiga.fi\/miehet\/wp-content\/uploads\/sites\/5\/2024\/09\/Aktialiiga-Yoast-512.png?fit=512%2C512&ssl=1","width":512,"height":512,"caption":"K\u00e4sipallon miesten Aktialiiga"},"image":{"@id":"https:\/\/aktialiiga.fi\/miehet\/#\/schema\/logo\/image\/"},"sameAs":["https:\/\/www.facebook.com\/finnhandball","https:\/\/x.com\/finnhandball","https:\/\/www.instagram.com\/handballfinland\/"]},{"@type":"Person","@id":"https:\/\/aktialiiga.fi\/miehet\/#\/schema\/person\/c14bf42f47041db74603c45afcb18d87","name":"tbrmedia","image":{"@type":"ImageObject","inLanguage":"fi","@id":"https:\/\/secure.gravatar.com\/avatar\/ee975fa091fe581d12b60debb3439022686618368a7c142044c56724d4666b16?s=96&d=mm&r=g","url":"https:\/\/secure.gravatar.com\/avatar\/ee975fa091fe581d12b60debb3439022686618368a7c142044c56724d4666b16?s=96&d=mm&r=g","contentUrl":"https:\/\/secure.gravatar.com\/avatar\/ee975fa091fe581d12b60debb3439022686618368a7c142044c56724d4666b16?s=96&d=mm&r=g","caption":"tbrmedia"}}]}},"jetpack_featured_media_url":"https:\/\/i0.wp.com\/aktialiiga.fi\/miehet\/wp-content\/uploads\/sites\/5\/2022\/11\/AIFK_Georgs_Walter_2122.jpg?fit=1099%2C451&ssl=1","jetpack_sharing_enabled":true,"jetpack_shortlink":"https:\/\/wp.me\/pfTxOr-9Ul","_links":{"self":[{"href":"https:\/\/aktialiiga.fi\/miehet\/wp-json\/wp\/v2\/posts\/38089","targetHints":{"allow":["GET"]}}],"collection":[{"href":"https:\/\/aktialiiga.fi\/miehet\/wp-json\/wp\/v2\/posts"}],"about":[{"href":"https:\/\/aktialiiga.fi\/miehet\/wp-json\/wp\/v2\/types\/post"}],"author":[{"embeddable":true,"href":"https:\/\/aktialiiga.fi\/miehet\/wp-json\/wp\/v2\/users\/13"}],"replies":[{"embeddable":true,"href":"https:\/\/aktialiiga.fi\/miehet\/wp-json\/wp\/v2\/comments?post=38089"}],"version-history":[{"count":0,"href":"https:\/\/aktialiiga.fi\/miehet\/wp-json\/wp\/v2\/posts\/38089\/revisions"}],"wp:featuredmedia":[{"embeddable":true,"href":"https:\/\/aktialiiga.fi\/miehet\/wp-json\/wp\/v2\/media\/38090"}],"wp:attachment":[{"href":"https:\/\/aktialiiga.fi\/miehet\/wp-json\/wp\/v2\/media?parent=38089"}],"wp:term":[{"taxonomy":"category","embeddable":true,"href":"https:\/\/aktialiiga.fi\/miehet\/wp-json\/wp\/v2\/categories?post=38089"},{"taxonomy":"post_tag","embeddable":true,"href":"https:\/\/aktialiiga.fi\/miehet\/wp-json\/wp\/v2\/tags?post=38089"}],"curies":[{"name":"wp","href":"https:\/\/api.w.org\/{rel}","templated":true}]}}