{"id":38148,"date":"2022-11-30T21:06:36","date_gmt":"2022-11-30T19:06:36","guid":{"rendered":"https:\/\/aktialiiga.fi\/miehet\/?p=38148"},"modified":"2022-11-30T21:12:36","modified_gmt":"2022-11-30T19:12:36","slug":"dicken-otti-pisteet-aifklta","status":"publish","type":"post","link":"https:\/\/aktialiiga.fi\/miehet\/2022-2023\/ottelut-2022-23\/dicken-otti-pisteet-aifklta\/","title":{"rendered":"Dicken otti pisteet \u00c5IFK:lta"},"content":{"rendered":"<p>Dicken vahvisti asemiaan taistelussa paikasta SM-liigan nelj\u00e4n parhaan joukossa kaatamalla keskiviikkona \u00c5IFK:n.<\/p>\n<p>Dicken otti ottelun haltuunsa heti alusta alkaen ja johti jo reilun kymmenen minuutin pelin j\u00e4lkeen maalein 11-3. \u00c5IFK p\u00e4\u00e4si t\u00e4m\u00e4n j\u00e4lkeen peliin paremmin mukaan ja kavensi eroa. Dicken rep\u00e4isi uudestaan ja \u00c5IFK nousi tauon alla taas viiden maalin p\u00e4\u00e4h\u00e4n.<\/p>\n<p>Toisella jaksolla Dicken piti johdostaan kiinni, mutta ei p\u00e4\u00e4ssyt varsinaisesti karkaamaan miss\u00e4\u00e4n vaiheessa. Nelj\u00e4\u00e4 maalia l\u00e4hemm\u00e4s \u00c5IFK ei kuitenkaan p\u00e4\u00e4ssyt ja Dicken piti pisteet varmasti hallussaan loppuminuuteilla.<\/p>\n<p>Dickenin p\u00e4\u00e4valmentaja Ken Sirenius oli helpottunut kahdesta pisteest\u00e4.<\/p>\n<p>&#8211; Saatiin homma tehty\u00e4, ei se aina kaunista ollut. \u00c5IFK haastoi meit\u00e4 hyvin korkealla puolustuksella melkein koko 60 minuuttia. Osittain selvitettiin se ihan hyvin ilman sen suurempaa yhteispeli\u00e4, enemm\u00e4n intuitiolla. Ensi kerralla ollaan siihenkin valmistautuneempia, Sirenius lupasi.<\/p>\n<p>\u00c5IFK:n p\u00e4\u00e4valmentaja Aku Kuusisto harmitteli otteen karkaamista Dickenille jo alkuminuuteilla.<\/p>\n<p>&#8211; Ei oltu alussa hereill\u00e4, onnittelut Dickenille, Kuusisto kuittasi.<\/p>\n<p>Ottelun parhaan pelaajan tittelin vei nimiins\u00e4 Dickenin Roni Syrj\u00e4l\u00e4.<\/p>\n<p>&#8211; Saatiin nyt pitk\u00e4st\u00e4 aikaan keskiviikkona tosi hyv\u00e4 asenne p\u00e4\u00e4lle heti alkuun, meill\u00e4 on ollut hieman vaikeuksia keskiviikkopelien kanssa. Nyt saatiin tosi hyv\u00e4 startti ja siit\u00e4 kautta sitten oli helpompaa loppupeli. Pelattiin omaa peli\u00e4, Syrj\u00e4l\u00e4 summasi.<\/p>\n<p><strong>Dicken \u2013 \u00c5IFK 30-23 (18-13)<\/strong><\/p>\n<p><strong>Maalintekij\u00e4t<\/strong>: maalit (7m maalit)<br \/>\nDicken: Roni Syrj\u00e4l\u00e4 8, Filip S\u00f6derlund 7, Benjamin Peitsaro 5, Joacim Broman 4, Armi P\u00e4rt 3, Benny Broman 3<br \/>\n\u00c5IFK: Niklas Manderoos 7 (1), Wilhelm Hammarberg 7, Rasmus Norstr\u00f6m 4, Elias Nyman 2, Aleksandar Trenchevski 1, Cajus Maskula 1, Kristian Jansson 1<\/p>\n<p><strong>T\u00e4htipelaajat<\/strong><br \/>\nRoni Syrj\u00e4l\u00e4 Dicken 3<br \/>\nNiklas Manderoos \u00c5IFK 2<br \/>\nFilip S\u00f6derlund Dicken 1<\/p>\n<p><strong>2 min ulosajot sek\u00e4 pelist\u00e4 sulkemiset<\/strong><br \/>\nDicken: Armi P\u00e4rt 1 x 2 min<br \/>\n\u00c5IFK: Aleksandar Trenchevski 2 x 2 min, Rasmus Norstr\u00f6m 1 x 2 min<\/p>\n<p><em>Erotuomarit<\/em>: Sami Kinnari &#8211; Johan Skogberg<\/p>\n<p><em>Yleis\u00f6\u00e4<\/em>: 143<\/p>\n","protected":false},"excerpt":{"rendered":"<p>Dicken vahvisti asemiaan taistelussa paikasta SM-liigan nelj\u00e4n parhaan joukossa kaatamalla keskiviikkona \u00c5IFK:n. Dicken otti ottelun haltuunsa heti alusta alkaen ja johti jo reilun kymmenen minuutin pelin j\u00e4lkeen maalein 11-3. \u00c5IFK p\u00e4\u00e4si t\u00e4m\u00e4n j\u00e4lkeen peliin paremmin mukaan ja kavensi eroa. Dicken rep\u00e4isi uudestaan ja \u00c5IFK nousi tauon alla taas viiden maalin p\u00e4\u00e4h\u00e4n. Toisella jaksolla Dicken piti [&hellip;]<\/p>\n","protected":false},"author":13,"featured_media":37199,"comment_status":"closed","ping_status":"closed","sticky":false,"template":"","format":"standard","meta":{"_acf_changed":false,"jetpack_post_was_ever_published":false,"_jetpack_newsletter_access":"","_jetpack_dont_email_post_to_subs":false,"_jetpack_newsletter_tier_id":0,"_jetpack_memberships_contains_paywalled_content":false,"_jetpack_memberships_contains_paid_content":false,"footnotes":""},"categories":[285],"tags":[50,58],"class_list":["post-38148","post","type-post","status-publish","format-standard","has-post-thumbnail","hentry","category-ottelut-2022-23","tag-aifk","tag-dicken"],"acf":[],"yoast_head":"<!-- This site is optimized with the Yoast SEO plugin v27.4 - https:\/\/yoast.com\/product\/yoast-seo-wordpress\/ -->\n<title>Dicken otti pisteet \u00c5IFK:lta | K\u00e4sipallon miesten Aktialiiga<\/title>\n<meta name=\"robots\" content=\"index, follow, max-snippet:-1, max-image-preview:large, max-video-preview:-1\" \/>\n<link rel=\"canonical\" href=\"https:\/\/aktialiiga.fi\/miehet\/2022-2023\/ottelut-2022-23\/dicken-otti-pisteet-aifklta\/\" \/>\n<meta property=\"og:locale\" content=\"fi_FI\" \/>\n<meta property=\"og:type\" content=\"article\" \/>\n<meta property=\"og:title\" content=\"Dicken otti pisteet \u00c5IFK:lta | K\u00e4sipallon miesten Aktialiiga\" \/>\n<meta property=\"og:description\" content=\"Dicken vahvisti asemiaan taistelussa paikasta SM-liigan nelj\u00e4n parhaan joukossa kaatamalla keskiviikkona \u00c5IFK:n. Dicken otti ottelun haltuunsa heti alusta alkaen ja johti jo reilun kymmenen minuutin pelin j\u00e4lkeen maalein 11-3. \u00c5IFK p\u00e4\u00e4si t\u00e4m\u00e4n j\u00e4lkeen peliin paremmin mukaan ja kavensi eroa. Dicken rep\u00e4isi uudestaan ja \u00c5IFK nousi tauon alla taas viiden maalin p\u00e4\u00e4h\u00e4n. Toisella jaksolla Dicken piti [&hellip;]\" \/>\n<meta property=\"og:url\" content=\"https:\/\/aktialiiga.fi\/miehet\/2022-2023\/ottelut-2022-23\/dicken-otti-pisteet-aifklta\/\" \/>\n<meta property=\"og:site_name\" content=\"K\u00e4sipallon miesten Aktialiiga\" \/>\n<meta property=\"article:publisher\" content=\"https:\/\/www.facebook.com\/finnhandball\" \/>\n<meta property=\"article:published_time\" content=\"2022-11-30T19:06:36+00:00\" \/>\n<meta property=\"article:modified_time\" content=\"2022-11-30T19:12:36+00:00\" \/>\n<meta property=\"og:image\" content=\"https:\/\/i0.wp.com\/aktialiiga.fi\/miehet\/wp-content\/uploads\/sites\/5\/2022\/10\/Dicken_Soderlund_Filip_2122b.jpg?fit=1650%2C696&ssl=1\" \/>\n\t<meta property=\"og:image:width\" content=\"1650\" \/>\n\t<meta property=\"og:image:height\" content=\"696\" \/>\n\t<meta property=\"og:image:type\" content=\"image\/jpeg\" \/>\n<meta name=\"author\" content=\"tbrmedia\" \/>\n<meta name=\"twitter:card\" content=\"summary_large_image\" \/>\n<meta name=\"twitter:creator\" content=\"@finnhandball\" \/>\n<meta name=\"twitter:site\" content=\"@finnhandball\" \/>\n<script type=\"application\/ld+json\" class=\"yoast-schema-graph\">{\"@context\":\"https:\\\/\\\/schema.org\",\"@graph\":[{\"@type\":\"Article\",\"@id\":\"https:\\\/\\\/aktialiiga.fi\\\/miehet\\\/2022-2023\\\/ottelut-2022-23\\\/dicken-otti-pisteet-aifklta\\\/#article\",\"isPartOf\":{\"@id\":\"https:\\\/\\\/aktialiiga.fi\\\/miehet\\\/2022-2023\\\/ottelut-2022-23\\\/dicken-otti-pisteet-aifklta\\\/\"},\"author\":{\"name\":\"tbrmedia\",\"@id\":\"https:\\\/\\\/aktialiiga.fi\\\/miehet\\\/#\\\/schema\\\/person\\\/c14bf42f47041db74603c45afcb18d87\"},\"headline\":\"Dicken otti pisteet \u00c5IFK:lta\",\"datePublished\":\"2022-11-30T19:06:36+00:00\",\"dateModified\":\"2022-11-30T19:12:36+00:00\",\"mainEntityOfPage\":{\"@id\":\"https:\\\/\\\/aktialiiga.fi\\\/miehet\\\/2022-2023\\\/ottelut-2022-23\\\/dicken-otti-pisteet-aifklta\\\/\"},\"wordCount\":296,\"publisher\":{\"@id\":\"https:\\\/\\\/aktialiiga.fi\\\/miehet\\\/#organization\"},\"image\":{\"@id\":\"https:\\\/\\\/aktialiiga.fi\\\/miehet\\\/2022-2023\\\/ottelut-2022-23\\\/dicken-otti-pisteet-aifklta\\\/#primaryimage\"},\"thumbnailUrl\":\"https:\\\/\\\/i0.wp.com\\\/aktialiiga.fi\\\/miehet\\\/wp-content\\\/uploads\\\/sites\\\/5\\\/2022\\\/10\\\/Dicken_Soderlund_Filip_2122b.jpg?fit=1650%2C696&ssl=1\",\"keywords\":[\"\u00c5IFK\",\"Dicken\"],\"articleSection\":[\"Ottelut\"],\"inLanguage\":\"fi\"},{\"@type\":\"WebPage\",\"@id\":\"https:\\\/\\\/aktialiiga.fi\\\/miehet\\\/2022-2023\\\/ottelut-2022-23\\\/dicken-otti-pisteet-aifklta\\\/\",\"url\":\"https:\\\/\\\/aktialiiga.fi\\\/miehet\\\/2022-2023\\\/ottelut-2022-23\\\/dicken-otti-pisteet-aifklta\\\/\",\"name\":\"Dicken otti pisteet \u00c5IFK:lta | K\u00e4sipallon miesten Aktialiiga\",\"isPartOf\":{\"@id\":\"https:\\\/\\\/aktialiiga.fi\\\/miehet\\\/#website\"},\"primaryImageOfPage\":{\"@id\":\"https:\\\/\\\/aktialiiga.fi\\\/miehet\\\/2022-2023\\\/ottelut-2022-23\\\/dicken-otti-pisteet-aifklta\\\/#primaryimage\"},\"image\":{\"@id\":\"https:\\\/\\\/aktialiiga.fi\\\/miehet\\\/2022-2023\\\/ottelut-2022-23\\\/dicken-otti-pisteet-aifklta\\\/#primaryimage\"},\"thumbnailUrl\":\"https:\\\/\\\/i0.wp.com\\\/aktialiiga.fi\\\/miehet\\\/wp-content\\\/uploads\\\/sites\\\/5\\\/2022\\\/10\\\/Dicken_Soderlund_Filip_2122b.jpg?fit=1650%2C696&ssl=1\",\"datePublished\":\"2022-11-30T19:06:36+00:00\",\"dateModified\":\"2022-11-30T19:12:36+00:00\",\"breadcrumb\":{\"@id\":\"https:\\\/\\\/aktialiiga.fi\\\/miehet\\\/2022-2023\\\/ottelut-2022-23\\\/dicken-otti-pisteet-aifklta\\\/#breadcrumb\"},\"inLanguage\":\"fi\",\"potentialAction\":[{\"@type\":\"ReadAction\",\"target\":[\"https:\\\/\\\/aktialiiga.fi\\\/miehet\\\/2022-2023\\\/ottelut-2022-23\\\/dicken-otti-pisteet-aifklta\\\/\"]}]},{\"@type\":\"ImageObject\",\"inLanguage\":\"fi\",\"@id\":\"https:\\\/\\\/aktialiiga.fi\\\/miehet\\\/2022-2023\\\/ottelut-2022-23\\\/dicken-otti-pisteet-aifklta\\\/#primaryimage\",\"url\":\"https:\\\/\\\/i0.wp.com\\\/aktialiiga.fi\\\/miehet\\\/wp-content\\\/uploads\\\/sites\\\/5\\\/2022\\\/10\\\/Dicken_Soderlund_Filip_2122b.jpg?fit=1650%2C696&ssl=1\",\"contentUrl\":\"https:\\\/\\\/i0.wp.com\\\/aktialiiga.fi\\\/miehet\\\/wp-content\\\/uploads\\\/sites\\\/5\\\/2022\\\/10\\\/Dicken_Soderlund_Filip_2122b.jpg?fit=1650%2C696&ssl=1\",\"width\":1650,\"height\":696,\"caption\":\"Filip S\u00f6derlund #9, Dicken ja Evgeny Semenov #71, HifkK\u00e4sipallon miesten SM-liigan ottelussa Dicken - Hifk Pirkkolan palloiluhallissa 11. syyskuuta 2021. (Kalle Parkkinen\\\/Newspix24)\"},{\"@type\":\"BreadcrumbList\",\"@id\":\"https:\\\/\\\/aktialiiga.fi\\\/miehet\\\/2022-2023\\\/ottelut-2022-23\\\/dicken-otti-pisteet-aifklta\\\/#breadcrumb\",\"itemListElement\":[{\"@type\":\"ListItem\",\"position\":1,\"name\":\"Etusivu\",\"item\":\"https:\\\/\\\/aktialiiga.fi\\\/miehet\\\/\"},{\"@type\":\"ListItem\",\"position\":2,\"name\":\"Dicken otti pisteet \u00c5IFK:lta\"}]},{\"@type\":\"WebSite\",\"@id\":\"https:\\\/\\\/aktialiiga.fi\\\/miehet\\\/#website\",\"url\":\"https:\\\/\\\/aktialiiga.fi\\\/miehet\\\/\",\"name\":\"K\u00e4sipallon miesten Aktialiiga\",\"description\":\"Valtakunnan vauhdikkainta palloilua!\",\"publisher\":{\"@id\":\"https:\\\/\\\/aktialiiga.fi\\\/miehet\\\/#organization\"},\"potentialAction\":[{\"@type\":\"SearchAction\",\"target\":{\"@type\":\"EntryPoint\",\"urlTemplate\":\"https:\\\/\\\/aktialiiga.fi\\\/miehet\\\/?s={search_term_string}\"},\"query-input\":{\"@type\":\"PropertyValueSpecification\",\"valueRequired\":true,\"valueName\":\"search_term_string\"}}],\"inLanguage\":\"fi\"},{\"@type\":\"Organization\",\"@id\":\"https:\\\/\\\/aktialiiga.fi\\\/miehet\\\/#organization\",\"name\":\"K\u00e4sipallon miesten Aktialiiga\",\"url\":\"https:\\\/\\\/aktialiiga.fi\\\/miehet\\\/\",\"logo\":{\"@type\":\"ImageObject\",\"inLanguage\":\"fi\",\"@id\":\"https:\\\/\\\/aktialiiga.fi\\\/miehet\\\/#\\\/schema\\\/logo\\\/image\\\/\",\"url\":\"https:\\\/\\\/i0.wp.com\\\/aktialiiga.fi\\\/miehet\\\/wp-content\\\/uploads\\\/sites\\\/5\\\/2024\\\/09\\\/Aktialiiga-Yoast-512.png?fit=512%2C512&ssl=1\",\"contentUrl\":\"https:\\\/\\\/i0.wp.com\\\/aktialiiga.fi\\\/miehet\\\/wp-content\\\/uploads\\\/sites\\\/5\\\/2024\\\/09\\\/Aktialiiga-Yoast-512.png?fit=512%2C512&ssl=1\",\"width\":512,\"height\":512,\"caption\":\"K\u00e4sipallon miesten Aktialiiga\"},\"image\":{\"@id\":\"https:\\\/\\\/aktialiiga.fi\\\/miehet\\\/#\\\/schema\\\/logo\\\/image\\\/\"},\"sameAs\":[\"https:\\\/\\\/www.facebook.com\\\/finnhandball\",\"https:\\\/\\\/x.com\\\/finnhandball\",\"https:\\\/\\\/www.instagram.com\\\/handballfinland\\\/\"]},{\"@type\":\"Person\",\"@id\":\"https:\\\/\\\/aktialiiga.fi\\\/miehet\\\/#\\\/schema\\\/person\\\/c14bf42f47041db74603c45afcb18d87\",\"name\":\"tbrmedia\",\"image\":{\"@type\":\"ImageObject\",\"inLanguage\":\"fi\",\"@id\":\"https:\\\/\\\/secure.gravatar.com\\\/avatar\\\/ee975fa091fe581d12b60debb3439022686618368a7c142044c56724d4666b16?s=96&d=mm&r=g\",\"url\":\"https:\\\/\\\/secure.gravatar.com\\\/avatar\\\/ee975fa091fe581d12b60debb3439022686618368a7c142044c56724d4666b16?s=96&d=mm&r=g\",\"contentUrl\":\"https:\\\/\\\/secure.gravatar.com\\\/avatar\\\/ee975fa091fe581d12b60debb3439022686618368a7c142044c56724d4666b16?s=96&d=mm&r=g\",\"caption\":\"tbrmedia\"}}]}<\/script>\n<!-- \/ Yoast SEO plugin. -->","yoast_head_json":{"title":"Dicken otti pisteet \u00c5IFK:lta | K\u00e4sipallon miesten Aktialiiga","robots":{"index":"index","follow":"follow","max-snippet":"max-snippet:-1","max-image-preview":"max-image-preview:large","max-video-preview":"max-video-preview:-1"},"canonical":"https:\/\/aktialiiga.fi\/miehet\/2022-2023\/ottelut-2022-23\/dicken-otti-pisteet-aifklta\/","og_locale":"fi_FI","og_type":"article","og_title":"Dicken otti pisteet \u00c5IFK:lta | K\u00e4sipallon miesten Aktialiiga","og_description":"Dicken vahvisti asemiaan taistelussa paikasta SM-liigan nelj\u00e4n parhaan joukossa kaatamalla keskiviikkona \u00c5IFK:n. Dicken otti ottelun haltuunsa heti alusta alkaen ja johti jo reilun kymmenen minuutin pelin j\u00e4lkeen maalein 11-3. \u00c5IFK p\u00e4\u00e4si t\u00e4m\u00e4n j\u00e4lkeen peliin paremmin mukaan ja kavensi eroa. Dicken rep\u00e4isi uudestaan ja \u00c5IFK nousi tauon alla taas viiden maalin p\u00e4\u00e4h\u00e4n. Toisella jaksolla Dicken piti [&hellip;]","og_url":"https:\/\/aktialiiga.fi\/miehet\/2022-2023\/ottelut-2022-23\/dicken-otti-pisteet-aifklta\/","og_site_name":"K\u00e4sipallon miesten Aktialiiga","article_publisher":"https:\/\/www.facebook.com\/finnhandball","article_published_time":"2022-11-30T19:06:36+00:00","article_modified_time":"2022-11-30T19:12:36+00:00","og_image":[{"width":1650,"height":696,"url":"https:\/\/i0.wp.com\/aktialiiga.fi\/miehet\/wp-content\/uploads\/sites\/5\/2022\/10\/Dicken_Soderlund_Filip_2122b.jpg?fit=1650%2C696&ssl=1","type":"image\/jpeg"}],"author":"tbrmedia","twitter_card":"summary_large_image","twitter_creator":"@finnhandball","twitter_site":"@finnhandball","schema":{"@context":"https:\/\/schema.org","@graph":[{"@type":"Article","@id":"https:\/\/aktialiiga.fi\/miehet\/2022-2023\/ottelut-2022-23\/dicken-otti-pisteet-aifklta\/#article","isPartOf":{"@id":"https:\/\/aktialiiga.fi\/miehet\/2022-2023\/ottelut-2022-23\/dicken-otti-pisteet-aifklta\/"},"author":{"name":"tbrmedia","@id":"https:\/\/aktialiiga.fi\/miehet\/#\/schema\/person\/c14bf42f47041db74603c45afcb18d87"},"headline":"Dicken otti pisteet \u00c5IFK:lta","datePublished":"2022-11-30T19:06:36+00:00","dateModified":"2022-11-30T19:12:36+00:00","mainEntityOfPage":{"@id":"https:\/\/aktialiiga.fi\/miehet\/2022-2023\/ottelut-2022-23\/dicken-otti-pisteet-aifklta\/"},"wordCount":296,"publisher":{"@id":"https:\/\/aktialiiga.fi\/miehet\/#organization"},"image":{"@id":"https:\/\/aktialiiga.fi\/miehet\/2022-2023\/ottelut-2022-23\/dicken-otti-pisteet-aifklta\/#primaryimage"},"thumbnailUrl":"https:\/\/i0.wp.com\/aktialiiga.fi\/miehet\/wp-content\/uploads\/sites\/5\/2022\/10\/Dicken_Soderlund_Filip_2122b.jpg?fit=1650%2C696&ssl=1","keywords":["\u00c5IFK","Dicken"],"articleSection":["Ottelut"],"inLanguage":"fi"},{"@type":"WebPage","@id":"https:\/\/aktialiiga.fi\/miehet\/2022-2023\/ottelut-2022-23\/dicken-otti-pisteet-aifklta\/","url":"https:\/\/aktialiiga.fi\/miehet\/2022-2023\/ottelut-2022-23\/dicken-otti-pisteet-aifklta\/","name":"Dicken otti pisteet \u00c5IFK:lta | K\u00e4sipallon miesten Aktialiiga","isPartOf":{"@id":"https:\/\/aktialiiga.fi\/miehet\/#website"},"primaryImageOfPage":{"@id":"https:\/\/aktialiiga.fi\/miehet\/2022-2023\/ottelut-2022-23\/dicken-otti-pisteet-aifklta\/#primaryimage"},"image":{"@id":"https:\/\/aktialiiga.fi\/miehet\/2022-2023\/ottelut-2022-23\/dicken-otti-pisteet-aifklta\/#primaryimage"},"thumbnailUrl":"https:\/\/i0.wp.com\/aktialiiga.fi\/miehet\/wp-content\/uploads\/sites\/5\/2022\/10\/Dicken_Soderlund_Filip_2122b.jpg?fit=1650%2C696&ssl=1","datePublished":"2022-11-30T19:06:36+00:00","dateModified":"2022-11-30T19:12:36+00:00","breadcrumb":{"@id":"https:\/\/aktialiiga.fi\/miehet\/2022-2023\/ottelut-2022-23\/dicken-otti-pisteet-aifklta\/#breadcrumb"},"inLanguage":"fi","potentialAction":[{"@type":"ReadAction","target":["https:\/\/aktialiiga.fi\/miehet\/2022-2023\/ottelut-2022-23\/dicken-otti-pisteet-aifklta\/"]}]},{"@type":"ImageObject","inLanguage":"fi","@id":"https:\/\/aktialiiga.fi\/miehet\/2022-2023\/ottelut-2022-23\/dicken-otti-pisteet-aifklta\/#primaryimage","url":"https:\/\/i0.wp.com\/aktialiiga.fi\/miehet\/wp-content\/uploads\/sites\/5\/2022\/10\/Dicken_Soderlund_Filip_2122b.jpg?fit=1650%2C696&ssl=1","contentUrl":"https:\/\/i0.wp.com\/aktialiiga.fi\/miehet\/wp-content\/uploads\/sites\/5\/2022\/10\/Dicken_Soderlund_Filip_2122b.jpg?fit=1650%2C696&ssl=1","width":1650,"height":696,"caption":"Filip S\u00f6derlund #9, Dicken ja Evgeny Semenov #71, HifkK\u00e4sipallon miesten SM-liigan ottelussa Dicken - Hifk Pirkkolan palloiluhallissa 11. syyskuuta 2021. (Kalle Parkkinen\/Newspix24)"},{"@type":"BreadcrumbList","@id":"https:\/\/aktialiiga.fi\/miehet\/2022-2023\/ottelut-2022-23\/dicken-otti-pisteet-aifklta\/#breadcrumb","itemListElement":[{"@type":"ListItem","position":1,"name":"Etusivu","item":"https:\/\/aktialiiga.fi\/miehet\/"},{"@type":"ListItem","position":2,"name":"Dicken otti pisteet \u00c5IFK:lta"}]},{"@type":"WebSite","@id":"https:\/\/aktialiiga.fi\/miehet\/#website","url":"https:\/\/aktialiiga.fi\/miehet\/","name":"K\u00e4sipallon miesten Aktialiiga","description":"Valtakunnan vauhdikkainta palloilua!","publisher":{"@id":"https:\/\/aktialiiga.fi\/miehet\/#organization"},"potentialAction":[{"@type":"SearchAction","target":{"@type":"EntryPoint","urlTemplate":"https:\/\/aktialiiga.fi\/miehet\/?s={search_term_string}"},"query-input":{"@type":"PropertyValueSpecification","valueRequired":true,"valueName":"search_term_string"}}],"inLanguage":"fi"},{"@type":"Organization","@id":"https:\/\/aktialiiga.fi\/miehet\/#organization","name":"K\u00e4sipallon miesten Aktialiiga","url":"https:\/\/aktialiiga.fi\/miehet\/","logo":{"@type":"ImageObject","inLanguage":"fi","@id":"https:\/\/aktialiiga.fi\/miehet\/#\/schema\/logo\/image\/","url":"https:\/\/i0.wp.com\/aktialiiga.fi\/miehet\/wp-content\/uploads\/sites\/5\/2024\/09\/Aktialiiga-Yoast-512.png?fit=512%2C512&ssl=1","contentUrl":"https:\/\/i0.wp.com\/aktialiiga.fi\/miehet\/wp-content\/uploads\/sites\/5\/2024\/09\/Aktialiiga-Yoast-512.png?fit=512%2C512&ssl=1","width":512,"height":512,"caption":"K\u00e4sipallon miesten Aktialiiga"},"image":{"@id":"https:\/\/aktialiiga.fi\/miehet\/#\/schema\/logo\/image\/"},"sameAs":["https:\/\/www.facebook.com\/finnhandball","https:\/\/x.com\/finnhandball","https:\/\/www.instagram.com\/handballfinland\/"]},{"@type":"Person","@id":"https:\/\/aktialiiga.fi\/miehet\/#\/schema\/person\/c14bf42f47041db74603c45afcb18d87","name":"tbrmedia","image":{"@type":"ImageObject","inLanguage":"fi","@id":"https:\/\/secure.gravatar.com\/avatar\/ee975fa091fe581d12b60debb3439022686618368a7c142044c56724d4666b16?s=96&d=mm&r=g","url":"https:\/\/secure.gravatar.com\/avatar\/ee975fa091fe581d12b60debb3439022686618368a7c142044c56724d4666b16?s=96&d=mm&r=g","contentUrl":"https:\/\/secure.gravatar.com\/avatar\/ee975fa091fe581d12b60debb3439022686618368a7c142044c56724d4666b16?s=96&d=mm&r=g","caption":"tbrmedia"}}]}},"jetpack_featured_media_url":"https:\/\/i0.wp.com\/aktialiiga.fi\/miehet\/wp-content\/uploads\/sites\/5\/2022\/10\/Dicken_Soderlund_Filip_2122b.jpg?fit=1650%2C696&ssl=1","jetpack_sharing_enabled":true,"jetpack_shortlink":"https:\/\/wp.me\/pfTxOr-9Vi","_links":{"self":[{"href":"https:\/\/aktialiiga.fi\/miehet\/wp-json\/wp\/v2\/posts\/38148","targetHints":{"allow":["GET"]}}],"collection":[{"href":"https:\/\/aktialiiga.fi\/miehet\/wp-json\/wp\/v2\/posts"}],"about":[{"href":"https:\/\/aktialiiga.fi\/miehet\/wp-json\/wp\/v2\/types\/post"}],"author":[{"embeddable":true,"href":"https:\/\/aktialiiga.fi\/miehet\/wp-json\/wp\/v2\/users\/13"}],"replies":[{"embeddable":true,"href":"https:\/\/aktialiiga.fi\/miehet\/wp-json\/wp\/v2\/comments?post=38148"}],"version-history":[{"count":0,"href":"https:\/\/aktialiiga.fi\/miehet\/wp-json\/wp\/v2\/posts\/38148\/revisions"}],"wp:featuredmedia":[{"embeddable":true,"href":"https:\/\/aktialiiga.fi\/miehet\/wp-json\/wp\/v2\/media\/37199"}],"wp:attachment":[{"href":"https:\/\/aktialiiga.fi\/miehet\/wp-json\/wp\/v2\/media?parent=38148"}],"wp:term":[{"taxonomy":"category","embeddable":true,"href":"https:\/\/aktialiiga.fi\/miehet\/wp-json\/wp\/v2\/categories?post=38148"},{"taxonomy":"post_tag","embeddable":true,"href":"https:\/\/aktialiiga.fi\/miehet\/wp-json\/wp\/v2\/tags?post=38148"}],"curies":[{"name":"wp","href":"https:\/\/api.w.org\/{rel}","templated":true}]}}