{"id":42179,"date":"2023-05-07T17:33:39","date_gmt":"2023-05-07T14:33:39","guid":{"rendered":"https:\/\/aktialiiga.fi\/miehet\/?p=42179"},"modified":"2023-05-07T17:56:02","modified_gmt":"2023-05-07T14:56:02","slug":"grifk-tarrasi-kiinni-pronssiin","status":"publish","type":"post","link":"https:\/\/aktialiiga.fi\/miehet\/2022-2023\/ottelut-2022-23\/grifk-tarrasi-kiinni-pronssiin\/","title":{"rendered":"GrIFK tarrasi kiinni pronssiin"},"content":{"rendered":"<p>GrIFK otti nelj\u00e4n maalin etumatkan ja tiukan kiinnityksen pronssimitaleihin pronssitaiston avausosassa Dickenin vieraana sunnuntaina.<\/p>\n<p>Ottelun avausjakso eteni vaihtelevasti. Grani oli avausminuuteilla hienokseltaan niskan p\u00e4\u00e4ll\u00e4, t\u00e4m\u00e4n j\u00e4lkeen Dicken k\u00e4\u00e4nsi tilanteen edukseen ja taukoa kohden Grani tuli j\u00e4lleen vahvemmin ja johti ensimm\u00e4isen 30-minuuttisen j\u00e4lkeen kahdella maalilla.<\/p>\n<p>Tauon j\u00e4lkeen Grani piti johdostaan kiinni ja v\u00e4hitellen my\u00f6s kasvatti sit\u00e4. Eroa oli parhaimmillaan jo kuusi maalia, mutta Dicken p\u00e4\u00e4si lopussa hiukan kaventamaan. Grani otti kuitenkin tukevan otteen mitaleista.<\/p>\n<p>Dickenin p\u00e4\u00e4valmentaja Ken Sireniuksen mukaan joukkueelle j\u00e4i parantamisen varaa toiseen otteluun.<\/p>\n<p>&#8211; T\u00e4ss\u00e4 ottelussa emme pystynyt parhaimpaamme. Pienet yksityiskohdat ratkaisevat. Nyt fiksaamme ne torstaille. Puolet j\u00e4ljell\u00e4, Sirenius muistutti.<\/p>\n<p>GrIFK:n p\u00e4\u00e4valmentaja Mikael K\u00e4llman n\u00e4ki ev\u00e4it\u00e4 olleen selvemp\u00e4\u00e4nkin voittoon.<\/p>\n<p>&#8211; Mielest\u00e4ni luvut ovat hieman alakanttiin. Hukkasimme monta avopaikkaa 6 metrist\u00e4. +4 maalia ei ole silti huono tulos ensimm\u00e4isen puolikkaan j\u00e4lkeen, K\u00e4llman mietti.<\/p>\n<p>Ottelun parhaana pelaajana palkittiin huikeaa kev\u00e4tt\u00e4 pelaava Granin maalivahti Patrik Roslander.<\/p>\n<p>&#8211; Oli varovaista ja rikkonaista erityisesti ensimm\u00e4isess\u00e4 er\u00e4ss\u00e4 molemmilta joukkueilta. Toivottavasti saadaan enemm\u00e4n tunnetta viimeiseen otteluun, Roslander sanoi.<\/p>\n<p>Pronssi ratkeaa kahden ottelun yhteismaalein. Toinen pronssiottelu pelataan tulevana torstaina Kauniaisissa.<\/p>\n<p><em><strong>1. pronssiottelu:<\/strong><\/em><br \/>\n<strong>Dicken \u2013 GrIFK 23-27 (13-15)<\/strong><\/p>\n<p><strong>Maalintekij\u00e4t<\/strong>: maalit (7m maalit)<br \/>\nDicken: Benjamin Peitsaro 6, Filip S\u00f6derlund 4 (2), Benny Broman 4, Timmy Thor 2, Roni Syrj\u00e4l\u00e4 2, Armi P\u00e4rt 2, Joacim Broman 2, Tuomas Laitinen 1<br \/>\nGrIFK: Gustav Svanb\u00e4ck 5 (2), Alexander Qvist 5, Peik Sj\u00f6blom 4, Miro Koljonen 4, Fredrik von Troil 3, Jere Kantee 2, Fredrik Forss 2, Patrik Roslander 1, Karim Mbembela 1<\/p>\n<p><strong>T\u00e4htipelaajat<\/strong><br \/>\nPatrik Roslander GrIFK 3<br \/>\nBenjamin Peitsaro Dicken 2<br \/>\nAlexander Qvist GrIFK 1<\/p>\n<p><strong>2 min ulosajot sek\u00e4 pelist\u00e4 sulkemiset<\/strong><br \/>\nDicken: Armi P\u00e4rt 1 x 2 min, Filip S\u00f6derlund 1 x 2 min<br \/>\nGrIFK: Erik \u00c5kermarck 1 x 2 min, Fredrik Forss 1 x 2 min<\/p>\n<p><em>Erotuomarit<\/em>: Johan Skogberg &#8211; Sami Kinnari<\/p>\n<p><em>Yleis\u00f6\u00e4<\/em>: 394<\/p>\n","protected":false},"excerpt":{"rendered":"<p>GrIFK otti nelj\u00e4n maalin etumatkan ja tiukan kiinnityksen pronssimitaleihin pronssitaiston avausosassa Dickenin vieraana sunnuntaina. Ottelun avausjakso eteni vaihtelevasti. Grani oli avausminuuteilla hienokseltaan niskan p\u00e4\u00e4ll\u00e4, t\u00e4m\u00e4n j\u00e4lkeen Dicken k\u00e4\u00e4nsi tilanteen edukseen ja taukoa kohden Grani tuli j\u00e4lleen vahvemmin ja johti ensimm\u00e4isen 30-minuuttisen j\u00e4lkeen kahdella maalilla. Tauon j\u00e4lkeen Grani piti johdostaan kiinni ja v\u00e4hitellen my\u00f6s kasvatti sit\u00e4. [&hellip;]<\/p>\n","protected":false},"author":13,"featured_media":37662,"comment_status":"closed","ping_status":"closed","sticky":false,"template":"","format":"standard","meta":{"_acf_changed":false,"jetpack_post_was_ever_published":false,"_jetpack_newsletter_access":"","_jetpack_dont_email_post_to_subs":false,"_jetpack_newsletter_tier_id":0,"_jetpack_memberships_contains_paywalled_content":false,"_jetpack_memberships_contains_paid_content":false,"footnotes":""},"categories":[285],"tags":[58,64,101],"class_list":["post-42179","post","type-post","status-publish","format-standard","has-post-thumbnail","hentry","category-ottelut-2022-23","tag-dicken","tag-grifk","tag-pronssiottelu"],"acf":[],"yoast_head":"<!-- This site is optimized with the Yoast SEO plugin v27.5 - https:\/\/yoast.com\/product\/yoast-seo-wordpress\/ -->\n<title>GrIFK tarrasi kiinni pronssiin | K\u00e4sipallon miesten Aktialiiga<\/title>\n<meta name=\"robots\" content=\"index, follow, max-snippet:-1, max-image-preview:large, max-video-preview:-1\" \/>\n<link rel=\"canonical\" href=\"https:\/\/aktialiiga.fi\/miehet\/2022-2023\/ottelut-2022-23\/grifk-tarrasi-kiinni-pronssiin\/\" \/>\n<meta property=\"og:locale\" content=\"fi_FI\" \/>\n<meta property=\"og:type\" content=\"article\" \/>\n<meta property=\"og:title\" content=\"GrIFK tarrasi kiinni pronssiin | K\u00e4sipallon miesten Aktialiiga\" \/>\n<meta property=\"og:description\" content=\"GrIFK otti nelj\u00e4n maalin etumatkan ja tiukan kiinnityksen pronssimitaleihin pronssitaiston avausosassa Dickenin vieraana sunnuntaina. Ottelun avausjakso eteni vaihtelevasti. Grani oli avausminuuteilla hienokseltaan niskan p\u00e4\u00e4ll\u00e4, t\u00e4m\u00e4n j\u00e4lkeen Dicken k\u00e4\u00e4nsi tilanteen edukseen ja taukoa kohden Grani tuli j\u00e4lleen vahvemmin ja johti ensimm\u00e4isen 30-minuuttisen j\u00e4lkeen kahdella maalilla. Tauon j\u00e4lkeen Grani piti johdostaan kiinni ja v\u00e4hitellen my\u00f6s kasvatti sit\u00e4. [&hellip;]\" \/>\n<meta property=\"og:url\" content=\"https:\/\/aktialiiga.fi\/miehet\/2022-2023\/ottelut-2022-23\/grifk-tarrasi-kiinni-pronssiin\/\" \/>\n<meta property=\"og:site_name\" content=\"K\u00e4sipallon miesten Aktialiiga\" \/>\n<meta property=\"article:publisher\" content=\"https:\/\/www.facebook.com\/finnhandball\" \/>\n<meta property=\"article:published_time\" content=\"2023-05-07T14:33:39+00:00\" \/>\n<meta property=\"article:modified_time\" content=\"2023-05-07T14:56:02+00:00\" \/>\n<meta property=\"og:image\" content=\"https:\/\/i0.wp.com\/aktialiiga.fi\/miehet\/wp-content\/uploads\/sites\/5\/2022\/11\/GrIFK_Roslander_Patrik_2122b.jpg?fit=1698%2C738&ssl=1\" \/>\n\t<meta property=\"og:image:width\" content=\"1698\" \/>\n\t<meta property=\"og:image:height\" content=\"738\" \/>\n\t<meta property=\"og:image:type\" content=\"image\/jpeg\" \/>\n<meta name=\"author\" content=\"tbrmedia\" \/>\n<meta name=\"twitter:card\" content=\"summary_large_image\" \/>\n<meta name=\"twitter:creator\" content=\"@finnhandball\" \/>\n<meta name=\"twitter:site\" content=\"@finnhandball\" \/>\n<script type=\"application\/ld+json\" class=\"yoast-schema-graph\">{\"@context\":\"https:\\\/\\\/schema.org\",\"@graph\":[{\"@type\":\"Article\",\"@id\":\"https:\\\/\\\/aktialiiga.fi\\\/miehet\\\/2022-2023\\\/ottelut-2022-23\\\/grifk-tarrasi-kiinni-pronssiin\\\/#article\",\"isPartOf\":{\"@id\":\"https:\\\/\\\/aktialiiga.fi\\\/miehet\\\/2022-2023\\\/ottelut-2022-23\\\/grifk-tarrasi-kiinni-pronssiin\\\/\"},\"author\":{\"name\":\"tbrmedia\",\"@id\":\"https:\\\/\\\/aktialiiga.fi\\\/miehet\\\/#\\\/schema\\\/person\\\/c14bf42f47041db74603c45afcb18d87\"},\"headline\":\"GrIFK tarrasi kiinni pronssiin\",\"datePublished\":\"2023-05-07T14:33:39+00:00\",\"dateModified\":\"2023-05-07T14:56:02+00:00\",\"mainEntityOfPage\":{\"@id\":\"https:\\\/\\\/aktialiiga.fi\\\/miehet\\\/2022-2023\\\/ottelut-2022-23\\\/grifk-tarrasi-kiinni-pronssiin\\\/\"},\"wordCount\":301,\"publisher\":{\"@id\":\"https:\\\/\\\/aktialiiga.fi\\\/miehet\\\/#organization\"},\"image\":{\"@id\":\"https:\\\/\\\/aktialiiga.fi\\\/miehet\\\/2022-2023\\\/ottelut-2022-23\\\/grifk-tarrasi-kiinni-pronssiin\\\/#primaryimage\"},\"thumbnailUrl\":\"https:\\\/\\\/i0.wp.com\\\/aktialiiga.fi\\\/miehet\\\/wp-content\\\/uploads\\\/sites\\\/5\\\/2022\\\/11\\\/GrIFK_Roslander_Patrik_2122b.jpg?fit=1698%2C738&ssl=1\",\"keywords\":[\"Dicken\",\"GrIFK\",\"pronssiottelu\"],\"articleSection\":[\"Ottelut\"],\"inLanguage\":\"fi\"},{\"@type\":\"WebPage\",\"@id\":\"https:\\\/\\\/aktialiiga.fi\\\/miehet\\\/2022-2023\\\/ottelut-2022-23\\\/grifk-tarrasi-kiinni-pronssiin\\\/\",\"url\":\"https:\\\/\\\/aktialiiga.fi\\\/miehet\\\/2022-2023\\\/ottelut-2022-23\\\/grifk-tarrasi-kiinni-pronssiin\\\/\",\"name\":\"GrIFK tarrasi kiinni pronssiin | K\u00e4sipallon miesten Aktialiiga\",\"isPartOf\":{\"@id\":\"https:\\\/\\\/aktialiiga.fi\\\/miehet\\\/#website\"},\"primaryImageOfPage\":{\"@id\":\"https:\\\/\\\/aktialiiga.fi\\\/miehet\\\/2022-2023\\\/ottelut-2022-23\\\/grifk-tarrasi-kiinni-pronssiin\\\/#primaryimage\"},\"image\":{\"@id\":\"https:\\\/\\\/aktialiiga.fi\\\/miehet\\\/2022-2023\\\/ottelut-2022-23\\\/grifk-tarrasi-kiinni-pronssiin\\\/#primaryimage\"},\"thumbnailUrl\":\"https:\\\/\\\/i0.wp.com\\\/aktialiiga.fi\\\/miehet\\\/wp-content\\\/uploads\\\/sites\\\/5\\\/2022\\\/11\\\/GrIFK_Roslander_Patrik_2122b.jpg?fit=1698%2C738&ssl=1\",\"datePublished\":\"2023-05-07T14:33:39+00:00\",\"dateModified\":\"2023-05-07T14:56:02+00:00\",\"breadcrumb\":{\"@id\":\"https:\\\/\\\/aktialiiga.fi\\\/miehet\\\/2022-2023\\\/ottelut-2022-23\\\/grifk-tarrasi-kiinni-pronssiin\\\/#breadcrumb\"},\"inLanguage\":\"fi\",\"potentialAction\":[{\"@type\":\"ReadAction\",\"target\":[\"https:\\\/\\\/aktialiiga.fi\\\/miehet\\\/2022-2023\\\/ottelut-2022-23\\\/grifk-tarrasi-kiinni-pronssiin\\\/\"]}]},{\"@type\":\"ImageObject\",\"inLanguage\":\"fi\",\"@id\":\"https:\\\/\\\/aktialiiga.fi\\\/miehet\\\/2022-2023\\\/ottelut-2022-23\\\/grifk-tarrasi-kiinni-pronssiin\\\/#primaryimage\",\"url\":\"https:\\\/\\\/i0.wp.com\\\/aktialiiga.fi\\\/miehet\\\/wp-content\\\/uploads\\\/sites\\\/5\\\/2022\\\/11\\\/GrIFK_Roslander_Patrik_2122b.jpg?fit=1698%2C738&ssl=1\",\"contentUrl\":\"https:\\\/\\\/i0.wp.com\\\/aktialiiga.fi\\\/miehet\\\/wp-content\\\/uploads\\\/sites\\\/5\\\/2022\\\/11\\\/GrIFK_Roslander_Patrik_2122b.jpg?fit=1698%2C738&ssl=1\",\"width\":1698,\"height\":738,\"caption\":\"Patrik Roslander, GrIFK K\u00e4sipallon miesten SM-liigan ottelussa Sjunde\u00e5 IF - Grankulla IFK Fennia Areenalla 18. syyskuuta 2021. (Kalle Parkkinen\\\/Newspix24)\"},{\"@type\":\"BreadcrumbList\",\"@id\":\"https:\\\/\\\/aktialiiga.fi\\\/miehet\\\/2022-2023\\\/ottelut-2022-23\\\/grifk-tarrasi-kiinni-pronssiin\\\/#breadcrumb\",\"itemListElement\":[{\"@type\":\"ListItem\",\"position\":1,\"name\":\"Etusivu\",\"item\":\"https:\\\/\\\/aktialiiga.fi\\\/miehet\\\/\"},{\"@type\":\"ListItem\",\"position\":2,\"name\":\"GrIFK tarrasi kiinni pronssiin\"}]},{\"@type\":\"WebSite\",\"@id\":\"https:\\\/\\\/aktialiiga.fi\\\/miehet\\\/#website\",\"url\":\"https:\\\/\\\/aktialiiga.fi\\\/miehet\\\/\",\"name\":\"K\u00e4sipallon miesten Aktialiiga\",\"description\":\"Valtakunnan vauhdikkainta palloilua!\",\"publisher\":{\"@id\":\"https:\\\/\\\/aktialiiga.fi\\\/miehet\\\/#organization\"},\"potentialAction\":[{\"@type\":\"SearchAction\",\"target\":{\"@type\":\"EntryPoint\",\"urlTemplate\":\"https:\\\/\\\/aktialiiga.fi\\\/miehet\\\/?s={search_term_string}\"},\"query-input\":{\"@type\":\"PropertyValueSpecification\",\"valueRequired\":true,\"valueName\":\"search_term_string\"}}],\"inLanguage\":\"fi\"},{\"@type\":\"Organization\",\"@id\":\"https:\\\/\\\/aktialiiga.fi\\\/miehet\\\/#organization\",\"name\":\"K\u00e4sipallon miesten Aktialiiga\",\"url\":\"https:\\\/\\\/aktialiiga.fi\\\/miehet\\\/\",\"logo\":{\"@type\":\"ImageObject\",\"inLanguage\":\"fi\",\"@id\":\"https:\\\/\\\/aktialiiga.fi\\\/miehet\\\/#\\\/schema\\\/logo\\\/image\\\/\",\"url\":\"https:\\\/\\\/i0.wp.com\\\/aktialiiga.fi\\\/miehet\\\/wp-content\\\/uploads\\\/sites\\\/5\\\/2024\\\/09\\\/Aktialiiga-Yoast-512.png?fit=512%2C512&ssl=1\",\"contentUrl\":\"https:\\\/\\\/i0.wp.com\\\/aktialiiga.fi\\\/miehet\\\/wp-content\\\/uploads\\\/sites\\\/5\\\/2024\\\/09\\\/Aktialiiga-Yoast-512.png?fit=512%2C512&ssl=1\",\"width\":512,\"height\":512,\"caption\":\"K\u00e4sipallon miesten Aktialiiga\"},\"image\":{\"@id\":\"https:\\\/\\\/aktialiiga.fi\\\/miehet\\\/#\\\/schema\\\/logo\\\/image\\\/\"},\"sameAs\":[\"https:\\\/\\\/www.facebook.com\\\/finnhandball\",\"https:\\\/\\\/x.com\\\/finnhandball\",\"https:\\\/\\\/www.instagram.com\\\/handballfinland\\\/\"]},{\"@type\":\"Person\",\"@id\":\"https:\\\/\\\/aktialiiga.fi\\\/miehet\\\/#\\\/schema\\\/person\\\/c14bf42f47041db74603c45afcb18d87\",\"name\":\"tbrmedia\",\"image\":{\"@type\":\"ImageObject\",\"inLanguage\":\"fi\",\"@id\":\"https:\\\/\\\/secure.gravatar.com\\\/avatar\\\/ee975fa091fe581d12b60debb3439022686618368a7c142044c56724d4666b16?s=96&d=mm&r=g\",\"url\":\"https:\\\/\\\/secure.gravatar.com\\\/avatar\\\/ee975fa091fe581d12b60debb3439022686618368a7c142044c56724d4666b16?s=96&d=mm&r=g\",\"contentUrl\":\"https:\\\/\\\/secure.gravatar.com\\\/avatar\\\/ee975fa091fe581d12b60debb3439022686618368a7c142044c56724d4666b16?s=96&d=mm&r=g\",\"caption\":\"tbrmedia\"}}]}<\/script>\n<!-- \/ Yoast SEO plugin. -->","yoast_head_json":{"title":"GrIFK tarrasi kiinni pronssiin | K\u00e4sipallon miesten Aktialiiga","robots":{"index":"index","follow":"follow","max-snippet":"max-snippet:-1","max-image-preview":"max-image-preview:large","max-video-preview":"max-video-preview:-1"},"canonical":"https:\/\/aktialiiga.fi\/miehet\/2022-2023\/ottelut-2022-23\/grifk-tarrasi-kiinni-pronssiin\/","og_locale":"fi_FI","og_type":"article","og_title":"GrIFK tarrasi kiinni pronssiin | K\u00e4sipallon miesten Aktialiiga","og_description":"GrIFK otti nelj\u00e4n maalin etumatkan ja tiukan kiinnityksen pronssimitaleihin pronssitaiston avausosassa Dickenin vieraana sunnuntaina. Ottelun avausjakso eteni vaihtelevasti. Grani oli avausminuuteilla hienokseltaan niskan p\u00e4\u00e4ll\u00e4, t\u00e4m\u00e4n j\u00e4lkeen Dicken k\u00e4\u00e4nsi tilanteen edukseen ja taukoa kohden Grani tuli j\u00e4lleen vahvemmin ja johti ensimm\u00e4isen 30-minuuttisen j\u00e4lkeen kahdella maalilla. Tauon j\u00e4lkeen Grani piti johdostaan kiinni ja v\u00e4hitellen my\u00f6s kasvatti sit\u00e4. [&hellip;]","og_url":"https:\/\/aktialiiga.fi\/miehet\/2022-2023\/ottelut-2022-23\/grifk-tarrasi-kiinni-pronssiin\/","og_site_name":"K\u00e4sipallon miesten Aktialiiga","article_publisher":"https:\/\/www.facebook.com\/finnhandball","article_published_time":"2023-05-07T14:33:39+00:00","article_modified_time":"2023-05-07T14:56:02+00:00","og_image":[{"width":1698,"height":738,"url":"https:\/\/i0.wp.com\/aktialiiga.fi\/miehet\/wp-content\/uploads\/sites\/5\/2022\/11\/GrIFK_Roslander_Patrik_2122b.jpg?fit=1698%2C738&ssl=1","type":"image\/jpeg"}],"author":"tbrmedia","twitter_card":"summary_large_image","twitter_creator":"@finnhandball","twitter_site":"@finnhandball","schema":{"@context":"https:\/\/schema.org","@graph":[{"@type":"Article","@id":"https:\/\/aktialiiga.fi\/miehet\/2022-2023\/ottelut-2022-23\/grifk-tarrasi-kiinni-pronssiin\/#article","isPartOf":{"@id":"https:\/\/aktialiiga.fi\/miehet\/2022-2023\/ottelut-2022-23\/grifk-tarrasi-kiinni-pronssiin\/"},"author":{"name":"tbrmedia","@id":"https:\/\/aktialiiga.fi\/miehet\/#\/schema\/person\/c14bf42f47041db74603c45afcb18d87"},"headline":"GrIFK tarrasi kiinni pronssiin","datePublished":"2023-05-07T14:33:39+00:00","dateModified":"2023-05-07T14:56:02+00:00","mainEntityOfPage":{"@id":"https:\/\/aktialiiga.fi\/miehet\/2022-2023\/ottelut-2022-23\/grifk-tarrasi-kiinni-pronssiin\/"},"wordCount":301,"publisher":{"@id":"https:\/\/aktialiiga.fi\/miehet\/#organization"},"image":{"@id":"https:\/\/aktialiiga.fi\/miehet\/2022-2023\/ottelut-2022-23\/grifk-tarrasi-kiinni-pronssiin\/#primaryimage"},"thumbnailUrl":"https:\/\/i0.wp.com\/aktialiiga.fi\/miehet\/wp-content\/uploads\/sites\/5\/2022\/11\/GrIFK_Roslander_Patrik_2122b.jpg?fit=1698%2C738&ssl=1","keywords":["Dicken","GrIFK","pronssiottelu"],"articleSection":["Ottelut"],"inLanguage":"fi"},{"@type":"WebPage","@id":"https:\/\/aktialiiga.fi\/miehet\/2022-2023\/ottelut-2022-23\/grifk-tarrasi-kiinni-pronssiin\/","url":"https:\/\/aktialiiga.fi\/miehet\/2022-2023\/ottelut-2022-23\/grifk-tarrasi-kiinni-pronssiin\/","name":"GrIFK tarrasi kiinni pronssiin | K\u00e4sipallon miesten Aktialiiga","isPartOf":{"@id":"https:\/\/aktialiiga.fi\/miehet\/#website"},"primaryImageOfPage":{"@id":"https:\/\/aktialiiga.fi\/miehet\/2022-2023\/ottelut-2022-23\/grifk-tarrasi-kiinni-pronssiin\/#primaryimage"},"image":{"@id":"https:\/\/aktialiiga.fi\/miehet\/2022-2023\/ottelut-2022-23\/grifk-tarrasi-kiinni-pronssiin\/#primaryimage"},"thumbnailUrl":"https:\/\/i0.wp.com\/aktialiiga.fi\/miehet\/wp-content\/uploads\/sites\/5\/2022\/11\/GrIFK_Roslander_Patrik_2122b.jpg?fit=1698%2C738&ssl=1","datePublished":"2023-05-07T14:33:39+00:00","dateModified":"2023-05-07T14:56:02+00:00","breadcrumb":{"@id":"https:\/\/aktialiiga.fi\/miehet\/2022-2023\/ottelut-2022-23\/grifk-tarrasi-kiinni-pronssiin\/#breadcrumb"},"inLanguage":"fi","potentialAction":[{"@type":"ReadAction","target":["https:\/\/aktialiiga.fi\/miehet\/2022-2023\/ottelut-2022-23\/grifk-tarrasi-kiinni-pronssiin\/"]}]},{"@type":"ImageObject","inLanguage":"fi","@id":"https:\/\/aktialiiga.fi\/miehet\/2022-2023\/ottelut-2022-23\/grifk-tarrasi-kiinni-pronssiin\/#primaryimage","url":"https:\/\/i0.wp.com\/aktialiiga.fi\/miehet\/wp-content\/uploads\/sites\/5\/2022\/11\/GrIFK_Roslander_Patrik_2122b.jpg?fit=1698%2C738&ssl=1","contentUrl":"https:\/\/i0.wp.com\/aktialiiga.fi\/miehet\/wp-content\/uploads\/sites\/5\/2022\/11\/GrIFK_Roslander_Patrik_2122b.jpg?fit=1698%2C738&ssl=1","width":1698,"height":738,"caption":"Patrik Roslander, GrIFK K\u00e4sipallon miesten SM-liigan ottelussa Sjunde\u00e5 IF - Grankulla IFK Fennia Areenalla 18. syyskuuta 2021. (Kalle Parkkinen\/Newspix24)"},{"@type":"BreadcrumbList","@id":"https:\/\/aktialiiga.fi\/miehet\/2022-2023\/ottelut-2022-23\/grifk-tarrasi-kiinni-pronssiin\/#breadcrumb","itemListElement":[{"@type":"ListItem","position":1,"name":"Etusivu","item":"https:\/\/aktialiiga.fi\/miehet\/"},{"@type":"ListItem","position":2,"name":"GrIFK tarrasi kiinni pronssiin"}]},{"@type":"WebSite","@id":"https:\/\/aktialiiga.fi\/miehet\/#website","url":"https:\/\/aktialiiga.fi\/miehet\/","name":"K\u00e4sipallon miesten Aktialiiga","description":"Valtakunnan vauhdikkainta palloilua!","publisher":{"@id":"https:\/\/aktialiiga.fi\/miehet\/#organization"},"potentialAction":[{"@type":"SearchAction","target":{"@type":"EntryPoint","urlTemplate":"https:\/\/aktialiiga.fi\/miehet\/?s={search_term_string}"},"query-input":{"@type":"PropertyValueSpecification","valueRequired":true,"valueName":"search_term_string"}}],"inLanguage":"fi"},{"@type":"Organization","@id":"https:\/\/aktialiiga.fi\/miehet\/#organization","name":"K\u00e4sipallon miesten Aktialiiga","url":"https:\/\/aktialiiga.fi\/miehet\/","logo":{"@type":"ImageObject","inLanguage":"fi","@id":"https:\/\/aktialiiga.fi\/miehet\/#\/schema\/logo\/image\/","url":"https:\/\/i0.wp.com\/aktialiiga.fi\/miehet\/wp-content\/uploads\/sites\/5\/2024\/09\/Aktialiiga-Yoast-512.png?fit=512%2C512&ssl=1","contentUrl":"https:\/\/i0.wp.com\/aktialiiga.fi\/miehet\/wp-content\/uploads\/sites\/5\/2024\/09\/Aktialiiga-Yoast-512.png?fit=512%2C512&ssl=1","width":512,"height":512,"caption":"K\u00e4sipallon miesten Aktialiiga"},"image":{"@id":"https:\/\/aktialiiga.fi\/miehet\/#\/schema\/logo\/image\/"},"sameAs":["https:\/\/www.facebook.com\/finnhandball","https:\/\/x.com\/finnhandball","https:\/\/www.instagram.com\/handballfinland\/"]},{"@type":"Person","@id":"https:\/\/aktialiiga.fi\/miehet\/#\/schema\/person\/c14bf42f47041db74603c45afcb18d87","name":"tbrmedia","image":{"@type":"ImageObject","inLanguage":"fi","@id":"https:\/\/secure.gravatar.com\/avatar\/ee975fa091fe581d12b60debb3439022686618368a7c142044c56724d4666b16?s=96&d=mm&r=g","url":"https:\/\/secure.gravatar.com\/avatar\/ee975fa091fe581d12b60debb3439022686618368a7c142044c56724d4666b16?s=96&d=mm&r=g","contentUrl":"https:\/\/secure.gravatar.com\/avatar\/ee975fa091fe581d12b60debb3439022686618368a7c142044c56724d4666b16?s=96&d=mm&r=g","caption":"tbrmedia"}}]}},"jetpack_featured_media_url":"https:\/\/i0.wp.com\/aktialiiga.fi\/miehet\/wp-content\/uploads\/sites\/5\/2022\/11\/GrIFK_Roslander_Patrik_2122b.jpg?fit=1698%2C738&ssl=1","jetpack_sharing_enabled":true,"jetpack_shortlink":"https:\/\/wp.me\/pfTxOr-aYj","_links":{"self":[{"href":"https:\/\/aktialiiga.fi\/miehet\/wp-json\/wp\/v2\/posts\/42179","targetHints":{"allow":["GET"]}}],"collection":[{"href":"https:\/\/aktialiiga.fi\/miehet\/wp-json\/wp\/v2\/posts"}],"about":[{"href":"https:\/\/aktialiiga.fi\/miehet\/wp-json\/wp\/v2\/types\/post"}],"author":[{"embeddable":true,"href":"https:\/\/aktialiiga.fi\/miehet\/wp-json\/wp\/v2\/users\/13"}],"replies":[{"embeddable":true,"href":"https:\/\/aktialiiga.fi\/miehet\/wp-json\/wp\/v2\/comments?post=42179"}],"version-history":[{"count":0,"href":"https:\/\/aktialiiga.fi\/miehet\/wp-json\/wp\/v2\/posts\/42179\/revisions"}],"wp:featuredmedia":[{"embeddable":true,"href":"https:\/\/aktialiiga.fi\/miehet\/wp-json\/wp\/v2\/media\/37662"}],"wp:attachment":[{"href":"https:\/\/aktialiiga.fi\/miehet\/wp-json\/wp\/v2\/media?parent=42179"}],"wp:term":[{"taxonomy":"category","embeddable":true,"href":"https:\/\/aktialiiga.fi\/miehet\/wp-json\/wp\/v2\/categories?post=42179"},{"taxonomy":"post_tag","embeddable":true,"href":"https:\/\/aktialiiga.fi\/miehet\/wp-json\/wp\/v2\/tags?post=42179"}],"curies":[{"name":"wp","href":"https:\/\/api.w.org\/{rel}","templated":true}]}}