{"id":42621,"date":"2023-07-04T12:16:23","date_gmt":"2023-07-04T09:16:23","guid":{"rendered":"https:\/\/aktialiiga.fi\/miehet\/?p=42621"},"modified":"2023-07-04T12:16:23","modified_gmt":"2023-07-04T09:16:23","slug":"bk-46-parantaa-mahdollisuuksia-panostaa-kasipalloon","status":"publish","type":"post","link":"https:\/\/aktialiiga.fi\/miehet\/ajankohtaista\/bk-46-parantaa-mahdollisuuksia-panostaa-kasipalloon\/","title":{"rendered":"BK-46 parantaa mahdollisuuksia panostaa k\u00e4sipalloon"},"content":{"rendered":"<p>BK-46:n uusi panostus junioripuolelle alkaa syksyll\u00e4 trion Tomas Mecklin, Benjamin Olsson ja Eddie Pr\u00e5hl johdolla.<\/p>\n<p>Kohderyhm\u00e4n\u00e4 ovat vanhimmat junioripojat, ja seuran puolelta tavoitteena on tarjota mahdollisuus niille junioreille, jotka todella haluavat panostaa k\u00e4sipalloon.<\/p>\n<p>\u2013 Pyrimme monivuotiseen projektiin, jonka toivomme johtavan siihen, ett\u00e4 useampi pelaaja haluaa jatkaa k\u00e4sipallouraansa nykyist\u00e4 pidemp\u00e4\u00e4n. Sit\u00e4 kautta my\u00f6s edustusjoukkueen kokoonpano on tulevaisuudessa laajempi, BK:n varapuheenjohtaja Kim Ahtola sanoo seuran tiedotteessa.<\/p>\n<p>Tomas &#8221;Mecca&#8221; Mecklin on v\u00e4rv\u00e4tty p\u00e4\u00e4valmentajaksi. Mecklin on uusi BK-yhteyksiss\u00e4, mutta h\u00e4nell\u00e4 on pitk\u00e4 kokemus valmentajana, muun muassa KyIF:st\u00e4, tytt\u00f6jen maajoukkueesta ja viimeksi naisten maajoukkueesta, jossa h\u00e4n BK-pestins\u00e4 ohessa jatkaa avustavana valmentajana.<\/p>\n<p>\u2013 Sen lis\u00e4ksi, ett\u00e4 BK:lla on nyt hyv\u00e4, nuorista pelaajista koostuva ryhm\u00e4, taustalta l\u00f6ytyy todella hieno tuki ihmisilt\u00e4, joiden syd\u00e4n sykkii k\u00e4sipalloseuralle ja jotka todella haluavat satsata ja toimia t\u00e4m\u00e4n asian puolesta. T\u00e4m\u00e4 on seikka, jota arvostan ja joka sai minut hyv\u00e4ksym\u00e4\u00e4n pestin, h\u00e4n sanoo.<\/p>\n<p>Kausisuunnitelman rakentamiseen liittyv\u00e4 ty\u00f6 yhdess\u00e4 apuvalmentaja Benjamin Olssonin ja fysiovalmentaja Eddie Pr\u00e5hlin kanssa on parhaillaan k\u00e4ynniss\u00e4.<\/p>\n<p>\u2013 Tulemme ty\u00f6skentelem\u00e4\u00e4n kovin, jotta pelaajilla olisi mahdollisuus saavuttaa tavoitteensa ja jotta heid\u00e4n kiinnostuksensa k\u00e4sipalloon s\u00e4ilyisi. Se on pitk\u00e4kestoinen projekti. Ensimm\u00e4isen\u00e4 vuotena keskityt\u00e4\u00e4n paljon systemaattisuuteen ja yhteisten pelirutiinien rakentamiseen, jotta kaikki tuntevat ne ja tiet\u00e4v\u00e4t miten ne toimivat. Se tulee vaatimaan paljon pelaajien, joukkueenjohdon ja seuran v\u00e4list\u00e4 kommunikointia. Tulemme kaikkiaan toimimaan pitk\u00e4lti pelaajien ehdoilla, Tomas Mecklin sanoo.<\/p>\n<p><em>Kuvassa: Benjamin Olsson, Tomas Mecklin ja Eddie Pr\u00e5hl johtavat BK-46:n uutta junioripanostusta. Kuvasta puuttuu joukkueenjohtaja Tobbe Lindholm.<\/em><\/p>\n","protected":false},"excerpt":{"rendered":"<p>BK-46:n uusi panostus junioripuolelle alkaa syksyll\u00e4 trion Tomas Mecklin, Benjamin Olsson ja Eddie Pr\u00e5hl johdolla. Kohderyhm\u00e4n\u00e4 ovat vanhimmat junioripojat, ja seuran puolelta tavoitteena on tarjota mahdollisuus niille junioreille, jotka todella haluavat panostaa k\u00e4sipalloon. \u2013 Pyrimme monivuotiseen projektiin, jonka toivomme johtavan siihen, ett\u00e4 useampi pelaaja haluaa jatkaa k\u00e4sipallouraansa nykyist\u00e4 pidemp\u00e4\u00e4n. Sit\u00e4 kautta my\u00f6s edustusjoukkueen kokoonpano on [&hellip;]<\/p>\n","protected":false},"author":13,"featured_media":42622,"comment_status":"closed","ping_status":"closed","sticky":false,"template":"","format":"standard","meta":{"_acf_changed":false,"jetpack_post_was_ever_published":false,"_jetpack_newsletter_access":"","_jetpack_dont_email_post_to_subs":false,"_jetpack_newsletter_tier_id":0,"_jetpack_memberships_contains_paywalled_content":false,"_jetpack_memberships_contains_paid_content":false,"footnotes":""},"categories":[2],"tags":[56],"class_list":["post-42621","post","type-post","status-publish","format-standard","has-post-thumbnail","hentry","category-ajankohtaista","tag-bk-46"],"acf":[],"yoast_head":"<!-- This site is optimized with the Yoast SEO plugin v27.5 - https:\/\/yoast.com\/product\/yoast-seo-wordpress\/ -->\n<title>BK-46 parantaa mahdollisuuksia panostaa k\u00e4sipalloon | K\u00e4sipallon miesten Aktialiiga<\/title>\n<meta name=\"robots\" content=\"index, follow, max-snippet:-1, max-image-preview:large, max-video-preview:-1\" \/>\n<link rel=\"canonical\" href=\"https:\/\/aktialiiga.fi\/miehet\/ajankohtaista\/bk-46-parantaa-mahdollisuuksia-panostaa-kasipalloon\/\" \/>\n<meta property=\"og:locale\" content=\"fi_FI\" \/>\n<meta property=\"og:type\" content=\"article\" \/>\n<meta property=\"og:title\" content=\"BK-46 parantaa mahdollisuuksia panostaa k\u00e4sipalloon | K\u00e4sipallon miesten Aktialiiga\" \/>\n<meta property=\"og:description\" content=\"BK-46:n uusi panostus junioripuolelle alkaa syksyll\u00e4 trion Tomas Mecklin, Benjamin Olsson ja Eddie Pr\u00e5hl johdolla. Kohderyhm\u00e4n\u00e4 ovat vanhimmat junioripojat, ja seuran puolelta tavoitteena on tarjota mahdollisuus niille junioreille, jotka todella haluavat panostaa k\u00e4sipalloon. \u2013 Pyrimme monivuotiseen projektiin, jonka toivomme johtavan siihen, ett\u00e4 useampi pelaaja haluaa jatkaa k\u00e4sipallouraansa nykyist\u00e4 pidemp\u00e4\u00e4n. Sit\u00e4 kautta my\u00f6s edustusjoukkueen kokoonpano on [&hellip;]\" \/>\n<meta property=\"og:url\" content=\"https:\/\/aktialiiga.fi\/miehet\/ajankohtaista\/bk-46-parantaa-mahdollisuuksia-panostaa-kasipalloon\/\" \/>\n<meta property=\"og:site_name\" content=\"K\u00e4sipallon miesten Aktialiiga\" \/>\n<meta property=\"article:publisher\" content=\"https:\/\/www.facebook.com\/finnhandball\" \/>\n<meta property=\"article:published_time\" content=\"2023-07-04T09:16:23+00:00\" \/>\n<meta property=\"og:image\" content=\"https:\/\/i0.wp.com\/aktialiiga.fi\/miehet\/wp-content\/uploads\/sites\/5\/2023\/07\/BK46_akatemiavalmentajat-scaled.jpg?fit=2560%2C1127&ssl=1\" \/>\n\t<meta property=\"og:image:width\" content=\"2560\" \/>\n\t<meta property=\"og:image:height\" content=\"1127\" \/>\n\t<meta property=\"og:image:type\" content=\"image\/jpeg\" \/>\n<meta name=\"author\" content=\"tbrmedia\" \/>\n<meta name=\"twitter:card\" content=\"summary_large_image\" \/>\n<meta name=\"twitter:creator\" content=\"@finnhandball\" \/>\n<meta name=\"twitter:site\" content=\"@finnhandball\" \/>\n<script type=\"application\/ld+json\" class=\"yoast-schema-graph\">{\"@context\":\"https:\\\/\\\/schema.org\",\"@graph\":[{\"@type\":\"Article\",\"@id\":\"https:\\\/\\\/aktialiiga.fi\\\/miehet\\\/ajankohtaista\\\/bk-46-parantaa-mahdollisuuksia-panostaa-kasipalloon\\\/#article\",\"isPartOf\":{\"@id\":\"https:\\\/\\\/aktialiiga.fi\\\/miehet\\\/ajankohtaista\\\/bk-46-parantaa-mahdollisuuksia-panostaa-kasipalloon\\\/\"},\"author\":{\"name\":\"tbrmedia\",\"@id\":\"https:\\\/\\\/aktialiiga.fi\\\/miehet\\\/#\\\/schema\\\/person\\\/c14bf42f47041db74603c45afcb18d87\"},\"headline\":\"BK-46 parantaa mahdollisuuksia panostaa k\u00e4sipalloon\",\"datePublished\":\"2023-07-04T09:16:23+00:00\",\"mainEntityOfPage\":{\"@id\":\"https:\\\/\\\/aktialiiga.fi\\\/miehet\\\/ajankohtaista\\\/bk-46-parantaa-mahdollisuuksia-panostaa-kasipalloon\\\/\"},\"wordCount\":276,\"publisher\":{\"@id\":\"https:\\\/\\\/aktialiiga.fi\\\/miehet\\\/#organization\"},\"image\":{\"@id\":\"https:\\\/\\\/aktialiiga.fi\\\/miehet\\\/ajankohtaista\\\/bk-46-parantaa-mahdollisuuksia-panostaa-kasipalloon\\\/#primaryimage\"},\"thumbnailUrl\":\"https:\\\/\\\/i0.wp.com\\\/aktialiiga.fi\\\/miehet\\\/wp-content\\\/uploads\\\/sites\\\/5\\\/2023\\\/07\\\/BK46_akatemiavalmentajat-scaled.jpg?fit=2560%2C1127&ssl=1\",\"keywords\":[\"BK-46\"],\"articleSection\":[\"Ajankohtaista\"],\"inLanguage\":\"fi\"},{\"@type\":\"WebPage\",\"@id\":\"https:\\\/\\\/aktialiiga.fi\\\/miehet\\\/ajankohtaista\\\/bk-46-parantaa-mahdollisuuksia-panostaa-kasipalloon\\\/\",\"url\":\"https:\\\/\\\/aktialiiga.fi\\\/miehet\\\/ajankohtaista\\\/bk-46-parantaa-mahdollisuuksia-panostaa-kasipalloon\\\/\",\"name\":\"BK-46 parantaa mahdollisuuksia panostaa k\u00e4sipalloon | K\u00e4sipallon miesten Aktialiiga\",\"isPartOf\":{\"@id\":\"https:\\\/\\\/aktialiiga.fi\\\/miehet\\\/#website\"},\"primaryImageOfPage\":{\"@id\":\"https:\\\/\\\/aktialiiga.fi\\\/miehet\\\/ajankohtaista\\\/bk-46-parantaa-mahdollisuuksia-panostaa-kasipalloon\\\/#primaryimage\"},\"image\":{\"@id\":\"https:\\\/\\\/aktialiiga.fi\\\/miehet\\\/ajankohtaista\\\/bk-46-parantaa-mahdollisuuksia-panostaa-kasipalloon\\\/#primaryimage\"},\"thumbnailUrl\":\"https:\\\/\\\/i0.wp.com\\\/aktialiiga.fi\\\/miehet\\\/wp-content\\\/uploads\\\/sites\\\/5\\\/2023\\\/07\\\/BK46_akatemiavalmentajat-scaled.jpg?fit=2560%2C1127&ssl=1\",\"datePublished\":\"2023-07-04T09:16:23+00:00\",\"breadcrumb\":{\"@id\":\"https:\\\/\\\/aktialiiga.fi\\\/miehet\\\/ajankohtaista\\\/bk-46-parantaa-mahdollisuuksia-panostaa-kasipalloon\\\/#breadcrumb\"},\"inLanguage\":\"fi\",\"potentialAction\":[{\"@type\":\"ReadAction\",\"target\":[\"https:\\\/\\\/aktialiiga.fi\\\/miehet\\\/ajankohtaista\\\/bk-46-parantaa-mahdollisuuksia-panostaa-kasipalloon\\\/\"]}]},{\"@type\":\"ImageObject\",\"inLanguage\":\"fi\",\"@id\":\"https:\\\/\\\/aktialiiga.fi\\\/miehet\\\/ajankohtaista\\\/bk-46-parantaa-mahdollisuuksia-panostaa-kasipalloon\\\/#primaryimage\",\"url\":\"https:\\\/\\\/i0.wp.com\\\/aktialiiga.fi\\\/miehet\\\/wp-content\\\/uploads\\\/sites\\\/5\\\/2023\\\/07\\\/BK46_akatemiavalmentajat-scaled.jpg?fit=2560%2C1127&ssl=1\",\"contentUrl\":\"https:\\\/\\\/i0.wp.com\\\/aktialiiga.fi\\\/miehet\\\/wp-content\\\/uploads\\\/sites\\\/5\\\/2023\\\/07\\\/BK46_akatemiavalmentajat-scaled.jpg?fit=2560%2C1127&ssl=1\",\"width\":2560,\"height\":1127},{\"@type\":\"BreadcrumbList\",\"@id\":\"https:\\\/\\\/aktialiiga.fi\\\/miehet\\\/ajankohtaista\\\/bk-46-parantaa-mahdollisuuksia-panostaa-kasipalloon\\\/#breadcrumb\",\"itemListElement\":[{\"@type\":\"ListItem\",\"position\":1,\"name\":\"Etusivu\",\"item\":\"https:\\\/\\\/aktialiiga.fi\\\/miehet\\\/\"},{\"@type\":\"ListItem\",\"position\":2,\"name\":\"BK-46 parantaa mahdollisuuksia panostaa k\u00e4sipalloon\"}]},{\"@type\":\"WebSite\",\"@id\":\"https:\\\/\\\/aktialiiga.fi\\\/miehet\\\/#website\",\"url\":\"https:\\\/\\\/aktialiiga.fi\\\/miehet\\\/\",\"name\":\"K\u00e4sipallon miesten Aktialiiga\",\"description\":\"Valtakunnan vauhdikkainta palloilua!\",\"publisher\":{\"@id\":\"https:\\\/\\\/aktialiiga.fi\\\/miehet\\\/#organization\"},\"potentialAction\":[{\"@type\":\"SearchAction\",\"target\":{\"@type\":\"EntryPoint\",\"urlTemplate\":\"https:\\\/\\\/aktialiiga.fi\\\/miehet\\\/?s={search_term_string}\"},\"query-input\":{\"@type\":\"PropertyValueSpecification\",\"valueRequired\":true,\"valueName\":\"search_term_string\"}}],\"inLanguage\":\"fi\"},{\"@type\":\"Organization\",\"@id\":\"https:\\\/\\\/aktialiiga.fi\\\/miehet\\\/#organization\",\"name\":\"K\u00e4sipallon miesten Aktialiiga\",\"url\":\"https:\\\/\\\/aktialiiga.fi\\\/miehet\\\/\",\"logo\":{\"@type\":\"ImageObject\",\"inLanguage\":\"fi\",\"@id\":\"https:\\\/\\\/aktialiiga.fi\\\/miehet\\\/#\\\/schema\\\/logo\\\/image\\\/\",\"url\":\"https:\\\/\\\/i0.wp.com\\\/aktialiiga.fi\\\/miehet\\\/wp-content\\\/uploads\\\/sites\\\/5\\\/2024\\\/09\\\/Aktialiiga-Yoast-512.png?fit=512%2C512&ssl=1\",\"contentUrl\":\"https:\\\/\\\/i0.wp.com\\\/aktialiiga.fi\\\/miehet\\\/wp-content\\\/uploads\\\/sites\\\/5\\\/2024\\\/09\\\/Aktialiiga-Yoast-512.png?fit=512%2C512&ssl=1\",\"width\":512,\"height\":512,\"caption\":\"K\u00e4sipallon miesten Aktialiiga\"},\"image\":{\"@id\":\"https:\\\/\\\/aktialiiga.fi\\\/miehet\\\/#\\\/schema\\\/logo\\\/image\\\/\"},\"sameAs\":[\"https:\\\/\\\/www.facebook.com\\\/finnhandball\",\"https:\\\/\\\/x.com\\\/finnhandball\",\"https:\\\/\\\/www.instagram.com\\\/handballfinland\\\/\"]},{\"@type\":\"Person\",\"@id\":\"https:\\\/\\\/aktialiiga.fi\\\/miehet\\\/#\\\/schema\\\/person\\\/c14bf42f47041db74603c45afcb18d87\",\"name\":\"tbrmedia\",\"image\":{\"@type\":\"ImageObject\",\"inLanguage\":\"fi\",\"@id\":\"https:\\\/\\\/secure.gravatar.com\\\/avatar\\\/ee975fa091fe581d12b60debb3439022686618368a7c142044c56724d4666b16?s=96&d=mm&r=g\",\"url\":\"https:\\\/\\\/secure.gravatar.com\\\/avatar\\\/ee975fa091fe581d12b60debb3439022686618368a7c142044c56724d4666b16?s=96&d=mm&r=g\",\"contentUrl\":\"https:\\\/\\\/secure.gravatar.com\\\/avatar\\\/ee975fa091fe581d12b60debb3439022686618368a7c142044c56724d4666b16?s=96&d=mm&r=g\",\"caption\":\"tbrmedia\"}}]}<\/script>\n<!-- \/ Yoast SEO plugin. -->","yoast_head_json":{"title":"BK-46 parantaa mahdollisuuksia panostaa k\u00e4sipalloon | K\u00e4sipallon miesten Aktialiiga","robots":{"index":"index","follow":"follow","max-snippet":"max-snippet:-1","max-image-preview":"max-image-preview:large","max-video-preview":"max-video-preview:-1"},"canonical":"https:\/\/aktialiiga.fi\/miehet\/ajankohtaista\/bk-46-parantaa-mahdollisuuksia-panostaa-kasipalloon\/","og_locale":"fi_FI","og_type":"article","og_title":"BK-46 parantaa mahdollisuuksia panostaa k\u00e4sipalloon | K\u00e4sipallon miesten Aktialiiga","og_description":"BK-46:n uusi panostus junioripuolelle alkaa syksyll\u00e4 trion Tomas Mecklin, Benjamin Olsson ja Eddie Pr\u00e5hl johdolla. Kohderyhm\u00e4n\u00e4 ovat vanhimmat junioripojat, ja seuran puolelta tavoitteena on tarjota mahdollisuus niille junioreille, jotka todella haluavat panostaa k\u00e4sipalloon. \u2013 Pyrimme monivuotiseen projektiin, jonka toivomme johtavan siihen, ett\u00e4 useampi pelaaja haluaa jatkaa k\u00e4sipallouraansa nykyist\u00e4 pidemp\u00e4\u00e4n. Sit\u00e4 kautta my\u00f6s edustusjoukkueen kokoonpano on [&hellip;]","og_url":"https:\/\/aktialiiga.fi\/miehet\/ajankohtaista\/bk-46-parantaa-mahdollisuuksia-panostaa-kasipalloon\/","og_site_name":"K\u00e4sipallon miesten Aktialiiga","article_publisher":"https:\/\/www.facebook.com\/finnhandball","article_published_time":"2023-07-04T09:16:23+00:00","og_image":[{"width":2560,"height":1127,"url":"https:\/\/i0.wp.com\/aktialiiga.fi\/miehet\/wp-content\/uploads\/sites\/5\/2023\/07\/BK46_akatemiavalmentajat-scaled.jpg?fit=2560%2C1127&ssl=1","type":"image\/jpeg"}],"author":"tbrmedia","twitter_card":"summary_large_image","twitter_creator":"@finnhandball","twitter_site":"@finnhandball","schema":{"@context":"https:\/\/schema.org","@graph":[{"@type":"Article","@id":"https:\/\/aktialiiga.fi\/miehet\/ajankohtaista\/bk-46-parantaa-mahdollisuuksia-panostaa-kasipalloon\/#article","isPartOf":{"@id":"https:\/\/aktialiiga.fi\/miehet\/ajankohtaista\/bk-46-parantaa-mahdollisuuksia-panostaa-kasipalloon\/"},"author":{"name":"tbrmedia","@id":"https:\/\/aktialiiga.fi\/miehet\/#\/schema\/person\/c14bf42f47041db74603c45afcb18d87"},"headline":"BK-46 parantaa mahdollisuuksia panostaa k\u00e4sipalloon","datePublished":"2023-07-04T09:16:23+00:00","mainEntityOfPage":{"@id":"https:\/\/aktialiiga.fi\/miehet\/ajankohtaista\/bk-46-parantaa-mahdollisuuksia-panostaa-kasipalloon\/"},"wordCount":276,"publisher":{"@id":"https:\/\/aktialiiga.fi\/miehet\/#organization"},"image":{"@id":"https:\/\/aktialiiga.fi\/miehet\/ajankohtaista\/bk-46-parantaa-mahdollisuuksia-panostaa-kasipalloon\/#primaryimage"},"thumbnailUrl":"https:\/\/i0.wp.com\/aktialiiga.fi\/miehet\/wp-content\/uploads\/sites\/5\/2023\/07\/BK46_akatemiavalmentajat-scaled.jpg?fit=2560%2C1127&ssl=1","keywords":["BK-46"],"articleSection":["Ajankohtaista"],"inLanguage":"fi"},{"@type":"WebPage","@id":"https:\/\/aktialiiga.fi\/miehet\/ajankohtaista\/bk-46-parantaa-mahdollisuuksia-panostaa-kasipalloon\/","url":"https:\/\/aktialiiga.fi\/miehet\/ajankohtaista\/bk-46-parantaa-mahdollisuuksia-panostaa-kasipalloon\/","name":"BK-46 parantaa mahdollisuuksia panostaa k\u00e4sipalloon | K\u00e4sipallon miesten Aktialiiga","isPartOf":{"@id":"https:\/\/aktialiiga.fi\/miehet\/#website"},"primaryImageOfPage":{"@id":"https:\/\/aktialiiga.fi\/miehet\/ajankohtaista\/bk-46-parantaa-mahdollisuuksia-panostaa-kasipalloon\/#primaryimage"},"image":{"@id":"https:\/\/aktialiiga.fi\/miehet\/ajankohtaista\/bk-46-parantaa-mahdollisuuksia-panostaa-kasipalloon\/#primaryimage"},"thumbnailUrl":"https:\/\/i0.wp.com\/aktialiiga.fi\/miehet\/wp-content\/uploads\/sites\/5\/2023\/07\/BK46_akatemiavalmentajat-scaled.jpg?fit=2560%2C1127&ssl=1","datePublished":"2023-07-04T09:16:23+00:00","breadcrumb":{"@id":"https:\/\/aktialiiga.fi\/miehet\/ajankohtaista\/bk-46-parantaa-mahdollisuuksia-panostaa-kasipalloon\/#breadcrumb"},"inLanguage":"fi","potentialAction":[{"@type":"ReadAction","target":["https:\/\/aktialiiga.fi\/miehet\/ajankohtaista\/bk-46-parantaa-mahdollisuuksia-panostaa-kasipalloon\/"]}]},{"@type":"ImageObject","inLanguage":"fi","@id":"https:\/\/aktialiiga.fi\/miehet\/ajankohtaista\/bk-46-parantaa-mahdollisuuksia-panostaa-kasipalloon\/#primaryimage","url":"https:\/\/i0.wp.com\/aktialiiga.fi\/miehet\/wp-content\/uploads\/sites\/5\/2023\/07\/BK46_akatemiavalmentajat-scaled.jpg?fit=2560%2C1127&ssl=1","contentUrl":"https:\/\/i0.wp.com\/aktialiiga.fi\/miehet\/wp-content\/uploads\/sites\/5\/2023\/07\/BK46_akatemiavalmentajat-scaled.jpg?fit=2560%2C1127&ssl=1","width":2560,"height":1127},{"@type":"BreadcrumbList","@id":"https:\/\/aktialiiga.fi\/miehet\/ajankohtaista\/bk-46-parantaa-mahdollisuuksia-panostaa-kasipalloon\/#breadcrumb","itemListElement":[{"@type":"ListItem","position":1,"name":"Etusivu","item":"https:\/\/aktialiiga.fi\/miehet\/"},{"@type":"ListItem","position":2,"name":"BK-46 parantaa mahdollisuuksia panostaa k\u00e4sipalloon"}]},{"@type":"WebSite","@id":"https:\/\/aktialiiga.fi\/miehet\/#website","url":"https:\/\/aktialiiga.fi\/miehet\/","name":"K\u00e4sipallon miesten Aktialiiga","description":"Valtakunnan vauhdikkainta palloilua!","publisher":{"@id":"https:\/\/aktialiiga.fi\/miehet\/#organization"},"potentialAction":[{"@type":"SearchAction","target":{"@type":"EntryPoint","urlTemplate":"https:\/\/aktialiiga.fi\/miehet\/?s={search_term_string}"},"query-input":{"@type":"PropertyValueSpecification","valueRequired":true,"valueName":"search_term_string"}}],"inLanguage":"fi"},{"@type":"Organization","@id":"https:\/\/aktialiiga.fi\/miehet\/#organization","name":"K\u00e4sipallon miesten Aktialiiga","url":"https:\/\/aktialiiga.fi\/miehet\/","logo":{"@type":"ImageObject","inLanguage":"fi","@id":"https:\/\/aktialiiga.fi\/miehet\/#\/schema\/logo\/image\/","url":"https:\/\/i0.wp.com\/aktialiiga.fi\/miehet\/wp-content\/uploads\/sites\/5\/2024\/09\/Aktialiiga-Yoast-512.png?fit=512%2C512&ssl=1","contentUrl":"https:\/\/i0.wp.com\/aktialiiga.fi\/miehet\/wp-content\/uploads\/sites\/5\/2024\/09\/Aktialiiga-Yoast-512.png?fit=512%2C512&ssl=1","width":512,"height":512,"caption":"K\u00e4sipallon miesten Aktialiiga"},"image":{"@id":"https:\/\/aktialiiga.fi\/miehet\/#\/schema\/logo\/image\/"},"sameAs":["https:\/\/www.facebook.com\/finnhandball","https:\/\/x.com\/finnhandball","https:\/\/www.instagram.com\/handballfinland\/"]},{"@type":"Person","@id":"https:\/\/aktialiiga.fi\/miehet\/#\/schema\/person\/c14bf42f47041db74603c45afcb18d87","name":"tbrmedia","image":{"@type":"ImageObject","inLanguage":"fi","@id":"https:\/\/secure.gravatar.com\/avatar\/ee975fa091fe581d12b60debb3439022686618368a7c142044c56724d4666b16?s=96&d=mm&r=g","url":"https:\/\/secure.gravatar.com\/avatar\/ee975fa091fe581d12b60debb3439022686618368a7c142044c56724d4666b16?s=96&d=mm&r=g","contentUrl":"https:\/\/secure.gravatar.com\/avatar\/ee975fa091fe581d12b60debb3439022686618368a7c142044c56724d4666b16?s=96&d=mm&r=g","caption":"tbrmedia"}}]}},"jetpack_featured_media_url":"https:\/\/i0.wp.com\/aktialiiga.fi\/miehet\/wp-content\/uploads\/sites\/5\/2023\/07\/BK46_akatemiavalmentajat-scaled.jpg?fit=2560%2C1127&ssl=1","jetpack_sharing_enabled":true,"jetpack_shortlink":"https:\/\/wp.me\/pfTxOr-b5r","_links":{"self":[{"href":"https:\/\/aktialiiga.fi\/miehet\/wp-json\/wp\/v2\/posts\/42621","targetHints":{"allow":["GET"]}}],"collection":[{"href":"https:\/\/aktialiiga.fi\/miehet\/wp-json\/wp\/v2\/posts"}],"about":[{"href":"https:\/\/aktialiiga.fi\/miehet\/wp-json\/wp\/v2\/types\/post"}],"author":[{"embeddable":true,"href":"https:\/\/aktialiiga.fi\/miehet\/wp-json\/wp\/v2\/users\/13"}],"replies":[{"embeddable":true,"href":"https:\/\/aktialiiga.fi\/miehet\/wp-json\/wp\/v2\/comments?post=42621"}],"version-history":[{"count":0,"href":"https:\/\/aktialiiga.fi\/miehet\/wp-json\/wp\/v2\/posts\/42621\/revisions"}],"wp:featuredmedia":[{"embeddable":true,"href":"https:\/\/aktialiiga.fi\/miehet\/wp-json\/wp\/v2\/media\/42622"}],"wp:attachment":[{"href":"https:\/\/aktialiiga.fi\/miehet\/wp-json\/wp\/v2\/media?parent=42621"}],"wp:term":[{"taxonomy":"category","embeddable":true,"href":"https:\/\/aktialiiga.fi\/miehet\/wp-json\/wp\/v2\/categories?post=42621"},{"taxonomy":"post_tag","embeddable":true,"href":"https:\/\/aktialiiga.fi\/miehet\/wp-json\/wp\/v2\/tags?post=42621"}],"curies":[{"name":"wp","href":"https:\/\/api.w.org\/{rel}","templated":true}]}}