{"id":4336,"date":"2012-11-09T23:36:02","date_gmt":"2012-11-09T21:36:02","guid":{"rendered":"http:\/\/www.handisliiga.fi\/?p=4336"},"modified":"2018-03-15T14:37:49","modified_gmt":"2018-03-15T12:37:49","slug":"aifk-ja-sif-paatyivat-pistejakoon-samppalinnassa","status":"publish","type":"post","link":"https:\/\/aktialiiga.fi\/miehet\/2012-2013\/ottelut-2012-2013\/aifk-ja-sif-paatyivat-pistejakoon-samppalinnassa\/","title":{"rendered":"\u00c5IFK ja SIF p\u00e4\u00e4tyiv\u00e4t pistejakoon Samppalinnassa"},"content":{"rendered":"<p><strong>Tasaisissa merkeiss\u00e4 k\u00e4yty kamppailu p\u00e4\u00e4ttyi 28-28 (13-13).<\/strong><!--more--><\/p>\n<p>Pistejaolla joukkueet nousivat Akilleksen ohi taulukossa sijoille kuusi ja seitsem\u00e4n, kun syyskierros joukkueiden osalta\u00a0p\u00e4\u00e4ttyy seuraavaan peliin<\/p>\n<p>\u00c5IFK:n kultashortsi Sten Toomla, osui kotijoukkueelle kymmenen kertaa ja ker\u00e4si t\u00e4hdet.<\/p>\n<p>&#8211;\u00a0Pitk\u00e4\u00e4n aikaan ei peli ole oikein kulkenut. Nyt mielest\u00e4ni, peli oli pitk\u00e4st\u00e4 aikaa hyv\u00e4n n\u00e4k\u00f6ist\u00e4. Tietenkin voitto ja kaksi pistett\u00e4 olisi pit\u00e4nyt ottaa, virolaisvasuri pohti.<\/p>\n<p>Thomas Hivertin mielest\u00e4 tasatulos oli oikeutettu.<\/p>\n<p>&#8211;\u00a0Peli oli melkoista yl\u00e4- ja alam\u00e4ke\u00e4. Muutenkin pelimme taso on heitellyt aika paljon. Tulos n\u00e4ytt\u00e4\u00e4 juuri oikeutetulta. Tosin meill\u00e4 oli viimeinen paikka, mutta emme tehneet maalia.<\/p>\n<p>&#8211; Tiukka jumbofinaali, kuului SIF:n p\u00e4\u00e4valmentaja Marcus Sj\u00f6stedtin lyhyt kommentti ottelun j\u00e4lkeen.<\/p>\n<p><strong>L\u00e4hiTapiola T\u00e4hdet<\/strong><\/p>\n<p>*** Sten Toomla \u00c5IFK\u00a0<a href=\"\/2012-2013\/ottelut-2012-2013\/aifk-ja-sif-paatyivat-pistejakoon-samppalinnassa\/attachment\/sten-toomla-2\/\" rel=\"attachment wp-att-4340\"><img data-recalc-dims=\"1\" decoding=\"async\" class=\"alignright size-full wp-image-4340\" title=\"Sten Toomla\" src=\"https:\/\/i0.wp.com\/aktialiiga.fi\/wp-content\/uploads\/sites\/5\/2012\/11\/Sten-Toomla.png?resize=220%2C270&#038;ssl=1\" alt=\"\" width=\"220\" height=\"270\" \/><\/a><\/p>\n<p>** Henri Mannonen SIF<\/p>\n<p>* Patrik Gr\u00f6nberg SIF<\/p>\n<p><strong>Maalintekij\u00e4t<\/strong><\/p>\n<p>\u00c5IFK:\u00a0Sten Toomla 10, Vilppu Kuuluvainen 5, Andreas Nystr\u00f6m 5, Taavi Tibar 3, Olev Eensalu 2, Niklas Manderoos 2, Frans Lindholm 1<\/p>\n<p>SIF:\u00a0Patrik Gr\u00f6nberg 7, Henri Mannonen 6,\u00a0Ravo Voosalu 6,\u00a0Gustav Svanb\u00e4ck 3, Albert Lindholm 3, Christoffer Holm 1, Antti Tahvanainen 1, Christoffer Modig 1<\/p>\n","protected":false},"excerpt":{"rendered":"<p>Tasaisissa merkeiss\u00e4 k\u00e4yty kamppailu p\u00e4\u00e4ttyi 28-28 (13-13).<\/p>\n","protected":false},"author":13,"featured_media":0,"comment_status":"closed","ping_status":"closed","sticky":false,"template":"","format":"standard","meta":{"_acf_changed":false,"jetpack_post_was_ever_published":false,"_jetpack_newsletter_access":"","_jetpack_dont_email_post_to_subs":false,"_jetpack_newsletter_tier_id":0,"_jetpack_memberships_contains_paywalled_content":false,"_jetpack_memberships_contains_paid_content":false,"footnotes":""},"categories":[20],"tags":[50,111],"class_list":["post-4336","post","type-post","status-publish","format-standard","hentry","category-ottelut-2012-2013","tag-aifk","tag-sif"],"acf":[],"yoast_head":"<!-- This site is optimized with the Yoast SEO plugin v27.5 - https:\/\/yoast.com\/product\/yoast-seo-wordpress\/ -->\n<title>\u00c5IFK ja SIF p\u00e4\u00e4tyiv\u00e4t pistejakoon Samppalinnassa | K\u00e4sipallon miesten Aktialiiga<\/title>\n<meta name=\"robots\" content=\"index, follow, max-snippet:-1, max-image-preview:large, max-video-preview:-1\" \/>\n<link rel=\"canonical\" href=\"https:\/\/aktialiiga.fi\/miehet\/2012-2013\/ottelut-2012-2013\/aifk-ja-sif-paatyivat-pistejakoon-samppalinnassa\/\" \/>\n<meta property=\"og:locale\" content=\"fi_FI\" \/>\n<meta property=\"og:type\" content=\"article\" \/>\n<meta property=\"og:title\" content=\"\u00c5IFK ja SIF p\u00e4\u00e4tyiv\u00e4t pistejakoon Samppalinnassa | K\u00e4sipallon miesten Aktialiiga\" \/>\n<meta property=\"og:description\" content=\"Tasaisissa merkeiss\u00e4 k\u00e4yty kamppailu p\u00e4\u00e4ttyi 28-28 (13-13).\" \/>\n<meta property=\"og:url\" content=\"https:\/\/aktialiiga.fi\/miehet\/2012-2013\/ottelut-2012-2013\/aifk-ja-sif-paatyivat-pistejakoon-samppalinnassa\/\" \/>\n<meta property=\"og:site_name\" content=\"K\u00e4sipallon miesten Aktialiiga\" \/>\n<meta property=\"article:publisher\" content=\"https:\/\/www.facebook.com\/finnhandball\" \/>\n<meta property=\"article:published_time\" content=\"2012-11-09T21:36:02+00:00\" \/>\n<meta property=\"article:modified_time\" content=\"2018-03-15T12:37:49+00:00\" \/>\n<meta property=\"og:image\" content=\"https:\/\/aktialiiga.fi\/wp-content\/uploads\/sites\/5\/2012\/11\/Sten-Toomla.png\" \/>\n<meta name=\"author\" content=\"tbrmedia\" \/>\n<meta name=\"twitter:card\" content=\"summary_large_image\" \/>\n<meta name=\"twitter:creator\" content=\"@finnhandball\" \/>\n<meta name=\"twitter:site\" content=\"@finnhandball\" \/>\n<script type=\"application\/ld+json\" class=\"yoast-schema-graph\">{\"@context\":\"https:\\\/\\\/schema.org\",\"@graph\":[{\"@type\":\"Article\",\"@id\":\"https:\\\/\\\/aktialiiga.fi\\\/miehet\\\/2012-2013\\\/ottelut-2012-2013\\\/aifk-ja-sif-paatyivat-pistejakoon-samppalinnassa\\\/#article\",\"isPartOf\":{\"@id\":\"https:\\\/\\\/aktialiiga.fi\\\/miehet\\\/2012-2013\\\/ottelut-2012-2013\\\/aifk-ja-sif-paatyivat-pistejakoon-samppalinnassa\\\/\"},\"author\":{\"name\":\"tbrmedia\",\"@id\":\"https:\\\/\\\/aktialiiga.fi\\\/miehet\\\/#\\\/schema\\\/person\\\/c14bf42f47041db74603c45afcb18d87\"},\"headline\":\"\u00c5IFK ja SIF p\u00e4\u00e4tyiv\u00e4t pistejakoon Samppalinnassa\",\"datePublished\":\"2012-11-09T21:36:02+00:00\",\"dateModified\":\"2018-03-15T12:37:49+00:00\",\"mainEntityOfPage\":{\"@id\":\"https:\\\/\\\/aktialiiga.fi\\\/miehet\\\/2012-2013\\\/ottelut-2012-2013\\\/aifk-ja-sif-paatyivat-pistejakoon-samppalinnassa\\\/\"},\"wordCount\":186,\"publisher\":{\"@id\":\"https:\\\/\\\/aktialiiga.fi\\\/miehet\\\/#organization\"},\"image\":{\"@id\":\"https:\\\/\\\/aktialiiga.fi\\\/miehet\\\/2012-2013\\\/ottelut-2012-2013\\\/aifk-ja-sif-paatyivat-pistejakoon-samppalinnassa\\\/#primaryimage\"},\"thumbnailUrl\":\"https:\\\/\\\/aktialiiga.fi\\\/wp-content\\\/uploads\\\/sites\\\/5\\\/2012\\\/11\\\/Sten-Toomla.png\",\"keywords\":[\"\u00c5IFK\",\"SIF\"],\"articleSection\":[\"Ottelut\"],\"inLanguage\":\"fi\"},{\"@type\":\"WebPage\",\"@id\":\"https:\\\/\\\/aktialiiga.fi\\\/miehet\\\/2012-2013\\\/ottelut-2012-2013\\\/aifk-ja-sif-paatyivat-pistejakoon-samppalinnassa\\\/\",\"url\":\"https:\\\/\\\/aktialiiga.fi\\\/miehet\\\/2012-2013\\\/ottelut-2012-2013\\\/aifk-ja-sif-paatyivat-pistejakoon-samppalinnassa\\\/\",\"name\":\"\u00c5IFK ja SIF p\u00e4\u00e4tyiv\u00e4t pistejakoon Samppalinnassa | K\u00e4sipallon miesten Aktialiiga\",\"isPartOf\":{\"@id\":\"https:\\\/\\\/aktialiiga.fi\\\/miehet\\\/#website\"},\"primaryImageOfPage\":{\"@id\":\"https:\\\/\\\/aktialiiga.fi\\\/miehet\\\/2012-2013\\\/ottelut-2012-2013\\\/aifk-ja-sif-paatyivat-pistejakoon-samppalinnassa\\\/#primaryimage\"},\"image\":{\"@id\":\"https:\\\/\\\/aktialiiga.fi\\\/miehet\\\/2012-2013\\\/ottelut-2012-2013\\\/aifk-ja-sif-paatyivat-pistejakoon-samppalinnassa\\\/#primaryimage\"},\"thumbnailUrl\":\"https:\\\/\\\/aktialiiga.fi\\\/wp-content\\\/uploads\\\/sites\\\/5\\\/2012\\\/11\\\/Sten-Toomla.png\",\"datePublished\":\"2012-11-09T21:36:02+00:00\",\"dateModified\":\"2018-03-15T12:37:49+00:00\",\"breadcrumb\":{\"@id\":\"https:\\\/\\\/aktialiiga.fi\\\/miehet\\\/2012-2013\\\/ottelut-2012-2013\\\/aifk-ja-sif-paatyivat-pistejakoon-samppalinnassa\\\/#breadcrumb\"},\"inLanguage\":\"fi\",\"potentialAction\":[{\"@type\":\"ReadAction\",\"target\":[\"https:\\\/\\\/aktialiiga.fi\\\/miehet\\\/2012-2013\\\/ottelut-2012-2013\\\/aifk-ja-sif-paatyivat-pistejakoon-samppalinnassa\\\/\"]}]},{\"@type\":\"ImageObject\",\"inLanguage\":\"fi\",\"@id\":\"https:\\\/\\\/aktialiiga.fi\\\/miehet\\\/2012-2013\\\/ottelut-2012-2013\\\/aifk-ja-sif-paatyivat-pistejakoon-samppalinnassa\\\/#primaryimage\",\"url\":\"https:\\\/\\\/aktialiiga.fi\\\/wp-content\\\/uploads\\\/sites\\\/5\\\/2012\\\/11\\\/Sten-Toomla.png\",\"contentUrl\":\"https:\\\/\\\/aktialiiga.fi\\\/wp-content\\\/uploads\\\/sites\\\/5\\\/2012\\\/11\\\/Sten-Toomla.png\"},{\"@type\":\"BreadcrumbList\",\"@id\":\"https:\\\/\\\/aktialiiga.fi\\\/miehet\\\/2012-2013\\\/ottelut-2012-2013\\\/aifk-ja-sif-paatyivat-pistejakoon-samppalinnassa\\\/#breadcrumb\",\"itemListElement\":[{\"@type\":\"ListItem\",\"position\":1,\"name\":\"Etusivu\",\"item\":\"https:\\\/\\\/aktialiiga.fi\\\/miehet\\\/\"},{\"@type\":\"ListItem\",\"position\":2,\"name\":\"\u00c5IFK ja SIF p\u00e4\u00e4tyiv\u00e4t pistejakoon Samppalinnassa\"}]},{\"@type\":\"WebSite\",\"@id\":\"https:\\\/\\\/aktialiiga.fi\\\/miehet\\\/#website\",\"url\":\"https:\\\/\\\/aktialiiga.fi\\\/miehet\\\/\",\"name\":\"K\u00e4sipallon miesten Aktialiiga\",\"description\":\"Valtakunnan vauhdikkainta palloilua!\",\"publisher\":{\"@id\":\"https:\\\/\\\/aktialiiga.fi\\\/miehet\\\/#organization\"},\"potentialAction\":[{\"@type\":\"SearchAction\",\"target\":{\"@type\":\"EntryPoint\",\"urlTemplate\":\"https:\\\/\\\/aktialiiga.fi\\\/miehet\\\/?s={search_term_string}\"},\"query-input\":{\"@type\":\"PropertyValueSpecification\",\"valueRequired\":true,\"valueName\":\"search_term_string\"}}],\"inLanguage\":\"fi\"},{\"@type\":\"Organization\",\"@id\":\"https:\\\/\\\/aktialiiga.fi\\\/miehet\\\/#organization\",\"name\":\"K\u00e4sipallon miesten Aktialiiga\",\"url\":\"https:\\\/\\\/aktialiiga.fi\\\/miehet\\\/\",\"logo\":{\"@type\":\"ImageObject\",\"inLanguage\":\"fi\",\"@id\":\"https:\\\/\\\/aktialiiga.fi\\\/miehet\\\/#\\\/schema\\\/logo\\\/image\\\/\",\"url\":\"https:\\\/\\\/i0.wp.com\\\/aktialiiga.fi\\\/miehet\\\/wp-content\\\/uploads\\\/sites\\\/5\\\/2024\\\/09\\\/Aktialiiga-Yoast-512.png?fit=512%2C512&ssl=1\",\"contentUrl\":\"https:\\\/\\\/i0.wp.com\\\/aktialiiga.fi\\\/miehet\\\/wp-content\\\/uploads\\\/sites\\\/5\\\/2024\\\/09\\\/Aktialiiga-Yoast-512.png?fit=512%2C512&ssl=1\",\"width\":512,\"height\":512,\"caption\":\"K\u00e4sipallon miesten Aktialiiga\"},\"image\":{\"@id\":\"https:\\\/\\\/aktialiiga.fi\\\/miehet\\\/#\\\/schema\\\/logo\\\/image\\\/\"},\"sameAs\":[\"https:\\\/\\\/www.facebook.com\\\/finnhandball\",\"https:\\\/\\\/x.com\\\/finnhandball\",\"https:\\\/\\\/www.instagram.com\\\/handballfinland\\\/\"]},{\"@type\":\"Person\",\"@id\":\"https:\\\/\\\/aktialiiga.fi\\\/miehet\\\/#\\\/schema\\\/person\\\/c14bf42f47041db74603c45afcb18d87\",\"name\":\"tbrmedia\",\"image\":{\"@type\":\"ImageObject\",\"inLanguage\":\"fi\",\"@id\":\"https:\\\/\\\/secure.gravatar.com\\\/avatar\\\/ee975fa091fe581d12b60debb3439022686618368a7c142044c56724d4666b16?s=96&d=mm&r=g\",\"url\":\"https:\\\/\\\/secure.gravatar.com\\\/avatar\\\/ee975fa091fe581d12b60debb3439022686618368a7c142044c56724d4666b16?s=96&d=mm&r=g\",\"contentUrl\":\"https:\\\/\\\/secure.gravatar.com\\\/avatar\\\/ee975fa091fe581d12b60debb3439022686618368a7c142044c56724d4666b16?s=96&d=mm&r=g\",\"caption\":\"tbrmedia\"}}]}<\/script>\n<!-- \/ Yoast SEO plugin. -->","yoast_head_json":{"title":"\u00c5IFK ja SIF p\u00e4\u00e4tyiv\u00e4t pistejakoon Samppalinnassa | K\u00e4sipallon miesten Aktialiiga","robots":{"index":"index","follow":"follow","max-snippet":"max-snippet:-1","max-image-preview":"max-image-preview:large","max-video-preview":"max-video-preview:-1"},"canonical":"https:\/\/aktialiiga.fi\/miehet\/2012-2013\/ottelut-2012-2013\/aifk-ja-sif-paatyivat-pistejakoon-samppalinnassa\/","og_locale":"fi_FI","og_type":"article","og_title":"\u00c5IFK ja SIF p\u00e4\u00e4tyiv\u00e4t pistejakoon Samppalinnassa | K\u00e4sipallon miesten Aktialiiga","og_description":"Tasaisissa merkeiss\u00e4 k\u00e4yty kamppailu p\u00e4\u00e4ttyi 28-28 (13-13).","og_url":"https:\/\/aktialiiga.fi\/miehet\/2012-2013\/ottelut-2012-2013\/aifk-ja-sif-paatyivat-pistejakoon-samppalinnassa\/","og_site_name":"K\u00e4sipallon miesten Aktialiiga","article_publisher":"https:\/\/www.facebook.com\/finnhandball","article_published_time":"2012-11-09T21:36:02+00:00","article_modified_time":"2018-03-15T12:37:49+00:00","og_image":[{"url":"https:\/\/aktialiiga.fi\/wp-content\/uploads\/sites\/5\/2012\/11\/Sten-Toomla.png","type":"","width":"","height":""}],"author":"tbrmedia","twitter_card":"summary_large_image","twitter_creator":"@finnhandball","twitter_site":"@finnhandball","schema":{"@context":"https:\/\/schema.org","@graph":[{"@type":"Article","@id":"https:\/\/aktialiiga.fi\/miehet\/2012-2013\/ottelut-2012-2013\/aifk-ja-sif-paatyivat-pistejakoon-samppalinnassa\/#article","isPartOf":{"@id":"https:\/\/aktialiiga.fi\/miehet\/2012-2013\/ottelut-2012-2013\/aifk-ja-sif-paatyivat-pistejakoon-samppalinnassa\/"},"author":{"name":"tbrmedia","@id":"https:\/\/aktialiiga.fi\/miehet\/#\/schema\/person\/c14bf42f47041db74603c45afcb18d87"},"headline":"\u00c5IFK ja SIF p\u00e4\u00e4tyiv\u00e4t pistejakoon Samppalinnassa","datePublished":"2012-11-09T21:36:02+00:00","dateModified":"2018-03-15T12:37:49+00:00","mainEntityOfPage":{"@id":"https:\/\/aktialiiga.fi\/miehet\/2012-2013\/ottelut-2012-2013\/aifk-ja-sif-paatyivat-pistejakoon-samppalinnassa\/"},"wordCount":186,"publisher":{"@id":"https:\/\/aktialiiga.fi\/miehet\/#organization"},"image":{"@id":"https:\/\/aktialiiga.fi\/miehet\/2012-2013\/ottelut-2012-2013\/aifk-ja-sif-paatyivat-pistejakoon-samppalinnassa\/#primaryimage"},"thumbnailUrl":"https:\/\/aktialiiga.fi\/wp-content\/uploads\/sites\/5\/2012\/11\/Sten-Toomla.png","keywords":["\u00c5IFK","SIF"],"articleSection":["Ottelut"],"inLanguage":"fi"},{"@type":"WebPage","@id":"https:\/\/aktialiiga.fi\/miehet\/2012-2013\/ottelut-2012-2013\/aifk-ja-sif-paatyivat-pistejakoon-samppalinnassa\/","url":"https:\/\/aktialiiga.fi\/miehet\/2012-2013\/ottelut-2012-2013\/aifk-ja-sif-paatyivat-pistejakoon-samppalinnassa\/","name":"\u00c5IFK ja SIF p\u00e4\u00e4tyiv\u00e4t pistejakoon Samppalinnassa | K\u00e4sipallon miesten Aktialiiga","isPartOf":{"@id":"https:\/\/aktialiiga.fi\/miehet\/#website"},"primaryImageOfPage":{"@id":"https:\/\/aktialiiga.fi\/miehet\/2012-2013\/ottelut-2012-2013\/aifk-ja-sif-paatyivat-pistejakoon-samppalinnassa\/#primaryimage"},"image":{"@id":"https:\/\/aktialiiga.fi\/miehet\/2012-2013\/ottelut-2012-2013\/aifk-ja-sif-paatyivat-pistejakoon-samppalinnassa\/#primaryimage"},"thumbnailUrl":"https:\/\/aktialiiga.fi\/wp-content\/uploads\/sites\/5\/2012\/11\/Sten-Toomla.png","datePublished":"2012-11-09T21:36:02+00:00","dateModified":"2018-03-15T12:37:49+00:00","breadcrumb":{"@id":"https:\/\/aktialiiga.fi\/miehet\/2012-2013\/ottelut-2012-2013\/aifk-ja-sif-paatyivat-pistejakoon-samppalinnassa\/#breadcrumb"},"inLanguage":"fi","potentialAction":[{"@type":"ReadAction","target":["https:\/\/aktialiiga.fi\/miehet\/2012-2013\/ottelut-2012-2013\/aifk-ja-sif-paatyivat-pistejakoon-samppalinnassa\/"]}]},{"@type":"ImageObject","inLanguage":"fi","@id":"https:\/\/aktialiiga.fi\/miehet\/2012-2013\/ottelut-2012-2013\/aifk-ja-sif-paatyivat-pistejakoon-samppalinnassa\/#primaryimage","url":"https:\/\/aktialiiga.fi\/wp-content\/uploads\/sites\/5\/2012\/11\/Sten-Toomla.png","contentUrl":"https:\/\/aktialiiga.fi\/wp-content\/uploads\/sites\/5\/2012\/11\/Sten-Toomla.png"},{"@type":"BreadcrumbList","@id":"https:\/\/aktialiiga.fi\/miehet\/2012-2013\/ottelut-2012-2013\/aifk-ja-sif-paatyivat-pistejakoon-samppalinnassa\/#breadcrumb","itemListElement":[{"@type":"ListItem","position":1,"name":"Etusivu","item":"https:\/\/aktialiiga.fi\/miehet\/"},{"@type":"ListItem","position":2,"name":"\u00c5IFK ja SIF p\u00e4\u00e4tyiv\u00e4t pistejakoon Samppalinnassa"}]},{"@type":"WebSite","@id":"https:\/\/aktialiiga.fi\/miehet\/#website","url":"https:\/\/aktialiiga.fi\/miehet\/","name":"K\u00e4sipallon miesten Aktialiiga","description":"Valtakunnan vauhdikkainta palloilua!","publisher":{"@id":"https:\/\/aktialiiga.fi\/miehet\/#organization"},"potentialAction":[{"@type":"SearchAction","target":{"@type":"EntryPoint","urlTemplate":"https:\/\/aktialiiga.fi\/miehet\/?s={search_term_string}"},"query-input":{"@type":"PropertyValueSpecification","valueRequired":true,"valueName":"search_term_string"}}],"inLanguage":"fi"},{"@type":"Organization","@id":"https:\/\/aktialiiga.fi\/miehet\/#organization","name":"K\u00e4sipallon miesten Aktialiiga","url":"https:\/\/aktialiiga.fi\/miehet\/","logo":{"@type":"ImageObject","inLanguage":"fi","@id":"https:\/\/aktialiiga.fi\/miehet\/#\/schema\/logo\/image\/","url":"https:\/\/i0.wp.com\/aktialiiga.fi\/miehet\/wp-content\/uploads\/sites\/5\/2024\/09\/Aktialiiga-Yoast-512.png?fit=512%2C512&ssl=1","contentUrl":"https:\/\/i0.wp.com\/aktialiiga.fi\/miehet\/wp-content\/uploads\/sites\/5\/2024\/09\/Aktialiiga-Yoast-512.png?fit=512%2C512&ssl=1","width":512,"height":512,"caption":"K\u00e4sipallon miesten Aktialiiga"},"image":{"@id":"https:\/\/aktialiiga.fi\/miehet\/#\/schema\/logo\/image\/"},"sameAs":["https:\/\/www.facebook.com\/finnhandball","https:\/\/x.com\/finnhandball","https:\/\/www.instagram.com\/handballfinland\/"]},{"@type":"Person","@id":"https:\/\/aktialiiga.fi\/miehet\/#\/schema\/person\/c14bf42f47041db74603c45afcb18d87","name":"tbrmedia","image":{"@type":"ImageObject","inLanguage":"fi","@id":"https:\/\/secure.gravatar.com\/avatar\/ee975fa091fe581d12b60debb3439022686618368a7c142044c56724d4666b16?s=96&d=mm&r=g","url":"https:\/\/secure.gravatar.com\/avatar\/ee975fa091fe581d12b60debb3439022686618368a7c142044c56724d4666b16?s=96&d=mm&r=g","contentUrl":"https:\/\/secure.gravatar.com\/avatar\/ee975fa091fe581d12b60debb3439022686618368a7c142044c56724d4666b16?s=96&d=mm&r=g","caption":"tbrmedia"}}]}},"jetpack_featured_media_url":"","jetpack_sharing_enabled":true,"jetpack_shortlink":"https:\/\/wp.me\/pfTxOr-17W","_links":{"self":[{"href":"https:\/\/aktialiiga.fi\/miehet\/wp-json\/wp\/v2\/posts\/4336","targetHints":{"allow":["GET"]}}],"collection":[{"href":"https:\/\/aktialiiga.fi\/miehet\/wp-json\/wp\/v2\/posts"}],"about":[{"href":"https:\/\/aktialiiga.fi\/miehet\/wp-json\/wp\/v2\/types\/post"}],"author":[{"embeddable":true,"href":"https:\/\/aktialiiga.fi\/miehet\/wp-json\/wp\/v2\/users\/13"}],"replies":[{"embeddable":true,"href":"https:\/\/aktialiiga.fi\/miehet\/wp-json\/wp\/v2\/comments?post=4336"}],"version-history":[{"count":0,"href":"https:\/\/aktialiiga.fi\/miehet\/wp-json\/wp\/v2\/posts\/4336\/revisions"}],"wp:attachment":[{"href":"https:\/\/aktialiiga.fi\/miehet\/wp-json\/wp\/v2\/media?parent=4336"}],"wp:term":[{"taxonomy":"category","embeddable":true,"href":"https:\/\/aktialiiga.fi\/miehet\/wp-json\/wp\/v2\/categories?post=4336"},{"taxonomy":"post_tag","embeddable":true,"href":"https:\/\/aktialiiga.fi\/miehet\/wp-json\/wp\/v2\/tags?post=4336"}],"curies":[{"name":"wp","href":"https:\/\/api.w.org\/{rel}","templated":true}]}}