{"id":435,"date":"2011-09-19T07:19:01","date_gmt":"2011-09-19T07:19:01","guid":{"rendered":"http:\/\/handisliigafi.virtualserver24.nebula.fi\/?p=435"},"modified":"2018-03-15T14:38:51","modified_gmt":"2018-03-15T12:38:51","slug":"akilles-ja-aifk-tasasivat-pisteet","status":"publish","type":"post","link":"https:\/\/aktialiiga.fi\/miehet\/2011-2012\/ottelut-2011-2012\/akilles-ja-aifk-tasasivat-pisteet\/","title":{"rendered":"Akilles ja \u00c5IFK tasasivat pisteet"},"content":{"rendered":"<p><strong>Kes\u00e4n aikana valmentajiaan vaihtaneet ja pelaajistoaan vahvistaneet Akilles ja \u00c5IFK, ottivat toisistaan mittaa Porvoossa. Vauhdikas ottelu p\u00e4\u00e4ttyi v\u00e4rikk\u00e4iden vaiheiden j\u00e4lkeen tasatulokseen 31-31 (14-15).<\/strong><br \/>\n<!--more--><br \/>\n<div id=\"attachment_544\" style=\"width: 650px\" class=\"wp-caption alignnone\"><img decoding=\"async\" aria-describedby=\"caption-attachment-544\" src=\"\/wp-content\/uploads\/2011\/09\/6160555406_405918bbfb_z.jpg\" alt=\"Kuva: Niklas Montonen\" title=\"Kuva: Niklas Montonen\" width=\"640\" height=\"426\" class=\"size-full wp-image-544\" srcset=\"https:\/\/i0.wp.com\/aktialiiga.fi\/miehet\/wp-content\/uploads\/sites\/5\/2011\/09\/6160555406_405918bbfb_z.jpg?w=640&amp;ssl=1 640w, https:\/\/i0.wp.com\/aktialiiga.fi\/miehet\/wp-content\/uploads\/sites\/5\/2011\/09\/6160555406_405918bbfb_z.jpg?resize=300%2C200&amp;ssl=1 300w\" sizes=\"(max-width: 640px) 100vw, 640px\" \/><p id=\"caption-attachment-544\" class=\"wp-caption-text\">Kuva: Niklas Montonen<\/p><\/div><\/p>\n<p>&#8211; Yritettiin saada kahden vuoden pisteet\u00f6n saldo Porvoossa katkaistua. Nyt saatiin yksi piste. Lopputulos oli varmaan oikeudenmukainen, mutta kyll\u00e4h\u00e4n se aina pettymys on ettei voittoa tullut, kertoi \u00c5IFK:n p\u00e4\u00e4valmentaja Tomi Salminen taistelun tauottua.<\/p>\n<p>Turkulaisten tuore hankinta Olev Eensalu paukutti ottelun korkeimman maalim\u00e4\u00e4r\u00e4n, 9 h\u00e4kki\u00e4. Kotijoukkue onnistui aavistuksen laajemmalla rintamalla. Veteraani Fredrik Udd oli vireess\u00e4 ja h\u00e4net palkittiin ottelun parhaana.<\/p>\n<p>&#8211; Suhteellisen hyv\u00e4 esitys ensimm\u00e4ist\u00e4 varttia lukuun ottamatta. Olisihan ne kaksi pistett\u00e4 pit\u00e4nyt ottaa, Udd mietti.<\/p>\n<p>Raivo Laast oli tyytyv\u00e4inen yhteenkin pisteeseen.<\/p>\n<p>&#8211; Meill\u00e4 oli vaikea alku ottelussa, hermoiltiin ja j\u00e4nnitettiinkin. Pysyimme kuitenkin hyvin mukana tempossa loppuun asti ja saatiin avattua pistetili.<\/p>\n<p><strong>Maalintekij\u00e4t:<\/strong><\/p>\n<p>Akilles: Serghei Glinca 8, Fredrik Udd 7, Mihail Kobzev 6, Roy Liljendal 5, Ric Liljendal 2, Henrik Mattsson 1, Petri Lindfors 1, Alexander L\u00e5ng 1.<\/p>\n<p>\u00c5IFK: Olev Eesalu 9, Stefan Salonen 8, Christoffer Nystr\u00f6m 5, Cristopher Mets\u00e4m\u00e4ki 4, Henri Mannonen 3, Andreas Nystr\u00f6m 1, Vilppu Kuuluvainen 1.<\/p>\n<p><strong>L\u00e4hivakuutus T\u00e4hdet:<\/strong><\/p>\n<p>***Fredrik Udd, Akilles<br \/>\n**Christoffer Nystr\u00f6m, \u00c5IFK<br \/>\n*Serghei Glinca, Akilles<\/p>\n","protected":false},"excerpt":{"rendered":"<p>Kes\u00e4n aikana valmentajiaan vaihtaneet ja pelaajistoaan vahvistaneet Akilles ja \u00c5IFK, ottivat toisistaan mittaa Porvoossa. Vauhdikas ottelu p\u00e4\u00e4ttyi v\u00e4rikk\u00e4iden vaiheiden j\u00e4lkeen tasatulokseen 31-31 (14-15).<\/p>\n","protected":false},"author":13,"featured_media":542,"comment_status":"closed","ping_status":"closed","sticky":false,"template":"","format":"standard","meta":{"_acf_changed":false,"jetpack_post_was_ever_published":false,"_jetpack_newsletter_access":"","_jetpack_dont_email_post_to_subs":false,"_jetpack_newsletter_tier_id":0,"_jetpack_memberships_contains_paywalled_content":false,"_jetpack_memberships_contains_paid_content":false,"footnotes":""},"categories":[19],"tags":[50,51],"class_list":["post-435","post","type-post","status-publish","format-standard","has-post-thumbnail","hentry","category-ottelut-2011-2012","tag-aifk","tag-akilles"],"acf":[],"yoast_head":"<!-- This site is optimized with the Yoast SEO plugin v27.5 - https:\/\/yoast.com\/product\/yoast-seo-wordpress\/ -->\n<title>Akilles ja \u00c5IFK tasasivat pisteet | K\u00e4sipallon miesten Aktialiiga<\/title>\n<meta name=\"robots\" content=\"index, follow, max-snippet:-1, max-image-preview:large, max-video-preview:-1\" \/>\n<link rel=\"canonical\" href=\"https:\/\/aktialiiga.fi\/miehet\/2011-2012\/ottelut-2011-2012\/akilles-ja-aifk-tasasivat-pisteet\/\" \/>\n<meta property=\"og:locale\" content=\"fi_FI\" \/>\n<meta property=\"og:type\" content=\"article\" \/>\n<meta property=\"og:title\" content=\"Akilles ja \u00c5IFK tasasivat pisteet | K\u00e4sipallon miesten Aktialiiga\" \/>\n<meta property=\"og:description\" content=\"Kes\u00e4n aikana valmentajiaan vaihtaneet ja pelaajistoaan vahvistaneet Akilles ja \u00c5IFK, ottivat toisistaan mittaa Porvoossa. Vauhdikas ottelu p\u00e4\u00e4ttyi v\u00e4rikk\u00e4iden vaiheiden j\u00e4lkeen tasatulokseen 31-31 (14-15).\" \/>\n<meta property=\"og:url\" content=\"https:\/\/aktialiiga.fi\/miehet\/2011-2012\/ottelut-2011-2012\/akilles-ja-aifk-tasasivat-pisteet\/\" \/>\n<meta property=\"og:site_name\" content=\"K\u00e4sipallon miesten Aktialiiga\" \/>\n<meta property=\"article:publisher\" content=\"https:\/\/www.facebook.com\/finnhandball\" \/>\n<meta property=\"article:published_time\" content=\"2011-09-19T07:19:01+00:00\" \/>\n<meta property=\"article:modified_time\" content=\"2018-03-15T12:38:51+00:00\" \/>\n<meta property=\"og:image\" content=\"https:\/\/i0.wp.com\/aktialiiga.fi\/miehet\/wp-content\/uploads\/sites\/5\/2011\/09\/6160494320_7720c1d0cb_z.jpg?fit=640%2C356&ssl=1\" \/>\n\t<meta property=\"og:image:width\" content=\"640\" \/>\n\t<meta property=\"og:image:height\" content=\"356\" \/>\n\t<meta property=\"og:image:type\" content=\"image\/jpeg\" \/>\n<meta name=\"author\" content=\"tbrmedia\" \/>\n<meta name=\"twitter:card\" content=\"summary_large_image\" \/>\n<meta name=\"twitter:creator\" content=\"@finnhandball\" \/>\n<meta name=\"twitter:site\" content=\"@finnhandball\" \/>\n<script type=\"application\/ld+json\" class=\"yoast-schema-graph\">{\"@context\":\"https:\\\/\\\/schema.org\",\"@graph\":[{\"@type\":\"Article\",\"@id\":\"https:\\\/\\\/aktialiiga.fi\\\/miehet\\\/2011-2012\\\/ottelut-2011-2012\\\/akilles-ja-aifk-tasasivat-pisteet\\\/#article\",\"isPartOf\":{\"@id\":\"https:\\\/\\\/aktialiiga.fi\\\/miehet\\\/2011-2012\\\/ottelut-2011-2012\\\/akilles-ja-aifk-tasasivat-pisteet\\\/\"},\"author\":{\"name\":\"tbrmedia\",\"@id\":\"https:\\\/\\\/aktialiiga.fi\\\/miehet\\\/#\\\/schema\\\/person\\\/c14bf42f47041db74603c45afcb18d87\"},\"headline\":\"Akilles ja \u00c5IFK tasasivat pisteet\",\"datePublished\":\"2011-09-19T07:19:01+00:00\",\"dateModified\":\"2018-03-15T12:38:51+00:00\",\"mainEntityOfPage\":{\"@id\":\"https:\\\/\\\/aktialiiga.fi\\\/miehet\\\/2011-2012\\\/ottelut-2011-2012\\\/akilles-ja-aifk-tasasivat-pisteet\\\/\"},\"wordCount\":210,\"publisher\":{\"@id\":\"https:\\\/\\\/aktialiiga.fi\\\/miehet\\\/#organization\"},\"image\":{\"@id\":\"https:\\\/\\\/aktialiiga.fi\\\/miehet\\\/2011-2012\\\/ottelut-2011-2012\\\/akilles-ja-aifk-tasasivat-pisteet\\\/#primaryimage\"},\"thumbnailUrl\":\"https:\\\/\\\/i0.wp.com\\\/aktialiiga.fi\\\/miehet\\\/wp-content\\\/uploads\\\/sites\\\/5\\\/2011\\\/09\\\/6160494320_7720c1d0cb_z.jpg?fit=640%2C356&ssl=1\",\"keywords\":[\"\u00c5IFK\",\"Akilles\"],\"articleSection\":[\"Ottelut\"],\"inLanguage\":\"fi\"},{\"@type\":\"WebPage\",\"@id\":\"https:\\\/\\\/aktialiiga.fi\\\/miehet\\\/2011-2012\\\/ottelut-2011-2012\\\/akilles-ja-aifk-tasasivat-pisteet\\\/\",\"url\":\"https:\\\/\\\/aktialiiga.fi\\\/miehet\\\/2011-2012\\\/ottelut-2011-2012\\\/akilles-ja-aifk-tasasivat-pisteet\\\/\",\"name\":\"Akilles ja \u00c5IFK tasasivat pisteet | K\u00e4sipallon miesten Aktialiiga\",\"isPartOf\":{\"@id\":\"https:\\\/\\\/aktialiiga.fi\\\/miehet\\\/#website\"},\"primaryImageOfPage\":{\"@id\":\"https:\\\/\\\/aktialiiga.fi\\\/miehet\\\/2011-2012\\\/ottelut-2011-2012\\\/akilles-ja-aifk-tasasivat-pisteet\\\/#primaryimage\"},\"image\":{\"@id\":\"https:\\\/\\\/aktialiiga.fi\\\/miehet\\\/2011-2012\\\/ottelut-2011-2012\\\/akilles-ja-aifk-tasasivat-pisteet\\\/#primaryimage\"},\"thumbnailUrl\":\"https:\\\/\\\/i0.wp.com\\\/aktialiiga.fi\\\/miehet\\\/wp-content\\\/uploads\\\/sites\\\/5\\\/2011\\\/09\\\/6160494320_7720c1d0cb_z.jpg?fit=640%2C356&ssl=1\",\"datePublished\":\"2011-09-19T07:19:01+00:00\",\"dateModified\":\"2018-03-15T12:38:51+00:00\",\"breadcrumb\":{\"@id\":\"https:\\\/\\\/aktialiiga.fi\\\/miehet\\\/2011-2012\\\/ottelut-2011-2012\\\/akilles-ja-aifk-tasasivat-pisteet\\\/#breadcrumb\"},\"inLanguage\":\"fi\",\"potentialAction\":[{\"@type\":\"ReadAction\",\"target\":[\"https:\\\/\\\/aktialiiga.fi\\\/miehet\\\/2011-2012\\\/ottelut-2011-2012\\\/akilles-ja-aifk-tasasivat-pisteet\\\/\"]}]},{\"@type\":\"ImageObject\",\"inLanguage\":\"fi\",\"@id\":\"https:\\\/\\\/aktialiiga.fi\\\/miehet\\\/2011-2012\\\/ottelut-2011-2012\\\/akilles-ja-aifk-tasasivat-pisteet\\\/#primaryimage\",\"url\":\"https:\\\/\\\/i0.wp.com\\\/aktialiiga.fi\\\/miehet\\\/wp-content\\\/uploads\\\/sites\\\/5\\\/2011\\\/09\\\/6160494320_7720c1d0cb_z.jpg?fit=640%2C356&ssl=1\",\"contentUrl\":\"https:\\\/\\\/i0.wp.com\\\/aktialiiga.fi\\\/miehet\\\/wp-content\\\/uploads\\\/sites\\\/5\\\/2011\\\/09\\\/6160494320_7720c1d0cb_z.jpg?fit=640%2C356&ssl=1\",\"width\":640,\"height\":356,\"caption\":\"Kuva: Niklas Montonen\"},{\"@type\":\"BreadcrumbList\",\"@id\":\"https:\\\/\\\/aktialiiga.fi\\\/miehet\\\/2011-2012\\\/ottelut-2011-2012\\\/akilles-ja-aifk-tasasivat-pisteet\\\/#breadcrumb\",\"itemListElement\":[{\"@type\":\"ListItem\",\"position\":1,\"name\":\"Etusivu\",\"item\":\"https:\\\/\\\/aktialiiga.fi\\\/miehet\\\/\"},{\"@type\":\"ListItem\",\"position\":2,\"name\":\"Akilles ja \u00c5IFK tasasivat pisteet\"}]},{\"@type\":\"WebSite\",\"@id\":\"https:\\\/\\\/aktialiiga.fi\\\/miehet\\\/#website\",\"url\":\"https:\\\/\\\/aktialiiga.fi\\\/miehet\\\/\",\"name\":\"K\u00e4sipallon miesten Aktialiiga\",\"description\":\"Valtakunnan vauhdikkainta palloilua!\",\"publisher\":{\"@id\":\"https:\\\/\\\/aktialiiga.fi\\\/miehet\\\/#organization\"},\"potentialAction\":[{\"@type\":\"SearchAction\",\"target\":{\"@type\":\"EntryPoint\",\"urlTemplate\":\"https:\\\/\\\/aktialiiga.fi\\\/miehet\\\/?s={search_term_string}\"},\"query-input\":{\"@type\":\"PropertyValueSpecification\",\"valueRequired\":true,\"valueName\":\"search_term_string\"}}],\"inLanguage\":\"fi\"},{\"@type\":\"Organization\",\"@id\":\"https:\\\/\\\/aktialiiga.fi\\\/miehet\\\/#organization\",\"name\":\"K\u00e4sipallon miesten Aktialiiga\",\"url\":\"https:\\\/\\\/aktialiiga.fi\\\/miehet\\\/\",\"logo\":{\"@type\":\"ImageObject\",\"inLanguage\":\"fi\",\"@id\":\"https:\\\/\\\/aktialiiga.fi\\\/miehet\\\/#\\\/schema\\\/logo\\\/image\\\/\",\"url\":\"https:\\\/\\\/i0.wp.com\\\/aktialiiga.fi\\\/miehet\\\/wp-content\\\/uploads\\\/sites\\\/5\\\/2024\\\/09\\\/Aktialiiga-Yoast-512.png?fit=512%2C512&ssl=1\",\"contentUrl\":\"https:\\\/\\\/i0.wp.com\\\/aktialiiga.fi\\\/miehet\\\/wp-content\\\/uploads\\\/sites\\\/5\\\/2024\\\/09\\\/Aktialiiga-Yoast-512.png?fit=512%2C512&ssl=1\",\"width\":512,\"height\":512,\"caption\":\"K\u00e4sipallon miesten Aktialiiga\"},\"image\":{\"@id\":\"https:\\\/\\\/aktialiiga.fi\\\/miehet\\\/#\\\/schema\\\/logo\\\/image\\\/\"},\"sameAs\":[\"https:\\\/\\\/www.facebook.com\\\/finnhandball\",\"https:\\\/\\\/x.com\\\/finnhandball\",\"https:\\\/\\\/www.instagram.com\\\/handballfinland\\\/\"]},{\"@type\":\"Person\",\"@id\":\"https:\\\/\\\/aktialiiga.fi\\\/miehet\\\/#\\\/schema\\\/person\\\/c14bf42f47041db74603c45afcb18d87\",\"name\":\"tbrmedia\",\"image\":{\"@type\":\"ImageObject\",\"inLanguage\":\"fi\",\"@id\":\"https:\\\/\\\/secure.gravatar.com\\\/avatar\\\/ee975fa091fe581d12b60debb3439022686618368a7c142044c56724d4666b16?s=96&d=mm&r=g\",\"url\":\"https:\\\/\\\/secure.gravatar.com\\\/avatar\\\/ee975fa091fe581d12b60debb3439022686618368a7c142044c56724d4666b16?s=96&d=mm&r=g\",\"contentUrl\":\"https:\\\/\\\/secure.gravatar.com\\\/avatar\\\/ee975fa091fe581d12b60debb3439022686618368a7c142044c56724d4666b16?s=96&d=mm&r=g\",\"caption\":\"tbrmedia\"}}]}<\/script>\n<!-- \/ Yoast SEO plugin. -->","yoast_head_json":{"title":"Akilles ja \u00c5IFK tasasivat pisteet | K\u00e4sipallon miesten Aktialiiga","robots":{"index":"index","follow":"follow","max-snippet":"max-snippet:-1","max-image-preview":"max-image-preview:large","max-video-preview":"max-video-preview:-1"},"canonical":"https:\/\/aktialiiga.fi\/miehet\/2011-2012\/ottelut-2011-2012\/akilles-ja-aifk-tasasivat-pisteet\/","og_locale":"fi_FI","og_type":"article","og_title":"Akilles ja \u00c5IFK tasasivat pisteet | K\u00e4sipallon miesten Aktialiiga","og_description":"Kes\u00e4n aikana valmentajiaan vaihtaneet ja pelaajistoaan vahvistaneet Akilles ja \u00c5IFK, ottivat toisistaan mittaa Porvoossa. Vauhdikas ottelu p\u00e4\u00e4ttyi v\u00e4rikk\u00e4iden vaiheiden j\u00e4lkeen tasatulokseen 31-31 (14-15).","og_url":"https:\/\/aktialiiga.fi\/miehet\/2011-2012\/ottelut-2011-2012\/akilles-ja-aifk-tasasivat-pisteet\/","og_site_name":"K\u00e4sipallon miesten Aktialiiga","article_publisher":"https:\/\/www.facebook.com\/finnhandball","article_published_time":"2011-09-19T07:19:01+00:00","article_modified_time":"2018-03-15T12:38:51+00:00","og_image":[{"width":640,"height":356,"url":"https:\/\/i0.wp.com\/aktialiiga.fi\/miehet\/wp-content\/uploads\/sites\/5\/2011\/09\/6160494320_7720c1d0cb_z.jpg?fit=640%2C356&ssl=1","type":"image\/jpeg"}],"author":"tbrmedia","twitter_card":"summary_large_image","twitter_creator":"@finnhandball","twitter_site":"@finnhandball","schema":{"@context":"https:\/\/schema.org","@graph":[{"@type":"Article","@id":"https:\/\/aktialiiga.fi\/miehet\/2011-2012\/ottelut-2011-2012\/akilles-ja-aifk-tasasivat-pisteet\/#article","isPartOf":{"@id":"https:\/\/aktialiiga.fi\/miehet\/2011-2012\/ottelut-2011-2012\/akilles-ja-aifk-tasasivat-pisteet\/"},"author":{"name":"tbrmedia","@id":"https:\/\/aktialiiga.fi\/miehet\/#\/schema\/person\/c14bf42f47041db74603c45afcb18d87"},"headline":"Akilles ja \u00c5IFK tasasivat pisteet","datePublished":"2011-09-19T07:19:01+00:00","dateModified":"2018-03-15T12:38:51+00:00","mainEntityOfPage":{"@id":"https:\/\/aktialiiga.fi\/miehet\/2011-2012\/ottelut-2011-2012\/akilles-ja-aifk-tasasivat-pisteet\/"},"wordCount":210,"publisher":{"@id":"https:\/\/aktialiiga.fi\/miehet\/#organization"},"image":{"@id":"https:\/\/aktialiiga.fi\/miehet\/2011-2012\/ottelut-2011-2012\/akilles-ja-aifk-tasasivat-pisteet\/#primaryimage"},"thumbnailUrl":"https:\/\/i0.wp.com\/aktialiiga.fi\/miehet\/wp-content\/uploads\/sites\/5\/2011\/09\/6160494320_7720c1d0cb_z.jpg?fit=640%2C356&ssl=1","keywords":["\u00c5IFK","Akilles"],"articleSection":["Ottelut"],"inLanguage":"fi"},{"@type":"WebPage","@id":"https:\/\/aktialiiga.fi\/miehet\/2011-2012\/ottelut-2011-2012\/akilles-ja-aifk-tasasivat-pisteet\/","url":"https:\/\/aktialiiga.fi\/miehet\/2011-2012\/ottelut-2011-2012\/akilles-ja-aifk-tasasivat-pisteet\/","name":"Akilles ja \u00c5IFK tasasivat pisteet | K\u00e4sipallon miesten Aktialiiga","isPartOf":{"@id":"https:\/\/aktialiiga.fi\/miehet\/#website"},"primaryImageOfPage":{"@id":"https:\/\/aktialiiga.fi\/miehet\/2011-2012\/ottelut-2011-2012\/akilles-ja-aifk-tasasivat-pisteet\/#primaryimage"},"image":{"@id":"https:\/\/aktialiiga.fi\/miehet\/2011-2012\/ottelut-2011-2012\/akilles-ja-aifk-tasasivat-pisteet\/#primaryimage"},"thumbnailUrl":"https:\/\/i0.wp.com\/aktialiiga.fi\/miehet\/wp-content\/uploads\/sites\/5\/2011\/09\/6160494320_7720c1d0cb_z.jpg?fit=640%2C356&ssl=1","datePublished":"2011-09-19T07:19:01+00:00","dateModified":"2018-03-15T12:38:51+00:00","breadcrumb":{"@id":"https:\/\/aktialiiga.fi\/miehet\/2011-2012\/ottelut-2011-2012\/akilles-ja-aifk-tasasivat-pisteet\/#breadcrumb"},"inLanguage":"fi","potentialAction":[{"@type":"ReadAction","target":["https:\/\/aktialiiga.fi\/miehet\/2011-2012\/ottelut-2011-2012\/akilles-ja-aifk-tasasivat-pisteet\/"]}]},{"@type":"ImageObject","inLanguage":"fi","@id":"https:\/\/aktialiiga.fi\/miehet\/2011-2012\/ottelut-2011-2012\/akilles-ja-aifk-tasasivat-pisteet\/#primaryimage","url":"https:\/\/i0.wp.com\/aktialiiga.fi\/miehet\/wp-content\/uploads\/sites\/5\/2011\/09\/6160494320_7720c1d0cb_z.jpg?fit=640%2C356&ssl=1","contentUrl":"https:\/\/i0.wp.com\/aktialiiga.fi\/miehet\/wp-content\/uploads\/sites\/5\/2011\/09\/6160494320_7720c1d0cb_z.jpg?fit=640%2C356&ssl=1","width":640,"height":356,"caption":"Kuva: Niklas Montonen"},{"@type":"BreadcrumbList","@id":"https:\/\/aktialiiga.fi\/miehet\/2011-2012\/ottelut-2011-2012\/akilles-ja-aifk-tasasivat-pisteet\/#breadcrumb","itemListElement":[{"@type":"ListItem","position":1,"name":"Etusivu","item":"https:\/\/aktialiiga.fi\/miehet\/"},{"@type":"ListItem","position":2,"name":"Akilles ja \u00c5IFK tasasivat pisteet"}]},{"@type":"WebSite","@id":"https:\/\/aktialiiga.fi\/miehet\/#website","url":"https:\/\/aktialiiga.fi\/miehet\/","name":"K\u00e4sipallon miesten Aktialiiga","description":"Valtakunnan vauhdikkainta palloilua!","publisher":{"@id":"https:\/\/aktialiiga.fi\/miehet\/#organization"},"potentialAction":[{"@type":"SearchAction","target":{"@type":"EntryPoint","urlTemplate":"https:\/\/aktialiiga.fi\/miehet\/?s={search_term_string}"},"query-input":{"@type":"PropertyValueSpecification","valueRequired":true,"valueName":"search_term_string"}}],"inLanguage":"fi"},{"@type":"Organization","@id":"https:\/\/aktialiiga.fi\/miehet\/#organization","name":"K\u00e4sipallon miesten Aktialiiga","url":"https:\/\/aktialiiga.fi\/miehet\/","logo":{"@type":"ImageObject","inLanguage":"fi","@id":"https:\/\/aktialiiga.fi\/miehet\/#\/schema\/logo\/image\/","url":"https:\/\/i0.wp.com\/aktialiiga.fi\/miehet\/wp-content\/uploads\/sites\/5\/2024\/09\/Aktialiiga-Yoast-512.png?fit=512%2C512&ssl=1","contentUrl":"https:\/\/i0.wp.com\/aktialiiga.fi\/miehet\/wp-content\/uploads\/sites\/5\/2024\/09\/Aktialiiga-Yoast-512.png?fit=512%2C512&ssl=1","width":512,"height":512,"caption":"K\u00e4sipallon miesten Aktialiiga"},"image":{"@id":"https:\/\/aktialiiga.fi\/miehet\/#\/schema\/logo\/image\/"},"sameAs":["https:\/\/www.facebook.com\/finnhandball","https:\/\/x.com\/finnhandball","https:\/\/www.instagram.com\/handballfinland\/"]},{"@type":"Person","@id":"https:\/\/aktialiiga.fi\/miehet\/#\/schema\/person\/c14bf42f47041db74603c45afcb18d87","name":"tbrmedia","image":{"@type":"ImageObject","inLanguage":"fi","@id":"https:\/\/secure.gravatar.com\/avatar\/ee975fa091fe581d12b60debb3439022686618368a7c142044c56724d4666b16?s=96&d=mm&r=g","url":"https:\/\/secure.gravatar.com\/avatar\/ee975fa091fe581d12b60debb3439022686618368a7c142044c56724d4666b16?s=96&d=mm&r=g","contentUrl":"https:\/\/secure.gravatar.com\/avatar\/ee975fa091fe581d12b60debb3439022686618368a7c142044c56724d4666b16?s=96&d=mm&r=g","caption":"tbrmedia"}}]}},"jetpack_featured_media_url":"https:\/\/i0.wp.com\/aktialiiga.fi\/miehet\/wp-content\/uploads\/sites\/5\/2011\/09\/6160494320_7720c1d0cb_z.jpg?fit=640%2C356&ssl=1","jetpack_sharing_enabled":true,"jetpack_shortlink":"https:\/\/wp.me\/pfTxOr-71","_links":{"self":[{"href":"https:\/\/aktialiiga.fi\/miehet\/wp-json\/wp\/v2\/posts\/435","targetHints":{"allow":["GET"]}}],"collection":[{"href":"https:\/\/aktialiiga.fi\/miehet\/wp-json\/wp\/v2\/posts"}],"about":[{"href":"https:\/\/aktialiiga.fi\/miehet\/wp-json\/wp\/v2\/types\/post"}],"author":[{"embeddable":true,"href":"https:\/\/aktialiiga.fi\/miehet\/wp-json\/wp\/v2\/users\/13"}],"replies":[{"embeddable":true,"href":"https:\/\/aktialiiga.fi\/miehet\/wp-json\/wp\/v2\/comments?post=435"}],"version-history":[{"count":0,"href":"https:\/\/aktialiiga.fi\/miehet\/wp-json\/wp\/v2\/posts\/435\/revisions"}],"wp:featuredmedia":[{"embeddable":true,"href":"https:\/\/aktialiiga.fi\/miehet\/wp-json\/wp\/v2\/media\/542"}],"wp:attachment":[{"href":"https:\/\/aktialiiga.fi\/miehet\/wp-json\/wp\/v2\/media?parent=435"}],"wp:term":[{"taxonomy":"category","embeddable":true,"href":"https:\/\/aktialiiga.fi\/miehet\/wp-json\/wp\/v2\/categories?post=435"},{"taxonomy":"post_tag","embeddable":true,"href":"https:\/\/aktialiiga.fi\/miehet\/wp-json\/wp\/v2\/tags?post=435"}],"curies":[{"name":"wp","href":"https:\/\/api.w.org\/{rel}","templated":true}]}}