{"id":44041,"date":"2023-09-20T20:36:35","date_gmt":"2023-09-20T17:36:35","guid":{"rendered":"https:\/\/aktialiiga.fi\/miehet\/?p=44041"},"modified":"2023-10-02T12:48:08","modified_gmt":"2023-10-02T09:48:08","slug":"grifk-avasi-kauden-voitolla","status":"publish","type":"post","link":"https:\/\/aktialiiga.fi\/miehet\/2023-2024\/ottelut-2023-24\/grifk-avasi-kauden-voitolla\/","title":{"rendered":"GrIFK avasi kauden voitolla"},"content":{"rendered":"<p>GrIFK p\u00e4\u00e4si keskiviikkona ensimm\u00e4ist\u00e4 kertaa t\u00e4ll\u00e4 kaudella parketille, kun se kohtasi \u00c5IFK:n. GrIFK nappasi Turussa 30-25 (17-16)-voiton.<\/p>\n<p>Ensimm\u00e4isell\u00e4 puoliajalla johtoasema vaihtui useaan otteeseen. Kotijoukkueella n\u00e4ytti olevan jo pienoinen yliote, kun William Sj\u00f6holm ja Martin Gristsuk johdattivat maaleillaan \u00c5IFK:n kahden maalin johtoon nelj\u00e4 minuuttia ennen loppua. GrIFK nousi kuitenkin viel\u00e4 ohi ja sai toiselle puoliajalle maalin johdon.<\/p>\n<p>GrIFK iski ratkaisua ilmaan heti toisen puoliajan alussa karkaamalla nelj\u00e4n maalin johtoon. \u00c5IFK k\u00e4vi viel\u00e4 kerran parin maalin p\u00e4\u00e4ss\u00e4, mutta sen j\u00e4lkeen GrIFK teki lopullisen iskunsa ja karkasi voittoon. Lopussa \u00c5IFK p\u00e4\u00e4si hieman kaunistelemaan numeroita, mutta GrIFK:n voitto ei ollut miss\u00e4\u00e4n vaiheessa uhattuna.<\/p>\n<p>\u00c5IFK on nyt h\u00e4vinnyt molemmat ottelunsa.<\/p>\n<p>Axel Lindberg \u00c5IFK-valmennuksesta n\u00e4ki tappiosta huolimatta selke\u00e4n parannuksen viikonloppuna BK-46.lle k\u00e4rsittyyn vierastappioon n\u00e4hden.<\/p>\n<p>&#8211; Viiden maalin ero mestaruussuosikkia vastaan ei ole huono suoritus. Nuori joukkueemme n\u00e4ytti taistelutahtoa ja ett\u00e4 kuulumme t\u00e4lle tasolle. Mutta meid\u00e4n pit\u00e4\u00e4 viel\u00e4 treenata enemm\u00e4n, jotta voimme haastaa kokeneemmat joukkueet, Lindberg totesi.<\/p>\n<p>GrIFK:n p\u00e4\u00e4valmentaja Mikael K\u00e4llman oli voitosta huolimatta varsin maltillinen peli\u00e4 arviodessaan.<\/p>\n<p>&#8211; Ensimm\u00e4inen ottelu on nyt ohi ja parannettavaa on paljon. Erityisesti selvist\u00e4 maalipaikoista onnistuminen, K\u00e4llman tiivisti.<\/p>\n<p>Ottelun parhaan pelaajan tittelin nimiins\u00e4 vienyt Granin Kalle Kankaanp\u00e4\u00e4 n\u00e4ki my\u00f6s varaa parantaa.<\/p>\n<p>&#8211; Alkuun oli v\u00e4h\u00e4n hankaluuksia kummassakin p\u00e4\u00e4dyss\u00e4. Sitten pystytttiin toisella puoliajalla parantamaan erityisesti puolustuksessa ja saatiin t\u00e4rke\u00e4 voitto. Sisarseurahengess\u00e4 kiitokset my\u00f6s omalle kasvattajaseuralle.<\/p>\n<p><strong>\u00c5IFK &#8211; GrIFK 25-30 (16-17)<\/strong><\/p>\n<p><strong>Maalintekij\u00e4t<\/strong>: maalit (7m maalit)<br \/>\n\u00c5IFK: William Sj\u00f6holm 4 (1), William Malkam\u00e4ki 4, Martin Gristsuk 4, Wilhelm Hammarberg 3, Liam Ranta-aho 2, Cajus Maskula 2, Sebastian Hernelahti 2, Nils Viljanen 1 (1), Olli Tamminen 1, Aymen Ben Loucif 1, Adam Aspegren 1<br \/>\nGrIFK: Kalle Kankaanp\u00e4\u00e4 5, Gustav Svanb\u00e4ck 4 (2), Jere Kantee 4, Erik \u00c5kermarck 3, Alexander Qvist 3, Fredrik Forss 3, Filip Churlevski 3, Richard Sundberg 2, Miro Koljonen 2, Casper Aarnio 1<\/p>\n<p><strong>T\u00e4htipelaajat<\/strong><br \/>\nKalle Kankaanp\u00e4\u00e4 GrIFK 3<br \/>\nFilip Churlevski GrIFK 2<br \/>\nWilliam Malkam\u00e4ki \u00c5IFK 1<\/p>\n<p><strong>2 min ulosajot sek\u00e4 pelist\u00e4 sulkemiset<\/strong><br \/>\n\u00c5IFK: Martin Gristsuk 2 x 2 min, Olli Tamminen 1 x 2 min, Sebastian Hernelahti 2 x 2 min, William Malkam\u00e4ki 1 x 2 min<br \/>\nGrIFK: Kalle Kankaanp\u00e4\u00e4 2 x 2 min, Miro Koljonen 1 x 2 min, Richard Sundberg 1 x 2 min, suora punainen kortti<\/p>\n<p><em>Erotuomarit<\/em>: Mikael Lindroos &#8211; Werneri<\/p>\n<p><em>Yleis\u00f6\u00e4<\/em>: 165<\/p>\n","protected":false},"excerpt":{"rendered":"<p>GrIFK p\u00e4\u00e4si keskiviikkona ensimm\u00e4ist\u00e4 kertaa t\u00e4ll\u00e4 kaudella parketille, kun se kohtasi \u00c5IFK:n. GrIFK nappasi Turussa 30-25 (17-16)-voiton. Ensimm\u00e4isell\u00e4 puoliajalla johtoasema vaihtui useaan otteeseen. Kotijoukkueella n\u00e4ytti olevan jo pienoinen yliote, kun William Sj\u00f6holm ja Martin Gristsuk johdattivat maaleillaan \u00c5IFK:n kahden maalin johtoon nelj\u00e4 minuuttia ennen loppua. GrIFK nousi kuitenkin viel\u00e4 ohi ja sai toiselle puoliajalle maalin [&hellip;]<\/p>\n","protected":false},"author":13,"featured_media":43899,"comment_status":"closed","ping_status":"closed","sticky":false,"template":"","format":"standard","meta":{"_acf_changed":false,"jetpack_post_was_ever_published":false,"_jetpack_newsletter_access":"","_jetpack_dont_email_post_to_subs":false,"_jetpack_newsletter_tier_id":0,"_jetpack_memberships_contains_paywalled_content":false,"_jetpack_memberships_contains_paid_content":false,"footnotes":""},"categories":[303],"tags":[50,64],"class_list":["post-44041","post","type-post","status-publish","format-standard","has-post-thumbnail","hentry","category-ottelut-2023-24","tag-aifk","tag-grifk"],"acf":[],"yoast_head":"<!-- This site is optimized with the Yoast SEO plugin v27.5 - https:\/\/yoast.com\/product\/yoast-seo-wordpress\/ -->\n<title>GrIFK avasi kauden voitolla | K\u00e4sipallon miesten Aktialiiga<\/title>\n<meta name=\"robots\" content=\"index, follow, max-snippet:-1, max-image-preview:large, max-video-preview:-1\" \/>\n<link rel=\"canonical\" href=\"https:\/\/aktialiiga.fi\/miehet\/2023-2024\/ottelut-2023-24\/grifk-avasi-kauden-voitolla\/\" \/>\n<meta property=\"og:locale\" content=\"fi_FI\" \/>\n<meta property=\"og:type\" content=\"article\" \/>\n<meta property=\"og:title\" content=\"GrIFK avasi kauden voitolla | K\u00e4sipallon miesten Aktialiiga\" \/>\n<meta property=\"og:description\" content=\"GrIFK p\u00e4\u00e4si keskiviikkona ensimm\u00e4ist\u00e4 kertaa t\u00e4ll\u00e4 kaudella parketille, kun se kohtasi \u00c5IFK:n. GrIFK nappasi Turussa 30-25 (17-16)-voiton. Ensimm\u00e4isell\u00e4 puoliajalla johtoasema vaihtui useaan otteeseen. Kotijoukkueella n\u00e4ytti olevan jo pienoinen yliote, kun William Sj\u00f6holm ja Martin Gristsuk johdattivat maaleillaan \u00c5IFK:n kahden maalin johtoon nelj\u00e4 minuuttia ennen loppua. GrIFK nousi kuitenkin viel\u00e4 ohi ja sai toiselle puoliajalle maalin [&hellip;]\" \/>\n<meta property=\"og:url\" content=\"https:\/\/aktialiiga.fi\/miehet\/2023-2024\/ottelut-2023-24\/grifk-avasi-kauden-voitolla\/\" \/>\n<meta property=\"og:site_name\" content=\"K\u00e4sipallon miesten Aktialiiga\" \/>\n<meta property=\"article:publisher\" content=\"https:\/\/www.facebook.com\/finnhandball\" \/>\n<meta property=\"article:published_time\" content=\"2023-09-20T17:36:35+00:00\" \/>\n<meta property=\"article:modified_time\" content=\"2023-10-02T09:48:08+00:00\" \/>\n<meta property=\"og:image\" content=\"https:\/\/i0.wp.com\/aktialiiga.fi\/miehet\/wp-content\/uploads\/sites\/5\/2023\/09\/GrIFK_logo.png?fit=500%2C500&ssl=1\" \/>\n\t<meta property=\"og:image:width\" content=\"500\" \/>\n\t<meta property=\"og:image:height\" content=\"500\" \/>\n\t<meta property=\"og:image:type\" content=\"image\/png\" \/>\n<meta name=\"author\" content=\"tbrmedia\" \/>\n<meta name=\"twitter:card\" content=\"summary_large_image\" \/>\n<meta name=\"twitter:creator\" content=\"@finnhandball\" \/>\n<meta name=\"twitter:site\" content=\"@finnhandball\" \/>\n<script type=\"application\/ld+json\" class=\"yoast-schema-graph\">{\"@context\":\"https:\\\/\\\/schema.org\",\"@graph\":[{\"@type\":\"Article\",\"@id\":\"https:\\\/\\\/aktialiiga.fi\\\/miehet\\\/2023-2024\\\/ottelut-2023-24\\\/grifk-avasi-kauden-voitolla\\\/#article\",\"isPartOf\":{\"@id\":\"https:\\\/\\\/aktialiiga.fi\\\/miehet\\\/2023-2024\\\/ottelut-2023-24\\\/grifk-avasi-kauden-voitolla\\\/\"},\"author\":{\"name\":\"tbrmedia\",\"@id\":\"https:\\\/\\\/aktialiiga.fi\\\/miehet\\\/#\\\/schema\\\/person\\\/c14bf42f47041db74603c45afcb18d87\"},\"headline\":\"GrIFK avasi kauden voitolla\",\"datePublished\":\"2023-09-20T17:36:35+00:00\",\"dateModified\":\"2023-10-02T09:48:08+00:00\",\"mainEntityOfPage\":{\"@id\":\"https:\\\/\\\/aktialiiga.fi\\\/miehet\\\/2023-2024\\\/ottelut-2023-24\\\/grifk-avasi-kauden-voitolla\\\/\"},\"wordCount\":370,\"publisher\":{\"@id\":\"https:\\\/\\\/aktialiiga.fi\\\/miehet\\\/#organization\"},\"image\":{\"@id\":\"https:\\\/\\\/aktialiiga.fi\\\/miehet\\\/2023-2024\\\/ottelut-2023-24\\\/grifk-avasi-kauden-voitolla\\\/#primaryimage\"},\"thumbnailUrl\":\"https:\\\/\\\/i0.wp.com\\\/aktialiiga.fi\\\/miehet\\\/wp-content\\\/uploads\\\/sites\\\/5\\\/2023\\\/09\\\/GrIFK_logo.png?fit=500%2C500&ssl=1\",\"keywords\":[\"\u00c5IFK\",\"GrIFK\"],\"articleSection\":[\"Ottelut\"],\"inLanguage\":\"fi\"},{\"@type\":\"WebPage\",\"@id\":\"https:\\\/\\\/aktialiiga.fi\\\/miehet\\\/2023-2024\\\/ottelut-2023-24\\\/grifk-avasi-kauden-voitolla\\\/\",\"url\":\"https:\\\/\\\/aktialiiga.fi\\\/miehet\\\/2023-2024\\\/ottelut-2023-24\\\/grifk-avasi-kauden-voitolla\\\/\",\"name\":\"GrIFK avasi kauden voitolla | K\u00e4sipallon miesten Aktialiiga\",\"isPartOf\":{\"@id\":\"https:\\\/\\\/aktialiiga.fi\\\/miehet\\\/#website\"},\"primaryImageOfPage\":{\"@id\":\"https:\\\/\\\/aktialiiga.fi\\\/miehet\\\/2023-2024\\\/ottelut-2023-24\\\/grifk-avasi-kauden-voitolla\\\/#primaryimage\"},\"image\":{\"@id\":\"https:\\\/\\\/aktialiiga.fi\\\/miehet\\\/2023-2024\\\/ottelut-2023-24\\\/grifk-avasi-kauden-voitolla\\\/#primaryimage\"},\"thumbnailUrl\":\"https:\\\/\\\/i0.wp.com\\\/aktialiiga.fi\\\/miehet\\\/wp-content\\\/uploads\\\/sites\\\/5\\\/2023\\\/09\\\/GrIFK_logo.png?fit=500%2C500&ssl=1\",\"datePublished\":\"2023-09-20T17:36:35+00:00\",\"dateModified\":\"2023-10-02T09:48:08+00:00\",\"breadcrumb\":{\"@id\":\"https:\\\/\\\/aktialiiga.fi\\\/miehet\\\/2023-2024\\\/ottelut-2023-24\\\/grifk-avasi-kauden-voitolla\\\/#breadcrumb\"},\"inLanguage\":\"fi\",\"potentialAction\":[{\"@type\":\"ReadAction\",\"target\":[\"https:\\\/\\\/aktialiiga.fi\\\/miehet\\\/2023-2024\\\/ottelut-2023-24\\\/grifk-avasi-kauden-voitolla\\\/\"]}]},{\"@type\":\"ImageObject\",\"inLanguage\":\"fi\",\"@id\":\"https:\\\/\\\/aktialiiga.fi\\\/miehet\\\/2023-2024\\\/ottelut-2023-24\\\/grifk-avasi-kauden-voitolla\\\/#primaryimage\",\"url\":\"https:\\\/\\\/i0.wp.com\\\/aktialiiga.fi\\\/miehet\\\/wp-content\\\/uploads\\\/sites\\\/5\\\/2023\\\/09\\\/GrIFK_logo.png?fit=500%2C500&ssl=1\",\"contentUrl\":\"https:\\\/\\\/i0.wp.com\\\/aktialiiga.fi\\\/miehet\\\/wp-content\\\/uploads\\\/sites\\\/5\\\/2023\\\/09\\\/GrIFK_logo.png?fit=500%2C500&ssl=1\",\"width\":500,\"height\":500},{\"@type\":\"BreadcrumbList\",\"@id\":\"https:\\\/\\\/aktialiiga.fi\\\/miehet\\\/2023-2024\\\/ottelut-2023-24\\\/grifk-avasi-kauden-voitolla\\\/#breadcrumb\",\"itemListElement\":[{\"@type\":\"ListItem\",\"position\":1,\"name\":\"Etusivu\",\"item\":\"https:\\\/\\\/aktialiiga.fi\\\/miehet\\\/\"},{\"@type\":\"ListItem\",\"position\":2,\"name\":\"GrIFK avasi kauden voitolla\"}]},{\"@type\":\"WebSite\",\"@id\":\"https:\\\/\\\/aktialiiga.fi\\\/miehet\\\/#website\",\"url\":\"https:\\\/\\\/aktialiiga.fi\\\/miehet\\\/\",\"name\":\"K\u00e4sipallon miesten Aktialiiga\",\"description\":\"Valtakunnan vauhdikkainta palloilua!\",\"publisher\":{\"@id\":\"https:\\\/\\\/aktialiiga.fi\\\/miehet\\\/#organization\"},\"potentialAction\":[{\"@type\":\"SearchAction\",\"target\":{\"@type\":\"EntryPoint\",\"urlTemplate\":\"https:\\\/\\\/aktialiiga.fi\\\/miehet\\\/?s={search_term_string}\"},\"query-input\":{\"@type\":\"PropertyValueSpecification\",\"valueRequired\":true,\"valueName\":\"search_term_string\"}}],\"inLanguage\":\"fi\"},{\"@type\":\"Organization\",\"@id\":\"https:\\\/\\\/aktialiiga.fi\\\/miehet\\\/#organization\",\"name\":\"K\u00e4sipallon miesten Aktialiiga\",\"url\":\"https:\\\/\\\/aktialiiga.fi\\\/miehet\\\/\",\"logo\":{\"@type\":\"ImageObject\",\"inLanguage\":\"fi\",\"@id\":\"https:\\\/\\\/aktialiiga.fi\\\/miehet\\\/#\\\/schema\\\/logo\\\/image\\\/\",\"url\":\"https:\\\/\\\/i0.wp.com\\\/aktialiiga.fi\\\/miehet\\\/wp-content\\\/uploads\\\/sites\\\/5\\\/2024\\\/09\\\/Aktialiiga-Yoast-512.png?fit=512%2C512&ssl=1\",\"contentUrl\":\"https:\\\/\\\/i0.wp.com\\\/aktialiiga.fi\\\/miehet\\\/wp-content\\\/uploads\\\/sites\\\/5\\\/2024\\\/09\\\/Aktialiiga-Yoast-512.png?fit=512%2C512&ssl=1\",\"width\":512,\"height\":512,\"caption\":\"K\u00e4sipallon miesten Aktialiiga\"},\"image\":{\"@id\":\"https:\\\/\\\/aktialiiga.fi\\\/miehet\\\/#\\\/schema\\\/logo\\\/image\\\/\"},\"sameAs\":[\"https:\\\/\\\/www.facebook.com\\\/finnhandball\",\"https:\\\/\\\/x.com\\\/finnhandball\",\"https:\\\/\\\/www.instagram.com\\\/handballfinland\\\/\"]},{\"@type\":\"Person\",\"@id\":\"https:\\\/\\\/aktialiiga.fi\\\/miehet\\\/#\\\/schema\\\/person\\\/c14bf42f47041db74603c45afcb18d87\",\"name\":\"tbrmedia\",\"image\":{\"@type\":\"ImageObject\",\"inLanguage\":\"fi\",\"@id\":\"https:\\\/\\\/secure.gravatar.com\\\/avatar\\\/ee975fa091fe581d12b60debb3439022686618368a7c142044c56724d4666b16?s=96&d=mm&r=g\",\"url\":\"https:\\\/\\\/secure.gravatar.com\\\/avatar\\\/ee975fa091fe581d12b60debb3439022686618368a7c142044c56724d4666b16?s=96&d=mm&r=g\",\"contentUrl\":\"https:\\\/\\\/secure.gravatar.com\\\/avatar\\\/ee975fa091fe581d12b60debb3439022686618368a7c142044c56724d4666b16?s=96&d=mm&r=g\",\"caption\":\"tbrmedia\"}}]}<\/script>\n<!-- \/ Yoast SEO plugin. -->","yoast_head_json":{"title":"GrIFK avasi kauden voitolla | K\u00e4sipallon miesten Aktialiiga","robots":{"index":"index","follow":"follow","max-snippet":"max-snippet:-1","max-image-preview":"max-image-preview:large","max-video-preview":"max-video-preview:-1"},"canonical":"https:\/\/aktialiiga.fi\/miehet\/2023-2024\/ottelut-2023-24\/grifk-avasi-kauden-voitolla\/","og_locale":"fi_FI","og_type":"article","og_title":"GrIFK avasi kauden voitolla | K\u00e4sipallon miesten Aktialiiga","og_description":"GrIFK p\u00e4\u00e4si keskiviikkona ensimm\u00e4ist\u00e4 kertaa t\u00e4ll\u00e4 kaudella parketille, kun se kohtasi \u00c5IFK:n. GrIFK nappasi Turussa 30-25 (17-16)-voiton. Ensimm\u00e4isell\u00e4 puoliajalla johtoasema vaihtui useaan otteeseen. Kotijoukkueella n\u00e4ytti olevan jo pienoinen yliote, kun William Sj\u00f6holm ja Martin Gristsuk johdattivat maaleillaan \u00c5IFK:n kahden maalin johtoon nelj\u00e4 minuuttia ennen loppua. GrIFK nousi kuitenkin viel\u00e4 ohi ja sai toiselle puoliajalle maalin [&hellip;]","og_url":"https:\/\/aktialiiga.fi\/miehet\/2023-2024\/ottelut-2023-24\/grifk-avasi-kauden-voitolla\/","og_site_name":"K\u00e4sipallon miesten Aktialiiga","article_publisher":"https:\/\/www.facebook.com\/finnhandball","article_published_time":"2023-09-20T17:36:35+00:00","article_modified_time":"2023-10-02T09:48:08+00:00","og_image":[{"width":500,"height":500,"url":"https:\/\/i0.wp.com\/aktialiiga.fi\/miehet\/wp-content\/uploads\/sites\/5\/2023\/09\/GrIFK_logo.png?fit=500%2C500&ssl=1","type":"image\/png"}],"author":"tbrmedia","twitter_card":"summary_large_image","twitter_creator":"@finnhandball","twitter_site":"@finnhandball","schema":{"@context":"https:\/\/schema.org","@graph":[{"@type":"Article","@id":"https:\/\/aktialiiga.fi\/miehet\/2023-2024\/ottelut-2023-24\/grifk-avasi-kauden-voitolla\/#article","isPartOf":{"@id":"https:\/\/aktialiiga.fi\/miehet\/2023-2024\/ottelut-2023-24\/grifk-avasi-kauden-voitolla\/"},"author":{"name":"tbrmedia","@id":"https:\/\/aktialiiga.fi\/miehet\/#\/schema\/person\/c14bf42f47041db74603c45afcb18d87"},"headline":"GrIFK avasi kauden voitolla","datePublished":"2023-09-20T17:36:35+00:00","dateModified":"2023-10-02T09:48:08+00:00","mainEntityOfPage":{"@id":"https:\/\/aktialiiga.fi\/miehet\/2023-2024\/ottelut-2023-24\/grifk-avasi-kauden-voitolla\/"},"wordCount":370,"publisher":{"@id":"https:\/\/aktialiiga.fi\/miehet\/#organization"},"image":{"@id":"https:\/\/aktialiiga.fi\/miehet\/2023-2024\/ottelut-2023-24\/grifk-avasi-kauden-voitolla\/#primaryimage"},"thumbnailUrl":"https:\/\/i0.wp.com\/aktialiiga.fi\/miehet\/wp-content\/uploads\/sites\/5\/2023\/09\/GrIFK_logo.png?fit=500%2C500&ssl=1","keywords":["\u00c5IFK","GrIFK"],"articleSection":["Ottelut"],"inLanguage":"fi"},{"@type":"WebPage","@id":"https:\/\/aktialiiga.fi\/miehet\/2023-2024\/ottelut-2023-24\/grifk-avasi-kauden-voitolla\/","url":"https:\/\/aktialiiga.fi\/miehet\/2023-2024\/ottelut-2023-24\/grifk-avasi-kauden-voitolla\/","name":"GrIFK avasi kauden voitolla | K\u00e4sipallon miesten Aktialiiga","isPartOf":{"@id":"https:\/\/aktialiiga.fi\/miehet\/#website"},"primaryImageOfPage":{"@id":"https:\/\/aktialiiga.fi\/miehet\/2023-2024\/ottelut-2023-24\/grifk-avasi-kauden-voitolla\/#primaryimage"},"image":{"@id":"https:\/\/aktialiiga.fi\/miehet\/2023-2024\/ottelut-2023-24\/grifk-avasi-kauden-voitolla\/#primaryimage"},"thumbnailUrl":"https:\/\/i0.wp.com\/aktialiiga.fi\/miehet\/wp-content\/uploads\/sites\/5\/2023\/09\/GrIFK_logo.png?fit=500%2C500&ssl=1","datePublished":"2023-09-20T17:36:35+00:00","dateModified":"2023-10-02T09:48:08+00:00","breadcrumb":{"@id":"https:\/\/aktialiiga.fi\/miehet\/2023-2024\/ottelut-2023-24\/grifk-avasi-kauden-voitolla\/#breadcrumb"},"inLanguage":"fi","potentialAction":[{"@type":"ReadAction","target":["https:\/\/aktialiiga.fi\/miehet\/2023-2024\/ottelut-2023-24\/grifk-avasi-kauden-voitolla\/"]}]},{"@type":"ImageObject","inLanguage":"fi","@id":"https:\/\/aktialiiga.fi\/miehet\/2023-2024\/ottelut-2023-24\/grifk-avasi-kauden-voitolla\/#primaryimage","url":"https:\/\/i0.wp.com\/aktialiiga.fi\/miehet\/wp-content\/uploads\/sites\/5\/2023\/09\/GrIFK_logo.png?fit=500%2C500&ssl=1","contentUrl":"https:\/\/i0.wp.com\/aktialiiga.fi\/miehet\/wp-content\/uploads\/sites\/5\/2023\/09\/GrIFK_logo.png?fit=500%2C500&ssl=1","width":500,"height":500},{"@type":"BreadcrumbList","@id":"https:\/\/aktialiiga.fi\/miehet\/2023-2024\/ottelut-2023-24\/grifk-avasi-kauden-voitolla\/#breadcrumb","itemListElement":[{"@type":"ListItem","position":1,"name":"Etusivu","item":"https:\/\/aktialiiga.fi\/miehet\/"},{"@type":"ListItem","position":2,"name":"GrIFK avasi kauden voitolla"}]},{"@type":"WebSite","@id":"https:\/\/aktialiiga.fi\/miehet\/#website","url":"https:\/\/aktialiiga.fi\/miehet\/","name":"K\u00e4sipallon miesten Aktialiiga","description":"Valtakunnan vauhdikkainta palloilua!","publisher":{"@id":"https:\/\/aktialiiga.fi\/miehet\/#organization"},"potentialAction":[{"@type":"SearchAction","target":{"@type":"EntryPoint","urlTemplate":"https:\/\/aktialiiga.fi\/miehet\/?s={search_term_string}"},"query-input":{"@type":"PropertyValueSpecification","valueRequired":true,"valueName":"search_term_string"}}],"inLanguage":"fi"},{"@type":"Organization","@id":"https:\/\/aktialiiga.fi\/miehet\/#organization","name":"K\u00e4sipallon miesten Aktialiiga","url":"https:\/\/aktialiiga.fi\/miehet\/","logo":{"@type":"ImageObject","inLanguage":"fi","@id":"https:\/\/aktialiiga.fi\/miehet\/#\/schema\/logo\/image\/","url":"https:\/\/i0.wp.com\/aktialiiga.fi\/miehet\/wp-content\/uploads\/sites\/5\/2024\/09\/Aktialiiga-Yoast-512.png?fit=512%2C512&ssl=1","contentUrl":"https:\/\/i0.wp.com\/aktialiiga.fi\/miehet\/wp-content\/uploads\/sites\/5\/2024\/09\/Aktialiiga-Yoast-512.png?fit=512%2C512&ssl=1","width":512,"height":512,"caption":"K\u00e4sipallon miesten Aktialiiga"},"image":{"@id":"https:\/\/aktialiiga.fi\/miehet\/#\/schema\/logo\/image\/"},"sameAs":["https:\/\/www.facebook.com\/finnhandball","https:\/\/x.com\/finnhandball","https:\/\/www.instagram.com\/handballfinland\/"]},{"@type":"Person","@id":"https:\/\/aktialiiga.fi\/miehet\/#\/schema\/person\/c14bf42f47041db74603c45afcb18d87","name":"tbrmedia","image":{"@type":"ImageObject","inLanguage":"fi","@id":"https:\/\/secure.gravatar.com\/avatar\/ee975fa091fe581d12b60debb3439022686618368a7c142044c56724d4666b16?s=96&d=mm&r=g","url":"https:\/\/secure.gravatar.com\/avatar\/ee975fa091fe581d12b60debb3439022686618368a7c142044c56724d4666b16?s=96&d=mm&r=g","contentUrl":"https:\/\/secure.gravatar.com\/avatar\/ee975fa091fe581d12b60debb3439022686618368a7c142044c56724d4666b16?s=96&d=mm&r=g","caption":"tbrmedia"}}]}},"jetpack_featured_media_url":"https:\/\/i0.wp.com\/aktialiiga.fi\/miehet\/wp-content\/uploads\/sites\/5\/2023\/09\/GrIFK_logo.png?fit=500%2C500&ssl=1","jetpack_sharing_enabled":true,"jetpack_shortlink":"https:\/\/wp.me\/pfTxOr-bsl","_links":{"self":[{"href":"https:\/\/aktialiiga.fi\/miehet\/wp-json\/wp\/v2\/posts\/44041","targetHints":{"allow":["GET"]}}],"collection":[{"href":"https:\/\/aktialiiga.fi\/miehet\/wp-json\/wp\/v2\/posts"}],"about":[{"href":"https:\/\/aktialiiga.fi\/miehet\/wp-json\/wp\/v2\/types\/post"}],"author":[{"embeddable":true,"href":"https:\/\/aktialiiga.fi\/miehet\/wp-json\/wp\/v2\/users\/13"}],"replies":[{"embeddable":true,"href":"https:\/\/aktialiiga.fi\/miehet\/wp-json\/wp\/v2\/comments?post=44041"}],"version-history":[{"count":0,"href":"https:\/\/aktialiiga.fi\/miehet\/wp-json\/wp\/v2\/posts\/44041\/revisions"}],"wp:featuredmedia":[{"embeddable":true,"href":"https:\/\/aktialiiga.fi\/miehet\/wp-json\/wp\/v2\/media\/43899"}],"wp:attachment":[{"href":"https:\/\/aktialiiga.fi\/miehet\/wp-json\/wp\/v2\/media?parent=44041"}],"wp:term":[{"taxonomy":"category","embeddable":true,"href":"https:\/\/aktialiiga.fi\/miehet\/wp-json\/wp\/v2\/categories?post=44041"},{"taxonomy":"post_tag","embeddable":true,"href":"https:\/\/aktialiiga.fi\/miehet\/wp-json\/wp\/v2\/tags?post=44041"}],"curies":[{"name":"wp","href":"https:\/\/api.w.org\/{rel}","templated":true}]}}