{"id":44559,"date":"2023-09-28T21:13:32","date_gmt":"2023-09-28T18:13:32","guid":{"rendered":"https:\/\/aktialiiga.fi\/miehet\/?p=44559"},"modified":"2023-09-28T21:13:32","modified_gmt":"2023-09-28T18:13:32","slug":"kohti-cupin-final-4ia-puolivalieraviikonloppu-edessa","status":"publish","type":"post","link":"https:\/\/aktialiiga.fi\/miehet\/ajankohtaista\/kohti-cupin-final-4ia-puolivalieraviikonloppu-edessa\/","title":{"rendered":"Kohti cupin Final 4:ia \u2013 puoliv\u00e4lier\u00e4viikonloppu edess\u00e4"},"content":{"rendered":"<p>SM-liigaa ei syys-lokakuun vaihteen viikonloppuna pelata, mutta kovia koitoksia on tiedossa Suomen Cupin puoliv\u00e4lieriss\u00e4.<\/p>\n<p>Jo perjantai-iltana iskev\u00e4t yhteen Turussa \u00c5IFK ja GrIFK. Joukkueilla on tuoretta tuntumaa toisiinsa vain reilun viikon takaa vastaavasta ottelusta SM-liigassa. Tuolloin pisteet matkasivat Granin matkaan lukemin 25-30.<\/p>\n<p>Kummallakin riitt\u00e4\u00e4 varmasti n\u00e4lk\u00e4\u00e4 cup-menestykseen, sill\u00e4 GrIFK on pelannut Suomen Cupin finaalissa viidesti, mutta voittanut mestaruuden vain kerran. \u00c5IFK:lla cupin loppuottelu on viel\u00e4 kokematta.<\/p>\n<p>Lauantaina paikasta Final 4 -turnauksessa pelaavat puolestaan V\u00e4stnylandsderbyss\u00e4 SIF ja BK-46. Molemmat ovat aloittaneet SM-liigakauden kahdella voitolla ja vaikka BK suosikkina otteluun l\u00e4hteekin, siuntiolaisten otteet kauden alussa antavat hyv\u00e4n syyn olettaa, ettei paikka nelj\u00e4n joukossa ainakaan ilmaiseksi irtoa.<\/p>\n<p>Cocks etenee suoraan Final 4 -turnaukseen, sill\u00e4 HIFK Akatemia joutui <a href=\"\/ajankohtaista\/hifk-akatemia-joutui-antamaan-luovutusvoiton-cupissa\/\" target=\"_blank\" rel=\"noopener\">luovuttamaan<\/a> puoliv\u00e4lier\u00e4n joukkueeseen iskeneen flunssa-aallon takia. Viimeinen v\u00e4lier\u00e4paikka ratkaistaan HIFK:n ja Dickenin kesken lokakuun loppupuolella.<\/p>\n<p><strong>Miesten Suomen Cupin puoliv\u00e4lier\u00e4t:<\/strong><br \/>\nCocks \u2013 HIFK Akatemia <em>lv. 10-0<\/em><br \/>\nPe 29.9. klo 18.30 \u00c5IFK \u2013 GrIFK<br \/>\nLa 30.9. klo 16.30 SIF \u2013 BK-46<br \/>\nSu 22.10. klo 14.00 HIFK \u2013 Dicken<\/p>\n<p>Viikonlopun cupin puoliv\u00e4lier\u00e4ottelut suorina l\u00e4hetyksin\u00e4 <strong><a href=\"https:\/\/handis.tv\/handisliiga\" target=\"_blank\" rel=\"noopener\">HandisTV:st\u00e4<\/a><\/strong>.<\/p>\n","protected":false},"excerpt":{"rendered":"<p>SM-liigaa ei syys-lokakuun vaihteen viikonloppuna pelata, mutta kovia koitoksia on tiedossa Suomen Cupin puoliv\u00e4lieriss\u00e4. Jo perjantai-iltana iskev\u00e4t yhteen Turussa \u00c5IFK ja GrIFK. Joukkueilla on tuoretta tuntumaa toisiinsa vain reilun viikon takaa vastaavasta ottelusta SM-liigassa. Tuolloin pisteet matkasivat Granin matkaan lukemin 25-30. Kummallakin riitt\u00e4\u00e4 varmasti n\u00e4lk\u00e4\u00e4 cup-menestykseen, sill\u00e4 GrIFK on pelannut Suomen Cupin finaalissa viidesti, mutta [&hellip;]<\/p>\n","protected":false},"author":13,"featured_media":39690,"comment_status":"closed","ping_status":"closed","sticky":false,"template":"","format":"standard","meta":{"_acf_changed":false,"jetpack_post_was_ever_published":false,"_jetpack_newsletter_access":"","_jetpack_dont_email_post_to_subs":false,"_jetpack_newsletter_tier_id":0,"_jetpack_memberships_contains_paywalled_content":false,"_jetpack_memberships_contains_paid_content":false,"footnotes":""},"categories":[2],"tags":[50,56,64,111,116],"class_list":["post-44559","post","type-post","status-publish","format-standard","has-post-thumbnail","hentry","category-ajankohtaista","tag-aifk","tag-bk-46","tag-grifk","tag-sif","tag-suomen-cup"],"acf":[],"yoast_head":"<!-- This site is optimized with the Yoast SEO plugin v27.5 - https:\/\/yoast.com\/product\/yoast-seo-wordpress\/ -->\n<title>Kohti cupin Final 4:ia \u2013 puoliv\u00e4lier\u00e4viikonloppu edess\u00e4 | K\u00e4sipallon miesten Aktialiiga<\/title>\n<meta name=\"robots\" content=\"index, follow, max-snippet:-1, max-image-preview:large, max-video-preview:-1\" \/>\n<link rel=\"canonical\" href=\"https:\/\/aktialiiga.fi\/miehet\/ajankohtaista\/kohti-cupin-final-4ia-puolivalieraviikonloppu-edessa\/\" \/>\n<meta property=\"og:locale\" content=\"fi_FI\" \/>\n<meta property=\"og:type\" content=\"article\" \/>\n<meta property=\"og:title\" content=\"Kohti cupin Final 4:ia \u2013 puoliv\u00e4lier\u00e4viikonloppu edess\u00e4 | K\u00e4sipallon miesten Aktialiiga\" \/>\n<meta property=\"og:description\" content=\"SM-liigaa ei syys-lokakuun vaihteen viikonloppuna pelata, mutta kovia koitoksia on tiedossa Suomen Cupin puoliv\u00e4lieriss\u00e4. Jo perjantai-iltana iskev\u00e4t yhteen Turussa \u00c5IFK ja GrIFK. Joukkueilla on tuoretta tuntumaa toisiinsa vain reilun viikon takaa vastaavasta ottelusta SM-liigassa. Tuolloin pisteet matkasivat Granin matkaan lukemin 25-30. Kummallakin riitt\u00e4\u00e4 varmasti n\u00e4lk\u00e4\u00e4 cup-menestykseen, sill\u00e4 GrIFK on pelannut Suomen Cupin finaalissa viidesti, mutta [&hellip;]\" \/>\n<meta property=\"og:url\" content=\"https:\/\/aktialiiga.fi\/miehet\/ajankohtaista\/kohti-cupin-final-4ia-puolivalieraviikonloppu-edessa\/\" \/>\n<meta property=\"og:site_name\" content=\"K\u00e4sipallon miesten Aktialiiga\" \/>\n<meta property=\"article:publisher\" content=\"https:\/\/www.facebook.com\/finnhandball\" \/>\n<meta property=\"article:published_time\" content=\"2023-09-28T18:13:32+00:00\" \/>\n<meta property=\"og:image\" content=\"https:\/\/i0.wp.com\/aktialiiga.fi\/miehet\/wp-content\/uploads\/sites\/5\/2023\/02\/Cup_palkinnot.jpg?fit=865%2C369&ssl=1\" \/>\n\t<meta property=\"og:image:width\" content=\"865\" \/>\n\t<meta property=\"og:image:height\" content=\"369\" \/>\n\t<meta property=\"og:image:type\" content=\"image\/jpeg\" \/>\n<meta name=\"author\" content=\"tbrmedia\" \/>\n<meta name=\"twitter:card\" content=\"summary_large_image\" \/>\n<meta name=\"twitter:creator\" content=\"@finnhandball\" \/>\n<meta name=\"twitter:site\" content=\"@finnhandball\" \/>\n<script type=\"application\/ld+json\" class=\"yoast-schema-graph\">{\"@context\":\"https:\\\/\\\/schema.org\",\"@graph\":[{\"@type\":\"Article\",\"@id\":\"https:\\\/\\\/aktialiiga.fi\\\/miehet\\\/ajankohtaista\\\/kohti-cupin-final-4ia-puolivalieraviikonloppu-edessa\\\/#article\",\"isPartOf\":{\"@id\":\"https:\\\/\\\/aktialiiga.fi\\\/miehet\\\/ajankohtaista\\\/kohti-cupin-final-4ia-puolivalieraviikonloppu-edessa\\\/\"},\"author\":{\"name\":\"tbrmedia\",\"@id\":\"https:\\\/\\\/aktialiiga.fi\\\/miehet\\\/#\\\/schema\\\/person\\\/c14bf42f47041db74603c45afcb18d87\"},\"headline\":\"Kohti cupin Final 4:ia \u2013 puoliv\u00e4lier\u00e4viikonloppu edess\u00e4\",\"datePublished\":\"2023-09-28T18:13:32+00:00\",\"mainEntityOfPage\":{\"@id\":\"https:\\\/\\\/aktialiiga.fi\\\/miehet\\\/ajankohtaista\\\/kohti-cupin-final-4ia-puolivalieraviikonloppu-edessa\\\/\"},\"wordCount\":180,\"publisher\":{\"@id\":\"https:\\\/\\\/aktialiiga.fi\\\/miehet\\\/#organization\"},\"image\":{\"@id\":\"https:\\\/\\\/aktialiiga.fi\\\/miehet\\\/ajankohtaista\\\/kohti-cupin-final-4ia-puolivalieraviikonloppu-edessa\\\/#primaryimage\"},\"thumbnailUrl\":\"https:\\\/\\\/i0.wp.com\\\/aktialiiga.fi\\\/miehet\\\/wp-content\\\/uploads\\\/sites\\\/5\\\/2023\\\/02\\\/Cup_palkinnot.jpg?fit=865%2C369&ssl=1\",\"keywords\":[\"\u00c5IFK\",\"BK-46\",\"GrIFK\",\"SIF\",\"Suomen Cup\"],\"articleSection\":[\"Ajankohtaista\"],\"inLanguage\":\"fi\"},{\"@type\":\"WebPage\",\"@id\":\"https:\\\/\\\/aktialiiga.fi\\\/miehet\\\/ajankohtaista\\\/kohti-cupin-final-4ia-puolivalieraviikonloppu-edessa\\\/\",\"url\":\"https:\\\/\\\/aktialiiga.fi\\\/miehet\\\/ajankohtaista\\\/kohti-cupin-final-4ia-puolivalieraviikonloppu-edessa\\\/\",\"name\":\"Kohti cupin Final 4:ia \u2013 puoliv\u00e4lier\u00e4viikonloppu edess\u00e4 | K\u00e4sipallon miesten Aktialiiga\",\"isPartOf\":{\"@id\":\"https:\\\/\\\/aktialiiga.fi\\\/miehet\\\/#website\"},\"primaryImageOfPage\":{\"@id\":\"https:\\\/\\\/aktialiiga.fi\\\/miehet\\\/ajankohtaista\\\/kohti-cupin-final-4ia-puolivalieraviikonloppu-edessa\\\/#primaryimage\"},\"image\":{\"@id\":\"https:\\\/\\\/aktialiiga.fi\\\/miehet\\\/ajankohtaista\\\/kohti-cupin-final-4ia-puolivalieraviikonloppu-edessa\\\/#primaryimage\"},\"thumbnailUrl\":\"https:\\\/\\\/i0.wp.com\\\/aktialiiga.fi\\\/miehet\\\/wp-content\\\/uploads\\\/sites\\\/5\\\/2023\\\/02\\\/Cup_palkinnot.jpg?fit=865%2C369&ssl=1\",\"datePublished\":\"2023-09-28T18:13:32+00:00\",\"breadcrumb\":{\"@id\":\"https:\\\/\\\/aktialiiga.fi\\\/miehet\\\/ajankohtaista\\\/kohti-cupin-final-4ia-puolivalieraviikonloppu-edessa\\\/#breadcrumb\"},\"inLanguage\":\"fi\",\"potentialAction\":[{\"@type\":\"ReadAction\",\"target\":[\"https:\\\/\\\/aktialiiga.fi\\\/miehet\\\/ajankohtaista\\\/kohti-cupin-final-4ia-puolivalieraviikonloppu-edessa\\\/\"]}]},{\"@type\":\"ImageObject\",\"inLanguage\":\"fi\",\"@id\":\"https:\\\/\\\/aktialiiga.fi\\\/miehet\\\/ajankohtaista\\\/kohti-cupin-final-4ia-puolivalieraviikonloppu-edessa\\\/#primaryimage\",\"url\":\"https:\\\/\\\/i0.wp.com\\\/aktialiiga.fi\\\/miehet\\\/wp-content\\\/uploads\\\/sites\\\/5\\\/2023\\\/02\\\/Cup_palkinnot.jpg?fit=865%2C369&ssl=1\",\"contentUrl\":\"https:\\\/\\\/i0.wp.com\\\/aktialiiga.fi\\\/miehet\\\/wp-content\\\/uploads\\\/sites\\\/5\\\/2023\\\/02\\\/Cup_palkinnot.jpg?fit=865%2C369&ssl=1\",\"width\":865,\"height\":369,\"caption\":\"Voittopokalit k\u00e4sipallo Suomen Cup finaali ottelussa BK-46 - Cocks Karjaan urtheilutalolla Karjaalla 5. helmikuuta 2022. (Kalle Parkkinen\\\/Newspix24)\"},{\"@type\":\"BreadcrumbList\",\"@id\":\"https:\\\/\\\/aktialiiga.fi\\\/miehet\\\/ajankohtaista\\\/kohti-cupin-final-4ia-puolivalieraviikonloppu-edessa\\\/#breadcrumb\",\"itemListElement\":[{\"@type\":\"ListItem\",\"position\":1,\"name\":\"Etusivu\",\"item\":\"https:\\\/\\\/aktialiiga.fi\\\/miehet\\\/\"},{\"@type\":\"ListItem\",\"position\":2,\"name\":\"Kohti cupin Final 4:ia \u2013 puoliv\u00e4lier\u00e4viikonloppu edess\u00e4\"}]},{\"@type\":\"WebSite\",\"@id\":\"https:\\\/\\\/aktialiiga.fi\\\/miehet\\\/#website\",\"url\":\"https:\\\/\\\/aktialiiga.fi\\\/miehet\\\/\",\"name\":\"K\u00e4sipallon miesten Aktialiiga\",\"description\":\"Valtakunnan vauhdikkainta palloilua!\",\"publisher\":{\"@id\":\"https:\\\/\\\/aktialiiga.fi\\\/miehet\\\/#organization\"},\"potentialAction\":[{\"@type\":\"SearchAction\",\"target\":{\"@type\":\"EntryPoint\",\"urlTemplate\":\"https:\\\/\\\/aktialiiga.fi\\\/miehet\\\/?s={search_term_string}\"},\"query-input\":{\"@type\":\"PropertyValueSpecification\",\"valueRequired\":true,\"valueName\":\"search_term_string\"}}],\"inLanguage\":\"fi\"},{\"@type\":\"Organization\",\"@id\":\"https:\\\/\\\/aktialiiga.fi\\\/miehet\\\/#organization\",\"name\":\"K\u00e4sipallon miesten Aktialiiga\",\"url\":\"https:\\\/\\\/aktialiiga.fi\\\/miehet\\\/\",\"logo\":{\"@type\":\"ImageObject\",\"inLanguage\":\"fi\",\"@id\":\"https:\\\/\\\/aktialiiga.fi\\\/miehet\\\/#\\\/schema\\\/logo\\\/image\\\/\",\"url\":\"https:\\\/\\\/i0.wp.com\\\/aktialiiga.fi\\\/miehet\\\/wp-content\\\/uploads\\\/sites\\\/5\\\/2024\\\/09\\\/Aktialiiga-Yoast-512.png?fit=512%2C512&ssl=1\",\"contentUrl\":\"https:\\\/\\\/i0.wp.com\\\/aktialiiga.fi\\\/miehet\\\/wp-content\\\/uploads\\\/sites\\\/5\\\/2024\\\/09\\\/Aktialiiga-Yoast-512.png?fit=512%2C512&ssl=1\",\"width\":512,\"height\":512,\"caption\":\"K\u00e4sipallon miesten Aktialiiga\"},\"image\":{\"@id\":\"https:\\\/\\\/aktialiiga.fi\\\/miehet\\\/#\\\/schema\\\/logo\\\/image\\\/\"},\"sameAs\":[\"https:\\\/\\\/www.facebook.com\\\/finnhandball\",\"https:\\\/\\\/x.com\\\/finnhandball\",\"https:\\\/\\\/www.instagram.com\\\/handballfinland\\\/\"]},{\"@type\":\"Person\",\"@id\":\"https:\\\/\\\/aktialiiga.fi\\\/miehet\\\/#\\\/schema\\\/person\\\/c14bf42f47041db74603c45afcb18d87\",\"name\":\"tbrmedia\",\"image\":{\"@type\":\"ImageObject\",\"inLanguage\":\"fi\",\"@id\":\"https:\\\/\\\/secure.gravatar.com\\\/avatar\\\/ee975fa091fe581d12b60debb3439022686618368a7c142044c56724d4666b16?s=96&d=mm&r=g\",\"url\":\"https:\\\/\\\/secure.gravatar.com\\\/avatar\\\/ee975fa091fe581d12b60debb3439022686618368a7c142044c56724d4666b16?s=96&d=mm&r=g\",\"contentUrl\":\"https:\\\/\\\/secure.gravatar.com\\\/avatar\\\/ee975fa091fe581d12b60debb3439022686618368a7c142044c56724d4666b16?s=96&d=mm&r=g\",\"caption\":\"tbrmedia\"}}]}<\/script>\n<!-- \/ Yoast SEO plugin. -->","yoast_head_json":{"title":"Kohti cupin Final 4:ia \u2013 puoliv\u00e4lier\u00e4viikonloppu edess\u00e4 | K\u00e4sipallon miesten Aktialiiga","robots":{"index":"index","follow":"follow","max-snippet":"max-snippet:-1","max-image-preview":"max-image-preview:large","max-video-preview":"max-video-preview:-1"},"canonical":"https:\/\/aktialiiga.fi\/miehet\/ajankohtaista\/kohti-cupin-final-4ia-puolivalieraviikonloppu-edessa\/","og_locale":"fi_FI","og_type":"article","og_title":"Kohti cupin Final 4:ia \u2013 puoliv\u00e4lier\u00e4viikonloppu edess\u00e4 | K\u00e4sipallon miesten Aktialiiga","og_description":"SM-liigaa ei syys-lokakuun vaihteen viikonloppuna pelata, mutta kovia koitoksia on tiedossa Suomen Cupin puoliv\u00e4lieriss\u00e4. Jo perjantai-iltana iskev\u00e4t yhteen Turussa \u00c5IFK ja GrIFK. Joukkueilla on tuoretta tuntumaa toisiinsa vain reilun viikon takaa vastaavasta ottelusta SM-liigassa. Tuolloin pisteet matkasivat Granin matkaan lukemin 25-30. Kummallakin riitt\u00e4\u00e4 varmasti n\u00e4lk\u00e4\u00e4 cup-menestykseen, sill\u00e4 GrIFK on pelannut Suomen Cupin finaalissa viidesti, mutta [&hellip;]","og_url":"https:\/\/aktialiiga.fi\/miehet\/ajankohtaista\/kohti-cupin-final-4ia-puolivalieraviikonloppu-edessa\/","og_site_name":"K\u00e4sipallon miesten Aktialiiga","article_publisher":"https:\/\/www.facebook.com\/finnhandball","article_published_time":"2023-09-28T18:13:32+00:00","og_image":[{"width":865,"height":369,"url":"https:\/\/i0.wp.com\/aktialiiga.fi\/miehet\/wp-content\/uploads\/sites\/5\/2023\/02\/Cup_palkinnot.jpg?fit=865%2C369&ssl=1","type":"image\/jpeg"}],"author":"tbrmedia","twitter_card":"summary_large_image","twitter_creator":"@finnhandball","twitter_site":"@finnhandball","schema":{"@context":"https:\/\/schema.org","@graph":[{"@type":"Article","@id":"https:\/\/aktialiiga.fi\/miehet\/ajankohtaista\/kohti-cupin-final-4ia-puolivalieraviikonloppu-edessa\/#article","isPartOf":{"@id":"https:\/\/aktialiiga.fi\/miehet\/ajankohtaista\/kohti-cupin-final-4ia-puolivalieraviikonloppu-edessa\/"},"author":{"name":"tbrmedia","@id":"https:\/\/aktialiiga.fi\/miehet\/#\/schema\/person\/c14bf42f47041db74603c45afcb18d87"},"headline":"Kohti cupin Final 4:ia \u2013 puoliv\u00e4lier\u00e4viikonloppu edess\u00e4","datePublished":"2023-09-28T18:13:32+00:00","mainEntityOfPage":{"@id":"https:\/\/aktialiiga.fi\/miehet\/ajankohtaista\/kohti-cupin-final-4ia-puolivalieraviikonloppu-edessa\/"},"wordCount":180,"publisher":{"@id":"https:\/\/aktialiiga.fi\/miehet\/#organization"},"image":{"@id":"https:\/\/aktialiiga.fi\/miehet\/ajankohtaista\/kohti-cupin-final-4ia-puolivalieraviikonloppu-edessa\/#primaryimage"},"thumbnailUrl":"https:\/\/i0.wp.com\/aktialiiga.fi\/miehet\/wp-content\/uploads\/sites\/5\/2023\/02\/Cup_palkinnot.jpg?fit=865%2C369&ssl=1","keywords":["\u00c5IFK","BK-46","GrIFK","SIF","Suomen Cup"],"articleSection":["Ajankohtaista"],"inLanguage":"fi"},{"@type":"WebPage","@id":"https:\/\/aktialiiga.fi\/miehet\/ajankohtaista\/kohti-cupin-final-4ia-puolivalieraviikonloppu-edessa\/","url":"https:\/\/aktialiiga.fi\/miehet\/ajankohtaista\/kohti-cupin-final-4ia-puolivalieraviikonloppu-edessa\/","name":"Kohti cupin Final 4:ia \u2013 puoliv\u00e4lier\u00e4viikonloppu edess\u00e4 | K\u00e4sipallon miesten Aktialiiga","isPartOf":{"@id":"https:\/\/aktialiiga.fi\/miehet\/#website"},"primaryImageOfPage":{"@id":"https:\/\/aktialiiga.fi\/miehet\/ajankohtaista\/kohti-cupin-final-4ia-puolivalieraviikonloppu-edessa\/#primaryimage"},"image":{"@id":"https:\/\/aktialiiga.fi\/miehet\/ajankohtaista\/kohti-cupin-final-4ia-puolivalieraviikonloppu-edessa\/#primaryimage"},"thumbnailUrl":"https:\/\/i0.wp.com\/aktialiiga.fi\/miehet\/wp-content\/uploads\/sites\/5\/2023\/02\/Cup_palkinnot.jpg?fit=865%2C369&ssl=1","datePublished":"2023-09-28T18:13:32+00:00","breadcrumb":{"@id":"https:\/\/aktialiiga.fi\/miehet\/ajankohtaista\/kohti-cupin-final-4ia-puolivalieraviikonloppu-edessa\/#breadcrumb"},"inLanguage":"fi","potentialAction":[{"@type":"ReadAction","target":["https:\/\/aktialiiga.fi\/miehet\/ajankohtaista\/kohti-cupin-final-4ia-puolivalieraviikonloppu-edessa\/"]}]},{"@type":"ImageObject","inLanguage":"fi","@id":"https:\/\/aktialiiga.fi\/miehet\/ajankohtaista\/kohti-cupin-final-4ia-puolivalieraviikonloppu-edessa\/#primaryimage","url":"https:\/\/i0.wp.com\/aktialiiga.fi\/miehet\/wp-content\/uploads\/sites\/5\/2023\/02\/Cup_palkinnot.jpg?fit=865%2C369&ssl=1","contentUrl":"https:\/\/i0.wp.com\/aktialiiga.fi\/miehet\/wp-content\/uploads\/sites\/5\/2023\/02\/Cup_palkinnot.jpg?fit=865%2C369&ssl=1","width":865,"height":369,"caption":"Voittopokalit k\u00e4sipallo Suomen Cup finaali ottelussa BK-46 - Cocks Karjaan urtheilutalolla Karjaalla 5. helmikuuta 2022. (Kalle Parkkinen\/Newspix24)"},{"@type":"BreadcrumbList","@id":"https:\/\/aktialiiga.fi\/miehet\/ajankohtaista\/kohti-cupin-final-4ia-puolivalieraviikonloppu-edessa\/#breadcrumb","itemListElement":[{"@type":"ListItem","position":1,"name":"Etusivu","item":"https:\/\/aktialiiga.fi\/miehet\/"},{"@type":"ListItem","position":2,"name":"Kohti cupin Final 4:ia \u2013 puoliv\u00e4lier\u00e4viikonloppu edess\u00e4"}]},{"@type":"WebSite","@id":"https:\/\/aktialiiga.fi\/miehet\/#website","url":"https:\/\/aktialiiga.fi\/miehet\/","name":"K\u00e4sipallon miesten Aktialiiga","description":"Valtakunnan vauhdikkainta palloilua!","publisher":{"@id":"https:\/\/aktialiiga.fi\/miehet\/#organization"},"potentialAction":[{"@type":"SearchAction","target":{"@type":"EntryPoint","urlTemplate":"https:\/\/aktialiiga.fi\/miehet\/?s={search_term_string}"},"query-input":{"@type":"PropertyValueSpecification","valueRequired":true,"valueName":"search_term_string"}}],"inLanguage":"fi"},{"@type":"Organization","@id":"https:\/\/aktialiiga.fi\/miehet\/#organization","name":"K\u00e4sipallon miesten Aktialiiga","url":"https:\/\/aktialiiga.fi\/miehet\/","logo":{"@type":"ImageObject","inLanguage":"fi","@id":"https:\/\/aktialiiga.fi\/miehet\/#\/schema\/logo\/image\/","url":"https:\/\/i0.wp.com\/aktialiiga.fi\/miehet\/wp-content\/uploads\/sites\/5\/2024\/09\/Aktialiiga-Yoast-512.png?fit=512%2C512&ssl=1","contentUrl":"https:\/\/i0.wp.com\/aktialiiga.fi\/miehet\/wp-content\/uploads\/sites\/5\/2024\/09\/Aktialiiga-Yoast-512.png?fit=512%2C512&ssl=1","width":512,"height":512,"caption":"K\u00e4sipallon miesten Aktialiiga"},"image":{"@id":"https:\/\/aktialiiga.fi\/miehet\/#\/schema\/logo\/image\/"},"sameAs":["https:\/\/www.facebook.com\/finnhandball","https:\/\/x.com\/finnhandball","https:\/\/www.instagram.com\/handballfinland\/"]},{"@type":"Person","@id":"https:\/\/aktialiiga.fi\/miehet\/#\/schema\/person\/c14bf42f47041db74603c45afcb18d87","name":"tbrmedia","image":{"@type":"ImageObject","inLanguage":"fi","@id":"https:\/\/secure.gravatar.com\/avatar\/ee975fa091fe581d12b60debb3439022686618368a7c142044c56724d4666b16?s=96&d=mm&r=g","url":"https:\/\/secure.gravatar.com\/avatar\/ee975fa091fe581d12b60debb3439022686618368a7c142044c56724d4666b16?s=96&d=mm&r=g","contentUrl":"https:\/\/secure.gravatar.com\/avatar\/ee975fa091fe581d12b60debb3439022686618368a7c142044c56724d4666b16?s=96&d=mm&r=g","caption":"tbrmedia"}}]}},"jetpack_featured_media_url":"https:\/\/i0.wp.com\/aktialiiga.fi\/miehet\/wp-content\/uploads\/sites\/5\/2023\/02\/Cup_palkinnot.jpg?fit=865%2C369&ssl=1","jetpack_sharing_enabled":true,"jetpack_shortlink":"https:\/\/wp.me\/pfTxOr-bAH","_links":{"self":[{"href":"https:\/\/aktialiiga.fi\/miehet\/wp-json\/wp\/v2\/posts\/44559","targetHints":{"allow":["GET"]}}],"collection":[{"href":"https:\/\/aktialiiga.fi\/miehet\/wp-json\/wp\/v2\/posts"}],"about":[{"href":"https:\/\/aktialiiga.fi\/miehet\/wp-json\/wp\/v2\/types\/post"}],"author":[{"embeddable":true,"href":"https:\/\/aktialiiga.fi\/miehet\/wp-json\/wp\/v2\/users\/13"}],"replies":[{"embeddable":true,"href":"https:\/\/aktialiiga.fi\/miehet\/wp-json\/wp\/v2\/comments?post=44559"}],"version-history":[{"count":0,"href":"https:\/\/aktialiiga.fi\/miehet\/wp-json\/wp\/v2\/posts\/44559\/revisions"}],"wp:featuredmedia":[{"embeddable":true,"href":"https:\/\/aktialiiga.fi\/miehet\/wp-json\/wp\/v2\/media\/39690"}],"wp:attachment":[{"href":"https:\/\/aktialiiga.fi\/miehet\/wp-json\/wp\/v2\/media?parent=44559"}],"wp:term":[{"taxonomy":"category","embeddable":true,"href":"https:\/\/aktialiiga.fi\/miehet\/wp-json\/wp\/v2\/categories?post=44559"},{"taxonomy":"post_tag","embeddable":true,"href":"https:\/\/aktialiiga.fi\/miehet\/wp-json\/wp\/v2\/tags?post=44559"}],"curies":[{"name":"wp","href":"https:\/\/api.w.org\/{rel}","templated":true}]}}