{"id":4456,"date":"2012-11-28T23:06:01","date_gmt":"2012-11-28T21:06:01","guid":{"rendered":"http:\/\/www.handisliiga.fi\/?p=4456"},"modified":"2018-04-20T13:04:03","modified_gmt":"2018-04-20T10:04:03","slug":"akilleksesta-ei-ollut-yllattamaan-dickenia","status":"publish","type":"post","link":"https:\/\/aktialiiga.fi\/miehet\/2012-2013\/ottelut-2012-2013\/akilleksesta-ei-ollut-yllattamaan-dickenia\/","title":{"rendered":"Akilleksesta ei ollut yll\u00e4tt\u00e4m\u00e4\u00e4n Dickeni\u00e4"},"content":{"rendered":"<p><strong>Sarjakakkonen palasi p\u00e4\u00e4kaupunkiin pisteet mukanaan, loppunumerot Porvoossa\u00a017-39 (8-19).<\/strong><!--more--><\/p>\n<p>Akilles on ollut usealle joukkueelle vaikea vastus, etenkin kotikent\u00e4ll\u00e4\u00e4n. Dickenill\u00e4 oli alusta asti asenne kohdallaan.<\/p>\n<p>&#8211; Saimme unelma-alun peliin ja puolustus toimi heti ensimm\u00e4isest\u00e4 vihellyksest\u00e4. Sen lis\u00e4ksi Bj\u00f6rnstr\u00f6min sihti oli kohdillaan, niin mik\u00e4s siin\u00e4 on pelatessa, sanoi Thomas Lindstr\u00f6m.<\/p>\n<p>Joachim Bj\u00f6rnstr\u00f6mill\u00e4 k\u00e4vi k\u00e4si vinhaa vauhtia, saldona t\u00e4ysi tusina maaleja.<\/p>\n<p>&#8211; P\u00e4\u00e4simme heti alussa karkumatkalle ja onnistuimme pit\u00e4m\u00e4\u00e4n <a href=\"\/ajankohtaista\/dickenille-nimekkaita-paluumuuttajia\/attachment\/logo-dicken\/\" rel=\"attachment wp-att-196\"><br \/>\n<\/a>vastustajan loitolla siit\u00e4 saakka, Bj\u00f6rnstr\u00f6m sanoi.<\/p>\n<p>Akilleksen p\u00e4\u00e4valmentaja Raivo Laast ei halunnut selitell\u00e4 tappiota.<\/p>\n<p>&#8211;\u00a0Vastustajan kova harjoittelu n\u00e4kyi heid\u00e4n otteissaan, silloin tulos voi n\u00e4ytt\u00e4\u00e4 t\u00e4lt\u00e4.<\/p>\n<p><strong>Maalintekij\u00e4t<\/strong><\/p>\n<p>Akilles:\u00a0Sergiy Shevchenko 5,\u00a0Niclas Ahlgren 3,\u00a0Mathias \u00c5kermarck 2,\u00a0Henri Storsj\u00f6 2,\u00a0Lauri Narinen 2,\u00a0Ric Liljendal 1,\u00a0Mihail Kobzev 1,\u00a0Jonathan Tolkki 1.<\/p>\n<p>Dicken:\u00a0Joachim Bj\u00f6rnstr\u00f6m 12,\u00a0Timmy Thor 8,\u00a0Anton R\u00e9my 6,\u00a0Benny Broman 4,\u00a0Joacim Broman 2,\u00a0Bj\u00f6rn Broman 2,\u00a0Jukka Kamula 2,\u00a0Philip Ahlgren 2,\u00a0Thomas Hollfast 1.<\/p>\n<p><strong>L\u00e4hiTapiola T\u00e4hdet<\/strong><\/p>\n<p>***\u00a0Joachim Bj\u00f6rnstr\u00f6m, Dicken<\/p>\n<p>**\u00a0Timmy Thor, Dicken<\/p>\n<p>*\u00a0Jonathan Tolkki, Akilles<\/p>\n<p>&nbsp;<\/p>\n","protected":false},"excerpt":{"rendered":"<p>Sarjakakkonen palasi p\u00e4\u00e4kaupunkiin pisteet mukanaan, loppunumerot Porvoossa\u00a017-39 (8-19).<\/p>\n","protected":false},"author":13,"featured_media":196,"comment_status":"closed","ping_status":"closed","sticky":false,"template":"","format":"standard","meta":{"_acf_changed":false,"jetpack_post_was_ever_published":false,"_jetpack_newsletter_access":"","_jetpack_dont_email_post_to_subs":false,"_jetpack_newsletter_tier_id":0,"_jetpack_memberships_contains_paywalled_content":false,"_jetpack_memberships_contains_paid_content":false,"footnotes":""},"categories":[20],"tags":[51,58],"class_list":["post-4456","post","type-post","status-publish","format-standard","has-post-thumbnail","hentry","category-ottelut-2012-2013","tag-akilles","tag-dicken"],"acf":[],"yoast_head":"<!-- This site is optimized with the Yoast SEO plugin v27.4 - https:\/\/yoast.com\/product\/yoast-seo-wordpress\/ -->\n<title>Akilleksesta ei ollut yll\u00e4tt\u00e4m\u00e4\u00e4n Dickeni\u00e4 | K\u00e4sipallon miesten Aktialiiga<\/title>\n<meta name=\"robots\" content=\"index, follow, max-snippet:-1, max-image-preview:large, max-video-preview:-1\" \/>\n<link rel=\"canonical\" href=\"https:\/\/aktialiiga.fi\/miehet\/2012-2013\/ottelut-2012-2013\/akilleksesta-ei-ollut-yllattamaan-dickenia\/\" \/>\n<meta property=\"og:locale\" content=\"fi_FI\" \/>\n<meta property=\"og:type\" content=\"article\" \/>\n<meta property=\"og:title\" content=\"Akilleksesta ei ollut yll\u00e4tt\u00e4m\u00e4\u00e4n Dickeni\u00e4 | K\u00e4sipallon miesten Aktialiiga\" \/>\n<meta property=\"og:description\" content=\"Sarjakakkonen palasi p\u00e4\u00e4kaupunkiin pisteet mukanaan, loppunumerot Porvoossa\u00a017-39 (8-19).\" \/>\n<meta property=\"og:url\" content=\"https:\/\/aktialiiga.fi\/miehet\/2012-2013\/ottelut-2012-2013\/akilleksesta-ei-ollut-yllattamaan-dickenia\/\" \/>\n<meta property=\"og:site_name\" content=\"K\u00e4sipallon miesten Aktialiiga\" \/>\n<meta property=\"article:publisher\" content=\"https:\/\/www.facebook.com\/finnhandball\" \/>\n<meta property=\"article:published_time\" content=\"2012-11-28T21:06:01+00:00\" \/>\n<meta property=\"article:modified_time\" content=\"2018-04-20T10:04:03+00:00\" \/>\n<meta property=\"og:image\" content=\"https:\/\/i0.wp.com\/aktialiiga.fi\/miehet\/wp-content\/uploads\/sites\/5\/2011\/09\/logo-dicken.gif?fit=82%2C115&ssl=1\" \/>\n\t<meta property=\"og:image:width\" content=\"82\" \/>\n\t<meta property=\"og:image:height\" content=\"115\" \/>\n\t<meta property=\"og:image:type\" content=\"image\/gif\" \/>\n<meta name=\"author\" content=\"tbrmedia\" \/>\n<meta name=\"twitter:card\" content=\"summary_large_image\" \/>\n<meta name=\"twitter:creator\" content=\"@finnhandball\" \/>\n<meta name=\"twitter:site\" content=\"@finnhandball\" \/>\n<script type=\"application\/ld+json\" class=\"yoast-schema-graph\">{\"@context\":\"https:\\\/\\\/schema.org\",\"@graph\":[{\"@type\":\"Article\",\"@id\":\"https:\\\/\\\/aktialiiga.fi\\\/miehet\\\/2012-2013\\\/ottelut-2012-2013\\\/akilleksesta-ei-ollut-yllattamaan-dickenia\\\/#article\",\"isPartOf\":{\"@id\":\"https:\\\/\\\/aktialiiga.fi\\\/miehet\\\/2012-2013\\\/ottelut-2012-2013\\\/akilleksesta-ei-ollut-yllattamaan-dickenia\\\/\"},\"author\":{\"name\":\"tbrmedia\",\"@id\":\"https:\\\/\\\/aktialiiga.fi\\\/miehet\\\/#\\\/schema\\\/person\\\/c14bf42f47041db74603c45afcb18d87\"},\"headline\":\"Akilleksesta ei ollut yll\u00e4tt\u00e4m\u00e4\u00e4n Dickeni\u00e4\",\"datePublished\":\"2012-11-28T21:06:01+00:00\",\"dateModified\":\"2018-04-20T10:04:03+00:00\",\"mainEntityOfPage\":{\"@id\":\"https:\\\/\\\/aktialiiga.fi\\\/miehet\\\/2012-2013\\\/ottelut-2012-2013\\\/akilleksesta-ei-ollut-yllattamaan-dickenia\\\/\"},\"wordCount\":182,\"publisher\":{\"@id\":\"https:\\\/\\\/aktialiiga.fi\\\/miehet\\\/#organization\"},\"image\":{\"@id\":\"https:\\\/\\\/aktialiiga.fi\\\/miehet\\\/2012-2013\\\/ottelut-2012-2013\\\/akilleksesta-ei-ollut-yllattamaan-dickenia\\\/#primaryimage\"},\"thumbnailUrl\":\"https:\\\/\\\/i0.wp.com\\\/aktialiiga.fi\\\/miehet\\\/wp-content\\\/uploads\\\/sites\\\/5\\\/2011\\\/09\\\/logo-dicken.gif?fit=82%2C115&ssl=1\",\"keywords\":[\"Akilles\",\"Dicken\"],\"articleSection\":[\"Ottelut\"],\"inLanguage\":\"fi\"},{\"@type\":\"WebPage\",\"@id\":\"https:\\\/\\\/aktialiiga.fi\\\/miehet\\\/2012-2013\\\/ottelut-2012-2013\\\/akilleksesta-ei-ollut-yllattamaan-dickenia\\\/\",\"url\":\"https:\\\/\\\/aktialiiga.fi\\\/miehet\\\/2012-2013\\\/ottelut-2012-2013\\\/akilleksesta-ei-ollut-yllattamaan-dickenia\\\/\",\"name\":\"Akilleksesta ei ollut yll\u00e4tt\u00e4m\u00e4\u00e4n Dickeni\u00e4 | K\u00e4sipallon miesten Aktialiiga\",\"isPartOf\":{\"@id\":\"https:\\\/\\\/aktialiiga.fi\\\/miehet\\\/#website\"},\"primaryImageOfPage\":{\"@id\":\"https:\\\/\\\/aktialiiga.fi\\\/miehet\\\/2012-2013\\\/ottelut-2012-2013\\\/akilleksesta-ei-ollut-yllattamaan-dickenia\\\/#primaryimage\"},\"image\":{\"@id\":\"https:\\\/\\\/aktialiiga.fi\\\/miehet\\\/2012-2013\\\/ottelut-2012-2013\\\/akilleksesta-ei-ollut-yllattamaan-dickenia\\\/#primaryimage\"},\"thumbnailUrl\":\"https:\\\/\\\/i0.wp.com\\\/aktialiiga.fi\\\/miehet\\\/wp-content\\\/uploads\\\/sites\\\/5\\\/2011\\\/09\\\/logo-dicken.gif?fit=82%2C115&ssl=1\",\"datePublished\":\"2012-11-28T21:06:01+00:00\",\"dateModified\":\"2018-04-20T10:04:03+00:00\",\"breadcrumb\":{\"@id\":\"https:\\\/\\\/aktialiiga.fi\\\/miehet\\\/2012-2013\\\/ottelut-2012-2013\\\/akilleksesta-ei-ollut-yllattamaan-dickenia\\\/#breadcrumb\"},\"inLanguage\":\"fi\",\"potentialAction\":[{\"@type\":\"ReadAction\",\"target\":[\"https:\\\/\\\/aktialiiga.fi\\\/miehet\\\/2012-2013\\\/ottelut-2012-2013\\\/akilleksesta-ei-ollut-yllattamaan-dickenia\\\/\"]}]},{\"@type\":\"ImageObject\",\"inLanguage\":\"fi\",\"@id\":\"https:\\\/\\\/aktialiiga.fi\\\/miehet\\\/2012-2013\\\/ottelut-2012-2013\\\/akilleksesta-ei-ollut-yllattamaan-dickenia\\\/#primaryimage\",\"url\":\"https:\\\/\\\/i0.wp.com\\\/aktialiiga.fi\\\/miehet\\\/wp-content\\\/uploads\\\/sites\\\/5\\\/2011\\\/09\\\/logo-dicken.gif?fit=82%2C115&ssl=1\",\"contentUrl\":\"https:\\\/\\\/i0.wp.com\\\/aktialiiga.fi\\\/miehet\\\/wp-content\\\/uploads\\\/sites\\\/5\\\/2011\\\/09\\\/logo-dicken.gif?fit=82%2C115&ssl=1\",\"width\":82,\"height\":115,\"caption\":\"Dicken, Helsinki\"},{\"@type\":\"BreadcrumbList\",\"@id\":\"https:\\\/\\\/aktialiiga.fi\\\/miehet\\\/2012-2013\\\/ottelut-2012-2013\\\/akilleksesta-ei-ollut-yllattamaan-dickenia\\\/#breadcrumb\",\"itemListElement\":[{\"@type\":\"ListItem\",\"position\":1,\"name\":\"Etusivu\",\"item\":\"https:\\\/\\\/aktialiiga.fi\\\/miehet\\\/\"},{\"@type\":\"ListItem\",\"position\":2,\"name\":\"Akilleksesta ei ollut yll\u00e4tt\u00e4m\u00e4\u00e4n Dickeni\u00e4\"}]},{\"@type\":\"WebSite\",\"@id\":\"https:\\\/\\\/aktialiiga.fi\\\/miehet\\\/#website\",\"url\":\"https:\\\/\\\/aktialiiga.fi\\\/miehet\\\/\",\"name\":\"K\u00e4sipallon miesten Aktialiiga\",\"description\":\"Valtakunnan vauhdikkainta palloilua!\",\"publisher\":{\"@id\":\"https:\\\/\\\/aktialiiga.fi\\\/miehet\\\/#organization\"},\"potentialAction\":[{\"@type\":\"SearchAction\",\"target\":{\"@type\":\"EntryPoint\",\"urlTemplate\":\"https:\\\/\\\/aktialiiga.fi\\\/miehet\\\/?s={search_term_string}\"},\"query-input\":{\"@type\":\"PropertyValueSpecification\",\"valueRequired\":true,\"valueName\":\"search_term_string\"}}],\"inLanguage\":\"fi\"},{\"@type\":\"Organization\",\"@id\":\"https:\\\/\\\/aktialiiga.fi\\\/miehet\\\/#organization\",\"name\":\"K\u00e4sipallon miesten Aktialiiga\",\"url\":\"https:\\\/\\\/aktialiiga.fi\\\/miehet\\\/\",\"logo\":{\"@type\":\"ImageObject\",\"inLanguage\":\"fi\",\"@id\":\"https:\\\/\\\/aktialiiga.fi\\\/miehet\\\/#\\\/schema\\\/logo\\\/image\\\/\",\"url\":\"https:\\\/\\\/i0.wp.com\\\/aktialiiga.fi\\\/miehet\\\/wp-content\\\/uploads\\\/sites\\\/5\\\/2024\\\/09\\\/Aktialiiga-Yoast-512.png?fit=512%2C512&ssl=1\",\"contentUrl\":\"https:\\\/\\\/i0.wp.com\\\/aktialiiga.fi\\\/miehet\\\/wp-content\\\/uploads\\\/sites\\\/5\\\/2024\\\/09\\\/Aktialiiga-Yoast-512.png?fit=512%2C512&ssl=1\",\"width\":512,\"height\":512,\"caption\":\"K\u00e4sipallon miesten Aktialiiga\"},\"image\":{\"@id\":\"https:\\\/\\\/aktialiiga.fi\\\/miehet\\\/#\\\/schema\\\/logo\\\/image\\\/\"},\"sameAs\":[\"https:\\\/\\\/www.facebook.com\\\/finnhandball\",\"https:\\\/\\\/x.com\\\/finnhandball\",\"https:\\\/\\\/www.instagram.com\\\/handballfinland\\\/\"]},{\"@type\":\"Person\",\"@id\":\"https:\\\/\\\/aktialiiga.fi\\\/miehet\\\/#\\\/schema\\\/person\\\/c14bf42f47041db74603c45afcb18d87\",\"name\":\"tbrmedia\",\"image\":{\"@type\":\"ImageObject\",\"inLanguage\":\"fi\",\"@id\":\"https:\\\/\\\/secure.gravatar.com\\\/avatar\\\/ee975fa091fe581d12b60debb3439022686618368a7c142044c56724d4666b16?s=96&d=mm&r=g\",\"url\":\"https:\\\/\\\/secure.gravatar.com\\\/avatar\\\/ee975fa091fe581d12b60debb3439022686618368a7c142044c56724d4666b16?s=96&d=mm&r=g\",\"contentUrl\":\"https:\\\/\\\/secure.gravatar.com\\\/avatar\\\/ee975fa091fe581d12b60debb3439022686618368a7c142044c56724d4666b16?s=96&d=mm&r=g\",\"caption\":\"tbrmedia\"}}]}<\/script>\n<!-- \/ Yoast SEO plugin. -->","yoast_head_json":{"title":"Akilleksesta ei ollut yll\u00e4tt\u00e4m\u00e4\u00e4n Dickeni\u00e4 | K\u00e4sipallon miesten Aktialiiga","robots":{"index":"index","follow":"follow","max-snippet":"max-snippet:-1","max-image-preview":"max-image-preview:large","max-video-preview":"max-video-preview:-1"},"canonical":"https:\/\/aktialiiga.fi\/miehet\/2012-2013\/ottelut-2012-2013\/akilleksesta-ei-ollut-yllattamaan-dickenia\/","og_locale":"fi_FI","og_type":"article","og_title":"Akilleksesta ei ollut yll\u00e4tt\u00e4m\u00e4\u00e4n Dickeni\u00e4 | K\u00e4sipallon miesten Aktialiiga","og_description":"Sarjakakkonen palasi p\u00e4\u00e4kaupunkiin pisteet mukanaan, loppunumerot Porvoossa\u00a017-39 (8-19).","og_url":"https:\/\/aktialiiga.fi\/miehet\/2012-2013\/ottelut-2012-2013\/akilleksesta-ei-ollut-yllattamaan-dickenia\/","og_site_name":"K\u00e4sipallon miesten Aktialiiga","article_publisher":"https:\/\/www.facebook.com\/finnhandball","article_published_time":"2012-11-28T21:06:01+00:00","article_modified_time":"2018-04-20T10:04:03+00:00","og_image":[{"width":82,"height":115,"url":"https:\/\/i0.wp.com\/aktialiiga.fi\/miehet\/wp-content\/uploads\/sites\/5\/2011\/09\/logo-dicken.gif?fit=82%2C115&ssl=1","type":"image\/gif"}],"author":"tbrmedia","twitter_card":"summary_large_image","twitter_creator":"@finnhandball","twitter_site":"@finnhandball","schema":{"@context":"https:\/\/schema.org","@graph":[{"@type":"Article","@id":"https:\/\/aktialiiga.fi\/miehet\/2012-2013\/ottelut-2012-2013\/akilleksesta-ei-ollut-yllattamaan-dickenia\/#article","isPartOf":{"@id":"https:\/\/aktialiiga.fi\/miehet\/2012-2013\/ottelut-2012-2013\/akilleksesta-ei-ollut-yllattamaan-dickenia\/"},"author":{"name":"tbrmedia","@id":"https:\/\/aktialiiga.fi\/miehet\/#\/schema\/person\/c14bf42f47041db74603c45afcb18d87"},"headline":"Akilleksesta ei ollut yll\u00e4tt\u00e4m\u00e4\u00e4n Dickeni\u00e4","datePublished":"2012-11-28T21:06:01+00:00","dateModified":"2018-04-20T10:04:03+00:00","mainEntityOfPage":{"@id":"https:\/\/aktialiiga.fi\/miehet\/2012-2013\/ottelut-2012-2013\/akilleksesta-ei-ollut-yllattamaan-dickenia\/"},"wordCount":182,"publisher":{"@id":"https:\/\/aktialiiga.fi\/miehet\/#organization"},"image":{"@id":"https:\/\/aktialiiga.fi\/miehet\/2012-2013\/ottelut-2012-2013\/akilleksesta-ei-ollut-yllattamaan-dickenia\/#primaryimage"},"thumbnailUrl":"https:\/\/i0.wp.com\/aktialiiga.fi\/miehet\/wp-content\/uploads\/sites\/5\/2011\/09\/logo-dicken.gif?fit=82%2C115&ssl=1","keywords":["Akilles","Dicken"],"articleSection":["Ottelut"],"inLanguage":"fi"},{"@type":"WebPage","@id":"https:\/\/aktialiiga.fi\/miehet\/2012-2013\/ottelut-2012-2013\/akilleksesta-ei-ollut-yllattamaan-dickenia\/","url":"https:\/\/aktialiiga.fi\/miehet\/2012-2013\/ottelut-2012-2013\/akilleksesta-ei-ollut-yllattamaan-dickenia\/","name":"Akilleksesta ei ollut yll\u00e4tt\u00e4m\u00e4\u00e4n Dickeni\u00e4 | K\u00e4sipallon miesten Aktialiiga","isPartOf":{"@id":"https:\/\/aktialiiga.fi\/miehet\/#website"},"primaryImageOfPage":{"@id":"https:\/\/aktialiiga.fi\/miehet\/2012-2013\/ottelut-2012-2013\/akilleksesta-ei-ollut-yllattamaan-dickenia\/#primaryimage"},"image":{"@id":"https:\/\/aktialiiga.fi\/miehet\/2012-2013\/ottelut-2012-2013\/akilleksesta-ei-ollut-yllattamaan-dickenia\/#primaryimage"},"thumbnailUrl":"https:\/\/i0.wp.com\/aktialiiga.fi\/miehet\/wp-content\/uploads\/sites\/5\/2011\/09\/logo-dicken.gif?fit=82%2C115&ssl=1","datePublished":"2012-11-28T21:06:01+00:00","dateModified":"2018-04-20T10:04:03+00:00","breadcrumb":{"@id":"https:\/\/aktialiiga.fi\/miehet\/2012-2013\/ottelut-2012-2013\/akilleksesta-ei-ollut-yllattamaan-dickenia\/#breadcrumb"},"inLanguage":"fi","potentialAction":[{"@type":"ReadAction","target":["https:\/\/aktialiiga.fi\/miehet\/2012-2013\/ottelut-2012-2013\/akilleksesta-ei-ollut-yllattamaan-dickenia\/"]}]},{"@type":"ImageObject","inLanguage":"fi","@id":"https:\/\/aktialiiga.fi\/miehet\/2012-2013\/ottelut-2012-2013\/akilleksesta-ei-ollut-yllattamaan-dickenia\/#primaryimage","url":"https:\/\/i0.wp.com\/aktialiiga.fi\/miehet\/wp-content\/uploads\/sites\/5\/2011\/09\/logo-dicken.gif?fit=82%2C115&ssl=1","contentUrl":"https:\/\/i0.wp.com\/aktialiiga.fi\/miehet\/wp-content\/uploads\/sites\/5\/2011\/09\/logo-dicken.gif?fit=82%2C115&ssl=1","width":82,"height":115,"caption":"Dicken, Helsinki"},{"@type":"BreadcrumbList","@id":"https:\/\/aktialiiga.fi\/miehet\/2012-2013\/ottelut-2012-2013\/akilleksesta-ei-ollut-yllattamaan-dickenia\/#breadcrumb","itemListElement":[{"@type":"ListItem","position":1,"name":"Etusivu","item":"https:\/\/aktialiiga.fi\/miehet\/"},{"@type":"ListItem","position":2,"name":"Akilleksesta ei ollut yll\u00e4tt\u00e4m\u00e4\u00e4n Dickeni\u00e4"}]},{"@type":"WebSite","@id":"https:\/\/aktialiiga.fi\/miehet\/#website","url":"https:\/\/aktialiiga.fi\/miehet\/","name":"K\u00e4sipallon miesten Aktialiiga","description":"Valtakunnan vauhdikkainta palloilua!","publisher":{"@id":"https:\/\/aktialiiga.fi\/miehet\/#organization"},"potentialAction":[{"@type":"SearchAction","target":{"@type":"EntryPoint","urlTemplate":"https:\/\/aktialiiga.fi\/miehet\/?s={search_term_string}"},"query-input":{"@type":"PropertyValueSpecification","valueRequired":true,"valueName":"search_term_string"}}],"inLanguage":"fi"},{"@type":"Organization","@id":"https:\/\/aktialiiga.fi\/miehet\/#organization","name":"K\u00e4sipallon miesten Aktialiiga","url":"https:\/\/aktialiiga.fi\/miehet\/","logo":{"@type":"ImageObject","inLanguage":"fi","@id":"https:\/\/aktialiiga.fi\/miehet\/#\/schema\/logo\/image\/","url":"https:\/\/i0.wp.com\/aktialiiga.fi\/miehet\/wp-content\/uploads\/sites\/5\/2024\/09\/Aktialiiga-Yoast-512.png?fit=512%2C512&ssl=1","contentUrl":"https:\/\/i0.wp.com\/aktialiiga.fi\/miehet\/wp-content\/uploads\/sites\/5\/2024\/09\/Aktialiiga-Yoast-512.png?fit=512%2C512&ssl=1","width":512,"height":512,"caption":"K\u00e4sipallon miesten Aktialiiga"},"image":{"@id":"https:\/\/aktialiiga.fi\/miehet\/#\/schema\/logo\/image\/"},"sameAs":["https:\/\/www.facebook.com\/finnhandball","https:\/\/x.com\/finnhandball","https:\/\/www.instagram.com\/handballfinland\/"]},{"@type":"Person","@id":"https:\/\/aktialiiga.fi\/miehet\/#\/schema\/person\/c14bf42f47041db74603c45afcb18d87","name":"tbrmedia","image":{"@type":"ImageObject","inLanguage":"fi","@id":"https:\/\/secure.gravatar.com\/avatar\/ee975fa091fe581d12b60debb3439022686618368a7c142044c56724d4666b16?s=96&d=mm&r=g","url":"https:\/\/secure.gravatar.com\/avatar\/ee975fa091fe581d12b60debb3439022686618368a7c142044c56724d4666b16?s=96&d=mm&r=g","contentUrl":"https:\/\/secure.gravatar.com\/avatar\/ee975fa091fe581d12b60debb3439022686618368a7c142044c56724d4666b16?s=96&d=mm&r=g","caption":"tbrmedia"}}]}},"jetpack_featured_media_url":"https:\/\/i0.wp.com\/aktialiiga.fi\/miehet\/wp-content\/uploads\/sites\/5\/2011\/09\/logo-dicken.gif?fit=82%2C115&ssl=1","jetpack_sharing_enabled":true,"jetpack_shortlink":"https:\/\/wp.me\/pfTxOr-19S","_links":{"self":[{"href":"https:\/\/aktialiiga.fi\/miehet\/wp-json\/wp\/v2\/posts\/4456","targetHints":{"allow":["GET"]}}],"collection":[{"href":"https:\/\/aktialiiga.fi\/miehet\/wp-json\/wp\/v2\/posts"}],"about":[{"href":"https:\/\/aktialiiga.fi\/miehet\/wp-json\/wp\/v2\/types\/post"}],"author":[{"embeddable":true,"href":"https:\/\/aktialiiga.fi\/miehet\/wp-json\/wp\/v2\/users\/13"}],"replies":[{"embeddable":true,"href":"https:\/\/aktialiiga.fi\/miehet\/wp-json\/wp\/v2\/comments?post=4456"}],"version-history":[{"count":0,"href":"https:\/\/aktialiiga.fi\/miehet\/wp-json\/wp\/v2\/posts\/4456\/revisions"}],"wp:featuredmedia":[{"embeddable":true,"href":"https:\/\/aktialiiga.fi\/miehet\/wp-json\/wp\/v2\/media\/196"}],"wp:attachment":[{"href":"https:\/\/aktialiiga.fi\/miehet\/wp-json\/wp\/v2\/media?parent=4456"}],"wp:term":[{"taxonomy":"category","embeddable":true,"href":"https:\/\/aktialiiga.fi\/miehet\/wp-json\/wp\/v2\/categories?post=4456"},{"taxonomy":"post_tag","embeddable":true,"href":"https:\/\/aktialiiga.fi\/miehet\/wp-json\/wp\/v2\/tags?post=4456"}],"curies":[{"name":"wp","href":"https:\/\/api.w.org\/{rel}","templated":true}]}}