{"id":44695,"date":"2023-10-04T20:51:26","date_gmt":"2023-10-04T17:51:26","guid":{"rendered":"https:\/\/aktialiiga.fi\/miehet\/?p=44695"},"modified":"2023-10-04T21:17:27","modified_gmt":"2023-10-04T18:17:27","slug":"aifk-ja-sif-jakoivat-pisteet","status":"publish","type":"post","link":"https:\/\/aktialiiga.fi\/miehet\/2023-2024\/ottelut-2023-24\/aifk-ja-sif-jakoivat-pisteet\/","title":{"rendered":"\u00c5IFK ja SIF jakoivat pisteet"},"content":{"rendered":"<p>\u00c4IFK otti kauden avauspisteens\u00e4 ja SIF puolestaan k\u00e4rsi ensimm\u00e4isen pistemenetyksens\u00e4 joukkueitten kohtaamisessa keskiviikkona.<\/p>\n<p>Tasaista ottelua saattoi ennakoida alusta l\u00e4htien. Tilanne pysyi hyvin tiukkana l\u00e4pi avausjakson, eik\u00e4 kumpikaan miss\u00e4\u00e4n vaiheessa saanut rep\u00e4isty\u00e4 kahta maalia suurempaa eroa. Kuvaavasti my\u00f6s tauolle l\u00e4hdettiin tasalukemissa.<\/p>\n<p>Toisen jakson alku mentiin is\u00e4ntien merkeiss\u00e4, mutta sen j\u00e4lkeen SIF sai otteen ja karkasi jo nelj\u00e4n maalin johtoon. Vierasjohto oli nelj\u00e4ss\u00e4 maalissa viel\u00e4 vajaa seitsem\u00e4n minuuttia ennen loppua, mutta \u00c5IFK tuli lopun vahvasti ja nousi viime sekunneilla pistejakoon.<\/p>\n<p>Pienen\u00e4 kuriositeettina voi huomioida, ett\u00e4 maalilukemat olivat kummallakin jaksolla t\u00e4ysin identtiset.<\/p>\n<p>\u00c5IFK:n p\u00e4\u00e4valmentaja Aku Kuusisto ylisti joukkueensa venymist\u00e4 pisteeseen ja antoi erityistunnustuksen kannattajille.<\/p>\n<p>&#8211; Valtava taistelu n\u00e4in nuorella joukkueella: Nelj\u00e4n maalin takaa tullaan viel\u00e4 tasoihin. Ja sitten t\u00e4m\u00e4 kotiyleis\u00f6, t\u00e4\u00e4ll\u00e4 on viimeksi Piffeni\u00e4 vastaan ollut n\u00e4in hieno meininki. T\u00e4m\u00e4 on valtava taistelupinna koko joukkueelta, tuntuu niin oikealta meille ja niin t\u00e4rke\u00e4lt\u00e4, Kuusisto hehkutti.<\/p>\n<p>SIF-luotsi Jan Hagmania j\u00e4i kaivelemaan jo miltei varmalta n\u00e4ytt\u00e4neen voiton karkaaminen k\u00e4sist\u00e4.<\/p>\n<p>&#8211; Meill\u00e4 oli t\u00e4m\u00e4 ottelu taskussa, mutta olisi pit\u00e4nyt my\u00f6s sulkea vetoketju. \u00c5bo taisteli ja otti meilt\u00e4 pisteen. Lopussa olisi pit\u00e4nyt olla enemm\u00e4n j\u00e4it\u00e4 hatussa. Piste on kuitenkin piste ja se on parempi kuin ei mit\u00e4\u00e4n, Hagman ynn\u00e4ili.<\/p>\n<p>Ottelun parhaan pelaajan tittelin kuitannut SIF:n Anton Luuppala jakoi tunnustusta kotijoukkueelle.<\/p>\n<p>-. Kaikki kunnia \u00c5bolle. He olisivat melkein ansainneet molemmat pisteet. He pelasivat luovaa ja selke\u00e4\u00e4 hy\u00f6kk\u00e4yspeli\u00e4 ja olimme askeleen j\u00e4ljess\u00e4 koko ottelun ajan, Luuppala sanaili.<\/p>\n<p><strong>\u00c5IFK \u2013 SIF 32-32 (16-16)<\/strong><\/p>\n<p><strong>Maalintekij\u00e4t<\/strong>: maalit (7m maalit)<br \/>\n\u00c5IFK: Martin Gristsuk 7, William Sj\u00f6holm 6 (3), Nils Viljanen 5, Wilhelm Hammarberg 4 (2), Liam Ranta-aho 3, Rasmus Norstr\u00f6m 2, Cajus Maskula 2, Eero Virtanen 1, William Malkam\u00e4ki 1, Aymen Ben Loucif 1<br \/>\nSIF: Artur Morgenson 8, Anton Luuppala 8, Niki Tuominen 6, Dmytro Turchenko 4 (3), Jooa Knaapinen 4, Christoffer Thor 1, Liam Hagman 1<\/p>\n<p><strong>T\u00e4htipelaajat<\/strong><br \/>\nAnton Luuppala SIF 3<br \/>\nMartin Gristsuk \u00c5IFK 2<br \/>\nArtur Morgenson SIF 2<\/p>\n<p><strong>2 min ulosajot sek\u00e4 pelist\u00e4 sulkemiset<\/strong><br \/>\n\u00c5IFK: Aymen Ben Loucif 1 x 2 min, Wilhelm Hammarberg 1 x 2 min, William Malkam\u00e4ki 1 x 2 min<br \/>\nSIF: Artur Morgenson 1 x 2 min, Axel Sj\u00f6stedt 2 x 2 min, Dmytro Turchenko 1 x 2 min, Jooa Knaapinen 1 x 2 min, Liam Hagman 1 x 2 min<\/p>\n<p><em>Erotuomarit<\/em>: Niko Tillan &#8211; Magnus Roth<\/p>\n<p><em>Yleis\u00f6\u00e4<\/em>: 108<\/p>\n","protected":false},"excerpt":{"rendered":"<p>\u00c4IFK otti kauden avauspisteens\u00e4 ja SIF puolestaan k\u00e4rsi ensimm\u00e4isen pistemenetyksens\u00e4 joukkueitten kohtaamisessa keskiviikkona. Tasaista ottelua saattoi ennakoida alusta l\u00e4htien. Tilanne pysyi hyvin tiukkana l\u00e4pi avausjakson, eik\u00e4 kumpikaan miss\u00e4\u00e4n vaiheessa saanut rep\u00e4isty\u00e4 kahta maalia suurempaa eroa. Kuvaavasti my\u00f6s tauolle l\u00e4hdettiin tasalukemissa. Toisen jakson alku mentiin is\u00e4ntien merkeiss\u00e4, mutta sen j\u00e4lkeen SIF sai otteen ja karkasi jo [&hellip;]<\/p>\n","protected":false},"author":13,"featured_media":43704,"comment_status":"closed","ping_status":"closed","sticky":false,"template":"","format":"standard","meta":{"_acf_changed":false,"jetpack_post_was_ever_published":false,"_jetpack_newsletter_access":"","_jetpack_dont_email_post_to_subs":false,"_jetpack_newsletter_tier_id":0,"_jetpack_memberships_contains_paywalled_content":false,"_jetpack_memberships_contains_paid_content":false,"footnotes":""},"categories":[303],"tags":[50,111],"class_list":["post-44695","post","type-post","status-publish","format-standard","has-post-thumbnail","hentry","category-ottelut-2023-24","tag-aifk","tag-sif"],"acf":[],"yoast_head":"<!-- This site is optimized with the Yoast SEO plugin v27.5 - https:\/\/yoast.com\/product\/yoast-seo-wordpress\/ -->\n<title>\u00c5IFK ja SIF jakoivat pisteet | K\u00e4sipallon miesten Aktialiiga<\/title>\n<meta name=\"robots\" content=\"index, follow, max-snippet:-1, max-image-preview:large, max-video-preview:-1\" \/>\n<link rel=\"canonical\" href=\"https:\/\/aktialiiga.fi\/miehet\/2023-2024\/ottelut-2023-24\/aifk-ja-sif-jakoivat-pisteet\/\" \/>\n<meta property=\"og:locale\" content=\"fi_FI\" \/>\n<meta property=\"og:type\" content=\"article\" \/>\n<meta property=\"og:title\" content=\"\u00c5IFK ja SIF jakoivat pisteet | K\u00e4sipallon miesten Aktialiiga\" \/>\n<meta property=\"og:description\" content=\"\u00c4IFK otti kauden avauspisteens\u00e4 ja SIF puolestaan k\u00e4rsi ensimm\u00e4isen pistemenetyksens\u00e4 joukkueitten kohtaamisessa keskiviikkona. Tasaista ottelua saattoi ennakoida alusta l\u00e4htien. Tilanne pysyi hyvin tiukkana l\u00e4pi avausjakson, eik\u00e4 kumpikaan miss\u00e4\u00e4n vaiheessa saanut rep\u00e4isty\u00e4 kahta maalia suurempaa eroa. Kuvaavasti my\u00f6s tauolle l\u00e4hdettiin tasalukemissa. Toisen jakson alku mentiin is\u00e4ntien merkeiss\u00e4, mutta sen j\u00e4lkeen SIF sai otteen ja karkasi jo [&hellip;]\" \/>\n<meta property=\"og:url\" content=\"https:\/\/aktialiiga.fi\/miehet\/2023-2024\/ottelut-2023-24\/aifk-ja-sif-jakoivat-pisteet\/\" \/>\n<meta property=\"og:site_name\" content=\"K\u00e4sipallon miesten Aktialiiga\" \/>\n<meta property=\"article:publisher\" content=\"https:\/\/www.facebook.com\/finnhandball\" \/>\n<meta property=\"article:published_time\" content=\"2023-10-04T17:51:26+00:00\" \/>\n<meta property=\"article:modified_time\" content=\"2023-10-04T18:17:27+00:00\" \/>\n<meta property=\"og:image\" content=\"https:\/\/i0.wp.com\/aktialiiga.fi\/miehet\/wp-content\/uploads\/sites\/5\/2023\/09\/Samppalinna-sisa.jpg?fit=600%2C450&ssl=1\" \/>\n\t<meta property=\"og:image:width\" content=\"600\" \/>\n\t<meta property=\"og:image:height\" content=\"450\" \/>\n\t<meta property=\"og:image:type\" content=\"image\/jpeg\" \/>\n<meta name=\"author\" content=\"tbrmedia\" \/>\n<meta name=\"twitter:card\" content=\"summary_large_image\" \/>\n<meta name=\"twitter:creator\" content=\"@finnhandball\" \/>\n<meta name=\"twitter:site\" content=\"@finnhandball\" \/>\n<script type=\"application\/ld+json\" class=\"yoast-schema-graph\">{\"@context\":\"https:\\\/\\\/schema.org\",\"@graph\":[{\"@type\":\"Article\",\"@id\":\"https:\\\/\\\/aktialiiga.fi\\\/miehet\\\/2023-2024\\\/ottelut-2023-24\\\/aifk-ja-sif-jakoivat-pisteet\\\/#article\",\"isPartOf\":{\"@id\":\"https:\\\/\\\/aktialiiga.fi\\\/miehet\\\/2023-2024\\\/ottelut-2023-24\\\/aifk-ja-sif-jakoivat-pisteet\\\/\"},\"author\":{\"name\":\"tbrmedia\",\"@id\":\"https:\\\/\\\/aktialiiga.fi\\\/miehet\\\/#\\\/schema\\\/person\\\/c14bf42f47041db74603c45afcb18d87\"},\"headline\":\"\u00c5IFK ja SIF jakoivat pisteet\",\"datePublished\":\"2023-10-04T17:51:26+00:00\",\"dateModified\":\"2023-10-04T18:17:27+00:00\",\"mainEntityOfPage\":{\"@id\":\"https:\\\/\\\/aktialiiga.fi\\\/miehet\\\/2023-2024\\\/ottelut-2023-24\\\/aifk-ja-sif-jakoivat-pisteet\\\/\"},\"wordCount\":381,\"publisher\":{\"@id\":\"https:\\\/\\\/aktialiiga.fi\\\/miehet\\\/#organization\"},\"image\":{\"@id\":\"https:\\\/\\\/aktialiiga.fi\\\/miehet\\\/2023-2024\\\/ottelut-2023-24\\\/aifk-ja-sif-jakoivat-pisteet\\\/#primaryimage\"},\"thumbnailUrl\":\"https:\\\/\\\/i0.wp.com\\\/aktialiiga.fi\\\/miehet\\\/wp-content\\\/uploads\\\/sites\\\/5\\\/2023\\\/09\\\/Samppalinna-sisa.jpg?fit=600%2C450&ssl=1\",\"keywords\":[\"\u00c5IFK\",\"SIF\"],\"articleSection\":[\"Ottelut\"],\"inLanguage\":\"fi\"},{\"@type\":\"WebPage\",\"@id\":\"https:\\\/\\\/aktialiiga.fi\\\/miehet\\\/2023-2024\\\/ottelut-2023-24\\\/aifk-ja-sif-jakoivat-pisteet\\\/\",\"url\":\"https:\\\/\\\/aktialiiga.fi\\\/miehet\\\/2023-2024\\\/ottelut-2023-24\\\/aifk-ja-sif-jakoivat-pisteet\\\/\",\"name\":\"\u00c5IFK ja SIF jakoivat pisteet | K\u00e4sipallon miesten Aktialiiga\",\"isPartOf\":{\"@id\":\"https:\\\/\\\/aktialiiga.fi\\\/miehet\\\/#website\"},\"primaryImageOfPage\":{\"@id\":\"https:\\\/\\\/aktialiiga.fi\\\/miehet\\\/2023-2024\\\/ottelut-2023-24\\\/aifk-ja-sif-jakoivat-pisteet\\\/#primaryimage\"},\"image\":{\"@id\":\"https:\\\/\\\/aktialiiga.fi\\\/miehet\\\/2023-2024\\\/ottelut-2023-24\\\/aifk-ja-sif-jakoivat-pisteet\\\/#primaryimage\"},\"thumbnailUrl\":\"https:\\\/\\\/i0.wp.com\\\/aktialiiga.fi\\\/miehet\\\/wp-content\\\/uploads\\\/sites\\\/5\\\/2023\\\/09\\\/Samppalinna-sisa.jpg?fit=600%2C450&ssl=1\",\"datePublished\":\"2023-10-04T17:51:26+00:00\",\"dateModified\":\"2023-10-04T18:17:27+00:00\",\"breadcrumb\":{\"@id\":\"https:\\\/\\\/aktialiiga.fi\\\/miehet\\\/2023-2024\\\/ottelut-2023-24\\\/aifk-ja-sif-jakoivat-pisteet\\\/#breadcrumb\"},\"inLanguage\":\"fi\",\"potentialAction\":[{\"@type\":\"ReadAction\",\"target\":[\"https:\\\/\\\/aktialiiga.fi\\\/miehet\\\/2023-2024\\\/ottelut-2023-24\\\/aifk-ja-sif-jakoivat-pisteet\\\/\"]}]},{\"@type\":\"ImageObject\",\"inLanguage\":\"fi\",\"@id\":\"https:\\\/\\\/aktialiiga.fi\\\/miehet\\\/2023-2024\\\/ottelut-2023-24\\\/aifk-ja-sif-jakoivat-pisteet\\\/#primaryimage\",\"url\":\"https:\\\/\\\/i0.wp.com\\\/aktialiiga.fi\\\/miehet\\\/wp-content\\\/uploads\\\/sites\\\/5\\\/2023\\\/09\\\/Samppalinna-sisa.jpg?fit=600%2C450&ssl=1\",\"contentUrl\":\"https:\\\/\\\/i0.wp.com\\\/aktialiiga.fi\\\/miehet\\\/wp-content\\\/uploads\\\/sites\\\/5\\\/2023\\\/09\\\/Samppalinna-sisa.jpg?fit=600%2C450&ssl=1\",\"width\":600,\"height\":450},{\"@type\":\"BreadcrumbList\",\"@id\":\"https:\\\/\\\/aktialiiga.fi\\\/miehet\\\/2023-2024\\\/ottelut-2023-24\\\/aifk-ja-sif-jakoivat-pisteet\\\/#breadcrumb\",\"itemListElement\":[{\"@type\":\"ListItem\",\"position\":1,\"name\":\"Etusivu\",\"item\":\"https:\\\/\\\/aktialiiga.fi\\\/miehet\\\/\"},{\"@type\":\"ListItem\",\"position\":2,\"name\":\"\u00c5IFK ja SIF jakoivat pisteet\"}]},{\"@type\":\"WebSite\",\"@id\":\"https:\\\/\\\/aktialiiga.fi\\\/miehet\\\/#website\",\"url\":\"https:\\\/\\\/aktialiiga.fi\\\/miehet\\\/\",\"name\":\"K\u00e4sipallon miesten Aktialiiga\",\"description\":\"Valtakunnan vauhdikkainta palloilua!\",\"publisher\":{\"@id\":\"https:\\\/\\\/aktialiiga.fi\\\/miehet\\\/#organization\"},\"potentialAction\":[{\"@type\":\"SearchAction\",\"target\":{\"@type\":\"EntryPoint\",\"urlTemplate\":\"https:\\\/\\\/aktialiiga.fi\\\/miehet\\\/?s={search_term_string}\"},\"query-input\":{\"@type\":\"PropertyValueSpecification\",\"valueRequired\":true,\"valueName\":\"search_term_string\"}}],\"inLanguage\":\"fi\"},{\"@type\":\"Organization\",\"@id\":\"https:\\\/\\\/aktialiiga.fi\\\/miehet\\\/#organization\",\"name\":\"K\u00e4sipallon miesten Aktialiiga\",\"url\":\"https:\\\/\\\/aktialiiga.fi\\\/miehet\\\/\",\"logo\":{\"@type\":\"ImageObject\",\"inLanguage\":\"fi\",\"@id\":\"https:\\\/\\\/aktialiiga.fi\\\/miehet\\\/#\\\/schema\\\/logo\\\/image\\\/\",\"url\":\"https:\\\/\\\/i0.wp.com\\\/aktialiiga.fi\\\/miehet\\\/wp-content\\\/uploads\\\/sites\\\/5\\\/2024\\\/09\\\/Aktialiiga-Yoast-512.png?fit=512%2C512&ssl=1\",\"contentUrl\":\"https:\\\/\\\/i0.wp.com\\\/aktialiiga.fi\\\/miehet\\\/wp-content\\\/uploads\\\/sites\\\/5\\\/2024\\\/09\\\/Aktialiiga-Yoast-512.png?fit=512%2C512&ssl=1\",\"width\":512,\"height\":512,\"caption\":\"K\u00e4sipallon miesten Aktialiiga\"},\"image\":{\"@id\":\"https:\\\/\\\/aktialiiga.fi\\\/miehet\\\/#\\\/schema\\\/logo\\\/image\\\/\"},\"sameAs\":[\"https:\\\/\\\/www.facebook.com\\\/finnhandball\",\"https:\\\/\\\/x.com\\\/finnhandball\",\"https:\\\/\\\/www.instagram.com\\\/handballfinland\\\/\"]},{\"@type\":\"Person\",\"@id\":\"https:\\\/\\\/aktialiiga.fi\\\/miehet\\\/#\\\/schema\\\/person\\\/c14bf42f47041db74603c45afcb18d87\",\"name\":\"tbrmedia\",\"image\":{\"@type\":\"ImageObject\",\"inLanguage\":\"fi\",\"@id\":\"https:\\\/\\\/secure.gravatar.com\\\/avatar\\\/ee975fa091fe581d12b60debb3439022686618368a7c142044c56724d4666b16?s=96&d=mm&r=g\",\"url\":\"https:\\\/\\\/secure.gravatar.com\\\/avatar\\\/ee975fa091fe581d12b60debb3439022686618368a7c142044c56724d4666b16?s=96&d=mm&r=g\",\"contentUrl\":\"https:\\\/\\\/secure.gravatar.com\\\/avatar\\\/ee975fa091fe581d12b60debb3439022686618368a7c142044c56724d4666b16?s=96&d=mm&r=g\",\"caption\":\"tbrmedia\"}}]}<\/script>\n<!-- \/ Yoast SEO plugin. -->","yoast_head_json":{"title":"\u00c5IFK ja SIF jakoivat pisteet | K\u00e4sipallon miesten Aktialiiga","robots":{"index":"index","follow":"follow","max-snippet":"max-snippet:-1","max-image-preview":"max-image-preview:large","max-video-preview":"max-video-preview:-1"},"canonical":"https:\/\/aktialiiga.fi\/miehet\/2023-2024\/ottelut-2023-24\/aifk-ja-sif-jakoivat-pisteet\/","og_locale":"fi_FI","og_type":"article","og_title":"\u00c5IFK ja SIF jakoivat pisteet | K\u00e4sipallon miesten Aktialiiga","og_description":"\u00c4IFK otti kauden avauspisteens\u00e4 ja SIF puolestaan k\u00e4rsi ensimm\u00e4isen pistemenetyksens\u00e4 joukkueitten kohtaamisessa keskiviikkona. Tasaista ottelua saattoi ennakoida alusta l\u00e4htien. Tilanne pysyi hyvin tiukkana l\u00e4pi avausjakson, eik\u00e4 kumpikaan miss\u00e4\u00e4n vaiheessa saanut rep\u00e4isty\u00e4 kahta maalia suurempaa eroa. Kuvaavasti my\u00f6s tauolle l\u00e4hdettiin tasalukemissa. Toisen jakson alku mentiin is\u00e4ntien merkeiss\u00e4, mutta sen j\u00e4lkeen SIF sai otteen ja karkasi jo [&hellip;]","og_url":"https:\/\/aktialiiga.fi\/miehet\/2023-2024\/ottelut-2023-24\/aifk-ja-sif-jakoivat-pisteet\/","og_site_name":"K\u00e4sipallon miesten Aktialiiga","article_publisher":"https:\/\/www.facebook.com\/finnhandball","article_published_time":"2023-10-04T17:51:26+00:00","article_modified_time":"2023-10-04T18:17:27+00:00","og_image":[{"width":600,"height":450,"url":"https:\/\/i0.wp.com\/aktialiiga.fi\/miehet\/wp-content\/uploads\/sites\/5\/2023\/09\/Samppalinna-sisa.jpg?fit=600%2C450&ssl=1","type":"image\/jpeg"}],"author":"tbrmedia","twitter_card":"summary_large_image","twitter_creator":"@finnhandball","twitter_site":"@finnhandball","schema":{"@context":"https:\/\/schema.org","@graph":[{"@type":"Article","@id":"https:\/\/aktialiiga.fi\/miehet\/2023-2024\/ottelut-2023-24\/aifk-ja-sif-jakoivat-pisteet\/#article","isPartOf":{"@id":"https:\/\/aktialiiga.fi\/miehet\/2023-2024\/ottelut-2023-24\/aifk-ja-sif-jakoivat-pisteet\/"},"author":{"name":"tbrmedia","@id":"https:\/\/aktialiiga.fi\/miehet\/#\/schema\/person\/c14bf42f47041db74603c45afcb18d87"},"headline":"\u00c5IFK ja SIF jakoivat pisteet","datePublished":"2023-10-04T17:51:26+00:00","dateModified":"2023-10-04T18:17:27+00:00","mainEntityOfPage":{"@id":"https:\/\/aktialiiga.fi\/miehet\/2023-2024\/ottelut-2023-24\/aifk-ja-sif-jakoivat-pisteet\/"},"wordCount":381,"publisher":{"@id":"https:\/\/aktialiiga.fi\/miehet\/#organization"},"image":{"@id":"https:\/\/aktialiiga.fi\/miehet\/2023-2024\/ottelut-2023-24\/aifk-ja-sif-jakoivat-pisteet\/#primaryimage"},"thumbnailUrl":"https:\/\/i0.wp.com\/aktialiiga.fi\/miehet\/wp-content\/uploads\/sites\/5\/2023\/09\/Samppalinna-sisa.jpg?fit=600%2C450&ssl=1","keywords":["\u00c5IFK","SIF"],"articleSection":["Ottelut"],"inLanguage":"fi"},{"@type":"WebPage","@id":"https:\/\/aktialiiga.fi\/miehet\/2023-2024\/ottelut-2023-24\/aifk-ja-sif-jakoivat-pisteet\/","url":"https:\/\/aktialiiga.fi\/miehet\/2023-2024\/ottelut-2023-24\/aifk-ja-sif-jakoivat-pisteet\/","name":"\u00c5IFK ja SIF jakoivat pisteet | K\u00e4sipallon miesten Aktialiiga","isPartOf":{"@id":"https:\/\/aktialiiga.fi\/miehet\/#website"},"primaryImageOfPage":{"@id":"https:\/\/aktialiiga.fi\/miehet\/2023-2024\/ottelut-2023-24\/aifk-ja-sif-jakoivat-pisteet\/#primaryimage"},"image":{"@id":"https:\/\/aktialiiga.fi\/miehet\/2023-2024\/ottelut-2023-24\/aifk-ja-sif-jakoivat-pisteet\/#primaryimage"},"thumbnailUrl":"https:\/\/i0.wp.com\/aktialiiga.fi\/miehet\/wp-content\/uploads\/sites\/5\/2023\/09\/Samppalinna-sisa.jpg?fit=600%2C450&ssl=1","datePublished":"2023-10-04T17:51:26+00:00","dateModified":"2023-10-04T18:17:27+00:00","breadcrumb":{"@id":"https:\/\/aktialiiga.fi\/miehet\/2023-2024\/ottelut-2023-24\/aifk-ja-sif-jakoivat-pisteet\/#breadcrumb"},"inLanguage":"fi","potentialAction":[{"@type":"ReadAction","target":["https:\/\/aktialiiga.fi\/miehet\/2023-2024\/ottelut-2023-24\/aifk-ja-sif-jakoivat-pisteet\/"]}]},{"@type":"ImageObject","inLanguage":"fi","@id":"https:\/\/aktialiiga.fi\/miehet\/2023-2024\/ottelut-2023-24\/aifk-ja-sif-jakoivat-pisteet\/#primaryimage","url":"https:\/\/i0.wp.com\/aktialiiga.fi\/miehet\/wp-content\/uploads\/sites\/5\/2023\/09\/Samppalinna-sisa.jpg?fit=600%2C450&ssl=1","contentUrl":"https:\/\/i0.wp.com\/aktialiiga.fi\/miehet\/wp-content\/uploads\/sites\/5\/2023\/09\/Samppalinna-sisa.jpg?fit=600%2C450&ssl=1","width":600,"height":450},{"@type":"BreadcrumbList","@id":"https:\/\/aktialiiga.fi\/miehet\/2023-2024\/ottelut-2023-24\/aifk-ja-sif-jakoivat-pisteet\/#breadcrumb","itemListElement":[{"@type":"ListItem","position":1,"name":"Etusivu","item":"https:\/\/aktialiiga.fi\/miehet\/"},{"@type":"ListItem","position":2,"name":"\u00c5IFK ja SIF jakoivat pisteet"}]},{"@type":"WebSite","@id":"https:\/\/aktialiiga.fi\/miehet\/#website","url":"https:\/\/aktialiiga.fi\/miehet\/","name":"K\u00e4sipallon miesten Aktialiiga","description":"Valtakunnan vauhdikkainta palloilua!","publisher":{"@id":"https:\/\/aktialiiga.fi\/miehet\/#organization"},"potentialAction":[{"@type":"SearchAction","target":{"@type":"EntryPoint","urlTemplate":"https:\/\/aktialiiga.fi\/miehet\/?s={search_term_string}"},"query-input":{"@type":"PropertyValueSpecification","valueRequired":true,"valueName":"search_term_string"}}],"inLanguage":"fi"},{"@type":"Organization","@id":"https:\/\/aktialiiga.fi\/miehet\/#organization","name":"K\u00e4sipallon miesten Aktialiiga","url":"https:\/\/aktialiiga.fi\/miehet\/","logo":{"@type":"ImageObject","inLanguage":"fi","@id":"https:\/\/aktialiiga.fi\/miehet\/#\/schema\/logo\/image\/","url":"https:\/\/i0.wp.com\/aktialiiga.fi\/miehet\/wp-content\/uploads\/sites\/5\/2024\/09\/Aktialiiga-Yoast-512.png?fit=512%2C512&ssl=1","contentUrl":"https:\/\/i0.wp.com\/aktialiiga.fi\/miehet\/wp-content\/uploads\/sites\/5\/2024\/09\/Aktialiiga-Yoast-512.png?fit=512%2C512&ssl=1","width":512,"height":512,"caption":"K\u00e4sipallon miesten Aktialiiga"},"image":{"@id":"https:\/\/aktialiiga.fi\/miehet\/#\/schema\/logo\/image\/"},"sameAs":["https:\/\/www.facebook.com\/finnhandball","https:\/\/x.com\/finnhandball","https:\/\/www.instagram.com\/handballfinland\/"]},{"@type":"Person","@id":"https:\/\/aktialiiga.fi\/miehet\/#\/schema\/person\/c14bf42f47041db74603c45afcb18d87","name":"tbrmedia","image":{"@type":"ImageObject","inLanguage":"fi","@id":"https:\/\/secure.gravatar.com\/avatar\/ee975fa091fe581d12b60debb3439022686618368a7c142044c56724d4666b16?s=96&d=mm&r=g","url":"https:\/\/secure.gravatar.com\/avatar\/ee975fa091fe581d12b60debb3439022686618368a7c142044c56724d4666b16?s=96&d=mm&r=g","contentUrl":"https:\/\/secure.gravatar.com\/avatar\/ee975fa091fe581d12b60debb3439022686618368a7c142044c56724d4666b16?s=96&d=mm&r=g","caption":"tbrmedia"}}]}},"jetpack_featured_media_url":"https:\/\/i0.wp.com\/aktialiiga.fi\/miehet\/wp-content\/uploads\/sites\/5\/2023\/09\/Samppalinna-sisa.jpg?fit=600%2C450&ssl=1","jetpack_sharing_enabled":true,"jetpack_shortlink":"https:\/\/wp.me\/pfTxOr-bCT","_links":{"self":[{"href":"https:\/\/aktialiiga.fi\/miehet\/wp-json\/wp\/v2\/posts\/44695","targetHints":{"allow":["GET"]}}],"collection":[{"href":"https:\/\/aktialiiga.fi\/miehet\/wp-json\/wp\/v2\/posts"}],"about":[{"href":"https:\/\/aktialiiga.fi\/miehet\/wp-json\/wp\/v2\/types\/post"}],"author":[{"embeddable":true,"href":"https:\/\/aktialiiga.fi\/miehet\/wp-json\/wp\/v2\/users\/13"}],"replies":[{"embeddable":true,"href":"https:\/\/aktialiiga.fi\/miehet\/wp-json\/wp\/v2\/comments?post=44695"}],"version-history":[{"count":0,"href":"https:\/\/aktialiiga.fi\/miehet\/wp-json\/wp\/v2\/posts\/44695\/revisions"}],"wp:featuredmedia":[{"embeddable":true,"href":"https:\/\/aktialiiga.fi\/miehet\/wp-json\/wp\/v2\/media\/43704"}],"wp:attachment":[{"href":"https:\/\/aktialiiga.fi\/miehet\/wp-json\/wp\/v2\/media?parent=44695"}],"wp:term":[{"taxonomy":"category","embeddable":true,"href":"https:\/\/aktialiiga.fi\/miehet\/wp-json\/wp\/v2\/categories?post=44695"},{"taxonomy":"post_tag","embeddable":true,"href":"https:\/\/aktialiiga.fi\/miehet\/wp-json\/wp\/v2\/tags?post=44695"}],"curies":[{"name":"wp","href":"https:\/\/api.w.org\/{rel}","templated":true}]}}