{"id":44825,"date":"2023-10-13T13:17:46","date_gmt":"2023-10-13T10:17:46","guid":{"rendered":"https:\/\/aktialiiga.fi\/miehet\/?p=44825"},"modified":"2023-10-13T15:05:49","modified_gmt":"2023-10-13T12:05:49","slug":"cocksin-eurocup-avaus-edessa-lauantaina","status":"publish","type":"post","link":"https:\/\/aktialiiga.fi\/miehet\/ajankohtaista\/cocksin-eurocup-avaus-edessa-lauantaina\/","title":{"rendered":"Cocksin eurocup-avaus edess\u00e4 lauantaina"},"content":{"rendered":"<p>Cocks aloittaa EHF European Cupin osaltaan lauantaina, kun Riihim\u00e4elle saapuu vieraaksi 2. kierroksen avausosaan sveitsil\u00e4inen BSV Bern. Ottelu alkaa klo 16.00.<\/p>\n<p>Cocks pelasi edellisen ottelunsa viikko sitten ja k\u00e4rsi kauden ensimm\u00e4isen tappionsa GrIFK:n viety\u00e4 pisteet matkaansa Cocks Areenalta kahden maalin erolla. My\u00f6s Bernill\u00e4 on alla niukka tappio, kun joukkue taipui Sveitsin liigan ottelussa keskiviikkona Wacker Thunin vieraana maalein 29-28.<\/p>\n<p>Bern on ehtinyt syksyll\u00e4 pelata jo kymmenen ottelua Sveitsin liigaa ja niist\u00e4 on kirjattu viisi voittoa ja viisi tappiota. Cocks puolestaan on viidest\u00e4 pelaamastaan SM-liigan ottelusta voittanut kaikki GrIFK-tappiota lukuun ottamatta.<\/p>\n<p>Joukkueet kohtaavat toistamiseen sunnuntaina 22.10. G\u00fcmligeniss\u00e4 Sveitsiss\u00e4. Otteluparin voittaja ja 3. kierrokselle jatkava joukkue ratkaistaan kahden ottelun yhteismaalein.<\/p>\n<p>EHF European Cupissa on suomalaisjoukkueista Cocksin lis\u00e4ksi mukana viel\u00e4 BK-46, jonka oli m\u00e4\u00e4r\u00e4 aloittaa my\u00f6s toiselta kierrokselta. BK:n ja israelilaisen Holon Yuvalim HC:n v\u00e4liset ottelut oli sovittu pelattaviksi per\u00e4tt\u00e4isin\u00e4 p\u00e4ivin\u00e4 21. ja 22.10., mutta ottelut tulevat ainakin siirtym\u00e4\u00e4n Israelin tilanteen takia. Euroopan k\u00e4sipalloliitto EHF pyrkii l\u00f6yt\u00e4m\u00e4\u00e4n otteluille uudet pelip\u00e4iv\u00e4t.<\/p>\n","protected":false},"excerpt":{"rendered":"<p>Cocks aloittaa EHF European Cupin osaltaan lauantaina, kun Riihim\u00e4elle saapuu vieraaksi 2. kierroksen avausosaan sveitsil\u00e4inen BSV Bern. Ottelu alkaa klo 16.00. Cocks pelasi edellisen ottelunsa viikko sitten ja k\u00e4rsi kauden ensimm\u00e4isen tappionsa GrIFK:n viety\u00e4 pisteet matkaansa Cocks Areenalta kahden maalin erolla. My\u00f6s Bernill\u00e4 on alla niukka tappio, kun joukkue taipui Sveitsin liigan ottelussa keskiviikkona Wacker [&hellip;]<\/p>\n","protected":false},"author":13,"featured_media":44826,"comment_status":"closed","ping_status":"closed","sticky":false,"template":"","format":"standard","meta":{"_acf_changed":false,"jetpack_post_was_ever_published":false,"_jetpack_newsletter_access":"","_jetpack_dont_email_post_to_subs":false,"_jetpack_newsletter_tier_id":0,"_jetpack_memberships_contains_paywalled_content":false,"_jetpack_memberships_contains_paid_content":false,"footnotes":""},"categories":[2],"tags":[57,251],"class_list":["post-44825","post","type-post","status-publish","format-standard","has-post-thumbnail","hentry","category-ajankohtaista","tag-cocks","tag-ehf-european-cup"],"acf":[],"yoast_head":"<!-- This site is optimized with the Yoast SEO plugin v27.5 - https:\/\/yoast.com\/product\/yoast-seo-wordpress\/ -->\n<title>Cocksin eurocup-avaus edess\u00e4 lauantaina | K\u00e4sipallon miesten Aktialiiga<\/title>\n<meta name=\"robots\" content=\"index, follow, max-snippet:-1, max-image-preview:large, max-video-preview:-1\" \/>\n<link rel=\"canonical\" href=\"https:\/\/aktialiiga.fi\/miehet\/ajankohtaista\/cocksin-eurocup-avaus-edessa-lauantaina\/\" \/>\n<meta property=\"og:locale\" content=\"fi_FI\" \/>\n<meta property=\"og:type\" content=\"article\" \/>\n<meta property=\"og:title\" content=\"Cocksin eurocup-avaus edess\u00e4 lauantaina | K\u00e4sipallon miesten Aktialiiga\" \/>\n<meta property=\"og:description\" content=\"Cocks aloittaa EHF European Cupin osaltaan lauantaina, kun Riihim\u00e4elle saapuu vieraaksi 2. kierroksen avausosaan sveitsil\u00e4inen BSV Bern. Ottelu alkaa klo 16.00. Cocks pelasi edellisen ottelunsa viikko sitten ja k\u00e4rsi kauden ensimm\u00e4isen tappionsa GrIFK:n viety\u00e4 pisteet matkaansa Cocks Areenalta kahden maalin erolla. My\u00f6s Bernill\u00e4 on alla niukka tappio, kun joukkue taipui Sveitsin liigan ottelussa keskiviikkona Wacker [&hellip;]\" \/>\n<meta property=\"og:url\" content=\"https:\/\/aktialiiga.fi\/miehet\/ajankohtaista\/cocksin-eurocup-avaus-edessa-lauantaina\/\" \/>\n<meta property=\"og:site_name\" content=\"K\u00e4sipallon miesten Aktialiiga\" \/>\n<meta property=\"article:publisher\" content=\"https:\/\/www.facebook.com\/finnhandball\" \/>\n<meta property=\"article:published_time\" content=\"2023-10-13T10:17:46+00:00\" \/>\n<meta property=\"article:modified_time\" content=\"2023-10-13T12:05:49+00:00\" \/>\n<meta property=\"og:image\" content=\"https:\/\/i0.wp.com\/aktialiiga.fi\/miehet\/wp-content\/uploads\/sites\/5\/2023\/10\/Cocks_Nenita_Vitalie_2324.jpg?fit=1026%2C463&ssl=1\" \/>\n\t<meta property=\"og:image:width\" content=\"1026\" \/>\n\t<meta property=\"og:image:height\" content=\"463\" \/>\n\t<meta property=\"og:image:type\" content=\"image\/jpeg\" \/>\n<meta name=\"author\" content=\"tbrmedia\" \/>\n<meta name=\"twitter:card\" content=\"summary_large_image\" \/>\n<meta name=\"twitter:creator\" content=\"@finnhandball\" \/>\n<meta name=\"twitter:site\" content=\"@finnhandball\" \/>\n<script type=\"application\/ld+json\" class=\"yoast-schema-graph\">{\"@context\":\"https:\\\/\\\/schema.org\",\"@graph\":[{\"@type\":\"Article\",\"@id\":\"https:\\\/\\\/aktialiiga.fi\\\/miehet\\\/ajankohtaista\\\/cocksin-eurocup-avaus-edessa-lauantaina\\\/#article\",\"isPartOf\":{\"@id\":\"https:\\\/\\\/aktialiiga.fi\\\/miehet\\\/ajankohtaista\\\/cocksin-eurocup-avaus-edessa-lauantaina\\\/\"},\"author\":{\"name\":\"tbrmedia\",\"@id\":\"https:\\\/\\\/aktialiiga.fi\\\/miehet\\\/#\\\/schema\\\/person\\\/c14bf42f47041db74603c45afcb18d87\"},\"headline\":\"Cocksin eurocup-avaus edess\u00e4 lauantaina\",\"datePublished\":\"2023-10-13T10:17:46+00:00\",\"dateModified\":\"2023-10-13T12:05:49+00:00\",\"mainEntityOfPage\":{\"@id\":\"https:\\\/\\\/aktialiiga.fi\\\/miehet\\\/ajankohtaista\\\/cocksin-eurocup-avaus-edessa-lauantaina\\\/\"},\"wordCount\":178,\"publisher\":{\"@id\":\"https:\\\/\\\/aktialiiga.fi\\\/miehet\\\/#organization\"},\"image\":{\"@id\":\"https:\\\/\\\/aktialiiga.fi\\\/miehet\\\/ajankohtaista\\\/cocksin-eurocup-avaus-edessa-lauantaina\\\/#primaryimage\"},\"thumbnailUrl\":\"https:\\\/\\\/i0.wp.com\\\/aktialiiga.fi\\\/miehet\\\/wp-content\\\/uploads\\\/sites\\\/5\\\/2023\\\/10\\\/Cocks_Nenita_Vitalie_2324.jpg?fit=1026%2C463&ssl=1\",\"keywords\":[\"Cocks\",\"EHF European Cup\"],\"articleSection\":[\"Ajankohtaista\"],\"inLanguage\":\"fi\"},{\"@type\":\"WebPage\",\"@id\":\"https:\\\/\\\/aktialiiga.fi\\\/miehet\\\/ajankohtaista\\\/cocksin-eurocup-avaus-edessa-lauantaina\\\/\",\"url\":\"https:\\\/\\\/aktialiiga.fi\\\/miehet\\\/ajankohtaista\\\/cocksin-eurocup-avaus-edessa-lauantaina\\\/\",\"name\":\"Cocksin eurocup-avaus edess\u00e4 lauantaina | K\u00e4sipallon miesten Aktialiiga\",\"isPartOf\":{\"@id\":\"https:\\\/\\\/aktialiiga.fi\\\/miehet\\\/#website\"},\"primaryImageOfPage\":{\"@id\":\"https:\\\/\\\/aktialiiga.fi\\\/miehet\\\/ajankohtaista\\\/cocksin-eurocup-avaus-edessa-lauantaina\\\/#primaryimage\"},\"image\":{\"@id\":\"https:\\\/\\\/aktialiiga.fi\\\/miehet\\\/ajankohtaista\\\/cocksin-eurocup-avaus-edessa-lauantaina\\\/#primaryimage\"},\"thumbnailUrl\":\"https:\\\/\\\/i0.wp.com\\\/aktialiiga.fi\\\/miehet\\\/wp-content\\\/uploads\\\/sites\\\/5\\\/2023\\\/10\\\/Cocks_Nenita_Vitalie_2324.jpg?fit=1026%2C463&ssl=1\",\"datePublished\":\"2023-10-13T10:17:46+00:00\",\"dateModified\":\"2023-10-13T12:05:49+00:00\",\"breadcrumb\":{\"@id\":\"https:\\\/\\\/aktialiiga.fi\\\/miehet\\\/ajankohtaista\\\/cocksin-eurocup-avaus-edessa-lauantaina\\\/#breadcrumb\"},\"inLanguage\":\"fi\",\"potentialAction\":[{\"@type\":\"ReadAction\",\"target\":[\"https:\\\/\\\/aktialiiga.fi\\\/miehet\\\/ajankohtaista\\\/cocksin-eurocup-avaus-edessa-lauantaina\\\/\"]}]},{\"@type\":\"ImageObject\",\"inLanguage\":\"fi\",\"@id\":\"https:\\\/\\\/aktialiiga.fi\\\/miehet\\\/ajankohtaista\\\/cocksin-eurocup-avaus-edessa-lauantaina\\\/#primaryimage\",\"url\":\"https:\\\/\\\/i0.wp.com\\\/aktialiiga.fi\\\/miehet\\\/wp-content\\\/uploads\\\/sites\\\/5\\\/2023\\\/10\\\/Cocks_Nenita_Vitalie_2324.jpg?fit=1026%2C463&ssl=1\",\"contentUrl\":\"https:\\\/\\\/i0.wp.com\\\/aktialiiga.fi\\\/miehet\\\/wp-content\\\/uploads\\\/sites\\\/5\\\/2023\\\/10\\\/Cocks_Nenita_Vitalie_2324.jpg?fit=1026%2C463&ssl=1\",\"width\":1026,\"height\":463,\"caption\":\"Vitalie Nenita, Cocks K\u00e4sipallon SM-liiga BK-46 - Cocks Karjaan urheiluhalli 4. lokakuuta 2023. (Kalle Parkkinen\\\/Newspix24)\"},{\"@type\":\"BreadcrumbList\",\"@id\":\"https:\\\/\\\/aktialiiga.fi\\\/miehet\\\/ajankohtaista\\\/cocksin-eurocup-avaus-edessa-lauantaina\\\/#breadcrumb\",\"itemListElement\":[{\"@type\":\"ListItem\",\"position\":1,\"name\":\"Etusivu\",\"item\":\"https:\\\/\\\/aktialiiga.fi\\\/miehet\\\/\"},{\"@type\":\"ListItem\",\"position\":2,\"name\":\"Cocksin eurocup-avaus edess\u00e4 lauantaina\"}]},{\"@type\":\"WebSite\",\"@id\":\"https:\\\/\\\/aktialiiga.fi\\\/miehet\\\/#website\",\"url\":\"https:\\\/\\\/aktialiiga.fi\\\/miehet\\\/\",\"name\":\"K\u00e4sipallon miesten Aktialiiga\",\"description\":\"Valtakunnan vauhdikkainta palloilua!\",\"publisher\":{\"@id\":\"https:\\\/\\\/aktialiiga.fi\\\/miehet\\\/#organization\"},\"potentialAction\":[{\"@type\":\"SearchAction\",\"target\":{\"@type\":\"EntryPoint\",\"urlTemplate\":\"https:\\\/\\\/aktialiiga.fi\\\/miehet\\\/?s={search_term_string}\"},\"query-input\":{\"@type\":\"PropertyValueSpecification\",\"valueRequired\":true,\"valueName\":\"search_term_string\"}}],\"inLanguage\":\"fi\"},{\"@type\":\"Organization\",\"@id\":\"https:\\\/\\\/aktialiiga.fi\\\/miehet\\\/#organization\",\"name\":\"K\u00e4sipallon miesten Aktialiiga\",\"url\":\"https:\\\/\\\/aktialiiga.fi\\\/miehet\\\/\",\"logo\":{\"@type\":\"ImageObject\",\"inLanguage\":\"fi\",\"@id\":\"https:\\\/\\\/aktialiiga.fi\\\/miehet\\\/#\\\/schema\\\/logo\\\/image\\\/\",\"url\":\"https:\\\/\\\/i0.wp.com\\\/aktialiiga.fi\\\/miehet\\\/wp-content\\\/uploads\\\/sites\\\/5\\\/2024\\\/09\\\/Aktialiiga-Yoast-512.png?fit=512%2C512&ssl=1\",\"contentUrl\":\"https:\\\/\\\/i0.wp.com\\\/aktialiiga.fi\\\/miehet\\\/wp-content\\\/uploads\\\/sites\\\/5\\\/2024\\\/09\\\/Aktialiiga-Yoast-512.png?fit=512%2C512&ssl=1\",\"width\":512,\"height\":512,\"caption\":\"K\u00e4sipallon miesten Aktialiiga\"},\"image\":{\"@id\":\"https:\\\/\\\/aktialiiga.fi\\\/miehet\\\/#\\\/schema\\\/logo\\\/image\\\/\"},\"sameAs\":[\"https:\\\/\\\/www.facebook.com\\\/finnhandball\",\"https:\\\/\\\/x.com\\\/finnhandball\",\"https:\\\/\\\/www.instagram.com\\\/handballfinland\\\/\"]},{\"@type\":\"Person\",\"@id\":\"https:\\\/\\\/aktialiiga.fi\\\/miehet\\\/#\\\/schema\\\/person\\\/c14bf42f47041db74603c45afcb18d87\",\"name\":\"tbrmedia\",\"image\":{\"@type\":\"ImageObject\",\"inLanguage\":\"fi\",\"@id\":\"https:\\\/\\\/secure.gravatar.com\\\/avatar\\\/ee975fa091fe581d12b60debb3439022686618368a7c142044c56724d4666b16?s=96&d=mm&r=g\",\"url\":\"https:\\\/\\\/secure.gravatar.com\\\/avatar\\\/ee975fa091fe581d12b60debb3439022686618368a7c142044c56724d4666b16?s=96&d=mm&r=g\",\"contentUrl\":\"https:\\\/\\\/secure.gravatar.com\\\/avatar\\\/ee975fa091fe581d12b60debb3439022686618368a7c142044c56724d4666b16?s=96&d=mm&r=g\",\"caption\":\"tbrmedia\"}}]}<\/script>\n<!-- \/ Yoast SEO plugin. -->","yoast_head_json":{"title":"Cocksin eurocup-avaus edess\u00e4 lauantaina | K\u00e4sipallon miesten Aktialiiga","robots":{"index":"index","follow":"follow","max-snippet":"max-snippet:-1","max-image-preview":"max-image-preview:large","max-video-preview":"max-video-preview:-1"},"canonical":"https:\/\/aktialiiga.fi\/miehet\/ajankohtaista\/cocksin-eurocup-avaus-edessa-lauantaina\/","og_locale":"fi_FI","og_type":"article","og_title":"Cocksin eurocup-avaus edess\u00e4 lauantaina | K\u00e4sipallon miesten Aktialiiga","og_description":"Cocks aloittaa EHF European Cupin osaltaan lauantaina, kun Riihim\u00e4elle saapuu vieraaksi 2. kierroksen avausosaan sveitsil\u00e4inen BSV Bern. Ottelu alkaa klo 16.00. Cocks pelasi edellisen ottelunsa viikko sitten ja k\u00e4rsi kauden ensimm\u00e4isen tappionsa GrIFK:n viety\u00e4 pisteet matkaansa Cocks Areenalta kahden maalin erolla. My\u00f6s Bernill\u00e4 on alla niukka tappio, kun joukkue taipui Sveitsin liigan ottelussa keskiviikkona Wacker [&hellip;]","og_url":"https:\/\/aktialiiga.fi\/miehet\/ajankohtaista\/cocksin-eurocup-avaus-edessa-lauantaina\/","og_site_name":"K\u00e4sipallon miesten Aktialiiga","article_publisher":"https:\/\/www.facebook.com\/finnhandball","article_published_time":"2023-10-13T10:17:46+00:00","article_modified_time":"2023-10-13T12:05:49+00:00","og_image":[{"width":1026,"height":463,"url":"https:\/\/i0.wp.com\/aktialiiga.fi\/miehet\/wp-content\/uploads\/sites\/5\/2023\/10\/Cocks_Nenita_Vitalie_2324.jpg?fit=1026%2C463&ssl=1","type":"image\/jpeg"}],"author":"tbrmedia","twitter_card":"summary_large_image","twitter_creator":"@finnhandball","twitter_site":"@finnhandball","schema":{"@context":"https:\/\/schema.org","@graph":[{"@type":"Article","@id":"https:\/\/aktialiiga.fi\/miehet\/ajankohtaista\/cocksin-eurocup-avaus-edessa-lauantaina\/#article","isPartOf":{"@id":"https:\/\/aktialiiga.fi\/miehet\/ajankohtaista\/cocksin-eurocup-avaus-edessa-lauantaina\/"},"author":{"name":"tbrmedia","@id":"https:\/\/aktialiiga.fi\/miehet\/#\/schema\/person\/c14bf42f47041db74603c45afcb18d87"},"headline":"Cocksin eurocup-avaus edess\u00e4 lauantaina","datePublished":"2023-10-13T10:17:46+00:00","dateModified":"2023-10-13T12:05:49+00:00","mainEntityOfPage":{"@id":"https:\/\/aktialiiga.fi\/miehet\/ajankohtaista\/cocksin-eurocup-avaus-edessa-lauantaina\/"},"wordCount":178,"publisher":{"@id":"https:\/\/aktialiiga.fi\/miehet\/#organization"},"image":{"@id":"https:\/\/aktialiiga.fi\/miehet\/ajankohtaista\/cocksin-eurocup-avaus-edessa-lauantaina\/#primaryimage"},"thumbnailUrl":"https:\/\/i0.wp.com\/aktialiiga.fi\/miehet\/wp-content\/uploads\/sites\/5\/2023\/10\/Cocks_Nenita_Vitalie_2324.jpg?fit=1026%2C463&ssl=1","keywords":["Cocks","EHF European Cup"],"articleSection":["Ajankohtaista"],"inLanguage":"fi"},{"@type":"WebPage","@id":"https:\/\/aktialiiga.fi\/miehet\/ajankohtaista\/cocksin-eurocup-avaus-edessa-lauantaina\/","url":"https:\/\/aktialiiga.fi\/miehet\/ajankohtaista\/cocksin-eurocup-avaus-edessa-lauantaina\/","name":"Cocksin eurocup-avaus edess\u00e4 lauantaina | K\u00e4sipallon miesten Aktialiiga","isPartOf":{"@id":"https:\/\/aktialiiga.fi\/miehet\/#website"},"primaryImageOfPage":{"@id":"https:\/\/aktialiiga.fi\/miehet\/ajankohtaista\/cocksin-eurocup-avaus-edessa-lauantaina\/#primaryimage"},"image":{"@id":"https:\/\/aktialiiga.fi\/miehet\/ajankohtaista\/cocksin-eurocup-avaus-edessa-lauantaina\/#primaryimage"},"thumbnailUrl":"https:\/\/i0.wp.com\/aktialiiga.fi\/miehet\/wp-content\/uploads\/sites\/5\/2023\/10\/Cocks_Nenita_Vitalie_2324.jpg?fit=1026%2C463&ssl=1","datePublished":"2023-10-13T10:17:46+00:00","dateModified":"2023-10-13T12:05:49+00:00","breadcrumb":{"@id":"https:\/\/aktialiiga.fi\/miehet\/ajankohtaista\/cocksin-eurocup-avaus-edessa-lauantaina\/#breadcrumb"},"inLanguage":"fi","potentialAction":[{"@type":"ReadAction","target":["https:\/\/aktialiiga.fi\/miehet\/ajankohtaista\/cocksin-eurocup-avaus-edessa-lauantaina\/"]}]},{"@type":"ImageObject","inLanguage":"fi","@id":"https:\/\/aktialiiga.fi\/miehet\/ajankohtaista\/cocksin-eurocup-avaus-edessa-lauantaina\/#primaryimage","url":"https:\/\/i0.wp.com\/aktialiiga.fi\/miehet\/wp-content\/uploads\/sites\/5\/2023\/10\/Cocks_Nenita_Vitalie_2324.jpg?fit=1026%2C463&ssl=1","contentUrl":"https:\/\/i0.wp.com\/aktialiiga.fi\/miehet\/wp-content\/uploads\/sites\/5\/2023\/10\/Cocks_Nenita_Vitalie_2324.jpg?fit=1026%2C463&ssl=1","width":1026,"height":463,"caption":"Vitalie Nenita, Cocks K\u00e4sipallon SM-liiga BK-46 - Cocks Karjaan urheiluhalli 4. lokakuuta 2023. (Kalle Parkkinen\/Newspix24)"},{"@type":"BreadcrumbList","@id":"https:\/\/aktialiiga.fi\/miehet\/ajankohtaista\/cocksin-eurocup-avaus-edessa-lauantaina\/#breadcrumb","itemListElement":[{"@type":"ListItem","position":1,"name":"Etusivu","item":"https:\/\/aktialiiga.fi\/miehet\/"},{"@type":"ListItem","position":2,"name":"Cocksin eurocup-avaus edess\u00e4 lauantaina"}]},{"@type":"WebSite","@id":"https:\/\/aktialiiga.fi\/miehet\/#website","url":"https:\/\/aktialiiga.fi\/miehet\/","name":"K\u00e4sipallon miesten Aktialiiga","description":"Valtakunnan vauhdikkainta palloilua!","publisher":{"@id":"https:\/\/aktialiiga.fi\/miehet\/#organization"},"potentialAction":[{"@type":"SearchAction","target":{"@type":"EntryPoint","urlTemplate":"https:\/\/aktialiiga.fi\/miehet\/?s={search_term_string}"},"query-input":{"@type":"PropertyValueSpecification","valueRequired":true,"valueName":"search_term_string"}}],"inLanguage":"fi"},{"@type":"Organization","@id":"https:\/\/aktialiiga.fi\/miehet\/#organization","name":"K\u00e4sipallon miesten Aktialiiga","url":"https:\/\/aktialiiga.fi\/miehet\/","logo":{"@type":"ImageObject","inLanguage":"fi","@id":"https:\/\/aktialiiga.fi\/miehet\/#\/schema\/logo\/image\/","url":"https:\/\/i0.wp.com\/aktialiiga.fi\/miehet\/wp-content\/uploads\/sites\/5\/2024\/09\/Aktialiiga-Yoast-512.png?fit=512%2C512&ssl=1","contentUrl":"https:\/\/i0.wp.com\/aktialiiga.fi\/miehet\/wp-content\/uploads\/sites\/5\/2024\/09\/Aktialiiga-Yoast-512.png?fit=512%2C512&ssl=1","width":512,"height":512,"caption":"K\u00e4sipallon miesten Aktialiiga"},"image":{"@id":"https:\/\/aktialiiga.fi\/miehet\/#\/schema\/logo\/image\/"},"sameAs":["https:\/\/www.facebook.com\/finnhandball","https:\/\/x.com\/finnhandball","https:\/\/www.instagram.com\/handballfinland\/"]},{"@type":"Person","@id":"https:\/\/aktialiiga.fi\/miehet\/#\/schema\/person\/c14bf42f47041db74603c45afcb18d87","name":"tbrmedia","image":{"@type":"ImageObject","inLanguage":"fi","@id":"https:\/\/secure.gravatar.com\/avatar\/ee975fa091fe581d12b60debb3439022686618368a7c142044c56724d4666b16?s=96&d=mm&r=g","url":"https:\/\/secure.gravatar.com\/avatar\/ee975fa091fe581d12b60debb3439022686618368a7c142044c56724d4666b16?s=96&d=mm&r=g","contentUrl":"https:\/\/secure.gravatar.com\/avatar\/ee975fa091fe581d12b60debb3439022686618368a7c142044c56724d4666b16?s=96&d=mm&r=g","caption":"tbrmedia"}}]}},"jetpack_featured_media_url":"https:\/\/i0.wp.com\/aktialiiga.fi\/miehet\/wp-content\/uploads\/sites\/5\/2023\/10\/Cocks_Nenita_Vitalie_2324.jpg?fit=1026%2C463&ssl=1","jetpack_sharing_enabled":true,"jetpack_shortlink":"https:\/\/wp.me\/pfTxOr-bEZ","_links":{"self":[{"href":"https:\/\/aktialiiga.fi\/miehet\/wp-json\/wp\/v2\/posts\/44825","targetHints":{"allow":["GET"]}}],"collection":[{"href":"https:\/\/aktialiiga.fi\/miehet\/wp-json\/wp\/v2\/posts"}],"about":[{"href":"https:\/\/aktialiiga.fi\/miehet\/wp-json\/wp\/v2\/types\/post"}],"author":[{"embeddable":true,"href":"https:\/\/aktialiiga.fi\/miehet\/wp-json\/wp\/v2\/users\/13"}],"replies":[{"embeddable":true,"href":"https:\/\/aktialiiga.fi\/miehet\/wp-json\/wp\/v2\/comments?post=44825"}],"version-history":[{"count":0,"href":"https:\/\/aktialiiga.fi\/miehet\/wp-json\/wp\/v2\/posts\/44825\/revisions"}],"wp:featuredmedia":[{"embeddable":true,"href":"https:\/\/aktialiiga.fi\/miehet\/wp-json\/wp\/v2\/media\/44826"}],"wp:attachment":[{"href":"https:\/\/aktialiiga.fi\/miehet\/wp-json\/wp\/v2\/media?parent=44825"}],"wp:term":[{"taxonomy":"category","embeddable":true,"href":"https:\/\/aktialiiga.fi\/miehet\/wp-json\/wp\/v2\/categories?post=44825"},{"taxonomy":"post_tag","embeddable":true,"href":"https:\/\/aktialiiga.fi\/miehet\/wp-json\/wp\/v2\/tags?post=44825"}],"curies":[{"name":"wp","href":"https:\/\/api.w.org\/{rel}","templated":true}]}}