{"id":44852,"date":"2023-10-14T19:42:44","date_gmt":"2023-10-14T16:42:44","guid":{"rendered":"https:\/\/aktialiiga.fi\/miehet\/?p=44852"},"modified":"2023-10-14T19:42:44","modified_gmt":"2023-10-14T16:42:44","slug":"cocksille-karvas-kotitappio-european-cupissa","status":"publish","type":"post","link":"https:\/\/aktialiiga.fi\/miehet\/ajankohtaista\/cocksille-karvas-kotitappio-european-cupissa\/","title":{"rendered":"Cocksille karvas kotitappio European Cupissa"},"content":{"rendered":"<p>Cocksin tie jatkoon EHF European Cupissa, kun sveitsil\u00e4inen BSV Bern haki avausosasta Riihim\u00e4elt\u00e4 nelj\u00e4n maalin voiton.<\/p>\n<p>Vierailija Bern tuli vahvasti ja nyk\u00e4isi jo 7-2-johdon ennen kuin Cocks sai koneensa k\u00e4yntiin. Taukoa kohden peli tasaantui ja avausjakson j\u00e4lkeen vierasjohto kirjattiin kolmen maalin erolla.<\/p>\n<p>Toisen jakson alussa Cocks nousi nopeasti jo tasoihin, mutta t\u00e4st\u00e4 Bern nyk\u00e4isi j\u00e4lleen iskien kuusi seuraavaa osumaa, eik\u00e4 kaksi miltei per\u00e4tt\u00e4ist\u00e4 suoraa punaista korttia Cocksin teht\u00e4v\u00e4\u00e4 helpottanut. Cocks nousi viel\u00e4 kahden maalin p\u00e4\u00e4h\u00e4n, mutta eroksi muodostui lopulta nelj\u00e4 maalia ja Bern p\u00e4\u00e4see hyvist\u00e4 asemista ensi sunnuntaina pelattavaan toiseen osaotteluun.<\/p>\n<p>EHF European Cup, 2. kierros, 1. osa:<br \/>\n<strong>Cocks \u2013 BSV Bern 25-29 (11-14)<\/strong><\/p>\n<p><strong>Cocksin maalintekij\u00e4t:<\/strong> Albin J\u00e4rlstam 7, Yury Lukyanchuk 5, Nuno Santos 4, D\u00e1niel Fekete 4, Pavel Duda 3, Niko H\u00e4llman 1, Santeri Vainionp\u00e4\u00e4 1<\/p>\n<p><strong>2 min. ulosajot ja ottelusta sulkemiset:<\/strong> Cocks 4 x 2 min., Davor Basaric suora punainen kortti, D\u00e1niel Fekete suora punainen kortti, Bern 1 x 2 min.<\/p>\n","protected":false},"excerpt":{"rendered":"<p>Cocksin tie jatkoon EHF European Cupissa, kun sveitsil\u00e4inen BSV Bern haki avausosasta Riihim\u00e4elt\u00e4 nelj\u00e4n maalin voiton. Vierailija Bern tuli vahvasti ja nyk\u00e4isi jo 7-2-johdon ennen kuin Cocks sai koneensa k\u00e4yntiin. Taukoa kohden peli tasaantui ja avausjakson j\u00e4lkeen vierasjohto kirjattiin kolmen maalin erolla. Toisen jakson alussa Cocks nousi nopeasti jo tasoihin, mutta t\u00e4st\u00e4 Bern nyk\u00e4isi j\u00e4lleen [&hellip;]<\/p>\n","protected":false},"author":13,"featured_media":44853,"comment_status":"closed","ping_status":"closed","sticky":false,"template":"","format":"standard","meta":{"_acf_changed":false,"jetpack_post_was_ever_published":false,"_jetpack_newsletter_access":"","_jetpack_dont_email_post_to_subs":false,"_jetpack_newsletter_tier_id":0,"_jetpack_memberships_contains_paywalled_content":false,"_jetpack_memberships_contains_paid_content":false,"footnotes":""},"categories":[2],"tags":[57,251],"class_list":["post-44852","post","type-post","status-publish","format-standard","has-post-thumbnail","hentry","category-ajankohtaista","tag-cocks","tag-ehf-european-cup"],"acf":[],"yoast_head":"<!-- This site is optimized with the Yoast SEO plugin v27.5 - https:\/\/yoast.com\/product\/yoast-seo-wordpress\/ -->\n<title>Cocksille karvas kotitappio European Cupissa | K\u00e4sipallon miesten Aktialiiga<\/title>\n<meta name=\"robots\" content=\"index, follow, max-snippet:-1, max-image-preview:large, max-video-preview:-1\" \/>\n<link rel=\"canonical\" href=\"https:\/\/aktialiiga.fi\/miehet\/ajankohtaista\/cocksille-karvas-kotitappio-european-cupissa\/\" \/>\n<meta property=\"og:locale\" content=\"fi_FI\" \/>\n<meta property=\"og:type\" content=\"article\" \/>\n<meta property=\"og:title\" content=\"Cocksille karvas kotitappio European Cupissa | K\u00e4sipallon miesten Aktialiiga\" \/>\n<meta property=\"og:description\" content=\"Cocksin tie jatkoon EHF European Cupissa, kun sveitsil\u00e4inen BSV Bern haki avausosasta Riihim\u00e4elt\u00e4 nelj\u00e4n maalin voiton. Vierailija Bern tuli vahvasti ja nyk\u00e4isi jo 7-2-johdon ennen kuin Cocks sai koneensa k\u00e4yntiin. Taukoa kohden peli tasaantui ja avausjakson j\u00e4lkeen vierasjohto kirjattiin kolmen maalin erolla. Toisen jakson alussa Cocks nousi nopeasti jo tasoihin, mutta t\u00e4st\u00e4 Bern nyk\u00e4isi j\u00e4lleen [&hellip;]\" \/>\n<meta property=\"og:url\" content=\"https:\/\/aktialiiga.fi\/miehet\/ajankohtaista\/cocksille-karvas-kotitappio-european-cupissa\/\" \/>\n<meta property=\"og:site_name\" content=\"K\u00e4sipallon miesten Aktialiiga\" \/>\n<meta property=\"article:publisher\" content=\"https:\/\/www.facebook.com\/finnhandball\" \/>\n<meta property=\"article:published_time\" content=\"2023-10-14T16:42:44+00:00\" \/>\n<meta property=\"og:image\" content=\"https:\/\/i0.wp.com\/aktialiiga.fi\/miehet\/wp-content\/uploads\/sites\/5\/2023\/10\/Cocks_Jarlstam_Albin_2324.jpg?fit=1158%2C528&ssl=1\" \/>\n\t<meta property=\"og:image:width\" content=\"1158\" \/>\n\t<meta property=\"og:image:height\" content=\"528\" \/>\n\t<meta property=\"og:image:type\" content=\"image\/jpeg\" \/>\n<meta name=\"author\" content=\"tbrmedia\" \/>\n<meta name=\"twitter:card\" content=\"summary_large_image\" \/>\n<meta name=\"twitter:creator\" content=\"@finnhandball\" \/>\n<meta name=\"twitter:site\" content=\"@finnhandball\" \/>\n<script type=\"application\/ld+json\" class=\"yoast-schema-graph\">{\"@context\":\"https:\\\/\\\/schema.org\",\"@graph\":[{\"@type\":\"Article\",\"@id\":\"https:\\\/\\\/aktialiiga.fi\\\/miehet\\\/ajankohtaista\\\/cocksille-karvas-kotitappio-european-cupissa\\\/#article\",\"isPartOf\":{\"@id\":\"https:\\\/\\\/aktialiiga.fi\\\/miehet\\\/ajankohtaista\\\/cocksille-karvas-kotitappio-european-cupissa\\\/\"},\"author\":{\"name\":\"tbrmedia\",\"@id\":\"https:\\\/\\\/aktialiiga.fi\\\/miehet\\\/#\\\/schema\\\/person\\\/c14bf42f47041db74603c45afcb18d87\"},\"headline\":\"Cocksille karvas kotitappio European Cupissa\",\"datePublished\":\"2023-10-14T16:42:44+00:00\",\"mainEntityOfPage\":{\"@id\":\"https:\\\/\\\/aktialiiga.fi\\\/miehet\\\/ajankohtaista\\\/cocksille-karvas-kotitappio-european-cupissa\\\/\"},\"wordCount\":164,\"publisher\":{\"@id\":\"https:\\\/\\\/aktialiiga.fi\\\/miehet\\\/#organization\"},\"image\":{\"@id\":\"https:\\\/\\\/aktialiiga.fi\\\/miehet\\\/ajankohtaista\\\/cocksille-karvas-kotitappio-european-cupissa\\\/#primaryimage\"},\"thumbnailUrl\":\"https:\\\/\\\/i0.wp.com\\\/aktialiiga.fi\\\/miehet\\\/wp-content\\\/uploads\\\/sites\\\/5\\\/2023\\\/10\\\/Cocks_Jarlstam_Albin_2324.jpg?fit=1158%2C528&ssl=1\",\"keywords\":[\"Cocks\",\"EHF European Cup\"],\"articleSection\":[\"Ajankohtaista\"],\"inLanguage\":\"fi\"},{\"@type\":\"WebPage\",\"@id\":\"https:\\\/\\\/aktialiiga.fi\\\/miehet\\\/ajankohtaista\\\/cocksille-karvas-kotitappio-european-cupissa\\\/\",\"url\":\"https:\\\/\\\/aktialiiga.fi\\\/miehet\\\/ajankohtaista\\\/cocksille-karvas-kotitappio-european-cupissa\\\/\",\"name\":\"Cocksille karvas kotitappio European Cupissa | K\u00e4sipallon miesten Aktialiiga\",\"isPartOf\":{\"@id\":\"https:\\\/\\\/aktialiiga.fi\\\/miehet\\\/#website\"},\"primaryImageOfPage\":{\"@id\":\"https:\\\/\\\/aktialiiga.fi\\\/miehet\\\/ajankohtaista\\\/cocksille-karvas-kotitappio-european-cupissa\\\/#primaryimage\"},\"image\":{\"@id\":\"https:\\\/\\\/aktialiiga.fi\\\/miehet\\\/ajankohtaista\\\/cocksille-karvas-kotitappio-european-cupissa\\\/#primaryimage\"},\"thumbnailUrl\":\"https:\\\/\\\/i0.wp.com\\\/aktialiiga.fi\\\/miehet\\\/wp-content\\\/uploads\\\/sites\\\/5\\\/2023\\\/10\\\/Cocks_Jarlstam_Albin_2324.jpg?fit=1158%2C528&ssl=1\",\"datePublished\":\"2023-10-14T16:42:44+00:00\",\"breadcrumb\":{\"@id\":\"https:\\\/\\\/aktialiiga.fi\\\/miehet\\\/ajankohtaista\\\/cocksille-karvas-kotitappio-european-cupissa\\\/#breadcrumb\"},\"inLanguage\":\"fi\",\"potentialAction\":[{\"@type\":\"ReadAction\",\"target\":[\"https:\\\/\\\/aktialiiga.fi\\\/miehet\\\/ajankohtaista\\\/cocksille-karvas-kotitappio-european-cupissa\\\/\"]}]},{\"@type\":\"ImageObject\",\"inLanguage\":\"fi\",\"@id\":\"https:\\\/\\\/aktialiiga.fi\\\/miehet\\\/ajankohtaista\\\/cocksille-karvas-kotitappio-european-cupissa\\\/#primaryimage\",\"url\":\"https:\\\/\\\/i0.wp.com\\\/aktialiiga.fi\\\/miehet\\\/wp-content\\\/uploads\\\/sites\\\/5\\\/2023\\\/10\\\/Cocks_Jarlstam_Albin_2324.jpg?fit=1158%2C528&ssl=1\",\"contentUrl\":\"https:\\\/\\\/i0.wp.com\\\/aktialiiga.fi\\\/miehet\\\/wp-content\\\/uploads\\\/sites\\\/5\\\/2023\\\/10\\\/Cocks_Jarlstam_Albin_2324.jpg?fit=1158%2C528&ssl=1\",\"width\":1158,\"height\":528,\"caption\":\"Albin Ja\u0308rlstam, Cocks K\u00e4sipallon SM-liiga BK-46 - Cocks Karjaan urheiluhalli 4. lokakuuta 2023. (Kalle Parkkinen\\\/Newspix24)\"},{\"@type\":\"BreadcrumbList\",\"@id\":\"https:\\\/\\\/aktialiiga.fi\\\/miehet\\\/ajankohtaista\\\/cocksille-karvas-kotitappio-european-cupissa\\\/#breadcrumb\",\"itemListElement\":[{\"@type\":\"ListItem\",\"position\":1,\"name\":\"Etusivu\",\"item\":\"https:\\\/\\\/aktialiiga.fi\\\/miehet\\\/\"},{\"@type\":\"ListItem\",\"position\":2,\"name\":\"Cocksille karvas kotitappio European Cupissa\"}]},{\"@type\":\"WebSite\",\"@id\":\"https:\\\/\\\/aktialiiga.fi\\\/miehet\\\/#website\",\"url\":\"https:\\\/\\\/aktialiiga.fi\\\/miehet\\\/\",\"name\":\"K\u00e4sipallon miesten Aktialiiga\",\"description\":\"Valtakunnan vauhdikkainta palloilua!\",\"publisher\":{\"@id\":\"https:\\\/\\\/aktialiiga.fi\\\/miehet\\\/#organization\"},\"potentialAction\":[{\"@type\":\"SearchAction\",\"target\":{\"@type\":\"EntryPoint\",\"urlTemplate\":\"https:\\\/\\\/aktialiiga.fi\\\/miehet\\\/?s={search_term_string}\"},\"query-input\":{\"@type\":\"PropertyValueSpecification\",\"valueRequired\":true,\"valueName\":\"search_term_string\"}}],\"inLanguage\":\"fi\"},{\"@type\":\"Organization\",\"@id\":\"https:\\\/\\\/aktialiiga.fi\\\/miehet\\\/#organization\",\"name\":\"K\u00e4sipallon miesten Aktialiiga\",\"url\":\"https:\\\/\\\/aktialiiga.fi\\\/miehet\\\/\",\"logo\":{\"@type\":\"ImageObject\",\"inLanguage\":\"fi\",\"@id\":\"https:\\\/\\\/aktialiiga.fi\\\/miehet\\\/#\\\/schema\\\/logo\\\/image\\\/\",\"url\":\"https:\\\/\\\/i0.wp.com\\\/aktialiiga.fi\\\/miehet\\\/wp-content\\\/uploads\\\/sites\\\/5\\\/2024\\\/09\\\/Aktialiiga-Yoast-512.png?fit=512%2C512&ssl=1\",\"contentUrl\":\"https:\\\/\\\/i0.wp.com\\\/aktialiiga.fi\\\/miehet\\\/wp-content\\\/uploads\\\/sites\\\/5\\\/2024\\\/09\\\/Aktialiiga-Yoast-512.png?fit=512%2C512&ssl=1\",\"width\":512,\"height\":512,\"caption\":\"K\u00e4sipallon miesten Aktialiiga\"},\"image\":{\"@id\":\"https:\\\/\\\/aktialiiga.fi\\\/miehet\\\/#\\\/schema\\\/logo\\\/image\\\/\"},\"sameAs\":[\"https:\\\/\\\/www.facebook.com\\\/finnhandball\",\"https:\\\/\\\/x.com\\\/finnhandball\",\"https:\\\/\\\/www.instagram.com\\\/handballfinland\\\/\"]},{\"@type\":\"Person\",\"@id\":\"https:\\\/\\\/aktialiiga.fi\\\/miehet\\\/#\\\/schema\\\/person\\\/c14bf42f47041db74603c45afcb18d87\",\"name\":\"tbrmedia\",\"image\":{\"@type\":\"ImageObject\",\"inLanguage\":\"fi\",\"@id\":\"https:\\\/\\\/secure.gravatar.com\\\/avatar\\\/ee975fa091fe581d12b60debb3439022686618368a7c142044c56724d4666b16?s=96&d=mm&r=g\",\"url\":\"https:\\\/\\\/secure.gravatar.com\\\/avatar\\\/ee975fa091fe581d12b60debb3439022686618368a7c142044c56724d4666b16?s=96&d=mm&r=g\",\"contentUrl\":\"https:\\\/\\\/secure.gravatar.com\\\/avatar\\\/ee975fa091fe581d12b60debb3439022686618368a7c142044c56724d4666b16?s=96&d=mm&r=g\",\"caption\":\"tbrmedia\"}}]}<\/script>\n<!-- \/ Yoast SEO plugin. -->","yoast_head_json":{"title":"Cocksille karvas kotitappio European Cupissa | K\u00e4sipallon miesten Aktialiiga","robots":{"index":"index","follow":"follow","max-snippet":"max-snippet:-1","max-image-preview":"max-image-preview:large","max-video-preview":"max-video-preview:-1"},"canonical":"https:\/\/aktialiiga.fi\/miehet\/ajankohtaista\/cocksille-karvas-kotitappio-european-cupissa\/","og_locale":"fi_FI","og_type":"article","og_title":"Cocksille karvas kotitappio European Cupissa | K\u00e4sipallon miesten Aktialiiga","og_description":"Cocksin tie jatkoon EHF European Cupissa, kun sveitsil\u00e4inen BSV Bern haki avausosasta Riihim\u00e4elt\u00e4 nelj\u00e4n maalin voiton. Vierailija Bern tuli vahvasti ja nyk\u00e4isi jo 7-2-johdon ennen kuin Cocks sai koneensa k\u00e4yntiin. Taukoa kohden peli tasaantui ja avausjakson j\u00e4lkeen vierasjohto kirjattiin kolmen maalin erolla. Toisen jakson alussa Cocks nousi nopeasti jo tasoihin, mutta t\u00e4st\u00e4 Bern nyk\u00e4isi j\u00e4lleen [&hellip;]","og_url":"https:\/\/aktialiiga.fi\/miehet\/ajankohtaista\/cocksille-karvas-kotitappio-european-cupissa\/","og_site_name":"K\u00e4sipallon miesten Aktialiiga","article_publisher":"https:\/\/www.facebook.com\/finnhandball","article_published_time":"2023-10-14T16:42:44+00:00","og_image":[{"width":1158,"height":528,"url":"https:\/\/i0.wp.com\/aktialiiga.fi\/miehet\/wp-content\/uploads\/sites\/5\/2023\/10\/Cocks_Jarlstam_Albin_2324.jpg?fit=1158%2C528&ssl=1","type":"image\/jpeg"}],"author":"tbrmedia","twitter_card":"summary_large_image","twitter_creator":"@finnhandball","twitter_site":"@finnhandball","schema":{"@context":"https:\/\/schema.org","@graph":[{"@type":"Article","@id":"https:\/\/aktialiiga.fi\/miehet\/ajankohtaista\/cocksille-karvas-kotitappio-european-cupissa\/#article","isPartOf":{"@id":"https:\/\/aktialiiga.fi\/miehet\/ajankohtaista\/cocksille-karvas-kotitappio-european-cupissa\/"},"author":{"name":"tbrmedia","@id":"https:\/\/aktialiiga.fi\/miehet\/#\/schema\/person\/c14bf42f47041db74603c45afcb18d87"},"headline":"Cocksille karvas kotitappio European Cupissa","datePublished":"2023-10-14T16:42:44+00:00","mainEntityOfPage":{"@id":"https:\/\/aktialiiga.fi\/miehet\/ajankohtaista\/cocksille-karvas-kotitappio-european-cupissa\/"},"wordCount":164,"publisher":{"@id":"https:\/\/aktialiiga.fi\/miehet\/#organization"},"image":{"@id":"https:\/\/aktialiiga.fi\/miehet\/ajankohtaista\/cocksille-karvas-kotitappio-european-cupissa\/#primaryimage"},"thumbnailUrl":"https:\/\/i0.wp.com\/aktialiiga.fi\/miehet\/wp-content\/uploads\/sites\/5\/2023\/10\/Cocks_Jarlstam_Albin_2324.jpg?fit=1158%2C528&ssl=1","keywords":["Cocks","EHF European Cup"],"articleSection":["Ajankohtaista"],"inLanguage":"fi"},{"@type":"WebPage","@id":"https:\/\/aktialiiga.fi\/miehet\/ajankohtaista\/cocksille-karvas-kotitappio-european-cupissa\/","url":"https:\/\/aktialiiga.fi\/miehet\/ajankohtaista\/cocksille-karvas-kotitappio-european-cupissa\/","name":"Cocksille karvas kotitappio European Cupissa | K\u00e4sipallon miesten Aktialiiga","isPartOf":{"@id":"https:\/\/aktialiiga.fi\/miehet\/#website"},"primaryImageOfPage":{"@id":"https:\/\/aktialiiga.fi\/miehet\/ajankohtaista\/cocksille-karvas-kotitappio-european-cupissa\/#primaryimage"},"image":{"@id":"https:\/\/aktialiiga.fi\/miehet\/ajankohtaista\/cocksille-karvas-kotitappio-european-cupissa\/#primaryimage"},"thumbnailUrl":"https:\/\/i0.wp.com\/aktialiiga.fi\/miehet\/wp-content\/uploads\/sites\/5\/2023\/10\/Cocks_Jarlstam_Albin_2324.jpg?fit=1158%2C528&ssl=1","datePublished":"2023-10-14T16:42:44+00:00","breadcrumb":{"@id":"https:\/\/aktialiiga.fi\/miehet\/ajankohtaista\/cocksille-karvas-kotitappio-european-cupissa\/#breadcrumb"},"inLanguage":"fi","potentialAction":[{"@type":"ReadAction","target":["https:\/\/aktialiiga.fi\/miehet\/ajankohtaista\/cocksille-karvas-kotitappio-european-cupissa\/"]}]},{"@type":"ImageObject","inLanguage":"fi","@id":"https:\/\/aktialiiga.fi\/miehet\/ajankohtaista\/cocksille-karvas-kotitappio-european-cupissa\/#primaryimage","url":"https:\/\/i0.wp.com\/aktialiiga.fi\/miehet\/wp-content\/uploads\/sites\/5\/2023\/10\/Cocks_Jarlstam_Albin_2324.jpg?fit=1158%2C528&ssl=1","contentUrl":"https:\/\/i0.wp.com\/aktialiiga.fi\/miehet\/wp-content\/uploads\/sites\/5\/2023\/10\/Cocks_Jarlstam_Albin_2324.jpg?fit=1158%2C528&ssl=1","width":1158,"height":528,"caption":"Albin Ja\u0308rlstam, Cocks K\u00e4sipallon SM-liiga BK-46 - Cocks Karjaan urheiluhalli 4. lokakuuta 2023. (Kalle Parkkinen\/Newspix24)"},{"@type":"BreadcrumbList","@id":"https:\/\/aktialiiga.fi\/miehet\/ajankohtaista\/cocksille-karvas-kotitappio-european-cupissa\/#breadcrumb","itemListElement":[{"@type":"ListItem","position":1,"name":"Etusivu","item":"https:\/\/aktialiiga.fi\/miehet\/"},{"@type":"ListItem","position":2,"name":"Cocksille karvas kotitappio European Cupissa"}]},{"@type":"WebSite","@id":"https:\/\/aktialiiga.fi\/miehet\/#website","url":"https:\/\/aktialiiga.fi\/miehet\/","name":"K\u00e4sipallon miesten Aktialiiga","description":"Valtakunnan vauhdikkainta palloilua!","publisher":{"@id":"https:\/\/aktialiiga.fi\/miehet\/#organization"},"potentialAction":[{"@type":"SearchAction","target":{"@type":"EntryPoint","urlTemplate":"https:\/\/aktialiiga.fi\/miehet\/?s={search_term_string}"},"query-input":{"@type":"PropertyValueSpecification","valueRequired":true,"valueName":"search_term_string"}}],"inLanguage":"fi"},{"@type":"Organization","@id":"https:\/\/aktialiiga.fi\/miehet\/#organization","name":"K\u00e4sipallon miesten Aktialiiga","url":"https:\/\/aktialiiga.fi\/miehet\/","logo":{"@type":"ImageObject","inLanguage":"fi","@id":"https:\/\/aktialiiga.fi\/miehet\/#\/schema\/logo\/image\/","url":"https:\/\/i0.wp.com\/aktialiiga.fi\/miehet\/wp-content\/uploads\/sites\/5\/2024\/09\/Aktialiiga-Yoast-512.png?fit=512%2C512&ssl=1","contentUrl":"https:\/\/i0.wp.com\/aktialiiga.fi\/miehet\/wp-content\/uploads\/sites\/5\/2024\/09\/Aktialiiga-Yoast-512.png?fit=512%2C512&ssl=1","width":512,"height":512,"caption":"K\u00e4sipallon miesten Aktialiiga"},"image":{"@id":"https:\/\/aktialiiga.fi\/miehet\/#\/schema\/logo\/image\/"},"sameAs":["https:\/\/www.facebook.com\/finnhandball","https:\/\/x.com\/finnhandball","https:\/\/www.instagram.com\/handballfinland\/"]},{"@type":"Person","@id":"https:\/\/aktialiiga.fi\/miehet\/#\/schema\/person\/c14bf42f47041db74603c45afcb18d87","name":"tbrmedia","image":{"@type":"ImageObject","inLanguage":"fi","@id":"https:\/\/secure.gravatar.com\/avatar\/ee975fa091fe581d12b60debb3439022686618368a7c142044c56724d4666b16?s=96&d=mm&r=g","url":"https:\/\/secure.gravatar.com\/avatar\/ee975fa091fe581d12b60debb3439022686618368a7c142044c56724d4666b16?s=96&d=mm&r=g","contentUrl":"https:\/\/secure.gravatar.com\/avatar\/ee975fa091fe581d12b60debb3439022686618368a7c142044c56724d4666b16?s=96&d=mm&r=g","caption":"tbrmedia"}}]}},"jetpack_featured_media_url":"https:\/\/i0.wp.com\/aktialiiga.fi\/miehet\/wp-content\/uploads\/sites\/5\/2023\/10\/Cocks_Jarlstam_Albin_2324.jpg?fit=1158%2C528&ssl=1","jetpack_sharing_enabled":true,"jetpack_shortlink":"https:\/\/wp.me\/pfTxOr-bFq","_links":{"self":[{"href":"https:\/\/aktialiiga.fi\/miehet\/wp-json\/wp\/v2\/posts\/44852","targetHints":{"allow":["GET"]}}],"collection":[{"href":"https:\/\/aktialiiga.fi\/miehet\/wp-json\/wp\/v2\/posts"}],"about":[{"href":"https:\/\/aktialiiga.fi\/miehet\/wp-json\/wp\/v2\/types\/post"}],"author":[{"embeddable":true,"href":"https:\/\/aktialiiga.fi\/miehet\/wp-json\/wp\/v2\/users\/13"}],"replies":[{"embeddable":true,"href":"https:\/\/aktialiiga.fi\/miehet\/wp-json\/wp\/v2\/comments?post=44852"}],"version-history":[{"count":0,"href":"https:\/\/aktialiiga.fi\/miehet\/wp-json\/wp\/v2\/posts\/44852\/revisions"}],"wp:featuredmedia":[{"embeddable":true,"href":"https:\/\/aktialiiga.fi\/miehet\/wp-json\/wp\/v2\/media\/44853"}],"wp:attachment":[{"href":"https:\/\/aktialiiga.fi\/miehet\/wp-json\/wp\/v2\/media?parent=44852"}],"wp:term":[{"taxonomy":"category","embeddable":true,"href":"https:\/\/aktialiiga.fi\/miehet\/wp-json\/wp\/v2\/categories?post=44852"},{"taxonomy":"post_tag","embeddable":true,"href":"https:\/\/aktialiiga.fi\/miehet\/wp-json\/wp\/v2\/tags?post=44852"}],"curies":[{"name":"wp","href":"https:\/\/api.w.org\/{rel}","templated":true}]}}