{"id":45211,"date":"2023-11-15T19:51:01","date_gmt":"2023-11-15T17:51:01","guid":{"rendered":"https:\/\/aktialiiga.fi\/miehet\/?p=45211"},"modified":"2023-11-15T20:11:16","modified_gmt":"2023-11-15T18:11:16","slug":"bk-46-vei-karkikamppailun-nimiinsa-2","status":"publish","type":"post","link":"https:\/\/aktialiiga.fi\/miehet\/2023-2024\/ottelut-2023-24\/bk-46-vei-karkikamppailun-nimiinsa-2\/","title":{"rendered":"BK-46 vei k\u00e4rkikamppailun nimiins\u00e4"},"content":{"rendered":"<p>BK-46 otti kauden toisen voittonsa GrIFK:sta ja k\u00e4rkikamppailun voiton my\u00f6t\u00e4 tukevan aseman SM-liigan k\u00e4rkitaistossa.<\/p>\n<p>BK aloitti ottelun vahvasti ja rep\u00e4isi nopeasti nelj\u00e4n maalin johdon. Grani kipusi kuitenkin peliin mukaan ja kavensi eron yhteen maaliin avausjakson puoliv\u00e4liin menness\u00e4. Jakson loppu kirjattiin kuitenkin taas BK:lle ja ero k\u00e4vi pariin kertaan jo seitsem\u00e4ss\u00e4 maalissa, mutta Grani p\u00e4\u00e4si hiukan kaventamaan ja kotijohto oli tauolle ment\u00e4ess\u00e4 viisi maalia.<\/p>\n<p>Toisella jaksolla BK piti johtoasemastaan kiinni, mutta ei p\u00e4\u00e4ssyt lopullisesti karkuun Granin roikuttua sitke\u00e4sti tuntumassa. Vieraat puristivat viel\u00e4 lopussa l\u00e4helle, mutta varsinaisesti uhattuna BK:n voitto ei lopulta ollut.<\/p>\n<p>BK-46:n p\u00e4\u00e4valmentaja Andreas R\u00f6nnberg oli kokonaisuutena n\u00e4kem\u00e4\u00e4ns\u00e4 tyytyv\u00e4inen.<\/p>\n<p>&#8211; Hyv\u00e4 puolustuspeli 6 vastaan 6. Hyv\u00e4 ottelu koko joukkueelta, R\u00f6nnberg tiivisti.<\/p>\n<p>My\u00f6s ottelun parhaana pelaajana palkittu BK:n Nico R\u00f6nnberg oli tyytyv\u00e4inen pisteisiin ja esitykseen.<\/p>\n<p>&#8211; Hyv\u00e4 peli meilt\u00e4 45 minuuttia. Kokonaisuutena hyv\u00e4 suoritus.<\/p>\n<p>GrIFK-luotsi Mikael K\u00e4llman j\u00e4i manaamaan jaksojen alkujen vaikeita hetki\u00e4.<\/p>\n<p>&#8211; Molempien erien aloitukset olivat huonoja meilt\u00e4. Annettiin liikaa helppoja tilanteita vastustajalle. Se oli ratkaisu t\u00e4n\u00e4\u00e4n, K\u00e4llman n\u00e4ki.<\/p>\n<p><strong>BK-46 \u2013 GrIFK 31-28 (18-13)<\/strong><\/p>\n<p><strong>Maalintekij\u00e4t<\/strong>: maalit (7m maalit)<br \/>\nBK-46. Nico R\u00f6nnberg 8 (2), Sebastian S\u00e4kkinen 6, Jonathan Ekman 4, Janne Korpim\u00e4ki 3, Jac Karlsson 3, Ihor Skyba 2, Oliver Nordlund 2 (1), Miska Henriksson 2, Jonathan Roos 1<br \/>\nGrIFK: Gustav Svanb\u00e4ck 4 (2), William Nysten 4, Miro Koljonen 4, Jere Kantee 4 (1), Carl Weurlander 3, Richard Sundberg 3, Fredrik Forss 3, Alexander Qvist 1, Fredrik Parvinen 1, Kalle Kankaanp\u00e4\u00e4 1<\/p>\n<p><strong>T\u00e4htipelaajat<\/strong><br \/>\nNico R\u00f6nnberg BK-46 3<br \/>\nSebastian S\u00e4kkinen BK-46 2<br \/>\nMiro Koljonen GrIFK 1<\/p>\n<p><strong>2 min ulosajot sek\u00e4 pelist\u00e4 sulkemiset<\/strong><br \/>\nBK-46. Linus Lundqvist 1 x 2 min, Robin Sj\u00f6man 2 x 2 min<br \/>\nGrIFK: Fredrik Forss 2 x 2 min, Richard Sundberg 1 x 2 min, William Nysten 1 x 2 min<\/p>\n<p><em>Erotuomarit<\/em>: Niko Tillan &#8211; Magnus Roth<\/p>\n<p><em>Yleis\u00f6\u00e4<\/em>: 523<\/p>\n","protected":false},"excerpt":{"rendered":"<p>BK-46 otti kauden toisen voittonsa GrIFK:sta ja k\u00e4rkikamppailun voiton my\u00f6t\u00e4 tukevan aseman SM-liigan k\u00e4rkitaistossa. BK aloitti ottelun vahvasti ja rep\u00e4isi nopeasti nelj\u00e4n maalin johdon. Grani kipusi kuitenkin peliin mukaan ja kavensi eron yhteen maaliin avausjakson puoliv\u00e4liin menness\u00e4. Jakson loppu kirjattiin kuitenkin taas BK:lle ja ero k\u00e4vi pariin kertaan jo seitsem\u00e4ss\u00e4 maalissa, mutta Grani p\u00e4\u00e4si hiukan [&hellip;]<\/p>\n","protected":false},"author":13,"featured_media":44622,"comment_status":"closed","ping_status":"closed","sticky":false,"template":"","format":"standard","meta":{"_acf_changed":false,"jetpack_post_was_ever_published":false,"_jetpack_newsletter_access":"","_jetpack_dont_email_post_to_subs":false,"_jetpack_newsletter_tier_id":0,"_jetpack_memberships_contains_paywalled_content":false,"_jetpack_memberships_contains_paid_content":false,"footnotes":""},"categories":[303],"tags":[56,64],"class_list":["post-45211","post","type-post","status-publish","format-standard","has-post-thumbnail","hentry","category-ottelut-2023-24","tag-bk-46","tag-grifk"],"acf":[],"yoast_head":"<!-- This site is optimized with the Yoast SEO plugin v27.4 - https:\/\/yoast.com\/product\/yoast-seo-wordpress\/ -->\n<title>BK-46 vei k\u00e4rkikamppailun nimiins\u00e4 | K\u00e4sipallon miesten Aktialiiga<\/title>\n<meta name=\"robots\" content=\"index, follow, max-snippet:-1, max-image-preview:large, max-video-preview:-1\" \/>\n<link rel=\"canonical\" href=\"https:\/\/aktialiiga.fi\/miehet\/2023-2024\/ottelut-2023-24\/bk-46-vei-karkikamppailun-nimiinsa-2\/\" \/>\n<meta property=\"og:locale\" content=\"fi_FI\" \/>\n<meta property=\"og:type\" content=\"article\" \/>\n<meta property=\"og:title\" content=\"BK-46 vei k\u00e4rkikamppailun nimiins\u00e4 | K\u00e4sipallon miesten Aktialiiga\" \/>\n<meta property=\"og:description\" content=\"BK-46 otti kauden toisen voittonsa GrIFK:sta ja k\u00e4rkikamppailun voiton my\u00f6t\u00e4 tukevan aseman SM-liigan k\u00e4rkitaistossa. BK aloitti ottelun vahvasti ja rep\u00e4isi nopeasti nelj\u00e4n maalin johdon. Grani kipusi kuitenkin peliin mukaan ja kavensi eron yhteen maaliin avausjakson puoliv\u00e4liin menness\u00e4. Jakson loppu kirjattiin kuitenkin taas BK:lle ja ero k\u00e4vi pariin kertaan jo seitsem\u00e4ss\u00e4 maalissa, mutta Grani p\u00e4\u00e4si hiukan [&hellip;]\" \/>\n<meta property=\"og:url\" content=\"https:\/\/aktialiiga.fi\/miehet\/2023-2024\/ottelut-2023-24\/bk-46-vei-karkikamppailun-nimiinsa-2\/\" \/>\n<meta property=\"og:site_name\" content=\"K\u00e4sipallon miesten Aktialiiga\" \/>\n<meta property=\"article:publisher\" content=\"https:\/\/www.facebook.com\/finnhandball\" \/>\n<meta property=\"article:published_time\" content=\"2023-11-15T17:51:01+00:00\" \/>\n<meta property=\"article:modified_time\" content=\"2023-11-15T18:11:16+00:00\" \/>\n<meta property=\"og:image\" content=\"https:\/\/i0.wp.com\/aktialiiga.fi\/miehet\/wp-content\/uploads\/sites\/5\/2023\/10\/DSC8397-e1696410243592.jpg?fit=844%2C541&ssl=1\" \/>\n\t<meta property=\"og:image:width\" content=\"844\" \/>\n\t<meta property=\"og:image:height\" content=\"541\" \/>\n\t<meta property=\"og:image:type\" content=\"image\/jpeg\" \/>\n<meta name=\"author\" content=\"tbrmedia\" \/>\n<meta name=\"twitter:card\" content=\"summary_large_image\" \/>\n<meta name=\"twitter:creator\" content=\"@finnhandball\" \/>\n<meta name=\"twitter:site\" content=\"@finnhandball\" \/>\n<script type=\"application\/ld+json\" class=\"yoast-schema-graph\">{\"@context\":\"https:\\\/\\\/schema.org\",\"@graph\":[{\"@type\":\"Article\",\"@id\":\"https:\\\/\\\/aktialiiga.fi\\\/miehet\\\/2023-2024\\\/ottelut-2023-24\\\/bk-46-vei-karkikamppailun-nimiinsa-2\\\/#article\",\"isPartOf\":{\"@id\":\"https:\\\/\\\/aktialiiga.fi\\\/miehet\\\/2023-2024\\\/ottelut-2023-24\\\/bk-46-vei-karkikamppailun-nimiinsa-2\\\/\"},\"author\":{\"name\":\"tbrmedia\",\"@id\":\"https:\\\/\\\/aktialiiga.fi\\\/miehet\\\/#\\\/schema\\\/person\\\/c14bf42f47041db74603c45afcb18d87\"},\"headline\":\"BK-46 vei k\u00e4rkikamppailun nimiins\u00e4\",\"datePublished\":\"2023-11-15T17:51:01+00:00\",\"dateModified\":\"2023-11-15T18:11:16+00:00\",\"mainEntityOfPage\":{\"@id\":\"https:\\\/\\\/aktialiiga.fi\\\/miehet\\\/2023-2024\\\/ottelut-2023-24\\\/bk-46-vei-karkikamppailun-nimiinsa-2\\\/\"},\"wordCount\":296,\"publisher\":{\"@id\":\"https:\\\/\\\/aktialiiga.fi\\\/miehet\\\/#organization\"},\"image\":{\"@id\":\"https:\\\/\\\/aktialiiga.fi\\\/miehet\\\/2023-2024\\\/ottelut-2023-24\\\/bk-46-vei-karkikamppailun-nimiinsa-2\\\/#primaryimage\"},\"thumbnailUrl\":\"https:\\\/\\\/i0.wp.com\\\/aktialiiga.fi\\\/miehet\\\/wp-content\\\/uploads\\\/sites\\\/5\\\/2023\\\/10\\\/DSC8397-e1696410243592.jpg?fit=844%2C541&ssl=1\",\"keywords\":[\"BK-46\",\"GrIFK\"],\"articleSection\":[\"Ottelut\"],\"inLanguage\":\"fi\"},{\"@type\":\"WebPage\",\"@id\":\"https:\\\/\\\/aktialiiga.fi\\\/miehet\\\/2023-2024\\\/ottelut-2023-24\\\/bk-46-vei-karkikamppailun-nimiinsa-2\\\/\",\"url\":\"https:\\\/\\\/aktialiiga.fi\\\/miehet\\\/2023-2024\\\/ottelut-2023-24\\\/bk-46-vei-karkikamppailun-nimiinsa-2\\\/\",\"name\":\"BK-46 vei k\u00e4rkikamppailun nimiins\u00e4 | K\u00e4sipallon miesten Aktialiiga\",\"isPartOf\":{\"@id\":\"https:\\\/\\\/aktialiiga.fi\\\/miehet\\\/#website\"},\"primaryImageOfPage\":{\"@id\":\"https:\\\/\\\/aktialiiga.fi\\\/miehet\\\/2023-2024\\\/ottelut-2023-24\\\/bk-46-vei-karkikamppailun-nimiinsa-2\\\/#primaryimage\"},\"image\":{\"@id\":\"https:\\\/\\\/aktialiiga.fi\\\/miehet\\\/2023-2024\\\/ottelut-2023-24\\\/bk-46-vei-karkikamppailun-nimiinsa-2\\\/#primaryimage\"},\"thumbnailUrl\":\"https:\\\/\\\/i0.wp.com\\\/aktialiiga.fi\\\/miehet\\\/wp-content\\\/uploads\\\/sites\\\/5\\\/2023\\\/10\\\/DSC8397-e1696410243592.jpg?fit=844%2C541&ssl=1\",\"datePublished\":\"2023-11-15T17:51:01+00:00\",\"dateModified\":\"2023-11-15T18:11:16+00:00\",\"breadcrumb\":{\"@id\":\"https:\\\/\\\/aktialiiga.fi\\\/miehet\\\/2023-2024\\\/ottelut-2023-24\\\/bk-46-vei-karkikamppailun-nimiinsa-2\\\/#breadcrumb\"},\"inLanguage\":\"fi\",\"potentialAction\":[{\"@type\":\"ReadAction\",\"target\":[\"https:\\\/\\\/aktialiiga.fi\\\/miehet\\\/2023-2024\\\/ottelut-2023-24\\\/bk-46-vei-karkikamppailun-nimiinsa-2\\\/\"]}]},{\"@type\":\"ImageObject\",\"inLanguage\":\"fi\",\"@id\":\"https:\\\/\\\/aktialiiga.fi\\\/miehet\\\/2023-2024\\\/ottelut-2023-24\\\/bk-46-vei-karkikamppailun-nimiinsa-2\\\/#primaryimage\",\"url\":\"https:\\\/\\\/i0.wp.com\\\/aktialiiga.fi\\\/miehet\\\/wp-content\\\/uploads\\\/sites\\\/5\\\/2023\\\/10\\\/DSC8397-e1696410243592.jpg?fit=844%2C541&ssl=1\",\"contentUrl\":\"https:\\\/\\\/i0.wp.com\\\/aktialiiga.fi\\\/miehet\\\/wp-content\\\/uploads\\\/sites\\\/5\\\/2023\\\/10\\\/DSC8397-e1696410243592.jpg?fit=844%2C541&ssl=1\",\"width\":844,\"height\":541,\"caption\":\"K\u00e4sipallo miesten SM-liiga 5. finaali Cocks - BK-46 Riihim\u00e4ell\u00e4 20. toukokuuta 2023. (KALLE PARKKINEN\\\/Newspix24)\"},{\"@type\":\"BreadcrumbList\",\"@id\":\"https:\\\/\\\/aktialiiga.fi\\\/miehet\\\/2023-2024\\\/ottelut-2023-24\\\/bk-46-vei-karkikamppailun-nimiinsa-2\\\/#breadcrumb\",\"itemListElement\":[{\"@type\":\"ListItem\",\"position\":1,\"name\":\"Etusivu\",\"item\":\"https:\\\/\\\/aktialiiga.fi\\\/miehet\\\/\"},{\"@type\":\"ListItem\",\"position\":2,\"name\":\"BK-46 vei k\u00e4rkikamppailun nimiins\u00e4\"}]},{\"@type\":\"WebSite\",\"@id\":\"https:\\\/\\\/aktialiiga.fi\\\/miehet\\\/#website\",\"url\":\"https:\\\/\\\/aktialiiga.fi\\\/miehet\\\/\",\"name\":\"K\u00e4sipallon miesten Aktialiiga\",\"description\":\"Valtakunnan vauhdikkainta palloilua!\",\"publisher\":{\"@id\":\"https:\\\/\\\/aktialiiga.fi\\\/miehet\\\/#organization\"},\"potentialAction\":[{\"@type\":\"SearchAction\",\"target\":{\"@type\":\"EntryPoint\",\"urlTemplate\":\"https:\\\/\\\/aktialiiga.fi\\\/miehet\\\/?s={search_term_string}\"},\"query-input\":{\"@type\":\"PropertyValueSpecification\",\"valueRequired\":true,\"valueName\":\"search_term_string\"}}],\"inLanguage\":\"fi\"},{\"@type\":\"Organization\",\"@id\":\"https:\\\/\\\/aktialiiga.fi\\\/miehet\\\/#organization\",\"name\":\"K\u00e4sipallon miesten Aktialiiga\",\"url\":\"https:\\\/\\\/aktialiiga.fi\\\/miehet\\\/\",\"logo\":{\"@type\":\"ImageObject\",\"inLanguage\":\"fi\",\"@id\":\"https:\\\/\\\/aktialiiga.fi\\\/miehet\\\/#\\\/schema\\\/logo\\\/image\\\/\",\"url\":\"https:\\\/\\\/i0.wp.com\\\/aktialiiga.fi\\\/miehet\\\/wp-content\\\/uploads\\\/sites\\\/5\\\/2024\\\/09\\\/Aktialiiga-Yoast-512.png?fit=512%2C512&ssl=1\",\"contentUrl\":\"https:\\\/\\\/i0.wp.com\\\/aktialiiga.fi\\\/miehet\\\/wp-content\\\/uploads\\\/sites\\\/5\\\/2024\\\/09\\\/Aktialiiga-Yoast-512.png?fit=512%2C512&ssl=1\",\"width\":512,\"height\":512,\"caption\":\"K\u00e4sipallon miesten Aktialiiga\"},\"image\":{\"@id\":\"https:\\\/\\\/aktialiiga.fi\\\/miehet\\\/#\\\/schema\\\/logo\\\/image\\\/\"},\"sameAs\":[\"https:\\\/\\\/www.facebook.com\\\/finnhandball\",\"https:\\\/\\\/x.com\\\/finnhandball\",\"https:\\\/\\\/www.instagram.com\\\/handballfinland\\\/\"]},{\"@type\":\"Person\",\"@id\":\"https:\\\/\\\/aktialiiga.fi\\\/miehet\\\/#\\\/schema\\\/person\\\/c14bf42f47041db74603c45afcb18d87\",\"name\":\"tbrmedia\",\"image\":{\"@type\":\"ImageObject\",\"inLanguage\":\"fi\",\"@id\":\"https:\\\/\\\/secure.gravatar.com\\\/avatar\\\/ee975fa091fe581d12b60debb3439022686618368a7c142044c56724d4666b16?s=96&d=mm&r=g\",\"url\":\"https:\\\/\\\/secure.gravatar.com\\\/avatar\\\/ee975fa091fe581d12b60debb3439022686618368a7c142044c56724d4666b16?s=96&d=mm&r=g\",\"contentUrl\":\"https:\\\/\\\/secure.gravatar.com\\\/avatar\\\/ee975fa091fe581d12b60debb3439022686618368a7c142044c56724d4666b16?s=96&d=mm&r=g\",\"caption\":\"tbrmedia\"}}]}<\/script>\n<!-- \/ Yoast SEO plugin. -->","yoast_head_json":{"title":"BK-46 vei k\u00e4rkikamppailun nimiins\u00e4 | K\u00e4sipallon miesten Aktialiiga","robots":{"index":"index","follow":"follow","max-snippet":"max-snippet:-1","max-image-preview":"max-image-preview:large","max-video-preview":"max-video-preview:-1"},"canonical":"https:\/\/aktialiiga.fi\/miehet\/2023-2024\/ottelut-2023-24\/bk-46-vei-karkikamppailun-nimiinsa-2\/","og_locale":"fi_FI","og_type":"article","og_title":"BK-46 vei k\u00e4rkikamppailun nimiins\u00e4 | K\u00e4sipallon miesten Aktialiiga","og_description":"BK-46 otti kauden toisen voittonsa GrIFK:sta ja k\u00e4rkikamppailun voiton my\u00f6t\u00e4 tukevan aseman SM-liigan k\u00e4rkitaistossa. BK aloitti ottelun vahvasti ja rep\u00e4isi nopeasti nelj\u00e4n maalin johdon. Grani kipusi kuitenkin peliin mukaan ja kavensi eron yhteen maaliin avausjakson puoliv\u00e4liin menness\u00e4. Jakson loppu kirjattiin kuitenkin taas BK:lle ja ero k\u00e4vi pariin kertaan jo seitsem\u00e4ss\u00e4 maalissa, mutta Grani p\u00e4\u00e4si hiukan [&hellip;]","og_url":"https:\/\/aktialiiga.fi\/miehet\/2023-2024\/ottelut-2023-24\/bk-46-vei-karkikamppailun-nimiinsa-2\/","og_site_name":"K\u00e4sipallon miesten Aktialiiga","article_publisher":"https:\/\/www.facebook.com\/finnhandball","article_published_time":"2023-11-15T17:51:01+00:00","article_modified_time":"2023-11-15T18:11:16+00:00","og_image":[{"width":844,"height":541,"url":"https:\/\/i0.wp.com\/aktialiiga.fi\/miehet\/wp-content\/uploads\/sites\/5\/2023\/10\/DSC8397-e1696410243592.jpg?fit=844%2C541&ssl=1","type":"image\/jpeg"}],"author":"tbrmedia","twitter_card":"summary_large_image","twitter_creator":"@finnhandball","twitter_site":"@finnhandball","schema":{"@context":"https:\/\/schema.org","@graph":[{"@type":"Article","@id":"https:\/\/aktialiiga.fi\/miehet\/2023-2024\/ottelut-2023-24\/bk-46-vei-karkikamppailun-nimiinsa-2\/#article","isPartOf":{"@id":"https:\/\/aktialiiga.fi\/miehet\/2023-2024\/ottelut-2023-24\/bk-46-vei-karkikamppailun-nimiinsa-2\/"},"author":{"name":"tbrmedia","@id":"https:\/\/aktialiiga.fi\/miehet\/#\/schema\/person\/c14bf42f47041db74603c45afcb18d87"},"headline":"BK-46 vei k\u00e4rkikamppailun nimiins\u00e4","datePublished":"2023-11-15T17:51:01+00:00","dateModified":"2023-11-15T18:11:16+00:00","mainEntityOfPage":{"@id":"https:\/\/aktialiiga.fi\/miehet\/2023-2024\/ottelut-2023-24\/bk-46-vei-karkikamppailun-nimiinsa-2\/"},"wordCount":296,"publisher":{"@id":"https:\/\/aktialiiga.fi\/miehet\/#organization"},"image":{"@id":"https:\/\/aktialiiga.fi\/miehet\/2023-2024\/ottelut-2023-24\/bk-46-vei-karkikamppailun-nimiinsa-2\/#primaryimage"},"thumbnailUrl":"https:\/\/i0.wp.com\/aktialiiga.fi\/miehet\/wp-content\/uploads\/sites\/5\/2023\/10\/DSC8397-e1696410243592.jpg?fit=844%2C541&ssl=1","keywords":["BK-46","GrIFK"],"articleSection":["Ottelut"],"inLanguage":"fi"},{"@type":"WebPage","@id":"https:\/\/aktialiiga.fi\/miehet\/2023-2024\/ottelut-2023-24\/bk-46-vei-karkikamppailun-nimiinsa-2\/","url":"https:\/\/aktialiiga.fi\/miehet\/2023-2024\/ottelut-2023-24\/bk-46-vei-karkikamppailun-nimiinsa-2\/","name":"BK-46 vei k\u00e4rkikamppailun nimiins\u00e4 | K\u00e4sipallon miesten Aktialiiga","isPartOf":{"@id":"https:\/\/aktialiiga.fi\/miehet\/#website"},"primaryImageOfPage":{"@id":"https:\/\/aktialiiga.fi\/miehet\/2023-2024\/ottelut-2023-24\/bk-46-vei-karkikamppailun-nimiinsa-2\/#primaryimage"},"image":{"@id":"https:\/\/aktialiiga.fi\/miehet\/2023-2024\/ottelut-2023-24\/bk-46-vei-karkikamppailun-nimiinsa-2\/#primaryimage"},"thumbnailUrl":"https:\/\/i0.wp.com\/aktialiiga.fi\/miehet\/wp-content\/uploads\/sites\/5\/2023\/10\/DSC8397-e1696410243592.jpg?fit=844%2C541&ssl=1","datePublished":"2023-11-15T17:51:01+00:00","dateModified":"2023-11-15T18:11:16+00:00","breadcrumb":{"@id":"https:\/\/aktialiiga.fi\/miehet\/2023-2024\/ottelut-2023-24\/bk-46-vei-karkikamppailun-nimiinsa-2\/#breadcrumb"},"inLanguage":"fi","potentialAction":[{"@type":"ReadAction","target":["https:\/\/aktialiiga.fi\/miehet\/2023-2024\/ottelut-2023-24\/bk-46-vei-karkikamppailun-nimiinsa-2\/"]}]},{"@type":"ImageObject","inLanguage":"fi","@id":"https:\/\/aktialiiga.fi\/miehet\/2023-2024\/ottelut-2023-24\/bk-46-vei-karkikamppailun-nimiinsa-2\/#primaryimage","url":"https:\/\/i0.wp.com\/aktialiiga.fi\/miehet\/wp-content\/uploads\/sites\/5\/2023\/10\/DSC8397-e1696410243592.jpg?fit=844%2C541&ssl=1","contentUrl":"https:\/\/i0.wp.com\/aktialiiga.fi\/miehet\/wp-content\/uploads\/sites\/5\/2023\/10\/DSC8397-e1696410243592.jpg?fit=844%2C541&ssl=1","width":844,"height":541,"caption":"K\u00e4sipallo miesten SM-liiga 5. finaali Cocks - BK-46 Riihim\u00e4ell\u00e4 20. toukokuuta 2023. (KALLE PARKKINEN\/Newspix24)"},{"@type":"BreadcrumbList","@id":"https:\/\/aktialiiga.fi\/miehet\/2023-2024\/ottelut-2023-24\/bk-46-vei-karkikamppailun-nimiinsa-2\/#breadcrumb","itemListElement":[{"@type":"ListItem","position":1,"name":"Etusivu","item":"https:\/\/aktialiiga.fi\/miehet\/"},{"@type":"ListItem","position":2,"name":"BK-46 vei k\u00e4rkikamppailun nimiins\u00e4"}]},{"@type":"WebSite","@id":"https:\/\/aktialiiga.fi\/miehet\/#website","url":"https:\/\/aktialiiga.fi\/miehet\/","name":"K\u00e4sipallon miesten Aktialiiga","description":"Valtakunnan vauhdikkainta palloilua!","publisher":{"@id":"https:\/\/aktialiiga.fi\/miehet\/#organization"},"potentialAction":[{"@type":"SearchAction","target":{"@type":"EntryPoint","urlTemplate":"https:\/\/aktialiiga.fi\/miehet\/?s={search_term_string}"},"query-input":{"@type":"PropertyValueSpecification","valueRequired":true,"valueName":"search_term_string"}}],"inLanguage":"fi"},{"@type":"Organization","@id":"https:\/\/aktialiiga.fi\/miehet\/#organization","name":"K\u00e4sipallon miesten Aktialiiga","url":"https:\/\/aktialiiga.fi\/miehet\/","logo":{"@type":"ImageObject","inLanguage":"fi","@id":"https:\/\/aktialiiga.fi\/miehet\/#\/schema\/logo\/image\/","url":"https:\/\/i0.wp.com\/aktialiiga.fi\/miehet\/wp-content\/uploads\/sites\/5\/2024\/09\/Aktialiiga-Yoast-512.png?fit=512%2C512&ssl=1","contentUrl":"https:\/\/i0.wp.com\/aktialiiga.fi\/miehet\/wp-content\/uploads\/sites\/5\/2024\/09\/Aktialiiga-Yoast-512.png?fit=512%2C512&ssl=1","width":512,"height":512,"caption":"K\u00e4sipallon miesten Aktialiiga"},"image":{"@id":"https:\/\/aktialiiga.fi\/miehet\/#\/schema\/logo\/image\/"},"sameAs":["https:\/\/www.facebook.com\/finnhandball","https:\/\/x.com\/finnhandball","https:\/\/www.instagram.com\/handballfinland\/"]},{"@type":"Person","@id":"https:\/\/aktialiiga.fi\/miehet\/#\/schema\/person\/c14bf42f47041db74603c45afcb18d87","name":"tbrmedia","image":{"@type":"ImageObject","inLanguage":"fi","@id":"https:\/\/secure.gravatar.com\/avatar\/ee975fa091fe581d12b60debb3439022686618368a7c142044c56724d4666b16?s=96&d=mm&r=g","url":"https:\/\/secure.gravatar.com\/avatar\/ee975fa091fe581d12b60debb3439022686618368a7c142044c56724d4666b16?s=96&d=mm&r=g","contentUrl":"https:\/\/secure.gravatar.com\/avatar\/ee975fa091fe581d12b60debb3439022686618368a7c142044c56724d4666b16?s=96&d=mm&r=g","caption":"tbrmedia"}}]}},"jetpack_featured_media_url":"https:\/\/i0.wp.com\/aktialiiga.fi\/miehet\/wp-content\/uploads\/sites\/5\/2023\/10\/DSC8397-e1696410243592.jpg?fit=844%2C541&ssl=1","jetpack_sharing_enabled":true,"jetpack_shortlink":"https:\/\/wp.me\/pfTxOr-bLd","_links":{"self":[{"href":"https:\/\/aktialiiga.fi\/miehet\/wp-json\/wp\/v2\/posts\/45211","targetHints":{"allow":["GET"]}}],"collection":[{"href":"https:\/\/aktialiiga.fi\/miehet\/wp-json\/wp\/v2\/posts"}],"about":[{"href":"https:\/\/aktialiiga.fi\/miehet\/wp-json\/wp\/v2\/types\/post"}],"author":[{"embeddable":true,"href":"https:\/\/aktialiiga.fi\/miehet\/wp-json\/wp\/v2\/users\/13"}],"replies":[{"embeddable":true,"href":"https:\/\/aktialiiga.fi\/miehet\/wp-json\/wp\/v2\/comments?post=45211"}],"version-history":[{"count":0,"href":"https:\/\/aktialiiga.fi\/miehet\/wp-json\/wp\/v2\/posts\/45211\/revisions"}],"wp:featuredmedia":[{"embeddable":true,"href":"https:\/\/aktialiiga.fi\/miehet\/wp-json\/wp\/v2\/media\/44622"}],"wp:attachment":[{"href":"https:\/\/aktialiiga.fi\/miehet\/wp-json\/wp\/v2\/media?parent=45211"}],"wp:term":[{"taxonomy":"category","embeddable":true,"href":"https:\/\/aktialiiga.fi\/miehet\/wp-json\/wp\/v2\/categories?post=45211"},{"taxonomy":"post_tag","embeddable":true,"href":"https:\/\/aktialiiga.fi\/miehet\/wp-json\/wp\/v2\/tags?post=45211"}],"curies":[{"name":"wp","href":"https:\/\/api.w.org\/{rel}","templated":true}]}}