{"id":45287,"date":"2023-11-21T14:54:39","date_gmt":"2023-11-21T12:54:39","guid":{"rendered":"https:\/\/aktialiiga.fi\/miehet\/?p=45287"},"modified":"2023-11-21T14:54:39","modified_gmt":"2023-11-21T12:54:39","slug":"karkikohtaaminen-ja-derbyja-edessa-keskiviikkona","status":"publish","type":"post","link":"https:\/\/aktialiiga.fi\/miehet\/2023-2024\/ennakot-2023-24\/karkikohtaaminen-ja-derbyja-edessa-keskiviikkona\/","title":{"rendered":"K\u00e4rkikohtaaminen ja derbyj\u00e4 edess\u00e4 keskiviikkona"},"content":{"rendered":"<p>SM-liigassa on edess\u00e4 tiivistahtinen keskiviikkoilta, kun kello 19.00 k\u00e4ynnistyy samanaikaisesti kolme ottelua.<\/p>\n<p>K\u00e4rkijoukkueiden kohtaamiset jatkuvat ja nyt vastakkain ovat sijoilla 2. ja 3. sarjataulukossa olevat GrIFK ja Cocks. Joukkueet kohtasivat lokakuun alussa Riihim\u00e4ell\u00e4 ja tuolloin Grani vei pisteet matkaansa kahden maalin voitolla.<\/p>\n<p>Granilla on sarjassa yhdeks\u00e4st\u00e4 ottelusta kaksi tappiota, jotka molemmat on aiheuttanut hallitseva Suomen mestari BK-46, joka on my\u00f6s sek\u00e4 GrIFK:n ett\u00e4 Cocksin viimeisin vastustaja. Grani h\u00e4visi viikko sitten Karjaalla 28-31 ja Cocks lankesi lauantaina kotonaan nelinkontin h\u00e4vitty\u00e4\u00e4n per\u00e4ti kymmenell\u00e4 maalilla 27-37.<\/p>\n<p>Cocksilla tappioita on puolestaan tilill\u00e4 kolme, sill\u00e4 Granin ja BK:n lis\u00e4ksi joukkue taipui lokakuun lopussa HIFK:lle.<\/p>\n<p>Karjaalla elet\u00e4\u00e4n puolestaan V\u00e4stnylandsderbyn tunnelmissa, kun sarjak\u00e4rki BK-46 saa vieraakseen tiukasti ylemm\u00e4n jatkosarjan paikassa kiinni olevan SIF:n. SIF tekee lyhyen matkan Karjaalle kolmen voiton putki alla ja ehk\u00e4 my\u00f6s hiukan toiveikkaansa sen suhteen, ett\u00e4 BK:n ajatukset olisivat osin jo tulevan viikonlopun eurocup-ottelussa.<\/p>\n<p>&#8211; Olisi toki ollut hyv\u00e4, jos meill\u00e4 olisi ollut otteluista vapaa viikko ennen ottelua Serbiassa, mutta meid\u00e4n on keskitytt\u00e4v\u00e4 kunnolla Siuntiota vastaan ja yritt\u00e4\u00e4 samalla v\u00e4ltt\u00e4\u00e4 loukkaantumisia, BK-luotsi Andreas R\u00f6nnberg totesi V\u00e4stra Nylandille.<\/p>\n<p>Illan kolmannessa ottelussa iskev\u00e4t \u201dkamratderbyss\u00e4\u201d yhteen \u00c5IFK ja HIFK. Ottelu pelataan poikkeuksellisesti \u00c5IFK:n ja PIF:n yhteisty\u00f6n merkkin\u00e4 Paraisilla. \u00c5IFK:n p\u00e4\u00e4valmentaja Aku Kuusisto l\u00e4htee luottavaisena keskiviikon koitokseen.<\/p>\n<p>&#8211; Kolmas peli kahdeksaan p\u00e4iv\u00e4\u00e4n on kova haaste meille, mutta uskon rinkimme laajuuden riitt\u00e4v\u00e4n viel\u00e4 t\u00e4h\u00e4nkin peliin. Kauden ensimm\u00e4isess\u00e4 kohtaamisessa Helsingiss\u00e4 teimme t\u00e4h\u00e4n menness\u00e4 kovimman starttimme, mutta emme tuolloin l\u00f6yt\u00e4neet l\u00e4\u00e4kkeit\u00e4 HIFK:in 7v6- pelaamiseen ja voitto lipsahti viime minuutilla. Nyt olemme takuulle paremmin valmistautuneita my\u00f6s siihen pelin osa-alueeseen.<\/p>\n<p>&#8211; Lauantain peliimme Siuntiossa laitetaan nyt vain yksi napsaus lis\u00e4\u00e4 huolellisuutta pallon kanssa ja me voitamme keskiviikkona Paraisilla, Kuusisto paukuttaa \u00c5IFK:n verkkosivuilla.<\/p>\n<p><strong>SM-liiga keskiviikkona 22.11.:<\/strong><br \/>\n19.00 GrIFK \u2013 Cocks<br \/>\n19.00 BK-46 \u2013 SIF<br \/>\n19.00 \u00c5IFK \u2013 HIFK<\/p>\n<p>Kaikki SM-liigakauden ottelut suorina l\u00e4hetyksin\u00e4 <strong><a href=\"https:\/\/handis.tv\/handisliiga\" target=\"_blank\" rel=\"noopener\">HandisTV:st\u00e4<\/a><\/strong>.<\/p>\n","protected":false},"excerpt":{"rendered":"<p>SM-liigassa on edess\u00e4 tiivistahtinen keskiviikkoilta, kun kello 19.00 k\u00e4ynnistyy samanaikaisesti kolme ottelua. K\u00e4rkijoukkueiden kohtaamiset jatkuvat ja nyt vastakkain ovat sijoilla 2. ja 3. sarjataulukossa olevat GrIFK ja Cocks. Joukkueet kohtasivat lokakuun alussa Riihim\u00e4ell\u00e4 ja tuolloin Grani vei pisteet matkaansa kahden maalin voitolla. Granilla on sarjassa yhdeks\u00e4st\u00e4 ottelusta kaksi tappiota, jotka molemmat on aiheuttanut hallitseva Suomen [&hellip;]<\/p>\n","protected":false},"author":13,"featured_media":45048,"comment_status":"closed","ping_status":"closed","sticky":false,"template":"","format":"standard","meta":{"_acf_changed":false,"jetpack_post_was_ever_published":false,"_jetpack_newsletter_access":"","_jetpack_dont_email_post_to_subs":false,"_jetpack_newsletter_tier_id":0,"_jetpack_memberships_contains_paywalled_content":false,"_jetpack_memberships_contains_paid_content":false,"footnotes":""},"categories":[299],"tags":[50,56,57,64,71,111],"class_list":["post-45287","post","type-post","status-publish","format-standard","has-post-thumbnail","hentry","category-ennakot-2023-24","tag-aifk","tag-bk-46","tag-cocks","tag-grifk","tag-hifk","tag-sif"],"acf":[],"yoast_head":"<!-- This site is optimized with the Yoast SEO plugin v27.5 - https:\/\/yoast.com\/product\/yoast-seo-wordpress\/ -->\n<title>K\u00e4rkikohtaaminen ja derbyj\u00e4 edess\u00e4 keskiviikkona | K\u00e4sipallon miesten Aktialiiga<\/title>\n<meta name=\"robots\" content=\"index, follow, max-snippet:-1, max-image-preview:large, max-video-preview:-1\" \/>\n<link rel=\"canonical\" href=\"https:\/\/aktialiiga.fi\/miehet\/2023-2024\/ennakot-2023-24\/karkikohtaaminen-ja-derbyja-edessa-keskiviikkona\/\" \/>\n<meta property=\"og:locale\" content=\"fi_FI\" \/>\n<meta property=\"og:type\" content=\"article\" \/>\n<meta property=\"og:title\" content=\"K\u00e4rkikohtaaminen ja derbyj\u00e4 edess\u00e4 keskiviikkona | K\u00e4sipallon miesten Aktialiiga\" \/>\n<meta property=\"og:description\" content=\"SM-liigassa on edess\u00e4 tiivistahtinen keskiviikkoilta, kun kello 19.00 k\u00e4ynnistyy samanaikaisesti kolme ottelua. K\u00e4rkijoukkueiden kohtaamiset jatkuvat ja nyt vastakkain ovat sijoilla 2. ja 3. sarjataulukossa olevat GrIFK ja Cocks. Joukkueet kohtasivat lokakuun alussa Riihim\u00e4ell\u00e4 ja tuolloin Grani vei pisteet matkaansa kahden maalin voitolla. Granilla on sarjassa yhdeks\u00e4st\u00e4 ottelusta kaksi tappiota, jotka molemmat on aiheuttanut hallitseva Suomen [&hellip;]\" \/>\n<meta property=\"og:url\" content=\"https:\/\/aktialiiga.fi\/miehet\/2023-2024\/ennakot-2023-24\/karkikohtaaminen-ja-derbyja-edessa-keskiviikkona\/\" \/>\n<meta property=\"og:site_name\" content=\"K\u00e4sipallon miesten Aktialiiga\" \/>\n<meta property=\"article:publisher\" content=\"https:\/\/www.facebook.com\/finnhandball\" \/>\n<meta property=\"article:published_time\" content=\"2023-11-21T12:54:39+00:00\" \/>\n<meta property=\"og:image\" content=\"https:\/\/i0.wp.com\/aktialiiga.fi\/miehet\/wp-content\/uploads\/sites\/5\/2023\/10\/GrIFK_Roslander_Patrik_2324.jpg?fit=944%2C376&ssl=1\" \/>\n\t<meta property=\"og:image:width\" content=\"944\" \/>\n\t<meta property=\"og:image:height\" content=\"376\" \/>\n\t<meta property=\"og:image:type\" content=\"image\/jpeg\" \/>\n<meta name=\"author\" content=\"tbrmedia\" \/>\n<meta name=\"twitter:card\" content=\"summary_large_image\" \/>\n<meta name=\"twitter:creator\" content=\"@finnhandball\" \/>\n<meta name=\"twitter:site\" content=\"@finnhandball\" \/>\n<script type=\"application\/ld+json\" class=\"yoast-schema-graph\">{\"@context\":\"https:\\\/\\\/schema.org\",\"@graph\":[{\"@type\":\"Article\",\"@id\":\"https:\\\/\\\/aktialiiga.fi\\\/miehet\\\/2023-2024\\\/ennakot-2023-24\\\/karkikohtaaminen-ja-derbyja-edessa-keskiviikkona\\\/#article\",\"isPartOf\":{\"@id\":\"https:\\\/\\\/aktialiiga.fi\\\/miehet\\\/2023-2024\\\/ennakot-2023-24\\\/karkikohtaaminen-ja-derbyja-edessa-keskiviikkona\\\/\"},\"author\":{\"name\":\"tbrmedia\",\"@id\":\"https:\\\/\\\/aktialiiga.fi\\\/miehet\\\/#\\\/schema\\\/person\\\/c14bf42f47041db74603c45afcb18d87\"},\"headline\":\"K\u00e4rkikohtaaminen ja derbyj\u00e4 edess\u00e4 keskiviikkona\",\"datePublished\":\"2023-11-21T12:54:39+00:00\",\"mainEntityOfPage\":{\"@id\":\"https:\\\/\\\/aktialiiga.fi\\\/miehet\\\/2023-2024\\\/ennakot-2023-24\\\/karkikohtaaminen-ja-derbyja-edessa-keskiviikkona\\\/\"},\"wordCount\":337,\"publisher\":{\"@id\":\"https:\\\/\\\/aktialiiga.fi\\\/miehet\\\/#organization\"},\"image\":{\"@id\":\"https:\\\/\\\/aktialiiga.fi\\\/miehet\\\/2023-2024\\\/ennakot-2023-24\\\/karkikohtaaminen-ja-derbyja-edessa-keskiviikkona\\\/#primaryimage\"},\"thumbnailUrl\":\"https:\\\/\\\/i0.wp.com\\\/aktialiiga.fi\\\/miehet\\\/wp-content\\\/uploads\\\/sites\\\/5\\\/2023\\\/10\\\/GrIFK_Roslander_Patrik_2324.jpg?fit=944%2C376&ssl=1\",\"keywords\":[\"\u00c5IFK\",\"BK-46\",\"Cocks\",\"GrIFK\",\"HIFK\",\"SIF\"],\"articleSection\":[\"Ennakot\"],\"inLanguage\":\"fi\"},{\"@type\":\"WebPage\",\"@id\":\"https:\\\/\\\/aktialiiga.fi\\\/miehet\\\/2023-2024\\\/ennakot-2023-24\\\/karkikohtaaminen-ja-derbyja-edessa-keskiviikkona\\\/\",\"url\":\"https:\\\/\\\/aktialiiga.fi\\\/miehet\\\/2023-2024\\\/ennakot-2023-24\\\/karkikohtaaminen-ja-derbyja-edessa-keskiviikkona\\\/\",\"name\":\"K\u00e4rkikohtaaminen ja derbyj\u00e4 edess\u00e4 keskiviikkona | K\u00e4sipallon miesten Aktialiiga\",\"isPartOf\":{\"@id\":\"https:\\\/\\\/aktialiiga.fi\\\/miehet\\\/#website\"},\"primaryImageOfPage\":{\"@id\":\"https:\\\/\\\/aktialiiga.fi\\\/miehet\\\/2023-2024\\\/ennakot-2023-24\\\/karkikohtaaminen-ja-derbyja-edessa-keskiviikkona\\\/#primaryimage\"},\"image\":{\"@id\":\"https:\\\/\\\/aktialiiga.fi\\\/miehet\\\/2023-2024\\\/ennakot-2023-24\\\/karkikohtaaminen-ja-derbyja-edessa-keskiviikkona\\\/#primaryimage\"},\"thumbnailUrl\":\"https:\\\/\\\/i0.wp.com\\\/aktialiiga.fi\\\/miehet\\\/wp-content\\\/uploads\\\/sites\\\/5\\\/2023\\\/10\\\/GrIFK_Roslander_Patrik_2324.jpg?fit=944%2C376&ssl=1\",\"datePublished\":\"2023-11-21T12:54:39+00:00\",\"breadcrumb\":{\"@id\":\"https:\\\/\\\/aktialiiga.fi\\\/miehet\\\/2023-2024\\\/ennakot-2023-24\\\/karkikohtaaminen-ja-derbyja-edessa-keskiviikkona\\\/#breadcrumb\"},\"inLanguage\":\"fi\",\"potentialAction\":[{\"@type\":\"ReadAction\",\"target\":[\"https:\\\/\\\/aktialiiga.fi\\\/miehet\\\/2023-2024\\\/ennakot-2023-24\\\/karkikohtaaminen-ja-derbyja-edessa-keskiviikkona\\\/\"]}]},{\"@type\":\"ImageObject\",\"inLanguage\":\"fi\",\"@id\":\"https:\\\/\\\/aktialiiga.fi\\\/miehet\\\/2023-2024\\\/ennakot-2023-24\\\/karkikohtaaminen-ja-derbyja-edessa-keskiviikkona\\\/#primaryimage\",\"url\":\"https:\\\/\\\/i0.wp.com\\\/aktialiiga.fi\\\/miehet\\\/wp-content\\\/uploads\\\/sites\\\/5\\\/2023\\\/10\\\/GrIFK_Roslander_Patrik_2324.jpg?fit=944%2C376&ssl=1\",\"contentUrl\":\"https:\\\/\\\/i0.wp.com\\\/aktialiiga.fi\\\/miehet\\\/wp-content\\\/uploads\\\/sites\\\/5\\\/2023\\\/10\\\/GrIFK_Roslander_Patrik_2324.jpg?fit=944%2C376&ssl=1\",\"width\":944,\"height\":376,\"caption\":\"Patrik Roslander, GrIFK K\u00e4sipallon SM-liiga GrIFK - SIF Kauniaisten palloiluhalli 19. lokakuuta 2023. (Kalle Parkkinen\\\/Newspix24)\"},{\"@type\":\"BreadcrumbList\",\"@id\":\"https:\\\/\\\/aktialiiga.fi\\\/miehet\\\/2023-2024\\\/ennakot-2023-24\\\/karkikohtaaminen-ja-derbyja-edessa-keskiviikkona\\\/#breadcrumb\",\"itemListElement\":[{\"@type\":\"ListItem\",\"position\":1,\"name\":\"Etusivu\",\"item\":\"https:\\\/\\\/aktialiiga.fi\\\/miehet\\\/\"},{\"@type\":\"ListItem\",\"position\":2,\"name\":\"K\u00e4rkikohtaaminen ja derbyj\u00e4 edess\u00e4 keskiviikkona\"}]},{\"@type\":\"WebSite\",\"@id\":\"https:\\\/\\\/aktialiiga.fi\\\/miehet\\\/#website\",\"url\":\"https:\\\/\\\/aktialiiga.fi\\\/miehet\\\/\",\"name\":\"K\u00e4sipallon miesten Aktialiiga\",\"description\":\"Valtakunnan vauhdikkainta palloilua!\",\"publisher\":{\"@id\":\"https:\\\/\\\/aktialiiga.fi\\\/miehet\\\/#organization\"},\"potentialAction\":[{\"@type\":\"SearchAction\",\"target\":{\"@type\":\"EntryPoint\",\"urlTemplate\":\"https:\\\/\\\/aktialiiga.fi\\\/miehet\\\/?s={search_term_string}\"},\"query-input\":{\"@type\":\"PropertyValueSpecification\",\"valueRequired\":true,\"valueName\":\"search_term_string\"}}],\"inLanguage\":\"fi\"},{\"@type\":\"Organization\",\"@id\":\"https:\\\/\\\/aktialiiga.fi\\\/miehet\\\/#organization\",\"name\":\"K\u00e4sipallon miesten Aktialiiga\",\"url\":\"https:\\\/\\\/aktialiiga.fi\\\/miehet\\\/\",\"logo\":{\"@type\":\"ImageObject\",\"inLanguage\":\"fi\",\"@id\":\"https:\\\/\\\/aktialiiga.fi\\\/miehet\\\/#\\\/schema\\\/logo\\\/image\\\/\",\"url\":\"https:\\\/\\\/i0.wp.com\\\/aktialiiga.fi\\\/miehet\\\/wp-content\\\/uploads\\\/sites\\\/5\\\/2024\\\/09\\\/Aktialiiga-Yoast-512.png?fit=512%2C512&ssl=1\",\"contentUrl\":\"https:\\\/\\\/i0.wp.com\\\/aktialiiga.fi\\\/miehet\\\/wp-content\\\/uploads\\\/sites\\\/5\\\/2024\\\/09\\\/Aktialiiga-Yoast-512.png?fit=512%2C512&ssl=1\",\"width\":512,\"height\":512,\"caption\":\"K\u00e4sipallon miesten Aktialiiga\"},\"image\":{\"@id\":\"https:\\\/\\\/aktialiiga.fi\\\/miehet\\\/#\\\/schema\\\/logo\\\/image\\\/\"},\"sameAs\":[\"https:\\\/\\\/www.facebook.com\\\/finnhandball\",\"https:\\\/\\\/x.com\\\/finnhandball\",\"https:\\\/\\\/www.instagram.com\\\/handballfinland\\\/\"]},{\"@type\":\"Person\",\"@id\":\"https:\\\/\\\/aktialiiga.fi\\\/miehet\\\/#\\\/schema\\\/person\\\/c14bf42f47041db74603c45afcb18d87\",\"name\":\"tbrmedia\",\"image\":{\"@type\":\"ImageObject\",\"inLanguage\":\"fi\",\"@id\":\"https:\\\/\\\/secure.gravatar.com\\\/avatar\\\/ee975fa091fe581d12b60debb3439022686618368a7c142044c56724d4666b16?s=96&d=mm&r=g\",\"url\":\"https:\\\/\\\/secure.gravatar.com\\\/avatar\\\/ee975fa091fe581d12b60debb3439022686618368a7c142044c56724d4666b16?s=96&d=mm&r=g\",\"contentUrl\":\"https:\\\/\\\/secure.gravatar.com\\\/avatar\\\/ee975fa091fe581d12b60debb3439022686618368a7c142044c56724d4666b16?s=96&d=mm&r=g\",\"caption\":\"tbrmedia\"}}]}<\/script>\n<!-- \/ Yoast SEO plugin. -->","yoast_head_json":{"title":"K\u00e4rkikohtaaminen ja derbyj\u00e4 edess\u00e4 keskiviikkona | K\u00e4sipallon miesten Aktialiiga","robots":{"index":"index","follow":"follow","max-snippet":"max-snippet:-1","max-image-preview":"max-image-preview:large","max-video-preview":"max-video-preview:-1"},"canonical":"https:\/\/aktialiiga.fi\/miehet\/2023-2024\/ennakot-2023-24\/karkikohtaaminen-ja-derbyja-edessa-keskiviikkona\/","og_locale":"fi_FI","og_type":"article","og_title":"K\u00e4rkikohtaaminen ja derbyj\u00e4 edess\u00e4 keskiviikkona | K\u00e4sipallon miesten Aktialiiga","og_description":"SM-liigassa on edess\u00e4 tiivistahtinen keskiviikkoilta, kun kello 19.00 k\u00e4ynnistyy samanaikaisesti kolme ottelua. K\u00e4rkijoukkueiden kohtaamiset jatkuvat ja nyt vastakkain ovat sijoilla 2. ja 3. sarjataulukossa olevat GrIFK ja Cocks. Joukkueet kohtasivat lokakuun alussa Riihim\u00e4ell\u00e4 ja tuolloin Grani vei pisteet matkaansa kahden maalin voitolla. Granilla on sarjassa yhdeks\u00e4st\u00e4 ottelusta kaksi tappiota, jotka molemmat on aiheuttanut hallitseva Suomen [&hellip;]","og_url":"https:\/\/aktialiiga.fi\/miehet\/2023-2024\/ennakot-2023-24\/karkikohtaaminen-ja-derbyja-edessa-keskiviikkona\/","og_site_name":"K\u00e4sipallon miesten Aktialiiga","article_publisher":"https:\/\/www.facebook.com\/finnhandball","article_published_time":"2023-11-21T12:54:39+00:00","og_image":[{"width":944,"height":376,"url":"https:\/\/i0.wp.com\/aktialiiga.fi\/miehet\/wp-content\/uploads\/sites\/5\/2023\/10\/GrIFK_Roslander_Patrik_2324.jpg?fit=944%2C376&ssl=1","type":"image\/jpeg"}],"author":"tbrmedia","twitter_card":"summary_large_image","twitter_creator":"@finnhandball","twitter_site":"@finnhandball","schema":{"@context":"https:\/\/schema.org","@graph":[{"@type":"Article","@id":"https:\/\/aktialiiga.fi\/miehet\/2023-2024\/ennakot-2023-24\/karkikohtaaminen-ja-derbyja-edessa-keskiviikkona\/#article","isPartOf":{"@id":"https:\/\/aktialiiga.fi\/miehet\/2023-2024\/ennakot-2023-24\/karkikohtaaminen-ja-derbyja-edessa-keskiviikkona\/"},"author":{"name":"tbrmedia","@id":"https:\/\/aktialiiga.fi\/miehet\/#\/schema\/person\/c14bf42f47041db74603c45afcb18d87"},"headline":"K\u00e4rkikohtaaminen ja derbyj\u00e4 edess\u00e4 keskiviikkona","datePublished":"2023-11-21T12:54:39+00:00","mainEntityOfPage":{"@id":"https:\/\/aktialiiga.fi\/miehet\/2023-2024\/ennakot-2023-24\/karkikohtaaminen-ja-derbyja-edessa-keskiviikkona\/"},"wordCount":337,"publisher":{"@id":"https:\/\/aktialiiga.fi\/miehet\/#organization"},"image":{"@id":"https:\/\/aktialiiga.fi\/miehet\/2023-2024\/ennakot-2023-24\/karkikohtaaminen-ja-derbyja-edessa-keskiviikkona\/#primaryimage"},"thumbnailUrl":"https:\/\/i0.wp.com\/aktialiiga.fi\/miehet\/wp-content\/uploads\/sites\/5\/2023\/10\/GrIFK_Roslander_Patrik_2324.jpg?fit=944%2C376&ssl=1","keywords":["\u00c5IFK","BK-46","Cocks","GrIFK","HIFK","SIF"],"articleSection":["Ennakot"],"inLanguage":"fi"},{"@type":"WebPage","@id":"https:\/\/aktialiiga.fi\/miehet\/2023-2024\/ennakot-2023-24\/karkikohtaaminen-ja-derbyja-edessa-keskiviikkona\/","url":"https:\/\/aktialiiga.fi\/miehet\/2023-2024\/ennakot-2023-24\/karkikohtaaminen-ja-derbyja-edessa-keskiviikkona\/","name":"K\u00e4rkikohtaaminen ja derbyj\u00e4 edess\u00e4 keskiviikkona | K\u00e4sipallon miesten Aktialiiga","isPartOf":{"@id":"https:\/\/aktialiiga.fi\/miehet\/#website"},"primaryImageOfPage":{"@id":"https:\/\/aktialiiga.fi\/miehet\/2023-2024\/ennakot-2023-24\/karkikohtaaminen-ja-derbyja-edessa-keskiviikkona\/#primaryimage"},"image":{"@id":"https:\/\/aktialiiga.fi\/miehet\/2023-2024\/ennakot-2023-24\/karkikohtaaminen-ja-derbyja-edessa-keskiviikkona\/#primaryimage"},"thumbnailUrl":"https:\/\/i0.wp.com\/aktialiiga.fi\/miehet\/wp-content\/uploads\/sites\/5\/2023\/10\/GrIFK_Roslander_Patrik_2324.jpg?fit=944%2C376&ssl=1","datePublished":"2023-11-21T12:54:39+00:00","breadcrumb":{"@id":"https:\/\/aktialiiga.fi\/miehet\/2023-2024\/ennakot-2023-24\/karkikohtaaminen-ja-derbyja-edessa-keskiviikkona\/#breadcrumb"},"inLanguage":"fi","potentialAction":[{"@type":"ReadAction","target":["https:\/\/aktialiiga.fi\/miehet\/2023-2024\/ennakot-2023-24\/karkikohtaaminen-ja-derbyja-edessa-keskiviikkona\/"]}]},{"@type":"ImageObject","inLanguage":"fi","@id":"https:\/\/aktialiiga.fi\/miehet\/2023-2024\/ennakot-2023-24\/karkikohtaaminen-ja-derbyja-edessa-keskiviikkona\/#primaryimage","url":"https:\/\/i0.wp.com\/aktialiiga.fi\/miehet\/wp-content\/uploads\/sites\/5\/2023\/10\/GrIFK_Roslander_Patrik_2324.jpg?fit=944%2C376&ssl=1","contentUrl":"https:\/\/i0.wp.com\/aktialiiga.fi\/miehet\/wp-content\/uploads\/sites\/5\/2023\/10\/GrIFK_Roslander_Patrik_2324.jpg?fit=944%2C376&ssl=1","width":944,"height":376,"caption":"Patrik Roslander, GrIFK K\u00e4sipallon SM-liiga GrIFK - SIF Kauniaisten palloiluhalli 19. lokakuuta 2023. (Kalle Parkkinen\/Newspix24)"},{"@type":"BreadcrumbList","@id":"https:\/\/aktialiiga.fi\/miehet\/2023-2024\/ennakot-2023-24\/karkikohtaaminen-ja-derbyja-edessa-keskiviikkona\/#breadcrumb","itemListElement":[{"@type":"ListItem","position":1,"name":"Etusivu","item":"https:\/\/aktialiiga.fi\/miehet\/"},{"@type":"ListItem","position":2,"name":"K\u00e4rkikohtaaminen ja derbyj\u00e4 edess\u00e4 keskiviikkona"}]},{"@type":"WebSite","@id":"https:\/\/aktialiiga.fi\/miehet\/#website","url":"https:\/\/aktialiiga.fi\/miehet\/","name":"K\u00e4sipallon miesten Aktialiiga","description":"Valtakunnan vauhdikkainta palloilua!","publisher":{"@id":"https:\/\/aktialiiga.fi\/miehet\/#organization"},"potentialAction":[{"@type":"SearchAction","target":{"@type":"EntryPoint","urlTemplate":"https:\/\/aktialiiga.fi\/miehet\/?s={search_term_string}"},"query-input":{"@type":"PropertyValueSpecification","valueRequired":true,"valueName":"search_term_string"}}],"inLanguage":"fi"},{"@type":"Organization","@id":"https:\/\/aktialiiga.fi\/miehet\/#organization","name":"K\u00e4sipallon miesten Aktialiiga","url":"https:\/\/aktialiiga.fi\/miehet\/","logo":{"@type":"ImageObject","inLanguage":"fi","@id":"https:\/\/aktialiiga.fi\/miehet\/#\/schema\/logo\/image\/","url":"https:\/\/i0.wp.com\/aktialiiga.fi\/miehet\/wp-content\/uploads\/sites\/5\/2024\/09\/Aktialiiga-Yoast-512.png?fit=512%2C512&ssl=1","contentUrl":"https:\/\/i0.wp.com\/aktialiiga.fi\/miehet\/wp-content\/uploads\/sites\/5\/2024\/09\/Aktialiiga-Yoast-512.png?fit=512%2C512&ssl=1","width":512,"height":512,"caption":"K\u00e4sipallon miesten Aktialiiga"},"image":{"@id":"https:\/\/aktialiiga.fi\/miehet\/#\/schema\/logo\/image\/"},"sameAs":["https:\/\/www.facebook.com\/finnhandball","https:\/\/x.com\/finnhandball","https:\/\/www.instagram.com\/handballfinland\/"]},{"@type":"Person","@id":"https:\/\/aktialiiga.fi\/miehet\/#\/schema\/person\/c14bf42f47041db74603c45afcb18d87","name":"tbrmedia","image":{"@type":"ImageObject","inLanguage":"fi","@id":"https:\/\/secure.gravatar.com\/avatar\/ee975fa091fe581d12b60debb3439022686618368a7c142044c56724d4666b16?s=96&d=mm&r=g","url":"https:\/\/secure.gravatar.com\/avatar\/ee975fa091fe581d12b60debb3439022686618368a7c142044c56724d4666b16?s=96&d=mm&r=g","contentUrl":"https:\/\/secure.gravatar.com\/avatar\/ee975fa091fe581d12b60debb3439022686618368a7c142044c56724d4666b16?s=96&d=mm&r=g","caption":"tbrmedia"}}]}},"jetpack_featured_media_url":"https:\/\/i0.wp.com\/aktialiiga.fi\/miehet\/wp-content\/uploads\/sites\/5\/2023\/10\/GrIFK_Roslander_Patrik_2324.jpg?fit=944%2C376&ssl=1","jetpack_sharing_enabled":true,"jetpack_shortlink":"https:\/\/wp.me\/pfTxOr-bMr","_links":{"self":[{"href":"https:\/\/aktialiiga.fi\/miehet\/wp-json\/wp\/v2\/posts\/45287","targetHints":{"allow":["GET"]}}],"collection":[{"href":"https:\/\/aktialiiga.fi\/miehet\/wp-json\/wp\/v2\/posts"}],"about":[{"href":"https:\/\/aktialiiga.fi\/miehet\/wp-json\/wp\/v2\/types\/post"}],"author":[{"embeddable":true,"href":"https:\/\/aktialiiga.fi\/miehet\/wp-json\/wp\/v2\/users\/13"}],"replies":[{"embeddable":true,"href":"https:\/\/aktialiiga.fi\/miehet\/wp-json\/wp\/v2\/comments?post=45287"}],"version-history":[{"count":0,"href":"https:\/\/aktialiiga.fi\/miehet\/wp-json\/wp\/v2\/posts\/45287\/revisions"}],"wp:featuredmedia":[{"embeddable":true,"href":"https:\/\/aktialiiga.fi\/miehet\/wp-json\/wp\/v2\/media\/45048"}],"wp:attachment":[{"href":"https:\/\/aktialiiga.fi\/miehet\/wp-json\/wp\/v2\/media?parent=45287"}],"wp:term":[{"taxonomy":"category","embeddable":true,"href":"https:\/\/aktialiiga.fi\/miehet\/wp-json\/wp\/v2\/categories?post=45287"},{"taxonomy":"post_tag","embeddable":true,"href":"https:\/\/aktialiiga.fi\/miehet\/wp-json\/wp\/v2\/tags?post=45287"}],"curies":[{"name":"wp","href":"https:\/\/api.w.org\/{rel}","templated":true}]}}