{"id":45341,"date":"2023-11-29T20:31:15","date_gmt":"2023-11-29T18:31:15","guid":{"rendered":"https:\/\/aktialiiga.fi\/miehet\/?p=45341"},"modified":"2023-11-29T21:06:19","modified_gmt":"2023-11-29T19:06:19","slug":"dicken-otti-kauden-avausvoittonsa","status":"publish","type":"post","link":"https:\/\/aktialiiga.fi\/miehet\/2023-2024\/ottelut-2023-24\/dicken-otti-kauden-avausvoittonsa\/","title":{"rendered":"Dicken otti kauden avausvoittonsa"},"content":{"rendered":"<p>Dickenin ja \u00c5IFK:n kohtaaminen keskiviikkona eteni 45 minuuttia tasaisesti, mutta Dickenin loppuveto ratkaisi ja toi lauttasaarelaisille kauden avausvoiton.<\/p>\n<p>Ottelu alkoi tasaisissa merkeiss\u00e4 ja avausjakson puoliv\u00e4liin menness\u00e4 maaleja oli n\u00e4hty jo melkoinen m\u00e4\u00e4r\u00e4, mutta eroa kotijoukkue Dickenin eduksi ei ollut maalia enemp\u00e4\u00e4. Maalitehtailu tyrehtyi selv\u00e4sti jakson toisella puoliskolla, mutta sama maalin ero oli tauolle l\u00e4hdett\u00e4ess\u00e4.<\/p>\n<p>Sama tahti jatkui toisella jaksolla. Dicken oli niukasti niskan p\u00e4\u00e4ll\u00e4, mutta \u00c5IFK pysytteli tiukasti tuntumassa ja nousi aina v\u00e4lill\u00e4 tasatilanteeseen. Jakson puoliv\u00e4liss\u00e4 Dicken alkoi kuitenkin venytt\u00e4\u00e4 johtoaan ja karkasi lopussa voittoon selkein numeroin.<\/p>\n<p>Dickenin p\u00e4\u00e4valmentaja Ken Sirenius oli helpottunut tuloksesta.<\/p>\n<p>&#8211; Olen eritt\u00e4in iloinen, ett\u00e4 viime viikon j\u00e4lkeen, jolloin emme pystyneet paljon treenaamaan, pelaajat pystyiv\u00e4t olemaan fokusoituneita ja pit\u00e4m\u00e4\u00e4n p\u00e4\u00e4n kylm\u00e4n\u00e4, Sirenius kiitteli.<\/p>\n<p>\u00c5IFK:n p\u00e4\u00e4valmentaja Aku Kuusisto harmitteli otteen katoamista.<\/p>\n<p>&#8211; Hyv\u00e4t 30 minuuttia, mutta sitten toisella jaksolla meill\u00e4 oli liian vaikeaa saada pallo Bogdanin ohi. Lis\u00e4ksi tarvitsemme tarkkuutta ylivoimakontriin, teemme niiss\u00e4 liikaa helppoja virheit\u00e4. Benkku oli my\u00f6s t\u00e4n\u00e4\u00e4n hyv\u00e4 ja emme saaneet h\u00e4nen fysiikkaansa stoppia, Kuusisto antoi tunnustusta vastustajan kaksikolla Klepa-Peitsaro.<\/p>\n<p>&#8211; Paljon hyv\u00e4\u00e4 ja ensi perjantaina uusiksi Turussa.<\/p>\n<p>Ottelun parhaan pelaajan tittelin veikin nimiins\u00e4 Dicken-maalivahti Bogdan Klepa.<\/p>\n<p>&#8211; Oli hyv\u00e4 matsi. Pelasimme hyvin puolustuksessa ja vaikka hy\u00f6kk\u00e4ys ei aina ollut loistavaa, voitti puolustus meille matsin, Klepa n\u00e4ki.<\/p>\n<p><strong>Dicken \u2013 \u00c5IFK 29-22 (13-12)<\/strong><\/p>\n<p><strong>Maalintekij\u00e4t<\/strong>: maalit (7m maalit)<br \/>\nDicken. Benjamin Peitsaro 12, Serhii Dubovyk 4, Benny Broman 4, Vidar Wickstr\u00f6m 2, Arne Berglund 2 (2), Ragnar Wickstr\u00f6m 1, Roni Syrj\u00e4l\u00e4 1 (1), Bogdan Klepa 1, Carlo Granfors 1, Joacim Broman 1<br \/>\n\u00c5IFK: Wilhelm Hammarberg 7 (2), Rasmus Norstr\u00f6m 5, Martin Gristsuk 4, Nils Viljanen 2, Aaron Kronberg 2, Liam Ranta-aho 1, William Malkam\u00e4ki 1<\/p>\n<p><strong>T\u00e4htipelaajat<\/strong><br \/>\nBogdan Klepa Dicken 3<br \/>\nBenjamin Peitsaro Dicken 2<br \/>\nEero Virtanen \u00c5IFK 1<\/p>\n<p><strong>2 min ulosajot sek\u00e4 pelist\u00e4 sulkemiset<\/strong><br \/>\nDicken: Benny Broman 1 x 2 min<br \/>\n\u00c5IFK: Martin Gristsuk 2 x 2 min, Sebastian Hernelahti 1 x 2 min, William Malkam\u00e4ki 1 x 2 min<\/p>\n<p><em>Erotuomarit<\/em>: Samuel Leandersson &#8211; Werneri Kivipato<\/p>\n<p><em>Yleis\u00f6\u00e4<\/em>: 107<\/p>\n","protected":false},"excerpt":{"rendered":"<p>Dickenin ja \u00c5IFK:n kohtaaminen keskiviikkona eteni 45 minuuttia tasaisesti, mutta Dickenin loppuveto ratkaisi ja toi lauttasaarelaisille kauden avausvoiton. Ottelu alkoi tasaisissa merkeiss\u00e4 ja avausjakson puoliv\u00e4liin menness\u00e4 maaleja oli n\u00e4hty jo melkoinen m\u00e4\u00e4r\u00e4, mutta eroa kotijoukkue Dickenin eduksi ei ollut maalia enemp\u00e4\u00e4. Maalitehtailu tyrehtyi selv\u00e4sti jakson toisella puoliskolla, mutta sama maalin ero oli tauolle l\u00e4hdett\u00e4ess\u00e4. Sama [&hellip;]<\/p>\n","protected":false},"author":13,"featured_media":45342,"comment_status":"closed","ping_status":"closed","sticky":false,"template":"","format":"standard","meta":{"_acf_changed":false,"jetpack_post_was_ever_published":false,"_jetpack_newsletter_access":"","_jetpack_dont_email_post_to_subs":false,"_jetpack_newsletter_tier_id":0,"_jetpack_memberships_contains_paywalled_content":false,"_jetpack_memberships_contains_paid_content":false,"footnotes":""},"categories":[303],"tags":[50,58],"class_list":["post-45341","post","type-post","status-publish","format-standard","has-post-thumbnail","hentry","category-ottelut-2023-24","tag-aifk","tag-dicken"],"acf":[],"yoast_head":"<!-- This site is optimized with the Yoast SEO plugin v27.5 - https:\/\/yoast.com\/product\/yoast-seo-wordpress\/ -->\n<title>Dicken otti kauden avausvoittonsa | K\u00e4sipallon miesten Aktialiiga<\/title>\n<meta name=\"robots\" content=\"index, follow, max-snippet:-1, max-image-preview:large, max-video-preview:-1\" \/>\n<link rel=\"canonical\" href=\"https:\/\/aktialiiga.fi\/miehet\/2023-2024\/ottelut-2023-24\/dicken-otti-kauden-avausvoittonsa\/\" \/>\n<meta property=\"og:locale\" content=\"fi_FI\" \/>\n<meta property=\"og:type\" content=\"article\" \/>\n<meta property=\"og:title\" content=\"Dicken otti kauden avausvoittonsa | K\u00e4sipallon miesten Aktialiiga\" \/>\n<meta property=\"og:description\" content=\"Dickenin ja \u00c5IFK:n kohtaaminen keskiviikkona eteni 45 minuuttia tasaisesti, mutta Dickenin loppuveto ratkaisi ja toi lauttasaarelaisille kauden avausvoiton. Ottelu alkoi tasaisissa merkeiss\u00e4 ja avausjakson puoliv\u00e4liin menness\u00e4 maaleja oli n\u00e4hty jo melkoinen m\u00e4\u00e4r\u00e4, mutta eroa kotijoukkue Dickenin eduksi ei ollut maalia enemp\u00e4\u00e4. Maalitehtailu tyrehtyi selv\u00e4sti jakson toisella puoliskolla, mutta sama maalin ero oli tauolle l\u00e4hdett\u00e4ess\u00e4. Sama [&hellip;]\" \/>\n<meta property=\"og:url\" content=\"https:\/\/aktialiiga.fi\/miehet\/2023-2024\/ottelut-2023-24\/dicken-otti-kauden-avausvoittonsa\/\" \/>\n<meta property=\"og:site_name\" content=\"K\u00e4sipallon miesten Aktialiiga\" \/>\n<meta property=\"article:publisher\" content=\"https:\/\/www.facebook.com\/finnhandball\" \/>\n<meta property=\"article:published_time\" content=\"2023-11-29T18:31:15+00:00\" \/>\n<meta property=\"article:modified_time\" content=\"2023-11-29T19:06:19+00:00\" \/>\n<meta property=\"og:image\" content=\"https:\/\/i0.wp.com\/aktialiiga.fi\/miehet\/wp-content\/uploads\/sites\/5\/2023\/11\/Dicken_Klepa_Bogdan_2324.jpg?fit=884%2C381&ssl=1\" \/>\n\t<meta property=\"og:image:width\" content=\"884\" \/>\n\t<meta property=\"og:image:height\" content=\"381\" \/>\n\t<meta property=\"og:image:type\" content=\"image\/jpeg\" \/>\n<meta name=\"author\" content=\"tbrmedia\" \/>\n<meta name=\"twitter:card\" content=\"summary_large_image\" \/>\n<meta name=\"twitter:creator\" content=\"@finnhandball\" \/>\n<meta name=\"twitter:site\" content=\"@finnhandball\" \/>\n<script type=\"application\/ld+json\" class=\"yoast-schema-graph\">{\"@context\":\"https:\\\/\\\/schema.org\",\"@graph\":[{\"@type\":\"Article\",\"@id\":\"https:\\\/\\\/aktialiiga.fi\\\/miehet\\\/2023-2024\\\/ottelut-2023-24\\\/dicken-otti-kauden-avausvoittonsa\\\/#article\",\"isPartOf\":{\"@id\":\"https:\\\/\\\/aktialiiga.fi\\\/miehet\\\/2023-2024\\\/ottelut-2023-24\\\/dicken-otti-kauden-avausvoittonsa\\\/\"},\"author\":{\"name\":\"tbrmedia\",\"@id\":\"https:\\\/\\\/aktialiiga.fi\\\/miehet\\\/#\\\/schema\\\/person\\\/c14bf42f47041db74603c45afcb18d87\"},\"headline\":\"Dicken otti kauden avausvoittonsa\",\"datePublished\":\"2023-11-29T18:31:15+00:00\",\"dateModified\":\"2023-11-29T19:06:19+00:00\",\"mainEntityOfPage\":{\"@id\":\"https:\\\/\\\/aktialiiga.fi\\\/miehet\\\/2023-2024\\\/ottelut-2023-24\\\/dicken-otti-kauden-avausvoittonsa\\\/\"},\"wordCount\":326,\"publisher\":{\"@id\":\"https:\\\/\\\/aktialiiga.fi\\\/miehet\\\/#organization\"},\"image\":{\"@id\":\"https:\\\/\\\/aktialiiga.fi\\\/miehet\\\/2023-2024\\\/ottelut-2023-24\\\/dicken-otti-kauden-avausvoittonsa\\\/#primaryimage\"},\"thumbnailUrl\":\"https:\\\/\\\/i0.wp.com\\\/aktialiiga.fi\\\/miehet\\\/wp-content\\\/uploads\\\/sites\\\/5\\\/2023\\\/11\\\/Dicken_Klepa_Bogdan_2324.jpg?fit=884%2C381&ssl=1\",\"keywords\":[\"\u00c5IFK\",\"Dicken\"],\"articleSection\":[\"Ottelut\"],\"inLanguage\":\"fi\"},{\"@type\":\"WebPage\",\"@id\":\"https:\\\/\\\/aktialiiga.fi\\\/miehet\\\/2023-2024\\\/ottelut-2023-24\\\/dicken-otti-kauden-avausvoittonsa\\\/\",\"url\":\"https:\\\/\\\/aktialiiga.fi\\\/miehet\\\/2023-2024\\\/ottelut-2023-24\\\/dicken-otti-kauden-avausvoittonsa\\\/\",\"name\":\"Dicken otti kauden avausvoittonsa | K\u00e4sipallon miesten Aktialiiga\",\"isPartOf\":{\"@id\":\"https:\\\/\\\/aktialiiga.fi\\\/miehet\\\/#website\"},\"primaryImageOfPage\":{\"@id\":\"https:\\\/\\\/aktialiiga.fi\\\/miehet\\\/2023-2024\\\/ottelut-2023-24\\\/dicken-otti-kauden-avausvoittonsa\\\/#primaryimage\"},\"image\":{\"@id\":\"https:\\\/\\\/aktialiiga.fi\\\/miehet\\\/2023-2024\\\/ottelut-2023-24\\\/dicken-otti-kauden-avausvoittonsa\\\/#primaryimage\"},\"thumbnailUrl\":\"https:\\\/\\\/i0.wp.com\\\/aktialiiga.fi\\\/miehet\\\/wp-content\\\/uploads\\\/sites\\\/5\\\/2023\\\/11\\\/Dicken_Klepa_Bogdan_2324.jpg?fit=884%2C381&ssl=1\",\"datePublished\":\"2023-11-29T18:31:15+00:00\",\"dateModified\":\"2023-11-29T19:06:19+00:00\",\"breadcrumb\":{\"@id\":\"https:\\\/\\\/aktialiiga.fi\\\/miehet\\\/2023-2024\\\/ottelut-2023-24\\\/dicken-otti-kauden-avausvoittonsa\\\/#breadcrumb\"},\"inLanguage\":\"fi\",\"potentialAction\":[{\"@type\":\"ReadAction\",\"target\":[\"https:\\\/\\\/aktialiiga.fi\\\/miehet\\\/2023-2024\\\/ottelut-2023-24\\\/dicken-otti-kauden-avausvoittonsa\\\/\"]}]},{\"@type\":\"ImageObject\",\"inLanguage\":\"fi\",\"@id\":\"https:\\\/\\\/aktialiiga.fi\\\/miehet\\\/2023-2024\\\/ottelut-2023-24\\\/dicken-otti-kauden-avausvoittonsa\\\/#primaryimage\",\"url\":\"https:\\\/\\\/i0.wp.com\\\/aktialiiga.fi\\\/miehet\\\/wp-content\\\/uploads\\\/sites\\\/5\\\/2023\\\/11\\\/Dicken_Klepa_Bogdan_2324.jpg?fit=884%2C381&ssl=1\",\"contentUrl\":\"https:\\\/\\\/i0.wp.com\\\/aktialiiga.fi\\\/miehet\\\/wp-content\\\/uploads\\\/sites\\\/5\\\/2023\\\/11\\\/Dicken_Klepa_Bogdan_2324.jpg?fit=884%2C381&ssl=1\",\"width\":884,\"height\":381,\"caption\":\"Bogdan Klepa, Dicken K\u00e4sipallon SM-liiga Dicken - BK-46 Pirkkolan palloiluhalli 25. lokakuuta 2023. (Kalle Parkkinen\\\/Newspix24)\"},{\"@type\":\"BreadcrumbList\",\"@id\":\"https:\\\/\\\/aktialiiga.fi\\\/miehet\\\/2023-2024\\\/ottelut-2023-24\\\/dicken-otti-kauden-avausvoittonsa\\\/#breadcrumb\",\"itemListElement\":[{\"@type\":\"ListItem\",\"position\":1,\"name\":\"Etusivu\",\"item\":\"https:\\\/\\\/aktialiiga.fi\\\/miehet\\\/\"},{\"@type\":\"ListItem\",\"position\":2,\"name\":\"Dicken otti kauden avausvoittonsa\"}]},{\"@type\":\"WebSite\",\"@id\":\"https:\\\/\\\/aktialiiga.fi\\\/miehet\\\/#website\",\"url\":\"https:\\\/\\\/aktialiiga.fi\\\/miehet\\\/\",\"name\":\"K\u00e4sipallon miesten Aktialiiga\",\"description\":\"Valtakunnan vauhdikkainta palloilua!\",\"publisher\":{\"@id\":\"https:\\\/\\\/aktialiiga.fi\\\/miehet\\\/#organization\"},\"potentialAction\":[{\"@type\":\"SearchAction\",\"target\":{\"@type\":\"EntryPoint\",\"urlTemplate\":\"https:\\\/\\\/aktialiiga.fi\\\/miehet\\\/?s={search_term_string}\"},\"query-input\":{\"@type\":\"PropertyValueSpecification\",\"valueRequired\":true,\"valueName\":\"search_term_string\"}}],\"inLanguage\":\"fi\"},{\"@type\":\"Organization\",\"@id\":\"https:\\\/\\\/aktialiiga.fi\\\/miehet\\\/#organization\",\"name\":\"K\u00e4sipallon miesten Aktialiiga\",\"url\":\"https:\\\/\\\/aktialiiga.fi\\\/miehet\\\/\",\"logo\":{\"@type\":\"ImageObject\",\"inLanguage\":\"fi\",\"@id\":\"https:\\\/\\\/aktialiiga.fi\\\/miehet\\\/#\\\/schema\\\/logo\\\/image\\\/\",\"url\":\"https:\\\/\\\/i0.wp.com\\\/aktialiiga.fi\\\/miehet\\\/wp-content\\\/uploads\\\/sites\\\/5\\\/2024\\\/09\\\/Aktialiiga-Yoast-512.png?fit=512%2C512&ssl=1\",\"contentUrl\":\"https:\\\/\\\/i0.wp.com\\\/aktialiiga.fi\\\/miehet\\\/wp-content\\\/uploads\\\/sites\\\/5\\\/2024\\\/09\\\/Aktialiiga-Yoast-512.png?fit=512%2C512&ssl=1\",\"width\":512,\"height\":512,\"caption\":\"K\u00e4sipallon miesten Aktialiiga\"},\"image\":{\"@id\":\"https:\\\/\\\/aktialiiga.fi\\\/miehet\\\/#\\\/schema\\\/logo\\\/image\\\/\"},\"sameAs\":[\"https:\\\/\\\/www.facebook.com\\\/finnhandball\",\"https:\\\/\\\/x.com\\\/finnhandball\",\"https:\\\/\\\/www.instagram.com\\\/handballfinland\\\/\"]},{\"@type\":\"Person\",\"@id\":\"https:\\\/\\\/aktialiiga.fi\\\/miehet\\\/#\\\/schema\\\/person\\\/c14bf42f47041db74603c45afcb18d87\",\"name\":\"tbrmedia\",\"image\":{\"@type\":\"ImageObject\",\"inLanguage\":\"fi\",\"@id\":\"https:\\\/\\\/secure.gravatar.com\\\/avatar\\\/ee975fa091fe581d12b60debb3439022686618368a7c142044c56724d4666b16?s=96&d=mm&r=g\",\"url\":\"https:\\\/\\\/secure.gravatar.com\\\/avatar\\\/ee975fa091fe581d12b60debb3439022686618368a7c142044c56724d4666b16?s=96&d=mm&r=g\",\"contentUrl\":\"https:\\\/\\\/secure.gravatar.com\\\/avatar\\\/ee975fa091fe581d12b60debb3439022686618368a7c142044c56724d4666b16?s=96&d=mm&r=g\",\"caption\":\"tbrmedia\"}}]}<\/script>\n<!-- \/ Yoast SEO plugin. -->","yoast_head_json":{"title":"Dicken otti kauden avausvoittonsa | K\u00e4sipallon miesten Aktialiiga","robots":{"index":"index","follow":"follow","max-snippet":"max-snippet:-1","max-image-preview":"max-image-preview:large","max-video-preview":"max-video-preview:-1"},"canonical":"https:\/\/aktialiiga.fi\/miehet\/2023-2024\/ottelut-2023-24\/dicken-otti-kauden-avausvoittonsa\/","og_locale":"fi_FI","og_type":"article","og_title":"Dicken otti kauden avausvoittonsa | K\u00e4sipallon miesten Aktialiiga","og_description":"Dickenin ja \u00c5IFK:n kohtaaminen keskiviikkona eteni 45 minuuttia tasaisesti, mutta Dickenin loppuveto ratkaisi ja toi lauttasaarelaisille kauden avausvoiton. Ottelu alkoi tasaisissa merkeiss\u00e4 ja avausjakson puoliv\u00e4liin menness\u00e4 maaleja oli n\u00e4hty jo melkoinen m\u00e4\u00e4r\u00e4, mutta eroa kotijoukkue Dickenin eduksi ei ollut maalia enemp\u00e4\u00e4. Maalitehtailu tyrehtyi selv\u00e4sti jakson toisella puoliskolla, mutta sama maalin ero oli tauolle l\u00e4hdett\u00e4ess\u00e4. Sama [&hellip;]","og_url":"https:\/\/aktialiiga.fi\/miehet\/2023-2024\/ottelut-2023-24\/dicken-otti-kauden-avausvoittonsa\/","og_site_name":"K\u00e4sipallon miesten Aktialiiga","article_publisher":"https:\/\/www.facebook.com\/finnhandball","article_published_time":"2023-11-29T18:31:15+00:00","article_modified_time":"2023-11-29T19:06:19+00:00","og_image":[{"width":884,"height":381,"url":"https:\/\/i0.wp.com\/aktialiiga.fi\/miehet\/wp-content\/uploads\/sites\/5\/2023\/11\/Dicken_Klepa_Bogdan_2324.jpg?fit=884%2C381&ssl=1","type":"image\/jpeg"}],"author":"tbrmedia","twitter_card":"summary_large_image","twitter_creator":"@finnhandball","twitter_site":"@finnhandball","schema":{"@context":"https:\/\/schema.org","@graph":[{"@type":"Article","@id":"https:\/\/aktialiiga.fi\/miehet\/2023-2024\/ottelut-2023-24\/dicken-otti-kauden-avausvoittonsa\/#article","isPartOf":{"@id":"https:\/\/aktialiiga.fi\/miehet\/2023-2024\/ottelut-2023-24\/dicken-otti-kauden-avausvoittonsa\/"},"author":{"name":"tbrmedia","@id":"https:\/\/aktialiiga.fi\/miehet\/#\/schema\/person\/c14bf42f47041db74603c45afcb18d87"},"headline":"Dicken otti kauden avausvoittonsa","datePublished":"2023-11-29T18:31:15+00:00","dateModified":"2023-11-29T19:06:19+00:00","mainEntityOfPage":{"@id":"https:\/\/aktialiiga.fi\/miehet\/2023-2024\/ottelut-2023-24\/dicken-otti-kauden-avausvoittonsa\/"},"wordCount":326,"publisher":{"@id":"https:\/\/aktialiiga.fi\/miehet\/#organization"},"image":{"@id":"https:\/\/aktialiiga.fi\/miehet\/2023-2024\/ottelut-2023-24\/dicken-otti-kauden-avausvoittonsa\/#primaryimage"},"thumbnailUrl":"https:\/\/i0.wp.com\/aktialiiga.fi\/miehet\/wp-content\/uploads\/sites\/5\/2023\/11\/Dicken_Klepa_Bogdan_2324.jpg?fit=884%2C381&ssl=1","keywords":["\u00c5IFK","Dicken"],"articleSection":["Ottelut"],"inLanguage":"fi"},{"@type":"WebPage","@id":"https:\/\/aktialiiga.fi\/miehet\/2023-2024\/ottelut-2023-24\/dicken-otti-kauden-avausvoittonsa\/","url":"https:\/\/aktialiiga.fi\/miehet\/2023-2024\/ottelut-2023-24\/dicken-otti-kauden-avausvoittonsa\/","name":"Dicken otti kauden avausvoittonsa | K\u00e4sipallon miesten Aktialiiga","isPartOf":{"@id":"https:\/\/aktialiiga.fi\/miehet\/#website"},"primaryImageOfPage":{"@id":"https:\/\/aktialiiga.fi\/miehet\/2023-2024\/ottelut-2023-24\/dicken-otti-kauden-avausvoittonsa\/#primaryimage"},"image":{"@id":"https:\/\/aktialiiga.fi\/miehet\/2023-2024\/ottelut-2023-24\/dicken-otti-kauden-avausvoittonsa\/#primaryimage"},"thumbnailUrl":"https:\/\/i0.wp.com\/aktialiiga.fi\/miehet\/wp-content\/uploads\/sites\/5\/2023\/11\/Dicken_Klepa_Bogdan_2324.jpg?fit=884%2C381&ssl=1","datePublished":"2023-11-29T18:31:15+00:00","dateModified":"2023-11-29T19:06:19+00:00","breadcrumb":{"@id":"https:\/\/aktialiiga.fi\/miehet\/2023-2024\/ottelut-2023-24\/dicken-otti-kauden-avausvoittonsa\/#breadcrumb"},"inLanguage":"fi","potentialAction":[{"@type":"ReadAction","target":["https:\/\/aktialiiga.fi\/miehet\/2023-2024\/ottelut-2023-24\/dicken-otti-kauden-avausvoittonsa\/"]}]},{"@type":"ImageObject","inLanguage":"fi","@id":"https:\/\/aktialiiga.fi\/miehet\/2023-2024\/ottelut-2023-24\/dicken-otti-kauden-avausvoittonsa\/#primaryimage","url":"https:\/\/i0.wp.com\/aktialiiga.fi\/miehet\/wp-content\/uploads\/sites\/5\/2023\/11\/Dicken_Klepa_Bogdan_2324.jpg?fit=884%2C381&ssl=1","contentUrl":"https:\/\/i0.wp.com\/aktialiiga.fi\/miehet\/wp-content\/uploads\/sites\/5\/2023\/11\/Dicken_Klepa_Bogdan_2324.jpg?fit=884%2C381&ssl=1","width":884,"height":381,"caption":"Bogdan Klepa, Dicken K\u00e4sipallon SM-liiga Dicken - BK-46 Pirkkolan palloiluhalli 25. lokakuuta 2023. (Kalle Parkkinen\/Newspix24)"},{"@type":"BreadcrumbList","@id":"https:\/\/aktialiiga.fi\/miehet\/2023-2024\/ottelut-2023-24\/dicken-otti-kauden-avausvoittonsa\/#breadcrumb","itemListElement":[{"@type":"ListItem","position":1,"name":"Etusivu","item":"https:\/\/aktialiiga.fi\/miehet\/"},{"@type":"ListItem","position":2,"name":"Dicken otti kauden avausvoittonsa"}]},{"@type":"WebSite","@id":"https:\/\/aktialiiga.fi\/miehet\/#website","url":"https:\/\/aktialiiga.fi\/miehet\/","name":"K\u00e4sipallon miesten Aktialiiga","description":"Valtakunnan vauhdikkainta palloilua!","publisher":{"@id":"https:\/\/aktialiiga.fi\/miehet\/#organization"},"potentialAction":[{"@type":"SearchAction","target":{"@type":"EntryPoint","urlTemplate":"https:\/\/aktialiiga.fi\/miehet\/?s={search_term_string}"},"query-input":{"@type":"PropertyValueSpecification","valueRequired":true,"valueName":"search_term_string"}}],"inLanguage":"fi"},{"@type":"Organization","@id":"https:\/\/aktialiiga.fi\/miehet\/#organization","name":"K\u00e4sipallon miesten Aktialiiga","url":"https:\/\/aktialiiga.fi\/miehet\/","logo":{"@type":"ImageObject","inLanguage":"fi","@id":"https:\/\/aktialiiga.fi\/miehet\/#\/schema\/logo\/image\/","url":"https:\/\/i0.wp.com\/aktialiiga.fi\/miehet\/wp-content\/uploads\/sites\/5\/2024\/09\/Aktialiiga-Yoast-512.png?fit=512%2C512&ssl=1","contentUrl":"https:\/\/i0.wp.com\/aktialiiga.fi\/miehet\/wp-content\/uploads\/sites\/5\/2024\/09\/Aktialiiga-Yoast-512.png?fit=512%2C512&ssl=1","width":512,"height":512,"caption":"K\u00e4sipallon miesten Aktialiiga"},"image":{"@id":"https:\/\/aktialiiga.fi\/miehet\/#\/schema\/logo\/image\/"},"sameAs":["https:\/\/www.facebook.com\/finnhandball","https:\/\/x.com\/finnhandball","https:\/\/www.instagram.com\/handballfinland\/"]},{"@type":"Person","@id":"https:\/\/aktialiiga.fi\/miehet\/#\/schema\/person\/c14bf42f47041db74603c45afcb18d87","name":"tbrmedia","image":{"@type":"ImageObject","inLanguage":"fi","@id":"https:\/\/secure.gravatar.com\/avatar\/ee975fa091fe581d12b60debb3439022686618368a7c142044c56724d4666b16?s=96&d=mm&r=g","url":"https:\/\/secure.gravatar.com\/avatar\/ee975fa091fe581d12b60debb3439022686618368a7c142044c56724d4666b16?s=96&d=mm&r=g","contentUrl":"https:\/\/secure.gravatar.com\/avatar\/ee975fa091fe581d12b60debb3439022686618368a7c142044c56724d4666b16?s=96&d=mm&r=g","caption":"tbrmedia"}}]}},"jetpack_featured_media_url":"https:\/\/i0.wp.com\/aktialiiga.fi\/miehet\/wp-content\/uploads\/sites\/5\/2023\/11\/Dicken_Klepa_Bogdan_2324.jpg?fit=884%2C381&ssl=1","jetpack_sharing_enabled":true,"jetpack_shortlink":"https:\/\/wp.me\/pfTxOr-bNj","_links":{"self":[{"href":"https:\/\/aktialiiga.fi\/miehet\/wp-json\/wp\/v2\/posts\/45341","targetHints":{"allow":["GET"]}}],"collection":[{"href":"https:\/\/aktialiiga.fi\/miehet\/wp-json\/wp\/v2\/posts"}],"about":[{"href":"https:\/\/aktialiiga.fi\/miehet\/wp-json\/wp\/v2\/types\/post"}],"author":[{"embeddable":true,"href":"https:\/\/aktialiiga.fi\/miehet\/wp-json\/wp\/v2\/users\/13"}],"replies":[{"embeddable":true,"href":"https:\/\/aktialiiga.fi\/miehet\/wp-json\/wp\/v2\/comments?post=45341"}],"version-history":[{"count":0,"href":"https:\/\/aktialiiga.fi\/miehet\/wp-json\/wp\/v2\/posts\/45341\/revisions"}],"wp:featuredmedia":[{"embeddable":true,"href":"https:\/\/aktialiiga.fi\/miehet\/wp-json\/wp\/v2\/media\/45342"}],"wp:attachment":[{"href":"https:\/\/aktialiiga.fi\/miehet\/wp-json\/wp\/v2\/media?parent=45341"}],"wp:term":[{"taxonomy":"category","embeddable":true,"href":"https:\/\/aktialiiga.fi\/miehet\/wp-json\/wp\/v2\/categories?post=45341"},{"taxonomy":"post_tag","embeddable":true,"href":"https:\/\/aktialiiga.fi\/miehet\/wp-json\/wp\/v2\/tags?post=45341"}],"curies":[{"name":"wp","href":"https:\/\/api.w.org\/{rel}","templated":true}]}}