{"id":45371,"date":"2023-12-02T17:40:09","date_gmt":"2023-12-02T15:40:09","guid":{"rendered":"https:\/\/aktialiiga.fi\/miehet\/?p=45371"},"modified":"2023-12-02T18:18:04","modified_gmt":"2023-12-02T16:18:04","slug":"grifk-selvaan-voittoon-sifsta","status":"publish","type":"post","link":"https:\/\/aktialiiga.fi\/miehet\/2023-2024\/ottelut-2023-24\/grifk-selvaan-voittoon-sifsta\/","title":{"rendered":"GrIFK selv\u00e4\u00e4n voittoon SIF:sta"},"content":{"rendered":"<p>GrIFK jatkaa SM-liigan k\u00e4rkitaistossa kaadettuaan lauantaina SIF:n kotonaan lopulta selkein numeroin.<\/p>\n<p>Alkuminuuttien j\u00e4lkeen kotijoukkue GrIFK otti tahtipuikon haltuunsa ja venytti johtonsa avausjakson loppupuolella parhaimmillaan jo kuuteen maaliin, mutta SIF puolitti etumatkan tauon alla.<\/p>\n<p>Heti toisen jakson alkuun Grani rep\u00e4isi kaulan nopeasti seitsem\u00e4\u00e4n maaliin. Vaikka SIF jatkoi taistelua ja sai hiukan eroa kavennettua, kotijoukkue piti tiukasti otteen hallussaan ja piti vieraiden hy\u00f6kk\u00e4yksen kurissa. Viimeisell\u00e4 kymmenminuuttisella is\u00e4nn\u00e4t karkasivat lopullisesti venytt\u00e4en voittomarginaalin l\u00e4hes kymmeneen osumaan.<\/p>\n<p>GrIFK:n p\u00e4\u00e4valmentaja Mikael K\u00e4llman oli tyytyv\u00e4inen toisen jakson ryhdikk\u00e4\u00e4seen esitykseen.<\/p>\n<p>&#8211; Parempi toinen puoliaika. Ensimm\u00e4isell\u00e4 annoimme liian monta lahjaa Sjunde\u00e5 IF:lle, tyyppi\u00e4 ole hyv\u00e4, mene ja tee maali. Ei paras pelimme, mutta kaksi pistett\u00e4 ja hyv\u00e4 voitto, K\u00e4llman kiteytti.<\/p>\n<p>Ottelun parhaana pelaajana palkittu Granin Gustav Svanb\u00e4ck n\u00e4ki ottelun samoin kuin K\u00e4llman.<\/p>\n<p>&#8211; Oli hankala ensimm\u00e4inen puoliaika. Teimme paljon teknisi\u00e4 virheit\u00e4 ja virheit\u00e4 puolustusp\u00e4\u00e4ss\u00e4, joten SIF pysyi mukana peliss\u00e4. Toisella puoliajalla laitoimme pallot sis\u00e4\u00e4n ja pelasimme selv\u00e4sti paremmin kollektiivisesti puolustuksessa, joten saimme my\u00f6s vastahy\u00f6kk\u00e4yksi\u00e4 ja onnistumme luomaan eroa, Svanb\u00e4ck kertasi.<\/p>\n<p>SIF-luotsi Jan Hagman ei tappiota selitellyt, vaan antoi t\u00e4yden tunnustuksen vastustajalle.<\/p>\n<p>&#8211; Onnittelut Grankulla IFK:lle, he olivat t\u00e4n\u00e4\u00e4n selv\u00e4sti meit\u00e4 parempia. Meilt\u00e4 puuttuu Anton Luuppala, joten nuorempien pelaajien on otettava vastuuta ja se n\u00e4kyy peliss\u00e4. Taistelimme hyvin ensimm\u00e4isell\u00e4 puoliajalla. Toisella puoliajalla emme onnistuneet puolustuksessa tai hy\u00f6kk\u00e4yksess\u00e4.<\/p>\n<p>&#8211; T\u00e4ll\u00e4 hetkell\u00e4 tuntuu aika tyhj\u00e4lt\u00e4, mutta huomenna on uusi p\u00e4iv\u00e4 ja meid\u00e4n on vain jatkettava t\u00f6it\u00e4, Hagman muistutti.<\/p>\n<p><strong>GrIFK \u2013 SIF 29-20 (17-14)<\/strong><\/p>\n<p><strong>Maalintekij\u00e4t<\/strong>: maalit (7m maalit)<br \/>\nGrIFK: Gustav Svanb\u00e4ck 9 (4), Carl Weurlander 5, Miro Koljonen 5, Erik \u00c5kermarck 3, Richard Sundberg 2, Alexander Qvist 1, William Nysten 1, Jere Kantee 1, Fredrik Forss 1, Casper Aarnio 1<br \/>\nSIF: Dmytro Turchenko 5 (3), Jooa Knaapinen 4, Niki Tuominen 3, Axel Sj\u00f6stedt 2, Artur Morgenson 2, Christoffer Modig 2, Christoffer Thor 1, Joonas Ahola 1<\/p>\n<p><strong>T\u00e4htipelaajat<\/strong><br \/>\nGustav Svanb\u00e4ck GrIFK 3<br \/>\nPatrik Roslander GrIFK 2<br \/>\nDmytro Turchenko SIF 1<\/p>\n<p><strong>2 min ulosajot sek\u00e4 pelist\u00e4 sulkemiset<\/strong><br \/>\nGrIFK: Richard Sundberg 1 x 2 min<br \/>\nSIF: Artur Morgenson 1 x 2 min, Christoffer Modig 1 x 2 min, Niki Tuominen 1 x 2 min<\/p>\n<p><em>Erotuomarit<\/em>: Mikael Voionmaa &#8211; Jyri Bj\u00f6rkman<\/p>\n<p><em>Yleis\u00f6\u00e4<\/em>: 273<\/p>\n","protected":false},"excerpt":{"rendered":"<p>GrIFK jatkaa SM-liigan k\u00e4rkitaistossa kaadettuaan lauantaina SIF:n kotonaan lopulta selkein numeroin. Alkuminuuttien j\u00e4lkeen kotijoukkue GrIFK otti tahtipuikon haltuunsa ja venytti johtonsa avausjakson loppupuolella parhaimmillaan jo kuuteen maaliin, mutta SIF puolitti etumatkan tauon alla. Heti toisen jakson alkuun Grani rep\u00e4isi kaulan nopeasti seitsem\u00e4\u00e4n maaliin. Vaikka SIF jatkoi taistelua ja sai hiukan eroa kavennettua, kotijoukkue piti tiukasti [&hellip;]<\/p>\n","protected":false},"author":13,"featured_media":45372,"comment_status":"closed","ping_status":"closed","sticky":false,"template":"","format":"standard","meta":{"_acf_changed":false,"jetpack_post_was_ever_published":false,"_jetpack_newsletter_access":"","_jetpack_dont_email_post_to_subs":false,"_jetpack_newsletter_tier_id":0,"_jetpack_memberships_contains_paywalled_content":false,"_jetpack_memberships_contains_paid_content":false,"footnotes":""},"categories":[303],"tags":[64,111],"class_list":["post-45371","post","type-post","status-publish","format-standard","has-post-thumbnail","hentry","category-ottelut-2023-24","tag-grifk","tag-sif"],"acf":[],"yoast_head":"<!-- This site is optimized with the Yoast SEO plugin v27.5 - https:\/\/yoast.com\/product\/yoast-seo-wordpress\/ -->\n<title>GrIFK selv\u00e4\u00e4n voittoon SIF:sta | K\u00e4sipallon miesten Aktialiiga<\/title>\n<meta name=\"robots\" content=\"index, follow, max-snippet:-1, max-image-preview:large, max-video-preview:-1\" \/>\n<link rel=\"canonical\" href=\"https:\/\/aktialiiga.fi\/miehet\/2023-2024\/ottelut-2023-24\/grifk-selvaan-voittoon-sifsta\/\" \/>\n<meta property=\"og:locale\" content=\"fi_FI\" \/>\n<meta property=\"og:type\" content=\"article\" \/>\n<meta property=\"og:title\" content=\"GrIFK selv\u00e4\u00e4n voittoon SIF:sta | K\u00e4sipallon miesten Aktialiiga\" \/>\n<meta property=\"og:description\" content=\"GrIFK jatkaa SM-liigan k\u00e4rkitaistossa kaadettuaan lauantaina SIF:n kotonaan lopulta selkein numeroin. Alkuminuuttien j\u00e4lkeen kotijoukkue GrIFK otti tahtipuikon haltuunsa ja venytti johtonsa avausjakson loppupuolella parhaimmillaan jo kuuteen maaliin, mutta SIF puolitti etumatkan tauon alla. Heti toisen jakson alkuun Grani rep\u00e4isi kaulan nopeasti seitsem\u00e4\u00e4n maaliin. Vaikka SIF jatkoi taistelua ja sai hiukan eroa kavennettua, kotijoukkue piti tiukasti [&hellip;]\" \/>\n<meta property=\"og:url\" content=\"https:\/\/aktialiiga.fi\/miehet\/2023-2024\/ottelut-2023-24\/grifk-selvaan-voittoon-sifsta\/\" \/>\n<meta property=\"og:site_name\" content=\"K\u00e4sipallon miesten Aktialiiga\" \/>\n<meta property=\"article:publisher\" content=\"https:\/\/www.facebook.com\/finnhandball\" \/>\n<meta property=\"article:published_time\" content=\"2023-12-02T15:40:09+00:00\" \/>\n<meta property=\"article:modified_time\" content=\"2023-12-02T16:18:04+00:00\" \/>\n<meta property=\"og:image\" content=\"https:\/\/i0.wp.com\/aktialiiga.fi\/miehet\/wp-content\/uploads\/sites\/5\/2023\/12\/GrIFK_Svanback_Gustaf_2324b.jpg?fit=984%2C446&ssl=1\" \/>\n\t<meta property=\"og:image:width\" content=\"984\" \/>\n\t<meta property=\"og:image:height\" content=\"446\" \/>\n\t<meta property=\"og:image:type\" content=\"image\/jpeg\" \/>\n<meta name=\"author\" content=\"tbrmedia\" \/>\n<meta name=\"twitter:card\" content=\"summary_large_image\" \/>\n<meta name=\"twitter:creator\" content=\"@finnhandball\" \/>\n<meta name=\"twitter:site\" content=\"@finnhandball\" \/>\n<script type=\"application\/ld+json\" class=\"yoast-schema-graph\">{\"@context\":\"https:\\\/\\\/schema.org\",\"@graph\":[{\"@type\":\"Article\",\"@id\":\"https:\\\/\\\/aktialiiga.fi\\\/miehet\\\/2023-2024\\\/ottelut-2023-24\\\/grifk-selvaan-voittoon-sifsta\\\/#article\",\"isPartOf\":{\"@id\":\"https:\\\/\\\/aktialiiga.fi\\\/miehet\\\/2023-2024\\\/ottelut-2023-24\\\/grifk-selvaan-voittoon-sifsta\\\/\"},\"author\":{\"name\":\"tbrmedia\",\"@id\":\"https:\\\/\\\/aktialiiga.fi\\\/miehet\\\/#\\\/schema\\\/person\\\/c14bf42f47041db74603c45afcb18d87\"},\"headline\":\"GrIFK selv\u00e4\u00e4n voittoon SIF:sta\",\"datePublished\":\"2023-12-02T15:40:09+00:00\",\"dateModified\":\"2023-12-02T16:18:04+00:00\",\"mainEntityOfPage\":{\"@id\":\"https:\\\/\\\/aktialiiga.fi\\\/miehet\\\/2023-2024\\\/ottelut-2023-24\\\/grifk-selvaan-voittoon-sifsta\\\/\"},\"wordCount\":368,\"publisher\":{\"@id\":\"https:\\\/\\\/aktialiiga.fi\\\/miehet\\\/#organization\"},\"image\":{\"@id\":\"https:\\\/\\\/aktialiiga.fi\\\/miehet\\\/2023-2024\\\/ottelut-2023-24\\\/grifk-selvaan-voittoon-sifsta\\\/#primaryimage\"},\"thumbnailUrl\":\"https:\\\/\\\/i0.wp.com\\\/aktialiiga.fi\\\/miehet\\\/wp-content\\\/uploads\\\/sites\\\/5\\\/2023\\\/12\\\/GrIFK_Svanback_Gustaf_2324b.jpg?fit=984%2C446&ssl=1\",\"keywords\":[\"GrIFK\",\"SIF\"],\"articleSection\":[\"Ottelut\"],\"inLanguage\":\"fi\"},{\"@type\":\"WebPage\",\"@id\":\"https:\\\/\\\/aktialiiga.fi\\\/miehet\\\/2023-2024\\\/ottelut-2023-24\\\/grifk-selvaan-voittoon-sifsta\\\/\",\"url\":\"https:\\\/\\\/aktialiiga.fi\\\/miehet\\\/2023-2024\\\/ottelut-2023-24\\\/grifk-selvaan-voittoon-sifsta\\\/\",\"name\":\"GrIFK selv\u00e4\u00e4n voittoon SIF:sta | K\u00e4sipallon miesten Aktialiiga\",\"isPartOf\":{\"@id\":\"https:\\\/\\\/aktialiiga.fi\\\/miehet\\\/#website\"},\"primaryImageOfPage\":{\"@id\":\"https:\\\/\\\/aktialiiga.fi\\\/miehet\\\/2023-2024\\\/ottelut-2023-24\\\/grifk-selvaan-voittoon-sifsta\\\/#primaryimage\"},\"image\":{\"@id\":\"https:\\\/\\\/aktialiiga.fi\\\/miehet\\\/2023-2024\\\/ottelut-2023-24\\\/grifk-selvaan-voittoon-sifsta\\\/#primaryimage\"},\"thumbnailUrl\":\"https:\\\/\\\/i0.wp.com\\\/aktialiiga.fi\\\/miehet\\\/wp-content\\\/uploads\\\/sites\\\/5\\\/2023\\\/12\\\/GrIFK_Svanback_Gustaf_2324b.jpg?fit=984%2C446&ssl=1\",\"datePublished\":\"2023-12-02T15:40:09+00:00\",\"dateModified\":\"2023-12-02T16:18:04+00:00\",\"breadcrumb\":{\"@id\":\"https:\\\/\\\/aktialiiga.fi\\\/miehet\\\/2023-2024\\\/ottelut-2023-24\\\/grifk-selvaan-voittoon-sifsta\\\/#breadcrumb\"},\"inLanguage\":\"fi\",\"potentialAction\":[{\"@type\":\"ReadAction\",\"target\":[\"https:\\\/\\\/aktialiiga.fi\\\/miehet\\\/2023-2024\\\/ottelut-2023-24\\\/grifk-selvaan-voittoon-sifsta\\\/\"]}]},{\"@type\":\"ImageObject\",\"inLanguage\":\"fi\",\"@id\":\"https:\\\/\\\/aktialiiga.fi\\\/miehet\\\/2023-2024\\\/ottelut-2023-24\\\/grifk-selvaan-voittoon-sifsta\\\/#primaryimage\",\"url\":\"https:\\\/\\\/i0.wp.com\\\/aktialiiga.fi\\\/miehet\\\/wp-content\\\/uploads\\\/sites\\\/5\\\/2023\\\/12\\\/GrIFK_Svanback_Gustaf_2324b.jpg?fit=984%2C446&ssl=1\",\"contentUrl\":\"https:\\\/\\\/i0.wp.com\\\/aktialiiga.fi\\\/miehet\\\/wp-content\\\/uploads\\\/sites\\\/5\\\/2023\\\/12\\\/GrIFK_Svanback_Gustaf_2324b.jpg?fit=984%2C446&ssl=1\",\"width\":984,\"height\":446,\"caption\":\"Gustav Svanba\u0308ck, GrIFK ja Mika Malassu, SIF K\u00e4sipallon SM-liiga GrIFK - SIF Kauniaisten palloiluhalli 19. lokakuuta 2023. (Kalle Parkkinen\\\/Newspix24)\"},{\"@type\":\"BreadcrumbList\",\"@id\":\"https:\\\/\\\/aktialiiga.fi\\\/miehet\\\/2023-2024\\\/ottelut-2023-24\\\/grifk-selvaan-voittoon-sifsta\\\/#breadcrumb\",\"itemListElement\":[{\"@type\":\"ListItem\",\"position\":1,\"name\":\"Etusivu\",\"item\":\"https:\\\/\\\/aktialiiga.fi\\\/miehet\\\/\"},{\"@type\":\"ListItem\",\"position\":2,\"name\":\"GrIFK selv\u00e4\u00e4n voittoon SIF:sta\"}]},{\"@type\":\"WebSite\",\"@id\":\"https:\\\/\\\/aktialiiga.fi\\\/miehet\\\/#website\",\"url\":\"https:\\\/\\\/aktialiiga.fi\\\/miehet\\\/\",\"name\":\"K\u00e4sipallon miesten Aktialiiga\",\"description\":\"Valtakunnan vauhdikkainta palloilua!\",\"publisher\":{\"@id\":\"https:\\\/\\\/aktialiiga.fi\\\/miehet\\\/#organization\"},\"potentialAction\":[{\"@type\":\"SearchAction\",\"target\":{\"@type\":\"EntryPoint\",\"urlTemplate\":\"https:\\\/\\\/aktialiiga.fi\\\/miehet\\\/?s={search_term_string}\"},\"query-input\":{\"@type\":\"PropertyValueSpecification\",\"valueRequired\":true,\"valueName\":\"search_term_string\"}}],\"inLanguage\":\"fi\"},{\"@type\":\"Organization\",\"@id\":\"https:\\\/\\\/aktialiiga.fi\\\/miehet\\\/#organization\",\"name\":\"K\u00e4sipallon miesten Aktialiiga\",\"url\":\"https:\\\/\\\/aktialiiga.fi\\\/miehet\\\/\",\"logo\":{\"@type\":\"ImageObject\",\"inLanguage\":\"fi\",\"@id\":\"https:\\\/\\\/aktialiiga.fi\\\/miehet\\\/#\\\/schema\\\/logo\\\/image\\\/\",\"url\":\"https:\\\/\\\/i0.wp.com\\\/aktialiiga.fi\\\/miehet\\\/wp-content\\\/uploads\\\/sites\\\/5\\\/2024\\\/09\\\/Aktialiiga-Yoast-512.png?fit=512%2C512&ssl=1\",\"contentUrl\":\"https:\\\/\\\/i0.wp.com\\\/aktialiiga.fi\\\/miehet\\\/wp-content\\\/uploads\\\/sites\\\/5\\\/2024\\\/09\\\/Aktialiiga-Yoast-512.png?fit=512%2C512&ssl=1\",\"width\":512,\"height\":512,\"caption\":\"K\u00e4sipallon miesten Aktialiiga\"},\"image\":{\"@id\":\"https:\\\/\\\/aktialiiga.fi\\\/miehet\\\/#\\\/schema\\\/logo\\\/image\\\/\"},\"sameAs\":[\"https:\\\/\\\/www.facebook.com\\\/finnhandball\",\"https:\\\/\\\/x.com\\\/finnhandball\",\"https:\\\/\\\/www.instagram.com\\\/handballfinland\\\/\"]},{\"@type\":\"Person\",\"@id\":\"https:\\\/\\\/aktialiiga.fi\\\/miehet\\\/#\\\/schema\\\/person\\\/c14bf42f47041db74603c45afcb18d87\",\"name\":\"tbrmedia\",\"image\":{\"@type\":\"ImageObject\",\"inLanguage\":\"fi\",\"@id\":\"https:\\\/\\\/secure.gravatar.com\\\/avatar\\\/ee975fa091fe581d12b60debb3439022686618368a7c142044c56724d4666b16?s=96&d=mm&r=g\",\"url\":\"https:\\\/\\\/secure.gravatar.com\\\/avatar\\\/ee975fa091fe581d12b60debb3439022686618368a7c142044c56724d4666b16?s=96&d=mm&r=g\",\"contentUrl\":\"https:\\\/\\\/secure.gravatar.com\\\/avatar\\\/ee975fa091fe581d12b60debb3439022686618368a7c142044c56724d4666b16?s=96&d=mm&r=g\",\"caption\":\"tbrmedia\"}}]}<\/script>\n<!-- \/ Yoast SEO plugin. -->","yoast_head_json":{"title":"GrIFK selv\u00e4\u00e4n voittoon SIF:sta | K\u00e4sipallon miesten Aktialiiga","robots":{"index":"index","follow":"follow","max-snippet":"max-snippet:-1","max-image-preview":"max-image-preview:large","max-video-preview":"max-video-preview:-1"},"canonical":"https:\/\/aktialiiga.fi\/miehet\/2023-2024\/ottelut-2023-24\/grifk-selvaan-voittoon-sifsta\/","og_locale":"fi_FI","og_type":"article","og_title":"GrIFK selv\u00e4\u00e4n voittoon SIF:sta | K\u00e4sipallon miesten Aktialiiga","og_description":"GrIFK jatkaa SM-liigan k\u00e4rkitaistossa kaadettuaan lauantaina SIF:n kotonaan lopulta selkein numeroin. Alkuminuuttien j\u00e4lkeen kotijoukkue GrIFK otti tahtipuikon haltuunsa ja venytti johtonsa avausjakson loppupuolella parhaimmillaan jo kuuteen maaliin, mutta SIF puolitti etumatkan tauon alla. Heti toisen jakson alkuun Grani rep\u00e4isi kaulan nopeasti seitsem\u00e4\u00e4n maaliin. Vaikka SIF jatkoi taistelua ja sai hiukan eroa kavennettua, kotijoukkue piti tiukasti [&hellip;]","og_url":"https:\/\/aktialiiga.fi\/miehet\/2023-2024\/ottelut-2023-24\/grifk-selvaan-voittoon-sifsta\/","og_site_name":"K\u00e4sipallon miesten Aktialiiga","article_publisher":"https:\/\/www.facebook.com\/finnhandball","article_published_time":"2023-12-02T15:40:09+00:00","article_modified_time":"2023-12-02T16:18:04+00:00","og_image":[{"width":984,"height":446,"url":"https:\/\/i0.wp.com\/aktialiiga.fi\/miehet\/wp-content\/uploads\/sites\/5\/2023\/12\/GrIFK_Svanback_Gustaf_2324b.jpg?fit=984%2C446&ssl=1","type":"image\/jpeg"}],"author":"tbrmedia","twitter_card":"summary_large_image","twitter_creator":"@finnhandball","twitter_site":"@finnhandball","schema":{"@context":"https:\/\/schema.org","@graph":[{"@type":"Article","@id":"https:\/\/aktialiiga.fi\/miehet\/2023-2024\/ottelut-2023-24\/grifk-selvaan-voittoon-sifsta\/#article","isPartOf":{"@id":"https:\/\/aktialiiga.fi\/miehet\/2023-2024\/ottelut-2023-24\/grifk-selvaan-voittoon-sifsta\/"},"author":{"name":"tbrmedia","@id":"https:\/\/aktialiiga.fi\/miehet\/#\/schema\/person\/c14bf42f47041db74603c45afcb18d87"},"headline":"GrIFK selv\u00e4\u00e4n voittoon SIF:sta","datePublished":"2023-12-02T15:40:09+00:00","dateModified":"2023-12-02T16:18:04+00:00","mainEntityOfPage":{"@id":"https:\/\/aktialiiga.fi\/miehet\/2023-2024\/ottelut-2023-24\/grifk-selvaan-voittoon-sifsta\/"},"wordCount":368,"publisher":{"@id":"https:\/\/aktialiiga.fi\/miehet\/#organization"},"image":{"@id":"https:\/\/aktialiiga.fi\/miehet\/2023-2024\/ottelut-2023-24\/grifk-selvaan-voittoon-sifsta\/#primaryimage"},"thumbnailUrl":"https:\/\/i0.wp.com\/aktialiiga.fi\/miehet\/wp-content\/uploads\/sites\/5\/2023\/12\/GrIFK_Svanback_Gustaf_2324b.jpg?fit=984%2C446&ssl=1","keywords":["GrIFK","SIF"],"articleSection":["Ottelut"],"inLanguage":"fi"},{"@type":"WebPage","@id":"https:\/\/aktialiiga.fi\/miehet\/2023-2024\/ottelut-2023-24\/grifk-selvaan-voittoon-sifsta\/","url":"https:\/\/aktialiiga.fi\/miehet\/2023-2024\/ottelut-2023-24\/grifk-selvaan-voittoon-sifsta\/","name":"GrIFK selv\u00e4\u00e4n voittoon SIF:sta | K\u00e4sipallon miesten Aktialiiga","isPartOf":{"@id":"https:\/\/aktialiiga.fi\/miehet\/#website"},"primaryImageOfPage":{"@id":"https:\/\/aktialiiga.fi\/miehet\/2023-2024\/ottelut-2023-24\/grifk-selvaan-voittoon-sifsta\/#primaryimage"},"image":{"@id":"https:\/\/aktialiiga.fi\/miehet\/2023-2024\/ottelut-2023-24\/grifk-selvaan-voittoon-sifsta\/#primaryimage"},"thumbnailUrl":"https:\/\/i0.wp.com\/aktialiiga.fi\/miehet\/wp-content\/uploads\/sites\/5\/2023\/12\/GrIFK_Svanback_Gustaf_2324b.jpg?fit=984%2C446&ssl=1","datePublished":"2023-12-02T15:40:09+00:00","dateModified":"2023-12-02T16:18:04+00:00","breadcrumb":{"@id":"https:\/\/aktialiiga.fi\/miehet\/2023-2024\/ottelut-2023-24\/grifk-selvaan-voittoon-sifsta\/#breadcrumb"},"inLanguage":"fi","potentialAction":[{"@type":"ReadAction","target":["https:\/\/aktialiiga.fi\/miehet\/2023-2024\/ottelut-2023-24\/grifk-selvaan-voittoon-sifsta\/"]}]},{"@type":"ImageObject","inLanguage":"fi","@id":"https:\/\/aktialiiga.fi\/miehet\/2023-2024\/ottelut-2023-24\/grifk-selvaan-voittoon-sifsta\/#primaryimage","url":"https:\/\/i0.wp.com\/aktialiiga.fi\/miehet\/wp-content\/uploads\/sites\/5\/2023\/12\/GrIFK_Svanback_Gustaf_2324b.jpg?fit=984%2C446&ssl=1","contentUrl":"https:\/\/i0.wp.com\/aktialiiga.fi\/miehet\/wp-content\/uploads\/sites\/5\/2023\/12\/GrIFK_Svanback_Gustaf_2324b.jpg?fit=984%2C446&ssl=1","width":984,"height":446,"caption":"Gustav Svanba\u0308ck, GrIFK ja Mika Malassu, SIF K\u00e4sipallon SM-liiga GrIFK - SIF Kauniaisten palloiluhalli 19. lokakuuta 2023. (Kalle Parkkinen\/Newspix24)"},{"@type":"BreadcrumbList","@id":"https:\/\/aktialiiga.fi\/miehet\/2023-2024\/ottelut-2023-24\/grifk-selvaan-voittoon-sifsta\/#breadcrumb","itemListElement":[{"@type":"ListItem","position":1,"name":"Etusivu","item":"https:\/\/aktialiiga.fi\/miehet\/"},{"@type":"ListItem","position":2,"name":"GrIFK selv\u00e4\u00e4n voittoon SIF:sta"}]},{"@type":"WebSite","@id":"https:\/\/aktialiiga.fi\/miehet\/#website","url":"https:\/\/aktialiiga.fi\/miehet\/","name":"K\u00e4sipallon miesten Aktialiiga","description":"Valtakunnan vauhdikkainta palloilua!","publisher":{"@id":"https:\/\/aktialiiga.fi\/miehet\/#organization"},"potentialAction":[{"@type":"SearchAction","target":{"@type":"EntryPoint","urlTemplate":"https:\/\/aktialiiga.fi\/miehet\/?s={search_term_string}"},"query-input":{"@type":"PropertyValueSpecification","valueRequired":true,"valueName":"search_term_string"}}],"inLanguage":"fi"},{"@type":"Organization","@id":"https:\/\/aktialiiga.fi\/miehet\/#organization","name":"K\u00e4sipallon miesten Aktialiiga","url":"https:\/\/aktialiiga.fi\/miehet\/","logo":{"@type":"ImageObject","inLanguage":"fi","@id":"https:\/\/aktialiiga.fi\/miehet\/#\/schema\/logo\/image\/","url":"https:\/\/i0.wp.com\/aktialiiga.fi\/miehet\/wp-content\/uploads\/sites\/5\/2024\/09\/Aktialiiga-Yoast-512.png?fit=512%2C512&ssl=1","contentUrl":"https:\/\/i0.wp.com\/aktialiiga.fi\/miehet\/wp-content\/uploads\/sites\/5\/2024\/09\/Aktialiiga-Yoast-512.png?fit=512%2C512&ssl=1","width":512,"height":512,"caption":"K\u00e4sipallon miesten Aktialiiga"},"image":{"@id":"https:\/\/aktialiiga.fi\/miehet\/#\/schema\/logo\/image\/"},"sameAs":["https:\/\/www.facebook.com\/finnhandball","https:\/\/x.com\/finnhandball","https:\/\/www.instagram.com\/handballfinland\/"]},{"@type":"Person","@id":"https:\/\/aktialiiga.fi\/miehet\/#\/schema\/person\/c14bf42f47041db74603c45afcb18d87","name":"tbrmedia","image":{"@type":"ImageObject","inLanguage":"fi","@id":"https:\/\/secure.gravatar.com\/avatar\/ee975fa091fe581d12b60debb3439022686618368a7c142044c56724d4666b16?s=96&d=mm&r=g","url":"https:\/\/secure.gravatar.com\/avatar\/ee975fa091fe581d12b60debb3439022686618368a7c142044c56724d4666b16?s=96&d=mm&r=g","contentUrl":"https:\/\/secure.gravatar.com\/avatar\/ee975fa091fe581d12b60debb3439022686618368a7c142044c56724d4666b16?s=96&d=mm&r=g","caption":"tbrmedia"}}]}},"jetpack_featured_media_url":"https:\/\/i0.wp.com\/aktialiiga.fi\/miehet\/wp-content\/uploads\/sites\/5\/2023\/12\/GrIFK_Svanback_Gustaf_2324b.jpg?fit=984%2C446&ssl=1","jetpack_sharing_enabled":true,"jetpack_shortlink":"https:\/\/wp.me\/pfTxOr-bNN","_links":{"self":[{"href":"https:\/\/aktialiiga.fi\/miehet\/wp-json\/wp\/v2\/posts\/45371","targetHints":{"allow":["GET"]}}],"collection":[{"href":"https:\/\/aktialiiga.fi\/miehet\/wp-json\/wp\/v2\/posts"}],"about":[{"href":"https:\/\/aktialiiga.fi\/miehet\/wp-json\/wp\/v2\/types\/post"}],"author":[{"embeddable":true,"href":"https:\/\/aktialiiga.fi\/miehet\/wp-json\/wp\/v2\/users\/13"}],"replies":[{"embeddable":true,"href":"https:\/\/aktialiiga.fi\/miehet\/wp-json\/wp\/v2\/comments?post=45371"}],"version-history":[{"count":0,"href":"https:\/\/aktialiiga.fi\/miehet\/wp-json\/wp\/v2\/posts\/45371\/revisions"}],"wp:featuredmedia":[{"embeddable":true,"href":"https:\/\/aktialiiga.fi\/miehet\/wp-json\/wp\/v2\/media\/45372"}],"wp:attachment":[{"href":"https:\/\/aktialiiga.fi\/miehet\/wp-json\/wp\/v2\/media?parent=45371"}],"wp:term":[{"taxonomy":"category","embeddable":true,"href":"https:\/\/aktialiiga.fi\/miehet\/wp-json\/wp\/v2\/categories?post=45371"},{"taxonomy":"post_tag","embeddable":true,"href":"https:\/\/aktialiiga.fi\/miehet\/wp-json\/wp\/v2\/tags?post=45371"}],"curies":[{"name":"wp","href":"https:\/\/api.w.org\/{rel}","templated":true}]}}