{"id":45379,"date":"2023-12-03T17:52:51","date_gmt":"2023-12-03T15:52:51","guid":{"rendered":"https:\/\/aktialiiga.fi\/miehet\/?p=45379"},"modified":"2023-12-03T17:52:51","modified_gmt":"2023-12-03T15:52:51","slug":"bk-46n-taistelu-ei-aivan-riittanyt-jatkoon","status":"publish","type":"post","link":"https:\/\/aktialiiga.fi\/miehet\/ajankohtaista\/bk-46n-taistelu-ei-aivan-riittanyt-jatkoon\/","title":{"rendered":"BK-46:n taistelu ei aivan riitt\u00e4nyt jatkoon"},"content":{"rendered":"<p>BK-46 haki jatkopaikkaa EHF European Cupissa sunnuntaina kotonaan serbialaista RK Metaloplastika Elixir Sabacia vastaan, mutta tavoite j\u00e4i niukasti t\u00e4yttym\u00e4tt\u00e4.<\/p>\n<p>Asetelmat olivat kutkuttavat Metaloplastikan viety\u00e4 viikko sitten kotiottelussaan voiton niukalla kahden maalin erolla, joten BK:n takaa-ajoasemat olivat v\u00e4hint\u00e4\u00e4nkin hyv\u00e4t.<\/p>\n<p>Avausjakso eteni vaihtelevan tasaisena. Vieraat olivat jakson puoliv\u00e4liss\u00e4 venytt\u00e4m\u00e4ss\u00e4 pient\u00e4 eroa, mutta BK tuli sen j\u00e4lkeen vahvasti ja k\u00e4\u00e4nsi lukemat johdokseen. Tauon alla Metaloplastika kuitenkin kuroi puolestaan eron umpeen ja tauolle mentiin tasalukemissa.<\/p>\n<p>Toinen jakso eteni pitk\u00e4\u00e4n BK:n hienoisessa hallinnassa ja karjaalaisten johto oli parhaimmillaan nelj\u00e4 maalia. BK oli kiinni jatkopaikassa viel\u00e4 reilu viisi minuuttia ennen ottelun loppua, mutta p\u00e4\u00e4t\u00f6sminuuteilla Metaloplastika teki ratkaisevat maalit ja vei jatkopaikan niukasti.<\/p>\n<p><em><strong>EHF European Cup, 3. kierros, 2. osaottelu:<\/strong><\/em><br \/>\n<strong>BK-46 \u2013 RK Metaloplastika Elixir Sabac 30-30 (14-14)<\/strong><br \/>\nMetaloplastika jatkoon yhteismaalein 61-59.<\/p>\n<p><strong>BK-46:n maalintekij\u00e4t:<\/strong> Sebastian S\u00e4kkinen 8, Nico R\u00f6nnberg 7, Janne Korpim\u00e4ki 5, Miska Henriksson 4, Jac Karlsson 2, Ihor Skyba 2, Jonathan Ekman 1, Robin Sj\u00f6man 1<\/p>\n<p><strong>2 min ulosajot ja ottelusta sulkemiset<\/strong>: BK-46 8 x 2 min., Nico R\u00f6nnberg suora sulkeminen, Metaloplastika 8 x 2 min.<\/p>\n","protected":false},"excerpt":{"rendered":"<p>BK-46 haki jatkopaikkaa EHF European Cupissa sunnuntaina kotonaan serbialaista RK Metaloplastika Elixir Sabacia vastaan, mutta tavoite j\u00e4i niukasti t\u00e4yttym\u00e4tt\u00e4. Asetelmat olivat kutkuttavat Metaloplastikan viety\u00e4 viikko sitten kotiottelussaan voiton niukalla kahden maalin erolla, joten BK:n takaa-ajoasemat olivat v\u00e4hint\u00e4\u00e4nkin hyv\u00e4t. Avausjakso eteni vaihtelevan tasaisena. Vieraat olivat jakson puoliv\u00e4liss\u00e4 venytt\u00e4m\u00e4ss\u00e4 pient\u00e4 eroa, mutta BK tuli sen j\u00e4lkeen vahvasti [&hellip;]<\/p>\n","protected":false},"author":13,"featured_media":44763,"comment_status":"closed","ping_status":"closed","sticky":false,"template":"","format":"standard","meta":{"_acf_changed":false,"jetpack_post_was_ever_published":false,"_jetpack_newsletter_access":"","_jetpack_dont_email_post_to_subs":false,"_jetpack_newsletter_tier_id":0,"_jetpack_memberships_contains_paywalled_content":false,"_jetpack_memberships_contains_paid_content":false,"footnotes":""},"categories":[2],"tags":[56,251],"class_list":["post-45379","post","type-post","status-publish","format-standard","has-post-thumbnail","hentry","category-ajankohtaista","tag-bk-46","tag-ehf-european-cup"],"acf":[],"yoast_head":"<!-- This site is optimized with the Yoast SEO plugin v27.5 - https:\/\/yoast.com\/product\/yoast-seo-wordpress\/ -->\n<title>BK-46:n taistelu ei aivan riitt\u00e4nyt jatkoon | K\u00e4sipallon miesten Aktialiiga<\/title>\n<meta name=\"robots\" content=\"index, follow, max-snippet:-1, max-image-preview:large, max-video-preview:-1\" \/>\n<link rel=\"canonical\" href=\"https:\/\/aktialiiga.fi\/miehet\/ajankohtaista\/bk-46n-taistelu-ei-aivan-riittanyt-jatkoon\/\" \/>\n<meta property=\"og:locale\" content=\"fi_FI\" \/>\n<meta property=\"og:type\" content=\"article\" \/>\n<meta property=\"og:title\" content=\"BK-46:n taistelu ei aivan riitt\u00e4nyt jatkoon | K\u00e4sipallon miesten Aktialiiga\" \/>\n<meta property=\"og:description\" content=\"BK-46 haki jatkopaikkaa EHF European Cupissa sunnuntaina kotonaan serbialaista RK Metaloplastika Elixir Sabacia vastaan, mutta tavoite j\u00e4i niukasti t\u00e4yttym\u00e4tt\u00e4. Asetelmat olivat kutkuttavat Metaloplastikan viety\u00e4 viikko sitten kotiottelussaan voiton niukalla kahden maalin erolla, joten BK:n takaa-ajoasemat olivat v\u00e4hint\u00e4\u00e4nkin hyv\u00e4t. Avausjakso eteni vaihtelevan tasaisena. Vieraat olivat jakson puoliv\u00e4liss\u00e4 venytt\u00e4m\u00e4ss\u00e4 pient\u00e4 eroa, mutta BK tuli sen j\u00e4lkeen vahvasti [&hellip;]\" \/>\n<meta property=\"og:url\" content=\"https:\/\/aktialiiga.fi\/miehet\/ajankohtaista\/bk-46n-taistelu-ei-aivan-riittanyt-jatkoon\/\" \/>\n<meta property=\"og:site_name\" content=\"K\u00e4sipallon miesten Aktialiiga\" \/>\n<meta property=\"article:publisher\" content=\"https:\/\/www.facebook.com\/finnhandball\" \/>\n<meta property=\"article:published_time\" content=\"2023-12-03T15:52:51+00:00\" \/>\n<meta property=\"og:image\" content=\"https:\/\/i0.wp.com\/aktialiiga.fi\/miehet\/wp-content\/uploads\/sites\/5\/2023\/10\/BK46_Sakkinen_Sebastian_2324a.jpg?fit=983%2C424&ssl=1\" \/>\n\t<meta property=\"og:image:width\" content=\"983\" \/>\n\t<meta property=\"og:image:height\" content=\"424\" \/>\n\t<meta property=\"og:image:type\" content=\"image\/jpeg\" \/>\n<meta name=\"author\" content=\"tbrmedia\" \/>\n<meta name=\"twitter:card\" content=\"summary_large_image\" \/>\n<meta name=\"twitter:creator\" content=\"@finnhandball\" \/>\n<meta name=\"twitter:site\" content=\"@finnhandball\" \/>\n<script type=\"application\/ld+json\" class=\"yoast-schema-graph\">{\"@context\":\"https:\\\/\\\/schema.org\",\"@graph\":[{\"@type\":\"Article\",\"@id\":\"https:\\\/\\\/aktialiiga.fi\\\/miehet\\\/ajankohtaista\\\/bk-46n-taistelu-ei-aivan-riittanyt-jatkoon\\\/#article\",\"isPartOf\":{\"@id\":\"https:\\\/\\\/aktialiiga.fi\\\/miehet\\\/ajankohtaista\\\/bk-46n-taistelu-ei-aivan-riittanyt-jatkoon\\\/\"},\"author\":{\"name\":\"tbrmedia\",\"@id\":\"https:\\\/\\\/aktialiiga.fi\\\/miehet\\\/#\\\/schema\\\/person\\\/c14bf42f47041db74603c45afcb18d87\"},\"headline\":\"BK-46:n taistelu ei aivan riitt\u00e4nyt jatkoon\",\"datePublished\":\"2023-12-03T15:52:51+00:00\",\"mainEntityOfPage\":{\"@id\":\"https:\\\/\\\/aktialiiga.fi\\\/miehet\\\/ajankohtaista\\\/bk-46n-taistelu-ei-aivan-riittanyt-jatkoon\\\/\"},\"wordCount\":186,\"publisher\":{\"@id\":\"https:\\\/\\\/aktialiiga.fi\\\/miehet\\\/#organization\"},\"image\":{\"@id\":\"https:\\\/\\\/aktialiiga.fi\\\/miehet\\\/ajankohtaista\\\/bk-46n-taistelu-ei-aivan-riittanyt-jatkoon\\\/#primaryimage\"},\"thumbnailUrl\":\"https:\\\/\\\/i0.wp.com\\\/aktialiiga.fi\\\/miehet\\\/wp-content\\\/uploads\\\/sites\\\/5\\\/2023\\\/10\\\/BK46_Sakkinen_Sebastian_2324a.jpg?fit=983%2C424&ssl=1\",\"keywords\":[\"BK-46\",\"EHF European Cup\"],\"articleSection\":[\"Ajankohtaista\"],\"inLanguage\":\"fi\"},{\"@type\":\"WebPage\",\"@id\":\"https:\\\/\\\/aktialiiga.fi\\\/miehet\\\/ajankohtaista\\\/bk-46n-taistelu-ei-aivan-riittanyt-jatkoon\\\/\",\"url\":\"https:\\\/\\\/aktialiiga.fi\\\/miehet\\\/ajankohtaista\\\/bk-46n-taistelu-ei-aivan-riittanyt-jatkoon\\\/\",\"name\":\"BK-46:n taistelu ei aivan riitt\u00e4nyt jatkoon | K\u00e4sipallon miesten Aktialiiga\",\"isPartOf\":{\"@id\":\"https:\\\/\\\/aktialiiga.fi\\\/miehet\\\/#website\"},\"primaryImageOfPage\":{\"@id\":\"https:\\\/\\\/aktialiiga.fi\\\/miehet\\\/ajankohtaista\\\/bk-46n-taistelu-ei-aivan-riittanyt-jatkoon\\\/#primaryimage\"},\"image\":{\"@id\":\"https:\\\/\\\/aktialiiga.fi\\\/miehet\\\/ajankohtaista\\\/bk-46n-taistelu-ei-aivan-riittanyt-jatkoon\\\/#primaryimage\"},\"thumbnailUrl\":\"https:\\\/\\\/i0.wp.com\\\/aktialiiga.fi\\\/miehet\\\/wp-content\\\/uploads\\\/sites\\\/5\\\/2023\\\/10\\\/BK46_Sakkinen_Sebastian_2324a.jpg?fit=983%2C424&ssl=1\",\"datePublished\":\"2023-12-03T15:52:51+00:00\",\"breadcrumb\":{\"@id\":\"https:\\\/\\\/aktialiiga.fi\\\/miehet\\\/ajankohtaista\\\/bk-46n-taistelu-ei-aivan-riittanyt-jatkoon\\\/#breadcrumb\"},\"inLanguage\":\"fi\",\"potentialAction\":[{\"@type\":\"ReadAction\",\"target\":[\"https:\\\/\\\/aktialiiga.fi\\\/miehet\\\/ajankohtaista\\\/bk-46n-taistelu-ei-aivan-riittanyt-jatkoon\\\/\"]}]},{\"@type\":\"ImageObject\",\"inLanguage\":\"fi\",\"@id\":\"https:\\\/\\\/aktialiiga.fi\\\/miehet\\\/ajankohtaista\\\/bk-46n-taistelu-ei-aivan-riittanyt-jatkoon\\\/#primaryimage\",\"url\":\"https:\\\/\\\/i0.wp.com\\\/aktialiiga.fi\\\/miehet\\\/wp-content\\\/uploads\\\/sites\\\/5\\\/2023\\\/10\\\/BK46_Sakkinen_Sebastian_2324a.jpg?fit=983%2C424&ssl=1\",\"contentUrl\":\"https:\\\/\\\/i0.wp.com\\\/aktialiiga.fi\\\/miehet\\\/wp-content\\\/uploads\\\/sites\\\/5\\\/2023\\\/10\\\/BK46_Sakkinen_Sebastian_2324a.jpg?fit=983%2C424&ssl=1\",\"width\":983,\"height\":424,\"caption\":\"Sebastian Sa\u0308kkinen, BK-46 K\u00e4sipallon SM-liiga BK-46 - Cocks Karjaan urheiluhalli 4. lokakuuta 2023. (Kalle Parkkinen\\\/Newspix24)\"},{\"@type\":\"BreadcrumbList\",\"@id\":\"https:\\\/\\\/aktialiiga.fi\\\/miehet\\\/ajankohtaista\\\/bk-46n-taistelu-ei-aivan-riittanyt-jatkoon\\\/#breadcrumb\",\"itemListElement\":[{\"@type\":\"ListItem\",\"position\":1,\"name\":\"Etusivu\",\"item\":\"https:\\\/\\\/aktialiiga.fi\\\/miehet\\\/\"},{\"@type\":\"ListItem\",\"position\":2,\"name\":\"BK-46:n taistelu ei aivan riitt\u00e4nyt jatkoon\"}]},{\"@type\":\"WebSite\",\"@id\":\"https:\\\/\\\/aktialiiga.fi\\\/miehet\\\/#website\",\"url\":\"https:\\\/\\\/aktialiiga.fi\\\/miehet\\\/\",\"name\":\"K\u00e4sipallon miesten Aktialiiga\",\"description\":\"Valtakunnan vauhdikkainta palloilua!\",\"publisher\":{\"@id\":\"https:\\\/\\\/aktialiiga.fi\\\/miehet\\\/#organization\"},\"potentialAction\":[{\"@type\":\"SearchAction\",\"target\":{\"@type\":\"EntryPoint\",\"urlTemplate\":\"https:\\\/\\\/aktialiiga.fi\\\/miehet\\\/?s={search_term_string}\"},\"query-input\":{\"@type\":\"PropertyValueSpecification\",\"valueRequired\":true,\"valueName\":\"search_term_string\"}}],\"inLanguage\":\"fi\"},{\"@type\":\"Organization\",\"@id\":\"https:\\\/\\\/aktialiiga.fi\\\/miehet\\\/#organization\",\"name\":\"K\u00e4sipallon miesten Aktialiiga\",\"url\":\"https:\\\/\\\/aktialiiga.fi\\\/miehet\\\/\",\"logo\":{\"@type\":\"ImageObject\",\"inLanguage\":\"fi\",\"@id\":\"https:\\\/\\\/aktialiiga.fi\\\/miehet\\\/#\\\/schema\\\/logo\\\/image\\\/\",\"url\":\"https:\\\/\\\/i0.wp.com\\\/aktialiiga.fi\\\/miehet\\\/wp-content\\\/uploads\\\/sites\\\/5\\\/2024\\\/09\\\/Aktialiiga-Yoast-512.png?fit=512%2C512&ssl=1\",\"contentUrl\":\"https:\\\/\\\/i0.wp.com\\\/aktialiiga.fi\\\/miehet\\\/wp-content\\\/uploads\\\/sites\\\/5\\\/2024\\\/09\\\/Aktialiiga-Yoast-512.png?fit=512%2C512&ssl=1\",\"width\":512,\"height\":512,\"caption\":\"K\u00e4sipallon miesten Aktialiiga\"},\"image\":{\"@id\":\"https:\\\/\\\/aktialiiga.fi\\\/miehet\\\/#\\\/schema\\\/logo\\\/image\\\/\"},\"sameAs\":[\"https:\\\/\\\/www.facebook.com\\\/finnhandball\",\"https:\\\/\\\/x.com\\\/finnhandball\",\"https:\\\/\\\/www.instagram.com\\\/handballfinland\\\/\"]},{\"@type\":\"Person\",\"@id\":\"https:\\\/\\\/aktialiiga.fi\\\/miehet\\\/#\\\/schema\\\/person\\\/c14bf42f47041db74603c45afcb18d87\",\"name\":\"tbrmedia\",\"image\":{\"@type\":\"ImageObject\",\"inLanguage\":\"fi\",\"@id\":\"https:\\\/\\\/secure.gravatar.com\\\/avatar\\\/ee975fa091fe581d12b60debb3439022686618368a7c142044c56724d4666b16?s=96&d=mm&r=g\",\"url\":\"https:\\\/\\\/secure.gravatar.com\\\/avatar\\\/ee975fa091fe581d12b60debb3439022686618368a7c142044c56724d4666b16?s=96&d=mm&r=g\",\"contentUrl\":\"https:\\\/\\\/secure.gravatar.com\\\/avatar\\\/ee975fa091fe581d12b60debb3439022686618368a7c142044c56724d4666b16?s=96&d=mm&r=g\",\"caption\":\"tbrmedia\"}}]}<\/script>\n<!-- \/ Yoast SEO plugin. -->","yoast_head_json":{"title":"BK-46:n taistelu ei aivan riitt\u00e4nyt jatkoon | K\u00e4sipallon miesten Aktialiiga","robots":{"index":"index","follow":"follow","max-snippet":"max-snippet:-1","max-image-preview":"max-image-preview:large","max-video-preview":"max-video-preview:-1"},"canonical":"https:\/\/aktialiiga.fi\/miehet\/ajankohtaista\/bk-46n-taistelu-ei-aivan-riittanyt-jatkoon\/","og_locale":"fi_FI","og_type":"article","og_title":"BK-46:n taistelu ei aivan riitt\u00e4nyt jatkoon | K\u00e4sipallon miesten Aktialiiga","og_description":"BK-46 haki jatkopaikkaa EHF European Cupissa sunnuntaina kotonaan serbialaista RK Metaloplastika Elixir Sabacia vastaan, mutta tavoite j\u00e4i niukasti t\u00e4yttym\u00e4tt\u00e4. Asetelmat olivat kutkuttavat Metaloplastikan viety\u00e4 viikko sitten kotiottelussaan voiton niukalla kahden maalin erolla, joten BK:n takaa-ajoasemat olivat v\u00e4hint\u00e4\u00e4nkin hyv\u00e4t. Avausjakso eteni vaihtelevan tasaisena. Vieraat olivat jakson puoliv\u00e4liss\u00e4 venytt\u00e4m\u00e4ss\u00e4 pient\u00e4 eroa, mutta BK tuli sen j\u00e4lkeen vahvasti [&hellip;]","og_url":"https:\/\/aktialiiga.fi\/miehet\/ajankohtaista\/bk-46n-taistelu-ei-aivan-riittanyt-jatkoon\/","og_site_name":"K\u00e4sipallon miesten Aktialiiga","article_publisher":"https:\/\/www.facebook.com\/finnhandball","article_published_time":"2023-12-03T15:52:51+00:00","og_image":[{"width":983,"height":424,"url":"https:\/\/i0.wp.com\/aktialiiga.fi\/miehet\/wp-content\/uploads\/sites\/5\/2023\/10\/BK46_Sakkinen_Sebastian_2324a.jpg?fit=983%2C424&ssl=1","type":"image\/jpeg"}],"author":"tbrmedia","twitter_card":"summary_large_image","twitter_creator":"@finnhandball","twitter_site":"@finnhandball","schema":{"@context":"https:\/\/schema.org","@graph":[{"@type":"Article","@id":"https:\/\/aktialiiga.fi\/miehet\/ajankohtaista\/bk-46n-taistelu-ei-aivan-riittanyt-jatkoon\/#article","isPartOf":{"@id":"https:\/\/aktialiiga.fi\/miehet\/ajankohtaista\/bk-46n-taistelu-ei-aivan-riittanyt-jatkoon\/"},"author":{"name":"tbrmedia","@id":"https:\/\/aktialiiga.fi\/miehet\/#\/schema\/person\/c14bf42f47041db74603c45afcb18d87"},"headline":"BK-46:n taistelu ei aivan riitt\u00e4nyt jatkoon","datePublished":"2023-12-03T15:52:51+00:00","mainEntityOfPage":{"@id":"https:\/\/aktialiiga.fi\/miehet\/ajankohtaista\/bk-46n-taistelu-ei-aivan-riittanyt-jatkoon\/"},"wordCount":186,"publisher":{"@id":"https:\/\/aktialiiga.fi\/miehet\/#organization"},"image":{"@id":"https:\/\/aktialiiga.fi\/miehet\/ajankohtaista\/bk-46n-taistelu-ei-aivan-riittanyt-jatkoon\/#primaryimage"},"thumbnailUrl":"https:\/\/i0.wp.com\/aktialiiga.fi\/miehet\/wp-content\/uploads\/sites\/5\/2023\/10\/BK46_Sakkinen_Sebastian_2324a.jpg?fit=983%2C424&ssl=1","keywords":["BK-46","EHF European Cup"],"articleSection":["Ajankohtaista"],"inLanguage":"fi"},{"@type":"WebPage","@id":"https:\/\/aktialiiga.fi\/miehet\/ajankohtaista\/bk-46n-taistelu-ei-aivan-riittanyt-jatkoon\/","url":"https:\/\/aktialiiga.fi\/miehet\/ajankohtaista\/bk-46n-taistelu-ei-aivan-riittanyt-jatkoon\/","name":"BK-46:n taistelu ei aivan riitt\u00e4nyt jatkoon | K\u00e4sipallon miesten Aktialiiga","isPartOf":{"@id":"https:\/\/aktialiiga.fi\/miehet\/#website"},"primaryImageOfPage":{"@id":"https:\/\/aktialiiga.fi\/miehet\/ajankohtaista\/bk-46n-taistelu-ei-aivan-riittanyt-jatkoon\/#primaryimage"},"image":{"@id":"https:\/\/aktialiiga.fi\/miehet\/ajankohtaista\/bk-46n-taistelu-ei-aivan-riittanyt-jatkoon\/#primaryimage"},"thumbnailUrl":"https:\/\/i0.wp.com\/aktialiiga.fi\/miehet\/wp-content\/uploads\/sites\/5\/2023\/10\/BK46_Sakkinen_Sebastian_2324a.jpg?fit=983%2C424&ssl=1","datePublished":"2023-12-03T15:52:51+00:00","breadcrumb":{"@id":"https:\/\/aktialiiga.fi\/miehet\/ajankohtaista\/bk-46n-taistelu-ei-aivan-riittanyt-jatkoon\/#breadcrumb"},"inLanguage":"fi","potentialAction":[{"@type":"ReadAction","target":["https:\/\/aktialiiga.fi\/miehet\/ajankohtaista\/bk-46n-taistelu-ei-aivan-riittanyt-jatkoon\/"]}]},{"@type":"ImageObject","inLanguage":"fi","@id":"https:\/\/aktialiiga.fi\/miehet\/ajankohtaista\/bk-46n-taistelu-ei-aivan-riittanyt-jatkoon\/#primaryimage","url":"https:\/\/i0.wp.com\/aktialiiga.fi\/miehet\/wp-content\/uploads\/sites\/5\/2023\/10\/BK46_Sakkinen_Sebastian_2324a.jpg?fit=983%2C424&ssl=1","contentUrl":"https:\/\/i0.wp.com\/aktialiiga.fi\/miehet\/wp-content\/uploads\/sites\/5\/2023\/10\/BK46_Sakkinen_Sebastian_2324a.jpg?fit=983%2C424&ssl=1","width":983,"height":424,"caption":"Sebastian Sa\u0308kkinen, BK-46 K\u00e4sipallon SM-liiga BK-46 - Cocks Karjaan urheiluhalli 4. lokakuuta 2023. (Kalle Parkkinen\/Newspix24)"},{"@type":"BreadcrumbList","@id":"https:\/\/aktialiiga.fi\/miehet\/ajankohtaista\/bk-46n-taistelu-ei-aivan-riittanyt-jatkoon\/#breadcrumb","itemListElement":[{"@type":"ListItem","position":1,"name":"Etusivu","item":"https:\/\/aktialiiga.fi\/miehet\/"},{"@type":"ListItem","position":2,"name":"BK-46:n taistelu ei aivan riitt\u00e4nyt jatkoon"}]},{"@type":"WebSite","@id":"https:\/\/aktialiiga.fi\/miehet\/#website","url":"https:\/\/aktialiiga.fi\/miehet\/","name":"K\u00e4sipallon miesten Aktialiiga","description":"Valtakunnan vauhdikkainta palloilua!","publisher":{"@id":"https:\/\/aktialiiga.fi\/miehet\/#organization"},"potentialAction":[{"@type":"SearchAction","target":{"@type":"EntryPoint","urlTemplate":"https:\/\/aktialiiga.fi\/miehet\/?s={search_term_string}"},"query-input":{"@type":"PropertyValueSpecification","valueRequired":true,"valueName":"search_term_string"}}],"inLanguage":"fi"},{"@type":"Organization","@id":"https:\/\/aktialiiga.fi\/miehet\/#organization","name":"K\u00e4sipallon miesten Aktialiiga","url":"https:\/\/aktialiiga.fi\/miehet\/","logo":{"@type":"ImageObject","inLanguage":"fi","@id":"https:\/\/aktialiiga.fi\/miehet\/#\/schema\/logo\/image\/","url":"https:\/\/i0.wp.com\/aktialiiga.fi\/miehet\/wp-content\/uploads\/sites\/5\/2024\/09\/Aktialiiga-Yoast-512.png?fit=512%2C512&ssl=1","contentUrl":"https:\/\/i0.wp.com\/aktialiiga.fi\/miehet\/wp-content\/uploads\/sites\/5\/2024\/09\/Aktialiiga-Yoast-512.png?fit=512%2C512&ssl=1","width":512,"height":512,"caption":"K\u00e4sipallon miesten Aktialiiga"},"image":{"@id":"https:\/\/aktialiiga.fi\/miehet\/#\/schema\/logo\/image\/"},"sameAs":["https:\/\/www.facebook.com\/finnhandball","https:\/\/x.com\/finnhandball","https:\/\/www.instagram.com\/handballfinland\/"]},{"@type":"Person","@id":"https:\/\/aktialiiga.fi\/miehet\/#\/schema\/person\/c14bf42f47041db74603c45afcb18d87","name":"tbrmedia","image":{"@type":"ImageObject","inLanguage":"fi","@id":"https:\/\/secure.gravatar.com\/avatar\/ee975fa091fe581d12b60debb3439022686618368a7c142044c56724d4666b16?s=96&d=mm&r=g","url":"https:\/\/secure.gravatar.com\/avatar\/ee975fa091fe581d12b60debb3439022686618368a7c142044c56724d4666b16?s=96&d=mm&r=g","contentUrl":"https:\/\/secure.gravatar.com\/avatar\/ee975fa091fe581d12b60debb3439022686618368a7c142044c56724d4666b16?s=96&d=mm&r=g","caption":"tbrmedia"}}]}},"jetpack_featured_media_url":"https:\/\/i0.wp.com\/aktialiiga.fi\/miehet\/wp-content\/uploads\/sites\/5\/2023\/10\/BK46_Sakkinen_Sebastian_2324a.jpg?fit=983%2C424&ssl=1","jetpack_sharing_enabled":true,"jetpack_shortlink":"https:\/\/wp.me\/pfTxOr-bNV","_links":{"self":[{"href":"https:\/\/aktialiiga.fi\/miehet\/wp-json\/wp\/v2\/posts\/45379","targetHints":{"allow":["GET"]}}],"collection":[{"href":"https:\/\/aktialiiga.fi\/miehet\/wp-json\/wp\/v2\/posts"}],"about":[{"href":"https:\/\/aktialiiga.fi\/miehet\/wp-json\/wp\/v2\/types\/post"}],"author":[{"embeddable":true,"href":"https:\/\/aktialiiga.fi\/miehet\/wp-json\/wp\/v2\/users\/13"}],"replies":[{"embeddable":true,"href":"https:\/\/aktialiiga.fi\/miehet\/wp-json\/wp\/v2\/comments?post=45379"}],"version-history":[{"count":0,"href":"https:\/\/aktialiiga.fi\/miehet\/wp-json\/wp\/v2\/posts\/45379\/revisions"}],"wp:featuredmedia":[{"embeddable":true,"href":"https:\/\/aktialiiga.fi\/miehet\/wp-json\/wp\/v2\/media\/44763"}],"wp:attachment":[{"href":"https:\/\/aktialiiga.fi\/miehet\/wp-json\/wp\/v2\/media?parent=45379"}],"wp:term":[{"taxonomy":"category","embeddable":true,"href":"https:\/\/aktialiiga.fi\/miehet\/wp-json\/wp\/v2\/categories?post=45379"},{"taxonomy":"post_tag","embeddable":true,"href":"https:\/\/aktialiiga.fi\/miehet\/wp-json\/wp\/v2\/tags?post=45379"}],"curies":[{"name":"wp","href":"https:\/\/api.w.org\/{rel}","templated":true}]}}