{"id":45403,"date":"2023-12-06T17:14:33","date_gmt":"2023-12-06T15:14:33","guid":{"rendered":"https:\/\/aktialiiga.fi\/miehet\/?p=45403"},"modified":"2023-12-06T17:14:33","modified_gmt":"2023-12-06T15:14:33","slug":"tiivis-loppuviikko-kayntiin-jo-torstaina","status":"publish","type":"post","link":"https:\/\/aktialiiga.fi\/miehet\/2023-2024\/ennakot-2023-24\/tiivis-loppuviikko-kayntiin-jo-torstaina\/","title":{"rendered":"Tiivis loppuviikko k\u00e4yntiin jo torstaina"},"content":{"rendered":"<p>SM-liigassa pelataan itsen\u00e4isyysp\u00e4iv\u00e4n j\u00e4lkeen tiivis loppuviikko, kun ohjelmassa on kaikkiaan viisi ottelua.<\/p>\n<p>Jo torstaina pelataan ottelu HIFK \u2013 BK-46 ja molemmat joukkueet ovat tulessa toistamiseen lauantaina. Urakoimaan p\u00e4\u00e4see my\u00f6s Dicken, joka pelaa sek\u00e4 perjantaina ett\u00e4 lauantaina.<\/p>\n<p>Samalla saavutetaan my\u00f6s kahden kolmasosan rajapyykki runkosarjan osalta. Jatkosarjapaikat alkavat olla toden teolla peliss\u00e4. Sijoituksilla on toki merkityst\u00e4 muutenkin, mutta ylemm\u00e4n jatkosarjan nelj\u00e4s paikka on t\u00e4ll\u00e4 hetkell\u00e4 SIF:n ja HIFK:n v\u00e4linen taistelu. Molemmilla on kovat haasteet edess\u00e4 sill\u00e4 HIFK kohtaa k\u00e4rkikaksikon BK-46:n ja GrIFK:n, kun SIF puolestaan matkaa perjantaina sarjakolmonen Cocksin vieraaksi.<\/p>\n<p>Oma ehdoton mielenkiintonsa on my\u00f6s perjantain kohtaamisessa \u00c5IFK-Dicken. Kaksikko kohtasi vain reilu viikko sitten ja Dicken sai tuolloin kauden voittotilins\u00e4 auki. \u00c5IFK p\u00e4\u00e4see nyt hakemaan revanssia kotiyleis\u00f6ns\u00e4 edess\u00e4.<\/p>\n<p><strong>SM-liiga loppuviikolla:<\/strong><br \/>\nTo 7.12. klo 19.00 HIFK \u2013 BK-46<br \/>\nPe 8.12. klo 18.30 Cocks \u2013 SIF<br \/>\nPe 8.12. klo 18.30 \u00c5IFK \u2013 Dicken<br \/>\nLa 9.12. klo 16.00 GrIFK \u2013 HIFK<br \/>\nLa 9.12. klo 16.00 BK-46 \u2013 Dicken<\/p>\n<p>Kaikki SM-liigakauden ottelut suorina l\u00e4hetyksin\u00e4 <strong><a href=\"https:\/\/handis.tv\/handisliiga\" target=\"_blank\" rel=\"noopener\">HandisTV:st\u00e4<\/a><\/strong>.<\/p>\n","protected":false},"excerpt":{"rendered":"<p>SM-liigassa pelataan itsen\u00e4isyysp\u00e4iv\u00e4n j\u00e4lkeen tiivis loppuviikko, kun ohjelmassa on kaikkiaan viisi ottelua. Jo torstaina pelataan ottelu HIFK \u2013 BK-46 ja molemmat joukkueet ovat tulessa toistamiseen lauantaina. Urakoimaan p\u00e4\u00e4see my\u00f6s Dicken, joka pelaa sek\u00e4 perjantaina ett\u00e4 lauantaina. Samalla saavutetaan my\u00f6s kahden kolmasosan rajapyykki runkosarjan osalta. Jatkosarjapaikat alkavat olla toden teolla peliss\u00e4. Sijoituksilla on toki merkityst\u00e4 muutenkin, [&hellip;]<\/p>\n","protected":false},"author":13,"featured_media":45315,"comment_status":"closed","ping_status":"closed","sticky":false,"template":"","format":"standard","meta":{"_acf_changed":false,"jetpack_post_was_ever_published":false,"_jetpack_newsletter_access":"","_jetpack_dont_email_post_to_subs":false,"_jetpack_newsletter_tier_id":0,"_jetpack_memberships_contains_paywalled_content":false,"_jetpack_memberships_contains_paid_content":false,"footnotes":""},"categories":[299],"tags":[50,56,57,58,64,71,111],"class_list":["post-45403","post","type-post","status-publish","format-standard","has-post-thumbnail","hentry","category-ennakot-2023-24","tag-aifk","tag-bk-46","tag-cocks","tag-dicken","tag-grifk","tag-hifk","tag-sif"],"acf":[],"yoast_head":"<!-- This site is optimized with the Yoast SEO plugin v27.5 - https:\/\/yoast.com\/product\/yoast-seo-wordpress\/ -->\n<title>Tiivis loppuviikko k\u00e4yntiin jo torstaina | K\u00e4sipallon miesten Aktialiiga<\/title>\n<meta name=\"robots\" content=\"index, follow, max-snippet:-1, max-image-preview:large, max-video-preview:-1\" \/>\n<link rel=\"canonical\" href=\"https:\/\/aktialiiga.fi\/miehet\/2023-2024\/ennakot-2023-24\/tiivis-loppuviikko-kayntiin-jo-torstaina\/\" \/>\n<meta property=\"og:locale\" content=\"fi_FI\" \/>\n<meta property=\"og:type\" content=\"article\" \/>\n<meta property=\"og:title\" content=\"Tiivis loppuviikko k\u00e4yntiin jo torstaina | K\u00e4sipallon miesten Aktialiiga\" \/>\n<meta property=\"og:description\" content=\"SM-liigassa pelataan itsen\u00e4isyysp\u00e4iv\u00e4n j\u00e4lkeen tiivis loppuviikko, kun ohjelmassa on kaikkiaan viisi ottelua. Jo torstaina pelataan ottelu HIFK \u2013 BK-46 ja molemmat joukkueet ovat tulessa toistamiseen lauantaina. Urakoimaan p\u00e4\u00e4see my\u00f6s Dicken, joka pelaa sek\u00e4 perjantaina ett\u00e4 lauantaina. Samalla saavutetaan my\u00f6s kahden kolmasosan rajapyykki runkosarjan osalta. Jatkosarjapaikat alkavat olla toden teolla peliss\u00e4. Sijoituksilla on toki merkityst\u00e4 muutenkin, [&hellip;]\" \/>\n<meta property=\"og:url\" content=\"https:\/\/aktialiiga.fi\/miehet\/2023-2024\/ennakot-2023-24\/tiivis-loppuviikko-kayntiin-jo-torstaina\/\" \/>\n<meta property=\"og:site_name\" content=\"K\u00e4sipallon miesten Aktialiiga\" \/>\n<meta property=\"article:publisher\" content=\"https:\/\/www.facebook.com\/finnhandball\" \/>\n<meta property=\"article:published_time\" content=\"2023-12-06T15:14:33+00:00\" \/>\n<meta property=\"og:image\" content=\"https:\/\/i0.wp.com\/aktialiiga.fi\/miehet\/wp-content\/uploads\/sites\/5\/2023\/11\/AIFK-HIFK_peli_2324_Robert_Lemberg-scaled.jpg?fit=2560%2C1090&ssl=1\" \/>\n\t<meta property=\"og:image:width\" content=\"2560\" \/>\n\t<meta property=\"og:image:height\" content=\"1090\" \/>\n\t<meta property=\"og:image:type\" content=\"image\/jpeg\" \/>\n<meta name=\"author\" content=\"tbrmedia\" \/>\n<meta name=\"twitter:card\" content=\"summary_large_image\" \/>\n<meta name=\"twitter:creator\" content=\"@finnhandball\" \/>\n<meta name=\"twitter:site\" content=\"@finnhandball\" \/>\n<script type=\"application\/ld+json\" class=\"yoast-schema-graph\">{\"@context\":\"https:\\\/\\\/schema.org\",\"@graph\":[{\"@type\":\"Article\",\"@id\":\"https:\\\/\\\/aktialiiga.fi\\\/miehet\\\/2023-2024\\\/ennakot-2023-24\\\/tiivis-loppuviikko-kayntiin-jo-torstaina\\\/#article\",\"isPartOf\":{\"@id\":\"https:\\\/\\\/aktialiiga.fi\\\/miehet\\\/2023-2024\\\/ennakot-2023-24\\\/tiivis-loppuviikko-kayntiin-jo-torstaina\\\/\"},\"author\":{\"name\":\"tbrmedia\",\"@id\":\"https:\\\/\\\/aktialiiga.fi\\\/miehet\\\/#\\\/schema\\\/person\\\/c14bf42f47041db74603c45afcb18d87\"},\"headline\":\"Tiivis loppuviikko k\u00e4yntiin jo torstaina\",\"datePublished\":\"2023-12-06T15:14:33+00:00\",\"mainEntityOfPage\":{\"@id\":\"https:\\\/\\\/aktialiiga.fi\\\/miehet\\\/2023-2024\\\/ennakot-2023-24\\\/tiivis-loppuviikko-kayntiin-jo-torstaina\\\/\"},\"wordCount\":170,\"publisher\":{\"@id\":\"https:\\\/\\\/aktialiiga.fi\\\/miehet\\\/#organization\"},\"image\":{\"@id\":\"https:\\\/\\\/aktialiiga.fi\\\/miehet\\\/2023-2024\\\/ennakot-2023-24\\\/tiivis-loppuviikko-kayntiin-jo-torstaina\\\/#primaryimage\"},\"thumbnailUrl\":\"https:\\\/\\\/i0.wp.com\\\/aktialiiga.fi\\\/miehet\\\/wp-content\\\/uploads\\\/sites\\\/5\\\/2023\\\/11\\\/AIFK-HIFK_peli_2324_Robert_Lemberg-scaled.jpg?fit=2560%2C1090&ssl=1\",\"keywords\":[\"\u00c5IFK\",\"BK-46\",\"Cocks\",\"Dicken\",\"GrIFK\",\"HIFK\",\"SIF\"],\"articleSection\":[\"Ennakot\"],\"inLanguage\":\"fi\"},{\"@type\":\"WebPage\",\"@id\":\"https:\\\/\\\/aktialiiga.fi\\\/miehet\\\/2023-2024\\\/ennakot-2023-24\\\/tiivis-loppuviikko-kayntiin-jo-torstaina\\\/\",\"url\":\"https:\\\/\\\/aktialiiga.fi\\\/miehet\\\/2023-2024\\\/ennakot-2023-24\\\/tiivis-loppuviikko-kayntiin-jo-torstaina\\\/\",\"name\":\"Tiivis loppuviikko k\u00e4yntiin jo torstaina | K\u00e4sipallon miesten Aktialiiga\",\"isPartOf\":{\"@id\":\"https:\\\/\\\/aktialiiga.fi\\\/miehet\\\/#website\"},\"primaryImageOfPage\":{\"@id\":\"https:\\\/\\\/aktialiiga.fi\\\/miehet\\\/2023-2024\\\/ennakot-2023-24\\\/tiivis-loppuviikko-kayntiin-jo-torstaina\\\/#primaryimage\"},\"image\":{\"@id\":\"https:\\\/\\\/aktialiiga.fi\\\/miehet\\\/2023-2024\\\/ennakot-2023-24\\\/tiivis-loppuviikko-kayntiin-jo-torstaina\\\/#primaryimage\"},\"thumbnailUrl\":\"https:\\\/\\\/i0.wp.com\\\/aktialiiga.fi\\\/miehet\\\/wp-content\\\/uploads\\\/sites\\\/5\\\/2023\\\/11\\\/AIFK-HIFK_peli_2324_Robert_Lemberg-scaled.jpg?fit=2560%2C1090&ssl=1\",\"datePublished\":\"2023-12-06T15:14:33+00:00\",\"breadcrumb\":{\"@id\":\"https:\\\/\\\/aktialiiga.fi\\\/miehet\\\/2023-2024\\\/ennakot-2023-24\\\/tiivis-loppuviikko-kayntiin-jo-torstaina\\\/#breadcrumb\"},\"inLanguage\":\"fi\",\"potentialAction\":[{\"@type\":\"ReadAction\",\"target\":[\"https:\\\/\\\/aktialiiga.fi\\\/miehet\\\/2023-2024\\\/ennakot-2023-24\\\/tiivis-loppuviikko-kayntiin-jo-torstaina\\\/\"]}]},{\"@type\":\"ImageObject\",\"inLanguage\":\"fi\",\"@id\":\"https:\\\/\\\/aktialiiga.fi\\\/miehet\\\/2023-2024\\\/ennakot-2023-24\\\/tiivis-loppuviikko-kayntiin-jo-torstaina\\\/#primaryimage\",\"url\":\"https:\\\/\\\/i0.wp.com\\\/aktialiiga.fi\\\/miehet\\\/wp-content\\\/uploads\\\/sites\\\/5\\\/2023\\\/11\\\/AIFK-HIFK_peli_2324_Robert_Lemberg-scaled.jpg?fit=2560%2C1090&ssl=1\",\"contentUrl\":\"https:\\\/\\\/i0.wp.com\\\/aktialiiga.fi\\\/miehet\\\/wp-content\\\/uploads\\\/sites\\\/5\\\/2023\\\/11\\\/AIFK-HIFK_peli_2324_Robert_Lemberg-scaled.jpg?fit=2560%2C1090&ssl=1\",\"width\":2560,\"height\":1090},{\"@type\":\"BreadcrumbList\",\"@id\":\"https:\\\/\\\/aktialiiga.fi\\\/miehet\\\/2023-2024\\\/ennakot-2023-24\\\/tiivis-loppuviikko-kayntiin-jo-torstaina\\\/#breadcrumb\",\"itemListElement\":[{\"@type\":\"ListItem\",\"position\":1,\"name\":\"Etusivu\",\"item\":\"https:\\\/\\\/aktialiiga.fi\\\/miehet\\\/\"},{\"@type\":\"ListItem\",\"position\":2,\"name\":\"Tiivis loppuviikko k\u00e4yntiin jo torstaina\"}]},{\"@type\":\"WebSite\",\"@id\":\"https:\\\/\\\/aktialiiga.fi\\\/miehet\\\/#website\",\"url\":\"https:\\\/\\\/aktialiiga.fi\\\/miehet\\\/\",\"name\":\"K\u00e4sipallon miesten Aktialiiga\",\"description\":\"Valtakunnan vauhdikkainta palloilua!\",\"publisher\":{\"@id\":\"https:\\\/\\\/aktialiiga.fi\\\/miehet\\\/#organization\"},\"potentialAction\":[{\"@type\":\"SearchAction\",\"target\":{\"@type\":\"EntryPoint\",\"urlTemplate\":\"https:\\\/\\\/aktialiiga.fi\\\/miehet\\\/?s={search_term_string}\"},\"query-input\":{\"@type\":\"PropertyValueSpecification\",\"valueRequired\":true,\"valueName\":\"search_term_string\"}}],\"inLanguage\":\"fi\"},{\"@type\":\"Organization\",\"@id\":\"https:\\\/\\\/aktialiiga.fi\\\/miehet\\\/#organization\",\"name\":\"K\u00e4sipallon miesten Aktialiiga\",\"url\":\"https:\\\/\\\/aktialiiga.fi\\\/miehet\\\/\",\"logo\":{\"@type\":\"ImageObject\",\"inLanguage\":\"fi\",\"@id\":\"https:\\\/\\\/aktialiiga.fi\\\/miehet\\\/#\\\/schema\\\/logo\\\/image\\\/\",\"url\":\"https:\\\/\\\/i0.wp.com\\\/aktialiiga.fi\\\/miehet\\\/wp-content\\\/uploads\\\/sites\\\/5\\\/2024\\\/09\\\/Aktialiiga-Yoast-512.png?fit=512%2C512&ssl=1\",\"contentUrl\":\"https:\\\/\\\/i0.wp.com\\\/aktialiiga.fi\\\/miehet\\\/wp-content\\\/uploads\\\/sites\\\/5\\\/2024\\\/09\\\/Aktialiiga-Yoast-512.png?fit=512%2C512&ssl=1\",\"width\":512,\"height\":512,\"caption\":\"K\u00e4sipallon miesten Aktialiiga\"},\"image\":{\"@id\":\"https:\\\/\\\/aktialiiga.fi\\\/miehet\\\/#\\\/schema\\\/logo\\\/image\\\/\"},\"sameAs\":[\"https:\\\/\\\/www.facebook.com\\\/finnhandball\",\"https:\\\/\\\/x.com\\\/finnhandball\",\"https:\\\/\\\/www.instagram.com\\\/handballfinland\\\/\"]},{\"@type\":\"Person\",\"@id\":\"https:\\\/\\\/aktialiiga.fi\\\/miehet\\\/#\\\/schema\\\/person\\\/c14bf42f47041db74603c45afcb18d87\",\"name\":\"tbrmedia\",\"image\":{\"@type\":\"ImageObject\",\"inLanguage\":\"fi\",\"@id\":\"https:\\\/\\\/secure.gravatar.com\\\/avatar\\\/ee975fa091fe581d12b60debb3439022686618368a7c142044c56724d4666b16?s=96&d=mm&r=g\",\"url\":\"https:\\\/\\\/secure.gravatar.com\\\/avatar\\\/ee975fa091fe581d12b60debb3439022686618368a7c142044c56724d4666b16?s=96&d=mm&r=g\",\"contentUrl\":\"https:\\\/\\\/secure.gravatar.com\\\/avatar\\\/ee975fa091fe581d12b60debb3439022686618368a7c142044c56724d4666b16?s=96&d=mm&r=g\",\"caption\":\"tbrmedia\"}}]}<\/script>\n<!-- \/ Yoast SEO plugin. -->","yoast_head_json":{"title":"Tiivis loppuviikko k\u00e4yntiin jo torstaina | K\u00e4sipallon miesten Aktialiiga","robots":{"index":"index","follow":"follow","max-snippet":"max-snippet:-1","max-image-preview":"max-image-preview:large","max-video-preview":"max-video-preview:-1"},"canonical":"https:\/\/aktialiiga.fi\/miehet\/2023-2024\/ennakot-2023-24\/tiivis-loppuviikko-kayntiin-jo-torstaina\/","og_locale":"fi_FI","og_type":"article","og_title":"Tiivis loppuviikko k\u00e4yntiin jo torstaina | K\u00e4sipallon miesten Aktialiiga","og_description":"SM-liigassa pelataan itsen\u00e4isyysp\u00e4iv\u00e4n j\u00e4lkeen tiivis loppuviikko, kun ohjelmassa on kaikkiaan viisi ottelua. Jo torstaina pelataan ottelu HIFK \u2013 BK-46 ja molemmat joukkueet ovat tulessa toistamiseen lauantaina. Urakoimaan p\u00e4\u00e4see my\u00f6s Dicken, joka pelaa sek\u00e4 perjantaina ett\u00e4 lauantaina. Samalla saavutetaan my\u00f6s kahden kolmasosan rajapyykki runkosarjan osalta. Jatkosarjapaikat alkavat olla toden teolla peliss\u00e4. Sijoituksilla on toki merkityst\u00e4 muutenkin, [&hellip;]","og_url":"https:\/\/aktialiiga.fi\/miehet\/2023-2024\/ennakot-2023-24\/tiivis-loppuviikko-kayntiin-jo-torstaina\/","og_site_name":"K\u00e4sipallon miesten Aktialiiga","article_publisher":"https:\/\/www.facebook.com\/finnhandball","article_published_time":"2023-12-06T15:14:33+00:00","og_image":[{"width":2560,"height":1090,"url":"https:\/\/i0.wp.com\/aktialiiga.fi\/miehet\/wp-content\/uploads\/sites\/5\/2023\/11\/AIFK-HIFK_peli_2324_Robert_Lemberg-scaled.jpg?fit=2560%2C1090&ssl=1","type":"image\/jpeg"}],"author":"tbrmedia","twitter_card":"summary_large_image","twitter_creator":"@finnhandball","twitter_site":"@finnhandball","schema":{"@context":"https:\/\/schema.org","@graph":[{"@type":"Article","@id":"https:\/\/aktialiiga.fi\/miehet\/2023-2024\/ennakot-2023-24\/tiivis-loppuviikko-kayntiin-jo-torstaina\/#article","isPartOf":{"@id":"https:\/\/aktialiiga.fi\/miehet\/2023-2024\/ennakot-2023-24\/tiivis-loppuviikko-kayntiin-jo-torstaina\/"},"author":{"name":"tbrmedia","@id":"https:\/\/aktialiiga.fi\/miehet\/#\/schema\/person\/c14bf42f47041db74603c45afcb18d87"},"headline":"Tiivis loppuviikko k\u00e4yntiin jo torstaina","datePublished":"2023-12-06T15:14:33+00:00","mainEntityOfPage":{"@id":"https:\/\/aktialiiga.fi\/miehet\/2023-2024\/ennakot-2023-24\/tiivis-loppuviikko-kayntiin-jo-torstaina\/"},"wordCount":170,"publisher":{"@id":"https:\/\/aktialiiga.fi\/miehet\/#organization"},"image":{"@id":"https:\/\/aktialiiga.fi\/miehet\/2023-2024\/ennakot-2023-24\/tiivis-loppuviikko-kayntiin-jo-torstaina\/#primaryimage"},"thumbnailUrl":"https:\/\/i0.wp.com\/aktialiiga.fi\/miehet\/wp-content\/uploads\/sites\/5\/2023\/11\/AIFK-HIFK_peli_2324_Robert_Lemberg-scaled.jpg?fit=2560%2C1090&ssl=1","keywords":["\u00c5IFK","BK-46","Cocks","Dicken","GrIFK","HIFK","SIF"],"articleSection":["Ennakot"],"inLanguage":"fi"},{"@type":"WebPage","@id":"https:\/\/aktialiiga.fi\/miehet\/2023-2024\/ennakot-2023-24\/tiivis-loppuviikko-kayntiin-jo-torstaina\/","url":"https:\/\/aktialiiga.fi\/miehet\/2023-2024\/ennakot-2023-24\/tiivis-loppuviikko-kayntiin-jo-torstaina\/","name":"Tiivis loppuviikko k\u00e4yntiin jo torstaina | K\u00e4sipallon miesten Aktialiiga","isPartOf":{"@id":"https:\/\/aktialiiga.fi\/miehet\/#website"},"primaryImageOfPage":{"@id":"https:\/\/aktialiiga.fi\/miehet\/2023-2024\/ennakot-2023-24\/tiivis-loppuviikko-kayntiin-jo-torstaina\/#primaryimage"},"image":{"@id":"https:\/\/aktialiiga.fi\/miehet\/2023-2024\/ennakot-2023-24\/tiivis-loppuviikko-kayntiin-jo-torstaina\/#primaryimage"},"thumbnailUrl":"https:\/\/i0.wp.com\/aktialiiga.fi\/miehet\/wp-content\/uploads\/sites\/5\/2023\/11\/AIFK-HIFK_peli_2324_Robert_Lemberg-scaled.jpg?fit=2560%2C1090&ssl=1","datePublished":"2023-12-06T15:14:33+00:00","breadcrumb":{"@id":"https:\/\/aktialiiga.fi\/miehet\/2023-2024\/ennakot-2023-24\/tiivis-loppuviikko-kayntiin-jo-torstaina\/#breadcrumb"},"inLanguage":"fi","potentialAction":[{"@type":"ReadAction","target":["https:\/\/aktialiiga.fi\/miehet\/2023-2024\/ennakot-2023-24\/tiivis-loppuviikko-kayntiin-jo-torstaina\/"]}]},{"@type":"ImageObject","inLanguage":"fi","@id":"https:\/\/aktialiiga.fi\/miehet\/2023-2024\/ennakot-2023-24\/tiivis-loppuviikko-kayntiin-jo-torstaina\/#primaryimage","url":"https:\/\/i0.wp.com\/aktialiiga.fi\/miehet\/wp-content\/uploads\/sites\/5\/2023\/11\/AIFK-HIFK_peli_2324_Robert_Lemberg-scaled.jpg?fit=2560%2C1090&ssl=1","contentUrl":"https:\/\/i0.wp.com\/aktialiiga.fi\/miehet\/wp-content\/uploads\/sites\/5\/2023\/11\/AIFK-HIFK_peli_2324_Robert_Lemberg-scaled.jpg?fit=2560%2C1090&ssl=1","width":2560,"height":1090},{"@type":"BreadcrumbList","@id":"https:\/\/aktialiiga.fi\/miehet\/2023-2024\/ennakot-2023-24\/tiivis-loppuviikko-kayntiin-jo-torstaina\/#breadcrumb","itemListElement":[{"@type":"ListItem","position":1,"name":"Etusivu","item":"https:\/\/aktialiiga.fi\/miehet\/"},{"@type":"ListItem","position":2,"name":"Tiivis loppuviikko k\u00e4yntiin jo torstaina"}]},{"@type":"WebSite","@id":"https:\/\/aktialiiga.fi\/miehet\/#website","url":"https:\/\/aktialiiga.fi\/miehet\/","name":"K\u00e4sipallon miesten Aktialiiga","description":"Valtakunnan vauhdikkainta palloilua!","publisher":{"@id":"https:\/\/aktialiiga.fi\/miehet\/#organization"},"potentialAction":[{"@type":"SearchAction","target":{"@type":"EntryPoint","urlTemplate":"https:\/\/aktialiiga.fi\/miehet\/?s={search_term_string}"},"query-input":{"@type":"PropertyValueSpecification","valueRequired":true,"valueName":"search_term_string"}}],"inLanguage":"fi"},{"@type":"Organization","@id":"https:\/\/aktialiiga.fi\/miehet\/#organization","name":"K\u00e4sipallon miesten Aktialiiga","url":"https:\/\/aktialiiga.fi\/miehet\/","logo":{"@type":"ImageObject","inLanguage":"fi","@id":"https:\/\/aktialiiga.fi\/miehet\/#\/schema\/logo\/image\/","url":"https:\/\/i0.wp.com\/aktialiiga.fi\/miehet\/wp-content\/uploads\/sites\/5\/2024\/09\/Aktialiiga-Yoast-512.png?fit=512%2C512&ssl=1","contentUrl":"https:\/\/i0.wp.com\/aktialiiga.fi\/miehet\/wp-content\/uploads\/sites\/5\/2024\/09\/Aktialiiga-Yoast-512.png?fit=512%2C512&ssl=1","width":512,"height":512,"caption":"K\u00e4sipallon miesten Aktialiiga"},"image":{"@id":"https:\/\/aktialiiga.fi\/miehet\/#\/schema\/logo\/image\/"},"sameAs":["https:\/\/www.facebook.com\/finnhandball","https:\/\/x.com\/finnhandball","https:\/\/www.instagram.com\/handballfinland\/"]},{"@type":"Person","@id":"https:\/\/aktialiiga.fi\/miehet\/#\/schema\/person\/c14bf42f47041db74603c45afcb18d87","name":"tbrmedia","image":{"@type":"ImageObject","inLanguage":"fi","@id":"https:\/\/secure.gravatar.com\/avatar\/ee975fa091fe581d12b60debb3439022686618368a7c142044c56724d4666b16?s=96&d=mm&r=g","url":"https:\/\/secure.gravatar.com\/avatar\/ee975fa091fe581d12b60debb3439022686618368a7c142044c56724d4666b16?s=96&d=mm&r=g","contentUrl":"https:\/\/secure.gravatar.com\/avatar\/ee975fa091fe581d12b60debb3439022686618368a7c142044c56724d4666b16?s=96&d=mm&r=g","caption":"tbrmedia"}}]}},"jetpack_featured_media_url":"https:\/\/i0.wp.com\/aktialiiga.fi\/miehet\/wp-content\/uploads\/sites\/5\/2023\/11\/AIFK-HIFK_peli_2324_Robert_Lemberg-scaled.jpg?fit=2560%2C1090&ssl=1","jetpack_sharing_enabled":true,"jetpack_shortlink":"https:\/\/wp.me\/pfTxOr-bOj","_links":{"self":[{"href":"https:\/\/aktialiiga.fi\/miehet\/wp-json\/wp\/v2\/posts\/45403","targetHints":{"allow":["GET"]}}],"collection":[{"href":"https:\/\/aktialiiga.fi\/miehet\/wp-json\/wp\/v2\/posts"}],"about":[{"href":"https:\/\/aktialiiga.fi\/miehet\/wp-json\/wp\/v2\/types\/post"}],"author":[{"embeddable":true,"href":"https:\/\/aktialiiga.fi\/miehet\/wp-json\/wp\/v2\/users\/13"}],"replies":[{"embeddable":true,"href":"https:\/\/aktialiiga.fi\/miehet\/wp-json\/wp\/v2\/comments?post=45403"}],"version-history":[{"count":0,"href":"https:\/\/aktialiiga.fi\/miehet\/wp-json\/wp\/v2\/posts\/45403\/revisions"}],"wp:featuredmedia":[{"embeddable":true,"href":"https:\/\/aktialiiga.fi\/miehet\/wp-json\/wp\/v2\/media\/45315"}],"wp:attachment":[{"href":"https:\/\/aktialiiga.fi\/miehet\/wp-json\/wp\/v2\/media?parent=45403"}],"wp:term":[{"taxonomy":"category","embeddable":true,"href":"https:\/\/aktialiiga.fi\/miehet\/wp-json\/wp\/v2\/categories?post=45403"},{"taxonomy":"post_tag","embeddable":true,"href":"https:\/\/aktialiiga.fi\/miehet\/wp-json\/wp\/v2\/tags?post=45403"}],"curies":[{"name":"wp","href":"https:\/\/api.w.org\/{rel}","templated":true}]}}