{"id":4549,"date":"2012-12-12T21:27:11","date_gmt":"2012-12-12T19:27:11","guid":{"rendered":"http:\/\/www.handisliiga.fi\/?p=4549"},"modified":"2018-04-20T13:04:00","modified_gmt":"2018-04-20T10:04:00","slug":"atlas-voitti-neljan-pisteen-ottelussa-bk-46n","status":"publish","type":"post","link":"https:\/\/aktialiiga.fi\/miehet\/2012-2013\/ottelut-2012-2013\/atlas-voitti-neljan-pisteen-ottelussa-bk-46n\/","title":{"rendered":"Atlas voitti nelj\u00e4n pisteen ottelussa BK-46:n"},"content":{"rendered":"<p>Rakkaat viholliset Atlas ja BK-46 kohtasivat Myyrm\u00e4ess\u00e4 nelj\u00e4n pisteen ottelussa. Illan t\u00e4hti oli kokenut takamies Toni Aalto, joka paukutti 12 maalia karjaalaisten verkkoon. Karjaalaisten ykk\u00f6nen on virolaisvahvistus Janis Selge 11:sta maalilla. <!--more--> Molemmaista joukkueista puuttui v\u00e4hint\u00e4\u00e4n yksi t\u00e4rke\u00e4 pelaaja. Vantaalaisten riveist\u00e4 puuttui ikoni Klaus Sarin ja karjaalaisten kokoonpanosta puuttui maalivahtilegenda Petter Forstr\u00f6m.<\/p>\n<p>Toni Aalto ansaitsi kolme t\u00e4hte\u00e4 ja kommentoi ottelun tauottua n\u00e4in:<br \/>\nT\u00e4n\u00e4\u00e4n osoitimme kauden t\u00e4h\u00e4n menness\u00e4 parasta peli-ilmett\u00e4. Se kestikin koko pelin ja pelasimme ehj\u00e4n 60. minuuttisen. Itsell\u00e4ni oli tosi hyv\u00e4 fiilis jo ennen peli\u00e4, kuten tuntui olevan koko jengill\u00e4. Hyv\u00e4 fiilis vain jatkui ja jatkui. Oli koko jengill\u00e4 kivaa t\u00e4n\u00e4\u00e4n kent\u00e4ll\u00e4 ja itse\u00e4 BK sytytt\u00e4\u00e4 aina. BK on lempivastustajani.<\/p>\n<p>Atlaksen p\u00e4\u00e4valmentaja Jaakko Horelli myh\u00e4ili tyytyv\u00e4isen\u00e4 ottelun j\u00e4lkeen:<br \/>\nTuomas Laitiselta huippupeli. Puolustuksemme oli ok ja hy\u00f6kk\u00e4ys ensimm\u00e4isen kerran t\u00e4ll\u00e4 kaudella mallikasta. Nyt oli peli-ilme, syd\u00e4n ja tunne alusta asti sill\u00e4 tasolla mit\u00e4 pit\u00e4\u00e4kin. Vaikka BK tuli l\u00e4helle, en miss\u00e4\u00e4n vaiheessa ep\u00e4illyt ettemme voittaisi. T\u00e4llainen Atlaksen tuleekin<br \/>\nolla.<\/p>\n<p>BK:n p\u00e4\u00e4valmentaja Jan K\u00e4llman harmitteli maalivahtien sairastumista:<br \/>\nMolemmilla veskareillamme oli kuumetta t\u00e4n\u00e4\u00e4n. Ottelu oli t\u00e4ysin voitettavissa. Tiesimme mit\u00e4 Aalto tekee ja niihin paikkoihin h\u00e4n vetelikin. Vedot vain meniv\u00e4t sis\u00e4\u00e4n. Kun Atlas tekee meille 36 maalia, on siin\u00e4 10-15 maalia aivan liikaa.<\/p>\n<p><strong>Atlas &#8211; BK-46 36 &#8211; 31 (17 &#8211; 14)<\/strong><\/p>\n<p>Maalintekij\u00e4t:<br \/>\nAtlas: Toni Aalto 12, Tuomas Witikka 4, Jani Kivinen 4, Anthony Hellakoski 4, Erkka N\u00e4nt\u00f6 3, Jyri Lujanen 3, Nikko Kinos 2, Kenneth \u00c5strand 2, Heikki Laitinen 1, Martin Noodla 1.<\/p>\n<p>BK-46: Janis Selge 11, Johan Skogberg 8, Olli-Pekka Korpim\u00e4ki 4, Fredrik Adamsson 2, Mario Karuse 2, Victor Westerlund 2, Sam Sj\u00f6man 1, Sebastian S\u00e4kkinen 1<\/p>\n<p>Varoitukset:<br \/>\nAtlas: Heikki Laitinen, Kenneth \u00c5strand, Anthony Hellakoski.<br \/>\nBK-46: Janis Selge.<\/p>\n<p>Ulosajot:<br \/>\nAtlas: Tuomas Witikka, Heikki Laitinen.<br \/>\nBK-46: Olli-Pekka Korpim\u00e4ki.<\/p>\n<p>Yleis\u00f6\u00e4: 234.<\/p>\n<p><strong>T\u00e4hdet:<\/strong><br \/>\n*** Toni Aalto (Atlas)<br \/>\n** Janis Selge (BK-46)<br \/>\n* Kenneth \u00c5strand (Atlas)<\/p>\n","protected":false},"excerpt":{"rendered":"<p>Rakkaat viholliset Atlas ja BK-46 kohtasivat Myyrm\u00e4ess\u00e4 nelj\u00e4n pisteen ottelussa. Illan t\u00e4hti oli kokenut takamies Toni Aalto, joka paukutti 12 maalia karjaalaisten verkkoon. Karjaalaisten ykk\u00f6nen on virolaisvahvistus Janis Selge 11:sta maalilla.<\/p>\n","protected":false},"author":13,"featured_media":194,"comment_status":"closed","ping_status":"closed","sticky":false,"template":"","format":"standard","meta":{"_acf_changed":false,"jetpack_post_was_ever_published":false,"_jetpack_newsletter_access":"","_jetpack_dont_email_post_to_subs":false,"_jetpack_newsletter_tier_id":0,"_jetpack_memberships_contains_paywalled_content":false,"_jetpack_memberships_contains_paid_content":false,"footnotes":""},"categories":[20],"tags":[53,56],"class_list":["post-4549","post","type-post","status-publish","format-standard","has-post-thumbnail","hentry","category-ottelut-2012-2013","tag-atlas","tag-bk-46"],"acf":[],"yoast_head":"<!-- This site is optimized with the Yoast SEO plugin v27.4 - https:\/\/yoast.com\/product\/yoast-seo-wordpress\/ -->\n<title>Atlas voitti nelj\u00e4n pisteen ottelussa BK-46:n | K\u00e4sipallon miesten Aktialiiga<\/title>\n<meta name=\"robots\" content=\"index, follow, max-snippet:-1, max-image-preview:large, max-video-preview:-1\" \/>\n<link rel=\"canonical\" href=\"https:\/\/aktialiiga.fi\/miehet\/2012-2013\/ottelut-2012-2013\/atlas-voitti-neljan-pisteen-ottelussa-bk-46n\/\" \/>\n<meta property=\"og:locale\" content=\"fi_FI\" \/>\n<meta property=\"og:type\" content=\"article\" \/>\n<meta property=\"og:title\" content=\"Atlas voitti nelj\u00e4n pisteen ottelussa BK-46:n | K\u00e4sipallon miesten Aktialiiga\" \/>\n<meta property=\"og:description\" content=\"Rakkaat viholliset Atlas ja BK-46 kohtasivat Myyrm\u00e4ess\u00e4 nelj\u00e4n pisteen ottelussa. Illan t\u00e4hti oli kokenut takamies Toni Aalto, joka paukutti 12 maalia karjaalaisten verkkoon. Karjaalaisten ykk\u00f6nen on virolaisvahvistus Janis Selge 11:sta maalilla.\" \/>\n<meta property=\"og:url\" content=\"https:\/\/aktialiiga.fi\/miehet\/2012-2013\/ottelut-2012-2013\/atlas-voitti-neljan-pisteen-ottelussa-bk-46n\/\" \/>\n<meta property=\"og:site_name\" content=\"K\u00e4sipallon miesten Aktialiiga\" \/>\n<meta property=\"article:publisher\" content=\"https:\/\/www.facebook.com\/finnhandball\" \/>\n<meta property=\"article:published_time\" content=\"2012-12-12T19:27:11+00:00\" \/>\n<meta property=\"article:modified_time\" content=\"2018-04-20T10:04:00+00:00\" \/>\n<meta property=\"og:image\" content=\"https:\/\/i0.wp.com\/aktialiiga.fi\/miehet\/wp-content\/uploads\/sites\/5\/2011\/09\/logo-atlas.gif?fit=116%2C104&ssl=1\" \/>\n\t<meta property=\"og:image:width\" content=\"116\" \/>\n\t<meta property=\"og:image:height\" content=\"104\" \/>\n\t<meta property=\"og:image:type\" content=\"image\/gif\" \/>\n<meta name=\"author\" content=\"tbrmedia\" \/>\n<meta name=\"twitter:card\" content=\"summary_large_image\" \/>\n<meta name=\"twitter:creator\" content=\"@finnhandball\" \/>\n<meta name=\"twitter:site\" content=\"@finnhandball\" \/>\n<script type=\"application\/ld+json\" class=\"yoast-schema-graph\">{\"@context\":\"https:\\\/\\\/schema.org\",\"@graph\":[{\"@type\":\"Article\",\"@id\":\"https:\\\/\\\/aktialiiga.fi\\\/miehet\\\/2012-2013\\\/ottelut-2012-2013\\\/atlas-voitti-neljan-pisteen-ottelussa-bk-46n\\\/#article\",\"isPartOf\":{\"@id\":\"https:\\\/\\\/aktialiiga.fi\\\/miehet\\\/2012-2013\\\/ottelut-2012-2013\\\/atlas-voitti-neljan-pisteen-ottelussa-bk-46n\\\/\"},\"author\":{\"name\":\"tbrmedia\",\"@id\":\"https:\\\/\\\/aktialiiga.fi\\\/miehet\\\/#\\\/schema\\\/person\\\/c14bf42f47041db74603c45afcb18d87\"},\"headline\":\"Atlas voitti nelj\u00e4n pisteen ottelussa BK-46:n\",\"datePublished\":\"2012-12-12T19:27:11+00:00\",\"dateModified\":\"2018-04-20T10:04:00+00:00\",\"mainEntityOfPage\":{\"@id\":\"https:\\\/\\\/aktialiiga.fi\\\/miehet\\\/2012-2013\\\/ottelut-2012-2013\\\/atlas-voitti-neljan-pisteen-ottelussa-bk-46n\\\/\"},\"wordCount\":327,\"publisher\":{\"@id\":\"https:\\\/\\\/aktialiiga.fi\\\/miehet\\\/#organization\"},\"image\":{\"@id\":\"https:\\\/\\\/aktialiiga.fi\\\/miehet\\\/2012-2013\\\/ottelut-2012-2013\\\/atlas-voitti-neljan-pisteen-ottelussa-bk-46n\\\/#primaryimage\"},\"thumbnailUrl\":\"https:\\\/\\\/i0.wp.com\\\/aktialiiga.fi\\\/miehet\\\/wp-content\\\/uploads\\\/sites\\\/5\\\/2011\\\/09\\\/logo-atlas.gif?fit=116%2C104&ssl=1\",\"keywords\":[\"Atlas\",\"BK-46\"],\"articleSection\":[\"Ottelut\"],\"inLanguage\":\"fi\"},{\"@type\":\"WebPage\",\"@id\":\"https:\\\/\\\/aktialiiga.fi\\\/miehet\\\/2012-2013\\\/ottelut-2012-2013\\\/atlas-voitti-neljan-pisteen-ottelussa-bk-46n\\\/\",\"url\":\"https:\\\/\\\/aktialiiga.fi\\\/miehet\\\/2012-2013\\\/ottelut-2012-2013\\\/atlas-voitti-neljan-pisteen-ottelussa-bk-46n\\\/\",\"name\":\"Atlas voitti nelj\u00e4n pisteen ottelussa BK-46:n | K\u00e4sipallon miesten Aktialiiga\",\"isPartOf\":{\"@id\":\"https:\\\/\\\/aktialiiga.fi\\\/miehet\\\/#website\"},\"primaryImageOfPage\":{\"@id\":\"https:\\\/\\\/aktialiiga.fi\\\/miehet\\\/2012-2013\\\/ottelut-2012-2013\\\/atlas-voitti-neljan-pisteen-ottelussa-bk-46n\\\/#primaryimage\"},\"image\":{\"@id\":\"https:\\\/\\\/aktialiiga.fi\\\/miehet\\\/2012-2013\\\/ottelut-2012-2013\\\/atlas-voitti-neljan-pisteen-ottelussa-bk-46n\\\/#primaryimage\"},\"thumbnailUrl\":\"https:\\\/\\\/i0.wp.com\\\/aktialiiga.fi\\\/miehet\\\/wp-content\\\/uploads\\\/sites\\\/5\\\/2011\\\/09\\\/logo-atlas.gif?fit=116%2C104&ssl=1\",\"datePublished\":\"2012-12-12T19:27:11+00:00\",\"dateModified\":\"2018-04-20T10:04:00+00:00\",\"breadcrumb\":{\"@id\":\"https:\\\/\\\/aktialiiga.fi\\\/miehet\\\/2012-2013\\\/ottelut-2012-2013\\\/atlas-voitti-neljan-pisteen-ottelussa-bk-46n\\\/#breadcrumb\"},\"inLanguage\":\"fi\",\"potentialAction\":[{\"@type\":\"ReadAction\",\"target\":[\"https:\\\/\\\/aktialiiga.fi\\\/miehet\\\/2012-2013\\\/ottelut-2012-2013\\\/atlas-voitti-neljan-pisteen-ottelussa-bk-46n\\\/\"]}]},{\"@type\":\"ImageObject\",\"inLanguage\":\"fi\",\"@id\":\"https:\\\/\\\/aktialiiga.fi\\\/miehet\\\/2012-2013\\\/ottelut-2012-2013\\\/atlas-voitti-neljan-pisteen-ottelussa-bk-46n\\\/#primaryimage\",\"url\":\"https:\\\/\\\/i0.wp.com\\\/aktialiiga.fi\\\/miehet\\\/wp-content\\\/uploads\\\/sites\\\/5\\\/2011\\\/09\\\/logo-atlas.gif?fit=116%2C104&ssl=1\",\"contentUrl\":\"https:\\\/\\\/i0.wp.com\\\/aktialiiga.fi\\\/miehet\\\/wp-content\\\/uploads\\\/sites\\\/5\\\/2011\\\/09\\\/logo-atlas.gif?fit=116%2C104&ssl=1\",\"width\":116,\"height\":104,\"caption\":\"Atlas Vantaa\"},{\"@type\":\"BreadcrumbList\",\"@id\":\"https:\\\/\\\/aktialiiga.fi\\\/miehet\\\/2012-2013\\\/ottelut-2012-2013\\\/atlas-voitti-neljan-pisteen-ottelussa-bk-46n\\\/#breadcrumb\",\"itemListElement\":[{\"@type\":\"ListItem\",\"position\":1,\"name\":\"Etusivu\",\"item\":\"https:\\\/\\\/aktialiiga.fi\\\/miehet\\\/\"},{\"@type\":\"ListItem\",\"position\":2,\"name\":\"Atlas voitti nelj\u00e4n pisteen ottelussa BK-46:n\"}]},{\"@type\":\"WebSite\",\"@id\":\"https:\\\/\\\/aktialiiga.fi\\\/miehet\\\/#website\",\"url\":\"https:\\\/\\\/aktialiiga.fi\\\/miehet\\\/\",\"name\":\"K\u00e4sipallon miesten Aktialiiga\",\"description\":\"Valtakunnan vauhdikkainta palloilua!\",\"publisher\":{\"@id\":\"https:\\\/\\\/aktialiiga.fi\\\/miehet\\\/#organization\"},\"potentialAction\":[{\"@type\":\"SearchAction\",\"target\":{\"@type\":\"EntryPoint\",\"urlTemplate\":\"https:\\\/\\\/aktialiiga.fi\\\/miehet\\\/?s={search_term_string}\"},\"query-input\":{\"@type\":\"PropertyValueSpecification\",\"valueRequired\":true,\"valueName\":\"search_term_string\"}}],\"inLanguage\":\"fi\"},{\"@type\":\"Organization\",\"@id\":\"https:\\\/\\\/aktialiiga.fi\\\/miehet\\\/#organization\",\"name\":\"K\u00e4sipallon miesten Aktialiiga\",\"url\":\"https:\\\/\\\/aktialiiga.fi\\\/miehet\\\/\",\"logo\":{\"@type\":\"ImageObject\",\"inLanguage\":\"fi\",\"@id\":\"https:\\\/\\\/aktialiiga.fi\\\/miehet\\\/#\\\/schema\\\/logo\\\/image\\\/\",\"url\":\"https:\\\/\\\/i0.wp.com\\\/aktialiiga.fi\\\/miehet\\\/wp-content\\\/uploads\\\/sites\\\/5\\\/2024\\\/09\\\/Aktialiiga-Yoast-512.png?fit=512%2C512&ssl=1\",\"contentUrl\":\"https:\\\/\\\/i0.wp.com\\\/aktialiiga.fi\\\/miehet\\\/wp-content\\\/uploads\\\/sites\\\/5\\\/2024\\\/09\\\/Aktialiiga-Yoast-512.png?fit=512%2C512&ssl=1\",\"width\":512,\"height\":512,\"caption\":\"K\u00e4sipallon miesten Aktialiiga\"},\"image\":{\"@id\":\"https:\\\/\\\/aktialiiga.fi\\\/miehet\\\/#\\\/schema\\\/logo\\\/image\\\/\"},\"sameAs\":[\"https:\\\/\\\/www.facebook.com\\\/finnhandball\",\"https:\\\/\\\/x.com\\\/finnhandball\",\"https:\\\/\\\/www.instagram.com\\\/handballfinland\\\/\"]},{\"@type\":\"Person\",\"@id\":\"https:\\\/\\\/aktialiiga.fi\\\/miehet\\\/#\\\/schema\\\/person\\\/c14bf42f47041db74603c45afcb18d87\",\"name\":\"tbrmedia\",\"image\":{\"@type\":\"ImageObject\",\"inLanguage\":\"fi\",\"@id\":\"https:\\\/\\\/secure.gravatar.com\\\/avatar\\\/ee975fa091fe581d12b60debb3439022686618368a7c142044c56724d4666b16?s=96&d=mm&r=g\",\"url\":\"https:\\\/\\\/secure.gravatar.com\\\/avatar\\\/ee975fa091fe581d12b60debb3439022686618368a7c142044c56724d4666b16?s=96&d=mm&r=g\",\"contentUrl\":\"https:\\\/\\\/secure.gravatar.com\\\/avatar\\\/ee975fa091fe581d12b60debb3439022686618368a7c142044c56724d4666b16?s=96&d=mm&r=g\",\"caption\":\"tbrmedia\"}}]}<\/script>\n<!-- \/ Yoast SEO plugin. -->","yoast_head_json":{"title":"Atlas voitti nelj\u00e4n pisteen ottelussa BK-46:n | K\u00e4sipallon miesten Aktialiiga","robots":{"index":"index","follow":"follow","max-snippet":"max-snippet:-1","max-image-preview":"max-image-preview:large","max-video-preview":"max-video-preview:-1"},"canonical":"https:\/\/aktialiiga.fi\/miehet\/2012-2013\/ottelut-2012-2013\/atlas-voitti-neljan-pisteen-ottelussa-bk-46n\/","og_locale":"fi_FI","og_type":"article","og_title":"Atlas voitti nelj\u00e4n pisteen ottelussa BK-46:n | K\u00e4sipallon miesten Aktialiiga","og_description":"Rakkaat viholliset Atlas ja BK-46 kohtasivat Myyrm\u00e4ess\u00e4 nelj\u00e4n pisteen ottelussa. Illan t\u00e4hti oli kokenut takamies Toni Aalto, joka paukutti 12 maalia karjaalaisten verkkoon. Karjaalaisten ykk\u00f6nen on virolaisvahvistus Janis Selge 11:sta maalilla.","og_url":"https:\/\/aktialiiga.fi\/miehet\/2012-2013\/ottelut-2012-2013\/atlas-voitti-neljan-pisteen-ottelussa-bk-46n\/","og_site_name":"K\u00e4sipallon miesten Aktialiiga","article_publisher":"https:\/\/www.facebook.com\/finnhandball","article_published_time":"2012-12-12T19:27:11+00:00","article_modified_time":"2018-04-20T10:04:00+00:00","og_image":[{"width":116,"height":104,"url":"https:\/\/i0.wp.com\/aktialiiga.fi\/miehet\/wp-content\/uploads\/sites\/5\/2011\/09\/logo-atlas.gif?fit=116%2C104&ssl=1","type":"image\/gif"}],"author":"tbrmedia","twitter_card":"summary_large_image","twitter_creator":"@finnhandball","twitter_site":"@finnhandball","schema":{"@context":"https:\/\/schema.org","@graph":[{"@type":"Article","@id":"https:\/\/aktialiiga.fi\/miehet\/2012-2013\/ottelut-2012-2013\/atlas-voitti-neljan-pisteen-ottelussa-bk-46n\/#article","isPartOf":{"@id":"https:\/\/aktialiiga.fi\/miehet\/2012-2013\/ottelut-2012-2013\/atlas-voitti-neljan-pisteen-ottelussa-bk-46n\/"},"author":{"name":"tbrmedia","@id":"https:\/\/aktialiiga.fi\/miehet\/#\/schema\/person\/c14bf42f47041db74603c45afcb18d87"},"headline":"Atlas voitti nelj\u00e4n pisteen ottelussa BK-46:n","datePublished":"2012-12-12T19:27:11+00:00","dateModified":"2018-04-20T10:04:00+00:00","mainEntityOfPage":{"@id":"https:\/\/aktialiiga.fi\/miehet\/2012-2013\/ottelut-2012-2013\/atlas-voitti-neljan-pisteen-ottelussa-bk-46n\/"},"wordCount":327,"publisher":{"@id":"https:\/\/aktialiiga.fi\/miehet\/#organization"},"image":{"@id":"https:\/\/aktialiiga.fi\/miehet\/2012-2013\/ottelut-2012-2013\/atlas-voitti-neljan-pisteen-ottelussa-bk-46n\/#primaryimage"},"thumbnailUrl":"https:\/\/i0.wp.com\/aktialiiga.fi\/miehet\/wp-content\/uploads\/sites\/5\/2011\/09\/logo-atlas.gif?fit=116%2C104&ssl=1","keywords":["Atlas","BK-46"],"articleSection":["Ottelut"],"inLanguage":"fi"},{"@type":"WebPage","@id":"https:\/\/aktialiiga.fi\/miehet\/2012-2013\/ottelut-2012-2013\/atlas-voitti-neljan-pisteen-ottelussa-bk-46n\/","url":"https:\/\/aktialiiga.fi\/miehet\/2012-2013\/ottelut-2012-2013\/atlas-voitti-neljan-pisteen-ottelussa-bk-46n\/","name":"Atlas voitti nelj\u00e4n pisteen ottelussa BK-46:n | K\u00e4sipallon miesten Aktialiiga","isPartOf":{"@id":"https:\/\/aktialiiga.fi\/miehet\/#website"},"primaryImageOfPage":{"@id":"https:\/\/aktialiiga.fi\/miehet\/2012-2013\/ottelut-2012-2013\/atlas-voitti-neljan-pisteen-ottelussa-bk-46n\/#primaryimage"},"image":{"@id":"https:\/\/aktialiiga.fi\/miehet\/2012-2013\/ottelut-2012-2013\/atlas-voitti-neljan-pisteen-ottelussa-bk-46n\/#primaryimage"},"thumbnailUrl":"https:\/\/i0.wp.com\/aktialiiga.fi\/miehet\/wp-content\/uploads\/sites\/5\/2011\/09\/logo-atlas.gif?fit=116%2C104&ssl=1","datePublished":"2012-12-12T19:27:11+00:00","dateModified":"2018-04-20T10:04:00+00:00","breadcrumb":{"@id":"https:\/\/aktialiiga.fi\/miehet\/2012-2013\/ottelut-2012-2013\/atlas-voitti-neljan-pisteen-ottelussa-bk-46n\/#breadcrumb"},"inLanguage":"fi","potentialAction":[{"@type":"ReadAction","target":["https:\/\/aktialiiga.fi\/miehet\/2012-2013\/ottelut-2012-2013\/atlas-voitti-neljan-pisteen-ottelussa-bk-46n\/"]}]},{"@type":"ImageObject","inLanguage":"fi","@id":"https:\/\/aktialiiga.fi\/miehet\/2012-2013\/ottelut-2012-2013\/atlas-voitti-neljan-pisteen-ottelussa-bk-46n\/#primaryimage","url":"https:\/\/i0.wp.com\/aktialiiga.fi\/miehet\/wp-content\/uploads\/sites\/5\/2011\/09\/logo-atlas.gif?fit=116%2C104&ssl=1","contentUrl":"https:\/\/i0.wp.com\/aktialiiga.fi\/miehet\/wp-content\/uploads\/sites\/5\/2011\/09\/logo-atlas.gif?fit=116%2C104&ssl=1","width":116,"height":104,"caption":"Atlas Vantaa"},{"@type":"BreadcrumbList","@id":"https:\/\/aktialiiga.fi\/miehet\/2012-2013\/ottelut-2012-2013\/atlas-voitti-neljan-pisteen-ottelussa-bk-46n\/#breadcrumb","itemListElement":[{"@type":"ListItem","position":1,"name":"Etusivu","item":"https:\/\/aktialiiga.fi\/miehet\/"},{"@type":"ListItem","position":2,"name":"Atlas voitti nelj\u00e4n pisteen ottelussa BK-46:n"}]},{"@type":"WebSite","@id":"https:\/\/aktialiiga.fi\/miehet\/#website","url":"https:\/\/aktialiiga.fi\/miehet\/","name":"K\u00e4sipallon miesten Aktialiiga","description":"Valtakunnan vauhdikkainta palloilua!","publisher":{"@id":"https:\/\/aktialiiga.fi\/miehet\/#organization"},"potentialAction":[{"@type":"SearchAction","target":{"@type":"EntryPoint","urlTemplate":"https:\/\/aktialiiga.fi\/miehet\/?s={search_term_string}"},"query-input":{"@type":"PropertyValueSpecification","valueRequired":true,"valueName":"search_term_string"}}],"inLanguage":"fi"},{"@type":"Organization","@id":"https:\/\/aktialiiga.fi\/miehet\/#organization","name":"K\u00e4sipallon miesten Aktialiiga","url":"https:\/\/aktialiiga.fi\/miehet\/","logo":{"@type":"ImageObject","inLanguage":"fi","@id":"https:\/\/aktialiiga.fi\/miehet\/#\/schema\/logo\/image\/","url":"https:\/\/i0.wp.com\/aktialiiga.fi\/miehet\/wp-content\/uploads\/sites\/5\/2024\/09\/Aktialiiga-Yoast-512.png?fit=512%2C512&ssl=1","contentUrl":"https:\/\/i0.wp.com\/aktialiiga.fi\/miehet\/wp-content\/uploads\/sites\/5\/2024\/09\/Aktialiiga-Yoast-512.png?fit=512%2C512&ssl=1","width":512,"height":512,"caption":"K\u00e4sipallon miesten Aktialiiga"},"image":{"@id":"https:\/\/aktialiiga.fi\/miehet\/#\/schema\/logo\/image\/"},"sameAs":["https:\/\/www.facebook.com\/finnhandball","https:\/\/x.com\/finnhandball","https:\/\/www.instagram.com\/handballfinland\/"]},{"@type":"Person","@id":"https:\/\/aktialiiga.fi\/miehet\/#\/schema\/person\/c14bf42f47041db74603c45afcb18d87","name":"tbrmedia","image":{"@type":"ImageObject","inLanguage":"fi","@id":"https:\/\/secure.gravatar.com\/avatar\/ee975fa091fe581d12b60debb3439022686618368a7c142044c56724d4666b16?s=96&d=mm&r=g","url":"https:\/\/secure.gravatar.com\/avatar\/ee975fa091fe581d12b60debb3439022686618368a7c142044c56724d4666b16?s=96&d=mm&r=g","contentUrl":"https:\/\/secure.gravatar.com\/avatar\/ee975fa091fe581d12b60debb3439022686618368a7c142044c56724d4666b16?s=96&d=mm&r=g","caption":"tbrmedia"}}]}},"jetpack_featured_media_url":"https:\/\/i0.wp.com\/aktialiiga.fi\/miehet\/wp-content\/uploads\/sites\/5\/2011\/09\/logo-atlas.gif?fit=116%2C104&ssl=1","jetpack_sharing_enabled":true,"jetpack_shortlink":"https:\/\/wp.me\/pfTxOr-1bn","_links":{"self":[{"href":"https:\/\/aktialiiga.fi\/miehet\/wp-json\/wp\/v2\/posts\/4549","targetHints":{"allow":["GET"]}}],"collection":[{"href":"https:\/\/aktialiiga.fi\/miehet\/wp-json\/wp\/v2\/posts"}],"about":[{"href":"https:\/\/aktialiiga.fi\/miehet\/wp-json\/wp\/v2\/types\/post"}],"author":[{"embeddable":true,"href":"https:\/\/aktialiiga.fi\/miehet\/wp-json\/wp\/v2\/users\/13"}],"replies":[{"embeddable":true,"href":"https:\/\/aktialiiga.fi\/miehet\/wp-json\/wp\/v2\/comments?post=4549"}],"version-history":[{"count":0,"href":"https:\/\/aktialiiga.fi\/miehet\/wp-json\/wp\/v2\/posts\/4549\/revisions"}],"wp:featuredmedia":[{"embeddable":true,"href":"https:\/\/aktialiiga.fi\/miehet\/wp-json\/wp\/v2\/media\/194"}],"wp:attachment":[{"href":"https:\/\/aktialiiga.fi\/miehet\/wp-json\/wp\/v2\/media?parent=4549"}],"wp:term":[{"taxonomy":"category","embeddable":true,"href":"https:\/\/aktialiiga.fi\/miehet\/wp-json\/wp\/v2\/categories?post=4549"},{"taxonomy":"post_tag","embeddable":true,"href":"https:\/\/aktialiiga.fi\/miehet\/wp-json\/wp\/v2\/tags?post=4549"}],"curies":[{"name":"wp","href":"https:\/\/api.w.org\/{rel}","templated":true}]}}