{"id":45536,"date":"2023-12-19T10:43:33","date_gmt":"2023-12-19T08:43:33","guid":{"rendered":"https:\/\/aktialiiga.fi\/miehet\/?p=45536"},"modified":"2023-12-19T11:25:19","modified_gmt":"2023-12-19T09:25:19","slug":"aifklle-sakkoa-valmentajan-kommentista","status":"publish","type":"post","link":"https:\/\/aktialiiga.fi\/miehet\/ajankohtaista\/aifklle-sakkoa-valmentajan-kommentista\/","title":{"rendered":"\u00c5IFK:lle sakkoa valmentajan kommentista"},"content":{"rendered":"<p>\u00c5IFK:lle on m\u00e4\u00e4r\u00e4tty 100 euron sakko valmentaja Aku Kuusiston kommentista mediatiedotteessa 16.12. k\u00e4ydyn \u00c5IFK-GrIFK SM-liigaottelun j\u00e4lkeen. Kuusisto kommentoi tiedotteessa h\u00e4vityn pelin j\u00e4lkeen \u201d\u2026Grani karkaa kyll\u00e4 ansaittuun voittoon. Emme silti olleet t\u00e4n\u00e4\u00e4nk\u00e4\u00e4n kent\u00e4n huonoin joukkue\u201d. T\u00e4ll\u00e4 kommentilla katsotaan viitattaneen ottelun erotuomaritoimintaan. Liitto on juuri marraskuussa ohjeistanut seuroja j\u00e4tt\u00e4m\u00e4\u00e4n tuomareita koskevat kommentit tiedotteista pois.<\/p>\n","protected":false},"excerpt":{"rendered":"<p>\u00c5IFK:lle on m\u00e4\u00e4r\u00e4tty 100 euron sakko valmentaja Aku Kuusiston kommentista mediatiedotteessa 16.12. k\u00e4ydyn \u00c5IFK-GrIFK SM-liigaottelun j\u00e4lkeen. Kuusisto kommentoi tiedotteessa h\u00e4vityn pelin j\u00e4lkeen \u201d\u2026Grani karkaa kyll\u00e4 ansaittuun voittoon. Emme silti olleet t\u00e4n\u00e4\u00e4nk\u00e4\u00e4n kent\u00e4n huonoin joukkue\u201d. T\u00e4ll\u00e4 kommentilla katsotaan viitattaneen ottelun erotuomaritoimintaan. Liitto on juuri marraskuussa ohjeistanut seuroja j\u00e4tt\u00e4m\u00e4\u00e4n tuomareita koskevat kommentit tiedotteista pois.<\/p>\n","protected":false},"author":4,"featured_media":44536,"comment_status":"closed","ping_status":"closed","sticky":false,"template":"","format":"standard","meta":{"_acf_changed":false,"jetpack_post_was_ever_published":false,"_jetpack_newsletter_access":"","_jetpack_dont_email_post_to_subs":false,"_jetpack_newsletter_tier_id":0,"_jetpack_memberships_contains_paywalled_content":false,"_jetpack_memberships_contains_paid_content":false,"footnotes":""},"categories":[2],"tags":[83],"class_list":["post-45536","post","type-post","status-publish","format-standard","has-post-thumbnail","hentry","category-ajankohtaista","tag-kurinpito"],"acf":[],"yoast_head":"<!-- This site is optimized with the Yoast SEO plugin v27.5 - https:\/\/yoast.com\/product\/yoast-seo-wordpress\/ -->\n<title>\u00c5IFK:lle sakkoa valmentajan kommentista | K\u00e4sipallon miesten Aktialiiga<\/title>\n<meta name=\"robots\" content=\"index, follow, max-snippet:-1, max-image-preview:large, max-video-preview:-1\" \/>\n<link rel=\"canonical\" href=\"https:\/\/aktialiiga.fi\/miehet\/ajankohtaista\/aifklle-sakkoa-valmentajan-kommentista\/\" \/>\n<meta property=\"og:locale\" content=\"fi_FI\" \/>\n<meta property=\"og:type\" content=\"article\" \/>\n<meta property=\"og:title\" content=\"\u00c5IFK:lle sakkoa valmentajan kommentista | K\u00e4sipallon miesten Aktialiiga\" \/>\n<meta property=\"og:description\" content=\"\u00c5IFK:lle on m\u00e4\u00e4r\u00e4tty 100 euron sakko valmentaja Aku Kuusiston kommentista mediatiedotteessa 16.12. k\u00e4ydyn \u00c5IFK-GrIFK SM-liigaottelun j\u00e4lkeen. Kuusisto kommentoi tiedotteessa h\u00e4vityn pelin j\u00e4lkeen \u201d\u2026Grani karkaa kyll\u00e4 ansaittuun voittoon. Emme silti olleet t\u00e4n\u00e4\u00e4nk\u00e4\u00e4n kent\u00e4n huonoin joukkue\u201d. T\u00e4ll\u00e4 kommentilla katsotaan viitattaneen ottelun erotuomaritoimintaan. Liitto on juuri marraskuussa ohjeistanut seuroja j\u00e4tt\u00e4m\u00e4\u00e4n tuomareita koskevat kommentit tiedotteista pois.\" \/>\n<meta property=\"og:url\" content=\"https:\/\/aktialiiga.fi\/miehet\/ajankohtaista\/aifklle-sakkoa-valmentajan-kommentista\/\" \/>\n<meta property=\"og:site_name\" content=\"K\u00e4sipallon miesten Aktialiiga\" \/>\n<meta property=\"article:publisher\" content=\"https:\/\/www.facebook.com\/finnhandball\" \/>\n<meta property=\"article:published_time\" content=\"2023-12-19T08:43:33+00:00\" \/>\n<meta property=\"article:modified_time\" content=\"2023-12-19T09:25:19+00:00\" \/>\n<meta property=\"og:image\" content=\"https:\/\/i0.wp.com\/aktialiiga.fi\/miehet\/wp-content\/uploads\/sites\/5\/2023\/09\/klipilogo-square.png?fit=802%2C802&ssl=1\" \/>\n\t<meta property=\"og:image:width\" content=\"802\" \/>\n\t<meta property=\"og:image:height\" content=\"802\" \/>\n\t<meta property=\"og:image:type\" content=\"image\/png\" \/>\n<meta name=\"author\" content=\"taneli\" \/>\n<meta name=\"twitter:card\" content=\"summary_large_image\" \/>\n<meta name=\"twitter:creator\" content=\"@finnhandball\" \/>\n<meta name=\"twitter:site\" content=\"@finnhandball\" \/>\n<script type=\"application\/ld+json\" class=\"yoast-schema-graph\">{\"@context\":\"https:\\\/\\\/schema.org\",\"@graph\":[{\"@type\":\"Article\",\"@id\":\"https:\\\/\\\/aktialiiga.fi\\\/miehet\\\/ajankohtaista\\\/aifklle-sakkoa-valmentajan-kommentista\\\/#article\",\"isPartOf\":{\"@id\":\"https:\\\/\\\/aktialiiga.fi\\\/miehet\\\/ajankohtaista\\\/aifklle-sakkoa-valmentajan-kommentista\\\/\"},\"author\":{\"name\":\"taneli\",\"@id\":\"https:\\\/\\\/aktialiiga.fi\\\/miehet\\\/#\\\/schema\\\/person\\\/412513cbce92bba29254d05af23da5be\"},\"headline\":\"\u00c5IFK:lle sakkoa valmentajan kommentista\",\"datePublished\":\"2023-12-19T08:43:33+00:00\",\"dateModified\":\"2023-12-19T09:25:19+00:00\",\"mainEntityOfPage\":{\"@id\":\"https:\\\/\\\/aktialiiga.fi\\\/miehet\\\/ajankohtaista\\\/aifklle-sakkoa-valmentajan-kommentista\\\/\"},\"wordCount\":70,\"publisher\":{\"@id\":\"https:\\\/\\\/aktialiiga.fi\\\/miehet\\\/#organization\"},\"image\":{\"@id\":\"https:\\\/\\\/aktialiiga.fi\\\/miehet\\\/ajankohtaista\\\/aifklle-sakkoa-valmentajan-kommentista\\\/#primaryimage\"},\"thumbnailUrl\":\"https:\\\/\\\/i0.wp.com\\\/aktialiiga.fi\\\/miehet\\\/wp-content\\\/uploads\\\/sites\\\/5\\\/2023\\\/09\\\/klipilogo-square.png?fit=802%2C802&ssl=1\",\"keywords\":[\"kurinpito\"],\"articleSection\":[\"Ajankohtaista\"],\"inLanguage\":\"fi\"},{\"@type\":\"WebPage\",\"@id\":\"https:\\\/\\\/aktialiiga.fi\\\/miehet\\\/ajankohtaista\\\/aifklle-sakkoa-valmentajan-kommentista\\\/\",\"url\":\"https:\\\/\\\/aktialiiga.fi\\\/miehet\\\/ajankohtaista\\\/aifklle-sakkoa-valmentajan-kommentista\\\/\",\"name\":\"\u00c5IFK:lle sakkoa valmentajan kommentista | K\u00e4sipallon miesten Aktialiiga\",\"isPartOf\":{\"@id\":\"https:\\\/\\\/aktialiiga.fi\\\/miehet\\\/#website\"},\"primaryImageOfPage\":{\"@id\":\"https:\\\/\\\/aktialiiga.fi\\\/miehet\\\/ajankohtaista\\\/aifklle-sakkoa-valmentajan-kommentista\\\/#primaryimage\"},\"image\":{\"@id\":\"https:\\\/\\\/aktialiiga.fi\\\/miehet\\\/ajankohtaista\\\/aifklle-sakkoa-valmentajan-kommentista\\\/#primaryimage\"},\"thumbnailUrl\":\"https:\\\/\\\/i0.wp.com\\\/aktialiiga.fi\\\/miehet\\\/wp-content\\\/uploads\\\/sites\\\/5\\\/2023\\\/09\\\/klipilogo-square.png?fit=802%2C802&ssl=1\",\"datePublished\":\"2023-12-19T08:43:33+00:00\",\"dateModified\":\"2023-12-19T09:25:19+00:00\",\"breadcrumb\":{\"@id\":\"https:\\\/\\\/aktialiiga.fi\\\/miehet\\\/ajankohtaista\\\/aifklle-sakkoa-valmentajan-kommentista\\\/#breadcrumb\"},\"inLanguage\":\"fi\",\"potentialAction\":[{\"@type\":\"ReadAction\",\"target\":[\"https:\\\/\\\/aktialiiga.fi\\\/miehet\\\/ajankohtaista\\\/aifklle-sakkoa-valmentajan-kommentista\\\/\"]}]},{\"@type\":\"ImageObject\",\"inLanguage\":\"fi\",\"@id\":\"https:\\\/\\\/aktialiiga.fi\\\/miehet\\\/ajankohtaista\\\/aifklle-sakkoa-valmentajan-kommentista\\\/#primaryimage\",\"url\":\"https:\\\/\\\/i0.wp.com\\\/aktialiiga.fi\\\/miehet\\\/wp-content\\\/uploads\\\/sites\\\/5\\\/2023\\\/09\\\/klipilogo-square.png?fit=802%2C802&ssl=1\",\"contentUrl\":\"https:\\\/\\\/i0.wp.com\\\/aktialiiga.fi\\\/miehet\\\/wp-content\\\/uploads\\\/sites\\\/5\\\/2023\\\/09\\\/klipilogo-square.png?fit=802%2C802&ssl=1\",\"width\":802,\"height\":802},{\"@type\":\"BreadcrumbList\",\"@id\":\"https:\\\/\\\/aktialiiga.fi\\\/miehet\\\/ajankohtaista\\\/aifklle-sakkoa-valmentajan-kommentista\\\/#breadcrumb\",\"itemListElement\":[{\"@type\":\"ListItem\",\"position\":1,\"name\":\"Etusivu\",\"item\":\"https:\\\/\\\/aktialiiga.fi\\\/miehet\\\/\"},{\"@type\":\"ListItem\",\"position\":2,\"name\":\"\u00c5IFK:lle sakkoa valmentajan kommentista\"}]},{\"@type\":\"WebSite\",\"@id\":\"https:\\\/\\\/aktialiiga.fi\\\/miehet\\\/#website\",\"url\":\"https:\\\/\\\/aktialiiga.fi\\\/miehet\\\/\",\"name\":\"K\u00e4sipallon miesten Aktialiiga\",\"description\":\"Valtakunnan vauhdikkainta palloilua!\",\"publisher\":{\"@id\":\"https:\\\/\\\/aktialiiga.fi\\\/miehet\\\/#organization\"},\"potentialAction\":[{\"@type\":\"SearchAction\",\"target\":{\"@type\":\"EntryPoint\",\"urlTemplate\":\"https:\\\/\\\/aktialiiga.fi\\\/miehet\\\/?s={search_term_string}\"},\"query-input\":{\"@type\":\"PropertyValueSpecification\",\"valueRequired\":true,\"valueName\":\"search_term_string\"}}],\"inLanguage\":\"fi\"},{\"@type\":\"Organization\",\"@id\":\"https:\\\/\\\/aktialiiga.fi\\\/miehet\\\/#organization\",\"name\":\"K\u00e4sipallon miesten Aktialiiga\",\"url\":\"https:\\\/\\\/aktialiiga.fi\\\/miehet\\\/\",\"logo\":{\"@type\":\"ImageObject\",\"inLanguage\":\"fi\",\"@id\":\"https:\\\/\\\/aktialiiga.fi\\\/miehet\\\/#\\\/schema\\\/logo\\\/image\\\/\",\"url\":\"https:\\\/\\\/i0.wp.com\\\/aktialiiga.fi\\\/miehet\\\/wp-content\\\/uploads\\\/sites\\\/5\\\/2024\\\/09\\\/Aktialiiga-Yoast-512.png?fit=512%2C512&ssl=1\",\"contentUrl\":\"https:\\\/\\\/i0.wp.com\\\/aktialiiga.fi\\\/miehet\\\/wp-content\\\/uploads\\\/sites\\\/5\\\/2024\\\/09\\\/Aktialiiga-Yoast-512.png?fit=512%2C512&ssl=1\",\"width\":512,\"height\":512,\"caption\":\"K\u00e4sipallon miesten Aktialiiga\"},\"image\":{\"@id\":\"https:\\\/\\\/aktialiiga.fi\\\/miehet\\\/#\\\/schema\\\/logo\\\/image\\\/\"},\"sameAs\":[\"https:\\\/\\\/www.facebook.com\\\/finnhandball\",\"https:\\\/\\\/x.com\\\/finnhandball\",\"https:\\\/\\\/www.instagram.com\\\/handballfinland\\\/\"]},{\"@type\":\"Person\",\"@id\":\"https:\\\/\\\/aktialiiga.fi\\\/miehet\\\/#\\\/schema\\\/person\\\/412513cbce92bba29254d05af23da5be\",\"name\":\"taneli\",\"image\":{\"@type\":\"ImageObject\",\"inLanguage\":\"fi\",\"@id\":\"https:\\\/\\\/secure.gravatar.com\\\/avatar\\\/c83f910d294b8085dcd20a1367ae86f4baf33e265d39f705ecb9f2d63404c6f4?s=96&d=mm&r=g\",\"url\":\"https:\\\/\\\/secure.gravatar.com\\\/avatar\\\/c83f910d294b8085dcd20a1367ae86f4baf33e265d39f705ecb9f2d63404c6f4?s=96&d=mm&r=g\",\"contentUrl\":\"https:\\\/\\\/secure.gravatar.com\\\/avatar\\\/c83f910d294b8085dcd20a1367ae86f4baf33e265d39f705ecb9f2d63404c6f4?s=96&d=mm&r=g\",\"caption\":\"taneli\"}}]}<\/script>\n<!-- \/ Yoast SEO plugin. -->","yoast_head_json":{"title":"\u00c5IFK:lle sakkoa valmentajan kommentista | K\u00e4sipallon miesten Aktialiiga","robots":{"index":"index","follow":"follow","max-snippet":"max-snippet:-1","max-image-preview":"max-image-preview:large","max-video-preview":"max-video-preview:-1"},"canonical":"https:\/\/aktialiiga.fi\/miehet\/ajankohtaista\/aifklle-sakkoa-valmentajan-kommentista\/","og_locale":"fi_FI","og_type":"article","og_title":"\u00c5IFK:lle sakkoa valmentajan kommentista | K\u00e4sipallon miesten Aktialiiga","og_description":"\u00c5IFK:lle on m\u00e4\u00e4r\u00e4tty 100 euron sakko valmentaja Aku Kuusiston kommentista mediatiedotteessa 16.12. k\u00e4ydyn \u00c5IFK-GrIFK SM-liigaottelun j\u00e4lkeen. Kuusisto kommentoi tiedotteessa h\u00e4vityn pelin j\u00e4lkeen \u201d\u2026Grani karkaa kyll\u00e4 ansaittuun voittoon. Emme silti olleet t\u00e4n\u00e4\u00e4nk\u00e4\u00e4n kent\u00e4n huonoin joukkue\u201d. T\u00e4ll\u00e4 kommentilla katsotaan viitattaneen ottelun erotuomaritoimintaan. Liitto on juuri marraskuussa ohjeistanut seuroja j\u00e4tt\u00e4m\u00e4\u00e4n tuomareita koskevat kommentit tiedotteista pois.","og_url":"https:\/\/aktialiiga.fi\/miehet\/ajankohtaista\/aifklle-sakkoa-valmentajan-kommentista\/","og_site_name":"K\u00e4sipallon miesten Aktialiiga","article_publisher":"https:\/\/www.facebook.com\/finnhandball","article_published_time":"2023-12-19T08:43:33+00:00","article_modified_time":"2023-12-19T09:25:19+00:00","og_image":[{"width":802,"height":802,"url":"https:\/\/i0.wp.com\/aktialiiga.fi\/miehet\/wp-content\/uploads\/sites\/5\/2023\/09\/klipilogo-square.png?fit=802%2C802&ssl=1","type":"image\/png"}],"author":"taneli","twitter_card":"summary_large_image","twitter_creator":"@finnhandball","twitter_site":"@finnhandball","schema":{"@context":"https:\/\/schema.org","@graph":[{"@type":"Article","@id":"https:\/\/aktialiiga.fi\/miehet\/ajankohtaista\/aifklle-sakkoa-valmentajan-kommentista\/#article","isPartOf":{"@id":"https:\/\/aktialiiga.fi\/miehet\/ajankohtaista\/aifklle-sakkoa-valmentajan-kommentista\/"},"author":{"name":"taneli","@id":"https:\/\/aktialiiga.fi\/miehet\/#\/schema\/person\/412513cbce92bba29254d05af23da5be"},"headline":"\u00c5IFK:lle sakkoa valmentajan kommentista","datePublished":"2023-12-19T08:43:33+00:00","dateModified":"2023-12-19T09:25:19+00:00","mainEntityOfPage":{"@id":"https:\/\/aktialiiga.fi\/miehet\/ajankohtaista\/aifklle-sakkoa-valmentajan-kommentista\/"},"wordCount":70,"publisher":{"@id":"https:\/\/aktialiiga.fi\/miehet\/#organization"},"image":{"@id":"https:\/\/aktialiiga.fi\/miehet\/ajankohtaista\/aifklle-sakkoa-valmentajan-kommentista\/#primaryimage"},"thumbnailUrl":"https:\/\/i0.wp.com\/aktialiiga.fi\/miehet\/wp-content\/uploads\/sites\/5\/2023\/09\/klipilogo-square.png?fit=802%2C802&ssl=1","keywords":["kurinpito"],"articleSection":["Ajankohtaista"],"inLanguage":"fi"},{"@type":"WebPage","@id":"https:\/\/aktialiiga.fi\/miehet\/ajankohtaista\/aifklle-sakkoa-valmentajan-kommentista\/","url":"https:\/\/aktialiiga.fi\/miehet\/ajankohtaista\/aifklle-sakkoa-valmentajan-kommentista\/","name":"\u00c5IFK:lle sakkoa valmentajan kommentista | K\u00e4sipallon miesten Aktialiiga","isPartOf":{"@id":"https:\/\/aktialiiga.fi\/miehet\/#website"},"primaryImageOfPage":{"@id":"https:\/\/aktialiiga.fi\/miehet\/ajankohtaista\/aifklle-sakkoa-valmentajan-kommentista\/#primaryimage"},"image":{"@id":"https:\/\/aktialiiga.fi\/miehet\/ajankohtaista\/aifklle-sakkoa-valmentajan-kommentista\/#primaryimage"},"thumbnailUrl":"https:\/\/i0.wp.com\/aktialiiga.fi\/miehet\/wp-content\/uploads\/sites\/5\/2023\/09\/klipilogo-square.png?fit=802%2C802&ssl=1","datePublished":"2023-12-19T08:43:33+00:00","dateModified":"2023-12-19T09:25:19+00:00","breadcrumb":{"@id":"https:\/\/aktialiiga.fi\/miehet\/ajankohtaista\/aifklle-sakkoa-valmentajan-kommentista\/#breadcrumb"},"inLanguage":"fi","potentialAction":[{"@type":"ReadAction","target":["https:\/\/aktialiiga.fi\/miehet\/ajankohtaista\/aifklle-sakkoa-valmentajan-kommentista\/"]}]},{"@type":"ImageObject","inLanguage":"fi","@id":"https:\/\/aktialiiga.fi\/miehet\/ajankohtaista\/aifklle-sakkoa-valmentajan-kommentista\/#primaryimage","url":"https:\/\/i0.wp.com\/aktialiiga.fi\/miehet\/wp-content\/uploads\/sites\/5\/2023\/09\/klipilogo-square.png?fit=802%2C802&ssl=1","contentUrl":"https:\/\/i0.wp.com\/aktialiiga.fi\/miehet\/wp-content\/uploads\/sites\/5\/2023\/09\/klipilogo-square.png?fit=802%2C802&ssl=1","width":802,"height":802},{"@type":"BreadcrumbList","@id":"https:\/\/aktialiiga.fi\/miehet\/ajankohtaista\/aifklle-sakkoa-valmentajan-kommentista\/#breadcrumb","itemListElement":[{"@type":"ListItem","position":1,"name":"Etusivu","item":"https:\/\/aktialiiga.fi\/miehet\/"},{"@type":"ListItem","position":2,"name":"\u00c5IFK:lle sakkoa valmentajan kommentista"}]},{"@type":"WebSite","@id":"https:\/\/aktialiiga.fi\/miehet\/#website","url":"https:\/\/aktialiiga.fi\/miehet\/","name":"K\u00e4sipallon miesten Aktialiiga","description":"Valtakunnan vauhdikkainta palloilua!","publisher":{"@id":"https:\/\/aktialiiga.fi\/miehet\/#organization"},"potentialAction":[{"@type":"SearchAction","target":{"@type":"EntryPoint","urlTemplate":"https:\/\/aktialiiga.fi\/miehet\/?s={search_term_string}"},"query-input":{"@type":"PropertyValueSpecification","valueRequired":true,"valueName":"search_term_string"}}],"inLanguage":"fi"},{"@type":"Organization","@id":"https:\/\/aktialiiga.fi\/miehet\/#organization","name":"K\u00e4sipallon miesten Aktialiiga","url":"https:\/\/aktialiiga.fi\/miehet\/","logo":{"@type":"ImageObject","inLanguage":"fi","@id":"https:\/\/aktialiiga.fi\/miehet\/#\/schema\/logo\/image\/","url":"https:\/\/i0.wp.com\/aktialiiga.fi\/miehet\/wp-content\/uploads\/sites\/5\/2024\/09\/Aktialiiga-Yoast-512.png?fit=512%2C512&ssl=1","contentUrl":"https:\/\/i0.wp.com\/aktialiiga.fi\/miehet\/wp-content\/uploads\/sites\/5\/2024\/09\/Aktialiiga-Yoast-512.png?fit=512%2C512&ssl=1","width":512,"height":512,"caption":"K\u00e4sipallon miesten Aktialiiga"},"image":{"@id":"https:\/\/aktialiiga.fi\/miehet\/#\/schema\/logo\/image\/"},"sameAs":["https:\/\/www.facebook.com\/finnhandball","https:\/\/x.com\/finnhandball","https:\/\/www.instagram.com\/handballfinland\/"]},{"@type":"Person","@id":"https:\/\/aktialiiga.fi\/miehet\/#\/schema\/person\/412513cbce92bba29254d05af23da5be","name":"taneli","image":{"@type":"ImageObject","inLanguage":"fi","@id":"https:\/\/secure.gravatar.com\/avatar\/c83f910d294b8085dcd20a1367ae86f4baf33e265d39f705ecb9f2d63404c6f4?s=96&d=mm&r=g","url":"https:\/\/secure.gravatar.com\/avatar\/c83f910d294b8085dcd20a1367ae86f4baf33e265d39f705ecb9f2d63404c6f4?s=96&d=mm&r=g","contentUrl":"https:\/\/secure.gravatar.com\/avatar\/c83f910d294b8085dcd20a1367ae86f4baf33e265d39f705ecb9f2d63404c6f4?s=96&d=mm&r=g","caption":"taneli"}}]}},"jetpack_featured_media_url":"https:\/\/i0.wp.com\/aktialiiga.fi\/miehet\/wp-content\/uploads\/sites\/5\/2023\/09\/klipilogo-square.png?fit=802%2C802&ssl=1","jetpack_sharing_enabled":true,"jetpack_shortlink":"https:\/\/wp.me\/pfTxOr-bQs","_links":{"self":[{"href":"https:\/\/aktialiiga.fi\/miehet\/wp-json\/wp\/v2\/posts\/45536","targetHints":{"allow":["GET"]}}],"collection":[{"href":"https:\/\/aktialiiga.fi\/miehet\/wp-json\/wp\/v2\/posts"}],"about":[{"href":"https:\/\/aktialiiga.fi\/miehet\/wp-json\/wp\/v2\/types\/post"}],"author":[{"embeddable":true,"href":"https:\/\/aktialiiga.fi\/miehet\/wp-json\/wp\/v2\/users\/4"}],"replies":[{"embeddable":true,"href":"https:\/\/aktialiiga.fi\/miehet\/wp-json\/wp\/v2\/comments?post=45536"}],"version-history":[{"count":0,"href":"https:\/\/aktialiiga.fi\/miehet\/wp-json\/wp\/v2\/posts\/45536\/revisions"}],"wp:featuredmedia":[{"embeddable":true,"href":"https:\/\/aktialiiga.fi\/miehet\/wp-json\/wp\/v2\/media\/44536"}],"wp:attachment":[{"href":"https:\/\/aktialiiga.fi\/miehet\/wp-json\/wp\/v2\/media?parent=45536"}],"wp:term":[{"taxonomy":"category","embeddable":true,"href":"https:\/\/aktialiiga.fi\/miehet\/wp-json\/wp\/v2\/categories?post=45536"},{"taxonomy":"post_tag","embeddable":true,"href":"https:\/\/aktialiiga.fi\/miehet\/wp-json\/wp\/v2\/tags?post=45536"}],"curies":[{"name":"wp","href":"https:\/\/api.w.org\/{rel}","templated":true}]}}