{"id":4587,"date":"2012-12-19T21:47:29","date_gmt":"2012-12-19T19:47:29","guid":{"rendered":"http:\/\/www.handisliiga.fi\/?p=4587"},"modified":"2018-04-20T13:04:00","modified_gmt":"2018-04-20T10:04:00","slug":"miro-koljonen-rokotti-vanhaa-seuraansa","status":"publish","type":"post","link":"https:\/\/aktialiiga.fi\/miehet\/2012-2013\/ottelut-2012-2013\/miro-koljonen-rokotti-vanhaa-seuraansa\/","title":{"rendered":"Miro Koljonen rokotti vanhaa seuraansa"},"content":{"rendered":"<p>Vieraille ottelun alku oli todella vaikea ja HC West karkasi helposti 8-2 johtoon. SIF:in valmentaja Marcus Sj\u00f6stedt otti aikalis\u00e4n, jonka j\u00e4lkeen SIF p\u00e4\u00e4si kahden maalin p\u00e4\u00e4h\u00e4n. Ilta oli todella vaikea Siuntiolaisille, paljon teknisi\u00e4 virheit\u00e4 sek\u00e4 avainpelaajan Ravo Voosalun loukkaantuminen toisella puoliajalla.<br \/>\n<!--more--><br \/>\nSIF:i\u00e4 ei voi syytt\u00e4\u00e4 miss\u00e4\u00e4n nimess\u00e4 yritt\u00e4misen puuttesta ja hyv\u00e4st\u00e4 taisteluilmeest\u00e4, joukkue yritti mutta Mikael K\u00e4llmanin HC West oli saanut kotijoukkueen puolustuksen hyv\u00e4\u00e4n kuntoon ja yhteispeli maalivahti Thomas Lindstr\u00f6min kanssa sujui mallikkaasti. HC Westin t\u00e4m\u00e4n kauden hankinta Siuntiosta oli ylivoimaisesti ottelun paras pelaaja. Vasenk\u00e4tinen laituri taiteili 11 maalia hyv\u00e4ll\u00e4 tarkkuudella.<\/p>\n<p><div id=\"attachment_4461\" style=\"width: 236px\" class=\"wp-caption alignright\"><a href=\"https:\/\/i0.wp.com\/aktialiiga.fi\/wp-content\/uploads\/sites\/5\/2012\/11\/miro-koljonen.png?ssl=1\"><img data-recalc-dims=\"1\" decoding=\"async\" aria-describedby=\"caption-attachment-4461\" src=\"https:\/\/i0.wp.com\/finnhandball.net\/handisliiga\/wp-content\/uploads\/sites\/9\/2012\/11\/miro-koljonen-226x300.png?resize=226%2C300&#038;ssl=1\" alt=\"\" title=\"miro koljonen\" width=\"226\" height=\"300\" class=\"size-medium wp-image-4461\" \/><\/a><p id=\"caption-attachment-4461\" class=\"wp-caption-text\">Miro Koljonen onnistui tekem\u00e4\u00e4n entist\u00e4 seuraansa vastaan yksitoista maalia.<\/p><\/div> Koljonen oli tyytyv\u00e4inen ottelun alkuun ja kommetoi seuraavasti: &#8221;Hyv\u00e4 startti peliin mutta sen j\u00e4lkeen mentiin vastustajan vauhtiin mukaan.&#8221;<\/p>\n<p>SIF:in valmentaja Markus Sj\u00f6stedt kehuskeli vastustajan maalivahtipeli\u00e4 ja valitteli liikett\u00e4 omiensa hy\u00f6kk\u00e4ysp\u00e4\u00e4ss\u00e4.<\/p>\n<p>HC Westin valmentaja Mikael K\u00e4llman oli tyytyv\u00e4inen peliin mutta suuntasi katseet jos tulevaan: &#8221;Hyv\u00e4 peli meilt\u00e4 ja toivottavasti sama jatkuu ylihuomenna \u00a0kun taas pelataan.&#8221;<\/p>\n<p><strong>HC West &#8211; SIF 30 &#8211; 17 \u00a0(12 &#8211; 9)<\/strong><\/p>\n<p><strong>Maalintekij\u00e4t:<\/strong><br \/>\nHC West:\u00a0Miro Koljonen 11, Joona Raerinne 7,\u00a0Benjamin Ohlsson 3,\u00a0Olle Stenius 3,\u00a0Richard Sundberg 2, \u00a0Jani Tuominen 1,\u00a0Fredrik Forss 1, ,\u00a0Anders Genberg 1, Axel Carlander 1.<\/p>\n<p>SIF: \u00a0Patrik Gr\u00f6nberg 4,\u00a0Jaan Kauge 2,\u00a0Christoffer Modig 3, Ravo Voosalu 5,\u00a0Antti Tahvanainen 2,\u00a0Stig Thilman 1.<\/p>\n<p><strong>L\u00e4hiTapiola t\u00e4hdet:<\/strong><br \/>\n***Miro Koljonen, HC West<br \/>\n**Thomas Lindstr\u00f6m, HC West<br \/>\n*Joona Raerinne, HC West<\/p>\n","protected":false},"excerpt":{"rendered":"<p>Vieraille ottelun alku oli todella vaikea ja HC West karkasi helposti 8-2 johtoon. SIF:in valmentaja Marcus Sj\u00f6stedt otti aikalis\u00e4n, jonka j\u00e4lkeen SIF p\u00e4\u00e4si kahden maalin p\u00e4\u00e4h\u00e4n. Ilta oli todella vaikea Siuntiolaisille, paljon teknisi\u00e4 virheit\u00e4 sek\u00e4 avainpelaajan Ravo Voosalun loukkaantuminen toisella puoliajalla.<\/p>\n","protected":false},"author":13,"featured_media":152,"comment_status":"closed","ping_status":"closed","sticky":false,"template":"","format":"standard","meta":{"_acf_changed":false,"jetpack_post_was_ever_published":false,"_jetpack_newsletter_access":"","_jetpack_dont_email_post_to_subs":false,"_jetpack_newsletter_tier_id":0,"_jetpack_memberships_contains_paywalled_content":false,"_jetpack_memberships_contains_paid_content":false,"footnotes":""},"categories":[20],"tags":[68,111],"class_list":["post-4587","post","type-post","status-publish","format-standard","has-post-thumbnail","hentry","category-ottelut-2012-2013","tag-hc-west","tag-sif"],"acf":[],"yoast_head":"<!-- This site is optimized with the Yoast SEO plugin v27.4 - https:\/\/yoast.com\/product\/yoast-seo-wordpress\/ -->\n<title>Miro Koljonen rokotti vanhaa seuraansa | K\u00e4sipallon miesten Aktialiiga<\/title>\n<meta name=\"robots\" content=\"index, follow, max-snippet:-1, max-image-preview:large, max-video-preview:-1\" \/>\n<link rel=\"canonical\" href=\"https:\/\/aktialiiga.fi\/miehet\/2012-2013\/ottelut-2012-2013\/miro-koljonen-rokotti-vanhaa-seuraansa\/\" \/>\n<meta property=\"og:locale\" content=\"fi_FI\" \/>\n<meta property=\"og:type\" content=\"article\" \/>\n<meta property=\"og:title\" content=\"Miro Koljonen rokotti vanhaa seuraansa | K\u00e4sipallon miesten Aktialiiga\" \/>\n<meta property=\"og:description\" content=\"Vieraille ottelun alku oli todella vaikea ja HC West karkasi helposti 8-2 johtoon. SIF:in valmentaja Marcus Sj\u00f6stedt otti aikalis\u00e4n, jonka j\u00e4lkeen SIF p\u00e4\u00e4si kahden maalin p\u00e4\u00e4h\u00e4n. Ilta oli todella vaikea Siuntiolaisille, paljon teknisi\u00e4 virheit\u00e4 sek\u00e4 avainpelaajan Ravo Voosalun loukkaantuminen toisella puoliajalla.\" \/>\n<meta property=\"og:url\" content=\"https:\/\/aktialiiga.fi\/miehet\/2012-2013\/ottelut-2012-2013\/miro-koljonen-rokotti-vanhaa-seuraansa\/\" \/>\n<meta property=\"og:site_name\" content=\"K\u00e4sipallon miesten Aktialiiga\" \/>\n<meta property=\"article:publisher\" content=\"https:\/\/www.facebook.com\/finnhandball\" \/>\n<meta property=\"article:published_time\" content=\"2012-12-19T19:47:29+00:00\" \/>\n<meta property=\"article:modified_time\" content=\"2018-04-20T10:04:00+00:00\" \/>\n<meta property=\"og:image\" content=\"https:\/\/i0.wp.com\/aktialiiga.fi\/miehet\/wp-content\/uploads\/sites\/5\/2011\/09\/logo-hcwest.gif?fit=125%2C103&ssl=1\" \/>\n\t<meta property=\"og:image:width\" content=\"125\" \/>\n\t<meta property=\"og:image:height\" content=\"103\" \/>\n\t<meta property=\"og:image:type\" content=\"image\/gif\" \/>\n<meta name=\"author\" content=\"tbrmedia\" \/>\n<meta name=\"twitter:card\" content=\"summary_large_image\" \/>\n<meta name=\"twitter:creator\" content=\"@finnhandball\" \/>\n<meta name=\"twitter:site\" content=\"@finnhandball\" \/>\n<script type=\"application\/ld+json\" class=\"yoast-schema-graph\">{\"@context\":\"https:\\\/\\\/schema.org\",\"@graph\":[{\"@type\":\"Article\",\"@id\":\"https:\\\/\\\/aktialiiga.fi\\\/miehet\\\/2012-2013\\\/ottelut-2012-2013\\\/miro-koljonen-rokotti-vanhaa-seuraansa\\\/#article\",\"isPartOf\":{\"@id\":\"https:\\\/\\\/aktialiiga.fi\\\/miehet\\\/2012-2013\\\/ottelut-2012-2013\\\/miro-koljonen-rokotti-vanhaa-seuraansa\\\/\"},\"author\":{\"name\":\"tbrmedia\",\"@id\":\"https:\\\/\\\/aktialiiga.fi\\\/miehet\\\/#\\\/schema\\\/person\\\/c14bf42f47041db74603c45afcb18d87\"},\"headline\":\"Miro Koljonen rokotti vanhaa seuraansa\",\"datePublished\":\"2012-12-19T19:47:29+00:00\",\"dateModified\":\"2018-04-20T10:04:00+00:00\",\"mainEntityOfPage\":{\"@id\":\"https:\\\/\\\/aktialiiga.fi\\\/miehet\\\/2012-2013\\\/ottelut-2012-2013\\\/miro-koljonen-rokotti-vanhaa-seuraansa\\\/\"},\"wordCount\":252,\"publisher\":{\"@id\":\"https:\\\/\\\/aktialiiga.fi\\\/miehet\\\/#organization\"},\"image\":{\"@id\":\"https:\\\/\\\/aktialiiga.fi\\\/miehet\\\/2012-2013\\\/ottelut-2012-2013\\\/miro-koljonen-rokotti-vanhaa-seuraansa\\\/#primaryimage\"},\"thumbnailUrl\":\"https:\\\/\\\/i0.wp.com\\\/aktialiiga.fi\\\/miehet\\\/wp-content\\\/uploads\\\/sites\\\/5\\\/2011\\\/09\\\/logo-hcwest.gif?fit=125%2C103&ssl=1\",\"keywords\":[\"HC West\",\"SIF\"],\"articleSection\":[\"Ottelut\"],\"inLanguage\":\"fi\"},{\"@type\":\"WebPage\",\"@id\":\"https:\\\/\\\/aktialiiga.fi\\\/miehet\\\/2012-2013\\\/ottelut-2012-2013\\\/miro-koljonen-rokotti-vanhaa-seuraansa\\\/\",\"url\":\"https:\\\/\\\/aktialiiga.fi\\\/miehet\\\/2012-2013\\\/ottelut-2012-2013\\\/miro-koljonen-rokotti-vanhaa-seuraansa\\\/\",\"name\":\"Miro Koljonen rokotti vanhaa seuraansa | K\u00e4sipallon miesten Aktialiiga\",\"isPartOf\":{\"@id\":\"https:\\\/\\\/aktialiiga.fi\\\/miehet\\\/#website\"},\"primaryImageOfPage\":{\"@id\":\"https:\\\/\\\/aktialiiga.fi\\\/miehet\\\/2012-2013\\\/ottelut-2012-2013\\\/miro-koljonen-rokotti-vanhaa-seuraansa\\\/#primaryimage\"},\"image\":{\"@id\":\"https:\\\/\\\/aktialiiga.fi\\\/miehet\\\/2012-2013\\\/ottelut-2012-2013\\\/miro-koljonen-rokotti-vanhaa-seuraansa\\\/#primaryimage\"},\"thumbnailUrl\":\"https:\\\/\\\/i0.wp.com\\\/aktialiiga.fi\\\/miehet\\\/wp-content\\\/uploads\\\/sites\\\/5\\\/2011\\\/09\\\/logo-hcwest.gif?fit=125%2C103&ssl=1\",\"datePublished\":\"2012-12-19T19:47:29+00:00\",\"dateModified\":\"2018-04-20T10:04:00+00:00\",\"breadcrumb\":{\"@id\":\"https:\\\/\\\/aktialiiga.fi\\\/miehet\\\/2012-2013\\\/ottelut-2012-2013\\\/miro-koljonen-rokotti-vanhaa-seuraansa\\\/#breadcrumb\"},\"inLanguage\":\"fi\",\"potentialAction\":[{\"@type\":\"ReadAction\",\"target\":[\"https:\\\/\\\/aktialiiga.fi\\\/miehet\\\/2012-2013\\\/ottelut-2012-2013\\\/miro-koljonen-rokotti-vanhaa-seuraansa\\\/\"]}]},{\"@type\":\"ImageObject\",\"inLanguage\":\"fi\",\"@id\":\"https:\\\/\\\/aktialiiga.fi\\\/miehet\\\/2012-2013\\\/ottelut-2012-2013\\\/miro-koljonen-rokotti-vanhaa-seuraansa\\\/#primaryimage\",\"url\":\"https:\\\/\\\/i0.wp.com\\\/aktialiiga.fi\\\/miehet\\\/wp-content\\\/uploads\\\/sites\\\/5\\\/2011\\\/09\\\/logo-hcwest.gif?fit=125%2C103&ssl=1\",\"contentUrl\":\"https:\\\/\\\/i0.wp.com\\\/aktialiiga.fi\\\/miehet\\\/wp-content\\\/uploads\\\/sites\\\/5\\\/2011\\\/09\\\/logo-hcwest.gif?fit=125%2C103&ssl=1\",\"width\":125,\"height\":103},{\"@type\":\"BreadcrumbList\",\"@id\":\"https:\\\/\\\/aktialiiga.fi\\\/miehet\\\/2012-2013\\\/ottelut-2012-2013\\\/miro-koljonen-rokotti-vanhaa-seuraansa\\\/#breadcrumb\",\"itemListElement\":[{\"@type\":\"ListItem\",\"position\":1,\"name\":\"Etusivu\",\"item\":\"https:\\\/\\\/aktialiiga.fi\\\/miehet\\\/\"},{\"@type\":\"ListItem\",\"position\":2,\"name\":\"Miro Koljonen rokotti vanhaa seuraansa\"}]},{\"@type\":\"WebSite\",\"@id\":\"https:\\\/\\\/aktialiiga.fi\\\/miehet\\\/#website\",\"url\":\"https:\\\/\\\/aktialiiga.fi\\\/miehet\\\/\",\"name\":\"K\u00e4sipallon miesten Aktialiiga\",\"description\":\"Valtakunnan vauhdikkainta palloilua!\",\"publisher\":{\"@id\":\"https:\\\/\\\/aktialiiga.fi\\\/miehet\\\/#organization\"},\"potentialAction\":[{\"@type\":\"SearchAction\",\"target\":{\"@type\":\"EntryPoint\",\"urlTemplate\":\"https:\\\/\\\/aktialiiga.fi\\\/miehet\\\/?s={search_term_string}\"},\"query-input\":{\"@type\":\"PropertyValueSpecification\",\"valueRequired\":true,\"valueName\":\"search_term_string\"}}],\"inLanguage\":\"fi\"},{\"@type\":\"Organization\",\"@id\":\"https:\\\/\\\/aktialiiga.fi\\\/miehet\\\/#organization\",\"name\":\"K\u00e4sipallon miesten Aktialiiga\",\"url\":\"https:\\\/\\\/aktialiiga.fi\\\/miehet\\\/\",\"logo\":{\"@type\":\"ImageObject\",\"inLanguage\":\"fi\",\"@id\":\"https:\\\/\\\/aktialiiga.fi\\\/miehet\\\/#\\\/schema\\\/logo\\\/image\\\/\",\"url\":\"https:\\\/\\\/i0.wp.com\\\/aktialiiga.fi\\\/miehet\\\/wp-content\\\/uploads\\\/sites\\\/5\\\/2024\\\/09\\\/Aktialiiga-Yoast-512.png?fit=512%2C512&ssl=1\",\"contentUrl\":\"https:\\\/\\\/i0.wp.com\\\/aktialiiga.fi\\\/miehet\\\/wp-content\\\/uploads\\\/sites\\\/5\\\/2024\\\/09\\\/Aktialiiga-Yoast-512.png?fit=512%2C512&ssl=1\",\"width\":512,\"height\":512,\"caption\":\"K\u00e4sipallon miesten Aktialiiga\"},\"image\":{\"@id\":\"https:\\\/\\\/aktialiiga.fi\\\/miehet\\\/#\\\/schema\\\/logo\\\/image\\\/\"},\"sameAs\":[\"https:\\\/\\\/www.facebook.com\\\/finnhandball\",\"https:\\\/\\\/x.com\\\/finnhandball\",\"https:\\\/\\\/www.instagram.com\\\/handballfinland\\\/\"]},{\"@type\":\"Person\",\"@id\":\"https:\\\/\\\/aktialiiga.fi\\\/miehet\\\/#\\\/schema\\\/person\\\/c14bf42f47041db74603c45afcb18d87\",\"name\":\"tbrmedia\",\"image\":{\"@type\":\"ImageObject\",\"inLanguage\":\"fi\",\"@id\":\"https:\\\/\\\/secure.gravatar.com\\\/avatar\\\/ee975fa091fe581d12b60debb3439022686618368a7c142044c56724d4666b16?s=96&d=mm&r=g\",\"url\":\"https:\\\/\\\/secure.gravatar.com\\\/avatar\\\/ee975fa091fe581d12b60debb3439022686618368a7c142044c56724d4666b16?s=96&d=mm&r=g\",\"contentUrl\":\"https:\\\/\\\/secure.gravatar.com\\\/avatar\\\/ee975fa091fe581d12b60debb3439022686618368a7c142044c56724d4666b16?s=96&d=mm&r=g\",\"caption\":\"tbrmedia\"}}]}<\/script>\n<!-- \/ Yoast SEO plugin. -->","yoast_head_json":{"title":"Miro Koljonen rokotti vanhaa seuraansa | K\u00e4sipallon miesten Aktialiiga","robots":{"index":"index","follow":"follow","max-snippet":"max-snippet:-1","max-image-preview":"max-image-preview:large","max-video-preview":"max-video-preview:-1"},"canonical":"https:\/\/aktialiiga.fi\/miehet\/2012-2013\/ottelut-2012-2013\/miro-koljonen-rokotti-vanhaa-seuraansa\/","og_locale":"fi_FI","og_type":"article","og_title":"Miro Koljonen rokotti vanhaa seuraansa | K\u00e4sipallon miesten Aktialiiga","og_description":"Vieraille ottelun alku oli todella vaikea ja HC West karkasi helposti 8-2 johtoon. SIF:in valmentaja Marcus Sj\u00f6stedt otti aikalis\u00e4n, jonka j\u00e4lkeen SIF p\u00e4\u00e4si kahden maalin p\u00e4\u00e4h\u00e4n. Ilta oli todella vaikea Siuntiolaisille, paljon teknisi\u00e4 virheit\u00e4 sek\u00e4 avainpelaajan Ravo Voosalun loukkaantuminen toisella puoliajalla.","og_url":"https:\/\/aktialiiga.fi\/miehet\/2012-2013\/ottelut-2012-2013\/miro-koljonen-rokotti-vanhaa-seuraansa\/","og_site_name":"K\u00e4sipallon miesten Aktialiiga","article_publisher":"https:\/\/www.facebook.com\/finnhandball","article_published_time":"2012-12-19T19:47:29+00:00","article_modified_time":"2018-04-20T10:04:00+00:00","og_image":[{"width":125,"height":103,"url":"https:\/\/i0.wp.com\/aktialiiga.fi\/miehet\/wp-content\/uploads\/sites\/5\/2011\/09\/logo-hcwest.gif?fit=125%2C103&ssl=1","type":"image\/gif"}],"author":"tbrmedia","twitter_card":"summary_large_image","twitter_creator":"@finnhandball","twitter_site":"@finnhandball","schema":{"@context":"https:\/\/schema.org","@graph":[{"@type":"Article","@id":"https:\/\/aktialiiga.fi\/miehet\/2012-2013\/ottelut-2012-2013\/miro-koljonen-rokotti-vanhaa-seuraansa\/#article","isPartOf":{"@id":"https:\/\/aktialiiga.fi\/miehet\/2012-2013\/ottelut-2012-2013\/miro-koljonen-rokotti-vanhaa-seuraansa\/"},"author":{"name":"tbrmedia","@id":"https:\/\/aktialiiga.fi\/miehet\/#\/schema\/person\/c14bf42f47041db74603c45afcb18d87"},"headline":"Miro Koljonen rokotti vanhaa seuraansa","datePublished":"2012-12-19T19:47:29+00:00","dateModified":"2018-04-20T10:04:00+00:00","mainEntityOfPage":{"@id":"https:\/\/aktialiiga.fi\/miehet\/2012-2013\/ottelut-2012-2013\/miro-koljonen-rokotti-vanhaa-seuraansa\/"},"wordCount":252,"publisher":{"@id":"https:\/\/aktialiiga.fi\/miehet\/#organization"},"image":{"@id":"https:\/\/aktialiiga.fi\/miehet\/2012-2013\/ottelut-2012-2013\/miro-koljonen-rokotti-vanhaa-seuraansa\/#primaryimage"},"thumbnailUrl":"https:\/\/i0.wp.com\/aktialiiga.fi\/miehet\/wp-content\/uploads\/sites\/5\/2011\/09\/logo-hcwest.gif?fit=125%2C103&ssl=1","keywords":["HC West","SIF"],"articleSection":["Ottelut"],"inLanguage":"fi"},{"@type":"WebPage","@id":"https:\/\/aktialiiga.fi\/miehet\/2012-2013\/ottelut-2012-2013\/miro-koljonen-rokotti-vanhaa-seuraansa\/","url":"https:\/\/aktialiiga.fi\/miehet\/2012-2013\/ottelut-2012-2013\/miro-koljonen-rokotti-vanhaa-seuraansa\/","name":"Miro Koljonen rokotti vanhaa seuraansa | K\u00e4sipallon miesten Aktialiiga","isPartOf":{"@id":"https:\/\/aktialiiga.fi\/miehet\/#website"},"primaryImageOfPage":{"@id":"https:\/\/aktialiiga.fi\/miehet\/2012-2013\/ottelut-2012-2013\/miro-koljonen-rokotti-vanhaa-seuraansa\/#primaryimage"},"image":{"@id":"https:\/\/aktialiiga.fi\/miehet\/2012-2013\/ottelut-2012-2013\/miro-koljonen-rokotti-vanhaa-seuraansa\/#primaryimage"},"thumbnailUrl":"https:\/\/i0.wp.com\/aktialiiga.fi\/miehet\/wp-content\/uploads\/sites\/5\/2011\/09\/logo-hcwest.gif?fit=125%2C103&ssl=1","datePublished":"2012-12-19T19:47:29+00:00","dateModified":"2018-04-20T10:04:00+00:00","breadcrumb":{"@id":"https:\/\/aktialiiga.fi\/miehet\/2012-2013\/ottelut-2012-2013\/miro-koljonen-rokotti-vanhaa-seuraansa\/#breadcrumb"},"inLanguage":"fi","potentialAction":[{"@type":"ReadAction","target":["https:\/\/aktialiiga.fi\/miehet\/2012-2013\/ottelut-2012-2013\/miro-koljonen-rokotti-vanhaa-seuraansa\/"]}]},{"@type":"ImageObject","inLanguage":"fi","@id":"https:\/\/aktialiiga.fi\/miehet\/2012-2013\/ottelut-2012-2013\/miro-koljonen-rokotti-vanhaa-seuraansa\/#primaryimage","url":"https:\/\/i0.wp.com\/aktialiiga.fi\/miehet\/wp-content\/uploads\/sites\/5\/2011\/09\/logo-hcwest.gif?fit=125%2C103&ssl=1","contentUrl":"https:\/\/i0.wp.com\/aktialiiga.fi\/miehet\/wp-content\/uploads\/sites\/5\/2011\/09\/logo-hcwest.gif?fit=125%2C103&ssl=1","width":125,"height":103},{"@type":"BreadcrumbList","@id":"https:\/\/aktialiiga.fi\/miehet\/2012-2013\/ottelut-2012-2013\/miro-koljonen-rokotti-vanhaa-seuraansa\/#breadcrumb","itemListElement":[{"@type":"ListItem","position":1,"name":"Etusivu","item":"https:\/\/aktialiiga.fi\/miehet\/"},{"@type":"ListItem","position":2,"name":"Miro Koljonen rokotti vanhaa seuraansa"}]},{"@type":"WebSite","@id":"https:\/\/aktialiiga.fi\/miehet\/#website","url":"https:\/\/aktialiiga.fi\/miehet\/","name":"K\u00e4sipallon miesten Aktialiiga","description":"Valtakunnan vauhdikkainta palloilua!","publisher":{"@id":"https:\/\/aktialiiga.fi\/miehet\/#organization"},"potentialAction":[{"@type":"SearchAction","target":{"@type":"EntryPoint","urlTemplate":"https:\/\/aktialiiga.fi\/miehet\/?s={search_term_string}"},"query-input":{"@type":"PropertyValueSpecification","valueRequired":true,"valueName":"search_term_string"}}],"inLanguage":"fi"},{"@type":"Organization","@id":"https:\/\/aktialiiga.fi\/miehet\/#organization","name":"K\u00e4sipallon miesten Aktialiiga","url":"https:\/\/aktialiiga.fi\/miehet\/","logo":{"@type":"ImageObject","inLanguage":"fi","@id":"https:\/\/aktialiiga.fi\/miehet\/#\/schema\/logo\/image\/","url":"https:\/\/i0.wp.com\/aktialiiga.fi\/miehet\/wp-content\/uploads\/sites\/5\/2024\/09\/Aktialiiga-Yoast-512.png?fit=512%2C512&ssl=1","contentUrl":"https:\/\/i0.wp.com\/aktialiiga.fi\/miehet\/wp-content\/uploads\/sites\/5\/2024\/09\/Aktialiiga-Yoast-512.png?fit=512%2C512&ssl=1","width":512,"height":512,"caption":"K\u00e4sipallon miesten Aktialiiga"},"image":{"@id":"https:\/\/aktialiiga.fi\/miehet\/#\/schema\/logo\/image\/"},"sameAs":["https:\/\/www.facebook.com\/finnhandball","https:\/\/x.com\/finnhandball","https:\/\/www.instagram.com\/handballfinland\/"]},{"@type":"Person","@id":"https:\/\/aktialiiga.fi\/miehet\/#\/schema\/person\/c14bf42f47041db74603c45afcb18d87","name":"tbrmedia","image":{"@type":"ImageObject","inLanguage":"fi","@id":"https:\/\/secure.gravatar.com\/avatar\/ee975fa091fe581d12b60debb3439022686618368a7c142044c56724d4666b16?s=96&d=mm&r=g","url":"https:\/\/secure.gravatar.com\/avatar\/ee975fa091fe581d12b60debb3439022686618368a7c142044c56724d4666b16?s=96&d=mm&r=g","contentUrl":"https:\/\/secure.gravatar.com\/avatar\/ee975fa091fe581d12b60debb3439022686618368a7c142044c56724d4666b16?s=96&d=mm&r=g","caption":"tbrmedia"}}]}},"jetpack_featured_media_url":"https:\/\/i0.wp.com\/aktialiiga.fi\/miehet\/wp-content\/uploads\/sites\/5\/2011\/09\/logo-hcwest.gif?fit=125%2C103&ssl=1","jetpack_sharing_enabled":true,"jetpack_shortlink":"https:\/\/wp.me\/pfTxOr-1bZ","_links":{"self":[{"href":"https:\/\/aktialiiga.fi\/miehet\/wp-json\/wp\/v2\/posts\/4587","targetHints":{"allow":["GET"]}}],"collection":[{"href":"https:\/\/aktialiiga.fi\/miehet\/wp-json\/wp\/v2\/posts"}],"about":[{"href":"https:\/\/aktialiiga.fi\/miehet\/wp-json\/wp\/v2\/types\/post"}],"author":[{"embeddable":true,"href":"https:\/\/aktialiiga.fi\/miehet\/wp-json\/wp\/v2\/users\/13"}],"replies":[{"embeddable":true,"href":"https:\/\/aktialiiga.fi\/miehet\/wp-json\/wp\/v2\/comments?post=4587"}],"version-history":[{"count":0,"href":"https:\/\/aktialiiga.fi\/miehet\/wp-json\/wp\/v2\/posts\/4587\/revisions"}],"wp:featuredmedia":[{"embeddable":true,"href":"https:\/\/aktialiiga.fi\/miehet\/wp-json\/wp\/v2\/media\/152"}],"wp:attachment":[{"href":"https:\/\/aktialiiga.fi\/miehet\/wp-json\/wp\/v2\/media?parent=4587"}],"wp:term":[{"taxonomy":"category","embeddable":true,"href":"https:\/\/aktialiiga.fi\/miehet\/wp-json\/wp\/v2\/categories?post=4587"},{"taxonomy":"post_tag","embeddable":true,"href":"https:\/\/aktialiiga.fi\/miehet\/wp-json\/wp\/v2\/tags?post=4587"}],"curies":[{"name":"wp","href":"https:\/\/api.w.org\/{rel}","templated":true}]}}