{"id":46436,"date":"2024-01-20T18:09:11","date_gmt":"2024-01-20T16:09:11","guid":{"rendered":"https:\/\/aktialiiga.fi\/miehet\/?p=46436"},"modified":"2024-01-20T18:25:02","modified_gmt":"2024-01-20T16:25:02","slug":"synkka-alku-kostautui-siflle-grifkta-vastaan","status":"publish","type":"post","link":"https:\/\/aktialiiga.fi\/miehet\/2023-2024\/ottelut-2023-24\/synkka-alku-kostautui-siflle-grifkta-vastaan\/","title":{"rendered":"Synkk\u00e4 alku kostautui SIF:lle GrIFK:ta vastaan"},"content":{"rendered":"<p>T\u00e4ysin tukossa ottelun alussa ollut hy\u00f6kk\u00e4yspeli koitui SIF:n kohtaloksi ja vieraillut GrIFK vei pisteet matkaansa vakuuttavasti.<\/p>\n<p>Ottelun alku oli etenkin kotijoukkueelle tervanjuontia, sill\u00e4 ensimm\u00e4isen 10 minuutin aikana n\u00e4htiin vain nelj\u00e4 maalia ja ne kaikki merkittiin Granin nimiin. Avausjakson puoliv\u00e4liss\u00e4 tilanne oli h\u00e4mm\u00e4stytt\u00e4v\u00e4 0-8, kunnes SIF viimein sai kuparisensa rikki. T\u00e4m\u00e4 avasi my\u00f6s siuntiolaisten peli\u00e4 ja taukoon menness\u00e4 ero oli kaventunut nelj\u00e4\u00e4n maaliin.<\/p>\n<p>Toisen jakson alussa SIF k\u00e4vi kolmen maalin p\u00e4\u00e4ss\u00e4, mutta Grani alkoi nopeasti venytt\u00e4\u00e4 lis\u00e4\u00e4 kaulaa. Ero pysytteli sen j\u00e4lkeen yli viidess\u00e4 maalissa, eik\u00e4 SIF miss\u00e4\u00e4n vaiheessa p\u00e4\u00e4ssyt iskuet\u00e4isyydelle ja Grani vei pisteet matkaansa varmasti.<\/p>\n<p>SIF:n p\u00e4\u00e4valmentaja Jan Hagman kuittasi tappion ytimekk\u00e4\u00e4sti.<\/p>\n<p>&#8211; Olen tyytym\u00e4t\u00f6n peliin, onnittelut Granille pisteist\u00e4, Hagman sanoi.<\/p>\n<p>GrIFK:n p\u00e4\u00e4valmentaja Mikael K\u00e4llman saattoi puolestaan iloita voiton lis\u00e4ksi runkosarjan kakkossijan varmistumisesta.<\/p>\n<p>&#8211; Mukavaa varmistaa sarjataulukon toinen sija ja sit\u00e4 my\u00f6den kaksi pistett\u00e4 ylemp\u00e4\u00e4n loppusarjaan. Olin tyytyv\u00e4inen peliimme, meill\u00e4 oli oikein hyv\u00e4 kokonaisuus t\u00e4n\u00e4\u00e4n, K\u00e4llman tiivisti.<\/p>\n<p>Samaa totesi my\u00f6s ottelun parhaan pelaajan tittelin napannut Granin Carl Weurlander.<\/p>\n<p>&#8211; Hyv\u00e4, ett\u00e4 sarjataulukon toinen sija varmistui.<\/p>\n<p>Ottelu oli my\u00f6s SIF:n yhteisty\u00f6kumppaneiden tarjoama enn\u00e4tysottelu ja vaikka SIF:n yleis\u00f6enn\u00e4tyksest\u00e4 hiukan j\u00e4\u00e4tiin, 526 katsojaa oli komea lukema.<\/p>\n<p><strong>SIF \u2013 GrIFK 23-31 (9-13)<\/strong><\/p>\n<p><strong>Maalintekij\u00e4t<\/strong>: maalit (7m maalit)<br \/>\nSIF: Jooa Knaapinen 5, Anton Luuppala 4, Vladimir Tomic 3, Artur Morgenson 3, Dmytro Turchenko 2 (1), Niki Tuominen 2, Christoffer Modig 2, Daniel Walander 1, Axel Sj\u00f6stedt 1<br \/>\nGrIFK: Carl Weurlander 9, Isak Lehvonen 4, Miro Koljonen 4, Wilhelm Parvinen 3, Jere Kantee 3 (3), Gustav Svanb\u00e4ck 2 (1), Alexander Qvist 2, Fredrik Forss 2, Filip Churlevski 2<\/p>\n<p><strong>T\u00e4htipelaajat<\/strong><br \/>\nCarl Weurlander GrIFK 3<br \/>\nMiro Koljonen GrIFK 2<br \/>\nJooa Knaapinen SIF 1<\/p>\n<p><strong>2 min ulosajot sek\u00e4 pelist\u00e4 sulkemiset<\/strong><br \/>\nSIF: Anton Luuppala 1 x 2 min, Artur Morgenson 1 x 2 min, Hagman Jan 1 x 2 min, Vladimir Tomic 1 x 2 min<br \/>\nGrIFK: Fredrik Forss 1 x 2 min, Kalle Kankaanp\u00e4\u00e4 2 x 2 min, Richard Sundberg 1 x 2 min<\/p>\n<p><em>Erotuomarit<\/em>: Niko Tillan &#8211; Jan-Erik Leandersson<\/p>\n<p><em>Yleis\u00f6\u00e4<\/em>: 526<\/p>\n","protected":false},"excerpt":{"rendered":"<p>T\u00e4ysin tukossa ottelun alussa ollut hy\u00f6kk\u00e4yspeli koitui SIF:n kohtaloksi ja vieraillut GrIFK vei pisteet matkaansa vakuuttavasti. Ottelun alku oli etenkin kotijoukkueelle tervanjuontia, sill\u00e4 ensimm\u00e4isen 10 minuutin aikana n\u00e4htiin vain nelj\u00e4 maalia ja ne kaikki merkittiin Granin nimiin. Avausjakson puoliv\u00e4liss\u00e4 tilanne oli h\u00e4mm\u00e4stytt\u00e4v\u00e4 0-8, kunnes SIF viimein sai kuparisensa rikki. T\u00e4m\u00e4 avasi my\u00f6s siuntiolaisten peli\u00e4 ja [&hellip;]<\/p>\n","protected":false},"author":13,"featured_media":46437,"comment_status":"closed","ping_status":"closed","sticky":false,"template":"","format":"standard","meta":{"_acf_changed":false,"jetpack_post_was_ever_published":false,"_jetpack_newsletter_access":"","_jetpack_dont_email_post_to_subs":false,"_jetpack_newsletter_tier_id":0,"_jetpack_memberships_contains_paywalled_content":false,"_jetpack_memberships_contains_paid_content":false,"footnotes":""},"categories":[303],"tags":[64,111],"class_list":["post-46436","post","type-post","status-publish","format-standard","has-post-thumbnail","hentry","category-ottelut-2023-24","tag-grifk","tag-sif"],"acf":[],"yoast_head":"<!-- This site is optimized with the Yoast SEO plugin v27.5 - https:\/\/yoast.com\/product\/yoast-seo-wordpress\/ -->\n<title>Synkk\u00e4 alku kostautui SIF:lle GrIFK:ta vastaan | K\u00e4sipallon miesten Aktialiiga<\/title>\n<meta name=\"robots\" content=\"index, follow, max-snippet:-1, max-image-preview:large, max-video-preview:-1\" \/>\n<link rel=\"canonical\" href=\"https:\/\/aktialiiga.fi\/miehet\/2023-2024\/ottelut-2023-24\/synkka-alku-kostautui-siflle-grifkta-vastaan\/\" \/>\n<meta property=\"og:locale\" content=\"fi_FI\" \/>\n<meta property=\"og:type\" content=\"article\" \/>\n<meta property=\"og:title\" content=\"Synkk\u00e4 alku kostautui SIF:lle GrIFK:ta vastaan | K\u00e4sipallon miesten Aktialiiga\" \/>\n<meta property=\"og:description\" content=\"T\u00e4ysin tukossa ottelun alussa ollut hy\u00f6kk\u00e4yspeli koitui SIF:n kohtaloksi ja vieraillut GrIFK vei pisteet matkaansa vakuuttavasti. Ottelun alku oli etenkin kotijoukkueelle tervanjuontia, sill\u00e4 ensimm\u00e4isen 10 minuutin aikana n\u00e4htiin vain nelj\u00e4 maalia ja ne kaikki merkittiin Granin nimiin. Avausjakson puoliv\u00e4liss\u00e4 tilanne oli h\u00e4mm\u00e4stytt\u00e4v\u00e4 0-8, kunnes SIF viimein sai kuparisensa rikki. T\u00e4m\u00e4 avasi my\u00f6s siuntiolaisten peli\u00e4 ja [&hellip;]\" \/>\n<meta property=\"og:url\" content=\"https:\/\/aktialiiga.fi\/miehet\/2023-2024\/ottelut-2023-24\/synkka-alku-kostautui-siflle-grifkta-vastaan\/\" \/>\n<meta property=\"og:site_name\" content=\"K\u00e4sipallon miesten Aktialiiga\" \/>\n<meta property=\"article:publisher\" content=\"https:\/\/www.facebook.com\/finnhandball\" \/>\n<meta property=\"article:published_time\" content=\"2024-01-20T16:09:11+00:00\" \/>\n<meta property=\"article:modified_time\" content=\"2024-01-20T16:25:02+00:00\" \/>\n<meta property=\"og:image\" content=\"https:\/\/i0.wp.com\/aktialiiga.fi\/miehet\/wp-content\/uploads\/sites\/5\/2024\/01\/GrIFK_Weurlander_Carl_2324.jpg?fit=1031%2C461&ssl=1\" \/>\n\t<meta property=\"og:image:width\" content=\"1031\" \/>\n\t<meta property=\"og:image:height\" content=\"461\" \/>\n\t<meta property=\"og:image:type\" content=\"image\/jpeg\" \/>\n<meta name=\"author\" content=\"tbrmedia\" \/>\n<meta name=\"twitter:card\" content=\"summary_large_image\" \/>\n<meta name=\"twitter:creator\" content=\"@finnhandball\" \/>\n<meta name=\"twitter:site\" content=\"@finnhandball\" \/>\n<script type=\"application\/ld+json\" class=\"yoast-schema-graph\">{\"@context\":\"https:\\\/\\\/schema.org\",\"@graph\":[{\"@type\":\"Article\",\"@id\":\"https:\\\/\\\/aktialiiga.fi\\\/miehet\\\/2023-2024\\\/ottelut-2023-24\\\/synkka-alku-kostautui-siflle-grifkta-vastaan\\\/#article\",\"isPartOf\":{\"@id\":\"https:\\\/\\\/aktialiiga.fi\\\/miehet\\\/2023-2024\\\/ottelut-2023-24\\\/synkka-alku-kostautui-siflle-grifkta-vastaan\\\/\"},\"author\":{\"name\":\"tbrmedia\",\"@id\":\"https:\\\/\\\/aktialiiga.fi\\\/miehet\\\/#\\\/schema\\\/person\\\/c14bf42f47041db74603c45afcb18d87\"},\"headline\":\"Synkk\u00e4 alku kostautui SIF:lle GrIFK:ta vastaan\",\"datePublished\":\"2024-01-20T16:09:11+00:00\",\"dateModified\":\"2024-01-20T16:25:02+00:00\",\"mainEntityOfPage\":{\"@id\":\"https:\\\/\\\/aktialiiga.fi\\\/miehet\\\/2023-2024\\\/ottelut-2023-24\\\/synkka-alku-kostautui-siflle-grifkta-vastaan\\\/\"},\"wordCount\":335,\"publisher\":{\"@id\":\"https:\\\/\\\/aktialiiga.fi\\\/miehet\\\/#organization\"},\"image\":{\"@id\":\"https:\\\/\\\/aktialiiga.fi\\\/miehet\\\/2023-2024\\\/ottelut-2023-24\\\/synkka-alku-kostautui-siflle-grifkta-vastaan\\\/#primaryimage\"},\"thumbnailUrl\":\"https:\\\/\\\/i0.wp.com\\\/aktialiiga.fi\\\/miehet\\\/wp-content\\\/uploads\\\/sites\\\/5\\\/2024\\\/01\\\/GrIFK_Weurlander_Carl_2324.jpg?fit=1031%2C461&ssl=1\",\"keywords\":[\"GrIFK\",\"SIF\"],\"articleSection\":[\"Ottelut\"],\"inLanguage\":\"fi\"},{\"@type\":\"WebPage\",\"@id\":\"https:\\\/\\\/aktialiiga.fi\\\/miehet\\\/2023-2024\\\/ottelut-2023-24\\\/synkka-alku-kostautui-siflle-grifkta-vastaan\\\/\",\"url\":\"https:\\\/\\\/aktialiiga.fi\\\/miehet\\\/2023-2024\\\/ottelut-2023-24\\\/synkka-alku-kostautui-siflle-grifkta-vastaan\\\/\",\"name\":\"Synkk\u00e4 alku kostautui SIF:lle GrIFK:ta vastaan | K\u00e4sipallon miesten Aktialiiga\",\"isPartOf\":{\"@id\":\"https:\\\/\\\/aktialiiga.fi\\\/miehet\\\/#website\"},\"primaryImageOfPage\":{\"@id\":\"https:\\\/\\\/aktialiiga.fi\\\/miehet\\\/2023-2024\\\/ottelut-2023-24\\\/synkka-alku-kostautui-siflle-grifkta-vastaan\\\/#primaryimage\"},\"image\":{\"@id\":\"https:\\\/\\\/aktialiiga.fi\\\/miehet\\\/2023-2024\\\/ottelut-2023-24\\\/synkka-alku-kostautui-siflle-grifkta-vastaan\\\/#primaryimage\"},\"thumbnailUrl\":\"https:\\\/\\\/i0.wp.com\\\/aktialiiga.fi\\\/miehet\\\/wp-content\\\/uploads\\\/sites\\\/5\\\/2024\\\/01\\\/GrIFK_Weurlander_Carl_2324.jpg?fit=1031%2C461&ssl=1\",\"datePublished\":\"2024-01-20T16:09:11+00:00\",\"dateModified\":\"2024-01-20T16:25:02+00:00\",\"breadcrumb\":{\"@id\":\"https:\\\/\\\/aktialiiga.fi\\\/miehet\\\/2023-2024\\\/ottelut-2023-24\\\/synkka-alku-kostautui-siflle-grifkta-vastaan\\\/#breadcrumb\"},\"inLanguage\":\"fi\",\"potentialAction\":[{\"@type\":\"ReadAction\",\"target\":[\"https:\\\/\\\/aktialiiga.fi\\\/miehet\\\/2023-2024\\\/ottelut-2023-24\\\/synkka-alku-kostautui-siflle-grifkta-vastaan\\\/\"]}]},{\"@type\":\"ImageObject\",\"inLanguage\":\"fi\",\"@id\":\"https:\\\/\\\/aktialiiga.fi\\\/miehet\\\/2023-2024\\\/ottelut-2023-24\\\/synkka-alku-kostautui-siflle-grifkta-vastaan\\\/#primaryimage\",\"url\":\"https:\\\/\\\/i0.wp.com\\\/aktialiiga.fi\\\/miehet\\\/wp-content\\\/uploads\\\/sites\\\/5\\\/2024\\\/01\\\/GrIFK_Weurlander_Carl_2324.jpg?fit=1031%2C461&ssl=1\",\"contentUrl\":\"https:\\\/\\\/i0.wp.com\\\/aktialiiga.fi\\\/miehet\\\/wp-content\\\/uploads\\\/sites\\\/5\\\/2024\\\/01\\\/GrIFK_Weurlander_Carl_2324.jpg?fit=1031%2C461&ssl=1\",\"width\":1031,\"height\":461,\"caption\":\"Carl Weurlander, GrIFK K\u00e4sipallon SM-liiga GrIFK - SIF Kauniaisten palloiluhalli 19. lokakuuta 2023. (Kalle Parkkinen\\\/Newspix24)\"},{\"@type\":\"BreadcrumbList\",\"@id\":\"https:\\\/\\\/aktialiiga.fi\\\/miehet\\\/2023-2024\\\/ottelut-2023-24\\\/synkka-alku-kostautui-siflle-grifkta-vastaan\\\/#breadcrumb\",\"itemListElement\":[{\"@type\":\"ListItem\",\"position\":1,\"name\":\"Etusivu\",\"item\":\"https:\\\/\\\/aktialiiga.fi\\\/miehet\\\/\"},{\"@type\":\"ListItem\",\"position\":2,\"name\":\"Synkk\u00e4 alku kostautui SIF:lle GrIFK:ta vastaan\"}]},{\"@type\":\"WebSite\",\"@id\":\"https:\\\/\\\/aktialiiga.fi\\\/miehet\\\/#website\",\"url\":\"https:\\\/\\\/aktialiiga.fi\\\/miehet\\\/\",\"name\":\"K\u00e4sipallon miesten Aktialiiga\",\"description\":\"Valtakunnan vauhdikkainta palloilua!\",\"publisher\":{\"@id\":\"https:\\\/\\\/aktialiiga.fi\\\/miehet\\\/#organization\"},\"potentialAction\":[{\"@type\":\"SearchAction\",\"target\":{\"@type\":\"EntryPoint\",\"urlTemplate\":\"https:\\\/\\\/aktialiiga.fi\\\/miehet\\\/?s={search_term_string}\"},\"query-input\":{\"@type\":\"PropertyValueSpecification\",\"valueRequired\":true,\"valueName\":\"search_term_string\"}}],\"inLanguage\":\"fi\"},{\"@type\":\"Organization\",\"@id\":\"https:\\\/\\\/aktialiiga.fi\\\/miehet\\\/#organization\",\"name\":\"K\u00e4sipallon miesten Aktialiiga\",\"url\":\"https:\\\/\\\/aktialiiga.fi\\\/miehet\\\/\",\"logo\":{\"@type\":\"ImageObject\",\"inLanguage\":\"fi\",\"@id\":\"https:\\\/\\\/aktialiiga.fi\\\/miehet\\\/#\\\/schema\\\/logo\\\/image\\\/\",\"url\":\"https:\\\/\\\/i0.wp.com\\\/aktialiiga.fi\\\/miehet\\\/wp-content\\\/uploads\\\/sites\\\/5\\\/2024\\\/09\\\/Aktialiiga-Yoast-512.png?fit=512%2C512&ssl=1\",\"contentUrl\":\"https:\\\/\\\/i0.wp.com\\\/aktialiiga.fi\\\/miehet\\\/wp-content\\\/uploads\\\/sites\\\/5\\\/2024\\\/09\\\/Aktialiiga-Yoast-512.png?fit=512%2C512&ssl=1\",\"width\":512,\"height\":512,\"caption\":\"K\u00e4sipallon miesten Aktialiiga\"},\"image\":{\"@id\":\"https:\\\/\\\/aktialiiga.fi\\\/miehet\\\/#\\\/schema\\\/logo\\\/image\\\/\"},\"sameAs\":[\"https:\\\/\\\/www.facebook.com\\\/finnhandball\",\"https:\\\/\\\/x.com\\\/finnhandball\",\"https:\\\/\\\/www.instagram.com\\\/handballfinland\\\/\"]},{\"@type\":\"Person\",\"@id\":\"https:\\\/\\\/aktialiiga.fi\\\/miehet\\\/#\\\/schema\\\/person\\\/c14bf42f47041db74603c45afcb18d87\",\"name\":\"tbrmedia\",\"image\":{\"@type\":\"ImageObject\",\"inLanguage\":\"fi\",\"@id\":\"https:\\\/\\\/secure.gravatar.com\\\/avatar\\\/ee975fa091fe581d12b60debb3439022686618368a7c142044c56724d4666b16?s=96&d=mm&r=g\",\"url\":\"https:\\\/\\\/secure.gravatar.com\\\/avatar\\\/ee975fa091fe581d12b60debb3439022686618368a7c142044c56724d4666b16?s=96&d=mm&r=g\",\"contentUrl\":\"https:\\\/\\\/secure.gravatar.com\\\/avatar\\\/ee975fa091fe581d12b60debb3439022686618368a7c142044c56724d4666b16?s=96&d=mm&r=g\",\"caption\":\"tbrmedia\"}}]}<\/script>\n<!-- \/ Yoast SEO plugin. -->","yoast_head_json":{"title":"Synkk\u00e4 alku kostautui SIF:lle GrIFK:ta vastaan | K\u00e4sipallon miesten Aktialiiga","robots":{"index":"index","follow":"follow","max-snippet":"max-snippet:-1","max-image-preview":"max-image-preview:large","max-video-preview":"max-video-preview:-1"},"canonical":"https:\/\/aktialiiga.fi\/miehet\/2023-2024\/ottelut-2023-24\/synkka-alku-kostautui-siflle-grifkta-vastaan\/","og_locale":"fi_FI","og_type":"article","og_title":"Synkk\u00e4 alku kostautui SIF:lle GrIFK:ta vastaan | K\u00e4sipallon miesten Aktialiiga","og_description":"T\u00e4ysin tukossa ottelun alussa ollut hy\u00f6kk\u00e4yspeli koitui SIF:n kohtaloksi ja vieraillut GrIFK vei pisteet matkaansa vakuuttavasti. Ottelun alku oli etenkin kotijoukkueelle tervanjuontia, sill\u00e4 ensimm\u00e4isen 10 minuutin aikana n\u00e4htiin vain nelj\u00e4 maalia ja ne kaikki merkittiin Granin nimiin. Avausjakson puoliv\u00e4liss\u00e4 tilanne oli h\u00e4mm\u00e4stytt\u00e4v\u00e4 0-8, kunnes SIF viimein sai kuparisensa rikki. T\u00e4m\u00e4 avasi my\u00f6s siuntiolaisten peli\u00e4 ja [&hellip;]","og_url":"https:\/\/aktialiiga.fi\/miehet\/2023-2024\/ottelut-2023-24\/synkka-alku-kostautui-siflle-grifkta-vastaan\/","og_site_name":"K\u00e4sipallon miesten Aktialiiga","article_publisher":"https:\/\/www.facebook.com\/finnhandball","article_published_time":"2024-01-20T16:09:11+00:00","article_modified_time":"2024-01-20T16:25:02+00:00","og_image":[{"width":1031,"height":461,"url":"https:\/\/i0.wp.com\/aktialiiga.fi\/miehet\/wp-content\/uploads\/sites\/5\/2024\/01\/GrIFK_Weurlander_Carl_2324.jpg?fit=1031%2C461&ssl=1","type":"image\/jpeg"}],"author":"tbrmedia","twitter_card":"summary_large_image","twitter_creator":"@finnhandball","twitter_site":"@finnhandball","schema":{"@context":"https:\/\/schema.org","@graph":[{"@type":"Article","@id":"https:\/\/aktialiiga.fi\/miehet\/2023-2024\/ottelut-2023-24\/synkka-alku-kostautui-siflle-grifkta-vastaan\/#article","isPartOf":{"@id":"https:\/\/aktialiiga.fi\/miehet\/2023-2024\/ottelut-2023-24\/synkka-alku-kostautui-siflle-grifkta-vastaan\/"},"author":{"name":"tbrmedia","@id":"https:\/\/aktialiiga.fi\/miehet\/#\/schema\/person\/c14bf42f47041db74603c45afcb18d87"},"headline":"Synkk\u00e4 alku kostautui SIF:lle GrIFK:ta vastaan","datePublished":"2024-01-20T16:09:11+00:00","dateModified":"2024-01-20T16:25:02+00:00","mainEntityOfPage":{"@id":"https:\/\/aktialiiga.fi\/miehet\/2023-2024\/ottelut-2023-24\/synkka-alku-kostautui-siflle-grifkta-vastaan\/"},"wordCount":335,"publisher":{"@id":"https:\/\/aktialiiga.fi\/miehet\/#organization"},"image":{"@id":"https:\/\/aktialiiga.fi\/miehet\/2023-2024\/ottelut-2023-24\/synkka-alku-kostautui-siflle-grifkta-vastaan\/#primaryimage"},"thumbnailUrl":"https:\/\/i0.wp.com\/aktialiiga.fi\/miehet\/wp-content\/uploads\/sites\/5\/2024\/01\/GrIFK_Weurlander_Carl_2324.jpg?fit=1031%2C461&ssl=1","keywords":["GrIFK","SIF"],"articleSection":["Ottelut"],"inLanguage":"fi"},{"@type":"WebPage","@id":"https:\/\/aktialiiga.fi\/miehet\/2023-2024\/ottelut-2023-24\/synkka-alku-kostautui-siflle-grifkta-vastaan\/","url":"https:\/\/aktialiiga.fi\/miehet\/2023-2024\/ottelut-2023-24\/synkka-alku-kostautui-siflle-grifkta-vastaan\/","name":"Synkk\u00e4 alku kostautui SIF:lle GrIFK:ta vastaan | K\u00e4sipallon miesten Aktialiiga","isPartOf":{"@id":"https:\/\/aktialiiga.fi\/miehet\/#website"},"primaryImageOfPage":{"@id":"https:\/\/aktialiiga.fi\/miehet\/2023-2024\/ottelut-2023-24\/synkka-alku-kostautui-siflle-grifkta-vastaan\/#primaryimage"},"image":{"@id":"https:\/\/aktialiiga.fi\/miehet\/2023-2024\/ottelut-2023-24\/synkka-alku-kostautui-siflle-grifkta-vastaan\/#primaryimage"},"thumbnailUrl":"https:\/\/i0.wp.com\/aktialiiga.fi\/miehet\/wp-content\/uploads\/sites\/5\/2024\/01\/GrIFK_Weurlander_Carl_2324.jpg?fit=1031%2C461&ssl=1","datePublished":"2024-01-20T16:09:11+00:00","dateModified":"2024-01-20T16:25:02+00:00","breadcrumb":{"@id":"https:\/\/aktialiiga.fi\/miehet\/2023-2024\/ottelut-2023-24\/synkka-alku-kostautui-siflle-grifkta-vastaan\/#breadcrumb"},"inLanguage":"fi","potentialAction":[{"@type":"ReadAction","target":["https:\/\/aktialiiga.fi\/miehet\/2023-2024\/ottelut-2023-24\/synkka-alku-kostautui-siflle-grifkta-vastaan\/"]}]},{"@type":"ImageObject","inLanguage":"fi","@id":"https:\/\/aktialiiga.fi\/miehet\/2023-2024\/ottelut-2023-24\/synkka-alku-kostautui-siflle-grifkta-vastaan\/#primaryimage","url":"https:\/\/i0.wp.com\/aktialiiga.fi\/miehet\/wp-content\/uploads\/sites\/5\/2024\/01\/GrIFK_Weurlander_Carl_2324.jpg?fit=1031%2C461&ssl=1","contentUrl":"https:\/\/i0.wp.com\/aktialiiga.fi\/miehet\/wp-content\/uploads\/sites\/5\/2024\/01\/GrIFK_Weurlander_Carl_2324.jpg?fit=1031%2C461&ssl=1","width":1031,"height":461,"caption":"Carl Weurlander, GrIFK K\u00e4sipallon SM-liiga GrIFK - SIF Kauniaisten palloiluhalli 19. lokakuuta 2023. (Kalle Parkkinen\/Newspix24)"},{"@type":"BreadcrumbList","@id":"https:\/\/aktialiiga.fi\/miehet\/2023-2024\/ottelut-2023-24\/synkka-alku-kostautui-siflle-grifkta-vastaan\/#breadcrumb","itemListElement":[{"@type":"ListItem","position":1,"name":"Etusivu","item":"https:\/\/aktialiiga.fi\/miehet\/"},{"@type":"ListItem","position":2,"name":"Synkk\u00e4 alku kostautui SIF:lle GrIFK:ta vastaan"}]},{"@type":"WebSite","@id":"https:\/\/aktialiiga.fi\/miehet\/#website","url":"https:\/\/aktialiiga.fi\/miehet\/","name":"K\u00e4sipallon miesten Aktialiiga","description":"Valtakunnan vauhdikkainta palloilua!","publisher":{"@id":"https:\/\/aktialiiga.fi\/miehet\/#organization"},"potentialAction":[{"@type":"SearchAction","target":{"@type":"EntryPoint","urlTemplate":"https:\/\/aktialiiga.fi\/miehet\/?s={search_term_string}"},"query-input":{"@type":"PropertyValueSpecification","valueRequired":true,"valueName":"search_term_string"}}],"inLanguage":"fi"},{"@type":"Organization","@id":"https:\/\/aktialiiga.fi\/miehet\/#organization","name":"K\u00e4sipallon miesten Aktialiiga","url":"https:\/\/aktialiiga.fi\/miehet\/","logo":{"@type":"ImageObject","inLanguage":"fi","@id":"https:\/\/aktialiiga.fi\/miehet\/#\/schema\/logo\/image\/","url":"https:\/\/i0.wp.com\/aktialiiga.fi\/miehet\/wp-content\/uploads\/sites\/5\/2024\/09\/Aktialiiga-Yoast-512.png?fit=512%2C512&ssl=1","contentUrl":"https:\/\/i0.wp.com\/aktialiiga.fi\/miehet\/wp-content\/uploads\/sites\/5\/2024\/09\/Aktialiiga-Yoast-512.png?fit=512%2C512&ssl=1","width":512,"height":512,"caption":"K\u00e4sipallon miesten Aktialiiga"},"image":{"@id":"https:\/\/aktialiiga.fi\/miehet\/#\/schema\/logo\/image\/"},"sameAs":["https:\/\/www.facebook.com\/finnhandball","https:\/\/x.com\/finnhandball","https:\/\/www.instagram.com\/handballfinland\/"]},{"@type":"Person","@id":"https:\/\/aktialiiga.fi\/miehet\/#\/schema\/person\/c14bf42f47041db74603c45afcb18d87","name":"tbrmedia","image":{"@type":"ImageObject","inLanguage":"fi","@id":"https:\/\/secure.gravatar.com\/avatar\/ee975fa091fe581d12b60debb3439022686618368a7c142044c56724d4666b16?s=96&d=mm&r=g","url":"https:\/\/secure.gravatar.com\/avatar\/ee975fa091fe581d12b60debb3439022686618368a7c142044c56724d4666b16?s=96&d=mm&r=g","contentUrl":"https:\/\/secure.gravatar.com\/avatar\/ee975fa091fe581d12b60debb3439022686618368a7c142044c56724d4666b16?s=96&d=mm&r=g","caption":"tbrmedia"}}]}},"jetpack_featured_media_url":"https:\/\/i0.wp.com\/aktialiiga.fi\/miehet\/wp-content\/uploads\/sites\/5\/2024\/01\/GrIFK_Weurlander_Carl_2324.jpg?fit=1031%2C461&ssl=1","jetpack_sharing_enabled":true,"jetpack_shortlink":"https:\/\/wp.me\/pfTxOr-c4Y","_links":{"self":[{"href":"https:\/\/aktialiiga.fi\/miehet\/wp-json\/wp\/v2\/posts\/46436","targetHints":{"allow":["GET"]}}],"collection":[{"href":"https:\/\/aktialiiga.fi\/miehet\/wp-json\/wp\/v2\/posts"}],"about":[{"href":"https:\/\/aktialiiga.fi\/miehet\/wp-json\/wp\/v2\/types\/post"}],"author":[{"embeddable":true,"href":"https:\/\/aktialiiga.fi\/miehet\/wp-json\/wp\/v2\/users\/13"}],"replies":[{"embeddable":true,"href":"https:\/\/aktialiiga.fi\/miehet\/wp-json\/wp\/v2\/comments?post=46436"}],"version-history":[{"count":0,"href":"https:\/\/aktialiiga.fi\/miehet\/wp-json\/wp\/v2\/posts\/46436\/revisions"}],"wp:featuredmedia":[{"embeddable":true,"href":"https:\/\/aktialiiga.fi\/miehet\/wp-json\/wp\/v2\/media\/46437"}],"wp:attachment":[{"href":"https:\/\/aktialiiga.fi\/miehet\/wp-json\/wp\/v2\/media?parent=46436"}],"wp:term":[{"taxonomy":"category","embeddable":true,"href":"https:\/\/aktialiiga.fi\/miehet\/wp-json\/wp\/v2\/categories?post=46436"},{"taxonomy":"post_tag","embeddable":true,"href":"https:\/\/aktialiiga.fi\/miehet\/wp-json\/wp\/v2\/tags?post=46436"}],"curies":[{"name":"wp","href":"https:\/\/api.w.org\/{rel}","templated":true}]}}