{"id":46520,"date":"2024-01-27T17:37:29","date_gmt":"2024-01-27T15:37:29","guid":{"rendered":"https:\/\/aktialiiga.fi\/miehet\/?p=46520"},"modified":"2024-01-27T18:12:53","modified_gmt":"2024-01-27T16:12:53","slug":"hifk-ja-grifk-pistejakoon","status":"publish","type":"post","link":"https:\/\/aktialiiga.fi\/miehet\/2023-2024\/ottelut-2023-24\/hifk-ja-grifk-pistejakoon\/","title":{"rendered":"HIFK ja GrIFK pistejakoon"},"content":{"rendered":"<p>HIFK:n ja GrIFK:n kohtaaminen runkosarjan p\u00e4\u00e4t\u00f6skierroksella p\u00e4\u00e4ttyi vaiherikkaan ottelun p\u00e4\u00e4tteeksi tasapeliin.<\/p>\n<p>Vierailija Grani tuli otteluun ter\u00e4v\u00e4sti, mutta HIFK sai nopeasti juonesta kiinni ja nousi rinnalle ja nopeasti johtoonkin. Parhaimmillaan HIFK:n johto oli jo kahdeksan maalia, mutta Grani sai kavennettua eroa parilla maalilla ennen taukoa.<\/p>\n<p>Tauon j\u00e4lkeen ote pysyi alkuun HIFK:lla, mutta Grani aloitti vahvan kirin ja nousi tasoihin jakson puoliv\u00e4lin alla painellen samaa vauhtia kolmen maalin johtoon. HIFK pysyi kuitenkin kannoilla ja is\u00e4ntien vahva loppurutistus palkittiin pisteell\u00e4.<\/p>\n<p>HIFK:n p\u00e4\u00e4valmentaja Rostislav Grinishin n\u00e4ki pistejaon lopulta varsin oikeutettuna.<\/p>\n<p>&#8211; Peli t\u00e4n\u00e4\u00e4n oli hyv\u00e4 ja j\u00e4nnitt\u00e4v\u00e4 l\u00e4ht\u00f6kohdista huolimatta. Meill\u00e4 oli heikko peli takana, mutta t\u00e4n\u00e4\u00e4n olin tyytyv\u00e4inen joukkueen asenteeseen ja taisteluun kent\u00e4ll\u00e4.<\/p>\n<p>&#8211; Aloitimme pelin hyvin, mutta toisella jaksolla jouduimme silti takaa-ajoon. Positiivista on, ett\u00e4 nousimme viel\u00e4 tasoihin, joka tuntuu aika sopivalta tulokselta t\u00e4h\u00e4n otteluun, Grinishin puntaroi.<\/p>\n<p>GrIFK:n p\u00e4\u00e4valmentaja Mikael K\u00e4llman nosti my\u00f6s esiin sen, ett\u00e4 ottelulla ei ollut sijoitusten kannalta en\u00e4\u00e4 merkityst\u00e4.<\/p>\n<p>&#8211; T\u00e4n\u00e4\u00e4n oli tarkoitus peluuttaa tasaisesti kaikkia kokoonpanossa, ja jokainen saikin osansa kent\u00e4ll\u00e4. Ekalla jaksolla pelimme ei toiminut halutusti, mutta vaihtojen j\u00e4lkeen toinen puoliaika onnistui paremmin ja p\u00e4\u00e4simme v\u00e4lill\u00e4 johtoonkin. Voitto olisi pit\u00e4nyt ottaa, mutta sit\u00e4 ei t\u00e4ll\u00e4 kertaa saatu.<\/p>\n<p>&#8211; Runkosarja sujui hyvin, ja ainut tappio kotihallissa oli juuri HIFK:lle &#8211; tarkoitus olisi ett\u00e4 se j\u00e4i viimeiseksi my\u00f6s loppusarjassa, K\u00e4llman katsoi jo eteenp\u00e4in<\/p>\n<p>Ottelun parhaana pelaajana palkittu Granin Isak Lehvonen katsoi h\u00e4nkin jo tulevaan.<\/p>\n<p>&#8211; Oma pelimme ei oikein l\u00e4htenyt ensimm\u00e4isell\u00e4 jaksolla, teimme liikaa teknisi\u00e4 virheit\u00e4 ja HIFK p\u00e4\u00e4si etumatkalle. Toisella puoliajalla saimme nostettua omaa tasoa, mutta voitto j\u00e4i harmittavan l\u00e4helle. Perjantaina on mielenkiintoista pelata taas uusi ottelu Suomen Cupissa HIFK:ta vastaan.<\/p>\n<p><strong>HIFK \u2013 GrIFK 29-29 (16-10)<\/strong><\/p>\n<p><strong>Maalintekij\u00e4t<\/strong>: maalit (7m maalit)<br \/>\nHIFK: Vili Lepp\u00e4nen 7, Viktor Gr\u00f6nmark 6, Rui Rolo 5, Andr\u00e9 Udd 4, Joel Hagstr\u00f6m 3, Vladimir Knopinskii 2 (1), Nicolas Reenp\u00e4\u00e4 1, Jakob Meinander 1<br \/>\nGrIFK: Jere Kantee 5 (3), Richard Sundberg 4, Alexander Qvist 3, Isak Lehvonen 3, Kalle Kankaanp\u00e4\u00e4 3, Carl Weurlander 2, Wilhelm Parvinen 2, Fredrik Forss 2, Filip Churlevski 2, Casper Aarnio 2, Miro Koljonen 1<\/p>\n<p><strong>T\u00e4htipelaajat<\/strong><br \/>\nIsak Lehvonen GrIFK 3<br \/>\nFredrik Parvinen GrIFK 2<br \/>\nVili Lepp\u00e4nen HIFK 1<\/p>\n<p><strong>2 min ulosajot sek\u00e4 pelist\u00e4 sulkemiset<\/strong><br \/>\nHIFK: Viktor Gr\u00f6nmark 1 x 2 min<br \/>\nGrIFK: Fredrik Forss 1 x 2 min, Isak Lehvonen 1 x 2 min, Kalle Kankaanp\u00e4\u00e4 1 x 2 min<\/p>\n<p><em>Erotuomarit<\/em>: Samuel Leandersson &#8211; Werneri Kivipato<\/p>\n<p><em>Yleis\u00f6\u00e4<\/em>: 145<\/p>\n","protected":false},"excerpt":{"rendered":"<p>HIFK:n ja GrIFK:n kohtaaminen runkosarjan p\u00e4\u00e4t\u00f6skierroksella p\u00e4\u00e4ttyi vaiherikkaan ottelun p\u00e4\u00e4tteeksi tasapeliin. Vierailija Grani tuli otteluun ter\u00e4v\u00e4sti, mutta HIFK sai nopeasti juonesta kiinni ja nousi rinnalle ja nopeasti johtoonkin. Parhaimmillaan HIFK:n johto oli jo kahdeksan maalia, mutta Grani sai kavennettua eroa parilla maalilla ennen taukoa. Tauon j\u00e4lkeen ote pysyi alkuun HIFK:lla, mutta Grani aloitti vahvan kirin [&hellip;]<\/p>\n","protected":false},"author":13,"featured_media":46521,"comment_status":"closed","ping_status":"closed","sticky":false,"template":"","format":"standard","meta":{"_acf_changed":false,"jetpack_post_was_ever_published":false,"_jetpack_newsletter_access":"","_jetpack_dont_email_post_to_subs":false,"_jetpack_newsletter_tier_id":0,"_jetpack_memberships_contains_paywalled_content":false,"_jetpack_memberships_contains_paid_content":false,"footnotes":""},"categories":[303],"tags":[64,71],"class_list":["post-46520","post","type-post","status-publish","format-standard","has-post-thumbnail","hentry","category-ottelut-2023-24","tag-grifk","tag-hifk"],"acf":[],"yoast_head":"<!-- This site is optimized with the Yoast SEO plugin v27.5 - https:\/\/yoast.com\/product\/yoast-seo-wordpress\/ -->\n<title>HIFK ja GrIFK pistejakoon | K\u00e4sipallon miesten Aktialiiga<\/title>\n<meta name=\"robots\" content=\"index, follow, max-snippet:-1, max-image-preview:large, max-video-preview:-1\" \/>\n<link rel=\"canonical\" href=\"https:\/\/aktialiiga.fi\/miehet\/2023-2024\/ottelut-2023-24\/hifk-ja-grifk-pistejakoon\/\" \/>\n<meta property=\"og:locale\" content=\"fi_FI\" \/>\n<meta property=\"og:type\" content=\"article\" \/>\n<meta property=\"og:title\" content=\"HIFK ja GrIFK pistejakoon | K\u00e4sipallon miesten Aktialiiga\" \/>\n<meta property=\"og:description\" content=\"HIFK:n ja GrIFK:n kohtaaminen runkosarjan p\u00e4\u00e4t\u00f6skierroksella p\u00e4\u00e4ttyi vaiherikkaan ottelun p\u00e4\u00e4tteeksi tasapeliin. Vierailija Grani tuli otteluun ter\u00e4v\u00e4sti, mutta HIFK sai nopeasti juonesta kiinni ja nousi rinnalle ja nopeasti johtoonkin. Parhaimmillaan HIFK:n johto oli jo kahdeksan maalia, mutta Grani sai kavennettua eroa parilla maalilla ennen taukoa. Tauon j\u00e4lkeen ote pysyi alkuun HIFK:lla, mutta Grani aloitti vahvan kirin [&hellip;]\" \/>\n<meta property=\"og:url\" content=\"https:\/\/aktialiiga.fi\/miehet\/2023-2024\/ottelut-2023-24\/hifk-ja-grifk-pistejakoon\/\" \/>\n<meta property=\"og:site_name\" content=\"K\u00e4sipallon miesten Aktialiiga\" \/>\n<meta property=\"article:publisher\" content=\"https:\/\/www.facebook.com\/finnhandball\" \/>\n<meta property=\"article:published_time\" content=\"2024-01-27T15:37:29+00:00\" \/>\n<meta property=\"article:modified_time\" content=\"2024-01-27T16:12:53+00:00\" \/>\n<meta property=\"og:image\" content=\"https:\/\/i0.wp.com\/aktialiiga.fi\/miehet\/wp-content\/uploads\/sites\/5\/2024\/01\/GrIFK_Kallman_Mikael_2324b.jpg?fit=1037%2C498&ssl=1\" \/>\n\t<meta property=\"og:image:width\" content=\"1037\" \/>\n\t<meta property=\"og:image:height\" content=\"498\" \/>\n\t<meta property=\"og:image:type\" content=\"image\/jpeg\" \/>\n<meta name=\"author\" content=\"tbrmedia\" \/>\n<meta name=\"twitter:card\" content=\"summary_large_image\" \/>\n<meta name=\"twitter:creator\" content=\"@finnhandball\" \/>\n<meta name=\"twitter:site\" content=\"@finnhandball\" \/>\n<script type=\"application\/ld+json\" class=\"yoast-schema-graph\">{\"@context\":\"https:\\\/\\\/schema.org\",\"@graph\":[{\"@type\":\"Article\",\"@id\":\"https:\\\/\\\/aktialiiga.fi\\\/miehet\\\/2023-2024\\\/ottelut-2023-24\\\/hifk-ja-grifk-pistejakoon\\\/#article\",\"isPartOf\":{\"@id\":\"https:\\\/\\\/aktialiiga.fi\\\/miehet\\\/2023-2024\\\/ottelut-2023-24\\\/hifk-ja-grifk-pistejakoon\\\/\"},\"author\":{\"name\":\"tbrmedia\",\"@id\":\"https:\\\/\\\/aktialiiga.fi\\\/miehet\\\/#\\\/schema\\\/person\\\/c14bf42f47041db74603c45afcb18d87\"},\"headline\":\"HIFK ja GrIFK pistejakoon\",\"datePublished\":\"2024-01-27T15:37:29+00:00\",\"dateModified\":\"2024-01-27T16:12:53+00:00\",\"mainEntityOfPage\":{\"@id\":\"https:\\\/\\\/aktialiiga.fi\\\/miehet\\\/2023-2024\\\/ottelut-2023-24\\\/hifk-ja-grifk-pistejakoon\\\/\"},\"wordCount\":414,\"publisher\":{\"@id\":\"https:\\\/\\\/aktialiiga.fi\\\/miehet\\\/#organization\"},\"image\":{\"@id\":\"https:\\\/\\\/aktialiiga.fi\\\/miehet\\\/2023-2024\\\/ottelut-2023-24\\\/hifk-ja-grifk-pistejakoon\\\/#primaryimage\"},\"thumbnailUrl\":\"https:\\\/\\\/i0.wp.com\\\/aktialiiga.fi\\\/miehet\\\/wp-content\\\/uploads\\\/sites\\\/5\\\/2024\\\/01\\\/GrIFK_Kallman_Mikael_2324b.jpg?fit=1037%2C498&ssl=1\",\"keywords\":[\"GrIFK\",\"HIFK\"],\"articleSection\":[\"Ottelut\"],\"inLanguage\":\"fi\"},{\"@type\":\"WebPage\",\"@id\":\"https:\\\/\\\/aktialiiga.fi\\\/miehet\\\/2023-2024\\\/ottelut-2023-24\\\/hifk-ja-grifk-pistejakoon\\\/\",\"url\":\"https:\\\/\\\/aktialiiga.fi\\\/miehet\\\/2023-2024\\\/ottelut-2023-24\\\/hifk-ja-grifk-pistejakoon\\\/\",\"name\":\"HIFK ja GrIFK pistejakoon | K\u00e4sipallon miesten Aktialiiga\",\"isPartOf\":{\"@id\":\"https:\\\/\\\/aktialiiga.fi\\\/miehet\\\/#website\"},\"primaryImageOfPage\":{\"@id\":\"https:\\\/\\\/aktialiiga.fi\\\/miehet\\\/2023-2024\\\/ottelut-2023-24\\\/hifk-ja-grifk-pistejakoon\\\/#primaryimage\"},\"image\":{\"@id\":\"https:\\\/\\\/aktialiiga.fi\\\/miehet\\\/2023-2024\\\/ottelut-2023-24\\\/hifk-ja-grifk-pistejakoon\\\/#primaryimage\"},\"thumbnailUrl\":\"https:\\\/\\\/i0.wp.com\\\/aktialiiga.fi\\\/miehet\\\/wp-content\\\/uploads\\\/sites\\\/5\\\/2024\\\/01\\\/GrIFK_Kallman_Mikael_2324b.jpg?fit=1037%2C498&ssl=1\",\"datePublished\":\"2024-01-27T15:37:29+00:00\",\"dateModified\":\"2024-01-27T16:12:53+00:00\",\"breadcrumb\":{\"@id\":\"https:\\\/\\\/aktialiiga.fi\\\/miehet\\\/2023-2024\\\/ottelut-2023-24\\\/hifk-ja-grifk-pistejakoon\\\/#breadcrumb\"},\"inLanguage\":\"fi\",\"potentialAction\":[{\"@type\":\"ReadAction\",\"target\":[\"https:\\\/\\\/aktialiiga.fi\\\/miehet\\\/2023-2024\\\/ottelut-2023-24\\\/hifk-ja-grifk-pistejakoon\\\/\"]}]},{\"@type\":\"ImageObject\",\"inLanguage\":\"fi\",\"@id\":\"https:\\\/\\\/aktialiiga.fi\\\/miehet\\\/2023-2024\\\/ottelut-2023-24\\\/hifk-ja-grifk-pistejakoon\\\/#primaryimage\",\"url\":\"https:\\\/\\\/i0.wp.com\\\/aktialiiga.fi\\\/miehet\\\/wp-content\\\/uploads\\\/sites\\\/5\\\/2024\\\/01\\\/GrIFK_Kallman_Mikael_2324b.jpg?fit=1037%2C498&ssl=1\",\"contentUrl\":\"https:\\\/\\\/i0.wp.com\\\/aktialiiga.fi\\\/miehet\\\/wp-content\\\/uploads\\\/sites\\\/5\\\/2024\\\/01\\\/GrIFK_Kallman_Mikael_2324b.jpg?fit=1037%2C498&ssl=1\",\"width\":1037,\"height\":498,\"caption\":\"Mikael Ka\u0308llman, GrIFK K\u00e4sipallon SM-liiga GrIFK - SIF Kauniaisten palloiluhalli 19. lokakuuta 2023. (Kalle Parkkinen\\\/Newspix24)\"},{\"@type\":\"BreadcrumbList\",\"@id\":\"https:\\\/\\\/aktialiiga.fi\\\/miehet\\\/2023-2024\\\/ottelut-2023-24\\\/hifk-ja-grifk-pistejakoon\\\/#breadcrumb\",\"itemListElement\":[{\"@type\":\"ListItem\",\"position\":1,\"name\":\"Etusivu\",\"item\":\"https:\\\/\\\/aktialiiga.fi\\\/miehet\\\/\"},{\"@type\":\"ListItem\",\"position\":2,\"name\":\"HIFK ja GrIFK pistejakoon\"}]},{\"@type\":\"WebSite\",\"@id\":\"https:\\\/\\\/aktialiiga.fi\\\/miehet\\\/#website\",\"url\":\"https:\\\/\\\/aktialiiga.fi\\\/miehet\\\/\",\"name\":\"K\u00e4sipallon miesten Aktialiiga\",\"description\":\"Valtakunnan vauhdikkainta palloilua!\",\"publisher\":{\"@id\":\"https:\\\/\\\/aktialiiga.fi\\\/miehet\\\/#organization\"},\"potentialAction\":[{\"@type\":\"SearchAction\",\"target\":{\"@type\":\"EntryPoint\",\"urlTemplate\":\"https:\\\/\\\/aktialiiga.fi\\\/miehet\\\/?s={search_term_string}\"},\"query-input\":{\"@type\":\"PropertyValueSpecification\",\"valueRequired\":true,\"valueName\":\"search_term_string\"}}],\"inLanguage\":\"fi\"},{\"@type\":\"Organization\",\"@id\":\"https:\\\/\\\/aktialiiga.fi\\\/miehet\\\/#organization\",\"name\":\"K\u00e4sipallon miesten Aktialiiga\",\"url\":\"https:\\\/\\\/aktialiiga.fi\\\/miehet\\\/\",\"logo\":{\"@type\":\"ImageObject\",\"inLanguage\":\"fi\",\"@id\":\"https:\\\/\\\/aktialiiga.fi\\\/miehet\\\/#\\\/schema\\\/logo\\\/image\\\/\",\"url\":\"https:\\\/\\\/i0.wp.com\\\/aktialiiga.fi\\\/miehet\\\/wp-content\\\/uploads\\\/sites\\\/5\\\/2024\\\/09\\\/Aktialiiga-Yoast-512.png?fit=512%2C512&ssl=1\",\"contentUrl\":\"https:\\\/\\\/i0.wp.com\\\/aktialiiga.fi\\\/miehet\\\/wp-content\\\/uploads\\\/sites\\\/5\\\/2024\\\/09\\\/Aktialiiga-Yoast-512.png?fit=512%2C512&ssl=1\",\"width\":512,\"height\":512,\"caption\":\"K\u00e4sipallon miesten Aktialiiga\"},\"image\":{\"@id\":\"https:\\\/\\\/aktialiiga.fi\\\/miehet\\\/#\\\/schema\\\/logo\\\/image\\\/\"},\"sameAs\":[\"https:\\\/\\\/www.facebook.com\\\/finnhandball\",\"https:\\\/\\\/x.com\\\/finnhandball\",\"https:\\\/\\\/www.instagram.com\\\/handballfinland\\\/\"]},{\"@type\":\"Person\",\"@id\":\"https:\\\/\\\/aktialiiga.fi\\\/miehet\\\/#\\\/schema\\\/person\\\/c14bf42f47041db74603c45afcb18d87\",\"name\":\"tbrmedia\",\"image\":{\"@type\":\"ImageObject\",\"inLanguage\":\"fi\",\"@id\":\"https:\\\/\\\/secure.gravatar.com\\\/avatar\\\/ee975fa091fe581d12b60debb3439022686618368a7c142044c56724d4666b16?s=96&d=mm&r=g\",\"url\":\"https:\\\/\\\/secure.gravatar.com\\\/avatar\\\/ee975fa091fe581d12b60debb3439022686618368a7c142044c56724d4666b16?s=96&d=mm&r=g\",\"contentUrl\":\"https:\\\/\\\/secure.gravatar.com\\\/avatar\\\/ee975fa091fe581d12b60debb3439022686618368a7c142044c56724d4666b16?s=96&d=mm&r=g\",\"caption\":\"tbrmedia\"}}]}<\/script>\n<!-- \/ Yoast SEO plugin. -->","yoast_head_json":{"title":"HIFK ja GrIFK pistejakoon | K\u00e4sipallon miesten Aktialiiga","robots":{"index":"index","follow":"follow","max-snippet":"max-snippet:-1","max-image-preview":"max-image-preview:large","max-video-preview":"max-video-preview:-1"},"canonical":"https:\/\/aktialiiga.fi\/miehet\/2023-2024\/ottelut-2023-24\/hifk-ja-grifk-pistejakoon\/","og_locale":"fi_FI","og_type":"article","og_title":"HIFK ja GrIFK pistejakoon | K\u00e4sipallon miesten Aktialiiga","og_description":"HIFK:n ja GrIFK:n kohtaaminen runkosarjan p\u00e4\u00e4t\u00f6skierroksella p\u00e4\u00e4ttyi vaiherikkaan ottelun p\u00e4\u00e4tteeksi tasapeliin. Vierailija Grani tuli otteluun ter\u00e4v\u00e4sti, mutta HIFK sai nopeasti juonesta kiinni ja nousi rinnalle ja nopeasti johtoonkin. Parhaimmillaan HIFK:n johto oli jo kahdeksan maalia, mutta Grani sai kavennettua eroa parilla maalilla ennen taukoa. Tauon j\u00e4lkeen ote pysyi alkuun HIFK:lla, mutta Grani aloitti vahvan kirin [&hellip;]","og_url":"https:\/\/aktialiiga.fi\/miehet\/2023-2024\/ottelut-2023-24\/hifk-ja-grifk-pistejakoon\/","og_site_name":"K\u00e4sipallon miesten Aktialiiga","article_publisher":"https:\/\/www.facebook.com\/finnhandball","article_published_time":"2024-01-27T15:37:29+00:00","article_modified_time":"2024-01-27T16:12:53+00:00","og_image":[{"width":1037,"height":498,"url":"https:\/\/i0.wp.com\/aktialiiga.fi\/miehet\/wp-content\/uploads\/sites\/5\/2024\/01\/GrIFK_Kallman_Mikael_2324b.jpg?fit=1037%2C498&ssl=1","type":"image\/jpeg"}],"author":"tbrmedia","twitter_card":"summary_large_image","twitter_creator":"@finnhandball","twitter_site":"@finnhandball","schema":{"@context":"https:\/\/schema.org","@graph":[{"@type":"Article","@id":"https:\/\/aktialiiga.fi\/miehet\/2023-2024\/ottelut-2023-24\/hifk-ja-grifk-pistejakoon\/#article","isPartOf":{"@id":"https:\/\/aktialiiga.fi\/miehet\/2023-2024\/ottelut-2023-24\/hifk-ja-grifk-pistejakoon\/"},"author":{"name":"tbrmedia","@id":"https:\/\/aktialiiga.fi\/miehet\/#\/schema\/person\/c14bf42f47041db74603c45afcb18d87"},"headline":"HIFK ja GrIFK pistejakoon","datePublished":"2024-01-27T15:37:29+00:00","dateModified":"2024-01-27T16:12:53+00:00","mainEntityOfPage":{"@id":"https:\/\/aktialiiga.fi\/miehet\/2023-2024\/ottelut-2023-24\/hifk-ja-grifk-pistejakoon\/"},"wordCount":414,"publisher":{"@id":"https:\/\/aktialiiga.fi\/miehet\/#organization"},"image":{"@id":"https:\/\/aktialiiga.fi\/miehet\/2023-2024\/ottelut-2023-24\/hifk-ja-grifk-pistejakoon\/#primaryimage"},"thumbnailUrl":"https:\/\/i0.wp.com\/aktialiiga.fi\/miehet\/wp-content\/uploads\/sites\/5\/2024\/01\/GrIFK_Kallman_Mikael_2324b.jpg?fit=1037%2C498&ssl=1","keywords":["GrIFK","HIFK"],"articleSection":["Ottelut"],"inLanguage":"fi"},{"@type":"WebPage","@id":"https:\/\/aktialiiga.fi\/miehet\/2023-2024\/ottelut-2023-24\/hifk-ja-grifk-pistejakoon\/","url":"https:\/\/aktialiiga.fi\/miehet\/2023-2024\/ottelut-2023-24\/hifk-ja-grifk-pistejakoon\/","name":"HIFK ja GrIFK pistejakoon | K\u00e4sipallon miesten Aktialiiga","isPartOf":{"@id":"https:\/\/aktialiiga.fi\/miehet\/#website"},"primaryImageOfPage":{"@id":"https:\/\/aktialiiga.fi\/miehet\/2023-2024\/ottelut-2023-24\/hifk-ja-grifk-pistejakoon\/#primaryimage"},"image":{"@id":"https:\/\/aktialiiga.fi\/miehet\/2023-2024\/ottelut-2023-24\/hifk-ja-grifk-pistejakoon\/#primaryimage"},"thumbnailUrl":"https:\/\/i0.wp.com\/aktialiiga.fi\/miehet\/wp-content\/uploads\/sites\/5\/2024\/01\/GrIFK_Kallman_Mikael_2324b.jpg?fit=1037%2C498&ssl=1","datePublished":"2024-01-27T15:37:29+00:00","dateModified":"2024-01-27T16:12:53+00:00","breadcrumb":{"@id":"https:\/\/aktialiiga.fi\/miehet\/2023-2024\/ottelut-2023-24\/hifk-ja-grifk-pistejakoon\/#breadcrumb"},"inLanguage":"fi","potentialAction":[{"@type":"ReadAction","target":["https:\/\/aktialiiga.fi\/miehet\/2023-2024\/ottelut-2023-24\/hifk-ja-grifk-pistejakoon\/"]}]},{"@type":"ImageObject","inLanguage":"fi","@id":"https:\/\/aktialiiga.fi\/miehet\/2023-2024\/ottelut-2023-24\/hifk-ja-grifk-pistejakoon\/#primaryimage","url":"https:\/\/i0.wp.com\/aktialiiga.fi\/miehet\/wp-content\/uploads\/sites\/5\/2024\/01\/GrIFK_Kallman_Mikael_2324b.jpg?fit=1037%2C498&ssl=1","contentUrl":"https:\/\/i0.wp.com\/aktialiiga.fi\/miehet\/wp-content\/uploads\/sites\/5\/2024\/01\/GrIFK_Kallman_Mikael_2324b.jpg?fit=1037%2C498&ssl=1","width":1037,"height":498,"caption":"Mikael Ka\u0308llman, GrIFK K\u00e4sipallon SM-liiga GrIFK - SIF Kauniaisten palloiluhalli 19. lokakuuta 2023. (Kalle Parkkinen\/Newspix24)"},{"@type":"BreadcrumbList","@id":"https:\/\/aktialiiga.fi\/miehet\/2023-2024\/ottelut-2023-24\/hifk-ja-grifk-pistejakoon\/#breadcrumb","itemListElement":[{"@type":"ListItem","position":1,"name":"Etusivu","item":"https:\/\/aktialiiga.fi\/miehet\/"},{"@type":"ListItem","position":2,"name":"HIFK ja GrIFK pistejakoon"}]},{"@type":"WebSite","@id":"https:\/\/aktialiiga.fi\/miehet\/#website","url":"https:\/\/aktialiiga.fi\/miehet\/","name":"K\u00e4sipallon miesten Aktialiiga","description":"Valtakunnan vauhdikkainta palloilua!","publisher":{"@id":"https:\/\/aktialiiga.fi\/miehet\/#organization"},"potentialAction":[{"@type":"SearchAction","target":{"@type":"EntryPoint","urlTemplate":"https:\/\/aktialiiga.fi\/miehet\/?s={search_term_string}"},"query-input":{"@type":"PropertyValueSpecification","valueRequired":true,"valueName":"search_term_string"}}],"inLanguage":"fi"},{"@type":"Organization","@id":"https:\/\/aktialiiga.fi\/miehet\/#organization","name":"K\u00e4sipallon miesten Aktialiiga","url":"https:\/\/aktialiiga.fi\/miehet\/","logo":{"@type":"ImageObject","inLanguage":"fi","@id":"https:\/\/aktialiiga.fi\/miehet\/#\/schema\/logo\/image\/","url":"https:\/\/i0.wp.com\/aktialiiga.fi\/miehet\/wp-content\/uploads\/sites\/5\/2024\/09\/Aktialiiga-Yoast-512.png?fit=512%2C512&ssl=1","contentUrl":"https:\/\/i0.wp.com\/aktialiiga.fi\/miehet\/wp-content\/uploads\/sites\/5\/2024\/09\/Aktialiiga-Yoast-512.png?fit=512%2C512&ssl=1","width":512,"height":512,"caption":"K\u00e4sipallon miesten Aktialiiga"},"image":{"@id":"https:\/\/aktialiiga.fi\/miehet\/#\/schema\/logo\/image\/"},"sameAs":["https:\/\/www.facebook.com\/finnhandball","https:\/\/x.com\/finnhandball","https:\/\/www.instagram.com\/handballfinland\/"]},{"@type":"Person","@id":"https:\/\/aktialiiga.fi\/miehet\/#\/schema\/person\/c14bf42f47041db74603c45afcb18d87","name":"tbrmedia","image":{"@type":"ImageObject","inLanguage":"fi","@id":"https:\/\/secure.gravatar.com\/avatar\/ee975fa091fe581d12b60debb3439022686618368a7c142044c56724d4666b16?s=96&d=mm&r=g","url":"https:\/\/secure.gravatar.com\/avatar\/ee975fa091fe581d12b60debb3439022686618368a7c142044c56724d4666b16?s=96&d=mm&r=g","contentUrl":"https:\/\/secure.gravatar.com\/avatar\/ee975fa091fe581d12b60debb3439022686618368a7c142044c56724d4666b16?s=96&d=mm&r=g","caption":"tbrmedia"}}]}},"jetpack_featured_media_url":"https:\/\/i0.wp.com\/aktialiiga.fi\/miehet\/wp-content\/uploads\/sites\/5\/2024\/01\/GrIFK_Kallman_Mikael_2324b.jpg?fit=1037%2C498&ssl=1","jetpack_sharing_enabled":true,"jetpack_shortlink":"https:\/\/wp.me\/pfTxOr-c6k","_links":{"self":[{"href":"https:\/\/aktialiiga.fi\/miehet\/wp-json\/wp\/v2\/posts\/46520","targetHints":{"allow":["GET"]}}],"collection":[{"href":"https:\/\/aktialiiga.fi\/miehet\/wp-json\/wp\/v2\/posts"}],"about":[{"href":"https:\/\/aktialiiga.fi\/miehet\/wp-json\/wp\/v2\/types\/post"}],"author":[{"embeddable":true,"href":"https:\/\/aktialiiga.fi\/miehet\/wp-json\/wp\/v2\/users\/13"}],"replies":[{"embeddable":true,"href":"https:\/\/aktialiiga.fi\/miehet\/wp-json\/wp\/v2\/comments?post=46520"}],"version-history":[{"count":0,"href":"https:\/\/aktialiiga.fi\/miehet\/wp-json\/wp\/v2\/posts\/46520\/revisions"}],"wp:featuredmedia":[{"embeddable":true,"href":"https:\/\/aktialiiga.fi\/miehet\/wp-json\/wp\/v2\/media\/46521"}],"wp:attachment":[{"href":"https:\/\/aktialiiga.fi\/miehet\/wp-json\/wp\/v2\/media?parent=46520"}],"wp:term":[{"taxonomy":"category","embeddable":true,"href":"https:\/\/aktialiiga.fi\/miehet\/wp-json\/wp\/v2\/categories?post=46520"},{"taxonomy":"post_tag","embeddable":true,"href":"https:\/\/aktialiiga.fi\/miehet\/wp-json\/wp\/v2\/tags?post=46520"}],"curies":[{"name":"wp","href":"https:\/\/api.w.org\/{rel}","templated":true}]}}