{"id":46792,"date":"2024-02-15T14:52:20","date_gmt":"2024-02-15T12:52:20","guid":{"rendered":"https:\/\/aktialiiga.fi\/miehet\/?p=46792"},"modified":"2024-02-15T14:52:20","modified_gmt":"2024-02-15T12:52:20","slug":"jatkosarjaviikonloppu-kayntiin-jo-perjantaina","status":"publish","type":"post","link":"https:\/\/aktialiiga.fi\/miehet\/2023-2024\/ennakot-2023-24\/jatkosarjaviikonloppu-kayntiin-jo-perjantaina\/","title":{"rendered":"Jatkosarjaviikonloppu k\u00e4yntiin jo perjantaina"},"content":{"rendered":"<p>SM-liigan jatkosarjat etenev\u00e4t ja viikonloppuna ohjelmassa on j\u00e4lleen kolme ottelua.<\/p>\n<p>Alemmassa jatkosarjassa pelataan jo perjantai-iltana ottelu Dicken-SIF. Dickenille ottelu on jatkosarjan ensimm\u00e4inen, SIF puolestaan kaatoi avausottelussaan \u00c5IFK:n. Siuntiolaiset voittivat kaikki kolme runkosarjakohtaamista, tosin suhteellisen niukasti, ja SIF-luotsi Jan Hagman ei aliarvioi vastustajaa tippaakaan.<\/p>\n<p>&#8211; Dickenill\u00e4 on ollut vaikeaa, mutta nyt heill\u00e4 alkavat olla kaikki mukana. T\u00e4st\u00e4 tulee takuulla vaikea ottelu, meid\u00e4n pit\u00e4\u00e4 olla samalla tavoin latautuneita kuin \u00c5IFK:ta vastaan, Hagman sanoi V\u00e4stra Nylandille.<\/p>\n<p>Ylemm\u00e4n jatkosarjan viikonlopun molemmat ottelut pelataan lauantaina. Jatkosarjan avauksessa BK-46:n vieraan tappion k\u00e4rsinyt Cocks is\u00e4nn\u00f6i HIFK:n kaatanutta GrIFK ja vastaavasti HIFK ja BK-46 kohtaavat Helsingin Urheilutalolla.<\/p>\n<p>GrIFK ei t\u00e4ll\u00e4 kaudella ole h\u00e4vinnyt Cocksille kertaakaan. Kaksi ensimm\u00e4ist\u00e4 runkosarjaottelua Grani voitti, kolmannessa Grani joutui tyytym\u00e4\u00e4n pistejakoon, vaikka voitto siit\u00e4kin oli t\u00e4ysin saavutettavissa. Cocksin peli on kuitenkin osoittanut selkeit\u00e4 parantumisen merkkej\u00e4 kev\u00e4\u00e4n l\u00e4hestyess\u00e4 ja ei varmasti kotonaan p\u00e4\u00e4st\u00e4 kauniaislaisia helpolla.<\/p>\n<p>BK-46 on puolestaan ollut melkoinen peikko HIFK:lle, sill\u00e4 runkosarjan kaikki kolme kohtaamista p\u00e4\u00e4ttyiv\u00e4t selkein numeroin karjaalaisten eduksi. Suomen Cupin finaalissa pari viikkoa sitten HIFK antoi tiukemman vastuksen, mutta joutui my\u00f6s tuolloin taipumaan.<\/p>\n<p><strong>SM-liiga viikonloppuna:<\/strong><\/p>\n<p><em><strong>Ylempi jatkosarja:<\/strong><\/em><br \/>\nLa 17.2. klo 16.00 Cocks \u2013 GrIFK<br \/>\nLa 17.2. klo 17.15 HIFK \u2013 BK-46<\/p>\n<p><em><strong>Alempi jatkosarja:<\/strong><\/em><br \/>\nPe 16.2. klo 19.15 Dicken \u2013 SIF<\/p>\n<p>Kaikki SM-liigakauden ottelut suorina l\u00e4hetyksin\u00e4 <strong><a href=\"https:\/\/handis.tv\/handisliiga\" target=\"_blank\" rel=\"noopener\">HandisTV:st\u00e4<\/a><\/strong>.<\/p>\n","protected":false},"excerpt":{"rendered":"<p>SM-liigan jatkosarjat etenev\u00e4t ja viikonloppuna ohjelmassa on j\u00e4lleen kolme ottelua. Alemmassa jatkosarjassa pelataan jo perjantai-iltana ottelu Dicken-SIF. Dickenille ottelu on jatkosarjan ensimm\u00e4inen, SIF puolestaan kaatoi avausottelussaan \u00c5IFK:n. Siuntiolaiset voittivat kaikki kolme runkosarjakohtaamista, tosin suhteellisen niukasti, ja SIF-luotsi Jan Hagman ei aliarvioi vastustajaa tippaakaan. &#8211; Dickenill\u00e4 on ollut vaikeaa, mutta nyt heill\u00e4 alkavat olla kaikki mukana. [&hellip;]<\/p>\n","protected":false},"author":13,"featured_media":46793,"comment_status":"closed","ping_status":"closed","sticky":false,"template":"","format":"standard","meta":{"_acf_changed":false,"jetpack_post_was_ever_published":false,"_jetpack_newsletter_access":"","_jetpack_dont_email_post_to_subs":false,"_jetpack_newsletter_tier_id":0,"_jetpack_memberships_contains_paywalled_content":false,"_jetpack_memberships_contains_paid_content":false,"footnotes":""},"categories":[299],"tags":[56,57,58,64,71,111],"class_list":["post-46792","post","type-post","status-publish","format-standard","has-post-thumbnail","hentry","category-ennakot-2023-24","tag-bk-46","tag-cocks","tag-dicken","tag-grifk","tag-hifk","tag-sif"],"acf":[],"yoast_head":"<!-- This site is optimized with the Yoast SEO plugin v27.5 - https:\/\/yoast.com\/product\/yoast-seo-wordpress\/ -->\n<title>Jatkosarjaviikonloppu k\u00e4yntiin jo perjantaina | K\u00e4sipallon miesten Aktialiiga<\/title>\n<meta name=\"robots\" content=\"index, follow, max-snippet:-1, max-image-preview:large, max-video-preview:-1\" \/>\n<link rel=\"canonical\" href=\"https:\/\/aktialiiga.fi\/miehet\/2023-2024\/ennakot-2023-24\/jatkosarjaviikonloppu-kayntiin-jo-perjantaina\/\" \/>\n<meta property=\"og:locale\" content=\"fi_FI\" \/>\n<meta property=\"og:type\" content=\"article\" \/>\n<meta property=\"og:title\" content=\"Jatkosarjaviikonloppu k\u00e4yntiin jo perjantaina | K\u00e4sipallon miesten Aktialiiga\" \/>\n<meta property=\"og:description\" content=\"SM-liigan jatkosarjat etenev\u00e4t ja viikonloppuna ohjelmassa on j\u00e4lleen kolme ottelua. Alemmassa jatkosarjassa pelataan jo perjantai-iltana ottelu Dicken-SIF. Dickenille ottelu on jatkosarjan ensimm\u00e4inen, SIF puolestaan kaatoi avausottelussaan \u00c5IFK:n. Siuntiolaiset voittivat kaikki kolme runkosarjakohtaamista, tosin suhteellisen niukasti, ja SIF-luotsi Jan Hagman ei aliarvioi vastustajaa tippaakaan. &#8211; Dickenill\u00e4 on ollut vaikeaa, mutta nyt heill\u00e4 alkavat olla kaikki mukana. [&hellip;]\" \/>\n<meta property=\"og:url\" content=\"https:\/\/aktialiiga.fi\/miehet\/2023-2024\/ennakot-2023-24\/jatkosarjaviikonloppu-kayntiin-jo-perjantaina\/\" \/>\n<meta property=\"og:site_name\" content=\"K\u00e4sipallon miesten Aktialiiga\" \/>\n<meta property=\"article:publisher\" content=\"https:\/\/www.facebook.com\/finnhandball\" \/>\n<meta property=\"article:published_time\" content=\"2024-02-15T12:52:20+00:00\" \/>\n<meta property=\"og:image\" content=\"https:\/\/i0.wp.com\/aktialiiga.fi\/miehet\/wp-content\/uploads\/sites\/5\/2024\/02\/BK46-HIFK_peli2324_Robert_Lemberg.jpg?fit=2559%2C1233&ssl=1\" \/>\n\t<meta property=\"og:image:width\" content=\"2559\" \/>\n\t<meta property=\"og:image:height\" content=\"1233\" \/>\n\t<meta property=\"og:image:type\" content=\"image\/jpeg\" \/>\n<meta name=\"author\" content=\"tbrmedia\" \/>\n<meta name=\"twitter:card\" content=\"summary_large_image\" \/>\n<meta name=\"twitter:creator\" content=\"@finnhandball\" \/>\n<meta name=\"twitter:site\" content=\"@finnhandball\" \/>\n<script type=\"application\/ld+json\" class=\"yoast-schema-graph\">{\"@context\":\"https:\\\/\\\/schema.org\",\"@graph\":[{\"@type\":\"Article\",\"@id\":\"https:\\\/\\\/aktialiiga.fi\\\/miehet\\\/2023-2024\\\/ennakot-2023-24\\\/jatkosarjaviikonloppu-kayntiin-jo-perjantaina\\\/#article\",\"isPartOf\":{\"@id\":\"https:\\\/\\\/aktialiiga.fi\\\/miehet\\\/2023-2024\\\/ennakot-2023-24\\\/jatkosarjaviikonloppu-kayntiin-jo-perjantaina\\\/\"},\"author\":{\"name\":\"tbrmedia\",\"@id\":\"https:\\\/\\\/aktialiiga.fi\\\/miehet\\\/#\\\/schema\\\/person\\\/c14bf42f47041db74603c45afcb18d87\"},\"headline\":\"Jatkosarjaviikonloppu k\u00e4yntiin jo perjantaina\",\"datePublished\":\"2024-02-15T12:52:20+00:00\",\"mainEntityOfPage\":{\"@id\":\"https:\\\/\\\/aktialiiga.fi\\\/miehet\\\/2023-2024\\\/ennakot-2023-24\\\/jatkosarjaviikonloppu-kayntiin-jo-perjantaina\\\/\"},\"wordCount\":230,\"publisher\":{\"@id\":\"https:\\\/\\\/aktialiiga.fi\\\/miehet\\\/#organization\"},\"image\":{\"@id\":\"https:\\\/\\\/aktialiiga.fi\\\/miehet\\\/2023-2024\\\/ennakot-2023-24\\\/jatkosarjaviikonloppu-kayntiin-jo-perjantaina\\\/#primaryimage\"},\"thumbnailUrl\":\"https:\\\/\\\/i0.wp.com\\\/aktialiiga.fi\\\/miehet\\\/wp-content\\\/uploads\\\/sites\\\/5\\\/2024\\\/02\\\/BK46-HIFK_peli2324_Robert_Lemberg.jpg?fit=2559%2C1233&ssl=1\",\"keywords\":[\"BK-46\",\"Cocks\",\"Dicken\",\"GrIFK\",\"HIFK\",\"SIF\"],\"articleSection\":[\"Ennakot\"],\"inLanguage\":\"fi\"},{\"@type\":\"WebPage\",\"@id\":\"https:\\\/\\\/aktialiiga.fi\\\/miehet\\\/2023-2024\\\/ennakot-2023-24\\\/jatkosarjaviikonloppu-kayntiin-jo-perjantaina\\\/\",\"url\":\"https:\\\/\\\/aktialiiga.fi\\\/miehet\\\/2023-2024\\\/ennakot-2023-24\\\/jatkosarjaviikonloppu-kayntiin-jo-perjantaina\\\/\",\"name\":\"Jatkosarjaviikonloppu k\u00e4yntiin jo perjantaina | K\u00e4sipallon miesten Aktialiiga\",\"isPartOf\":{\"@id\":\"https:\\\/\\\/aktialiiga.fi\\\/miehet\\\/#website\"},\"primaryImageOfPage\":{\"@id\":\"https:\\\/\\\/aktialiiga.fi\\\/miehet\\\/2023-2024\\\/ennakot-2023-24\\\/jatkosarjaviikonloppu-kayntiin-jo-perjantaina\\\/#primaryimage\"},\"image\":{\"@id\":\"https:\\\/\\\/aktialiiga.fi\\\/miehet\\\/2023-2024\\\/ennakot-2023-24\\\/jatkosarjaviikonloppu-kayntiin-jo-perjantaina\\\/#primaryimage\"},\"thumbnailUrl\":\"https:\\\/\\\/i0.wp.com\\\/aktialiiga.fi\\\/miehet\\\/wp-content\\\/uploads\\\/sites\\\/5\\\/2024\\\/02\\\/BK46-HIFK_peli2324_Robert_Lemberg.jpg?fit=2559%2C1233&ssl=1\",\"datePublished\":\"2024-02-15T12:52:20+00:00\",\"breadcrumb\":{\"@id\":\"https:\\\/\\\/aktialiiga.fi\\\/miehet\\\/2023-2024\\\/ennakot-2023-24\\\/jatkosarjaviikonloppu-kayntiin-jo-perjantaina\\\/#breadcrumb\"},\"inLanguage\":\"fi\",\"potentialAction\":[{\"@type\":\"ReadAction\",\"target\":[\"https:\\\/\\\/aktialiiga.fi\\\/miehet\\\/2023-2024\\\/ennakot-2023-24\\\/jatkosarjaviikonloppu-kayntiin-jo-perjantaina\\\/\"]}]},{\"@type\":\"ImageObject\",\"inLanguage\":\"fi\",\"@id\":\"https:\\\/\\\/aktialiiga.fi\\\/miehet\\\/2023-2024\\\/ennakot-2023-24\\\/jatkosarjaviikonloppu-kayntiin-jo-perjantaina\\\/#primaryimage\",\"url\":\"https:\\\/\\\/i0.wp.com\\\/aktialiiga.fi\\\/miehet\\\/wp-content\\\/uploads\\\/sites\\\/5\\\/2024\\\/02\\\/BK46-HIFK_peli2324_Robert_Lemberg.jpg?fit=2559%2C1233&ssl=1\",\"contentUrl\":\"https:\\\/\\\/i0.wp.com\\\/aktialiiga.fi\\\/miehet\\\/wp-content\\\/uploads\\\/sites\\\/5\\\/2024\\\/02\\\/BK46-HIFK_peli2324_Robert_Lemberg.jpg?fit=2559%2C1233&ssl=1\",\"width\":2559,\"height\":1233},{\"@type\":\"BreadcrumbList\",\"@id\":\"https:\\\/\\\/aktialiiga.fi\\\/miehet\\\/2023-2024\\\/ennakot-2023-24\\\/jatkosarjaviikonloppu-kayntiin-jo-perjantaina\\\/#breadcrumb\",\"itemListElement\":[{\"@type\":\"ListItem\",\"position\":1,\"name\":\"Etusivu\",\"item\":\"https:\\\/\\\/aktialiiga.fi\\\/miehet\\\/\"},{\"@type\":\"ListItem\",\"position\":2,\"name\":\"Jatkosarjaviikonloppu k\u00e4yntiin jo perjantaina\"}]},{\"@type\":\"WebSite\",\"@id\":\"https:\\\/\\\/aktialiiga.fi\\\/miehet\\\/#website\",\"url\":\"https:\\\/\\\/aktialiiga.fi\\\/miehet\\\/\",\"name\":\"K\u00e4sipallon miesten Aktialiiga\",\"description\":\"Valtakunnan vauhdikkainta palloilua!\",\"publisher\":{\"@id\":\"https:\\\/\\\/aktialiiga.fi\\\/miehet\\\/#organization\"},\"potentialAction\":[{\"@type\":\"SearchAction\",\"target\":{\"@type\":\"EntryPoint\",\"urlTemplate\":\"https:\\\/\\\/aktialiiga.fi\\\/miehet\\\/?s={search_term_string}\"},\"query-input\":{\"@type\":\"PropertyValueSpecification\",\"valueRequired\":true,\"valueName\":\"search_term_string\"}}],\"inLanguage\":\"fi\"},{\"@type\":\"Organization\",\"@id\":\"https:\\\/\\\/aktialiiga.fi\\\/miehet\\\/#organization\",\"name\":\"K\u00e4sipallon miesten Aktialiiga\",\"url\":\"https:\\\/\\\/aktialiiga.fi\\\/miehet\\\/\",\"logo\":{\"@type\":\"ImageObject\",\"inLanguage\":\"fi\",\"@id\":\"https:\\\/\\\/aktialiiga.fi\\\/miehet\\\/#\\\/schema\\\/logo\\\/image\\\/\",\"url\":\"https:\\\/\\\/i0.wp.com\\\/aktialiiga.fi\\\/miehet\\\/wp-content\\\/uploads\\\/sites\\\/5\\\/2024\\\/09\\\/Aktialiiga-Yoast-512.png?fit=512%2C512&ssl=1\",\"contentUrl\":\"https:\\\/\\\/i0.wp.com\\\/aktialiiga.fi\\\/miehet\\\/wp-content\\\/uploads\\\/sites\\\/5\\\/2024\\\/09\\\/Aktialiiga-Yoast-512.png?fit=512%2C512&ssl=1\",\"width\":512,\"height\":512,\"caption\":\"K\u00e4sipallon miesten Aktialiiga\"},\"image\":{\"@id\":\"https:\\\/\\\/aktialiiga.fi\\\/miehet\\\/#\\\/schema\\\/logo\\\/image\\\/\"},\"sameAs\":[\"https:\\\/\\\/www.facebook.com\\\/finnhandball\",\"https:\\\/\\\/x.com\\\/finnhandball\",\"https:\\\/\\\/www.instagram.com\\\/handballfinland\\\/\"]},{\"@type\":\"Person\",\"@id\":\"https:\\\/\\\/aktialiiga.fi\\\/miehet\\\/#\\\/schema\\\/person\\\/c14bf42f47041db74603c45afcb18d87\",\"name\":\"tbrmedia\",\"image\":{\"@type\":\"ImageObject\",\"inLanguage\":\"fi\",\"@id\":\"https:\\\/\\\/secure.gravatar.com\\\/avatar\\\/ee975fa091fe581d12b60debb3439022686618368a7c142044c56724d4666b16?s=96&d=mm&r=g\",\"url\":\"https:\\\/\\\/secure.gravatar.com\\\/avatar\\\/ee975fa091fe581d12b60debb3439022686618368a7c142044c56724d4666b16?s=96&d=mm&r=g\",\"contentUrl\":\"https:\\\/\\\/secure.gravatar.com\\\/avatar\\\/ee975fa091fe581d12b60debb3439022686618368a7c142044c56724d4666b16?s=96&d=mm&r=g\",\"caption\":\"tbrmedia\"}}]}<\/script>\n<!-- \/ Yoast SEO plugin. -->","yoast_head_json":{"title":"Jatkosarjaviikonloppu k\u00e4yntiin jo perjantaina | K\u00e4sipallon miesten Aktialiiga","robots":{"index":"index","follow":"follow","max-snippet":"max-snippet:-1","max-image-preview":"max-image-preview:large","max-video-preview":"max-video-preview:-1"},"canonical":"https:\/\/aktialiiga.fi\/miehet\/2023-2024\/ennakot-2023-24\/jatkosarjaviikonloppu-kayntiin-jo-perjantaina\/","og_locale":"fi_FI","og_type":"article","og_title":"Jatkosarjaviikonloppu k\u00e4yntiin jo perjantaina | K\u00e4sipallon miesten Aktialiiga","og_description":"SM-liigan jatkosarjat etenev\u00e4t ja viikonloppuna ohjelmassa on j\u00e4lleen kolme ottelua. Alemmassa jatkosarjassa pelataan jo perjantai-iltana ottelu Dicken-SIF. Dickenille ottelu on jatkosarjan ensimm\u00e4inen, SIF puolestaan kaatoi avausottelussaan \u00c5IFK:n. Siuntiolaiset voittivat kaikki kolme runkosarjakohtaamista, tosin suhteellisen niukasti, ja SIF-luotsi Jan Hagman ei aliarvioi vastustajaa tippaakaan. &#8211; Dickenill\u00e4 on ollut vaikeaa, mutta nyt heill\u00e4 alkavat olla kaikki mukana. [&hellip;]","og_url":"https:\/\/aktialiiga.fi\/miehet\/2023-2024\/ennakot-2023-24\/jatkosarjaviikonloppu-kayntiin-jo-perjantaina\/","og_site_name":"K\u00e4sipallon miesten Aktialiiga","article_publisher":"https:\/\/www.facebook.com\/finnhandball","article_published_time":"2024-02-15T12:52:20+00:00","og_image":[{"width":2559,"height":1233,"url":"https:\/\/i0.wp.com\/aktialiiga.fi\/miehet\/wp-content\/uploads\/sites\/5\/2024\/02\/BK46-HIFK_peli2324_Robert_Lemberg.jpg?fit=2559%2C1233&ssl=1","type":"image\/jpeg"}],"author":"tbrmedia","twitter_card":"summary_large_image","twitter_creator":"@finnhandball","twitter_site":"@finnhandball","schema":{"@context":"https:\/\/schema.org","@graph":[{"@type":"Article","@id":"https:\/\/aktialiiga.fi\/miehet\/2023-2024\/ennakot-2023-24\/jatkosarjaviikonloppu-kayntiin-jo-perjantaina\/#article","isPartOf":{"@id":"https:\/\/aktialiiga.fi\/miehet\/2023-2024\/ennakot-2023-24\/jatkosarjaviikonloppu-kayntiin-jo-perjantaina\/"},"author":{"name":"tbrmedia","@id":"https:\/\/aktialiiga.fi\/miehet\/#\/schema\/person\/c14bf42f47041db74603c45afcb18d87"},"headline":"Jatkosarjaviikonloppu k\u00e4yntiin jo perjantaina","datePublished":"2024-02-15T12:52:20+00:00","mainEntityOfPage":{"@id":"https:\/\/aktialiiga.fi\/miehet\/2023-2024\/ennakot-2023-24\/jatkosarjaviikonloppu-kayntiin-jo-perjantaina\/"},"wordCount":230,"publisher":{"@id":"https:\/\/aktialiiga.fi\/miehet\/#organization"},"image":{"@id":"https:\/\/aktialiiga.fi\/miehet\/2023-2024\/ennakot-2023-24\/jatkosarjaviikonloppu-kayntiin-jo-perjantaina\/#primaryimage"},"thumbnailUrl":"https:\/\/i0.wp.com\/aktialiiga.fi\/miehet\/wp-content\/uploads\/sites\/5\/2024\/02\/BK46-HIFK_peli2324_Robert_Lemberg.jpg?fit=2559%2C1233&ssl=1","keywords":["BK-46","Cocks","Dicken","GrIFK","HIFK","SIF"],"articleSection":["Ennakot"],"inLanguage":"fi"},{"@type":"WebPage","@id":"https:\/\/aktialiiga.fi\/miehet\/2023-2024\/ennakot-2023-24\/jatkosarjaviikonloppu-kayntiin-jo-perjantaina\/","url":"https:\/\/aktialiiga.fi\/miehet\/2023-2024\/ennakot-2023-24\/jatkosarjaviikonloppu-kayntiin-jo-perjantaina\/","name":"Jatkosarjaviikonloppu k\u00e4yntiin jo perjantaina | K\u00e4sipallon miesten Aktialiiga","isPartOf":{"@id":"https:\/\/aktialiiga.fi\/miehet\/#website"},"primaryImageOfPage":{"@id":"https:\/\/aktialiiga.fi\/miehet\/2023-2024\/ennakot-2023-24\/jatkosarjaviikonloppu-kayntiin-jo-perjantaina\/#primaryimage"},"image":{"@id":"https:\/\/aktialiiga.fi\/miehet\/2023-2024\/ennakot-2023-24\/jatkosarjaviikonloppu-kayntiin-jo-perjantaina\/#primaryimage"},"thumbnailUrl":"https:\/\/i0.wp.com\/aktialiiga.fi\/miehet\/wp-content\/uploads\/sites\/5\/2024\/02\/BK46-HIFK_peli2324_Robert_Lemberg.jpg?fit=2559%2C1233&ssl=1","datePublished":"2024-02-15T12:52:20+00:00","breadcrumb":{"@id":"https:\/\/aktialiiga.fi\/miehet\/2023-2024\/ennakot-2023-24\/jatkosarjaviikonloppu-kayntiin-jo-perjantaina\/#breadcrumb"},"inLanguage":"fi","potentialAction":[{"@type":"ReadAction","target":["https:\/\/aktialiiga.fi\/miehet\/2023-2024\/ennakot-2023-24\/jatkosarjaviikonloppu-kayntiin-jo-perjantaina\/"]}]},{"@type":"ImageObject","inLanguage":"fi","@id":"https:\/\/aktialiiga.fi\/miehet\/2023-2024\/ennakot-2023-24\/jatkosarjaviikonloppu-kayntiin-jo-perjantaina\/#primaryimage","url":"https:\/\/i0.wp.com\/aktialiiga.fi\/miehet\/wp-content\/uploads\/sites\/5\/2024\/02\/BK46-HIFK_peli2324_Robert_Lemberg.jpg?fit=2559%2C1233&ssl=1","contentUrl":"https:\/\/i0.wp.com\/aktialiiga.fi\/miehet\/wp-content\/uploads\/sites\/5\/2024\/02\/BK46-HIFK_peli2324_Robert_Lemberg.jpg?fit=2559%2C1233&ssl=1","width":2559,"height":1233},{"@type":"BreadcrumbList","@id":"https:\/\/aktialiiga.fi\/miehet\/2023-2024\/ennakot-2023-24\/jatkosarjaviikonloppu-kayntiin-jo-perjantaina\/#breadcrumb","itemListElement":[{"@type":"ListItem","position":1,"name":"Etusivu","item":"https:\/\/aktialiiga.fi\/miehet\/"},{"@type":"ListItem","position":2,"name":"Jatkosarjaviikonloppu k\u00e4yntiin jo perjantaina"}]},{"@type":"WebSite","@id":"https:\/\/aktialiiga.fi\/miehet\/#website","url":"https:\/\/aktialiiga.fi\/miehet\/","name":"K\u00e4sipallon miesten Aktialiiga","description":"Valtakunnan vauhdikkainta palloilua!","publisher":{"@id":"https:\/\/aktialiiga.fi\/miehet\/#organization"},"potentialAction":[{"@type":"SearchAction","target":{"@type":"EntryPoint","urlTemplate":"https:\/\/aktialiiga.fi\/miehet\/?s={search_term_string}"},"query-input":{"@type":"PropertyValueSpecification","valueRequired":true,"valueName":"search_term_string"}}],"inLanguage":"fi"},{"@type":"Organization","@id":"https:\/\/aktialiiga.fi\/miehet\/#organization","name":"K\u00e4sipallon miesten Aktialiiga","url":"https:\/\/aktialiiga.fi\/miehet\/","logo":{"@type":"ImageObject","inLanguage":"fi","@id":"https:\/\/aktialiiga.fi\/miehet\/#\/schema\/logo\/image\/","url":"https:\/\/i0.wp.com\/aktialiiga.fi\/miehet\/wp-content\/uploads\/sites\/5\/2024\/09\/Aktialiiga-Yoast-512.png?fit=512%2C512&ssl=1","contentUrl":"https:\/\/i0.wp.com\/aktialiiga.fi\/miehet\/wp-content\/uploads\/sites\/5\/2024\/09\/Aktialiiga-Yoast-512.png?fit=512%2C512&ssl=1","width":512,"height":512,"caption":"K\u00e4sipallon miesten Aktialiiga"},"image":{"@id":"https:\/\/aktialiiga.fi\/miehet\/#\/schema\/logo\/image\/"},"sameAs":["https:\/\/www.facebook.com\/finnhandball","https:\/\/x.com\/finnhandball","https:\/\/www.instagram.com\/handballfinland\/"]},{"@type":"Person","@id":"https:\/\/aktialiiga.fi\/miehet\/#\/schema\/person\/c14bf42f47041db74603c45afcb18d87","name":"tbrmedia","image":{"@type":"ImageObject","inLanguage":"fi","@id":"https:\/\/secure.gravatar.com\/avatar\/ee975fa091fe581d12b60debb3439022686618368a7c142044c56724d4666b16?s=96&d=mm&r=g","url":"https:\/\/secure.gravatar.com\/avatar\/ee975fa091fe581d12b60debb3439022686618368a7c142044c56724d4666b16?s=96&d=mm&r=g","contentUrl":"https:\/\/secure.gravatar.com\/avatar\/ee975fa091fe581d12b60debb3439022686618368a7c142044c56724d4666b16?s=96&d=mm&r=g","caption":"tbrmedia"}}]}},"jetpack_featured_media_url":"https:\/\/i0.wp.com\/aktialiiga.fi\/miehet\/wp-content\/uploads\/sites\/5\/2024\/02\/BK46-HIFK_peli2324_Robert_Lemberg.jpg?fit=2559%2C1233&ssl=1","jetpack_sharing_enabled":true,"jetpack_shortlink":"https:\/\/wp.me\/pfTxOr-caI","_links":{"self":[{"href":"https:\/\/aktialiiga.fi\/miehet\/wp-json\/wp\/v2\/posts\/46792","targetHints":{"allow":["GET"]}}],"collection":[{"href":"https:\/\/aktialiiga.fi\/miehet\/wp-json\/wp\/v2\/posts"}],"about":[{"href":"https:\/\/aktialiiga.fi\/miehet\/wp-json\/wp\/v2\/types\/post"}],"author":[{"embeddable":true,"href":"https:\/\/aktialiiga.fi\/miehet\/wp-json\/wp\/v2\/users\/13"}],"replies":[{"embeddable":true,"href":"https:\/\/aktialiiga.fi\/miehet\/wp-json\/wp\/v2\/comments?post=46792"}],"version-history":[{"count":0,"href":"https:\/\/aktialiiga.fi\/miehet\/wp-json\/wp\/v2\/posts\/46792\/revisions"}],"wp:featuredmedia":[{"embeddable":true,"href":"https:\/\/aktialiiga.fi\/miehet\/wp-json\/wp\/v2\/media\/46793"}],"wp:attachment":[{"href":"https:\/\/aktialiiga.fi\/miehet\/wp-json\/wp\/v2\/media?parent=46792"}],"wp:term":[{"taxonomy":"category","embeddable":true,"href":"https:\/\/aktialiiga.fi\/miehet\/wp-json\/wp\/v2\/categories?post=46792"},{"taxonomy":"post_tag","embeddable":true,"href":"https:\/\/aktialiiga.fi\/miehet\/wp-json\/wp\/v2\/tags?post=46792"}],"curies":[{"name":"wp","href":"https:\/\/api.w.org\/{rel}","templated":true}]}}