{"id":46885,"date":"2024-02-27T14:36:16","date_gmt":"2024-02-27T12:36:16","guid":{"rendered":"https:\/\/aktialiiga.fi\/miehet\/?p=46885"},"modified":"2024-02-27T15:10:43","modified_gmt":"2024-02-27T13:10:43","slug":"karkikamppailut-jatkosarjoissa-keskiviikkona","status":"publish","type":"post","link":"https:\/\/aktialiiga.fi\/miehet\/2023-2024\/ennakot-2023-24\/karkikamppailut-jatkosarjoissa-keskiviikkona\/","title":{"rendered":"K\u00e4rkikamppailut jatkosarjoissa keskiviikkona"},"content":{"rendered":"<p>Helmikuun p\u00e4\u00e4tteeksi keskiviikkona pelataan yksi ottelu sek\u00e4 SM-liigan ylemm\u00e4ss\u00e4 ett\u00e4 alemmassa jatkosarjassa.<\/p>\n<p>Ylemm\u00e4ss\u00e4 jatkosarjassa k\u00e4rkijoukkue BK-46 saa vieraakseen kakkosena olevan GrIFK:n. Joukkueet kohtasivat viikonloppuna Kauniaisissa ja silloin BK puristi lopussa takaa-ajoasemasta voittoon. Nyt voitto veisi karjaalaiset jo l\u00e4hes varmaan ylemm\u00e4n jatkosarjan voittoon.<\/p>\n<p>&#8211; Se oli ennakkoon vaikea ottelu ja sellainen siit\u00e4 my\u00f6s tuli. GrIFK teki pelin meille vaikeaksi ja samalla meill\u00e4 ei kaikki ihan satsannut, BK-luotsi Andreas R\u00f6nnberg kertasi viikonlopun kamppailua V\u00e4stra Nylandille.<\/p>\n<p>Granin verkkosivujen mukaan t\u00e4rke\u00e4 lenkki eli Richard Sundberg saattaa palata keskiviikoksi kokoonpanoon. Lauantain ottelun yksi ratkaisuista oli juuri Sundbergin puuttuminen ja lis\u00e4ksi Filip Churlevski suljettiin ottelusta toisella jaksolla. Toisaalta BK:lla on nyt kotietu puolellaan.<\/p>\n<p>Alemmassa jatkosarjassa SIF is\u00e4nn\u00f6i Dickeni\u00e4 ja hakee revanssia taannoiselle vierastappiolleen. Voitto nostaisi siuntiolaiset samalla alemman jatkosarjan k\u00e4rkeen. Dicken puolestaan varmistaisi voitolla alemman jatkosarjan ykk\u00f6ssijan jo ennen viimeisi\u00e4 otteluita.<\/p>\n<p><strong>SM-liiga keskiviikkona 28.2.:<\/strong><\/p>\n<p><em><strong>Ylempi jatkosarja:<\/strong><\/em><br \/>\nKlo 19.00 BK-46 \u2013 GrIFK<\/p>\n<p><em><strong>Alempi jatkosarja:<\/strong><\/em><br \/>\nKlo 19.30 SIF \u2013 Dicken<\/p>\n<p>Kaikki SM-liigakauden ottelut suorina l\u00e4hetyksin\u00e4 <strong><a href=\"https:\/\/handis.tv\/handisliiga\" target=\"_blank\" rel=\"noopener\">HandisTV:st\u00e4<\/a><\/strong>.<\/p>\n","protected":false},"excerpt":{"rendered":"<p>Helmikuun p\u00e4\u00e4tteeksi keskiviikkona pelataan yksi ottelu sek\u00e4 SM-liigan ylemm\u00e4ss\u00e4 ett\u00e4 alemmassa jatkosarjassa. Ylemm\u00e4ss\u00e4 jatkosarjassa k\u00e4rkijoukkue BK-46 saa vieraakseen kakkosena olevan GrIFK:n. Joukkueet kohtasivat viikonloppuna Kauniaisissa ja silloin BK puristi lopussa takaa-ajoasemasta voittoon. Nyt voitto veisi karjaalaiset jo l\u00e4hes varmaan ylemm\u00e4n jatkosarjan voittoon. &#8211; Se oli ennakkoon vaikea ottelu ja sellainen siit\u00e4 my\u00f6s tuli. GrIFK teki [&hellip;]<\/p>\n","protected":false},"author":13,"featured_media":45300,"comment_status":"closed","ping_status":"closed","sticky":false,"template":"","format":"standard","meta":{"_acf_changed":false,"jetpack_post_was_ever_published":false,"_jetpack_newsletter_access":"","_jetpack_dont_email_post_to_subs":false,"_jetpack_newsletter_tier_id":0,"_jetpack_memberships_contains_paywalled_content":false,"_jetpack_memberships_contains_paid_content":false,"footnotes":""},"categories":[299],"tags":[56,58,64,111],"class_list":["post-46885","post","type-post","status-publish","format-standard","has-post-thumbnail","hentry","category-ennakot-2023-24","tag-bk-46","tag-dicken","tag-grifk","tag-sif"],"acf":[],"yoast_head":"<!-- This site is optimized with the Yoast SEO plugin v27.5 - https:\/\/yoast.com\/product\/yoast-seo-wordpress\/ -->\n<title>K\u00e4rkikamppailut jatkosarjoissa keskiviikkona | K\u00e4sipallon miesten Aktialiiga<\/title>\n<meta name=\"robots\" content=\"index, follow, max-snippet:-1, max-image-preview:large, max-video-preview:-1\" \/>\n<link rel=\"canonical\" href=\"https:\/\/aktialiiga.fi\/miehet\/2023-2024\/ennakot-2023-24\/karkikamppailut-jatkosarjoissa-keskiviikkona\/\" \/>\n<meta property=\"og:locale\" content=\"fi_FI\" \/>\n<meta property=\"og:type\" content=\"article\" \/>\n<meta property=\"og:title\" content=\"K\u00e4rkikamppailut jatkosarjoissa keskiviikkona | K\u00e4sipallon miesten Aktialiiga\" \/>\n<meta property=\"og:description\" content=\"Helmikuun p\u00e4\u00e4tteeksi keskiviikkona pelataan yksi ottelu sek\u00e4 SM-liigan ylemm\u00e4ss\u00e4 ett\u00e4 alemmassa jatkosarjassa. Ylemm\u00e4ss\u00e4 jatkosarjassa k\u00e4rkijoukkue BK-46 saa vieraakseen kakkosena olevan GrIFK:n. Joukkueet kohtasivat viikonloppuna Kauniaisissa ja silloin BK puristi lopussa takaa-ajoasemasta voittoon. Nyt voitto veisi karjaalaiset jo l\u00e4hes varmaan ylemm\u00e4n jatkosarjan voittoon. &#8211; Se oli ennakkoon vaikea ottelu ja sellainen siit\u00e4 my\u00f6s tuli. GrIFK teki [&hellip;]\" \/>\n<meta property=\"og:url\" content=\"https:\/\/aktialiiga.fi\/miehet\/2023-2024\/ennakot-2023-24\/karkikamppailut-jatkosarjoissa-keskiviikkona\/\" \/>\n<meta property=\"og:site_name\" content=\"K\u00e4sipallon miesten Aktialiiga\" \/>\n<meta property=\"article:publisher\" content=\"https:\/\/www.facebook.com\/finnhandball\" \/>\n<meta property=\"article:published_time\" content=\"2024-02-27T12:36:16+00:00\" \/>\n<meta property=\"article:modified_time\" content=\"2024-02-27T13:10:43+00:00\" \/>\n<meta property=\"og:image\" content=\"https:\/\/i0.wp.com\/aktialiiga.fi\/miehet\/wp-content\/uploads\/sites\/5\/2023\/11\/GrIFK_Sundberg_Richard_2324.jpg?fit=2011%2C906&ssl=1\" \/>\n\t<meta property=\"og:image:width\" content=\"2011\" \/>\n\t<meta property=\"og:image:height\" content=\"906\" \/>\n\t<meta property=\"og:image:type\" content=\"image\/jpeg\" \/>\n<meta name=\"author\" content=\"tbrmedia\" \/>\n<meta name=\"twitter:card\" content=\"summary_large_image\" \/>\n<meta name=\"twitter:creator\" content=\"@finnhandball\" \/>\n<meta name=\"twitter:site\" content=\"@finnhandball\" \/>\n<script type=\"application\/ld+json\" class=\"yoast-schema-graph\">{\"@context\":\"https:\\\/\\\/schema.org\",\"@graph\":[{\"@type\":\"Article\",\"@id\":\"https:\\\/\\\/aktialiiga.fi\\\/miehet\\\/2023-2024\\\/ennakot-2023-24\\\/karkikamppailut-jatkosarjoissa-keskiviikkona\\\/#article\",\"isPartOf\":{\"@id\":\"https:\\\/\\\/aktialiiga.fi\\\/miehet\\\/2023-2024\\\/ennakot-2023-24\\\/karkikamppailut-jatkosarjoissa-keskiviikkona\\\/\"},\"author\":{\"name\":\"tbrmedia\",\"@id\":\"https:\\\/\\\/aktialiiga.fi\\\/miehet\\\/#\\\/schema\\\/person\\\/c14bf42f47041db74603c45afcb18d87\"},\"headline\":\"K\u00e4rkikamppailut jatkosarjoissa keskiviikkona\",\"datePublished\":\"2024-02-27T12:36:16+00:00\",\"dateModified\":\"2024-02-27T13:10:43+00:00\",\"mainEntityOfPage\":{\"@id\":\"https:\\\/\\\/aktialiiga.fi\\\/miehet\\\/2023-2024\\\/ennakot-2023-24\\\/karkikamppailut-jatkosarjoissa-keskiviikkona\\\/\"},\"wordCount\":176,\"publisher\":{\"@id\":\"https:\\\/\\\/aktialiiga.fi\\\/miehet\\\/#organization\"},\"image\":{\"@id\":\"https:\\\/\\\/aktialiiga.fi\\\/miehet\\\/2023-2024\\\/ennakot-2023-24\\\/karkikamppailut-jatkosarjoissa-keskiviikkona\\\/#primaryimage\"},\"thumbnailUrl\":\"https:\\\/\\\/i0.wp.com\\\/aktialiiga.fi\\\/miehet\\\/wp-content\\\/uploads\\\/sites\\\/5\\\/2023\\\/11\\\/GrIFK_Sundberg_Richard_2324.jpg?fit=2011%2C906&ssl=1\",\"keywords\":[\"BK-46\",\"Dicken\",\"GrIFK\",\"SIF\"],\"articleSection\":[\"Ennakot\"],\"inLanguage\":\"fi\"},{\"@type\":\"WebPage\",\"@id\":\"https:\\\/\\\/aktialiiga.fi\\\/miehet\\\/2023-2024\\\/ennakot-2023-24\\\/karkikamppailut-jatkosarjoissa-keskiviikkona\\\/\",\"url\":\"https:\\\/\\\/aktialiiga.fi\\\/miehet\\\/2023-2024\\\/ennakot-2023-24\\\/karkikamppailut-jatkosarjoissa-keskiviikkona\\\/\",\"name\":\"K\u00e4rkikamppailut jatkosarjoissa keskiviikkona | K\u00e4sipallon miesten Aktialiiga\",\"isPartOf\":{\"@id\":\"https:\\\/\\\/aktialiiga.fi\\\/miehet\\\/#website\"},\"primaryImageOfPage\":{\"@id\":\"https:\\\/\\\/aktialiiga.fi\\\/miehet\\\/2023-2024\\\/ennakot-2023-24\\\/karkikamppailut-jatkosarjoissa-keskiviikkona\\\/#primaryimage\"},\"image\":{\"@id\":\"https:\\\/\\\/aktialiiga.fi\\\/miehet\\\/2023-2024\\\/ennakot-2023-24\\\/karkikamppailut-jatkosarjoissa-keskiviikkona\\\/#primaryimage\"},\"thumbnailUrl\":\"https:\\\/\\\/i0.wp.com\\\/aktialiiga.fi\\\/miehet\\\/wp-content\\\/uploads\\\/sites\\\/5\\\/2023\\\/11\\\/GrIFK_Sundberg_Richard_2324.jpg?fit=2011%2C906&ssl=1\",\"datePublished\":\"2024-02-27T12:36:16+00:00\",\"dateModified\":\"2024-02-27T13:10:43+00:00\",\"breadcrumb\":{\"@id\":\"https:\\\/\\\/aktialiiga.fi\\\/miehet\\\/2023-2024\\\/ennakot-2023-24\\\/karkikamppailut-jatkosarjoissa-keskiviikkona\\\/#breadcrumb\"},\"inLanguage\":\"fi\",\"potentialAction\":[{\"@type\":\"ReadAction\",\"target\":[\"https:\\\/\\\/aktialiiga.fi\\\/miehet\\\/2023-2024\\\/ennakot-2023-24\\\/karkikamppailut-jatkosarjoissa-keskiviikkona\\\/\"]}]},{\"@type\":\"ImageObject\",\"inLanguage\":\"fi\",\"@id\":\"https:\\\/\\\/aktialiiga.fi\\\/miehet\\\/2023-2024\\\/ennakot-2023-24\\\/karkikamppailut-jatkosarjoissa-keskiviikkona\\\/#primaryimage\",\"url\":\"https:\\\/\\\/i0.wp.com\\\/aktialiiga.fi\\\/miehet\\\/wp-content\\\/uploads\\\/sites\\\/5\\\/2023\\\/11\\\/GrIFK_Sundberg_Richard_2324.jpg?fit=2011%2C906&ssl=1\",\"contentUrl\":\"https:\\\/\\\/i0.wp.com\\\/aktialiiga.fi\\\/miehet\\\/wp-content\\\/uploads\\\/sites\\\/5\\\/2023\\\/11\\\/GrIFK_Sundberg_Richard_2324.jpg?fit=2011%2C906&ssl=1\",\"width\":2011,\"height\":906,\"caption\":\"Richard Sundberg, GrIFK K\u00e4sipallon SM-liiga GrIFK - SIF Kauniaisten palloiluhalli 19. lokakuuta 2023. (Kalle Parkkinen\\\/Newspix24)\"},{\"@type\":\"BreadcrumbList\",\"@id\":\"https:\\\/\\\/aktialiiga.fi\\\/miehet\\\/2023-2024\\\/ennakot-2023-24\\\/karkikamppailut-jatkosarjoissa-keskiviikkona\\\/#breadcrumb\",\"itemListElement\":[{\"@type\":\"ListItem\",\"position\":1,\"name\":\"Etusivu\",\"item\":\"https:\\\/\\\/aktialiiga.fi\\\/miehet\\\/\"},{\"@type\":\"ListItem\",\"position\":2,\"name\":\"K\u00e4rkikamppailut jatkosarjoissa keskiviikkona\"}]},{\"@type\":\"WebSite\",\"@id\":\"https:\\\/\\\/aktialiiga.fi\\\/miehet\\\/#website\",\"url\":\"https:\\\/\\\/aktialiiga.fi\\\/miehet\\\/\",\"name\":\"K\u00e4sipallon miesten Aktialiiga\",\"description\":\"Valtakunnan vauhdikkainta palloilua!\",\"publisher\":{\"@id\":\"https:\\\/\\\/aktialiiga.fi\\\/miehet\\\/#organization\"},\"potentialAction\":[{\"@type\":\"SearchAction\",\"target\":{\"@type\":\"EntryPoint\",\"urlTemplate\":\"https:\\\/\\\/aktialiiga.fi\\\/miehet\\\/?s={search_term_string}\"},\"query-input\":{\"@type\":\"PropertyValueSpecification\",\"valueRequired\":true,\"valueName\":\"search_term_string\"}}],\"inLanguage\":\"fi\"},{\"@type\":\"Organization\",\"@id\":\"https:\\\/\\\/aktialiiga.fi\\\/miehet\\\/#organization\",\"name\":\"K\u00e4sipallon miesten Aktialiiga\",\"url\":\"https:\\\/\\\/aktialiiga.fi\\\/miehet\\\/\",\"logo\":{\"@type\":\"ImageObject\",\"inLanguage\":\"fi\",\"@id\":\"https:\\\/\\\/aktialiiga.fi\\\/miehet\\\/#\\\/schema\\\/logo\\\/image\\\/\",\"url\":\"https:\\\/\\\/i0.wp.com\\\/aktialiiga.fi\\\/miehet\\\/wp-content\\\/uploads\\\/sites\\\/5\\\/2024\\\/09\\\/Aktialiiga-Yoast-512.png?fit=512%2C512&ssl=1\",\"contentUrl\":\"https:\\\/\\\/i0.wp.com\\\/aktialiiga.fi\\\/miehet\\\/wp-content\\\/uploads\\\/sites\\\/5\\\/2024\\\/09\\\/Aktialiiga-Yoast-512.png?fit=512%2C512&ssl=1\",\"width\":512,\"height\":512,\"caption\":\"K\u00e4sipallon miesten Aktialiiga\"},\"image\":{\"@id\":\"https:\\\/\\\/aktialiiga.fi\\\/miehet\\\/#\\\/schema\\\/logo\\\/image\\\/\"},\"sameAs\":[\"https:\\\/\\\/www.facebook.com\\\/finnhandball\",\"https:\\\/\\\/x.com\\\/finnhandball\",\"https:\\\/\\\/www.instagram.com\\\/handballfinland\\\/\"]},{\"@type\":\"Person\",\"@id\":\"https:\\\/\\\/aktialiiga.fi\\\/miehet\\\/#\\\/schema\\\/person\\\/c14bf42f47041db74603c45afcb18d87\",\"name\":\"tbrmedia\",\"image\":{\"@type\":\"ImageObject\",\"inLanguage\":\"fi\",\"@id\":\"https:\\\/\\\/secure.gravatar.com\\\/avatar\\\/ee975fa091fe581d12b60debb3439022686618368a7c142044c56724d4666b16?s=96&d=mm&r=g\",\"url\":\"https:\\\/\\\/secure.gravatar.com\\\/avatar\\\/ee975fa091fe581d12b60debb3439022686618368a7c142044c56724d4666b16?s=96&d=mm&r=g\",\"contentUrl\":\"https:\\\/\\\/secure.gravatar.com\\\/avatar\\\/ee975fa091fe581d12b60debb3439022686618368a7c142044c56724d4666b16?s=96&d=mm&r=g\",\"caption\":\"tbrmedia\"}}]}<\/script>\n<!-- \/ Yoast SEO plugin. -->","yoast_head_json":{"title":"K\u00e4rkikamppailut jatkosarjoissa keskiviikkona | K\u00e4sipallon miesten Aktialiiga","robots":{"index":"index","follow":"follow","max-snippet":"max-snippet:-1","max-image-preview":"max-image-preview:large","max-video-preview":"max-video-preview:-1"},"canonical":"https:\/\/aktialiiga.fi\/miehet\/2023-2024\/ennakot-2023-24\/karkikamppailut-jatkosarjoissa-keskiviikkona\/","og_locale":"fi_FI","og_type":"article","og_title":"K\u00e4rkikamppailut jatkosarjoissa keskiviikkona | K\u00e4sipallon miesten Aktialiiga","og_description":"Helmikuun p\u00e4\u00e4tteeksi keskiviikkona pelataan yksi ottelu sek\u00e4 SM-liigan ylemm\u00e4ss\u00e4 ett\u00e4 alemmassa jatkosarjassa. Ylemm\u00e4ss\u00e4 jatkosarjassa k\u00e4rkijoukkue BK-46 saa vieraakseen kakkosena olevan GrIFK:n. Joukkueet kohtasivat viikonloppuna Kauniaisissa ja silloin BK puristi lopussa takaa-ajoasemasta voittoon. Nyt voitto veisi karjaalaiset jo l\u00e4hes varmaan ylemm\u00e4n jatkosarjan voittoon. &#8211; Se oli ennakkoon vaikea ottelu ja sellainen siit\u00e4 my\u00f6s tuli. GrIFK teki [&hellip;]","og_url":"https:\/\/aktialiiga.fi\/miehet\/2023-2024\/ennakot-2023-24\/karkikamppailut-jatkosarjoissa-keskiviikkona\/","og_site_name":"K\u00e4sipallon miesten Aktialiiga","article_publisher":"https:\/\/www.facebook.com\/finnhandball","article_published_time":"2024-02-27T12:36:16+00:00","article_modified_time":"2024-02-27T13:10:43+00:00","og_image":[{"width":2011,"height":906,"url":"https:\/\/i0.wp.com\/aktialiiga.fi\/miehet\/wp-content\/uploads\/sites\/5\/2023\/11\/GrIFK_Sundberg_Richard_2324.jpg?fit=2011%2C906&ssl=1","type":"image\/jpeg"}],"author":"tbrmedia","twitter_card":"summary_large_image","twitter_creator":"@finnhandball","twitter_site":"@finnhandball","schema":{"@context":"https:\/\/schema.org","@graph":[{"@type":"Article","@id":"https:\/\/aktialiiga.fi\/miehet\/2023-2024\/ennakot-2023-24\/karkikamppailut-jatkosarjoissa-keskiviikkona\/#article","isPartOf":{"@id":"https:\/\/aktialiiga.fi\/miehet\/2023-2024\/ennakot-2023-24\/karkikamppailut-jatkosarjoissa-keskiviikkona\/"},"author":{"name":"tbrmedia","@id":"https:\/\/aktialiiga.fi\/miehet\/#\/schema\/person\/c14bf42f47041db74603c45afcb18d87"},"headline":"K\u00e4rkikamppailut jatkosarjoissa keskiviikkona","datePublished":"2024-02-27T12:36:16+00:00","dateModified":"2024-02-27T13:10:43+00:00","mainEntityOfPage":{"@id":"https:\/\/aktialiiga.fi\/miehet\/2023-2024\/ennakot-2023-24\/karkikamppailut-jatkosarjoissa-keskiviikkona\/"},"wordCount":176,"publisher":{"@id":"https:\/\/aktialiiga.fi\/miehet\/#organization"},"image":{"@id":"https:\/\/aktialiiga.fi\/miehet\/2023-2024\/ennakot-2023-24\/karkikamppailut-jatkosarjoissa-keskiviikkona\/#primaryimage"},"thumbnailUrl":"https:\/\/i0.wp.com\/aktialiiga.fi\/miehet\/wp-content\/uploads\/sites\/5\/2023\/11\/GrIFK_Sundberg_Richard_2324.jpg?fit=2011%2C906&ssl=1","keywords":["BK-46","Dicken","GrIFK","SIF"],"articleSection":["Ennakot"],"inLanguage":"fi"},{"@type":"WebPage","@id":"https:\/\/aktialiiga.fi\/miehet\/2023-2024\/ennakot-2023-24\/karkikamppailut-jatkosarjoissa-keskiviikkona\/","url":"https:\/\/aktialiiga.fi\/miehet\/2023-2024\/ennakot-2023-24\/karkikamppailut-jatkosarjoissa-keskiviikkona\/","name":"K\u00e4rkikamppailut jatkosarjoissa keskiviikkona | K\u00e4sipallon miesten Aktialiiga","isPartOf":{"@id":"https:\/\/aktialiiga.fi\/miehet\/#website"},"primaryImageOfPage":{"@id":"https:\/\/aktialiiga.fi\/miehet\/2023-2024\/ennakot-2023-24\/karkikamppailut-jatkosarjoissa-keskiviikkona\/#primaryimage"},"image":{"@id":"https:\/\/aktialiiga.fi\/miehet\/2023-2024\/ennakot-2023-24\/karkikamppailut-jatkosarjoissa-keskiviikkona\/#primaryimage"},"thumbnailUrl":"https:\/\/i0.wp.com\/aktialiiga.fi\/miehet\/wp-content\/uploads\/sites\/5\/2023\/11\/GrIFK_Sundberg_Richard_2324.jpg?fit=2011%2C906&ssl=1","datePublished":"2024-02-27T12:36:16+00:00","dateModified":"2024-02-27T13:10:43+00:00","breadcrumb":{"@id":"https:\/\/aktialiiga.fi\/miehet\/2023-2024\/ennakot-2023-24\/karkikamppailut-jatkosarjoissa-keskiviikkona\/#breadcrumb"},"inLanguage":"fi","potentialAction":[{"@type":"ReadAction","target":["https:\/\/aktialiiga.fi\/miehet\/2023-2024\/ennakot-2023-24\/karkikamppailut-jatkosarjoissa-keskiviikkona\/"]}]},{"@type":"ImageObject","inLanguage":"fi","@id":"https:\/\/aktialiiga.fi\/miehet\/2023-2024\/ennakot-2023-24\/karkikamppailut-jatkosarjoissa-keskiviikkona\/#primaryimage","url":"https:\/\/i0.wp.com\/aktialiiga.fi\/miehet\/wp-content\/uploads\/sites\/5\/2023\/11\/GrIFK_Sundberg_Richard_2324.jpg?fit=2011%2C906&ssl=1","contentUrl":"https:\/\/i0.wp.com\/aktialiiga.fi\/miehet\/wp-content\/uploads\/sites\/5\/2023\/11\/GrIFK_Sundberg_Richard_2324.jpg?fit=2011%2C906&ssl=1","width":2011,"height":906,"caption":"Richard Sundberg, GrIFK K\u00e4sipallon SM-liiga GrIFK - SIF Kauniaisten palloiluhalli 19. lokakuuta 2023. (Kalle Parkkinen\/Newspix24)"},{"@type":"BreadcrumbList","@id":"https:\/\/aktialiiga.fi\/miehet\/2023-2024\/ennakot-2023-24\/karkikamppailut-jatkosarjoissa-keskiviikkona\/#breadcrumb","itemListElement":[{"@type":"ListItem","position":1,"name":"Etusivu","item":"https:\/\/aktialiiga.fi\/miehet\/"},{"@type":"ListItem","position":2,"name":"K\u00e4rkikamppailut jatkosarjoissa keskiviikkona"}]},{"@type":"WebSite","@id":"https:\/\/aktialiiga.fi\/miehet\/#website","url":"https:\/\/aktialiiga.fi\/miehet\/","name":"K\u00e4sipallon miesten Aktialiiga","description":"Valtakunnan vauhdikkainta palloilua!","publisher":{"@id":"https:\/\/aktialiiga.fi\/miehet\/#organization"},"potentialAction":[{"@type":"SearchAction","target":{"@type":"EntryPoint","urlTemplate":"https:\/\/aktialiiga.fi\/miehet\/?s={search_term_string}"},"query-input":{"@type":"PropertyValueSpecification","valueRequired":true,"valueName":"search_term_string"}}],"inLanguage":"fi"},{"@type":"Organization","@id":"https:\/\/aktialiiga.fi\/miehet\/#organization","name":"K\u00e4sipallon miesten Aktialiiga","url":"https:\/\/aktialiiga.fi\/miehet\/","logo":{"@type":"ImageObject","inLanguage":"fi","@id":"https:\/\/aktialiiga.fi\/miehet\/#\/schema\/logo\/image\/","url":"https:\/\/i0.wp.com\/aktialiiga.fi\/miehet\/wp-content\/uploads\/sites\/5\/2024\/09\/Aktialiiga-Yoast-512.png?fit=512%2C512&ssl=1","contentUrl":"https:\/\/i0.wp.com\/aktialiiga.fi\/miehet\/wp-content\/uploads\/sites\/5\/2024\/09\/Aktialiiga-Yoast-512.png?fit=512%2C512&ssl=1","width":512,"height":512,"caption":"K\u00e4sipallon miesten Aktialiiga"},"image":{"@id":"https:\/\/aktialiiga.fi\/miehet\/#\/schema\/logo\/image\/"},"sameAs":["https:\/\/www.facebook.com\/finnhandball","https:\/\/x.com\/finnhandball","https:\/\/www.instagram.com\/handballfinland\/"]},{"@type":"Person","@id":"https:\/\/aktialiiga.fi\/miehet\/#\/schema\/person\/c14bf42f47041db74603c45afcb18d87","name":"tbrmedia","image":{"@type":"ImageObject","inLanguage":"fi","@id":"https:\/\/secure.gravatar.com\/avatar\/ee975fa091fe581d12b60debb3439022686618368a7c142044c56724d4666b16?s=96&d=mm&r=g","url":"https:\/\/secure.gravatar.com\/avatar\/ee975fa091fe581d12b60debb3439022686618368a7c142044c56724d4666b16?s=96&d=mm&r=g","contentUrl":"https:\/\/secure.gravatar.com\/avatar\/ee975fa091fe581d12b60debb3439022686618368a7c142044c56724d4666b16?s=96&d=mm&r=g","caption":"tbrmedia"}}]}},"jetpack_featured_media_url":"https:\/\/i0.wp.com\/aktialiiga.fi\/miehet\/wp-content\/uploads\/sites\/5\/2023\/11\/GrIFK_Sundberg_Richard_2324.jpg?fit=2011%2C906&ssl=1","jetpack_sharing_enabled":true,"jetpack_shortlink":"https:\/\/wp.me\/pfTxOr-ccd","_links":{"self":[{"href":"https:\/\/aktialiiga.fi\/miehet\/wp-json\/wp\/v2\/posts\/46885","targetHints":{"allow":["GET"]}}],"collection":[{"href":"https:\/\/aktialiiga.fi\/miehet\/wp-json\/wp\/v2\/posts"}],"about":[{"href":"https:\/\/aktialiiga.fi\/miehet\/wp-json\/wp\/v2\/types\/post"}],"author":[{"embeddable":true,"href":"https:\/\/aktialiiga.fi\/miehet\/wp-json\/wp\/v2\/users\/13"}],"replies":[{"embeddable":true,"href":"https:\/\/aktialiiga.fi\/miehet\/wp-json\/wp\/v2\/comments?post=46885"}],"version-history":[{"count":0,"href":"https:\/\/aktialiiga.fi\/miehet\/wp-json\/wp\/v2\/posts\/46885\/revisions"}],"wp:featuredmedia":[{"embeddable":true,"href":"https:\/\/aktialiiga.fi\/miehet\/wp-json\/wp\/v2\/media\/45300"}],"wp:attachment":[{"href":"https:\/\/aktialiiga.fi\/miehet\/wp-json\/wp\/v2\/media?parent=46885"}],"wp:term":[{"taxonomy":"category","embeddable":true,"href":"https:\/\/aktialiiga.fi\/miehet\/wp-json\/wp\/v2\/categories?post=46885"},{"taxonomy":"post_tag","embeddable":true,"href":"https:\/\/aktialiiga.fi\/miehet\/wp-json\/wp\/v2\/tags?post=46885"}],"curies":[{"name":"wp","href":"https:\/\/api.w.org\/{rel}","templated":true}]}}