{"id":46926,"date":"2024-02-28T20:52:46","date_gmt":"2024-02-28T18:52:46","guid":{"rendered":"https:\/\/aktialiiga.fi\/miehet\/?p=46926"},"modified":"2024-02-28T21:11:24","modified_gmt":"2024-02-28T19:11:24","slug":"bk-46-jalleen-niukkaan-voittoon-grifksta","status":"publish","type":"post","link":"https:\/\/aktialiiga.fi\/miehet\/2023-2024\/ottelut-2023-24\/bk-46-jalleen-niukkaan-voittoon-grifksta\/","title":{"rendered":"BK-46 j\u00e4lleen niukkaan voittoon GrIFK:sta"},"content":{"rendered":"<p>BK-46 toisti viikonlopun temppunsa ja puristi toistamiseen niukan voiton GrIFK:sta pitk\u00e4\u00e4n tasaisena pysyneess\u00e4 ottelussa.<\/p>\n<p>BK tuli otteluun vahvemmin ja rep\u00e4isi nopeasti kolmen maalin johdon. Grani p\u00e4\u00e4si kuitenkin nopeasti peliin mukaan ja ennen avausjakson puoliv\u00e4li\u00e4 tilanne oli tasan. Jakson loppupuolen BK oli niukasti niskan p\u00e4\u00e4ll\u00e4, mutta tauolle mentiin j\u00e4lleen tasatilanteessa.<\/p>\n<p>Grani tuli tauolta ter\u00e4v\u00e4sti, mutta BK k\u00e4\u00e4nsi pian pelin taas edukseen ja oli jo hiukan karkaamassa. Vieraat pysyiv\u00e4t kuitenkin tuntumassa ja eroa oli viimeiselle kymmenminuuttiselle l\u00e4hdett\u00e4ess\u00e4 vain kaksi maalia. Lopun BK pelasi vahvasti ja piti pisteet kotonaan vankistaen entisest\u00e4\u00e4n otetta ylemm\u00e4n jatkosarjan ykk\u00f6ssijasta.<\/p>\n<p>BK-46:n p\u00e4\u00e4valmentaja Andreas R\u00f6nnberg n\u00e4ki ryhdist\u00e4ytymisen tauolla olleen avainasia voittoon nousussa.<\/p>\n<p>&#8211; Ensimm\u00e4isell\u00e4 puoliajalla oli huono puolustus sek\u00e4 asenne. Toisella puoliajalla asennetta parannettiin ja se ratkaisi pelin meid\u00e4n hyv\u00e4ksi, R\u00f6nnberg analysoi.<\/p>\n<p>Ottelun parhaan pelaajan tittelin vei l\u00e4hes puolet BK:n maaleista heitt\u00e4nyt Sebastian S\u00e4kkinen.<\/p>\n<p>&#8211; Ensimm\u00e4isell\u00e4 puoliajalla meilt\u00e4 huono puolustuspeli. Toisella puoliajalla parannettiin puolustuspeli\u00e4 ja sit\u00e4 kautta saatiin paljon kontrauksia, S\u00e4kkinen s\u00e4esti R\u00f6nnbergi\u00e4.<\/p>\n<p>GrIFK:n p\u00e4\u00e4valmentaja Mikael K\u00e4llman n\u00e4ki joukkueensa antaneen kaikkensa edelleen siipirikkoisena.<\/p>\n<p>&#8211; Tehtiin enemm\u00e4n kuin voitiin t\u00e4ll\u00e4 ryhm\u00e4ll\u00e4. Eritt\u00e4in hyvin pelattu koko joukkueelta ja olen todella tyytyv\u00e4inen siihen, K\u00e4llman sanaili.<\/p>\n<p><strong>BK-46 \u2013 GrIFK 27-23 (14-14)<\/strong><\/p>\n<p><strong>Maalintekij\u00e4t<\/strong>: maalit (7m maalit)<br \/>\nBK-46: Sebastian S\u00e4kkinen 12 (2), Ihor Skyba 5, Nico R\u00f6nnberg 4, Jonathan Ekman 2, Robin Sj\u00f6man 1, Janne Korpim\u00e4ki 1, Jac Karlsson 1, Miska Henriksson 1<br \/>\nGrIFK: Erik \u00c5kermarck 6 (2), Alexander Qvist 4, Miro Koljonen 4, Jere Kantee 4, Wilhelm Parvinen 2, William Nysten 2, Kalle Kankaanp\u00e4\u00e4 1<\/p>\n<p><strong>T\u00e4htipelaajat<\/strong><br \/>\nSebastian S\u00e4kkinen BK-46 3<br \/>\nIhor Skyba BK-46 2<br \/>\nPatrik Roslander GrIFK 1<\/p>\n<p><strong>2 min ulosajot sek\u00e4 pelist\u00e4 sulkemiset<\/strong><br \/>\nBK-46: Jonathan Ekman 1 x 2 min, Robin Sj\u00f6man 1 x 2 min<br \/>\nGrIFK: Fredrik Forss 1 x 2 min, Jere Kantee 1 x 2 min, Wilhelm Parvinen 1 x 2 min<\/p>\n<p><em>Erotuomarit<\/em>: Jan-Erik Leandersson &#8211; Mikael Lindroos<\/p>\n<p><em>Yleis\u00f6\u00e4<\/em>: 556<\/p>\n","protected":false},"excerpt":{"rendered":"<p>BK-46 toisti viikonlopun temppunsa ja puristi toistamiseen niukan voiton GrIFK:sta pitk\u00e4\u00e4n tasaisena pysyneess\u00e4 ottelussa. BK tuli otteluun vahvemmin ja rep\u00e4isi nopeasti kolmen maalin johdon. Grani p\u00e4\u00e4si kuitenkin nopeasti peliin mukaan ja ennen avausjakson puoliv\u00e4li\u00e4 tilanne oli tasan. Jakson loppupuolen BK oli niukasti niskan p\u00e4\u00e4ll\u00e4, mutta tauolle mentiin j\u00e4lleen tasatilanteessa. Grani tuli tauolta ter\u00e4v\u00e4sti, mutta BK [&hellip;]<\/p>\n","protected":false},"author":13,"featured_media":44763,"comment_status":"closed","ping_status":"closed","sticky":false,"template":"","format":"standard","meta":{"_acf_changed":false,"jetpack_post_was_ever_published":false,"_jetpack_newsletter_access":"","_jetpack_dont_email_post_to_subs":false,"_jetpack_newsletter_tier_id":0,"_jetpack_memberships_contains_paywalled_content":false,"_jetpack_memberships_contains_paid_content":false,"footnotes":""},"categories":[303],"tags":[56,64],"class_list":["post-46926","post","type-post","status-publish","format-standard","has-post-thumbnail","hentry","category-ottelut-2023-24","tag-bk-46","tag-grifk"],"acf":[],"yoast_head":"<!-- This site is optimized with the Yoast SEO plugin v27.5 - https:\/\/yoast.com\/product\/yoast-seo-wordpress\/ -->\n<title>BK-46 j\u00e4lleen niukkaan voittoon GrIFK:sta | K\u00e4sipallon miesten Aktialiiga<\/title>\n<meta name=\"robots\" content=\"index, follow, max-snippet:-1, max-image-preview:large, max-video-preview:-1\" \/>\n<link rel=\"canonical\" href=\"https:\/\/aktialiiga.fi\/miehet\/2023-2024\/ottelut-2023-24\/bk-46-jalleen-niukkaan-voittoon-grifksta\/\" \/>\n<meta property=\"og:locale\" content=\"fi_FI\" \/>\n<meta property=\"og:type\" content=\"article\" \/>\n<meta property=\"og:title\" content=\"BK-46 j\u00e4lleen niukkaan voittoon GrIFK:sta | K\u00e4sipallon miesten Aktialiiga\" \/>\n<meta property=\"og:description\" content=\"BK-46 toisti viikonlopun temppunsa ja puristi toistamiseen niukan voiton GrIFK:sta pitk\u00e4\u00e4n tasaisena pysyneess\u00e4 ottelussa. BK tuli otteluun vahvemmin ja rep\u00e4isi nopeasti kolmen maalin johdon. Grani p\u00e4\u00e4si kuitenkin nopeasti peliin mukaan ja ennen avausjakson puoliv\u00e4li\u00e4 tilanne oli tasan. Jakson loppupuolen BK oli niukasti niskan p\u00e4\u00e4ll\u00e4, mutta tauolle mentiin j\u00e4lleen tasatilanteessa. Grani tuli tauolta ter\u00e4v\u00e4sti, mutta BK [&hellip;]\" \/>\n<meta property=\"og:url\" content=\"https:\/\/aktialiiga.fi\/miehet\/2023-2024\/ottelut-2023-24\/bk-46-jalleen-niukkaan-voittoon-grifksta\/\" \/>\n<meta property=\"og:site_name\" content=\"K\u00e4sipallon miesten Aktialiiga\" \/>\n<meta property=\"article:publisher\" content=\"https:\/\/www.facebook.com\/finnhandball\" \/>\n<meta property=\"article:published_time\" content=\"2024-02-28T18:52:46+00:00\" \/>\n<meta property=\"article:modified_time\" content=\"2024-02-28T19:11:24+00:00\" \/>\n<meta property=\"og:image\" content=\"https:\/\/i0.wp.com\/aktialiiga.fi\/miehet\/wp-content\/uploads\/sites\/5\/2023\/10\/BK46_Sakkinen_Sebastian_2324a.jpg?fit=983%2C424&ssl=1\" \/>\n\t<meta property=\"og:image:width\" content=\"983\" \/>\n\t<meta property=\"og:image:height\" content=\"424\" \/>\n\t<meta property=\"og:image:type\" content=\"image\/jpeg\" \/>\n<meta name=\"author\" content=\"tbrmedia\" \/>\n<meta name=\"twitter:card\" content=\"summary_large_image\" \/>\n<meta name=\"twitter:creator\" content=\"@finnhandball\" \/>\n<meta name=\"twitter:site\" content=\"@finnhandball\" \/>\n<script type=\"application\/ld+json\" class=\"yoast-schema-graph\">{\"@context\":\"https:\\\/\\\/schema.org\",\"@graph\":[{\"@type\":\"Article\",\"@id\":\"https:\\\/\\\/aktialiiga.fi\\\/miehet\\\/2023-2024\\\/ottelut-2023-24\\\/bk-46-jalleen-niukkaan-voittoon-grifksta\\\/#article\",\"isPartOf\":{\"@id\":\"https:\\\/\\\/aktialiiga.fi\\\/miehet\\\/2023-2024\\\/ottelut-2023-24\\\/bk-46-jalleen-niukkaan-voittoon-grifksta\\\/\"},\"author\":{\"name\":\"tbrmedia\",\"@id\":\"https:\\\/\\\/aktialiiga.fi\\\/miehet\\\/#\\\/schema\\\/person\\\/c14bf42f47041db74603c45afcb18d87\"},\"headline\":\"BK-46 j\u00e4lleen niukkaan voittoon GrIFK:sta\",\"datePublished\":\"2024-02-28T18:52:46+00:00\",\"dateModified\":\"2024-02-28T19:11:24+00:00\",\"mainEntityOfPage\":{\"@id\":\"https:\\\/\\\/aktialiiga.fi\\\/miehet\\\/2023-2024\\\/ottelut-2023-24\\\/bk-46-jalleen-niukkaan-voittoon-grifksta\\\/\"},\"wordCount\":325,\"publisher\":{\"@id\":\"https:\\\/\\\/aktialiiga.fi\\\/miehet\\\/#organization\"},\"image\":{\"@id\":\"https:\\\/\\\/aktialiiga.fi\\\/miehet\\\/2023-2024\\\/ottelut-2023-24\\\/bk-46-jalleen-niukkaan-voittoon-grifksta\\\/#primaryimage\"},\"thumbnailUrl\":\"https:\\\/\\\/i0.wp.com\\\/aktialiiga.fi\\\/miehet\\\/wp-content\\\/uploads\\\/sites\\\/5\\\/2023\\\/10\\\/BK46_Sakkinen_Sebastian_2324a.jpg?fit=983%2C424&ssl=1\",\"keywords\":[\"BK-46\",\"GrIFK\"],\"articleSection\":[\"Ottelut\"],\"inLanguage\":\"fi\"},{\"@type\":\"WebPage\",\"@id\":\"https:\\\/\\\/aktialiiga.fi\\\/miehet\\\/2023-2024\\\/ottelut-2023-24\\\/bk-46-jalleen-niukkaan-voittoon-grifksta\\\/\",\"url\":\"https:\\\/\\\/aktialiiga.fi\\\/miehet\\\/2023-2024\\\/ottelut-2023-24\\\/bk-46-jalleen-niukkaan-voittoon-grifksta\\\/\",\"name\":\"BK-46 j\u00e4lleen niukkaan voittoon GrIFK:sta | K\u00e4sipallon miesten Aktialiiga\",\"isPartOf\":{\"@id\":\"https:\\\/\\\/aktialiiga.fi\\\/miehet\\\/#website\"},\"primaryImageOfPage\":{\"@id\":\"https:\\\/\\\/aktialiiga.fi\\\/miehet\\\/2023-2024\\\/ottelut-2023-24\\\/bk-46-jalleen-niukkaan-voittoon-grifksta\\\/#primaryimage\"},\"image\":{\"@id\":\"https:\\\/\\\/aktialiiga.fi\\\/miehet\\\/2023-2024\\\/ottelut-2023-24\\\/bk-46-jalleen-niukkaan-voittoon-grifksta\\\/#primaryimage\"},\"thumbnailUrl\":\"https:\\\/\\\/i0.wp.com\\\/aktialiiga.fi\\\/miehet\\\/wp-content\\\/uploads\\\/sites\\\/5\\\/2023\\\/10\\\/BK46_Sakkinen_Sebastian_2324a.jpg?fit=983%2C424&ssl=1\",\"datePublished\":\"2024-02-28T18:52:46+00:00\",\"dateModified\":\"2024-02-28T19:11:24+00:00\",\"breadcrumb\":{\"@id\":\"https:\\\/\\\/aktialiiga.fi\\\/miehet\\\/2023-2024\\\/ottelut-2023-24\\\/bk-46-jalleen-niukkaan-voittoon-grifksta\\\/#breadcrumb\"},\"inLanguage\":\"fi\",\"potentialAction\":[{\"@type\":\"ReadAction\",\"target\":[\"https:\\\/\\\/aktialiiga.fi\\\/miehet\\\/2023-2024\\\/ottelut-2023-24\\\/bk-46-jalleen-niukkaan-voittoon-grifksta\\\/\"]}]},{\"@type\":\"ImageObject\",\"inLanguage\":\"fi\",\"@id\":\"https:\\\/\\\/aktialiiga.fi\\\/miehet\\\/2023-2024\\\/ottelut-2023-24\\\/bk-46-jalleen-niukkaan-voittoon-grifksta\\\/#primaryimage\",\"url\":\"https:\\\/\\\/i0.wp.com\\\/aktialiiga.fi\\\/miehet\\\/wp-content\\\/uploads\\\/sites\\\/5\\\/2023\\\/10\\\/BK46_Sakkinen_Sebastian_2324a.jpg?fit=983%2C424&ssl=1\",\"contentUrl\":\"https:\\\/\\\/i0.wp.com\\\/aktialiiga.fi\\\/miehet\\\/wp-content\\\/uploads\\\/sites\\\/5\\\/2023\\\/10\\\/BK46_Sakkinen_Sebastian_2324a.jpg?fit=983%2C424&ssl=1\",\"width\":983,\"height\":424,\"caption\":\"Sebastian Sa\u0308kkinen, BK-46 K\u00e4sipallon SM-liiga BK-46 - Cocks Karjaan urheiluhalli 4. lokakuuta 2023. (Kalle Parkkinen\\\/Newspix24)\"},{\"@type\":\"BreadcrumbList\",\"@id\":\"https:\\\/\\\/aktialiiga.fi\\\/miehet\\\/2023-2024\\\/ottelut-2023-24\\\/bk-46-jalleen-niukkaan-voittoon-grifksta\\\/#breadcrumb\",\"itemListElement\":[{\"@type\":\"ListItem\",\"position\":1,\"name\":\"Etusivu\",\"item\":\"https:\\\/\\\/aktialiiga.fi\\\/miehet\\\/\"},{\"@type\":\"ListItem\",\"position\":2,\"name\":\"BK-46 j\u00e4lleen niukkaan voittoon GrIFK:sta\"}]},{\"@type\":\"WebSite\",\"@id\":\"https:\\\/\\\/aktialiiga.fi\\\/miehet\\\/#website\",\"url\":\"https:\\\/\\\/aktialiiga.fi\\\/miehet\\\/\",\"name\":\"K\u00e4sipallon miesten Aktialiiga\",\"description\":\"Valtakunnan vauhdikkainta palloilua!\",\"publisher\":{\"@id\":\"https:\\\/\\\/aktialiiga.fi\\\/miehet\\\/#organization\"},\"potentialAction\":[{\"@type\":\"SearchAction\",\"target\":{\"@type\":\"EntryPoint\",\"urlTemplate\":\"https:\\\/\\\/aktialiiga.fi\\\/miehet\\\/?s={search_term_string}\"},\"query-input\":{\"@type\":\"PropertyValueSpecification\",\"valueRequired\":true,\"valueName\":\"search_term_string\"}}],\"inLanguage\":\"fi\"},{\"@type\":\"Organization\",\"@id\":\"https:\\\/\\\/aktialiiga.fi\\\/miehet\\\/#organization\",\"name\":\"K\u00e4sipallon miesten Aktialiiga\",\"url\":\"https:\\\/\\\/aktialiiga.fi\\\/miehet\\\/\",\"logo\":{\"@type\":\"ImageObject\",\"inLanguage\":\"fi\",\"@id\":\"https:\\\/\\\/aktialiiga.fi\\\/miehet\\\/#\\\/schema\\\/logo\\\/image\\\/\",\"url\":\"https:\\\/\\\/i0.wp.com\\\/aktialiiga.fi\\\/miehet\\\/wp-content\\\/uploads\\\/sites\\\/5\\\/2024\\\/09\\\/Aktialiiga-Yoast-512.png?fit=512%2C512&ssl=1\",\"contentUrl\":\"https:\\\/\\\/i0.wp.com\\\/aktialiiga.fi\\\/miehet\\\/wp-content\\\/uploads\\\/sites\\\/5\\\/2024\\\/09\\\/Aktialiiga-Yoast-512.png?fit=512%2C512&ssl=1\",\"width\":512,\"height\":512,\"caption\":\"K\u00e4sipallon miesten Aktialiiga\"},\"image\":{\"@id\":\"https:\\\/\\\/aktialiiga.fi\\\/miehet\\\/#\\\/schema\\\/logo\\\/image\\\/\"},\"sameAs\":[\"https:\\\/\\\/www.facebook.com\\\/finnhandball\",\"https:\\\/\\\/x.com\\\/finnhandball\",\"https:\\\/\\\/www.instagram.com\\\/handballfinland\\\/\"]},{\"@type\":\"Person\",\"@id\":\"https:\\\/\\\/aktialiiga.fi\\\/miehet\\\/#\\\/schema\\\/person\\\/c14bf42f47041db74603c45afcb18d87\",\"name\":\"tbrmedia\",\"image\":{\"@type\":\"ImageObject\",\"inLanguage\":\"fi\",\"@id\":\"https:\\\/\\\/secure.gravatar.com\\\/avatar\\\/ee975fa091fe581d12b60debb3439022686618368a7c142044c56724d4666b16?s=96&d=mm&r=g\",\"url\":\"https:\\\/\\\/secure.gravatar.com\\\/avatar\\\/ee975fa091fe581d12b60debb3439022686618368a7c142044c56724d4666b16?s=96&d=mm&r=g\",\"contentUrl\":\"https:\\\/\\\/secure.gravatar.com\\\/avatar\\\/ee975fa091fe581d12b60debb3439022686618368a7c142044c56724d4666b16?s=96&d=mm&r=g\",\"caption\":\"tbrmedia\"}}]}<\/script>\n<!-- \/ Yoast SEO plugin. -->","yoast_head_json":{"title":"BK-46 j\u00e4lleen niukkaan voittoon GrIFK:sta | K\u00e4sipallon miesten Aktialiiga","robots":{"index":"index","follow":"follow","max-snippet":"max-snippet:-1","max-image-preview":"max-image-preview:large","max-video-preview":"max-video-preview:-1"},"canonical":"https:\/\/aktialiiga.fi\/miehet\/2023-2024\/ottelut-2023-24\/bk-46-jalleen-niukkaan-voittoon-grifksta\/","og_locale":"fi_FI","og_type":"article","og_title":"BK-46 j\u00e4lleen niukkaan voittoon GrIFK:sta | K\u00e4sipallon miesten Aktialiiga","og_description":"BK-46 toisti viikonlopun temppunsa ja puristi toistamiseen niukan voiton GrIFK:sta pitk\u00e4\u00e4n tasaisena pysyneess\u00e4 ottelussa. BK tuli otteluun vahvemmin ja rep\u00e4isi nopeasti kolmen maalin johdon. Grani p\u00e4\u00e4si kuitenkin nopeasti peliin mukaan ja ennen avausjakson puoliv\u00e4li\u00e4 tilanne oli tasan. Jakson loppupuolen BK oli niukasti niskan p\u00e4\u00e4ll\u00e4, mutta tauolle mentiin j\u00e4lleen tasatilanteessa. Grani tuli tauolta ter\u00e4v\u00e4sti, mutta BK [&hellip;]","og_url":"https:\/\/aktialiiga.fi\/miehet\/2023-2024\/ottelut-2023-24\/bk-46-jalleen-niukkaan-voittoon-grifksta\/","og_site_name":"K\u00e4sipallon miesten Aktialiiga","article_publisher":"https:\/\/www.facebook.com\/finnhandball","article_published_time":"2024-02-28T18:52:46+00:00","article_modified_time":"2024-02-28T19:11:24+00:00","og_image":[{"width":983,"height":424,"url":"https:\/\/i0.wp.com\/aktialiiga.fi\/miehet\/wp-content\/uploads\/sites\/5\/2023\/10\/BK46_Sakkinen_Sebastian_2324a.jpg?fit=983%2C424&ssl=1","type":"image\/jpeg"}],"author":"tbrmedia","twitter_card":"summary_large_image","twitter_creator":"@finnhandball","twitter_site":"@finnhandball","schema":{"@context":"https:\/\/schema.org","@graph":[{"@type":"Article","@id":"https:\/\/aktialiiga.fi\/miehet\/2023-2024\/ottelut-2023-24\/bk-46-jalleen-niukkaan-voittoon-grifksta\/#article","isPartOf":{"@id":"https:\/\/aktialiiga.fi\/miehet\/2023-2024\/ottelut-2023-24\/bk-46-jalleen-niukkaan-voittoon-grifksta\/"},"author":{"name":"tbrmedia","@id":"https:\/\/aktialiiga.fi\/miehet\/#\/schema\/person\/c14bf42f47041db74603c45afcb18d87"},"headline":"BK-46 j\u00e4lleen niukkaan voittoon GrIFK:sta","datePublished":"2024-02-28T18:52:46+00:00","dateModified":"2024-02-28T19:11:24+00:00","mainEntityOfPage":{"@id":"https:\/\/aktialiiga.fi\/miehet\/2023-2024\/ottelut-2023-24\/bk-46-jalleen-niukkaan-voittoon-grifksta\/"},"wordCount":325,"publisher":{"@id":"https:\/\/aktialiiga.fi\/miehet\/#organization"},"image":{"@id":"https:\/\/aktialiiga.fi\/miehet\/2023-2024\/ottelut-2023-24\/bk-46-jalleen-niukkaan-voittoon-grifksta\/#primaryimage"},"thumbnailUrl":"https:\/\/i0.wp.com\/aktialiiga.fi\/miehet\/wp-content\/uploads\/sites\/5\/2023\/10\/BK46_Sakkinen_Sebastian_2324a.jpg?fit=983%2C424&ssl=1","keywords":["BK-46","GrIFK"],"articleSection":["Ottelut"],"inLanguage":"fi"},{"@type":"WebPage","@id":"https:\/\/aktialiiga.fi\/miehet\/2023-2024\/ottelut-2023-24\/bk-46-jalleen-niukkaan-voittoon-grifksta\/","url":"https:\/\/aktialiiga.fi\/miehet\/2023-2024\/ottelut-2023-24\/bk-46-jalleen-niukkaan-voittoon-grifksta\/","name":"BK-46 j\u00e4lleen niukkaan voittoon GrIFK:sta | K\u00e4sipallon miesten Aktialiiga","isPartOf":{"@id":"https:\/\/aktialiiga.fi\/miehet\/#website"},"primaryImageOfPage":{"@id":"https:\/\/aktialiiga.fi\/miehet\/2023-2024\/ottelut-2023-24\/bk-46-jalleen-niukkaan-voittoon-grifksta\/#primaryimage"},"image":{"@id":"https:\/\/aktialiiga.fi\/miehet\/2023-2024\/ottelut-2023-24\/bk-46-jalleen-niukkaan-voittoon-grifksta\/#primaryimage"},"thumbnailUrl":"https:\/\/i0.wp.com\/aktialiiga.fi\/miehet\/wp-content\/uploads\/sites\/5\/2023\/10\/BK46_Sakkinen_Sebastian_2324a.jpg?fit=983%2C424&ssl=1","datePublished":"2024-02-28T18:52:46+00:00","dateModified":"2024-02-28T19:11:24+00:00","breadcrumb":{"@id":"https:\/\/aktialiiga.fi\/miehet\/2023-2024\/ottelut-2023-24\/bk-46-jalleen-niukkaan-voittoon-grifksta\/#breadcrumb"},"inLanguage":"fi","potentialAction":[{"@type":"ReadAction","target":["https:\/\/aktialiiga.fi\/miehet\/2023-2024\/ottelut-2023-24\/bk-46-jalleen-niukkaan-voittoon-grifksta\/"]}]},{"@type":"ImageObject","inLanguage":"fi","@id":"https:\/\/aktialiiga.fi\/miehet\/2023-2024\/ottelut-2023-24\/bk-46-jalleen-niukkaan-voittoon-grifksta\/#primaryimage","url":"https:\/\/i0.wp.com\/aktialiiga.fi\/miehet\/wp-content\/uploads\/sites\/5\/2023\/10\/BK46_Sakkinen_Sebastian_2324a.jpg?fit=983%2C424&ssl=1","contentUrl":"https:\/\/i0.wp.com\/aktialiiga.fi\/miehet\/wp-content\/uploads\/sites\/5\/2023\/10\/BK46_Sakkinen_Sebastian_2324a.jpg?fit=983%2C424&ssl=1","width":983,"height":424,"caption":"Sebastian Sa\u0308kkinen, BK-46 K\u00e4sipallon SM-liiga BK-46 - Cocks Karjaan urheiluhalli 4. lokakuuta 2023. (Kalle Parkkinen\/Newspix24)"},{"@type":"BreadcrumbList","@id":"https:\/\/aktialiiga.fi\/miehet\/2023-2024\/ottelut-2023-24\/bk-46-jalleen-niukkaan-voittoon-grifksta\/#breadcrumb","itemListElement":[{"@type":"ListItem","position":1,"name":"Etusivu","item":"https:\/\/aktialiiga.fi\/miehet\/"},{"@type":"ListItem","position":2,"name":"BK-46 j\u00e4lleen niukkaan voittoon GrIFK:sta"}]},{"@type":"WebSite","@id":"https:\/\/aktialiiga.fi\/miehet\/#website","url":"https:\/\/aktialiiga.fi\/miehet\/","name":"K\u00e4sipallon miesten Aktialiiga","description":"Valtakunnan vauhdikkainta palloilua!","publisher":{"@id":"https:\/\/aktialiiga.fi\/miehet\/#organization"},"potentialAction":[{"@type":"SearchAction","target":{"@type":"EntryPoint","urlTemplate":"https:\/\/aktialiiga.fi\/miehet\/?s={search_term_string}"},"query-input":{"@type":"PropertyValueSpecification","valueRequired":true,"valueName":"search_term_string"}}],"inLanguage":"fi"},{"@type":"Organization","@id":"https:\/\/aktialiiga.fi\/miehet\/#organization","name":"K\u00e4sipallon miesten Aktialiiga","url":"https:\/\/aktialiiga.fi\/miehet\/","logo":{"@type":"ImageObject","inLanguage":"fi","@id":"https:\/\/aktialiiga.fi\/miehet\/#\/schema\/logo\/image\/","url":"https:\/\/i0.wp.com\/aktialiiga.fi\/miehet\/wp-content\/uploads\/sites\/5\/2024\/09\/Aktialiiga-Yoast-512.png?fit=512%2C512&ssl=1","contentUrl":"https:\/\/i0.wp.com\/aktialiiga.fi\/miehet\/wp-content\/uploads\/sites\/5\/2024\/09\/Aktialiiga-Yoast-512.png?fit=512%2C512&ssl=1","width":512,"height":512,"caption":"K\u00e4sipallon miesten Aktialiiga"},"image":{"@id":"https:\/\/aktialiiga.fi\/miehet\/#\/schema\/logo\/image\/"},"sameAs":["https:\/\/www.facebook.com\/finnhandball","https:\/\/x.com\/finnhandball","https:\/\/www.instagram.com\/handballfinland\/"]},{"@type":"Person","@id":"https:\/\/aktialiiga.fi\/miehet\/#\/schema\/person\/c14bf42f47041db74603c45afcb18d87","name":"tbrmedia","image":{"@type":"ImageObject","inLanguage":"fi","@id":"https:\/\/secure.gravatar.com\/avatar\/ee975fa091fe581d12b60debb3439022686618368a7c142044c56724d4666b16?s=96&d=mm&r=g","url":"https:\/\/secure.gravatar.com\/avatar\/ee975fa091fe581d12b60debb3439022686618368a7c142044c56724d4666b16?s=96&d=mm&r=g","contentUrl":"https:\/\/secure.gravatar.com\/avatar\/ee975fa091fe581d12b60debb3439022686618368a7c142044c56724d4666b16?s=96&d=mm&r=g","caption":"tbrmedia"}}]}},"jetpack_featured_media_url":"https:\/\/i0.wp.com\/aktialiiga.fi\/miehet\/wp-content\/uploads\/sites\/5\/2023\/10\/BK46_Sakkinen_Sebastian_2324a.jpg?fit=983%2C424&ssl=1","jetpack_sharing_enabled":true,"jetpack_shortlink":"https:\/\/wp.me\/pfTxOr-ccS","_links":{"self":[{"href":"https:\/\/aktialiiga.fi\/miehet\/wp-json\/wp\/v2\/posts\/46926","targetHints":{"allow":["GET"]}}],"collection":[{"href":"https:\/\/aktialiiga.fi\/miehet\/wp-json\/wp\/v2\/posts"}],"about":[{"href":"https:\/\/aktialiiga.fi\/miehet\/wp-json\/wp\/v2\/types\/post"}],"author":[{"embeddable":true,"href":"https:\/\/aktialiiga.fi\/miehet\/wp-json\/wp\/v2\/users\/13"}],"replies":[{"embeddable":true,"href":"https:\/\/aktialiiga.fi\/miehet\/wp-json\/wp\/v2\/comments?post=46926"}],"version-history":[{"count":0,"href":"https:\/\/aktialiiga.fi\/miehet\/wp-json\/wp\/v2\/posts\/46926\/revisions"}],"wp:featuredmedia":[{"embeddable":true,"href":"https:\/\/aktialiiga.fi\/miehet\/wp-json\/wp\/v2\/media\/44763"}],"wp:attachment":[{"href":"https:\/\/aktialiiga.fi\/miehet\/wp-json\/wp\/v2\/media?parent=46926"}],"wp:term":[{"taxonomy":"category","embeddable":true,"href":"https:\/\/aktialiiga.fi\/miehet\/wp-json\/wp\/v2\/categories?post=46926"},{"taxonomy":"post_tag","embeddable":true,"href":"https:\/\/aktialiiga.fi\/miehet\/wp-json\/wp\/v2\/tags?post=46926"}],"curies":[{"name":"wp","href":"https:\/\/api.w.org\/{rel}","templated":true}]}}