{"id":47283,"date":"2024-03-13T08:43:56","date_gmt":"2024-03-13T06:43:56","guid":{"rendered":"https:\/\/aktialiiga.fi\/miehet\/?p=47283"},"modified":"2025-05-12T11:14:12","modified_gmt":"2025-05-12T08:14:12","slug":"aku-kuusisto-jatkaa-aifkn-paavalmentajana","status":"publish","type":"post","link":"https:\/\/aktialiiga.fi\/miehet\/ajankohtaista\/aku-kuusisto-jatkaa-aifkn-paavalmentajana\/","title":{"rendered":"Aku Kuusisto jatkaa \u00c5IFK:n p\u00e4\u00e4valmentajana"},"content":{"rendered":"<p>P\u00e4\u00e4valmentaja Aku Kuusisto ja k\u00e4sipalloseura HF \u00c5IFK jatkavat yhdess\u00e4 kaudelle 2024\u20132025. Kuusiston sopimus kausille 2023\u20132025 sis\u00e4lt\u00e4\u00e4 optiot vuoteen 2027 asti. Miesten edustusjoukkueen lis\u00e4ksi Kuusisto on mukana seuran vanhimpien juniorien valmennuksessa.<\/p>\n<p>\u00c5IFK:n miesten SM-liigajoukkue panostaa vahvasti omiin junioreihin ja heid\u00e4n kehitykseens\u00e4. Seuran strategisena tavoitteena on tulla Suomen parhaimmaksi kasvattajaseuraksi viiden vuoden kuluessa. Ammattimainen valmennus on t\u00e4rke\u00e4 kulmakivi \u00c5IFK:n strategiassa. Toimintaa kehitet\u00e4\u00e4n my\u00f6s T\u00e4htiseura-hankkeessa, tavoitteena luoda lajin kasvua sek\u00e4 nuorten viihtymist\u00e4 tukeva yhteis\u00f6.<\/p>\n<p>&#8211; \u00c5IFK pystyy t\u00e4ll\u00e4 hetkell\u00e4 tarjoamaan eri kilpatasoilla toimivan polun valintavaiheesta aikuisten kilpaurheiluun, jonka p\u00e4\u00e4tteess\u00e4 edustusjoukkue toimii ponnahduslautana viel\u00e4 pidemm\u00e4lle. On ollut etuoikeus olla luomassa t\u00e4t\u00e4 polkua ja on t\u00e4rke\u00e4\u00e4 jatkaa sen kehitt\u00e4mist\u00e4 nyt oikeilla valinnoilla, kertoo Kuusisto.<\/p>\n<p>Kuusisto on kuudetta vuotta k\u00e4sipalloilun t\u00e4ysammattilainen, sill\u00e4 p\u00e4ivisin h\u00e4n ty\u00f6skentelee Turun Seudun Urheiluakatemian k\u00e4sipallon lajivalmentajana. Vuosittain TSUA:n k\u00e4sipalloryhm\u00e4n mukana 12\u201315 nuorta k\u00e4sipallohuippua yhdist\u00e4v\u00e4t TSUA:ssa toisen asteen opintonsa t\u00e4ysipainoisen harjoittelun kanssa harjoittelemalla nelj\u00e4sti viikossa aamuisin ennen lukio- tai korkeakouluopintojaan. Mahdollisuus opiskelun ja urheilun joustavaan yhdist\u00e4miseen on nostanut k\u00e4sipallovalmennuksen tason Turun seudulla ammattimaiseksi huippuvalmennukseksi muutaman vuoden aikana.<\/p>\n<p>&#8211; Turun seudulla on t\u00e4ll\u00e4 hetkell\u00e4 parhaat mahdollisuudet terveen arjen, lukio- ja korkeakouluopintojen ja tavoitteelliseen urheilun toimivaan yhdist\u00e4miseen. Kolmesta eri seurasta tulevat urheilijat saavat hyv\u00e4\u00e4 ja laadukasta harjoitusarkea koulutoiminnan siit\u00e4 k\u00e4rsim\u00e4tt\u00e4 ja ennen kaikkea hyv\u00e4ss\u00e4 yhteisty\u00f6ss\u00e4 omien seuravalmentajiensa kanssa. Osan pelaajista kanssa viikot ja p\u00e4iv\u00e4t kaudella ovat hyvin tiiviit\u00e4 ja v\u00e4lill\u00e4 tuntuu, ett\u00e4 arjessa pelaajat ovat kanssani salilla, hallilla tai koululla jopa enemm\u00e4n kuin kotonaan. Arjen tulee kuitenkin olla tasapainossa k\u00e4sipallon pelaamisen ymp\u00e4rill\u00e4, Kuusisto korostaa.<\/p>\n<p>Viime kaudella kolme \u00c5IFK:n pelaajaa k\u00e4vi kesken kauden Tanskassa Kolding IF:n k\u00e4sipalloakatemiassa esittelem\u00e4ss\u00e4 taitojaan ja hakemassa oppia. Mahdollisuus oli osa seuran kehityspelaajille rakennettua polkua ja toteutettiin seuran sek\u00e4 sen kumppaniverkoston yhteisty\u00f6ll\u00e4. Valmentaja Aku Kuusiston rooli mahdollistamisessa oli keskeinen ja yhteisty\u00f6 tulee jatkumaan my\u00f6s tulevilla kausilla.<\/p>\n<p>&#8211; Viime vuonna seuramme nuorista pelaajista kumpusi tahto pelata SM-liigapelej\u00e4 seuran omaan kasvatusty\u00f6h\u00f6n pohjautuen. T\u00e4m\u00e4 on nyt muodostunut seuramme tavoitteeksi \u2013 olla Suomen paras kasvattajaseura. Vahva juniority\u00f6mme ja satsauksemme ammattimaiseen valmennukseen on se perusta, jolla jatkuvasti luomme nuorille mahdollisuuksia tavoitella k\u00e4sipallounelmiaan my\u00f6s Turun ja Suomen ulkopuolella. Aku on loistava valmentaja, jolla on draivia kehitt\u00e4\u00e4 pelaajia ja peli-ideaa niin joukkue- kuin seuratasollakin, ja juuri siksi h\u00e4nen kanssaan jatkaminen tuntuu eritt\u00e4in hyv\u00e4lt\u00e4 ja luonnolliselta, kommentoi seuran strategiasta vastaava varapuheenjohtaja Ville Perho.<\/p>\n","protected":false},"excerpt":{"rendered":"<p>P\u00e4\u00e4valmentaja Aku Kuusisto ja k\u00e4sipalloseura HF \u00c5IFK jatkavat yhdess\u00e4 kaudelle 2024\u20132025. Kuusiston sopimus kausille 2023\u20132025 sis\u00e4lt\u00e4\u00e4 optiot vuoteen 2027 asti. Miesten edustusjoukkueen lis\u00e4ksi Kuusisto on mukana seuran vanhimpien juniorien valmennuksessa. \u00c5IFK:n miesten SM-liigajoukkue panostaa vahvasti omiin junioreihin ja heid\u00e4n kehitykseens\u00e4. Seuran strategisena tavoitteena on tulla Suomen parhaimmaksi kasvattajaseuraksi viiden vuoden kuluessa. Ammattimainen valmennus on t\u00e4rke\u00e4 [&hellip;]<\/p>\n","protected":false},"author":13,"featured_media":45313,"comment_status":"closed","ping_status":"closed","sticky":false,"template":"","format":"standard","meta":{"_acf_changed":false,"jetpack_post_was_ever_published":false,"_jetpack_newsletter_access":"","_jetpack_dont_email_post_to_subs":false,"_jetpack_newsletter_tier_id":0,"_jetpack_memberships_contains_paywalled_content":false,"_jetpack_memberships_contains_paid_content":false,"footnotes":""},"categories":[2],"tags":[50,350],"class_list":["post-47283","post","type-post","status-publish","format-standard","has-post-thumbnail","hentry","category-ajankohtaista","tag-aifk","tag-siirrot-ja-jatkosopimukset"],"acf":[],"yoast_head":"<!-- This site is optimized with the Yoast SEO plugin v27.5 - https:\/\/yoast.com\/product\/yoast-seo-wordpress\/ -->\n<title>Aku Kuusisto jatkaa \u00c5IFK:n p\u00e4\u00e4valmentajana | K\u00e4sipallon miesten Aktialiiga<\/title>\n<meta name=\"robots\" content=\"index, follow, max-snippet:-1, max-image-preview:large, max-video-preview:-1\" \/>\n<link rel=\"canonical\" href=\"https:\/\/aktialiiga.fi\/miehet\/ajankohtaista\/aku-kuusisto-jatkaa-aifkn-paavalmentajana\/\" \/>\n<meta property=\"og:locale\" content=\"fi_FI\" \/>\n<meta property=\"og:type\" content=\"article\" \/>\n<meta property=\"og:title\" content=\"Aku Kuusisto jatkaa \u00c5IFK:n p\u00e4\u00e4valmentajana | K\u00e4sipallon miesten Aktialiiga\" \/>\n<meta property=\"og:description\" content=\"P\u00e4\u00e4valmentaja Aku Kuusisto ja k\u00e4sipalloseura HF \u00c5IFK jatkavat yhdess\u00e4 kaudelle 2024\u20132025. Kuusiston sopimus kausille 2023\u20132025 sis\u00e4lt\u00e4\u00e4 optiot vuoteen 2027 asti. Miesten edustusjoukkueen lis\u00e4ksi Kuusisto on mukana seuran vanhimpien juniorien valmennuksessa. \u00c5IFK:n miesten SM-liigajoukkue panostaa vahvasti omiin junioreihin ja heid\u00e4n kehitykseens\u00e4. Seuran strategisena tavoitteena on tulla Suomen parhaimmaksi kasvattajaseuraksi viiden vuoden kuluessa. Ammattimainen valmennus on t\u00e4rke\u00e4 [&hellip;]\" \/>\n<meta property=\"og:url\" content=\"https:\/\/aktialiiga.fi\/miehet\/ajankohtaista\/aku-kuusisto-jatkaa-aifkn-paavalmentajana\/\" \/>\n<meta property=\"og:site_name\" content=\"K\u00e4sipallon miesten Aktialiiga\" \/>\n<meta property=\"article:publisher\" content=\"https:\/\/www.facebook.com\/finnhandball\" \/>\n<meta property=\"article:published_time\" content=\"2024-03-13T06:43:56+00:00\" \/>\n<meta property=\"article:modified_time\" content=\"2025-05-12T08:14:12+00:00\" \/>\n<meta property=\"og:image\" content=\"https:\/\/i0.wp.com\/aktialiiga.fi\/miehet\/wp-content\/uploads\/sites\/5\/2023\/11\/AIFK_Kuusisto_Aku_2324_Robert_Lemberg-scaled.jpg?fit=2560%2C1134&ssl=1\" \/>\n\t<meta property=\"og:image:width\" content=\"2560\" \/>\n\t<meta property=\"og:image:height\" content=\"1134\" \/>\n\t<meta property=\"og:image:type\" content=\"image\/jpeg\" \/>\n<meta name=\"author\" content=\"tbrmedia\" \/>\n<meta name=\"twitter:card\" content=\"summary_large_image\" \/>\n<meta name=\"twitter:creator\" content=\"@finnhandball\" \/>\n<meta name=\"twitter:site\" content=\"@finnhandball\" \/>\n<script type=\"application\/ld+json\" class=\"yoast-schema-graph\">{\"@context\":\"https:\\\/\\\/schema.org\",\"@graph\":[{\"@type\":\"Article\",\"@id\":\"https:\\\/\\\/aktialiiga.fi\\\/miehet\\\/ajankohtaista\\\/aku-kuusisto-jatkaa-aifkn-paavalmentajana\\\/#article\",\"isPartOf\":{\"@id\":\"https:\\\/\\\/aktialiiga.fi\\\/miehet\\\/ajankohtaista\\\/aku-kuusisto-jatkaa-aifkn-paavalmentajana\\\/\"},\"author\":{\"name\":\"tbrmedia\",\"@id\":\"https:\\\/\\\/aktialiiga.fi\\\/miehet\\\/#\\\/schema\\\/person\\\/c14bf42f47041db74603c45afcb18d87\"},\"headline\":\"Aku Kuusisto jatkaa \u00c5IFK:n p\u00e4\u00e4valmentajana\",\"datePublished\":\"2024-03-13T06:43:56+00:00\",\"dateModified\":\"2025-05-12T08:14:12+00:00\",\"mainEntityOfPage\":{\"@id\":\"https:\\\/\\\/aktialiiga.fi\\\/miehet\\\/ajankohtaista\\\/aku-kuusisto-jatkaa-aifkn-paavalmentajana\\\/\"},\"wordCount\":427,\"publisher\":{\"@id\":\"https:\\\/\\\/aktialiiga.fi\\\/miehet\\\/#organization\"},\"image\":{\"@id\":\"https:\\\/\\\/aktialiiga.fi\\\/miehet\\\/ajankohtaista\\\/aku-kuusisto-jatkaa-aifkn-paavalmentajana\\\/#primaryimage\"},\"thumbnailUrl\":\"https:\\\/\\\/i0.wp.com\\\/aktialiiga.fi\\\/miehet\\\/wp-content\\\/uploads\\\/sites\\\/5\\\/2023\\\/11\\\/AIFK_Kuusisto_Aku_2324_Robert_Lemberg-scaled.jpg?fit=2560%2C1134&ssl=1\",\"keywords\":[\"\u00c5IFK\",\"Siirrot ja jatkosopimukset\"],\"articleSection\":[\"Ajankohtaista\"],\"inLanguage\":\"fi\"},{\"@type\":\"WebPage\",\"@id\":\"https:\\\/\\\/aktialiiga.fi\\\/miehet\\\/ajankohtaista\\\/aku-kuusisto-jatkaa-aifkn-paavalmentajana\\\/\",\"url\":\"https:\\\/\\\/aktialiiga.fi\\\/miehet\\\/ajankohtaista\\\/aku-kuusisto-jatkaa-aifkn-paavalmentajana\\\/\",\"name\":\"Aku Kuusisto jatkaa \u00c5IFK:n p\u00e4\u00e4valmentajana | K\u00e4sipallon miesten Aktialiiga\",\"isPartOf\":{\"@id\":\"https:\\\/\\\/aktialiiga.fi\\\/miehet\\\/#website\"},\"primaryImageOfPage\":{\"@id\":\"https:\\\/\\\/aktialiiga.fi\\\/miehet\\\/ajankohtaista\\\/aku-kuusisto-jatkaa-aifkn-paavalmentajana\\\/#primaryimage\"},\"image\":{\"@id\":\"https:\\\/\\\/aktialiiga.fi\\\/miehet\\\/ajankohtaista\\\/aku-kuusisto-jatkaa-aifkn-paavalmentajana\\\/#primaryimage\"},\"thumbnailUrl\":\"https:\\\/\\\/i0.wp.com\\\/aktialiiga.fi\\\/miehet\\\/wp-content\\\/uploads\\\/sites\\\/5\\\/2023\\\/11\\\/AIFK_Kuusisto_Aku_2324_Robert_Lemberg-scaled.jpg?fit=2560%2C1134&ssl=1\",\"datePublished\":\"2024-03-13T06:43:56+00:00\",\"dateModified\":\"2025-05-12T08:14:12+00:00\",\"breadcrumb\":{\"@id\":\"https:\\\/\\\/aktialiiga.fi\\\/miehet\\\/ajankohtaista\\\/aku-kuusisto-jatkaa-aifkn-paavalmentajana\\\/#breadcrumb\"},\"inLanguage\":\"fi\",\"potentialAction\":[{\"@type\":\"ReadAction\",\"target\":[\"https:\\\/\\\/aktialiiga.fi\\\/miehet\\\/ajankohtaista\\\/aku-kuusisto-jatkaa-aifkn-paavalmentajana\\\/\"]}]},{\"@type\":\"ImageObject\",\"inLanguage\":\"fi\",\"@id\":\"https:\\\/\\\/aktialiiga.fi\\\/miehet\\\/ajankohtaista\\\/aku-kuusisto-jatkaa-aifkn-paavalmentajana\\\/#primaryimage\",\"url\":\"https:\\\/\\\/i0.wp.com\\\/aktialiiga.fi\\\/miehet\\\/wp-content\\\/uploads\\\/sites\\\/5\\\/2023\\\/11\\\/AIFK_Kuusisto_Aku_2324_Robert_Lemberg-scaled.jpg?fit=2560%2C1134&ssl=1\",\"contentUrl\":\"https:\\\/\\\/i0.wp.com\\\/aktialiiga.fi\\\/miehet\\\/wp-content\\\/uploads\\\/sites\\\/5\\\/2023\\\/11\\\/AIFK_Kuusisto_Aku_2324_Robert_Lemberg-scaled.jpg?fit=2560%2C1134&ssl=1\",\"width\":2560,\"height\":1134},{\"@type\":\"BreadcrumbList\",\"@id\":\"https:\\\/\\\/aktialiiga.fi\\\/miehet\\\/ajankohtaista\\\/aku-kuusisto-jatkaa-aifkn-paavalmentajana\\\/#breadcrumb\",\"itemListElement\":[{\"@type\":\"ListItem\",\"position\":1,\"name\":\"Etusivu\",\"item\":\"https:\\\/\\\/aktialiiga.fi\\\/miehet\\\/\"},{\"@type\":\"ListItem\",\"position\":2,\"name\":\"Aku Kuusisto jatkaa \u00c5IFK:n p\u00e4\u00e4valmentajana\"}]},{\"@type\":\"WebSite\",\"@id\":\"https:\\\/\\\/aktialiiga.fi\\\/miehet\\\/#website\",\"url\":\"https:\\\/\\\/aktialiiga.fi\\\/miehet\\\/\",\"name\":\"K\u00e4sipallon miesten Aktialiiga\",\"description\":\"Valtakunnan vauhdikkainta palloilua!\",\"publisher\":{\"@id\":\"https:\\\/\\\/aktialiiga.fi\\\/miehet\\\/#organization\"},\"potentialAction\":[{\"@type\":\"SearchAction\",\"target\":{\"@type\":\"EntryPoint\",\"urlTemplate\":\"https:\\\/\\\/aktialiiga.fi\\\/miehet\\\/?s={search_term_string}\"},\"query-input\":{\"@type\":\"PropertyValueSpecification\",\"valueRequired\":true,\"valueName\":\"search_term_string\"}}],\"inLanguage\":\"fi\"},{\"@type\":\"Organization\",\"@id\":\"https:\\\/\\\/aktialiiga.fi\\\/miehet\\\/#organization\",\"name\":\"K\u00e4sipallon miesten Aktialiiga\",\"url\":\"https:\\\/\\\/aktialiiga.fi\\\/miehet\\\/\",\"logo\":{\"@type\":\"ImageObject\",\"inLanguage\":\"fi\",\"@id\":\"https:\\\/\\\/aktialiiga.fi\\\/miehet\\\/#\\\/schema\\\/logo\\\/image\\\/\",\"url\":\"https:\\\/\\\/i0.wp.com\\\/aktialiiga.fi\\\/miehet\\\/wp-content\\\/uploads\\\/sites\\\/5\\\/2024\\\/09\\\/Aktialiiga-Yoast-512.png?fit=512%2C512&ssl=1\",\"contentUrl\":\"https:\\\/\\\/i0.wp.com\\\/aktialiiga.fi\\\/miehet\\\/wp-content\\\/uploads\\\/sites\\\/5\\\/2024\\\/09\\\/Aktialiiga-Yoast-512.png?fit=512%2C512&ssl=1\",\"width\":512,\"height\":512,\"caption\":\"K\u00e4sipallon miesten Aktialiiga\"},\"image\":{\"@id\":\"https:\\\/\\\/aktialiiga.fi\\\/miehet\\\/#\\\/schema\\\/logo\\\/image\\\/\"},\"sameAs\":[\"https:\\\/\\\/www.facebook.com\\\/finnhandball\",\"https:\\\/\\\/x.com\\\/finnhandball\",\"https:\\\/\\\/www.instagram.com\\\/handballfinland\\\/\"]},{\"@type\":\"Person\",\"@id\":\"https:\\\/\\\/aktialiiga.fi\\\/miehet\\\/#\\\/schema\\\/person\\\/c14bf42f47041db74603c45afcb18d87\",\"name\":\"tbrmedia\",\"image\":{\"@type\":\"ImageObject\",\"inLanguage\":\"fi\",\"@id\":\"https:\\\/\\\/secure.gravatar.com\\\/avatar\\\/ee975fa091fe581d12b60debb3439022686618368a7c142044c56724d4666b16?s=96&d=mm&r=g\",\"url\":\"https:\\\/\\\/secure.gravatar.com\\\/avatar\\\/ee975fa091fe581d12b60debb3439022686618368a7c142044c56724d4666b16?s=96&d=mm&r=g\",\"contentUrl\":\"https:\\\/\\\/secure.gravatar.com\\\/avatar\\\/ee975fa091fe581d12b60debb3439022686618368a7c142044c56724d4666b16?s=96&d=mm&r=g\",\"caption\":\"tbrmedia\"}}]}<\/script>\n<!-- \/ Yoast SEO plugin. -->","yoast_head_json":{"title":"Aku Kuusisto jatkaa \u00c5IFK:n p\u00e4\u00e4valmentajana | K\u00e4sipallon miesten Aktialiiga","robots":{"index":"index","follow":"follow","max-snippet":"max-snippet:-1","max-image-preview":"max-image-preview:large","max-video-preview":"max-video-preview:-1"},"canonical":"https:\/\/aktialiiga.fi\/miehet\/ajankohtaista\/aku-kuusisto-jatkaa-aifkn-paavalmentajana\/","og_locale":"fi_FI","og_type":"article","og_title":"Aku Kuusisto jatkaa \u00c5IFK:n p\u00e4\u00e4valmentajana | K\u00e4sipallon miesten Aktialiiga","og_description":"P\u00e4\u00e4valmentaja Aku Kuusisto ja k\u00e4sipalloseura HF \u00c5IFK jatkavat yhdess\u00e4 kaudelle 2024\u20132025. Kuusiston sopimus kausille 2023\u20132025 sis\u00e4lt\u00e4\u00e4 optiot vuoteen 2027 asti. Miesten edustusjoukkueen lis\u00e4ksi Kuusisto on mukana seuran vanhimpien juniorien valmennuksessa. \u00c5IFK:n miesten SM-liigajoukkue panostaa vahvasti omiin junioreihin ja heid\u00e4n kehitykseens\u00e4. Seuran strategisena tavoitteena on tulla Suomen parhaimmaksi kasvattajaseuraksi viiden vuoden kuluessa. Ammattimainen valmennus on t\u00e4rke\u00e4 [&hellip;]","og_url":"https:\/\/aktialiiga.fi\/miehet\/ajankohtaista\/aku-kuusisto-jatkaa-aifkn-paavalmentajana\/","og_site_name":"K\u00e4sipallon miesten Aktialiiga","article_publisher":"https:\/\/www.facebook.com\/finnhandball","article_published_time":"2024-03-13T06:43:56+00:00","article_modified_time":"2025-05-12T08:14:12+00:00","og_image":[{"width":2560,"height":1134,"url":"https:\/\/i0.wp.com\/aktialiiga.fi\/miehet\/wp-content\/uploads\/sites\/5\/2023\/11\/AIFK_Kuusisto_Aku_2324_Robert_Lemberg-scaled.jpg?fit=2560%2C1134&ssl=1","type":"image\/jpeg"}],"author":"tbrmedia","twitter_card":"summary_large_image","twitter_creator":"@finnhandball","twitter_site":"@finnhandball","schema":{"@context":"https:\/\/schema.org","@graph":[{"@type":"Article","@id":"https:\/\/aktialiiga.fi\/miehet\/ajankohtaista\/aku-kuusisto-jatkaa-aifkn-paavalmentajana\/#article","isPartOf":{"@id":"https:\/\/aktialiiga.fi\/miehet\/ajankohtaista\/aku-kuusisto-jatkaa-aifkn-paavalmentajana\/"},"author":{"name":"tbrmedia","@id":"https:\/\/aktialiiga.fi\/miehet\/#\/schema\/person\/c14bf42f47041db74603c45afcb18d87"},"headline":"Aku Kuusisto jatkaa \u00c5IFK:n p\u00e4\u00e4valmentajana","datePublished":"2024-03-13T06:43:56+00:00","dateModified":"2025-05-12T08:14:12+00:00","mainEntityOfPage":{"@id":"https:\/\/aktialiiga.fi\/miehet\/ajankohtaista\/aku-kuusisto-jatkaa-aifkn-paavalmentajana\/"},"wordCount":427,"publisher":{"@id":"https:\/\/aktialiiga.fi\/miehet\/#organization"},"image":{"@id":"https:\/\/aktialiiga.fi\/miehet\/ajankohtaista\/aku-kuusisto-jatkaa-aifkn-paavalmentajana\/#primaryimage"},"thumbnailUrl":"https:\/\/i0.wp.com\/aktialiiga.fi\/miehet\/wp-content\/uploads\/sites\/5\/2023\/11\/AIFK_Kuusisto_Aku_2324_Robert_Lemberg-scaled.jpg?fit=2560%2C1134&ssl=1","keywords":["\u00c5IFK","Siirrot ja jatkosopimukset"],"articleSection":["Ajankohtaista"],"inLanguage":"fi"},{"@type":"WebPage","@id":"https:\/\/aktialiiga.fi\/miehet\/ajankohtaista\/aku-kuusisto-jatkaa-aifkn-paavalmentajana\/","url":"https:\/\/aktialiiga.fi\/miehet\/ajankohtaista\/aku-kuusisto-jatkaa-aifkn-paavalmentajana\/","name":"Aku Kuusisto jatkaa \u00c5IFK:n p\u00e4\u00e4valmentajana | K\u00e4sipallon miesten Aktialiiga","isPartOf":{"@id":"https:\/\/aktialiiga.fi\/miehet\/#website"},"primaryImageOfPage":{"@id":"https:\/\/aktialiiga.fi\/miehet\/ajankohtaista\/aku-kuusisto-jatkaa-aifkn-paavalmentajana\/#primaryimage"},"image":{"@id":"https:\/\/aktialiiga.fi\/miehet\/ajankohtaista\/aku-kuusisto-jatkaa-aifkn-paavalmentajana\/#primaryimage"},"thumbnailUrl":"https:\/\/i0.wp.com\/aktialiiga.fi\/miehet\/wp-content\/uploads\/sites\/5\/2023\/11\/AIFK_Kuusisto_Aku_2324_Robert_Lemberg-scaled.jpg?fit=2560%2C1134&ssl=1","datePublished":"2024-03-13T06:43:56+00:00","dateModified":"2025-05-12T08:14:12+00:00","breadcrumb":{"@id":"https:\/\/aktialiiga.fi\/miehet\/ajankohtaista\/aku-kuusisto-jatkaa-aifkn-paavalmentajana\/#breadcrumb"},"inLanguage":"fi","potentialAction":[{"@type":"ReadAction","target":["https:\/\/aktialiiga.fi\/miehet\/ajankohtaista\/aku-kuusisto-jatkaa-aifkn-paavalmentajana\/"]}]},{"@type":"ImageObject","inLanguage":"fi","@id":"https:\/\/aktialiiga.fi\/miehet\/ajankohtaista\/aku-kuusisto-jatkaa-aifkn-paavalmentajana\/#primaryimage","url":"https:\/\/i0.wp.com\/aktialiiga.fi\/miehet\/wp-content\/uploads\/sites\/5\/2023\/11\/AIFK_Kuusisto_Aku_2324_Robert_Lemberg-scaled.jpg?fit=2560%2C1134&ssl=1","contentUrl":"https:\/\/i0.wp.com\/aktialiiga.fi\/miehet\/wp-content\/uploads\/sites\/5\/2023\/11\/AIFK_Kuusisto_Aku_2324_Robert_Lemberg-scaled.jpg?fit=2560%2C1134&ssl=1","width":2560,"height":1134},{"@type":"BreadcrumbList","@id":"https:\/\/aktialiiga.fi\/miehet\/ajankohtaista\/aku-kuusisto-jatkaa-aifkn-paavalmentajana\/#breadcrumb","itemListElement":[{"@type":"ListItem","position":1,"name":"Etusivu","item":"https:\/\/aktialiiga.fi\/miehet\/"},{"@type":"ListItem","position":2,"name":"Aku Kuusisto jatkaa \u00c5IFK:n p\u00e4\u00e4valmentajana"}]},{"@type":"WebSite","@id":"https:\/\/aktialiiga.fi\/miehet\/#website","url":"https:\/\/aktialiiga.fi\/miehet\/","name":"K\u00e4sipallon miesten Aktialiiga","description":"Valtakunnan vauhdikkainta palloilua!","publisher":{"@id":"https:\/\/aktialiiga.fi\/miehet\/#organization"},"potentialAction":[{"@type":"SearchAction","target":{"@type":"EntryPoint","urlTemplate":"https:\/\/aktialiiga.fi\/miehet\/?s={search_term_string}"},"query-input":{"@type":"PropertyValueSpecification","valueRequired":true,"valueName":"search_term_string"}}],"inLanguage":"fi"},{"@type":"Organization","@id":"https:\/\/aktialiiga.fi\/miehet\/#organization","name":"K\u00e4sipallon miesten Aktialiiga","url":"https:\/\/aktialiiga.fi\/miehet\/","logo":{"@type":"ImageObject","inLanguage":"fi","@id":"https:\/\/aktialiiga.fi\/miehet\/#\/schema\/logo\/image\/","url":"https:\/\/i0.wp.com\/aktialiiga.fi\/miehet\/wp-content\/uploads\/sites\/5\/2024\/09\/Aktialiiga-Yoast-512.png?fit=512%2C512&ssl=1","contentUrl":"https:\/\/i0.wp.com\/aktialiiga.fi\/miehet\/wp-content\/uploads\/sites\/5\/2024\/09\/Aktialiiga-Yoast-512.png?fit=512%2C512&ssl=1","width":512,"height":512,"caption":"K\u00e4sipallon miesten Aktialiiga"},"image":{"@id":"https:\/\/aktialiiga.fi\/miehet\/#\/schema\/logo\/image\/"},"sameAs":["https:\/\/www.facebook.com\/finnhandball","https:\/\/x.com\/finnhandball","https:\/\/www.instagram.com\/handballfinland\/"]},{"@type":"Person","@id":"https:\/\/aktialiiga.fi\/miehet\/#\/schema\/person\/c14bf42f47041db74603c45afcb18d87","name":"tbrmedia","image":{"@type":"ImageObject","inLanguage":"fi","@id":"https:\/\/secure.gravatar.com\/avatar\/ee975fa091fe581d12b60debb3439022686618368a7c142044c56724d4666b16?s=96&d=mm&r=g","url":"https:\/\/secure.gravatar.com\/avatar\/ee975fa091fe581d12b60debb3439022686618368a7c142044c56724d4666b16?s=96&d=mm&r=g","contentUrl":"https:\/\/secure.gravatar.com\/avatar\/ee975fa091fe581d12b60debb3439022686618368a7c142044c56724d4666b16?s=96&d=mm&r=g","caption":"tbrmedia"}}]}},"jetpack_featured_media_url":"https:\/\/i0.wp.com\/aktialiiga.fi\/miehet\/wp-content\/uploads\/sites\/5\/2023\/11\/AIFK_Kuusisto_Aku_2324_Robert_Lemberg-scaled.jpg?fit=2560%2C1134&ssl=1","jetpack_sharing_enabled":true,"jetpack_shortlink":"https:\/\/wp.me\/pfTxOr-ciD","_links":{"self":[{"href":"https:\/\/aktialiiga.fi\/miehet\/wp-json\/wp\/v2\/posts\/47283","targetHints":{"allow":["GET"]}}],"collection":[{"href":"https:\/\/aktialiiga.fi\/miehet\/wp-json\/wp\/v2\/posts"}],"about":[{"href":"https:\/\/aktialiiga.fi\/miehet\/wp-json\/wp\/v2\/types\/post"}],"author":[{"embeddable":true,"href":"https:\/\/aktialiiga.fi\/miehet\/wp-json\/wp\/v2\/users\/13"}],"replies":[{"embeddable":true,"href":"https:\/\/aktialiiga.fi\/miehet\/wp-json\/wp\/v2\/comments?post=47283"}],"version-history":[{"count":1,"href":"https:\/\/aktialiiga.fi\/miehet\/wp-json\/wp\/v2\/posts\/47283\/revisions"}],"predecessor-version":[{"id":64692,"href":"https:\/\/aktialiiga.fi\/miehet\/wp-json\/wp\/v2\/posts\/47283\/revisions\/64692"}],"wp:featuredmedia":[{"embeddable":true,"href":"https:\/\/aktialiiga.fi\/miehet\/wp-json\/wp\/v2\/media\/45313"}],"wp:attachment":[{"href":"https:\/\/aktialiiga.fi\/miehet\/wp-json\/wp\/v2\/media?parent=47283"}],"wp:term":[{"taxonomy":"category","embeddable":true,"href":"https:\/\/aktialiiga.fi\/miehet\/wp-json\/wp\/v2\/categories?post=47283"},{"taxonomy":"post_tag","embeddable":true,"href":"https:\/\/aktialiiga.fi\/miehet\/wp-json\/wp\/v2\/tags?post=47283"}],"curies":[{"name":"wp","href":"https:\/\/api.w.org\/{rel}","templated":true}]}}