{"id":47331,"date":"2024-03-19T18:04:30","date_gmt":"2024-03-19T16:04:30","guid":{"rendered":"https:\/\/aktialiiga.fi\/miehet\/?p=47331"},"modified":"2024-03-19T18:04:30","modified_gmt":"2024-03-19T16:04:30","slug":"kohti-puolivalieria-grifk-vs-sif","status":"publish","type":"post","link":"https:\/\/aktialiiga.fi\/miehet\/2023-2024\/kohti-play-offeja-2023-24\/kohti-puolivalieria-grifk-vs-sif\/","title":{"rendered":"Kohti puoliv\u00e4lieri\u00e4: GrIFK vs. SIF"},"content":{"rendered":"<p>Ylemm\u00e4n jatkosarjan kolmonen GrIFK saa puoliv\u00e4lieriss\u00e4 vastaansa alemman jatkosarjan kakkosen SIF:n.<\/p>\n<p>GrIFK ja SIF avaavat puoliv\u00e4lier\u00e4sarjan jo keskiviikkona 20.3. Kauniaisissa. GrIFK l\u00e4htee puoliv\u00e4lier\u00e4sarjaan suosikkina jo sarjasijoituksensa perusteella ja lis\u00e4ksi kauniaislaiset veiv\u00e4t nimiins\u00e4 kaikki kolme runkosarjakohtaamista siuntiolaisia vastaan.<\/p>\n<p>&#8211; Granilla on monta maajoukkuepelaajaa. Joukkuepeli on meid\u00e4n mahdollisuutemme, toteaa SIF:n p\u00e4\u00e4valmentaja Jan Hagman.<\/p>\n<p>GrIFK:n p\u00e4\u00e4valmentaja Mikael K\u00e4llman ei kuitenkaan suosiolla ota suosikin viittaa joukkueensa harteille johtuen t\u00e4m\u00e4n hetken varsin haastavasta pelaajatilanteesta.<\/p>\n<p>&#8211; Tilanne on eritt\u00e4in haastava. Pitk\u00e4aikaisloukkaantuneiden lis\u00e4ksi tuli huonoja uutisia maajoukkueesta ja lis\u00e4ksi useampi pelaaja on ollut sairaana. En v\u00e4itt\u00e4isi, ett\u00e4 olemme ainakaan selkeit\u00e4 suosikkeja, K\u00e4llman toteaa.<\/p>\n<p>Kaiken kaikkiaan K\u00e4llman ei l\u00e4hde lainkaan aliarvioimaan puoliv\u00e4lier\u00e4vastustajaa.<\/p>\n<p>&#8211; Siuntio on vaarallinen, jos he saavat flown p\u00e4\u00e4lle. Heill\u00e4 on selke\u00e4 maestro joka johtaa orkesteria ja h\u00e4net meid\u00e4n pit\u00e4\u00e4 saada kuosiin.<\/p>\n<p>K\u00e4llman n\u00e4kee t\u00e4rke\u00e4n\u00e4, ett\u00e4 Grani pystyy eliminoimaan SIF.n nopeat hy\u00f6kk\u00e4ykset.<\/p>\n<p>&#8211; N\u00e4ytt\u00e4\u00e4 meid\u00e4n kannaltamme hyv\u00e4lt\u00e4, jos Siuntio joutuu pelaamaan meid\u00e4n puolustustamme vastaan eli meid\u00e4n on onnistuttava hy\u00f6kk\u00e4yspeliss\u00e4 jotta Siuntio ei p\u00e4\u00e4se nopeisiin vastaiskuihin. Ja t\u00e4ten me p\u00e4\u00e4semme juoksupeliimme, K\u00e4llman ennakoi.<\/p>\n<p><strong>Ottelut:<\/strong><br \/>\nKe 20.3. klo 19.00 GrIFK \u2013 SIF<br \/>\nLa 23.3. klo 16.00 SIF \u2013 GrIFK<br \/>\n<em>tarvittaessa:<\/em><br \/>\nKe 27.3. klo 18.30 GrIFK &#8211; SIF<\/p>\n","protected":false},"excerpt":{"rendered":"<p>Ylemm\u00e4n jatkosarjan kolmonen GrIFK saa puoliv\u00e4lieriss\u00e4 vastaansa alemman jatkosarjan kakkosen SIF:n. GrIFK ja SIF avaavat puoliv\u00e4lier\u00e4sarjan jo keskiviikkona 20.3. Kauniaisissa. GrIFK l\u00e4htee puoliv\u00e4lier\u00e4sarjaan suosikkina jo sarjasijoituksensa perusteella ja lis\u00e4ksi kauniaislaiset veiv\u00e4t nimiins\u00e4 kaikki kolme runkosarjakohtaamista siuntiolaisia vastaan. &#8211; Granilla on monta maajoukkuepelaajaa. Joukkuepeli on meid\u00e4n mahdollisuutemme, toteaa SIF:n p\u00e4\u00e4valmentaja Jan Hagman. GrIFK:n p\u00e4\u00e4valmentaja Mikael K\u00e4llman [&hellip;]<\/p>\n","protected":false},"author":13,"featured_media":45481,"comment_status":"closed","ping_status":"closed","sticky":false,"template":"","format":"standard","meta":{"_acf_changed":false,"jetpack_post_was_ever_published":false,"_jetpack_newsletter_access":"","_jetpack_dont_email_post_to_subs":false,"_jetpack_newsletter_tier_id":0,"_jetpack_memberships_contains_paywalled_content":false,"_jetpack_memberships_contains_paid_content":false,"footnotes":""},"categories":[301],"tags":[64,111],"class_list":["post-47331","post","type-post","status-publish","format-standard","has-post-thumbnail","hentry","category-kohti-play-offeja-2023-24","tag-grifk","tag-sif"],"acf":[],"yoast_head":"<!-- This site is optimized with the Yoast SEO plugin v27.5 - https:\/\/yoast.com\/product\/yoast-seo-wordpress\/ -->\n<title>Kohti puoliv\u00e4lieri\u00e4: GrIFK vs. SIF | K\u00e4sipallon miesten Aktialiiga<\/title>\n<meta name=\"robots\" content=\"index, follow, max-snippet:-1, max-image-preview:large, max-video-preview:-1\" \/>\n<link rel=\"canonical\" href=\"https:\/\/aktialiiga.fi\/miehet\/2023-2024\/kohti-play-offeja-2023-24\/kohti-puolivalieria-grifk-vs-sif\/\" \/>\n<meta property=\"og:locale\" content=\"fi_FI\" \/>\n<meta property=\"og:type\" content=\"article\" \/>\n<meta property=\"og:title\" content=\"Kohti puoliv\u00e4lieri\u00e4: GrIFK vs. SIF | K\u00e4sipallon miesten Aktialiiga\" \/>\n<meta property=\"og:description\" content=\"Ylemm\u00e4n jatkosarjan kolmonen GrIFK saa puoliv\u00e4lieriss\u00e4 vastaansa alemman jatkosarjan kakkosen SIF:n. GrIFK ja SIF avaavat puoliv\u00e4lier\u00e4sarjan jo keskiviikkona 20.3. Kauniaisissa. GrIFK l\u00e4htee puoliv\u00e4lier\u00e4sarjaan suosikkina jo sarjasijoituksensa perusteella ja lis\u00e4ksi kauniaislaiset veiv\u00e4t nimiins\u00e4 kaikki kolme runkosarjakohtaamista siuntiolaisia vastaan. &#8211; Granilla on monta maajoukkuepelaajaa. Joukkuepeli on meid\u00e4n mahdollisuutemme, toteaa SIF:n p\u00e4\u00e4valmentaja Jan Hagman. GrIFK:n p\u00e4\u00e4valmentaja Mikael K\u00e4llman [&hellip;]\" \/>\n<meta property=\"og:url\" content=\"https:\/\/aktialiiga.fi\/miehet\/2023-2024\/kohti-play-offeja-2023-24\/kohti-puolivalieria-grifk-vs-sif\/\" \/>\n<meta property=\"og:site_name\" content=\"K\u00e4sipallon miesten Aktialiiga\" \/>\n<meta property=\"article:publisher\" content=\"https:\/\/www.facebook.com\/finnhandball\" \/>\n<meta property=\"article:published_time\" content=\"2024-03-19T16:04:30+00:00\" \/>\n<meta property=\"og:image\" content=\"https:\/\/i0.wp.com\/aktialiiga.fi\/miehet\/wp-content\/uploads\/sites\/5\/2023\/12\/GrIFK_Kankaanpaa_Kalle_2324.jpg?fit=1622%2C728&ssl=1\" \/>\n\t<meta property=\"og:image:width\" content=\"1622\" \/>\n\t<meta property=\"og:image:height\" content=\"728\" \/>\n\t<meta property=\"og:image:type\" content=\"image\/jpeg\" \/>\n<meta name=\"author\" content=\"tbrmedia\" \/>\n<meta name=\"twitter:card\" content=\"summary_large_image\" \/>\n<meta name=\"twitter:creator\" content=\"@finnhandball\" \/>\n<meta name=\"twitter:site\" content=\"@finnhandball\" \/>\n<script type=\"application\/ld+json\" class=\"yoast-schema-graph\">{\"@context\":\"https:\\\/\\\/schema.org\",\"@graph\":[{\"@type\":\"Article\",\"@id\":\"https:\\\/\\\/aktialiiga.fi\\\/miehet\\\/2023-2024\\\/kohti-play-offeja-2023-24\\\/kohti-puolivalieria-grifk-vs-sif\\\/#article\",\"isPartOf\":{\"@id\":\"https:\\\/\\\/aktialiiga.fi\\\/miehet\\\/2023-2024\\\/kohti-play-offeja-2023-24\\\/kohti-puolivalieria-grifk-vs-sif\\\/\"},\"author\":{\"name\":\"tbrmedia\",\"@id\":\"https:\\\/\\\/aktialiiga.fi\\\/miehet\\\/#\\\/schema\\\/person\\\/c14bf42f47041db74603c45afcb18d87\"},\"headline\":\"Kohti puoliv\u00e4lieri\u00e4: GrIFK vs. SIF\",\"datePublished\":\"2024-03-19T16:04:30+00:00\",\"mainEntityOfPage\":{\"@id\":\"https:\\\/\\\/aktialiiga.fi\\\/miehet\\\/2023-2024\\\/kohti-play-offeja-2023-24\\\/kohti-puolivalieria-grifk-vs-sif\\\/\"},\"wordCount\":236,\"publisher\":{\"@id\":\"https:\\\/\\\/aktialiiga.fi\\\/miehet\\\/#organization\"},\"image\":{\"@id\":\"https:\\\/\\\/aktialiiga.fi\\\/miehet\\\/2023-2024\\\/kohti-play-offeja-2023-24\\\/kohti-puolivalieria-grifk-vs-sif\\\/#primaryimage\"},\"thumbnailUrl\":\"https:\\\/\\\/i0.wp.com\\\/aktialiiga.fi\\\/miehet\\\/wp-content\\\/uploads\\\/sites\\\/5\\\/2023\\\/12\\\/GrIFK_Kankaanpaa_Kalle_2324.jpg?fit=1622%2C728&ssl=1\",\"keywords\":[\"GrIFK\",\"SIF\"],\"articleSection\":[\"Kohti Play offeja\"],\"inLanguage\":\"fi\"},{\"@type\":\"WebPage\",\"@id\":\"https:\\\/\\\/aktialiiga.fi\\\/miehet\\\/2023-2024\\\/kohti-play-offeja-2023-24\\\/kohti-puolivalieria-grifk-vs-sif\\\/\",\"url\":\"https:\\\/\\\/aktialiiga.fi\\\/miehet\\\/2023-2024\\\/kohti-play-offeja-2023-24\\\/kohti-puolivalieria-grifk-vs-sif\\\/\",\"name\":\"Kohti puoliv\u00e4lieri\u00e4: GrIFK vs. SIF | K\u00e4sipallon miesten Aktialiiga\",\"isPartOf\":{\"@id\":\"https:\\\/\\\/aktialiiga.fi\\\/miehet\\\/#website\"},\"primaryImageOfPage\":{\"@id\":\"https:\\\/\\\/aktialiiga.fi\\\/miehet\\\/2023-2024\\\/kohti-play-offeja-2023-24\\\/kohti-puolivalieria-grifk-vs-sif\\\/#primaryimage\"},\"image\":{\"@id\":\"https:\\\/\\\/aktialiiga.fi\\\/miehet\\\/2023-2024\\\/kohti-play-offeja-2023-24\\\/kohti-puolivalieria-grifk-vs-sif\\\/#primaryimage\"},\"thumbnailUrl\":\"https:\\\/\\\/i0.wp.com\\\/aktialiiga.fi\\\/miehet\\\/wp-content\\\/uploads\\\/sites\\\/5\\\/2023\\\/12\\\/GrIFK_Kankaanpaa_Kalle_2324.jpg?fit=1622%2C728&ssl=1\",\"datePublished\":\"2024-03-19T16:04:30+00:00\",\"breadcrumb\":{\"@id\":\"https:\\\/\\\/aktialiiga.fi\\\/miehet\\\/2023-2024\\\/kohti-play-offeja-2023-24\\\/kohti-puolivalieria-grifk-vs-sif\\\/#breadcrumb\"},\"inLanguage\":\"fi\",\"potentialAction\":[{\"@type\":\"ReadAction\",\"target\":[\"https:\\\/\\\/aktialiiga.fi\\\/miehet\\\/2023-2024\\\/kohti-play-offeja-2023-24\\\/kohti-puolivalieria-grifk-vs-sif\\\/\"]}]},{\"@type\":\"ImageObject\",\"inLanguage\":\"fi\",\"@id\":\"https:\\\/\\\/aktialiiga.fi\\\/miehet\\\/2023-2024\\\/kohti-play-offeja-2023-24\\\/kohti-puolivalieria-grifk-vs-sif\\\/#primaryimage\",\"url\":\"https:\\\/\\\/i0.wp.com\\\/aktialiiga.fi\\\/miehet\\\/wp-content\\\/uploads\\\/sites\\\/5\\\/2023\\\/12\\\/GrIFK_Kankaanpaa_Kalle_2324.jpg?fit=1622%2C728&ssl=1\",\"contentUrl\":\"https:\\\/\\\/i0.wp.com\\\/aktialiiga.fi\\\/miehet\\\/wp-content\\\/uploads\\\/sites\\\/5\\\/2023\\\/12\\\/GrIFK_Kankaanpaa_Kalle_2324.jpg?fit=1622%2C728&ssl=1\",\"width\":1622,\"height\":728,\"caption\":\"Christoffer Thor, SIF, Kalle Kankaanpa\u0308a\u0308, GrIFK ja Jere Kantee, GrIFK K\u00e4sipallon SM-liiga GrIFK - SIF Kauniaisten palloiluhalli 19. lokakuuta 2023. (Kalle Parkkinen\\\/Newspix24)\"},{\"@type\":\"BreadcrumbList\",\"@id\":\"https:\\\/\\\/aktialiiga.fi\\\/miehet\\\/2023-2024\\\/kohti-play-offeja-2023-24\\\/kohti-puolivalieria-grifk-vs-sif\\\/#breadcrumb\",\"itemListElement\":[{\"@type\":\"ListItem\",\"position\":1,\"name\":\"Etusivu\",\"item\":\"https:\\\/\\\/aktialiiga.fi\\\/miehet\\\/\"},{\"@type\":\"ListItem\",\"position\":2,\"name\":\"Kohti puoliv\u00e4lieri\u00e4: GrIFK vs. SIF\"}]},{\"@type\":\"WebSite\",\"@id\":\"https:\\\/\\\/aktialiiga.fi\\\/miehet\\\/#website\",\"url\":\"https:\\\/\\\/aktialiiga.fi\\\/miehet\\\/\",\"name\":\"K\u00e4sipallon miesten Aktialiiga\",\"description\":\"Valtakunnan vauhdikkainta palloilua!\",\"publisher\":{\"@id\":\"https:\\\/\\\/aktialiiga.fi\\\/miehet\\\/#organization\"},\"potentialAction\":[{\"@type\":\"SearchAction\",\"target\":{\"@type\":\"EntryPoint\",\"urlTemplate\":\"https:\\\/\\\/aktialiiga.fi\\\/miehet\\\/?s={search_term_string}\"},\"query-input\":{\"@type\":\"PropertyValueSpecification\",\"valueRequired\":true,\"valueName\":\"search_term_string\"}}],\"inLanguage\":\"fi\"},{\"@type\":\"Organization\",\"@id\":\"https:\\\/\\\/aktialiiga.fi\\\/miehet\\\/#organization\",\"name\":\"K\u00e4sipallon miesten Aktialiiga\",\"url\":\"https:\\\/\\\/aktialiiga.fi\\\/miehet\\\/\",\"logo\":{\"@type\":\"ImageObject\",\"inLanguage\":\"fi\",\"@id\":\"https:\\\/\\\/aktialiiga.fi\\\/miehet\\\/#\\\/schema\\\/logo\\\/image\\\/\",\"url\":\"https:\\\/\\\/i0.wp.com\\\/aktialiiga.fi\\\/miehet\\\/wp-content\\\/uploads\\\/sites\\\/5\\\/2024\\\/09\\\/Aktialiiga-Yoast-512.png?fit=512%2C512&ssl=1\",\"contentUrl\":\"https:\\\/\\\/i0.wp.com\\\/aktialiiga.fi\\\/miehet\\\/wp-content\\\/uploads\\\/sites\\\/5\\\/2024\\\/09\\\/Aktialiiga-Yoast-512.png?fit=512%2C512&ssl=1\",\"width\":512,\"height\":512,\"caption\":\"K\u00e4sipallon miesten Aktialiiga\"},\"image\":{\"@id\":\"https:\\\/\\\/aktialiiga.fi\\\/miehet\\\/#\\\/schema\\\/logo\\\/image\\\/\"},\"sameAs\":[\"https:\\\/\\\/www.facebook.com\\\/finnhandball\",\"https:\\\/\\\/x.com\\\/finnhandball\",\"https:\\\/\\\/www.instagram.com\\\/handballfinland\\\/\"]},{\"@type\":\"Person\",\"@id\":\"https:\\\/\\\/aktialiiga.fi\\\/miehet\\\/#\\\/schema\\\/person\\\/c14bf42f47041db74603c45afcb18d87\",\"name\":\"tbrmedia\",\"image\":{\"@type\":\"ImageObject\",\"inLanguage\":\"fi\",\"@id\":\"https:\\\/\\\/secure.gravatar.com\\\/avatar\\\/ee975fa091fe581d12b60debb3439022686618368a7c142044c56724d4666b16?s=96&d=mm&r=g\",\"url\":\"https:\\\/\\\/secure.gravatar.com\\\/avatar\\\/ee975fa091fe581d12b60debb3439022686618368a7c142044c56724d4666b16?s=96&d=mm&r=g\",\"contentUrl\":\"https:\\\/\\\/secure.gravatar.com\\\/avatar\\\/ee975fa091fe581d12b60debb3439022686618368a7c142044c56724d4666b16?s=96&d=mm&r=g\",\"caption\":\"tbrmedia\"}}]}<\/script>\n<!-- \/ Yoast SEO plugin. -->","yoast_head_json":{"title":"Kohti puoliv\u00e4lieri\u00e4: GrIFK vs. SIF | K\u00e4sipallon miesten Aktialiiga","robots":{"index":"index","follow":"follow","max-snippet":"max-snippet:-1","max-image-preview":"max-image-preview:large","max-video-preview":"max-video-preview:-1"},"canonical":"https:\/\/aktialiiga.fi\/miehet\/2023-2024\/kohti-play-offeja-2023-24\/kohti-puolivalieria-grifk-vs-sif\/","og_locale":"fi_FI","og_type":"article","og_title":"Kohti puoliv\u00e4lieri\u00e4: GrIFK vs. SIF | K\u00e4sipallon miesten Aktialiiga","og_description":"Ylemm\u00e4n jatkosarjan kolmonen GrIFK saa puoliv\u00e4lieriss\u00e4 vastaansa alemman jatkosarjan kakkosen SIF:n. GrIFK ja SIF avaavat puoliv\u00e4lier\u00e4sarjan jo keskiviikkona 20.3. Kauniaisissa. GrIFK l\u00e4htee puoliv\u00e4lier\u00e4sarjaan suosikkina jo sarjasijoituksensa perusteella ja lis\u00e4ksi kauniaislaiset veiv\u00e4t nimiins\u00e4 kaikki kolme runkosarjakohtaamista siuntiolaisia vastaan. &#8211; Granilla on monta maajoukkuepelaajaa. Joukkuepeli on meid\u00e4n mahdollisuutemme, toteaa SIF:n p\u00e4\u00e4valmentaja Jan Hagman. GrIFK:n p\u00e4\u00e4valmentaja Mikael K\u00e4llman [&hellip;]","og_url":"https:\/\/aktialiiga.fi\/miehet\/2023-2024\/kohti-play-offeja-2023-24\/kohti-puolivalieria-grifk-vs-sif\/","og_site_name":"K\u00e4sipallon miesten Aktialiiga","article_publisher":"https:\/\/www.facebook.com\/finnhandball","article_published_time":"2024-03-19T16:04:30+00:00","og_image":[{"width":1622,"height":728,"url":"https:\/\/i0.wp.com\/aktialiiga.fi\/miehet\/wp-content\/uploads\/sites\/5\/2023\/12\/GrIFK_Kankaanpaa_Kalle_2324.jpg?fit=1622%2C728&ssl=1","type":"image\/jpeg"}],"author":"tbrmedia","twitter_card":"summary_large_image","twitter_creator":"@finnhandball","twitter_site":"@finnhandball","schema":{"@context":"https:\/\/schema.org","@graph":[{"@type":"Article","@id":"https:\/\/aktialiiga.fi\/miehet\/2023-2024\/kohti-play-offeja-2023-24\/kohti-puolivalieria-grifk-vs-sif\/#article","isPartOf":{"@id":"https:\/\/aktialiiga.fi\/miehet\/2023-2024\/kohti-play-offeja-2023-24\/kohti-puolivalieria-grifk-vs-sif\/"},"author":{"name":"tbrmedia","@id":"https:\/\/aktialiiga.fi\/miehet\/#\/schema\/person\/c14bf42f47041db74603c45afcb18d87"},"headline":"Kohti puoliv\u00e4lieri\u00e4: GrIFK vs. SIF","datePublished":"2024-03-19T16:04:30+00:00","mainEntityOfPage":{"@id":"https:\/\/aktialiiga.fi\/miehet\/2023-2024\/kohti-play-offeja-2023-24\/kohti-puolivalieria-grifk-vs-sif\/"},"wordCount":236,"publisher":{"@id":"https:\/\/aktialiiga.fi\/miehet\/#organization"},"image":{"@id":"https:\/\/aktialiiga.fi\/miehet\/2023-2024\/kohti-play-offeja-2023-24\/kohti-puolivalieria-grifk-vs-sif\/#primaryimage"},"thumbnailUrl":"https:\/\/i0.wp.com\/aktialiiga.fi\/miehet\/wp-content\/uploads\/sites\/5\/2023\/12\/GrIFK_Kankaanpaa_Kalle_2324.jpg?fit=1622%2C728&ssl=1","keywords":["GrIFK","SIF"],"articleSection":["Kohti Play offeja"],"inLanguage":"fi"},{"@type":"WebPage","@id":"https:\/\/aktialiiga.fi\/miehet\/2023-2024\/kohti-play-offeja-2023-24\/kohti-puolivalieria-grifk-vs-sif\/","url":"https:\/\/aktialiiga.fi\/miehet\/2023-2024\/kohti-play-offeja-2023-24\/kohti-puolivalieria-grifk-vs-sif\/","name":"Kohti puoliv\u00e4lieri\u00e4: GrIFK vs. SIF | K\u00e4sipallon miesten Aktialiiga","isPartOf":{"@id":"https:\/\/aktialiiga.fi\/miehet\/#website"},"primaryImageOfPage":{"@id":"https:\/\/aktialiiga.fi\/miehet\/2023-2024\/kohti-play-offeja-2023-24\/kohti-puolivalieria-grifk-vs-sif\/#primaryimage"},"image":{"@id":"https:\/\/aktialiiga.fi\/miehet\/2023-2024\/kohti-play-offeja-2023-24\/kohti-puolivalieria-grifk-vs-sif\/#primaryimage"},"thumbnailUrl":"https:\/\/i0.wp.com\/aktialiiga.fi\/miehet\/wp-content\/uploads\/sites\/5\/2023\/12\/GrIFK_Kankaanpaa_Kalle_2324.jpg?fit=1622%2C728&ssl=1","datePublished":"2024-03-19T16:04:30+00:00","breadcrumb":{"@id":"https:\/\/aktialiiga.fi\/miehet\/2023-2024\/kohti-play-offeja-2023-24\/kohti-puolivalieria-grifk-vs-sif\/#breadcrumb"},"inLanguage":"fi","potentialAction":[{"@type":"ReadAction","target":["https:\/\/aktialiiga.fi\/miehet\/2023-2024\/kohti-play-offeja-2023-24\/kohti-puolivalieria-grifk-vs-sif\/"]}]},{"@type":"ImageObject","inLanguage":"fi","@id":"https:\/\/aktialiiga.fi\/miehet\/2023-2024\/kohti-play-offeja-2023-24\/kohti-puolivalieria-grifk-vs-sif\/#primaryimage","url":"https:\/\/i0.wp.com\/aktialiiga.fi\/miehet\/wp-content\/uploads\/sites\/5\/2023\/12\/GrIFK_Kankaanpaa_Kalle_2324.jpg?fit=1622%2C728&ssl=1","contentUrl":"https:\/\/i0.wp.com\/aktialiiga.fi\/miehet\/wp-content\/uploads\/sites\/5\/2023\/12\/GrIFK_Kankaanpaa_Kalle_2324.jpg?fit=1622%2C728&ssl=1","width":1622,"height":728,"caption":"Christoffer Thor, SIF, Kalle Kankaanpa\u0308a\u0308, GrIFK ja Jere Kantee, GrIFK K\u00e4sipallon SM-liiga GrIFK - SIF Kauniaisten palloiluhalli 19. lokakuuta 2023. (Kalle Parkkinen\/Newspix24)"},{"@type":"BreadcrumbList","@id":"https:\/\/aktialiiga.fi\/miehet\/2023-2024\/kohti-play-offeja-2023-24\/kohti-puolivalieria-grifk-vs-sif\/#breadcrumb","itemListElement":[{"@type":"ListItem","position":1,"name":"Etusivu","item":"https:\/\/aktialiiga.fi\/miehet\/"},{"@type":"ListItem","position":2,"name":"Kohti puoliv\u00e4lieri\u00e4: GrIFK vs. SIF"}]},{"@type":"WebSite","@id":"https:\/\/aktialiiga.fi\/miehet\/#website","url":"https:\/\/aktialiiga.fi\/miehet\/","name":"K\u00e4sipallon miesten Aktialiiga","description":"Valtakunnan vauhdikkainta palloilua!","publisher":{"@id":"https:\/\/aktialiiga.fi\/miehet\/#organization"},"potentialAction":[{"@type":"SearchAction","target":{"@type":"EntryPoint","urlTemplate":"https:\/\/aktialiiga.fi\/miehet\/?s={search_term_string}"},"query-input":{"@type":"PropertyValueSpecification","valueRequired":true,"valueName":"search_term_string"}}],"inLanguage":"fi"},{"@type":"Organization","@id":"https:\/\/aktialiiga.fi\/miehet\/#organization","name":"K\u00e4sipallon miesten Aktialiiga","url":"https:\/\/aktialiiga.fi\/miehet\/","logo":{"@type":"ImageObject","inLanguage":"fi","@id":"https:\/\/aktialiiga.fi\/miehet\/#\/schema\/logo\/image\/","url":"https:\/\/i0.wp.com\/aktialiiga.fi\/miehet\/wp-content\/uploads\/sites\/5\/2024\/09\/Aktialiiga-Yoast-512.png?fit=512%2C512&ssl=1","contentUrl":"https:\/\/i0.wp.com\/aktialiiga.fi\/miehet\/wp-content\/uploads\/sites\/5\/2024\/09\/Aktialiiga-Yoast-512.png?fit=512%2C512&ssl=1","width":512,"height":512,"caption":"K\u00e4sipallon miesten Aktialiiga"},"image":{"@id":"https:\/\/aktialiiga.fi\/miehet\/#\/schema\/logo\/image\/"},"sameAs":["https:\/\/www.facebook.com\/finnhandball","https:\/\/x.com\/finnhandball","https:\/\/www.instagram.com\/handballfinland\/"]},{"@type":"Person","@id":"https:\/\/aktialiiga.fi\/miehet\/#\/schema\/person\/c14bf42f47041db74603c45afcb18d87","name":"tbrmedia","image":{"@type":"ImageObject","inLanguage":"fi","@id":"https:\/\/secure.gravatar.com\/avatar\/ee975fa091fe581d12b60debb3439022686618368a7c142044c56724d4666b16?s=96&d=mm&r=g","url":"https:\/\/secure.gravatar.com\/avatar\/ee975fa091fe581d12b60debb3439022686618368a7c142044c56724d4666b16?s=96&d=mm&r=g","contentUrl":"https:\/\/secure.gravatar.com\/avatar\/ee975fa091fe581d12b60debb3439022686618368a7c142044c56724d4666b16?s=96&d=mm&r=g","caption":"tbrmedia"}}]}},"jetpack_featured_media_url":"https:\/\/i0.wp.com\/aktialiiga.fi\/miehet\/wp-content\/uploads\/sites\/5\/2023\/12\/GrIFK_Kankaanpaa_Kalle_2324.jpg?fit=1622%2C728&ssl=1","jetpack_sharing_enabled":true,"jetpack_shortlink":"https:\/\/wp.me\/pfTxOr-cjp","_links":{"self":[{"href":"https:\/\/aktialiiga.fi\/miehet\/wp-json\/wp\/v2\/posts\/47331","targetHints":{"allow":["GET"]}}],"collection":[{"href":"https:\/\/aktialiiga.fi\/miehet\/wp-json\/wp\/v2\/posts"}],"about":[{"href":"https:\/\/aktialiiga.fi\/miehet\/wp-json\/wp\/v2\/types\/post"}],"author":[{"embeddable":true,"href":"https:\/\/aktialiiga.fi\/miehet\/wp-json\/wp\/v2\/users\/13"}],"replies":[{"embeddable":true,"href":"https:\/\/aktialiiga.fi\/miehet\/wp-json\/wp\/v2\/comments?post=47331"}],"version-history":[{"count":0,"href":"https:\/\/aktialiiga.fi\/miehet\/wp-json\/wp\/v2\/posts\/47331\/revisions"}],"wp:featuredmedia":[{"embeddable":true,"href":"https:\/\/aktialiiga.fi\/miehet\/wp-json\/wp\/v2\/media\/45481"}],"wp:attachment":[{"href":"https:\/\/aktialiiga.fi\/miehet\/wp-json\/wp\/v2\/media?parent=47331"}],"wp:term":[{"taxonomy":"category","embeddable":true,"href":"https:\/\/aktialiiga.fi\/miehet\/wp-json\/wp\/v2\/categories?post=47331"},{"taxonomy":"post_tag","embeddable":true,"href":"https:\/\/aktialiiga.fi\/miehet\/wp-json\/wp\/v2\/tags?post=47331"}],"curies":[{"name":"wp","href":"https:\/\/api.w.org\/{rel}","templated":true}]}}