{"id":47348,"date":"2024-03-20T20:34:40","date_gmt":"2024-03-20T18:34:40","guid":{"rendered":"https:\/\/aktialiiga.fi\/miehet\/?p=47348"},"modified":"2024-03-20T21:18:01","modified_gmt":"2024-03-20T19:18:01","slug":"grifk-otti-ensimmaisen-kiinnityksen-valierapaikkaan","status":"publish","type":"post","link":"https:\/\/aktialiiga.fi\/miehet\/2023-2024\/ottelut-2023-24\/grifk-otti-ensimmaisen-kiinnityksen-valierapaikkaan\/","title":{"rendered":"GrIFK otti ensimm\u00e4isen kiinnityksen v\u00e4lier\u00e4paikkaan"},"content":{"rendered":"<p>GrIFK:n ja SIF:n v\u00e4linen ensimm\u00e4inen puoliv\u00e4lier\u00e4ottelu eteni pitk\u00e4\u00e4n tasaisena, mutta is\u00e4ntien vahva loppu ratkaisi kamppailun.<\/p>\n<p>Avausjakson alkupuolisko kulki vierasjoukkueen hienoisessa hallinnassa, mutta jakson puoliv\u00e4liss\u00e4 Grani alkoi k\u00e4\u00e4nt\u00e4\u00e4 etua itselleen. Taukoa kohden SIF puristi kuitenkin is\u00e4ntien johdon j\u00e4lleen kiinni.<\/p>\n<p>Toinen jakso eteni viel\u00e4 numeroihin 14-14 tasaisesti. T\u00e4st\u00e4 Grani alkoi kuitenkin k\u00e4\u00e4nt\u00e4\u00e4 taas ottelua edukseen ja kauniaislaisten johdossa edettiin aina viimeiselle kymmenminuuttiselle asti. Lopussa Grani piti johtoasemastaan varmasti kiinni, eik\u00e4 SIF en\u00e4\u00e4 loppuminuuteilla toden teolla p\u00e4\u00e4ssyt kamppailemaan voitosta.<\/p>\n<p>GrIFK:n p\u00e4\u00e4valmentaja Mikael K\u00e4llman suitsutti ennen muuta joukkuepelaamista.<\/p>\n<p>&#8211; T\u00e4n\u00e4\u00e4n oli todella hyv\u00e4 tiimity\u00f6 joukkueelta. Pelaajat seisoivat toistensa puolesta ja fiilis oli hyv\u00e4. Ottelu oli kauan kova ja tasainen, lopussa p\u00e4\u00e4stiin pienelle karkumatkalle, joka kesti. Hyv\u00e4 puolustus ja erinomainen Paaki oli t\u00e4n\u00e4\u00e4n ase voittoon, K\u00e4llman kiitteli erikseen maalivahti Patrik Roslanderia.<\/p>\n<p>Roslander vei nimiins\u00e4 my\u00f6s ottelun parhaan pelaajan tittelin.<\/p>\n<p>&#8211; Hienoa voittaa ensimm\u00e4inen playoff-ottelu. Intensiteetti puuttuu hieman ratkaisuhetkill\u00e4. Toivottavasti kev\u00e4\u00e4st\u00e4 tulee meille pitk\u00e4, silloin me tarvitsemme intensiteetti\u00e4. T\u00e4st\u00e4 on kyll\u00e4 hyv\u00e4 jatkaa, Roslander mietti.<\/p>\n<p>SIF:n p\u00e4\u00e4valmentaja Jan Hagman ei ymm\u00e4rrett\u00e4v\u00e4sti ollut kovin tyytyv\u00e4inen lopputulokseen.<\/p>\n<p>&#8211; Kolmen maalin h\u00e4vi\u00f6 vieraskent\u00e4ll\u00e4 Grania vastaan ei tyydyt\u00e4. Kyseess\u00e4 on kumminkin ottelu, joka halutaan voittaa. Taisteltiin hyvin ensimm\u00e4inen puoliaika, 11-11. Siit\u00e4 sitten ottelu olisi voinut k\u00e4\u00e4nty\u00e4 molemmille, mutta meid\u00e4n hy\u00f6kk\u00e4yspelimme ei toimi toivotulla tavalla.<\/p>\n<p>&#8211; Pallo ei liikkunut tarpeeksi nopeasti, siihen t\u00e4ytyy saada parannusta. Meid\u00e4n pit\u00e4\u00e4 saada lis\u00e4\u00e4 liikett\u00e4 palloon ja vauhtia hy\u00f6kk\u00e4ykseen, Hagman kertasi ottelua.<\/p>\n<p>Joukkueet kohtaavat toisessa puoliv\u00e4lier\u00e4ss\u00e4 lauantaina Siuntiossa.<\/p>\n<p><em><strong>1. puoliv\u00e4lier\u00e4:<\/strong><\/em><br \/>\n<strong>GrIFK \u2013 SIF 22-19 (11-11)<\/strong><\/p>\n<p><strong>Maalintekij\u00e4t<\/strong>: maalit (7m maalit)<br \/>\nGrIFK: Alexander Qvist 6, Erik \u00c5kermarck 5, Wilhelm Parvinen 3, Isak Lehvonen 2, Miro Koljonen 2, Jere Kantee 2, Kalle Kankaanp\u00e4\u00e4 2<br \/>\nSIF: Artur Morgenson 6, Anton Luuppala 5, Dmytro Turchenko 4 (2), Vladimir Tomic 2, Niki Tuominen 1, Jooa Knaapinen 1<\/p>\n<p><strong>T\u00e4htipelaajat<\/strong><br \/>\nPatrik Roslander GrIFK 3<br \/>\nMika Malassu SIF 2<br \/>\nAlexander Qvist GrIFK 1<\/p>\n<p><strong>2 min ulosajot sek\u00e4 pelist\u00e4 sulkemiset<\/strong><br \/>\nGrIFK: Fredrik Forss 2 x 2 min, Kalle Kankaanp\u00e4\u00e4 1 x 2 min<br \/>\nSIF: Artur Morgenson 1 x 2 min, Christoffer Modig 1 x 2 min, Daniel Walander 1 x 2 min, Dmytro Turchenko 1 x 2 min, Niki Tuominen 1 x 2 min, Vladimir Tomic 1 x 2 min<\/p>\n<p><em>Erotuomarit<\/em>: Miro Korja &#8211; Christopher Mets\u00e4m\u00e4ki<\/p>\n<p><em>Yleis\u00f6\u00e4<\/em>: 262<\/p>\n","protected":false},"excerpt":{"rendered":"<p>GrIFK:n ja SIF:n v\u00e4linen ensimm\u00e4inen puoliv\u00e4lier\u00e4ottelu eteni pitk\u00e4\u00e4n tasaisena, mutta is\u00e4ntien vahva loppu ratkaisi kamppailun. Avausjakson alkupuolisko kulki vierasjoukkueen hienoisessa hallinnassa, mutta jakson puoliv\u00e4liss\u00e4 Grani alkoi k\u00e4\u00e4nt\u00e4\u00e4 etua itselleen. Taukoa kohden SIF puristi kuitenkin is\u00e4ntien johdon j\u00e4lleen kiinni. Toinen jakso eteni viel\u00e4 numeroihin 14-14 tasaisesti. T\u00e4st\u00e4 Grani alkoi kuitenkin k\u00e4\u00e4nt\u00e4\u00e4 taas ottelua edukseen ja kauniaislaisten [&hellip;]<\/p>\n","protected":false},"author":13,"featured_media":47349,"comment_status":"closed","ping_status":"closed","sticky":false,"template":"","format":"standard","meta":{"_acf_changed":false,"jetpack_post_was_ever_published":false,"_jetpack_newsletter_access":"","_jetpack_dont_email_post_to_subs":false,"_jetpack_newsletter_tier_id":0,"_jetpack_memberships_contains_paywalled_content":false,"_jetpack_memberships_contains_paid_content":false,"footnotes":""},"categories":[303],"tags":[64,111],"class_list":["post-47348","post","type-post","status-publish","format-standard","has-post-thumbnail","hentry","category-ottelut-2023-24","tag-grifk","tag-sif"],"acf":[],"yoast_head":"<!-- This site is optimized with the Yoast SEO plugin v27.5 - https:\/\/yoast.com\/product\/yoast-seo-wordpress\/ -->\n<title>GrIFK otti ensimm\u00e4isen kiinnityksen v\u00e4lier\u00e4paikkaan | K\u00e4sipallon miesten Aktialiiga<\/title>\n<meta name=\"robots\" content=\"index, follow, max-snippet:-1, max-image-preview:large, max-video-preview:-1\" \/>\n<link rel=\"canonical\" href=\"https:\/\/aktialiiga.fi\/miehet\/2023-2024\/ottelut-2023-24\/grifk-otti-ensimmaisen-kiinnityksen-valierapaikkaan\/\" \/>\n<meta property=\"og:locale\" content=\"fi_FI\" \/>\n<meta property=\"og:type\" content=\"article\" \/>\n<meta property=\"og:title\" content=\"GrIFK otti ensimm\u00e4isen kiinnityksen v\u00e4lier\u00e4paikkaan | K\u00e4sipallon miesten Aktialiiga\" \/>\n<meta property=\"og:description\" content=\"GrIFK:n ja SIF:n v\u00e4linen ensimm\u00e4inen puoliv\u00e4lier\u00e4ottelu eteni pitk\u00e4\u00e4n tasaisena, mutta is\u00e4ntien vahva loppu ratkaisi kamppailun. Avausjakson alkupuolisko kulki vierasjoukkueen hienoisessa hallinnassa, mutta jakson puoliv\u00e4liss\u00e4 Grani alkoi k\u00e4\u00e4nt\u00e4\u00e4 etua itselleen. Taukoa kohden SIF puristi kuitenkin is\u00e4ntien johdon j\u00e4lleen kiinni. Toinen jakso eteni viel\u00e4 numeroihin 14-14 tasaisesti. T\u00e4st\u00e4 Grani alkoi kuitenkin k\u00e4\u00e4nt\u00e4\u00e4 taas ottelua edukseen ja kauniaislaisten [&hellip;]\" \/>\n<meta property=\"og:url\" content=\"https:\/\/aktialiiga.fi\/miehet\/2023-2024\/ottelut-2023-24\/grifk-otti-ensimmaisen-kiinnityksen-valierapaikkaan\/\" \/>\n<meta property=\"og:site_name\" content=\"K\u00e4sipallon miesten Aktialiiga\" \/>\n<meta property=\"article:publisher\" content=\"https:\/\/www.facebook.com\/finnhandball\" \/>\n<meta property=\"article:published_time\" content=\"2024-03-20T18:34:40+00:00\" \/>\n<meta property=\"article:modified_time\" content=\"2024-03-20T19:18:01+00:00\" \/>\n<meta property=\"og:image\" content=\"https:\/\/i0.wp.com\/aktialiiga.fi\/miehet\/wp-content\/uploads\/sites\/5\/2024\/03\/GrIFK_Roslander_Kankaanpaa_2324.jpg?fit=2104%2C993&ssl=1\" \/>\n\t<meta property=\"og:image:width\" content=\"2104\" \/>\n\t<meta property=\"og:image:height\" content=\"993\" \/>\n\t<meta property=\"og:image:type\" content=\"image\/jpeg\" \/>\n<meta name=\"author\" content=\"tbrmedia\" \/>\n<meta name=\"twitter:card\" content=\"summary_large_image\" \/>\n<meta name=\"twitter:creator\" content=\"@finnhandball\" \/>\n<meta name=\"twitter:site\" content=\"@finnhandball\" \/>\n<script type=\"application\/ld+json\" class=\"yoast-schema-graph\">{\"@context\":\"https:\\\/\\\/schema.org\",\"@graph\":[{\"@type\":\"Article\",\"@id\":\"https:\\\/\\\/aktialiiga.fi\\\/miehet\\\/2023-2024\\\/ottelut-2023-24\\\/grifk-otti-ensimmaisen-kiinnityksen-valierapaikkaan\\\/#article\",\"isPartOf\":{\"@id\":\"https:\\\/\\\/aktialiiga.fi\\\/miehet\\\/2023-2024\\\/ottelut-2023-24\\\/grifk-otti-ensimmaisen-kiinnityksen-valierapaikkaan\\\/\"},\"author\":{\"name\":\"tbrmedia\",\"@id\":\"https:\\\/\\\/aktialiiga.fi\\\/miehet\\\/#\\\/schema\\\/person\\\/c14bf42f47041db74603c45afcb18d87\"},\"headline\":\"GrIFK otti ensimm\u00e4isen kiinnityksen v\u00e4lier\u00e4paikkaan\",\"datePublished\":\"2024-03-20T18:34:40+00:00\",\"dateModified\":\"2024-03-20T19:18:01+00:00\",\"mainEntityOfPage\":{\"@id\":\"https:\\\/\\\/aktialiiga.fi\\\/miehet\\\/2023-2024\\\/ottelut-2023-24\\\/grifk-otti-ensimmaisen-kiinnityksen-valierapaikkaan\\\/\"},\"wordCount\":385,\"publisher\":{\"@id\":\"https:\\\/\\\/aktialiiga.fi\\\/miehet\\\/#organization\"},\"image\":{\"@id\":\"https:\\\/\\\/aktialiiga.fi\\\/miehet\\\/2023-2024\\\/ottelut-2023-24\\\/grifk-otti-ensimmaisen-kiinnityksen-valierapaikkaan\\\/#primaryimage\"},\"thumbnailUrl\":\"https:\\\/\\\/i0.wp.com\\\/aktialiiga.fi\\\/miehet\\\/wp-content\\\/uploads\\\/sites\\\/5\\\/2024\\\/03\\\/GrIFK_Roslander_Kankaanpaa_2324.jpg?fit=2104%2C993&ssl=1\",\"keywords\":[\"GrIFK\",\"SIF\"],\"articleSection\":[\"Ottelut\"],\"inLanguage\":\"fi\"},{\"@type\":\"WebPage\",\"@id\":\"https:\\\/\\\/aktialiiga.fi\\\/miehet\\\/2023-2024\\\/ottelut-2023-24\\\/grifk-otti-ensimmaisen-kiinnityksen-valierapaikkaan\\\/\",\"url\":\"https:\\\/\\\/aktialiiga.fi\\\/miehet\\\/2023-2024\\\/ottelut-2023-24\\\/grifk-otti-ensimmaisen-kiinnityksen-valierapaikkaan\\\/\",\"name\":\"GrIFK otti ensimm\u00e4isen kiinnityksen v\u00e4lier\u00e4paikkaan | K\u00e4sipallon miesten Aktialiiga\",\"isPartOf\":{\"@id\":\"https:\\\/\\\/aktialiiga.fi\\\/miehet\\\/#website\"},\"primaryImageOfPage\":{\"@id\":\"https:\\\/\\\/aktialiiga.fi\\\/miehet\\\/2023-2024\\\/ottelut-2023-24\\\/grifk-otti-ensimmaisen-kiinnityksen-valierapaikkaan\\\/#primaryimage\"},\"image\":{\"@id\":\"https:\\\/\\\/aktialiiga.fi\\\/miehet\\\/2023-2024\\\/ottelut-2023-24\\\/grifk-otti-ensimmaisen-kiinnityksen-valierapaikkaan\\\/#primaryimage\"},\"thumbnailUrl\":\"https:\\\/\\\/i0.wp.com\\\/aktialiiga.fi\\\/miehet\\\/wp-content\\\/uploads\\\/sites\\\/5\\\/2024\\\/03\\\/GrIFK_Roslander_Kankaanpaa_2324.jpg?fit=2104%2C993&ssl=1\",\"datePublished\":\"2024-03-20T18:34:40+00:00\",\"dateModified\":\"2024-03-20T19:18:01+00:00\",\"breadcrumb\":{\"@id\":\"https:\\\/\\\/aktialiiga.fi\\\/miehet\\\/2023-2024\\\/ottelut-2023-24\\\/grifk-otti-ensimmaisen-kiinnityksen-valierapaikkaan\\\/#breadcrumb\"},\"inLanguage\":\"fi\",\"potentialAction\":[{\"@type\":\"ReadAction\",\"target\":[\"https:\\\/\\\/aktialiiga.fi\\\/miehet\\\/2023-2024\\\/ottelut-2023-24\\\/grifk-otti-ensimmaisen-kiinnityksen-valierapaikkaan\\\/\"]}]},{\"@type\":\"ImageObject\",\"inLanguage\":\"fi\",\"@id\":\"https:\\\/\\\/aktialiiga.fi\\\/miehet\\\/2023-2024\\\/ottelut-2023-24\\\/grifk-otti-ensimmaisen-kiinnityksen-valierapaikkaan\\\/#primaryimage\",\"url\":\"https:\\\/\\\/i0.wp.com\\\/aktialiiga.fi\\\/miehet\\\/wp-content\\\/uploads\\\/sites\\\/5\\\/2024\\\/03\\\/GrIFK_Roslander_Kankaanpaa_2324.jpg?fit=2104%2C993&ssl=1\",\"contentUrl\":\"https:\\\/\\\/i0.wp.com\\\/aktialiiga.fi\\\/miehet\\\/wp-content\\\/uploads\\\/sites\\\/5\\\/2024\\\/03\\\/GrIFK_Roslander_Kankaanpaa_2324.jpg?fit=2104%2C993&ssl=1\",\"width\":2104,\"height\":993,\"caption\":\"Patrik Roslander, GrIFK ja Kalle Kankaanpa\u0308a\u0308, GrIFK K\u00e4sipallon SM-liiga GrIFK - SIF Kauniaisten palloiluhalli 19. lokakuuta 2023. (Kalle Parkkinen\\\/Newspix24)\"},{\"@type\":\"BreadcrumbList\",\"@id\":\"https:\\\/\\\/aktialiiga.fi\\\/miehet\\\/2023-2024\\\/ottelut-2023-24\\\/grifk-otti-ensimmaisen-kiinnityksen-valierapaikkaan\\\/#breadcrumb\",\"itemListElement\":[{\"@type\":\"ListItem\",\"position\":1,\"name\":\"Etusivu\",\"item\":\"https:\\\/\\\/aktialiiga.fi\\\/miehet\\\/\"},{\"@type\":\"ListItem\",\"position\":2,\"name\":\"GrIFK otti ensimm\u00e4isen kiinnityksen v\u00e4lier\u00e4paikkaan\"}]},{\"@type\":\"WebSite\",\"@id\":\"https:\\\/\\\/aktialiiga.fi\\\/miehet\\\/#website\",\"url\":\"https:\\\/\\\/aktialiiga.fi\\\/miehet\\\/\",\"name\":\"K\u00e4sipallon miesten Aktialiiga\",\"description\":\"Valtakunnan vauhdikkainta palloilua!\",\"publisher\":{\"@id\":\"https:\\\/\\\/aktialiiga.fi\\\/miehet\\\/#organization\"},\"potentialAction\":[{\"@type\":\"SearchAction\",\"target\":{\"@type\":\"EntryPoint\",\"urlTemplate\":\"https:\\\/\\\/aktialiiga.fi\\\/miehet\\\/?s={search_term_string}\"},\"query-input\":{\"@type\":\"PropertyValueSpecification\",\"valueRequired\":true,\"valueName\":\"search_term_string\"}}],\"inLanguage\":\"fi\"},{\"@type\":\"Organization\",\"@id\":\"https:\\\/\\\/aktialiiga.fi\\\/miehet\\\/#organization\",\"name\":\"K\u00e4sipallon miesten Aktialiiga\",\"url\":\"https:\\\/\\\/aktialiiga.fi\\\/miehet\\\/\",\"logo\":{\"@type\":\"ImageObject\",\"inLanguage\":\"fi\",\"@id\":\"https:\\\/\\\/aktialiiga.fi\\\/miehet\\\/#\\\/schema\\\/logo\\\/image\\\/\",\"url\":\"https:\\\/\\\/i0.wp.com\\\/aktialiiga.fi\\\/miehet\\\/wp-content\\\/uploads\\\/sites\\\/5\\\/2024\\\/09\\\/Aktialiiga-Yoast-512.png?fit=512%2C512&ssl=1\",\"contentUrl\":\"https:\\\/\\\/i0.wp.com\\\/aktialiiga.fi\\\/miehet\\\/wp-content\\\/uploads\\\/sites\\\/5\\\/2024\\\/09\\\/Aktialiiga-Yoast-512.png?fit=512%2C512&ssl=1\",\"width\":512,\"height\":512,\"caption\":\"K\u00e4sipallon miesten Aktialiiga\"},\"image\":{\"@id\":\"https:\\\/\\\/aktialiiga.fi\\\/miehet\\\/#\\\/schema\\\/logo\\\/image\\\/\"},\"sameAs\":[\"https:\\\/\\\/www.facebook.com\\\/finnhandball\",\"https:\\\/\\\/x.com\\\/finnhandball\",\"https:\\\/\\\/www.instagram.com\\\/handballfinland\\\/\"]},{\"@type\":\"Person\",\"@id\":\"https:\\\/\\\/aktialiiga.fi\\\/miehet\\\/#\\\/schema\\\/person\\\/c14bf42f47041db74603c45afcb18d87\",\"name\":\"tbrmedia\",\"image\":{\"@type\":\"ImageObject\",\"inLanguage\":\"fi\",\"@id\":\"https:\\\/\\\/secure.gravatar.com\\\/avatar\\\/ee975fa091fe581d12b60debb3439022686618368a7c142044c56724d4666b16?s=96&d=mm&r=g\",\"url\":\"https:\\\/\\\/secure.gravatar.com\\\/avatar\\\/ee975fa091fe581d12b60debb3439022686618368a7c142044c56724d4666b16?s=96&d=mm&r=g\",\"contentUrl\":\"https:\\\/\\\/secure.gravatar.com\\\/avatar\\\/ee975fa091fe581d12b60debb3439022686618368a7c142044c56724d4666b16?s=96&d=mm&r=g\",\"caption\":\"tbrmedia\"}}]}<\/script>\n<!-- \/ Yoast SEO plugin. -->","yoast_head_json":{"title":"GrIFK otti ensimm\u00e4isen kiinnityksen v\u00e4lier\u00e4paikkaan | K\u00e4sipallon miesten Aktialiiga","robots":{"index":"index","follow":"follow","max-snippet":"max-snippet:-1","max-image-preview":"max-image-preview:large","max-video-preview":"max-video-preview:-1"},"canonical":"https:\/\/aktialiiga.fi\/miehet\/2023-2024\/ottelut-2023-24\/grifk-otti-ensimmaisen-kiinnityksen-valierapaikkaan\/","og_locale":"fi_FI","og_type":"article","og_title":"GrIFK otti ensimm\u00e4isen kiinnityksen v\u00e4lier\u00e4paikkaan | K\u00e4sipallon miesten Aktialiiga","og_description":"GrIFK:n ja SIF:n v\u00e4linen ensimm\u00e4inen puoliv\u00e4lier\u00e4ottelu eteni pitk\u00e4\u00e4n tasaisena, mutta is\u00e4ntien vahva loppu ratkaisi kamppailun. Avausjakson alkupuolisko kulki vierasjoukkueen hienoisessa hallinnassa, mutta jakson puoliv\u00e4liss\u00e4 Grani alkoi k\u00e4\u00e4nt\u00e4\u00e4 etua itselleen. Taukoa kohden SIF puristi kuitenkin is\u00e4ntien johdon j\u00e4lleen kiinni. Toinen jakso eteni viel\u00e4 numeroihin 14-14 tasaisesti. T\u00e4st\u00e4 Grani alkoi kuitenkin k\u00e4\u00e4nt\u00e4\u00e4 taas ottelua edukseen ja kauniaislaisten [&hellip;]","og_url":"https:\/\/aktialiiga.fi\/miehet\/2023-2024\/ottelut-2023-24\/grifk-otti-ensimmaisen-kiinnityksen-valierapaikkaan\/","og_site_name":"K\u00e4sipallon miesten Aktialiiga","article_publisher":"https:\/\/www.facebook.com\/finnhandball","article_published_time":"2024-03-20T18:34:40+00:00","article_modified_time":"2024-03-20T19:18:01+00:00","og_image":[{"width":2104,"height":993,"url":"https:\/\/i0.wp.com\/aktialiiga.fi\/miehet\/wp-content\/uploads\/sites\/5\/2024\/03\/GrIFK_Roslander_Kankaanpaa_2324.jpg?fit=2104%2C993&ssl=1","type":"image\/jpeg"}],"author":"tbrmedia","twitter_card":"summary_large_image","twitter_creator":"@finnhandball","twitter_site":"@finnhandball","schema":{"@context":"https:\/\/schema.org","@graph":[{"@type":"Article","@id":"https:\/\/aktialiiga.fi\/miehet\/2023-2024\/ottelut-2023-24\/grifk-otti-ensimmaisen-kiinnityksen-valierapaikkaan\/#article","isPartOf":{"@id":"https:\/\/aktialiiga.fi\/miehet\/2023-2024\/ottelut-2023-24\/grifk-otti-ensimmaisen-kiinnityksen-valierapaikkaan\/"},"author":{"name":"tbrmedia","@id":"https:\/\/aktialiiga.fi\/miehet\/#\/schema\/person\/c14bf42f47041db74603c45afcb18d87"},"headline":"GrIFK otti ensimm\u00e4isen kiinnityksen v\u00e4lier\u00e4paikkaan","datePublished":"2024-03-20T18:34:40+00:00","dateModified":"2024-03-20T19:18:01+00:00","mainEntityOfPage":{"@id":"https:\/\/aktialiiga.fi\/miehet\/2023-2024\/ottelut-2023-24\/grifk-otti-ensimmaisen-kiinnityksen-valierapaikkaan\/"},"wordCount":385,"publisher":{"@id":"https:\/\/aktialiiga.fi\/miehet\/#organization"},"image":{"@id":"https:\/\/aktialiiga.fi\/miehet\/2023-2024\/ottelut-2023-24\/grifk-otti-ensimmaisen-kiinnityksen-valierapaikkaan\/#primaryimage"},"thumbnailUrl":"https:\/\/i0.wp.com\/aktialiiga.fi\/miehet\/wp-content\/uploads\/sites\/5\/2024\/03\/GrIFK_Roslander_Kankaanpaa_2324.jpg?fit=2104%2C993&ssl=1","keywords":["GrIFK","SIF"],"articleSection":["Ottelut"],"inLanguage":"fi"},{"@type":"WebPage","@id":"https:\/\/aktialiiga.fi\/miehet\/2023-2024\/ottelut-2023-24\/grifk-otti-ensimmaisen-kiinnityksen-valierapaikkaan\/","url":"https:\/\/aktialiiga.fi\/miehet\/2023-2024\/ottelut-2023-24\/grifk-otti-ensimmaisen-kiinnityksen-valierapaikkaan\/","name":"GrIFK otti ensimm\u00e4isen kiinnityksen v\u00e4lier\u00e4paikkaan | K\u00e4sipallon miesten Aktialiiga","isPartOf":{"@id":"https:\/\/aktialiiga.fi\/miehet\/#website"},"primaryImageOfPage":{"@id":"https:\/\/aktialiiga.fi\/miehet\/2023-2024\/ottelut-2023-24\/grifk-otti-ensimmaisen-kiinnityksen-valierapaikkaan\/#primaryimage"},"image":{"@id":"https:\/\/aktialiiga.fi\/miehet\/2023-2024\/ottelut-2023-24\/grifk-otti-ensimmaisen-kiinnityksen-valierapaikkaan\/#primaryimage"},"thumbnailUrl":"https:\/\/i0.wp.com\/aktialiiga.fi\/miehet\/wp-content\/uploads\/sites\/5\/2024\/03\/GrIFK_Roslander_Kankaanpaa_2324.jpg?fit=2104%2C993&ssl=1","datePublished":"2024-03-20T18:34:40+00:00","dateModified":"2024-03-20T19:18:01+00:00","breadcrumb":{"@id":"https:\/\/aktialiiga.fi\/miehet\/2023-2024\/ottelut-2023-24\/grifk-otti-ensimmaisen-kiinnityksen-valierapaikkaan\/#breadcrumb"},"inLanguage":"fi","potentialAction":[{"@type":"ReadAction","target":["https:\/\/aktialiiga.fi\/miehet\/2023-2024\/ottelut-2023-24\/grifk-otti-ensimmaisen-kiinnityksen-valierapaikkaan\/"]}]},{"@type":"ImageObject","inLanguage":"fi","@id":"https:\/\/aktialiiga.fi\/miehet\/2023-2024\/ottelut-2023-24\/grifk-otti-ensimmaisen-kiinnityksen-valierapaikkaan\/#primaryimage","url":"https:\/\/i0.wp.com\/aktialiiga.fi\/miehet\/wp-content\/uploads\/sites\/5\/2024\/03\/GrIFK_Roslander_Kankaanpaa_2324.jpg?fit=2104%2C993&ssl=1","contentUrl":"https:\/\/i0.wp.com\/aktialiiga.fi\/miehet\/wp-content\/uploads\/sites\/5\/2024\/03\/GrIFK_Roslander_Kankaanpaa_2324.jpg?fit=2104%2C993&ssl=1","width":2104,"height":993,"caption":"Patrik Roslander, GrIFK ja Kalle Kankaanpa\u0308a\u0308, GrIFK K\u00e4sipallon SM-liiga GrIFK - SIF Kauniaisten palloiluhalli 19. lokakuuta 2023. (Kalle Parkkinen\/Newspix24)"},{"@type":"BreadcrumbList","@id":"https:\/\/aktialiiga.fi\/miehet\/2023-2024\/ottelut-2023-24\/grifk-otti-ensimmaisen-kiinnityksen-valierapaikkaan\/#breadcrumb","itemListElement":[{"@type":"ListItem","position":1,"name":"Etusivu","item":"https:\/\/aktialiiga.fi\/miehet\/"},{"@type":"ListItem","position":2,"name":"GrIFK otti ensimm\u00e4isen kiinnityksen v\u00e4lier\u00e4paikkaan"}]},{"@type":"WebSite","@id":"https:\/\/aktialiiga.fi\/miehet\/#website","url":"https:\/\/aktialiiga.fi\/miehet\/","name":"K\u00e4sipallon miesten Aktialiiga","description":"Valtakunnan vauhdikkainta palloilua!","publisher":{"@id":"https:\/\/aktialiiga.fi\/miehet\/#organization"},"potentialAction":[{"@type":"SearchAction","target":{"@type":"EntryPoint","urlTemplate":"https:\/\/aktialiiga.fi\/miehet\/?s={search_term_string}"},"query-input":{"@type":"PropertyValueSpecification","valueRequired":true,"valueName":"search_term_string"}}],"inLanguage":"fi"},{"@type":"Organization","@id":"https:\/\/aktialiiga.fi\/miehet\/#organization","name":"K\u00e4sipallon miesten Aktialiiga","url":"https:\/\/aktialiiga.fi\/miehet\/","logo":{"@type":"ImageObject","inLanguage":"fi","@id":"https:\/\/aktialiiga.fi\/miehet\/#\/schema\/logo\/image\/","url":"https:\/\/i0.wp.com\/aktialiiga.fi\/miehet\/wp-content\/uploads\/sites\/5\/2024\/09\/Aktialiiga-Yoast-512.png?fit=512%2C512&ssl=1","contentUrl":"https:\/\/i0.wp.com\/aktialiiga.fi\/miehet\/wp-content\/uploads\/sites\/5\/2024\/09\/Aktialiiga-Yoast-512.png?fit=512%2C512&ssl=1","width":512,"height":512,"caption":"K\u00e4sipallon miesten Aktialiiga"},"image":{"@id":"https:\/\/aktialiiga.fi\/miehet\/#\/schema\/logo\/image\/"},"sameAs":["https:\/\/www.facebook.com\/finnhandball","https:\/\/x.com\/finnhandball","https:\/\/www.instagram.com\/handballfinland\/"]},{"@type":"Person","@id":"https:\/\/aktialiiga.fi\/miehet\/#\/schema\/person\/c14bf42f47041db74603c45afcb18d87","name":"tbrmedia","image":{"@type":"ImageObject","inLanguage":"fi","@id":"https:\/\/secure.gravatar.com\/avatar\/ee975fa091fe581d12b60debb3439022686618368a7c142044c56724d4666b16?s=96&d=mm&r=g","url":"https:\/\/secure.gravatar.com\/avatar\/ee975fa091fe581d12b60debb3439022686618368a7c142044c56724d4666b16?s=96&d=mm&r=g","contentUrl":"https:\/\/secure.gravatar.com\/avatar\/ee975fa091fe581d12b60debb3439022686618368a7c142044c56724d4666b16?s=96&d=mm&r=g","caption":"tbrmedia"}}]}},"jetpack_featured_media_url":"https:\/\/i0.wp.com\/aktialiiga.fi\/miehet\/wp-content\/uploads\/sites\/5\/2024\/03\/GrIFK_Roslander_Kankaanpaa_2324.jpg?fit=2104%2C993&ssl=1","jetpack_sharing_enabled":true,"jetpack_shortlink":"https:\/\/wp.me\/pfTxOr-cjG","_links":{"self":[{"href":"https:\/\/aktialiiga.fi\/miehet\/wp-json\/wp\/v2\/posts\/47348","targetHints":{"allow":["GET"]}}],"collection":[{"href":"https:\/\/aktialiiga.fi\/miehet\/wp-json\/wp\/v2\/posts"}],"about":[{"href":"https:\/\/aktialiiga.fi\/miehet\/wp-json\/wp\/v2\/types\/post"}],"author":[{"embeddable":true,"href":"https:\/\/aktialiiga.fi\/miehet\/wp-json\/wp\/v2\/users\/13"}],"replies":[{"embeddable":true,"href":"https:\/\/aktialiiga.fi\/miehet\/wp-json\/wp\/v2\/comments?post=47348"}],"version-history":[{"count":0,"href":"https:\/\/aktialiiga.fi\/miehet\/wp-json\/wp\/v2\/posts\/47348\/revisions"}],"wp:featuredmedia":[{"embeddable":true,"href":"https:\/\/aktialiiga.fi\/miehet\/wp-json\/wp\/v2\/media\/47349"}],"wp:attachment":[{"href":"https:\/\/aktialiiga.fi\/miehet\/wp-json\/wp\/v2\/media?parent=47348"}],"wp:term":[{"taxonomy":"category","embeddable":true,"href":"https:\/\/aktialiiga.fi\/miehet\/wp-json\/wp\/v2\/categories?post=47348"},{"taxonomy":"post_tag","embeddable":true,"href":"https:\/\/aktialiiga.fi\/miehet\/wp-json\/wp\/v2\/tags?post=47348"}],"curies":[{"name":"wp","href":"https:\/\/api.w.org\/{rel}","templated":true}]}}