{"id":47366,"date":"2024-03-22T13:35:57","date_gmt":"2024-03-22T11:35:57","guid":{"rendered":"https:\/\/aktialiiga.fi\/miehet\/?p=47366"},"modified":"2024-03-22T13:35:57","modified_gmt":"2024-03-22T11:35:57","slug":"puolivalierien-toiset-ottelut-edessa-viikonloppuna","status":"publish","type":"post","link":"https:\/\/aktialiiga.fi\/miehet\/2023-2024\/ennakot-2023-24\/puolivalierien-toiset-ottelut-edessa-viikonloppuna\/","title":{"rendered":"Puoliv\u00e4lierien toiset ottelut edess\u00e4 viikonloppuna"},"content":{"rendered":"<p>SM-liigan puoliv\u00e4lier\u00e4sarjat ovat ensi kertaa katkolla viikonloppuna, kun ohjelmassa on toiset ottelut.<\/p>\n<p>Avausottelut olivat kumpikin hyvin tiukkoja. GrIFK puristi kotonaan voiton SIF:sta ja Dicken puolestaan vei kotiedun HIFK:lta viel\u00e4kin niukemmalla erolla.<\/p>\n<p>Kun v\u00e4lier\u00e4paikkaan tarvitaan kaksi voittoa, ovat puoliv\u00e4lier\u00e4sarjat n\u00e4in katkolla jo viikonloppuna. Lauantaina Siuntiossa SIF on siis pakkovoiton edess\u00e4 ja ev\u00e4\u00e4t sen hankkimiseksi ovat selke\u00e4sti tiedossa.<\/p>\n<p>&#8211; Meill\u00e4 oli mahdollisuutemme ensimm\u00e4isess\u00e4 ottelussa ja meill\u00e4 on ne ehdottomasti edelleen, mutta meid\u00e4n on ehdottomasti saatava lis\u00e4\u00e4 vauhtia hy\u00f6kk\u00e4yspelimme, SIF:n p\u00e4\u00e4valmentaja Jan Hagman sanoi V\u00e4stra Nylandille.<\/p>\n<p>Granilla oli omat haasteensa avausottelussa, kun sivussa oli k\u00e4yt\u00e4nn\u00f6ss\u00e4 puolet avauskokoonpanosta. Seuran verkkosivujen mukaan lauantaiksi kokoonpano saattaa kuitenkin jo ainakin jonkun pelaajan my\u00f6t\u00e4 vahvistua.<\/p>\n<p>Dicken ja HIFK kohtaavat puolestaan sunnuntaina toisessa puoliv\u00e4lier\u00e4ss\u00e4. Avausottelu ratkesi vasta viime sekunneilla ja joukkueitten kaikki kohtaamiset kuluvalla kaudella ovat olleet eritt\u00e4in tasaisia. Pirkkolassa voikin hyv\u00e4ll\u00e4 syyll\u00e4 odottaa j\u00e4lleen yht\u00e4 j\u00e4nnitysn\u00e4ytelm\u00e4\u00e4.<\/p>\n<p><strong>SM-liigan 2. puoliv\u00e4lier\u00e4t viikonloppuna:<\/strong><br \/>\nLa 23.3. klo 16.00 SIF \u2013 GrIFK (otteluvoitot 0-1)<br \/>\nSu 24.3. klo 16.20 Dicken \u2013 HIFK (otteluvoitot 1-0)<\/p>\n<p>Kaikki SM-liigakauden ottelut suorina l\u00e4hetyksin\u00e4 <strong><a href=\"https:\/\/handis.tv\/handisliiga\" target=\"_blank\" rel=\"noopener\">HandisTV:st\u00e4<\/a><\/strong>.<\/p>\n","protected":false},"excerpt":{"rendered":"<p>SM-liigan puoliv\u00e4lier\u00e4sarjat ovat ensi kertaa katkolla viikonloppuna, kun ohjelmassa on toiset ottelut. Avausottelut olivat kumpikin hyvin tiukkoja. GrIFK puristi kotonaan voiton SIF:sta ja Dicken puolestaan vei kotiedun HIFK:lta viel\u00e4kin niukemmalla erolla. Kun v\u00e4lier\u00e4paikkaan tarvitaan kaksi voittoa, ovat puoliv\u00e4lier\u00e4sarjat n\u00e4in katkolla jo viikonloppuna. Lauantaina Siuntiossa SIF on siis pakkovoiton edess\u00e4 ja ev\u00e4\u00e4t sen hankkimiseksi ovat selke\u00e4sti [&hellip;]<\/p>\n","protected":false},"author":13,"featured_media":47367,"comment_status":"closed","ping_status":"closed","sticky":false,"template":"","format":"standard","meta":{"_acf_changed":false,"jetpack_post_was_ever_published":false,"_jetpack_newsletter_access":"","_jetpack_dont_email_post_to_subs":false,"_jetpack_newsletter_tier_id":0,"_jetpack_memberships_contains_paywalled_content":false,"_jetpack_memberships_contains_paid_content":false,"footnotes":""},"categories":[299],"tags":[58,64,71,111],"class_list":["post-47366","post","type-post","status-publish","format-standard","has-post-thumbnail","hentry","category-ennakot-2023-24","tag-dicken","tag-grifk","tag-hifk","tag-sif"],"acf":[],"yoast_head":"<!-- This site is optimized with the Yoast SEO plugin v27.5 - https:\/\/yoast.com\/product\/yoast-seo-wordpress\/ -->\n<title>Puoliv\u00e4lierien toiset ottelut edess\u00e4 viikonloppuna | K\u00e4sipallon miesten Aktialiiga<\/title>\n<meta name=\"robots\" content=\"index, follow, max-snippet:-1, max-image-preview:large, max-video-preview:-1\" \/>\n<link rel=\"canonical\" href=\"https:\/\/aktialiiga.fi\/miehet\/2023-2024\/ennakot-2023-24\/puolivalierien-toiset-ottelut-edessa-viikonloppuna\/\" \/>\n<meta property=\"og:locale\" content=\"fi_FI\" \/>\n<meta property=\"og:type\" content=\"article\" \/>\n<meta property=\"og:title\" content=\"Puoliv\u00e4lierien toiset ottelut edess\u00e4 viikonloppuna | K\u00e4sipallon miesten Aktialiiga\" \/>\n<meta property=\"og:description\" content=\"SM-liigan puoliv\u00e4lier\u00e4sarjat ovat ensi kertaa katkolla viikonloppuna, kun ohjelmassa on toiset ottelut. Avausottelut olivat kumpikin hyvin tiukkoja. GrIFK puristi kotonaan voiton SIF:sta ja Dicken puolestaan vei kotiedun HIFK:lta viel\u00e4kin niukemmalla erolla. Kun v\u00e4lier\u00e4paikkaan tarvitaan kaksi voittoa, ovat puoliv\u00e4lier\u00e4sarjat n\u00e4in katkolla jo viikonloppuna. Lauantaina Siuntiossa SIF on siis pakkovoiton edess\u00e4 ja ev\u00e4\u00e4t sen hankkimiseksi ovat selke\u00e4sti [&hellip;]\" \/>\n<meta property=\"og:url\" content=\"https:\/\/aktialiiga.fi\/miehet\/2023-2024\/ennakot-2023-24\/puolivalierien-toiset-ottelut-edessa-viikonloppuna\/\" \/>\n<meta property=\"og:site_name\" content=\"K\u00e4sipallon miesten Aktialiiga\" \/>\n<meta property=\"article:publisher\" content=\"https:\/\/www.facebook.com\/finnhandball\" \/>\n<meta property=\"article:published_time\" content=\"2024-03-22T11:35:57+00:00\" \/>\n<meta property=\"og:image\" content=\"https:\/\/i0.wp.com\/aktialiiga.fi\/miehet\/wp-content\/uploads\/sites\/5\/2024\/03\/GrIFK-SIF_peli_2324.jpg?fit=1167%2C543&ssl=1\" \/>\n\t<meta property=\"og:image:width\" content=\"1167\" \/>\n\t<meta property=\"og:image:height\" content=\"543\" \/>\n\t<meta property=\"og:image:type\" content=\"image\/jpeg\" \/>\n<meta name=\"author\" content=\"tbrmedia\" \/>\n<meta name=\"twitter:card\" content=\"summary_large_image\" \/>\n<meta name=\"twitter:creator\" content=\"@finnhandball\" \/>\n<meta name=\"twitter:site\" content=\"@finnhandball\" \/>\n<script type=\"application\/ld+json\" class=\"yoast-schema-graph\">{\"@context\":\"https:\\\/\\\/schema.org\",\"@graph\":[{\"@type\":\"Article\",\"@id\":\"https:\\\/\\\/aktialiiga.fi\\\/miehet\\\/2023-2024\\\/ennakot-2023-24\\\/puolivalierien-toiset-ottelut-edessa-viikonloppuna\\\/#article\",\"isPartOf\":{\"@id\":\"https:\\\/\\\/aktialiiga.fi\\\/miehet\\\/2023-2024\\\/ennakot-2023-24\\\/puolivalierien-toiset-ottelut-edessa-viikonloppuna\\\/\"},\"author\":{\"name\":\"tbrmedia\",\"@id\":\"https:\\\/\\\/aktialiiga.fi\\\/miehet\\\/#\\\/schema\\\/person\\\/c14bf42f47041db74603c45afcb18d87\"},\"headline\":\"Puoliv\u00e4lierien toiset ottelut edess\u00e4 viikonloppuna\",\"datePublished\":\"2024-03-22T11:35:57+00:00\",\"mainEntityOfPage\":{\"@id\":\"https:\\\/\\\/aktialiiga.fi\\\/miehet\\\/2023-2024\\\/ennakot-2023-24\\\/puolivalierien-toiset-ottelut-edessa-viikonloppuna\\\/\"},\"wordCount\":199,\"publisher\":{\"@id\":\"https:\\\/\\\/aktialiiga.fi\\\/miehet\\\/#organization\"},\"image\":{\"@id\":\"https:\\\/\\\/aktialiiga.fi\\\/miehet\\\/2023-2024\\\/ennakot-2023-24\\\/puolivalierien-toiset-ottelut-edessa-viikonloppuna\\\/#primaryimage\"},\"thumbnailUrl\":\"https:\\\/\\\/i0.wp.com\\\/aktialiiga.fi\\\/miehet\\\/wp-content\\\/uploads\\\/sites\\\/5\\\/2024\\\/03\\\/GrIFK-SIF_peli_2324.jpg?fit=1167%2C543&ssl=1\",\"keywords\":[\"Dicken\",\"GrIFK\",\"HIFK\",\"SIF\"],\"articleSection\":[\"Ennakot\"],\"inLanguage\":\"fi\"},{\"@type\":\"WebPage\",\"@id\":\"https:\\\/\\\/aktialiiga.fi\\\/miehet\\\/2023-2024\\\/ennakot-2023-24\\\/puolivalierien-toiset-ottelut-edessa-viikonloppuna\\\/\",\"url\":\"https:\\\/\\\/aktialiiga.fi\\\/miehet\\\/2023-2024\\\/ennakot-2023-24\\\/puolivalierien-toiset-ottelut-edessa-viikonloppuna\\\/\",\"name\":\"Puoliv\u00e4lierien toiset ottelut edess\u00e4 viikonloppuna | K\u00e4sipallon miesten Aktialiiga\",\"isPartOf\":{\"@id\":\"https:\\\/\\\/aktialiiga.fi\\\/miehet\\\/#website\"},\"primaryImageOfPage\":{\"@id\":\"https:\\\/\\\/aktialiiga.fi\\\/miehet\\\/2023-2024\\\/ennakot-2023-24\\\/puolivalierien-toiset-ottelut-edessa-viikonloppuna\\\/#primaryimage\"},\"image\":{\"@id\":\"https:\\\/\\\/aktialiiga.fi\\\/miehet\\\/2023-2024\\\/ennakot-2023-24\\\/puolivalierien-toiset-ottelut-edessa-viikonloppuna\\\/#primaryimage\"},\"thumbnailUrl\":\"https:\\\/\\\/i0.wp.com\\\/aktialiiga.fi\\\/miehet\\\/wp-content\\\/uploads\\\/sites\\\/5\\\/2024\\\/03\\\/GrIFK-SIF_peli_2324.jpg?fit=1167%2C543&ssl=1\",\"datePublished\":\"2024-03-22T11:35:57+00:00\",\"breadcrumb\":{\"@id\":\"https:\\\/\\\/aktialiiga.fi\\\/miehet\\\/2023-2024\\\/ennakot-2023-24\\\/puolivalierien-toiset-ottelut-edessa-viikonloppuna\\\/#breadcrumb\"},\"inLanguage\":\"fi\",\"potentialAction\":[{\"@type\":\"ReadAction\",\"target\":[\"https:\\\/\\\/aktialiiga.fi\\\/miehet\\\/2023-2024\\\/ennakot-2023-24\\\/puolivalierien-toiset-ottelut-edessa-viikonloppuna\\\/\"]}]},{\"@type\":\"ImageObject\",\"inLanguage\":\"fi\",\"@id\":\"https:\\\/\\\/aktialiiga.fi\\\/miehet\\\/2023-2024\\\/ennakot-2023-24\\\/puolivalierien-toiset-ottelut-edessa-viikonloppuna\\\/#primaryimage\",\"url\":\"https:\\\/\\\/i0.wp.com\\\/aktialiiga.fi\\\/miehet\\\/wp-content\\\/uploads\\\/sites\\\/5\\\/2024\\\/03\\\/GrIFK-SIF_peli_2324.jpg?fit=1167%2C543&ssl=1\",\"contentUrl\":\"https:\\\/\\\/i0.wp.com\\\/aktialiiga.fi\\\/miehet\\\/wp-content\\\/uploads\\\/sites\\\/5\\\/2024\\\/03\\\/GrIFK-SIF_peli_2324.jpg?fit=1167%2C543&ssl=1\",\"width\":1167,\"height\":543,\"caption\":\"Christoffer Thor, SIF, Kalle Kankaanpa\u0308a\u0308, GrIFK ja Jere Kantee, GrIFK K\u00e4sipallon SM-liiga GrIFK - SIF Kauniaisten palloiluhalli 19. lokakuuta 2023. (Kalle Parkkinen\\\/Newspix24)\"},{\"@type\":\"BreadcrumbList\",\"@id\":\"https:\\\/\\\/aktialiiga.fi\\\/miehet\\\/2023-2024\\\/ennakot-2023-24\\\/puolivalierien-toiset-ottelut-edessa-viikonloppuna\\\/#breadcrumb\",\"itemListElement\":[{\"@type\":\"ListItem\",\"position\":1,\"name\":\"Etusivu\",\"item\":\"https:\\\/\\\/aktialiiga.fi\\\/miehet\\\/\"},{\"@type\":\"ListItem\",\"position\":2,\"name\":\"Puoliv\u00e4lierien toiset ottelut edess\u00e4 viikonloppuna\"}]},{\"@type\":\"WebSite\",\"@id\":\"https:\\\/\\\/aktialiiga.fi\\\/miehet\\\/#website\",\"url\":\"https:\\\/\\\/aktialiiga.fi\\\/miehet\\\/\",\"name\":\"K\u00e4sipallon miesten Aktialiiga\",\"description\":\"Valtakunnan vauhdikkainta palloilua!\",\"publisher\":{\"@id\":\"https:\\\/\\\/aktialiiga.fi\\\/miehet\\\/#organization\"},\"potentialAction\":[{\"@type\":\"SearchAction\",\"target\":{\"@type\":\"EntryPoint\",\"urlTemplate\":\"https:\\\/\\\/aktialiiga.fi\\\/miehet\\\/?s={search_term_string}\"},\"query-input\":{\"@type\":\"PropertyValueSpecification\",\"valueRequired\":true,\"valueName\":\"search_term_string\"}}],\"inLanguage\":\"fi\"},{\"@type\":\"Organization\",\"@id\":\"https:\\\/\\\/aktialiiga.fi\\\/miehet\\\/#organization\",\"name\":\"K\u00e4sipallon miesten Aktialiiga\",\"url\":\"https:\\\/\\\/aktialiiga.fi\\\/miehet\\\/\",\"logo\":{\"@type\":\"ImageObject\",\"inLanguage\":\"fi\",\"@id\":\"https:\\\/\\\/aktialiiga.fi\\\/miehet\\\/#\\\/schema\\\/logo\\\/image\\\/\",\"url\":\"https:\\\/\\\/i0.wp.com\\\/aktialiiga.fi\\\/miehet\\\/wp-content\\\/uploads\\\/sites\\\/5\\\/2024\\\/09\\\/Aktialiiga-Yoast-512.png?fit=512%2C512&ssl=1\",\"contentUrl\":\"https:\\\/\\\/i0.wp.com\\\/aktialiiga.fi\\\/miehet\\\/wp-content\\\/uploads\\\/sites\\\/5\\\/2024\\\/09\\\/Aktialiiga-Yoast-512.png?fit=512%2C512&ssl=1\",\"width\":512,\"height\":512,\"caption\":\"K\u00e4sipallon miesten Aktialiiga\"},\"image\":{\"@id\":\"https:\\\/\\\/aktialiiga.fi\\\/miehet\\\/#\\\/schema\\\/logo\\\/image\\\/\"},\"sameAs\":[\"https:\\\/\\\/www.facebook.com\\\/finnhandball\",\"https:\\\/\\\/x.com\\\/finnhandball\",\"https:\\\/\\\/www.instagram.com\\\/handballfinland\\\/\"]},{\"@type\":\"Person\",\"@id\":\"https:\\\/\\\/aktialiiga.fi\\\/miehet\\\/#\\\/schema\\\/person\\\/c14bf42f47041db74603c45afcb18d87\",\"name\":\"tbrmedia\",\"image\":{\"@type\":\"ImageObject\",\"inLanguage\":\"fi\",\"@id\":\"https:\\\/\\\/secure.gravatar.com\\\/avatar\\\/ee975fa091fe581d12b60debb3439022686618368a7c142044c56724d4666b16?s=96&d=mm&r=g\",\"url\":\"https:\\\/\\\/secure.gravatar.com\\\/avatar\\\/ee975fa091fe581d12b60debb3439022686618368a7c142044c56724d4666b16?s=96&d=mm&r=g\",\"contentUrl\":\"https:\\\/\\\/secure.gravatar.com\\\/avatar\\\/ee975fa091fe581d12b60debb3439022686618368a7c142044c56724d4666b16?s=96&d=mm&r=g\",\"caption\":\"tbrmedia\"}}]}<\/script>\n<!-- \/ Yoast SEO plugin. -->","yoast_head_json":{"title":"Puoliv\u00e4lierien toiset ottelut edess\u00e4 viikonloppuna | K\u00e4sipallon miesten Aktialiiga","robots":{"index":"index","follow":"follow","max-snippet":"max-snippet:-1","max-image-preview":"max-image-preview:large","max-video-preview":"max-video-preview:-1"},"canonical":"https:\/\/aktialiiga.fi\/miehet\/2023-2024\/ennakot-2023-24\/puolivalierien-toiset-ottelut-edessa-viikonloppuna\/","og_locale":"fi_FI","og_type":"article","og_title":"Puoliv\u00e4lierien toiset ottelut edess\u00e4 viikonloppuna | K\u00e4sipallon miesten Aktialiiga","og_description":"SM-liigan puoliv\u00e4lier\u00e4sarjat ovat ensi kertaa katkolla viikonloppuna, kun ohjelmassa on toiset ottelut. Avausottelut olivat kumpikin hyvin tiukkoja. GrIFK puristi kotonaan voiton SIF:sta ja Dicken puolestaan vei kotiedun HIFK:lta viel\u00e4kin niukemmalla erolla. Kun v\u00e4lier\u00e4paikkaan tarvitaan kaksi voittoa, ovat puoliv\u00e4lier\u00e4sarjat n\u00e4in katkolla jo viikonloppuna. Lauantaina Siuntiossa SIF on siis pakkovoiton edess\u00e4 ja ev\u00e4\u00e4t sen hankkimiseksi ovat selke\u00e4sti [&hellip;]","og_url":"https:\/\/aktialiiga.fi\/miehet\/2023-2024\/ennakot-2023-24\/puolivalierien-toiset-ottelut-edessa-viikonloppuna\/","og_site_name":"K\u00e4sipallon miesten Aktialiiga","article_publisher":"https:\/\/www.facebook.com\/finnhandball","article_published_time":"2024-03-22T11:35:57+00:00","og_image":[{"width":1167,"height":543,"url":"https:\/\/i0.wp.com\/aktialiiga.fi\/miehet\/wp-content\/uploads\/sites\/5\/2024\/03\/GrIFK-SIF_peli_2324.jpg?fit=1167%2C543&ssl=1","type":"image\/jpeg"}],"author":"tbrmedia","twitter_card":"summary_large_image","twitter_creator":"@finnhandball","twitter_site":"@finnhandball","schema":{"@context":"https:\/\/schema.org","@graph":[{"@type":"Article","@id":"https:\/\/aktialiiga.fi\/miehet\/2023-2024\/ennakot-2023-24\/puolivalierien-toiset-ottelut-edessa-viikonloppuna\/#article","isPartOf":{"@id":"https:\/\/aktialiiga.fi\/miehet\/2023-2024\/ennakot-2023-24\/puolivalierien-toiset-ottelut-edessa-viikonloppuna\/"},"author":{"name":"tbrmedia","@id":"https:\/\/aktialiiga.fi\/miehet\/#\/schema\/person\/c14bf42f47041db74603c45afcb18d87"},"headline":"Puoliv\u00e4lierien toiset ottelut edess\u00e4 viikonloppuna","datePublished":"2024-03-22T11:35:57+00:00","mainEntityOfPage":{"@id":"https:\/\/aktialiiga.fi\/miehet\/2023-2024\/ennakot-2023-24\/puolivalierien-toiset-ottelut-edessa-viikonloppuna\/"},"wordCount":199,"publisher":{"@id":"https:\/\/aktialiiga.fi\/miehet\/#organization"},"image":{"@id":"https:\/\/aktialiiga.fi\/miehet\/2023-2024\/ennakot-2023-24\/puolivalierien-toiset-ottelut-edessa-viikonloppuna\/#primaryimage"},"thumbnailUrl":"https:\/\/i0.wp.com\/aktialiiga.fi\/miehet\/wp-content\/uploads\/sites\/5\/2024\/03\/GrIFK-SIF_peli_2324.jpg?fit=1167%2C543&ssl=1","keywords":["Dicken","GrIFK","HIFK","SIF"],"articleSection":["Ennakot"],"inLanguage":"fi"},{"@type":"WebPage","@id":"https:\/\/aktialiiga.fi\/miehet\/2023-2024\/ennakot-2023-24\/puolivalierien-toiset-ottelut-edessa-viikonloppuna\/","url":"https:\/\/aktialiiga.fi\/miehet\/2023-2024\/ennakot-2023-24\/puolivalierien-toiset-ottelut-edessa-viikonloppuna\/","name":"Puoliv\u00e4lierien toiset ottelut edess\u00e4 viikonloppuna | K\u00e4sipallon miesten Aktialiiga","isPartOf":{"@id":"https:\/\/aktialiiga.fi\/miehet\/#website"},"primaryImageOfPage":{"@id":"https:\/\/aktialiiga.fi\/miehet\/2023-2024\/ennakot-2023-24\/puolivalierien-toiset-ottelut-edessa-viikonloppuna\/#primaryimage"},"image":{"@id":"https:\/\/aktialiiga.fi\/miehet\/2023-2024\/ennakot-2023-24\/puolivalierien-toiset-ottelut-edessa-viikonloppuna\/#primaryimage"},"thumbnailUrl":"https:\/\/i0.wp.com\/aktialiiga.fi\/miehet\/wp-content\/uploads\/sites\/5\/2024\/03\/GrIFK-SIF_peli_2324.jpg?fit=1167%2C543&ssl=1","datePublished":"2024-03-22T11:35:57+00:00","breadcrumb":{"@id":"https:\/\/aktialiiga.fi\/miehet\/2023-2024\/ennakot-2023-24\/puolivalierien-toiset-ottelut-edessa-viikonloppuna\/#breadcrumb"},"inLanguage":"fi","potentialAction":[{"@type":"ReadAction","target":["https:\/\/aktialiiga.fi\/miehet\/2023-2024\/ennakot-2023-24\/puolivalierien-toiset-ottelut-edessa-viikonloppuna\/"]}]},{"@type":"ImageObject","inLanguage":"fi","@id":"https:\/\/aktialiiga.fi\/miehet\/2023-2024\/ennakot-2023-24\/puolivalierien-toiset-ottelut-edessa-viikonloppuna\/#primaryimage","url":"https:\/\/i0.wp.com\/aktialiiga.fi\/miehet\/wp-content\/uploads\/sites\/5\/2024\/03\/GrIFK-SIF_peli_2324.jpg?fit=1167%2C543&ssl=1","contentUrl":"https:\/\/i0.wp.com\/aktialiiga.fi\/miehet\/wp-content\/uploads\/sites\/5\/2024\/03\/GrIFK-SIF_peli_2324.jpg?fit=1167%2C543&ssl=1","width":1167,"height":543,"caption":"Christoffer Thor, SIF, Kalle Kankaanpa\u0308a\u0308, GrIFK ja Jere Kantee, GrIFK K\u00e4sipallon SM-liiga GrIFK - SIF Kauniaisten palloiluhalli 19. lokakuuta 2023. (Kalle Parkkinen\/Newspix24)"},{"@type":"BreadcrumbList","@id":"https:\/\/aktialiiga.fi\/miehet\/2023-2024\/ennakot-2023-24\/puolivalierien-toiset-ottelut-edessa-viikonloppuna\/#breadcrumb","itemListElement":[{"@type":"ListItem","position":1,"name":"Etusivu","item":"https:\/\/aktialiiga.fi\/miehet\/"},{"@type":"ListItem","position":2,"name":"Puoliv\u00e4lierien toiset ottelut edess\u00e4 viikonloppuna"}]},{"@type":"WebSite","@id":"https:\/\/aktialiiga.fi\/miehet\/#website","url":"https:\/\/aktialiiga.fi\/miehet\/","name":"K\u00e4sipallon miesten Aktialiiga","description":"Valtakunnan vauhdikkainta palloilua!","publisher":{"@id":"https:\/\/aktialiiga.fi\/miehet\/#organization"},"potentialAction":[{"@type":"SearchAction","target":{"@type":"EntryPoint","urlTemplate":"https:\/\/aktialiiga.fi\/miehet\/?s={search_term_string}"},"query-input":{"@type":"PropertyValueSpecification","valueRequired":true,"valueName":"search_term_string"}}],"inLanguage":"fi"},{"@type":"Organization","@id":"https:\/\/aktialiiga.fi\/miehet\/#organization","name":"K\u00e4sipallon miesten Aktialiiga","url":"https:\/\/aktialiiga.fi\/miehet\/","logo":{"@type":"ImageObject","inLanguage":"fi","@id":"https:\/\/aktialiiga.fi\/miehet\/#\/schema\/logo\/image\/","url":"https:\/\/i0.wp.com\/aktialiiga.fi\/miehet\/wp-content\/uploads\/sites\/5\/2024\/09\/Aktialiiga-Yoast-512.png?fit=512%2C512&ssl=1","contentUrl":"https:\/\/i0.wp.com\/aktialiiga.fi\/miehet\/wp-content\/uploads\/sites\/5\/2024\/09\/Aktialiiga-Yoast-512.png?fit=512%2C512&ssl=1","width":512,"height":512,"caption":"K\u00e4sipallon miesten Aktialiiga"},"image":{"@id":"https:\/\/aktialiiga.fi\/miehet\/#\/schema\/logo\/image\/"},"sameAs":["https:\/\/www.facebook.com\/finnhandball","https:\/\/x.com\/finnhandball","https:\/\/www.instagram.com\/handballfinland\/"]},{"@type":"Person","@id":"https:\/\/aktialiiga.fi\/miehet\/#\/schema\/person\/c14bf42f47041db74603c45afcb18d87","name":"tbrmedia","image":{"@type":"ImageObject","inLanguage":"fi","@id":"https:\/\/secure.gravatar.com\/avatar\/ee975fa091fe581d12b60debb3439022686618368a7c142044c56724d4666b16?s=96&d=mm&r=g","url":"https:\/\/secure.gravatar.com\/avatar\/ee975fa091fe581d12b60debb3439022686618368a7c142044c56724d4666b16?s=96&d=mm&r=g","contentUrl":"https:\/\/secure.gravatar.com\/avatar\/ee975fa091fe581d12b60debb3439022686618368a7c142044c56724d4666b16?s=96&d=mm&r=g","caption":"tbrmedia"}}]}},"jetpack_featured_media_url":"https:\/\/i0.wp.com\/aktialiiga.fi\/miehet\/wp-content\/uploads\/sites\/5\/2024\/03\/GrIFK-SIF_peli_2324.jpg?fit=1167%2C543&ssl=1","jetpack_sharing_enabled":true,"jetpack_shortlink":"https:\/\/wp.me\/pfTxOr-cjY","_links":{"self":[{"href":"https:\/\/aktialiiga.fi\/miehet\/wp-json\/wp\/v2\/posts\/47366","targetHints":{"allow":["GET"]}}],"collection":[{"href":"https:\/\/aktialiiga.fi\/miehet\/wp-json\/wp\/v2\/posts"}],"about":[{"href":"https:\/\/aktialiiga.fi\/miehet\/wp-json\/wp\/v2\/types\/post"}],"author":[{"embeddable":true,"href":"https:\/\/aktialiiga.fi\/miehet\/wp-json\/wp\/v2\/users\/13"}],"replies":[{"embeddable":true,"href":"https:\/\/aktialiiga.fi\/miehet\/wp-json\/wp\/v2\/comments?post=47366"}],"version-history":[{"count":0,"href":"https:\/\/aktialiiga.fi\/miehet\/wp-json\/wp\/v2\/posts\/47366\/revisions"}],"wp:featuredmedia":[{"embeddable":true,"href":"https:\/\/aktialiiga.fi\/miehet\/wp-json\/wp\/v2\/media\/47367"}],"wp:attachment":[{"href":"https:\/\/aktialiiga.fi\/miehet\/wp-json\/wp\/v2\/media?parent=47366"}],"wp:term":[{"taxonomy":"category","embeddable":true,"href":"https:\/\/aktialiiga.fi\/miehet\/wp-json\/wp\/v2\/categories?post=47366"},{"taxonomy":"post_tag","embeddable":true,"href":"https:\/\/aktialiiga.fi\/miehet\/wp-json\/wp\/v2\/tags?post=47366"}],"curies":[{"name":"wp","href":"https:\/\/api.w.org\/{rel}","templated":true}]}}