{"id":47430,"date":"2024-03-23T17:36:52","date_gmt":"2024-03-23T15:36:52","guid":{"rendered":"https:\/\/aktialiiga.fi\/miehet\/?p=47430"},"modified":"2024-03-23T18:00:11","modified_gmt":"2024-03-23T16:00:11","slug":"grifk-puristi-valieriin-kaatamalla-sifn-niukasti","status":"publish","type":"post","link":"https:\/\/aktialiiga.fi\/miehet\/2023-2024\/ottelut-2023-24\/grifk-puristi-valieriin-kaatamalla-sifn-niukasti\/","title":{"rendered":"GrIFK puristi v\u00e4lieriin kaatamalla SIF:n niukasti"},"content":{"rendered":"<p>GrIFK sinet\u00f6i v\u00e4lier\u00e4paikkansa kaatamalla SIF:n toisessa puoliv\u00e4lier\u00e4ss\u00e4 lauantaina Siuntiossa niukasti vahvan loppuvetonsa ansiosta.<\/p>\n<p>Avausjakso lauantain ottelussa eteni Granin hienoisessa hallinnassa, vaikka mit\u00e4\u00e4n isompaa eroa ei miss\u00e4\u00e4n vaiheessa syntynytk\u00e4\u00e4n. Taukoa kohden SIF kiristi otettaan ja vierasjohto oli tauolla niukasti yhden maalin suuruinen.<\/p>\n<p>Toisen jakson alussa SIF k\u00e4\u00e4nsi tilanteen nopeasti edukseen, mutta is\u00e4nn\u00e4tk\u00e4\u00e4n eiv\u00e4t varsinaiselle karkumatkalle p\u00e4\u00e4sseet, vaan Grani roikkui tuntumassa. Viimeisen kymmenminuuttisen alussa SIF p\u00e4\u00e4si kolmen maalin johtoon, mutta Grani imi eron umpeen ja tiukkojen loppuminuuttien p\u00e4\u00e4tteeksi Jere Kantee heitti voiton vieraille ratkaisseen maalin.<\/p>\n<p>SIF:n p\u00e4\u00e4valmentaja Jan Hagmanin oli vaikea uskoa johtoaseman karkaamista k\u00e4sist\u00e4 lopussa.<\/p>\n<p>&#8211; T\u00e4m\u00e4 oli valmentajanurani katkerin tappio. Onnittelut Granille ja onnea jatkoon. Iso kiitos yleis\u00f6lle upeasta kannustuksesta; Hagman kuittasi.<\/p>\n<p>GrIFK:n p\u00e4\u00e4valmentaja Mikael K\u00e4llman kiitteli ennen muuta joukkueensa puolustuspelaamista.<\/p>\n<p>&#8211; Todella hieno esitys meilt\u00e4 puolustuksessa taas t\u00e4n\u00e4\u00e4n, varsinkin toisella puoliajalla. Olen todella iloinen, ettemme joudu pelaamaan kolmatta ottelua t\u00e4ss\u00e4 tilanteessa. Saamme hiukan lepoa enne seuraavia otteluita ja toivottavasti my\u00f6s v\u00e4h\u00e4n lis\u00e4\u00e4 pelaajia kokoonpanoon, K\u00e4llman viittasi lukuisiin poissaoloihin.<\/p>\n<p>Ottelun parhaan pelaajan tittelin vei nimiins\u00e4 Granin Alexander Qvist.<\/p>\n<p>&#8211; Oli j\u00e4nnitt\u00e4v\u00e4 ottelu loppuun asti. Hyvin taisteltu kaikilta. Menemme latautuneina kohti semifinaaleja. Kiitos Siuntiolle hyv\u00e4st\u00e4 vastuksesta, Qvist jakoi tunnustusta.<\/p>\n<p><em><strong>2. puoliv\u00e4lier\u00e4:<\/strong><\/em><br \/>\n<strong>SIF \u2013 GrIFK 22-23 (11-12)<\/strong><\/p>\n<p><em>GrIFK v\u00e4lieriin otteluvoitoin 2-0.<\/em><\/p>\n<p><strong>Maalintekij\u00e4t<\/strong>: maalit (7m maalit)<br \/>\nSIF: Anton Luuppala 6, Christoffer Thor 4, Artur Morgenson 4, Vladimir Tomic 3, Dmytro Turchenko 2 (2), Niki Tuominen 2, Joonas Ahola 1<br \/>\nGrIFK: Fredrik Forss 6 (5), Alexander Qvist 5, Jere Kantee 3, Kalle Kankaanp\u00e4\u00e4 3, Wilhelm Parvinen 2, Erik \u00c5kermarck 1, William Nysten 1, Isak Lehvonen 1, Miro Koljonen 1<\/p>\n<p><strong>T\u00e4htipelaajat<\/strong><br \/>\nAlexander Qvist GrIFK 3<br \/>\nAnton Luuppala SIF 2<br \/>\nPatrik Roslander GrIFK 1<\/p>\n<p><strong>2 min ulosajot sek\u00e4 pelist\u00e4 sulkemiset<\/strong><br \/>\nSIF: Anton Luuppala 1 x 2 min, Axel Sj\u00f6stedt 1 x 2 min, Daniel Walander 1 x 2 min, Joonas Ahola 1 x 2 min, Niki Tuominen 1 x 2 min, Vladimir Tomic 2 x 2 min<br \/>\nGrIFK: Fredrik Forss 1 x 2 min, Kalle Kankaanp\u00e4\u00e4 2 x 2 min, William Nysten 1 x 2 min<\/p>\n<p><em>Erotuomarit<\/em>: Sami Kinnari &#8211; Johan Skogberg<\/p>\n<p><em>Yleis\u00f6\u00e4<\/em>: 382<\/p>\n","protected":false},"excerpt":{"rendered":"<p>GrIFK sinet\u00f6i v\u00e4lier\u00e4paikkansa kaatamalla SIF:n toisessa puoliv\u00e4lier\u00e4ss\u00e4 lauantaina Siuntiossa niukasti vahvan loppuvetonsa ansiosta. Avausjakso lauantain ottelussa eteni Granin hienoisessa hallinnassa, vaikka mit\u00e4\u00e4n isompaa eroa ei miss\u00e4\u00e4n vaiheessa syntynytk\u00e4\u00e4n. Taukoa kohden SIF kiristi otettaan ja vierasjohto oli tauolla niukasti yhden maalin suuruinen. Toisen jakson alussa SIF k\u00e4\u00e4nsi tilanteen nopeasti edukseen, mutta is\u00e4nn\u00e4tk\u00e4\u00e4n eiv\u00e4t varsinaiselle karkumatkalle p\u00e4\u00e4sseet, [&hellip;]<\/p>\n","protected":false},"author":13,"featured_media":47431,"comment_status":"closed","ping_status":"closed","sticky":false,"template":"","format":"standard","meta":{"_acf_changed":false,"jetpack_post_was_ever_published":false,"_jetpack_newsletter_access":"","_jetpack_dont_email_post_to_subs":false,"_jetpack_newsletter_tier_id":0,"_jetpack_memberships_contains_paywalled_content":false,"_jetpack_memberships_contains_paid_content":false,"footnotes":""},"categories":[303],"tags":[64,111],"class_list":["post-47430","post","type-post","status-publish","format-standard","has-post-thumbnail","hentry","category-ottelut-2023-24","tag-grifk","tag-sif"],"acf":[],"yoast_head":"<!-- This site is optimized with the Yoast SEO plugin v27.5 - https:\/\/yoast.com\/product\/yoast-seo-wordpress\/ -->\n<title>GrIFK puristi v\u00e4lieriin kaatamalla SIF:n niukasti | K\u00e4sipallon miesten Aktialiiga<\/title>\n<meta name=\"robots\" content=\"index, follow, max-snippet:-1, max-image-preview:large, max-video-preview:-1\" \/>\n<link rel=\"canonical\" href=\"https:\/\/aktialiiga.fi\/miehet\/2023-2024\/ottelut-2023-24\/grifk-puristi-valieriin-kaatamalla-sifn-niukasti\/\" \/>\n<meta property=\"og:locale\" content=\"fi_FI\" \/>\n<meta property=\"og:type\" content=\"article\" \/>\n<meta property=\"og:title\" content=\"GrIFK puristi v\u00e4lieriin kaatamalla SIF:n niukasti | K\u00e4sipallon miesten Aktialiiga\" \/>\n<meta property=\"og:description\" content=\"GrIFK sinet\u00f6i v\u00e4lier\u00e4paikkansa kaatamalla SIF:n toisessa puoliv\u00e4lier\u00e4ss\u00e4 lauantaina Siuntiossa niukasti vahvan loppuvetonsa ansiosta. Avausjakso lauantain ottelussa eteni Granin hienoisessa hallinnassa, vaikka mit\u00e4\u00e4n isompaa eroa ei miss\u00e4\u00e4n vaiheessa syntynytk\u00e4\u00e4n. Taukoa kohden SIF kiristi otettaan ja vierasjohto oli tauolla niukasti yhden maalin suuruinen. Toisen jakson alussa SIF k\u00e4\u00e4nsi tilanteen nopeasti edukseen, mutta is\u00e4nn\u00e4tk\u00e4\u00e4n eiv\u00e4t varsinaiselle karkumatkalle p\u00e4\u00e4sseet, [&hellip;]\" \/>\n<meta property=\"og:url\" content=\"https:\/\/aktialiiga.fi\/miehet\/2023-2024\/ottelut-2023-24\/grifk-puristi-valieriin-kaatamalla-sifn-niukasti\/\" \/>\n<meta property=\"og:site_name\" content=\"K\u00e4sipallon miesten Aktialiiga\" \/>\n<meta property=\"article:publisher\" content=\"https:\/\/www.facebook.com\/finnhandball\" \/>\n<meta property=\"article:published_time\" content=\"2024-03-23T15:36:52+00:00\" \/>\n<meta property=\"article:modified_time\" content=\"2024-03-23T16:00:11+00:00\" \/>\n<meta property=\"og:image\" content=\"https:\/\/i0.wp.com\/aktialiiga.fi\/miehet\/wp-content\/uploads\/sites\/5\/2024\/03\/GrIFK_Kallman_Mikael_2324c.jpg?fit=914%2C423&ssl=1\" \/>\n\t<meta property=\"og:image:width\" content=\"914\" \/>\n\t<meta property=\"og:image:height\" content=\"423\" \/>\n\t<meta property=\"og:image:type\" content=\"image\/jpeg\" \/>\n<meta name=\"author\" content=\"tbrmedia\" \/>\n<meta name=\"twitter:card\" content=\"summary_large_image\" \/>\n<meta name=\"twitter:creator\" content=\"@finnhandball\" \/>\n<meta name=\"twitter:site\" content=\"@finnhandball\" \/>\n<script type=\"application\/ld+json\" class=\"yoast-schema-graph\">{\"@context\":\"https:\\\/\\\/schema.org\",\"@graph\":[{\"@type\":\"Article\",\"@id\":\"https:\\\/\\\/aktialiiga.fi\\\/miehet\\\/2023-2024\\\/ottelut-2023-24\\\/grifk-puristi-valieriin-kaatamalla-sifn-niukasti\\\/#article\",\"isPartOf\":{\"@id\":\"https:\\\/\\\/aktialiiga.fi\\\/miehet\\\/2023-2024\\\/ottelut-2023-24\\\/grifk-puristi-valieriin-kaatamalla-sifn-niukasti\\\/\"},\"author\":{\"name\":\"tbrmedia\",\"@id\":\"https:\\\/\\\/aktialiiga.fi\\\/miehet\\\/#\\\/schema\\\/person\\\/c14bf42f47041db74603c45afcb18d87\"},\"headline\":\"GrIFK puristi v\u00e4lieriin kaatamalla SIF:n niukasti\",\"datePublished\":\"2024-03-23T15:36:52+00:00\",\"dateModified\":\"2024-03-23T16:00:11+00:00\",\"mainEntityOfPage\":{\"@id\":\"https:\\\/\\\/aktialiiga.fi\\\/miehet\\\/2023-2024\\\/ottelut-2023-24\\\/grifk-puristi-valieriin-kaatamalla-sifn-niukasti\\\/\"},\"wordCount\":343,\"publisher\":{\"@id\":\"https:\\\/\\\/aktialiiga.fi\\\/miehet\\\/#organization\"},\"image\":{\"@id\":\"https:\\\/\\\/aktialiiga.fi\\\/miehet\\\/2023-2024\\\/ottelut-2023-24\\\/grifk-puristi-valieriin-kaatamalla-sifn-niukasti\\\/#primaryimage\"},\"thumbnailUrl\":\"https:\\\/\\\/i0.wp.com\\\/aktialiiga.fi\\\/miehet\\\/wp-content\\\/uploads\\\/sites\\\/5\\\/2024\\\/03\\\/GrIFK_Kallman_Mikael_2324c.jpg?fit=914%2C423&ssl=1\",\"keywords\":[\"GrIFK\",\"SIF\"],\"articleSection\":[\"Ottelut\"],\"inLanguage\":\"fi\"},{\"@type\":\"WebPage\",\"@id\":\"https:\\\/\\\/aktialiiga.fi\\\/miehet\\\/2023-2024\\\/ottelut-2023-24\\\/grifk-puristi-valieriin-kaatamalla-sifn-niukasti\\\/\",\"url\":\"https:\\\/\\\/aktialiiga.fi\\\/miehet\\\/2023-2024\\\/ottelut-2023-24\\\/grifk-puristi-valieriin-kaatamalla-sifn-niukasti\\\/\",\"name\":\"GrIFK puristi v\u00e4lieriin kaatamalla SIF:n niukasti | K\u00e4sipallon miesten Aktialiiga\",\"isPartOf\":{\"@id\":\"https:\\\/\\\/aktialiiga.fi\\\/miehet\\\/#website\"},\"primaryImageOfPage\":{\"@id\":\"https:\\\/\\\/aktialiiga.fi\\\/miehet\\\/2023-2024\\\/ottelut-2023-24\\\/grifk-puristi-valieriin-kaatamalla-sifn-niukasti\\\/#primaryimage\"},\"image\":{\"@id\":\"https:\\\/\\\/aktialiiga.fi\\\/miehet\\\/2023-2024\\\/ottelut-2023-24\\\/grifk-puristi-valieriin-kaatamalla-sifn-niukasti\\\/#primaryimage\"},\"thumbnailUrl\":\"https:\\\/\\\/i0.wp.com\\\/aktialiiga.fi\\\/miehet\\\/wp-content\\\/uploads\\\/sites\\\/5\\\/2024\\\/03\\\/GrIFK_Kallman_Mikael_2324c.jpg?fit=914%2C423&ssl=1\",\"datePublished\":\"2024-03-23T15:36:52+00:00\",\"dateModified\":\"2024-03-23T16:00:11+00:00\",\"breadcrumb\":{\"@id\":\"https:\\\/\\\/aktialiiga.fi\\\/miehet\\\/2023-2024\\\/ottelut-2023-24\\\/grifk-puristi-valieriin-kaatamalla-sifn-niukasti\\\/#breadcrumb\"},\"inLanguage\":\"fi\",\"potentialAction\":[{\"@type\":\"ReadAction\",\"target\":[\"https:\\\/\\\/aktialiiga.fi\\\/miehet\\\/2023-2024\\\/ottelut-2023-24\\\/grifk-puristi-valieriin-kaatamalla-sifn-niukasti\\\/\"]}]},{\"@type\":\"ImageObject\",\"inLanguage\":\"fi\",\"@id\":\"https:\\\/\\\/aktialiiga.fi\\\/miehet\\\/2023-2024\\\/ottelut-2023-24\\\/grifk-puristi-valieriin-kaatamalla-sifn-niukasti\\\/#primaryimage\",\"url\":\"https:\\\/\\\/i0.wp.com\\\/aktialiiga.fi\\\/miehet\\\/wp-content\\\/uploads\\\/sites\\\/5\\\/2024\\\/03\\\/GrIFK_Kallman_Mikael_2324c.jpg?fit=914%2C423&ssl=1\",\"contentUrl\":\"https:\\\/\\\/i0.wp.com\\\/aktialiiga.fi\\\/miehet\\\/wp-content\\\/uploads\\\/sites\\\/5\\\/2024\\\/03\\\/GrIFK_Kallman_Mikael_2324c.jpg?fit=914%2C423&ssl=1\",\"width\":914,\"height\":423,\"caption\":\"Mikael Ka\u0308llman, GrIFK K\u00e4sipallon SM-liiga GrIFK - SIF Kauniaisten palloiluhalli 19. lokakuuta 2023. (Kalle Parkkinen\\\/Newspix24)\"},{\"@type\":\"BreadcrumbList\",\"@id\":\"https:\\\/\\\/aktialiiga.fi\\\/miehet\\\/2023-2024\\\/ottelut-2023-24\\\/grifk-puristi-valieriin-kaatamalla-sifn-niukasti\\\/#breadcrumb\",\"itemListElement\":[{\"@type\":\"ListItem\",\"position\":1,\"name\":\"Etusivu\",\"item\":\"https:\\\/\\\/aktialiiga.fi\\\/miehet\\\/\"},{\"@type\":\"ListItem\",\"position\":2,\"name\":\"GrIFK puristi v\u00e4lieriin kaatamalla SIF:n niukasti\"}]},{\"@type\":\"WebSite\",\"@id\":\"https:\\\/\\\/aktialiiga.fi\\\/miehet\\\/#website\",\"url\":\"https:\\\/\\\/aktialiiga.fi\\\/miehet\\\/\",\"name\":\"K\u00e4sipallon miesten Aktialiiga\",\"description\":\"Valtakunnan vauhdikkainta palloilua!\",\"publisher\":{\"@id\":\"https:\\\/\\\/aktialiiga.fi\\\/miehet\\\/#organization\"},\"potentialAction\":[{\"@type\":\"SearchAction\",\"target\":{\"@type\":\"EntryPoint\",\"urlTemplate\":\"https:\\\/\\\/aktialiiga.fi\\\/miehet\\\/?s={search_term_string}\"},\"query-input\":{\"@type\":\"PropertyValueSpecification\",\"valueRequired\":true,\"valueName\":\"search_term_string\"}}],\"inLanguage\":\"fi\"},{\"@type\":\"Organization\",\"@id\":\"https:\\\/\\\/aktialiiga.fi\\\/miehet\\\/#organization\",\"name\":\"K\u00e4sipallon miesten Aktialiiga\",\"url\":\"https:\\\/\\\/aktialiiga.fi\\\/miehet\\\/\",\"logo\":{\"@type\":\"ImageObject\",\"inLanguage\":\"fi\",\"@id\":\"https:\\\/\\\/aktialiiga.fi\\\/miehet\\\/#\\\/schema\\\/logo\\\/image\\\/\",\"url\":\"https:\\\/\\\/i0.wp.com\\\/aktialiiga.fi\\\/miehet\\\/wp-content\\\/uploads\\\/sites\\\/5\\\/2024\\\/09\\\/Aktialiiga-Yoast-512.png?fit=512%2C512&ssl=1\",\"contentUrl\":\"https:\\\/\\\/i0.wp.com\\\/aktialiiga.fi\\\/miehet\\\/wp-content\\\/uploads\\\/sites\\\/5\\\/2024\\\/09\\\/Aktialiiga-Yoast-512.png?fit=512%2C512&ssl=1\",\"width\":512,\"height\":512,\"caption\":\"K\u00e4sipallon miesten Aktialiiga\"},\"image\":{\"@id\":\"https:\\\/\\\/aktialiiga.fi\\\/miehet\\\/#\\\/schema\\\/logo\\\/image\\\/\"},\"sameAs\":[\"https:\\\/\\\/www.facebook.com\\\/finnhandball\",\"https:\\\/\\\/x.com\\\/finnhandball\",\"https:\\\/\\\/www.instagram.com\\\/handballfinland\\\/\"]},{\"@type\":\"Person\",\"@id\":\"https:\\\/\\\/aktialiiga.fi\\\/miehet\\\/#\\\/schema\\\/person\\\/c14bf42f47041db74603c45afcb18d87\",\"name\":\"tbrmedia\",\"image\":{\"@type\":\"ImageObject\",\"inLanguage\":\"fi\",\"@id\":\"https:\\\/\\\/secure.gravatar.com\\\/avatar\\\/ee975fa091fe581d12b60debb3439022686618368a7c142044c56724d4666b16?s=96&d=mm&r=g\",\"url\":\"https:\\\/\\\/secure.gravatar.com\\\/avatar\\\/ee975fa091fe581d12b60debb3439022686618368a7c142044c56724d4666b16?s=96&d=mm&r=g\",\"contentUrl\":\"https:\\\/\\\/secure.gravatar.com\\\/avatar\\\/ee975fa091fe581d12b60debb3439022686618368a7c142044c56724d4666b16?s=96&d=mm&r=g\",\"caption\":\"tbrmedia\"}}]}<\/script>\n<!-- \/ Yoast SEO plugin. -->","yoast_head_json":{"title":"GrIFK puristi v\u00e4lieriin kaatamalla SIF:n niukasti | K\u00e4sipallon miesten Aktialiiga","robots":{"index":"index","follow":"follow","max-snippet":"max-snippet:-1","max-image-preview":"max-image-preview:large","max-video-preview":"max-video-preview:-1"},"canonical":"https:\/\/aktialiiga.fi\/miehet\/2023-2024\/ottelut-2023-24\/grifk-puristi-valieriin-kaatamalla-sifn-niukasti\/","og_locale":"fi_FI","og_type":"article","og_title":"GrIFK puristi v\u00e4lieriin kaatamalla SIF:n niukasti | K\u00e4sipallon miesten Aktialiiga","og_description":"GrIFK sinet\u00f6i v\u00e4lier\u00e4paikkansa kaatamalla SIF:n toisessa puoliv\u00e4lier\u00e4ss\u00e4 lauantaina Siuntiossa niukasti vahvan loppuvetonsa ansiosta. Avausjakso lauantain ottelussa eteni Granin hienoisessa hallinnassa, vaikka mit\u00e4\u00e4n isompaa eroa ei miss\u00e4\u00e4n vaiheessa syntynytk\u00e4\u00e4n. Taukoa kohden SIF kiristi otettaan ja vierasjohto oli tauolla niukasti yhden maalin suuruinen. Toisen jakson alussa SIF k\u00e4\u00e4nsi tilanteen nopeasti edukseen, mutta is\u00e4nn\u00e4tk\u00e4\u00e4n eiv\u00e4t varsinaiselle karkumatkalle p\u00e4\u00e4sseet, [&hellip;]","og_url":"https:\/\/aktialiiga.fi\/miehet\/2023-2024\/ottelut-2023-24\/grifk-puristi-valieriin-kaatamalla-sifn-niukasti\/","og_site_name":"K\u00e4sipallon miesten Aktialiiga","article_publisher":"https:\/\/www.facebook.com\/finnhandball","article_published_time":"2024-03-23T15:36:52+00:00","article_modified_time":"2024-03-23T16:00:11+00:00","og_image":[{"width":914,"height":423,"url":"https:\/\/i0.wp.com\/aktialiiga.fi\/miehet\/wp-content\/uploads\/sites\/5\/2024\/03\/GrIFK_Kallman_Mikael_2324c.jpg?fit=914%2C423&ssl=1","type":"image\/jpeg"}],"author":"tbrmedia","twitter_card":"summary_large_image","twitter_creator":"@finnhandball","twitter_site":"@finnhandball","schema":{"@context":"https:\/\/schema.org","@graph":[{"@type":"Article","@id":"https:\/\/aktialiiga.fi\/miehet\/2023-2024\/ottelut-2023-24\/grifk-puristi-valieriin-kaatamalla-sifn-niukasti\/#article","isPartOf":{"@id":"https:\/\/aktialiiga.fi\/miehet\/2023-2024\/ottelut-2023-24\/grifk-puristi-valieriin-kaatamalla-sifn-niukasti\/"},"author":{"name":"tbrmedia","@id":"https:\/\/aktialiiga.fi\/miehet\/#\/schema\/person\/c14bf42f47041db74603c45afcb18d87"},"headline":"GrIFK puristi v\u00e4lieriin kaatamalla SIF:n niukasti","datePublished":"2024-03-23T15:36:52+00:00","dateModified":"2024-03-23T16:00:11+00:00","mainEntityOfPage":{"@id":"https:\/\/aktialiiga.fi\/miehet\/2023-2024\/ottelut-2023-24\/grifk-puristi-valieriin-kaatamalla-sifn-niukasti\/"},"wordCount":343,"publisher":{"@id":"https:\/\/aktialiiga.fi\/miehet\/#organization"},"image":{"@id":"https:\/\/aktialiiga.fi\/miehet\/2023-2024\/ottelut-2023-24\/grifk-puristi-valieriin-kaatamalla-sifn-niukasti\/#primaryimage"},"thumbnailUrl":"https:\/\/i0.wp.com\/aktialiiga.fi\/miehet\/wp-content\/uploads\/sites\/5\/2024\/03\/GrIFK_Kallman_Mikael_2324c.jpg?fit=914%2C423&ssl=1","keywords":["GrIFK","SIF"],"articleSection":["Ottelut"],"inLanguage":"fi"},{"@type":"WebPage","@id":"https:\/\/aktialiiga.fi\/miehet\/2023-2024\/ottelut-2023-24\/grifk-puristi-valieriin-kaatamalla-sifn-niukasti\/","url":"https:\/\/aktialiiga.fi\/miehet\/2023-2024\/ottelut-2023-24\/grifk-puristi-valieriin-kaatamalla-sifn-niukasti\/","name":"GrIFK puristi v\u00e4lieriin kaatamalla SIF:n niukasti | K\u00e4sipallon miesten Aktialiiga","isPartOf":{"@id":"https:\/\/aktialiiga.fi\/miehet\/#website"},"primaryImageOfPage":{"@id":"https:\/\/aktialiiga.fi\/miehet\/2023-2024\/ottelut-2023-24\/grifk-puristi-valieriin-kaatamalla-sifn-niukasti\/#primaryimage"},"image":{"@id":"https:\/\/aktialiiga.fi\/miehet\/2023-2024\/ottelut-2023-24\/grifk-puristi-valieriin-kaatamalla-sifn-niukasti\/#primaryimage"},"thumbnailUrl":"https:\/\/i0.wp.com\/aktialiiga.fi\/miehet\/wp-content\/uploads\/sites\/5\/2024\/03\/GrIFK_Kallman_Mikael_2324c.jpg?fit=914%2C423&ssl=1","datePublished":"2024-03-23T15:36:52+00:00","dateModified":"2024-03-23T16:00:11+00:00","breadcrumb":{"@id":"https:\/\/aktialiiga.fi\/miehet\/2023-2024\/ottelut-2023-24\/grifk-puristi-valieriin-kaatamalla-sifn-niukasti\/#breadcrumb"},"inLanguage":"fi","potentialAction":[{"@type":"ReadAction","target":["https:\/\/aktialiiga.fi\/miehet\/2023-2024\/ottelut-2023-24\/grifk-puristi-valieriin-kaatamalla-sifn-niukasti\/"]}]},{"@type":"ImageObject","inLanguage":"fi","@id":"https:\/\/aktialiiga.fi\/miehet\/2023-2024\/ottelut-2023-24\/grifk-puristi-valieriin-kaatamalla-sifn-niukasti\/#primaryimage","url":"https:\/\/i0.wp.com\/aktialiiga.fi\/miehet\/wp-content\/uploads\/sites\/5\/2024\/03\/GrIFK_Kallman_Mikael_2324c.jpg?fit=914%2C423&ssl=1","contentUrl":"https:\/\/i0.wp.com\/aktialiiga.fi\/miehet\/wp-content\/uploads\/sites\/5\/2024\/03\/GrIFK_Kallman_Mikael_2324c.jpg?fit=914%2C423&ssl=1","width":914,"height":423,"caption":"Mikael Ka\u0308llman, GrIFK K\u00e4sipallon SM-liiga GrIFK - SIF Kauniaisten palloiluhalli 19. lokakuuta 2023. (Kalle Parkkinen\/Newspix24)"},{"@type":"BreadcrumbList","@id":"https:\/\/aktialiiga.fi\/miehet\/2023-2024\/ottelut-2023-24\/grifk-puristi-valieriin-kaatamalla-sifn-niukasti\/#breadcrumb","itemListElement":[{"@type":"ListItem","position":1,"name":"Etusivu","item":"https:\/\/aktialiiga.fi\/miehet\/"},{"@type":"ListItem","position":2,"name":"GrIFK puristi v\u00e4lieriin kaatamalla SIF:n niukasti"}]},{"@type":"WebSite","@id":"https:\/\/aktialiiga.fi\/miehet\/#website","url":"https:\/\/aktialiiga.fi\/miehet\/","name":"K\u00e4sipallon miesten Aktialiiga","description":"Valtakunnan vauhdikkainta palloilua!","publisher":{"@id":"https:\/\/aktialiiga.fi\/miehet\/#organization"},"potentialAction":[{"@type":"SearchAction","target":{"@type":"EntryPoint","urlTemplate":"https:\/\/aktialiiga.fi\/miehet\/?s={search_term_string}"},"query-input":{"@type":"PropertyValueSpecification","valueRequired":true,"valueName":"search_term_string"}}],"inLanguage":"fi"},{"@type":"Organization","@id":"https:\/\/aktialiiga.fi\/miehet\/#organization","name":"K\u00e4sipallon miesten Aktialiiga","url":"https:\/\/aktialiiga.fi\/miehet\/","logo":{"@type":"ImageObject","inLanguage":"fi","@id":"https:\/\/aktialiiga.fi\/miehet\/#\/schema\/logo\/image\/","url":"https:\/\/i0.wp.com\/aktialiiga.fi\/miehet\/wp-content\/uploads\/sites\/5\/2024\/09\/Aktialiiga-Yoast-512.png?fit=512%2C512&ssl=1","contentUrl":"https:\/\/i0.wp.com\/aktialiiga.fi\/miehet\/wp-content\/uploads\/sites\/5\/2024\/09\/Aktialiiga-Yoast-512.png?fit=512%2C512&ssl=1","width":512,"height":512,"caption":"K\u00e4sipallon miesten Aktialiiga"},"image":{"@id":"https:\/\/aktialiiga.fi\/miehet\/#\/schema\/logo\/image\/"},"sameAs":["https:\/\/www.facebook.com\/finnhandball","https:\/\/x.com\/finnhandball","https:\/\/www.instagram.com\/handballfinland\/"]},{"@type":"Person","@id":"https:\/\/aktialiiga.fi\/miehet\/#\/schema\/person\/c14bf42f47041db74603c45afcb18d87","name":"tbrmedia","image":{"@type":"ImageObject","inLanguage":"fi","@id":"https:\/\/secure.gravatar.com\/avatar\/ee975fa091fe581d12b60debb3439022686618368a7c142044c56724d4666b16?s=96&d=mm&r=g","url":"https:\/\/secure.gravatar.com\/avatar\/ee975fa091fe581d12b60debb3439022686618368a7c142044c56724d4666b16?s=96&d=mm&r=g","contentUrl":"https:\/\/secure.gravatar.com\/avatar\/ee975fa091fe581d12b60debb3439022686618368a7c142044c56724d4666b16?s=96&d=mm&r=g","caption":"tbrmedia"}}]}},"jetpack_featured_media_url":"https:\/\/i0.wp.com\/aktialiiga.fi\/miehet\/wp-content\/uploads\/sites\/5\/2024\/03\/GrIFK_Kallman_Mikael_2324c.jpg?fit=914%2C423&ssl=1","jetpack_sharing_enabled":true,"jetpack_shortlink":"https:\/\/wp.me\/pfTxOr-cl0","_links":{"self":[{"href":"https:\/\/aktialiiga.fi\/miehet\/wp-json\/wp\/v2\/posts\/47430","targetHints":{"allow":["GET"]}}],"collection":[{"href":"https:\/\/aktialiiga.fi\/miehet\/wp-json\/wp\/v2\/posts"}],"about":[{"href":"https:\/\/aktialiiga.fi\/miehet\/wp-json\/wp\/v2\/types\/post"}],"author":[{"embeddable":true,"href":"https:\/\/aktialiiga.fi\/miehet\/wp-json\/wp\/v2\/users\/13"}],"replies":[{"embeddable":true,"href":"https:\/\/aktialiiga.fi\/miehet\/wp-json\/wp\/v2\/comments?post=47430"}],"version-history":[{"count":0,"href":"https:\/\/aktialiiga.fi\/miehet\/wp-json\/wp\/v2\/posts\/47430\/revisions"}],"wp:featuredmedia":[{"embeddable":true,"href":"https:\/\/aktialiiga.fi\/miehet\/wp-json\/wp\/v2\/media\/47431"}],"wp:attachment":[{"href":"https:\/\/aktialiiga.fi\/miehet\/wp-json\/wp\/v2\/media?parent=47430"}],"wp:term":[{"taxonomy":"category","embeddable":true,"href":"https:\/\/aktialiiga.fi\/miehet\/wp-json\/wp\/v2\/categories?post=47430"},{"taxonomy":"post_tag","embeddable":true,"href":"https:\/\/aktialiiga.fi\/miehet\/wp-json\/wp\/v2\/tags?post=47430"}],"curies":[{"name":"wp","href":"https:\/\/api.w.org\/{rel}","templated":true}]}}