{"id":47550,"date":"2024-04-01T20:03:14","date_gmt":"2024-04-01T17:03:14","guid":{"rendered":"https:\/\/aktialiiga.fi\/miehet\/?p=47550"},"modified":"2024-04-01T19:33:27","modified_gmt":"2024-04-01T16:33:27","slug":"valierat-kayntiin-heti-paasiaisen-jalkeen","status":"publish","type":"post","link":"https:\/\/aktialiiga.fi\/miehet\/2023-2024\/ennakot-2023-24\/valierat-kayntiin-heti-paasiaisen-jalkeen\/","title":{"rendered":"V\u00e4lier\u00e4t k\u00e4yntiin heti p\u00e4\u00e4si\u00e4isen j\u00e4lkeen"},"content":{"rendered":"<p>SM-liigan kev\u00e4t etenee kohti huipennustaan, kun v\u00e4lier\u00e4sarjat k\u00e4ynnistyv\u00e4t heti p\u00e4\u00e4si\u00e4isen j\u00e4lkeen.<\/p>\n<p>V\u00e4lierien avaus n\u00e4hd\u00e4\u00e4n tiistaina Karjaalla, kun BK-46 is\u00e4nn\u00f6i Dickeni\u00e4. Cocksin ja GrIFK:n v\u00e4lier\u00e4sarja avataan puolestaan keskiviikkona Riihim\u00e4ell\u00e4.<\/p>\n<p>V\u00e4lier\u00e4sarjojen voittoon ja finaalipaikkaan vaaditaan kolme voittoa. Finaalijoukkueet ovat selvill\u00e4 viimeist\u00e4\u00e4n tiistaina 16.4.<\/p>\n<p>BK-46 ja Cocks raivasivat tiens\u00e4 suoraan v\u00e4lieriin ja kaksikolla on v\u00e4lier\u00e4sarjoissa my\u00f6s kotietu. GrIFK ja Dicken puolestaan selvittiv\u00e4t tiens\u00e4 nelj\u00e4n parhaan joukkoon puoliv\u00e4lierien kautta.<\/p>\n<p>Lis\u00e4\u00e4 v\u00e4lierien ennakkoasetelmista:<br \/>\n<strong><a href=\"\/2023-2024\/kohti-play-offeja-2023-24\/kohti-valieria-bk-46-2\/\">BK-46<\/a><\/strong><br \/>\n<strong><a href=\"\/2023-2024\/kohti-play-offeja-2023-24\/kohti-valieria-cocks-2\/\">Cocks<\/a><\/strong><br \/>\n<strong><a href=\"\/2023-2024\/kohti-play-offeja-2023-24\/kohti-valieria-dicken-2\/\">Dicken<\/a><\/strong><br \/>\n<strong><a href=\"\/2023-2024\/kohti-play-offeja-2023-24\/kohti-valieria-grifk-2\/\">GrIFK<\/a><\/strong><\/p>\n<p><strong>V\u00e4lierien avausottelut:<\/strong><br \/>\nTi 2.4. klo 19.00 BK-46 \u2013 Dicken<br \/>\nKe 3.4. klo 18.30 Cocks \u2013 GrIFK<\/p>\n<p>Kaikki SM-liigakauden ottelut suorina l\u00e4hetyksin\u00e4 <strong><a href=\"https:\/\/handis.tv\/handisliiga\" target=\"_blank\" rel=\"noopener\">HandisTV:st\u00e4<\/a><\/strong>.<\/p>\n","protected":false},"excerpt":{"rendered":"<p>SM-liigan kev\u00e4t etenee kohti huipennustaan, kun v\u00e4lier\u00e4sarjat k\u00e4ynnistyv\u00e4t heti p\u00e4\u00e4si\u00e4isen j\u00e4lkeen. V\u00e4lierien avaus n\u00e4hd\u00e4\u00e4n tiistaina Karjaalla, kun BK-46 is\u00e4nn\u00f6i Dickeni\u00e4. Cocksin ja GrIFK:n v\u00e4lier\u00e4sarja avataan puolestaan keskiviikkona Riihim\u00e4ell\u00e4. V\u00e4lier\u00e4sarjojen voittoon ja finaalipaikkaan vaaditaan kolme voittoa. Finaalijoukkueet ovat selvill\u00e4 viimeist\u00e4\u00e4n tiistaina 16.4. BK-46 ja Cocks raivasivat tiens\u00e4 suoraan v\u00e4lieriin ja kaksikolla on v\u00e4lier\u00e4sarjoissa my\u00f6s kotietu. GrIFK [&hellip;]<\/p>\n","protected":false},"author":13,"featured_media":44780,"comment_status":"closed","ping_status":"closed","sticky":false,"template":"","format":"standard","meta":{"_acf_changed":false,"jetpack_post_was_ever_published":false,"_jetpack_newsletter_access":"","_jetpack_dont_email_post_to_subs":false,"_jetpack_newsletter_tier_id":0,"_jetpack_memberships_contains_paywalled_content":false,"_jetpack_memberships_contains_paid_content":false,"footnotes":""},"categories":[299],"tags":[56,57,58,64],"class_list":["post-47550","post","type-post","status-publish","format-standard","has-post-thumbnail","hentry","category-ennakot-2023-24","tag-bk-46","tag-cocks","tag-dicken","tag-grifk"],"acf":[],"yoast_head":"<!-- This site is optimized with the Yoast SEO plugin v27.5 - https:\/\/yoast.com\/product\/yoast-seo-wordpress\/ -->\n<title>V\u00e4lier\u00e4t k\u00e4yntiin heti p\u00e4\u00e4si\u00e4isen j\u00e4lkeen | K\u00e4sipallon miesten Aktialiiga<\/title>\n<meta name=\"robots\" content=\"index, follow, max-snippet:-1, max-image-preview:large, max-video-preview:-1\" \/>\n<link rel=\"canonical\" href=\"https:\/\/aktialiiga.fi\/miehet\/2023-2024\/ennakot-2023-24\/valierat-kayntiin-heti-paasiaisen-jalkeen\/\" \/>\n<meta property=\"og:locale\" content=\"fi_FI\" \/>\n<meta property=\"og:type\" content=\"article\" \/>\n<meta property=\"og:title\" content=\"V\u00e4lier\u00e4t k\u00e4yntiin heti p\u00e4\u00e4si\u00e4isen j\u00e4lkeen | K\u00e4sipallon miesten Aktialiiga\" \/>\n<meta property=\"og:description\" content=\"SM-liigan kev\u00e4t etenee kohti huipennustaan, kun v\u00e4lier\u00e4sarjat k\u00e4ynnistyv\u00e4t heti p\u00e4\u00e4si\u00e4isen j\u00e4lkeen. V\u00e4lierien avaus n\u00e4hd\u00e4\u00e4n tiistaina Karjaalla, kun BK-46 is\u00e4nn\u00f6i Dickeni\u00e4. Cocksin ja GrIFK:n v\u00e4lier\u00e4sarja avataan puolestaan keskiviikkona Riihim\u00e4ell\u00e4. V\u00e4lier\u00e4sarjojen voittoon ja finaalipaikkaan vaaditaan kolme voittoa. Finaalijoukkueet ovat selvill\u00e4 viimeist\u00e4\u00e4n tiistaina 16.4. BK-46 ja Cocks raivasivat tiens\u00e4 suoraan v\u00e4lieriin ja kaksikolla on v\u00e4lier\u00e4sarjoissa my\u00f6s kotietu. GrIFK [&hellip;]\" \/>\n<meta property=\"og:url\" content=\"https:\/\/aktialiiga.fi\/miehet\/2023-2024\/ennakot-2023-24\/valierat-kayntiin-heti-paasiaisen-jalkeen\/\" \/>\n<meta property=\"og:site_name\" content=\"K\u00e4sipallon miesten Aktialiiga\" \/>\n<meta property=\"article:publisher\" content=\"https:\/\/www.facebook.com\/finnhandball\" \/>\n<meta property=\"article:published_time\" content=\"2024-04-01T17:03:14+00:00\" \/>\n<meta property=\"og:image\" content=\"https:\/\/i0.wp.com\/aktialiiga.fi\/miehet\/wp-content\/uploads\/sites\/5\/2023\/10\/BK46_pelaajia_2324.jpg?fit=1193%2C524&ssl=1\" \/>\n\t<meta property=\"og:image:width\" content=\"1193\" \/>\n\t<meta property=\"og:image:height\" content=\"524\" \/>\n\t<meta property=\"og:image:type\" content=\"image\/jpeg\" \/>\n<meta name=\"author\" content=\"tbrmedia\" \/>\n<meta name=\"twitter:card\" content=\"summary_large_image\" \/>\n<meta name=\"twitter:creator\" content=\"@finnhandball\" \/>\n<meta name=\"twitter:site\" content=\"@finnhandball\" \/>\n<script type=\"application\/ld+json\" class=\"yoast-schema-graph\">{\"@context\":\"https:\\\/\\\/schema.org\",\"@graph\":[{\"@type\":\"Article\",\"@id\":\"https:\\\/\\\/aktialiiga.fi\\\/miehet\\\/2023-2024\\\/ennakot-2023-24\\\/valierat-kayntiin-heti-paasiaisen-jalkeen\\\/#article\",\"isPartOf\":{\"@id\":\"https:\\\/\\\/aktialiiga.fi\\\/miehet\\\/2023-2024\\\/ennakot-2023-24\\\/valierat-kayntiin-heti-paasiaisen-jalkeen\\\/\"},\"author\":{\"name\":\"tbrmedia\",\"@id\":\"https:\\\/\\\/aktialiiga.fi\\\/miehet\\\/#\\\/schema\\\/person\\\/c14bf42f47041db74603c45afcb18d87\"},\"headline\":\"V\u00e4lier\u00e4t k\u00e4yntiin heti p\u00e4\u00e4si\u00e4isen j\u00e4lkeen\",\"datePublished\":\"2024-04-01T17:03:14+00:00\",\"mainEntityOfPage\":{\"@id\":\"https:\\\/\\\/aktialiiga.fi\\\/miehet\\\/2023-2024\\\/ennakot-2023-24\\\/valierat-kayntiin-heti-paasiaisen-jalkeen\\\/\"},\"wordCount\":129,\"publisher\":{\"@id\":\"https:\\\/\\\/aktialiiga.fi\\\/miehet\\\/#organization\"},\"image\":{\"@id\":\"https:\\\/\\\/aktialiiga.fi\\\/miehet\\\/2023-2024\\\/ennakot-2023-24\\\/valierat-kayntiin-heti-paasiaisen-jalkeen\\\/#primaryimage\"},\"thumbnailUrl\":\"https:\\\/\\\/i0.wp.com\\\/aktialiiga.fi\\\/miehet\\\/wp-content\\\/uploads\\\/sites\\\/5\\\/2023\\\/10\\\/BK46_pelaajia_2324.jpg?fit=1193%2C524&ssl=1\",\"keywords\":[\"BK-46\",\"Cocks\",\"Dicken\",\"GrIFK\"],\"articleSection\":[\"Ennakot\"],\"inLanguage\":\"fi\"},{\"@type\":\"WebPage\",\"@id\":\"https:\\\/\\\/aktialiiga.fi\\\/miehet\\\/2023-2024\\\/ennakot-2023-24\\\/valierat-kayntiin-heti-paasiaisen-jalkeen\\\/\",\"url\":\"https:\\\/\\\/aktialiiga.fi\\\/miehet\\\/2023-2024\\\/ennakot-2023-24\\\/valierat-kayntiin-heti-paasiaisen-jalkeen\\\/\",\"name\":\"V\u00e4lier\u00e4t k\u00e4yntiin heti p\u00e4\u00e4si\u00e4isen j\u00e4lkeen | K\u00e4sipallon miesten Aktialiiga\",\"isPartOf\":{\"@id\":\"https:\\\/\\\/aktialiiga.fi\\\/miehet\\\/#website\"},\"primaryImageOfPage\":{\"@id\":\"https:\\\/\\\/aktialiiga.fi\\\/miehet\\\/2023-2024\\\/ennakot-2023-24\\\/valierat-kayntiin-heti-paasiaisen-jalkeen\\\/#primaryimage\"},\"image\":{\"@id\":\"https:\\\/\\\/aktialiiga.fi\\\/miehet\\\/2023-2024\\\/ennakot-2023-24\\\/valierat-kayntiin-heti-paasiaisen-jalkeen\\\/#primaryimage\"},\"thumbnailUrl\":\"https:\\\/\\\/i0.wp.com\\\/aktialiiga.fi\\\/miehet\\\/wp-content\\\/uploads\\\/sites\\\/5\\\/2023\\\/10\\\/BK46_pelaajia_2324.jpg?fit=1193%2C524&ssl=1\",\"datePublished\":\"2024-04-01T17:03:14+00:00\",\"breadcrumb\":{\"@id\":\"https:\\\/\\\/aktialiiga.fi\\\/miehet\\\/2023-2024\\\/ennakot-2023-24\\\/valierat-kayntiin-heti-paasiaisen-jalkeen\\\/#breadcrumb\"},\"inLanguage\":\"fi\",\"potentialAction\":[{\"@type\":\"ReadAction\",\"target\":[\"https:\\\/\\\/aktialiiga.fi\\\/miehet\\\/2023-2024\\\/ennakot-2023-24\\\/valierat-kayntiin-heti-paasiaisen-jalkeen\\\/\"]}]},{\"@type\":\"ImageObject\",\"inLanguage\":\"fi\",\"@id\":\"https:\\\/\\\/aktialiiga.fi\\\/miehet\\\/2023-2024\\\/ennakot-2023-24\\\/valierat-kayntiin-heti-paasiaisen-jalkeen\\\/#primaryimage\",\"url\":\"https:\\\/\\\/i0.wp.com\\\/aktialiiga.fi\\\/miehet\\\/wp-content\\\/uploads\\\/sites\\\/5\\\/2023\\\/10\\\/BK46_pelaajia_2324.jpg?fit=1193%2C524&ssl=1\",\"contentUrl\":\"https:\\\/\\\/i0.wp.com\\\/aktialiiga.fi\\\/miehet\\\/wp-content\\\/uploads\\\/sites\\\/5\\\/2023\\\/10\\\/BK46_pelaajia_2324.jpg?fit=1193%2C524&ssl=1\",\"width\":1193,\"height\":524,\"caption\":\"K\u00e4sipallon SM-liiga BK-46 - Cocks Karjaan urheiluhalli 4. lokakuuta 2023. (Kalle Parkkinen\\\/Newspix24)\"},{\"@type\":\"BreadcrumbList\",\"@id\":\"https:\\\/\\\/aktialiiga.fi\\\/miehet\\\/2023-2024\\\/ennakot-2023-24\\\/valierat-kayntiin-heti-paasiaisen-jalkeen\\\/#breadcrumb\",\"itemListElement\":[{\"@type\":\"ListItem\",\"position\":1,\"name\":\"Etusivu\",\"item\":\"https:\\\/\\\/aktialiiga.fi\\\/miehet\\\/\"},{\"@type\":\"ListItem\",\"position\":2,\"name\":\"V\u00e4lier\u00e4t k\u00e4yntiin heti p\u00e4\u00e4si\u00e4isen j\u00e4lkeen\"}]},{\"@type\":\"WebSite\",\"@id\":\"https:\\\/\\\/aktialiiga.fi\\\/miehet\\\/#website\",\"url\":\"https:\\\/\\\/aktialiiga.fi\\\/miehet\\\/\",\"name\":\"K\u00e4sipallon miesten Aktialiiga\",\"description\":\"Valtakunnan vauhdikkainta palloilua!\",\"publisher\":{\"@id\":\"https:\\\/\\\/aktialiiga.fi\\\/miehet\\\/#organization\"},\"potentialAction\":[{\"@type\":\"SearchAction\",\"target\":{\"@type\":\"EntryPoint\",\"urlTemplate\":\"https:\\\/\\\/aktialiiga.fi\\\/miehet\\\/?s={search_term_string}\"},\"query-input\":{\"@type\":\"PropertyValueSpecification\",\"valueRequired\":true,\"valueName\":\"search_term_string\"}}],\"inLanguage\":\"fi\"},{\"@type\":\"Organization\",\"@id\":\"https:\\\/\\\/aktialiiga.fi\\\/miehet\\\/#organization\",\"name\":\"K\u00e4sipallon miesten Aktialiiga\",\"url\":\"https:\\\/\\\/aktialiiga.fi\\\/miehet\\\/\",\"logo\":{\"@type\":\"ImageObject\",\"inLanguage\":\"fi\",\"@id\":\"https:\\\/\\\/aktialiiga.fi\\\/miehet\\\/#\\\/schema\\\/logo\\\/image\\\/\",\"url\":\"https:\\\/\\\/i0.wp.com\\\/aktialiiga.fi\\\/miehet\\\/wp-content\\\/uploads\\\/sites\\\/5\\\/2024\\\/09\\\/Aktialiiga-Yoast-512.png?fit=512%2C512&ssl=1\",\"contentUrl\":\"https:\\\/\\\/i0.wp.com\\\/aktialiiga.fi\\\/miehet\\\/wp-content\\\/uploads\\\/sites\\\/5\\\/2024\\\/09\\\/Aktialiiga-Yoast-512.png?fit=512%2C512&ssl=1\",\"width\":512,\"height\":512,\"caption\":\"K\u00e4sipallon miesten Aktialiiga\"},\"image\":{\"@id\":\"https:\\\/\\\/aktialiiga.fi\\\/miehet\\\/#\\\/schema\\\/logo\\\/image\\\/\"},\"sameAs\":[\"https:\\\/\\\/www.facebook.com\\\/finnhandball\",\"https:\\\/\\\/x.com\\\/finnhandball\",\"https:\\\/\\\/www.instagram.com\\\/handballfinland\\\/\"]},{\"@type\":\"Person\",\"@id\":\"https:\\\/\\\/aktialiiga.fi\\\/miehet\\\/#\\\/schema\\\/person\\\/c14bf42f47041db74603c45afcb18d87\",\"name\":\"tbrmedia\",\"image\":{\"@type\":\"ImageObject\",\"inLanguage\":\"fi\",\"@id\":\"https:\\\/\\\/secure.gravatar.com\\\/avatar\\\/ee975fa091fe581d12b60debb3439022686618368a7c142044c56724d4666b16?s=96&d=mm&r=g\",\"url\":\"https:\\\/\\\/secure.gravatar.com\\\/avatar\\\/ee975fa091fe581d12b60debb3439022686618368a7c142044c56724d4666b16?s=96&d=mm&r=g\",\"contentUrl\":\"https:\\\/\\\/secure.gravatar.com\\\/avatar\\\/ee975fa091fe581d12b60debb3439022686618368a7c142044c56724d4666b16?s=96&d=mm&r=g\",\"caption\":\"tbrmedia\"}}]}<\/script>\n<!-- \/ Yoast SEO plugin. -->","yoast_head_json":{"title":"V\u00e4lier\u00e4t k\u00e4yntiin heti p\u00e4\u00e4si\u00e4isen j\u00e4lkeen | K\u00e4sipallon miesten Aktialiiga","robots":{"index":"index","follow":"follow","max-snippet":"max-snippet:-1","max-image-preview":"max-image-preview:large","max-video-preview":"max-video-preview:-1"},"canonical":"https:\/\/aktialiiga.fi\/miehet\/2023-2024\/ennakot-2023-24\/valierat-kayntiin-heti-paasiaisen-jalkeen\/","og_locale":"fi_FI","og_type":"article","og_title":"V\u00e4lier\u00e4t k\u00e4yntiin heti p\u00e4\u00e4si\u00e4isen j\u00e4lkeen | K\u00e4sipallon miesten Aktialiiga","og_description":"SM-liigan kev\u00e4t etenee kohti huipennustaan, kun v\u00e4lier\u00e4sarjat k\u00e4ynnistyv\u00e4t heti p\u00e4\u00e4si\u00e4isen j\u00e4lkeen. V\u00e4lierien avaus n\u00e4hd\u00e4\u00e4n tiistaina Karjaalla, kun BK-46 is\u00e4nn\u00f6i Dickeni\u00e4. Cocksin ja GrIFK:n v\u00e4lier\u00e4sarja avataan puolestaan keskiviikkona Riihim\u00e4ell\u00e4. V\u00e4lier\u00e4sarjojen voittoon ja finaalipaikkaan vaaditaan kolme voittoa. Finaalijoukkueet ovat selvill\u00e4 viimeist\u00e4\u00e4n tiistaina 16.4. BK-46 ja Cocks raivasivat tiens\u00e4 suoraan v\u00e4lieriin ja kaksikolla on v\u00e4lier\u00e4sarjoissa my\u00f6s kotietu. GrIFK [&hellip;]","og_url":"https:\/\/aktialiiga.fi\/miehet\/2023-2024\/ennakot-2023-24\/valierat-kayntiin-heti-paasiaisen-jalkeen\/","og_site_name":"K\u00e4sipallon miesten Aktialiiga","article_publisher":"https:\/\/www.facebook.com\/finnhandball","article_published_time":"2024-04-01T17:03:14+00:00","og_image":[{"width":1193,"height":524,"url":"https:\/\/i0.wp.com\/aktialiiga.fi\/miehet\/wp-content\/uploads\/sites\/5\/2023\/10\/BK46_pelaajia_2324.jpg?fit=1193%2C524&ssl=1","type":"image\/jpeg"}],"author":"tbrmedia","twitter_card":"summary_large_image","twitter_creator":"@finnhandball","twitter_site":"@finnhandball","schema":{"@context":"https:\/\/schema.org","@graph":[{"@type":"Article","@id":"https:\/\/aktialiiga.fi\/miehet\/2023-2024\/ennakot-2023-24\/valierat-kayntiin-heti-paasiaisen-jalkeen\/#article","isPartOf":{"@id":"https:\/\/aktialiiga.fi\/miehet\/2023-2024\/ennakot-2023-24\/valierat-kayntiin-heti-paasiaisen-jalkeen\/"},"author":{"name":"tbrmedia","@id":"https:\/\/aktialiiga.fi\/miehet\/#\/schema\/person\/c14bf42f47041db74603c45afcb18d87"},"headline":"V\u00e4lier\u00e4t k\u00e4yntiin heti p\u00e4\u00e4si\u00e4isen j\u00e4lkeen","datePublished":"2024-04-01T17:03:14+00:00","mainEntityOfPage":{"@id":"https:\/\/aktialiiga.fi\/miehet\/2023-2024\/ennakot-2023-24\/valierat-kayntiin-heti-paasiaisen-jalkeen\/"},"wordCount":129,"publisher":{"@id":"https:\/\/aktialiiga.fi\/miehet\/#organization"},"image":{"@id":"https:\/\/aktialiiga.fi\/miehet\/2023-2024\/ennakot-2023-24\/valierat-kayntiin-heti-paasiaisen-jalkeen\/#primaryimage"},"thumbnailUrl":"https:\/\/i0.wp.com\/aktialiiga.fi\/miehet\/wp-content\/uploads\/sites\/5\/2023\/10\/BK46_pelaajia_2324.jpg?fit=1193%2C524&ssl=1","keywords":["BK-46","Cocks","Dicken","GrIFK"],"articleSection":["Ennakot"],"inLanguage":"fi"},{"@type":"WebPage","@id":"https:\/\/aktialiiga.fi\/miehet\/2023-2024\/ennakot-2023-24\/valierat-kayntiin-heti-paasiaisen-jalkeen\/","url":"https:\/\/aktialiiga.fi\/miehet\/2023-2024\/ennakot-2023-24\/valierat-kayntiin-heti-paasiaisen-jalkeen\/","name":"V\u00e4lier\u00e4t k\u00e4yntiin heti p\u00e4\u00e4si\u00e4isen j\u00e4lkeen | K\u00e4sipallon miesten Aktialiiga","isPartOf":{"@id":"https:\/\/aktialiiga.fi\/miehet\/#website"},"primaryImageOfPage":{"@id":"https:\/\/aktialiiga.fi\/miehet\/2023-2024\/ennakot-2023-24\/valierat-kayntiin-heti-paasiaisen-jalkeen\/#primaryimage"},"image":{"@id":"https:\/\/aktialiiga.fi\/miehet\/2023-2024\/ennakot-2023-24\/valierat-kayntiin-heti-paasiaisen-jalkeen\/#primaryimage"},"thumbnailUrl":"https:\/\/i0.wp.com\/aktialiiga.fi\/miehet\/wp-content\/uploads\/sites\/5\/2023\/10\/BK46_pelaajia_2324.jpg?fit=1193%2C524&ssl=1","datePublished":"2024-04-01T17:03:14+00:00","breadcrumb":{"@id":"https:\/\/aktialiiga.fi\/miehet\/2023-2024\/ennakot-2023-24\/valierat-kayntiin-heti-paasiaisen-jalkeen\/#breadcrumb"},"inLanguage":"fi","potentialAction":[{"@type":"ReadAction","target":["https:\/\/aktialiiga.fi\/miehet\/2023-2024\/ennakot-2023-24\/valierat-kayntiin-heti-paasiaisen-jalkeen\/"]}]},{"@type":"ImageObject","inLanguage":"fi","@id":"https:\/\/aktialiiga.fi\/miehet\/2023-2024\/ennakot-2023-24\/valierat-kayntiin-heti-paasiaisen-jalkeen\/#primaryimage","url":"https:\/\/i0.wp.com\/aktialiiga.fi\/miehet\/wp-content\/uploads\/sites\/5\/2023\/10\/BK46_pelaajia_2324.jpg?fit=1193%2C524&ssl=1","contentUrl":"https:\/\/i0.wp.com\/aktialiiga.fi\/miehet\/wp-content\/uploads\/sites\/5\/2023\/10\/BK46_pelaajia_2324.jpg?fit=1193%2C524&ssl=1","width":1193,"height":524,"caption":"K\u00e4sipallon SM-liiga BK-46 - Cocks Karjaan urheiluhalli 4. lokakuuta 2023. (Kalle Parkkinen\/Newspix24)"},{"@type":"BreadcrumbList","@id":"https:\/\/aktialiiga.fi\/miehet\/2023-2024\/ennakot-2023-24\/valierat-kayntiin-heti-paasiaisen-jalkeen\/#breadcrumb","itemListElement":[{"@type":"ListItem","position":1,"name":"Etusivu","item":"https:\/\/aktialiiga.fi\/miehet\/"},{"@type":"ListItem","position":2,"name":"V\u00e4lier\u00e4t k\u00e4yntiin heti p\u00e4\u00e4si\u00e4isen j\u00e4lkeen"}]},{"@type":"WebSite","@id":"https:\/\/aktialiiga.fi\/miehet\/#website","url":"https:\/\/aktialiiga.fi\/miehet\/","name":"K\u00e4sipallon miesten Aktialiiga","description":"Valtakunnan vauhdikkainta palloilua!","publisher":{"@id":"https:\/\/aktialiiga.fi\/miehet\/#organization"},"potentialAction":[{"@type":"SearchAction","target":{"@type":"EntryPoint","urlTemplate":"https:\/\/aktialiiga.fi\/miehet\/?s={search_term_string}"},"query-input":{"@type":"PropertyValueSpecification","valueRequired":true,"valueName":"search_term_string"}}],"inLanguage":"fi"},{"@type":"Organization","@id":"https:\/\/aktialiiga.fi\/miehet\/#organization","name":"K\u00e4sipallon miesten Aktialiiga","url":"https:\/\/aktialiiga.fi\/miehet\/","logo":{"@type":"ImageObject","inLanguage":"fi","@id":"https:\/\/aktialiiga.fi\/miehet\/#\/schema\/logo\/image\/","url":"https:\/\/i0.wp.com\/aktialiiga.fi\/miehet\/wp-content\/uploads\/sites\/5\/2024\/09\/Aktialiiga-Yoast-512.png?fit=512%2C512&ssl=1","contentUrl":"https:\/\/i0.wp.com\/aktialiiga.fi\/miehet\/wp-content\/uploads\/sites\/5\/2024\/09\/Aktialiiga-Yoast-512.png?fit=512%2C512&ssl=1","width":512,"height":512,"caption":"K\u00e4sipallon miesten Aktialiiga"},"image":{"@id":"https:\/\/aktialiiga.fi\/miehet\/#\/schema\/logo\/image\/"},"sameAs":["https:\/\/www.facebook.com\/finnhandball","https:\/\/x.com\/finnhandball","https:\/\/www.instagram.com\/handballfinland\/"]},{"@type":"Person","@id":"https:\/\/aktialiiga.fi\/miehet\/#\/schema\/person\/c14bf42f47041db74603c45afcb18d87","name":"tbrmedia","image":{"@type":"ImageObject","inLanguage":"fi","@id":"https:\/\/secure.gravatar.com\/avatar\/ee975fa091fe581d12b60debb3439022686618368a7c142044c56724d4666b16?s=96&d=mm&r=g","url":"https:\/\/secure.gravatar.com\/avatar\/ee975fa091fe581d12b60debb3439022686618368a7c142044c56724d4666b16?s=96&d=mm&r=g","contentUrl":"https:\/\/secure.gravatar.com\/avatar\/ee975fa091fe581d12b60debb3439022686618368a7c142044c56724d4666b16?s=96&d=mm&r=g","caption":"tbrmedia"}}]}},"jetpack_featured_media_url":"https:\/\/i0.wp.com\/aktialiiga.fi\/miehet\/wp-content\/uploads\/sites\/5\/2023\/10\/BK46_pelaajia_2324.jpg?fit=1193%2C524&ssl=1","jetpack_sharing_enabled":true,"jetpack_shortlink":"https:\/\/wp.me\/pfTxOr-cmW","_links":{"self":[{"href":"https:\/\/aktialiiga.fi\/miehet\/wp-json\/wp\/v2\/posts\/47550","targetHints":{"allow":["GET"]}}],"collection":[{"href":"https:\/\/aktialiiga.fi\/miehet\/wp-json\/wp\/v2\/posts"}],"about":[{"href":"https:\/\/aktialiiga.fi\/miehet\/wp-json\/wp\/v2\/types\/post"}],"author":[{"embeddable":true,"href":"https:\/\/aktialiiga.fi\/miehet\/wp-json\/wp\/v2\/users\/13"}],"replies":[{"embeddable":true,"href":"https:\/\/aktialiiga.fi\/miehet\/wp-json\/wp\/v2\/comments?post=47550"}],"version-history":[{"count":0,"href":"https:\/\/aktialiiga.fi\/miehet\/wp-json\/wp\/v2\/posts\/47550\/revisions"}],"wp:featuredmedia":[{"embeddable":true,"href":"https:\/\/aktialiiga.fi\/miehet\/wp-json\/wp\/v2\/media\/44780"}],"wp:attachment":[{"href":"https:\/\/aktialiiga.fi\/miehet\/wp-json\/wp\/v2\/media?parent=47550"}],"wp:term":[{"taxonomy":"category","embeddable":true,"href":"https:\/\/aktialiiga.fi\/miehet\/wp-json\/wp\/v2\/categories?post=47550"},{"taxonomy":"post_tag","embeddable":true,"href":"https:\/\/aktialiiga.fi\/miehet\/wp-json\/wp\/v2\/tags?post=47550"}],"curies":[{"name":"wp","href":"https:\/\/api.w.org\/{rel}","templated":true}]}}