{"id":47813,"date":"2024-04-19T17:38:05","date_gmt":"2024-04-19T14:38:05","guid":{"rendered":"https:\/\/aktialiiga.fi\/miehet\/?p=47813"},"modified":"2024-04-19T17:38:32","modified_gmt":"2024-04-19T14:38:32","slug":"pronssin-kohtalo-ratkaistaan-lauantaina","status":"publish","type":"post","link":"https:\/\/aktialiiga.fi\/miehet\/2023-2024\/ennakot-2023-24\/pronssin-kohtalo-ratkaistaan-lauantaina\/","title":{"rendered":"Pronssin kohtalo ratkaistaan lauantaina"},"content":{"rendered":"<p>SM-liigan ensimm\u00e4inen mitalijoukkue selvi\u00e4\u00e4 lauantai-iltap\u00e4iv\u00e4n\u00e4 Kauniaisissa, jossa GrIFK ja Dicken saattavat pelikautensa ja kaksiosaisen pronssiottelunsa p\u00e4\u00e4t\u00f6kseen.<\/p>\n<p>Dicken voitti ensimm\u00e4isen osaottelun tiistaina 22-20, joten Granilla on edess\u00e4\u00e4n ottelun voittaminen v\u00e4hint\u00e4\u00e4n kolmella maalilla, sill\u00e4 pronssimitalit ratkaistaan kahden ottelun yhteismaaleilla.<\/p>\n<p>Grani on joutunut taistelemaan pudotuspeleiss\u00e4 siipirikkoisella miehist\u00f6ll\u00e4, eik\u00e4 lauantain otteluunkaan saa parasta kokoonpanoaan jalkeille. Granilla riitt\u00e4\u00e4 kuitenkin vastuunkantajia ja p\u00e4\u00e4valmentaja Mikael K\u00e4llman n\u00e4ki ensimm\u00e4isen pronssiottelun j\u00e4lkeen reilusti parantamisen varaa etenkin hy\u00f6kk\u00e4ysp\u00e4\u00e4ss\u00e4.<\/p>\n<p>Dicken puolestaan on parantanut otteitaan jatkuvasti kauden edetess\u00e4 ja nousujohteisen kauden p\u00e4\u00e4tt\u00e4minen mitaleihin olisi komea saavutus syksyll\u00e4 viel\u00e4 sarjataulukon jumbosijalla olleelle joukkueelle.<\/p>\n<p><strong>SM-liigan 2. pronssiottelu:<\/strong><\/p>\n<p>La 20.4. klo 13.30 GrIFK &#8211; Dicken<\/p>\n<p>Kaikki SM-liigakauden ottelut suorina l\u00e4hetyksin\u00e4 <strong><a href=\"https:\/\/handis.tv\/handisliiga\" target=\"_blank\" rel=\"noopener\">HandisTV:st\u00e4<\/a><\/strong>.<\/p>\n<p>&nbsp;<\/p>\n","protected":false},"excerpt":{"rendered":"<p>SM-liigan ensimm\u00e4inen mitalijoukkue selvi\u00e4\u00e4 lauantai-iltap\u00e4iv\u00e4n\u00e4 Kauniaisissa, jossa GrIFK ja Dicken saattavat pelikautensa ja kaksiosaisen pronssiottelunsa p\u00e4\u00e4t\u00f6kseen. Dicken voitti ensimm\u00e4isen osaottelun tiistaina 22-20, joten Granilla on edess\u00e4\u00e4n ottelun voittaminen v\u00e4hint\u00e4\u00e4n kolmella maalilla, sill\u00e4 pronssimitalit ratkaistaan kahden ottelun yhteismaaleilla. Grani on joutunut taistelemaan pudotuspeleiss\u00e4 siipirikkoisella miehist\u00f6ll\u00e4, eik\u00e4 lauantain otteluunkaan saa parasta kokoonpanoaan jalkeille. Granilla riitt\u00e4\u00e4 kuitenkin vastuunkantajia [&hellip;]<\/p>\n","protected":false},"author":13,"featured_media":47349,"comment_status":"closed","ping_status":"closed","sticky":false,"template":"","format":"standard","meta":{"_acf_changed":false,"jetpack_post_was_ever_published":false,"_jetpack_newsletter_access":"","_jetpack_dont_email_post_to_subs":false,"_jetpack_newsletter_tier_id":0,"_jetpack_memberships_contains_paywalled_content":false,"_jetpack_memberships_contains_paid_content":false,"footnotes":""},"categories":[299],"tags":[58,64],"class_list":["post-47813","post","type-post","status-publish","format-standard","has-post-thumbnail","hentry","category-ennakot-2023-24","tag-dicken","tag-grifk"],"acf":[],"yoast_head":"<!-- This site is optimized with the Yoast SEO plugin v27.5 - https:\/\/yoast.com\/product\/yoast-seo-wordpress\/ -->\n<title>Pronssin kohtalo ratkaistaan lauantaina | K\u00e4sipallon miesten Aktialiiga<\/title>\n<meta name=\"robots\" content=\"index, follow, max-snippet:-1, max-image-preview:large, max-video-preview:-1\" \/>\n<link rel=\"canonical\" href=\"https:\/\/aktialiiga.fi\/miehet\/2023-2024\/ennakot-2023-24\/pronssin-kohtalo-ratkaistaan-lauantaina\/\" \/>\n<meta property=\"og:locale\" content=\"fi_FI\" \/>\n<meta property=\"og:type\" content=\"article\" \/>\n<meta property=\"og:title\" content=\"Pronssin kohtalo ratkaistaan lauantaina | K\u00e4sipallon miesten Aktialiiga\" \/>\n<meta property=\"og:description\" content=\"SM-liigan ensimm\u00e4inen mitalijoukkue selvi\u00e4\u00e4 lauantai-iltap\u00e4iv\u00e4n\u00e4 Kauniaisissa, jossa GrIFK ja Dicken saattavat pelikautensa ja kaksiosaisen pronssiottelunsa p\u00e4\u00e4t\u00f6kseen. Dicken voitti ensimm\u00e4isen osaottelun tiistaina 22-20, joten Granilla on edess\u00e4\u00e4n ottelun voittaminen v\u00e4hint\u00e4\u00e4n kolmella maalilla, sill\u00e4 pronssimitalit ratkaistaan kahden ottelun yhteismaaleilla. Grani on joutunut taistelemaan pudotuspeleiss\u00e4 siipirikkoisella miehist\u00f6ll\u00e4, eik\u00e4 lauantain otteluunkaan saa parasta kokoonpanoaan jalkeille. Granilla riitt\u00e4\u00e4 kuitenkin vastuunkantajia [&hellip;]\" \/>\n<meta property=\"og:url\" content=\"https:\/\/aktialiiga.fi\/miehet\/2023-2024\/ennakot-2023-24\/pronssin-kohtalo-ratkaistaan-lauantaina\/\" \/>\n<meta property=\"og:site_name\" content=\"K\u00e4sipallon miesten Aktialiiga\" \/>\n<meta property=\"article:publisher\" content=\"https:\/\/www.facebook.com\/finnhandball\" \/>\n<meta property=\"article:published_time\" content=\"2024-04-19T14:38:05+00:00\" \/>\n<meta property=\"article:modified_time\" content=\"2024-04-19T14:38:32+00:00\" \/>\n<meta property=\"og:image\" content=\"https:\/\/i0.wp.com\/aktialiiga.fi\/miehet\/wp-content\/uploads\/sites\/5\/2024\/03\/GrIFK_Roslander_Kankaanpaa_2324.jpg?fit=2104%2C993&ssl=1\" \/>\n\t<meta property=\"og:image:width\" content=\"2104\" \/>\n\t<meta property=\"og:image:height\" content=\"993\" \/>\n\t<meta property=\"og:image:type\" content=\"image\/jpeg\" \/>\n<meta name=\"author\" content=\"tbrmedia\" \/>\n<meta name=\"twitter:card\" content=\"summary_large_image\" \/>\n<meta name=\"twitter:creator\" content=\"@finnhandball\" \/>\n<meta name=\"twitter:site\" content=\"@finnhandball\" \/>\n<script type=\"application\/ld+json\" class=\"yoast-schema-graph\">{\"@context\":\"https:\\\/\\\/schema.org\",\"@graph\":[{\"@type\":\"Article\",\"@id\":\"https:\\\/\\\/aktialiiga.fi\\\/miehet\\\/2023-2024\\\/ennakot-2023-24\\\/pronssin-kohtalo-ratkaistaan-lauantaina\\\/#article\",\"isPartOf\":{\"@id\":\"https:\\\/\\\/aktialiiga.fi\\\/miehet\\\/2023-2024\\\/ennakot-2023-24\\\/pronssin-kohtalo-ratkaistaan-lauantaina\\\/\"},\"author\":{\"name\":\"tbrmedia\",\"@id\":\"https:\\\/\\\/aktialiiga.fi\\\/miehet\\\/#\\\/schema\\\/person\\\/c14bf42f47041db74603c45afcb18d87\"},\"headline\":\"Pronssin kohtalo ratkaistaan lauantaina\",\"datePublished\":\"2024-04-19T14:38:05+00:00\",\"dateModified\":\"2024-04-19T14:38:32+00:00\",\"mainEntityOfPage\":{\"@id\":\"https:\\\/\\\/aktialiiga.fi\\\/miehet\\\/2023-2024\\\/ennakot-2023-24\\\/pronssin-kohtalo-ratkaistaan-lauantaina\\\/\"},\"wordCount\":130,\"publisher\":{\"@id\":\"https:\\\/\\\/aktialiiga.fi\\\/miehet\\\/#organization\"},\"image\":{\"@id\":\"https:\\\/\\\/aktialiiga.fi\\\/miehet\\\/2023-2024\\\/ennakot-2023-24\\\/pronssin-kohtalo-ratkaistaan-lauantaina\\\/#primaryimage\"},\"thumbnailUrl\":\"https:\\\/\\\/i0.wp.com\\\/aktialiiga.fi\\\/miehet\\\/wp-content\\\/uploads\\\/sites\\\/5\\\/2024\\\/03\\\/GrIFK_Roslander_Kankaanpaa_2324.jpg?fit=2104%2C993&ssl=1\",\"keywords\":[\"Dicken\",\"GrIFK\"],\"articleSection\":[\"Ennakot\"],\"inLanguage\":\"fi\"},{\"@type\":\"WebPage\",\"@id\":\"https:\\\/\\\/aktialiiga.fi\\\/miehet\\\/2023-2024\\\/ennakot-2023-24\\\/pronssin-kohtalo-ratkaistaan-lauantaina\\\/\",\"url\":\"https:\\\/\\\/aktialiiga.fi\\\/miehet\\\/2023-2024\\\/ennakot-2023-24\\\/pronssin-kohtalo-ratkaistaan-lauantaina\\\/\",\"name\":\"Pronssin kohtalo ratkaistaan lauantaina | K\u00e4sipallon miesten Aktialiiga\",\"isPartOf\":{\"@id\":\"https:\\\/\\\/aktialiiga.fi\\\/miehet\\\/#website\"},\"primaryImageOfPage\":{\"@id\":\"https:\\\/\\\/aktialiiga.fi\\\/miehet\\\/2023-2024\\\/ennakot-2023-24\\\/pronssin-kohtalo-ratkaistaan-lauantaina\\\/#primaryimage\"},\"image\":{\"@id\":\"https:\\\/\\\/aktialiiga.fi\\\/miehet\\\/2023-2024\\\/ennakot-2023-24\\\/pronssin-kohtalo-ratkaistaan-lauantaina\\\/#primaryimage\"},\"thumbnailUrl\":\"https:\\\/\\\/i0.wp.com\\\/aktialiiga.fi\\\/miehet\\\/wp-content\\\/uploads\\\/sites\\\/5\\\/2024\\\/03\\\/GrIFK_Roslander_Kankaanpaa_2324.jpg?fit=2104%2C993&ssl=1\",\"datePublished\":\"2024-04-19T14:38:05+00:00\",\"dateModified\":\"2024-04-19T14:38:32+00:00\",\"breadcrumb\":{\"@id\":\"https:\\\/\\\/aktialiiga.fi\\\/miehet\\\/2023-2024\\\/ennakot-2023-24\\\/pronssin-kohtalo-ratkaistaan-lauantaina\\\/#breadcrumb\"},\"inLanguage\":\"fi\",\"potentialAction\":[{\"@type\":\"ReadAction\",\"target\":[\"https:\\\/\\\/aktialiiga.fi\\\/miehet\\\/2023-2024\\\/ennakot-2023-24\\\/pronssin-kohtalo-ratkaistaan-lauantaina\\\/\"]}]},{\"@type\":\"ImageObject\",\"inLanguage\":\"fi\",\"@id\":\"https:\\\/\\\/aktialiiga.fi\\\/miehet\\\/2023-2024\\\/ennakot-2023-24\\\/pronssin-kohtalo-ratkaistaan-lauantaina\\\/#primaryimage\",\"url\":\"https:\\\/\\\/i0.wp.com\\\/aktialiiga.fi\\\/miehet\\\/wp-content\\\/uploads\\\/sites\\\/5\\\/2024\\\/03\\\/GrIFK_Roslander_Kankaanpaa_2324.jpg?fit=2104%2C993&ssl=1\",\"contentUrl\":\"https:\\\/\\\/i0.wp.com\\\/aktialiiga.fi\\\/miehet\\\/wp-content\\\/uploads\\\/sites\\\/5\\\/2024\\\/03\\\/GrIFK_Roslander_Kankaanpaa_2324.jpg?fit=2104%2C993&ssl=1\",\"width\":2104,\"height\":993,\"caption\":\"Patrik Roslander, GrIFK ja Kalle Kankaanpa\u0308a\u0308, GrIFK K\u00e4sipallon SM-liiga GrIFK - SIF Kauniaisten palloiluhalli 19. lokakuuta 2023. (Kalle Parkkinen\\\/Newspix24)\"},{\"@type\":\"BreadcrumbList\",\"@id\":\"https:\\\/\\\/aktialiiga.fi\\\/miehet\\\/2023-2024\\\/ennakot-2023-24\\\/pronssin-kohtalo-ratkaistaan-lauantaina\\\/#breadcrumb\",\"itemListElement\":[{\"@type\":\"ListItem\",\"position\":1,\"name\":\"Etusivu\",\"item\":\"https:\\\/\\\/aktialiiga.fi\\\/miehet\\\/\"},{\"@type\":\"ListItem\",\"position\":2,\"name\":\"Pronssin kohtalo ratkaistaan lauantaina\"}]},{\"@type\":\"WebSite\",\"@id\":\"https:\\\/\\\/aktialiiga.fi\\\/miehet\\\/#website\",\"url\":\"https:\\\/\\\/aktialiiga.fi\\\/miehet\\\/\",\"name\":\"K\u00e4sipallon miesten Aktialiiga\",\"description\":\"Valtakunnan vauhdikkainta palloilua!\",\"publisher\":{\"@id\":\"https:\\\/\\\/aktialiiga.fi\\\/miehet\\\/#organization\"},\"potentialAction\":[{\"@type\":\"SearchAction\",\"target\":{\"@type\":\"EntryPoint\",\"urlTemplate\":\"https:\\\/\\\/aktialiiga.fi\\\/miehet\\\/?s={search_term_string}\"},\"query-input\":{\"@type\":\"PropertyValueSpecification\",\"valueRequired\":true,\"valueName\":\"search_term_string\"}}],\"inLanguage\":\"fi\"},{\"@type\":\"Organization\",\"@id\":\"https:\\\/\\\/aktialiiga.fi\\\/miehet\\\/#organization\",\"name\":\"K\u00e4sipallon miesten Aktialiiga\",\"url\":\"https:\\\/\\\/aktialiiga.fi\\\/miehet\\\/\",\"logo\":{\"@type\":\"ImageObject\",\"inLanguage\":\"fi\",\"@id\":\"https:\\\/\\\/aktialiiga.fi\\\/miehet\\\/#\\\/schema\\\/logo\\\/image\\\/\",\"url\":\"https:\\\/\\\/i0.wp.com\\\/aktialiiga.fi\\\/miehet\\\/wp-content\\\/uploads\\\/sites\\\/5\\\/2024\\\/09\\\/Aktialiiga-Yoast-512.png?fit=512%2C512&ssl=1\",\"contentUrl\":\"https:\\\/\\\/i0.wp.com\\\/aktialiiga.fi\\\/miehet\\\/wp-content\\\/uploads\\\/sites\\\/5\\\/2024\\\/09\\\/Aktialiiga-Yoast-512.png?fit=512%2C512&ssl=1\",\"width\":512,\"height\":512,\"caption\":\"K\u00e4sipallon miesten Aktialiiga\"},\"image\":{\"@id\":\"https:\\\/\\\/aktialiiga.fi\\\/miehet\\\/#\\\/schema\\\/logo\\\/image\\\/\"},\"sameAs\":[\"https:\\\/\\\/www.facebook.com\\\/finnhandball\",\"https:\\\/\\\/x.com\\\/finnhandball\",\"https:\\\/\\\/www.instagram.com\\\/handballfinland\\\/\"]},{\"@type\":\"Person\",\"@id\":\"https:\\\/\\\/aktialiiga.fi\\\/miehet\\\/#\\\/schema\\\/person\\\/c14bf42f47041db74603c45afcb18d87\",\"name\":\"tbrmedia\",\"image\":{\"@type\":\"ImageObject\",\"inLanguage\":\"fi\",\"@id\":\"https:\\\/\\\/secure.gravatar.com\\\/avatar\\\/ee975fa091fe581d12b60debb3439022686618368a7c142044c56724d4666b16?s=96&d=mm&r=g\",\"url\":\"https:\\\/\\\/secure.gravatar.com\\\/avatar\\\/ee975fa091fe581d12b60debb3439022686618368a7c142044c56724d4666b16?s=96&d=mm&r=g\",\"contentUrl\":\"https:\\\/\\\/secure.gravatar.com\\\/avatar\\\/ee975fa091fe581d12b60debb3439022686618368a7c142044c56724d4666b16?s=96&d=mm&r=g\",\"caption\":\"tbrmedia\"}}]}<\/script>\n<!-- \/ Yoast SEO plugin. -->","yoast_head_json":{"title":"Pronssin kohtalo ratkaistaan lauantaina | K\u00e4sipallon miesten Aktialiiga","robots":{"index":"index","follow":"follow","max-snippet":"max-snippet:-1","max-image-preview":"max-image-preview:large","max-video-preview":"max-video-preview:-1"},"canonical":"https:\/\/aktialiiga.fi\/miehet\/2023-2024\/ennakot-2023-24\/pronssin-kohtalo-ratkaistaan-lauantaina\/","og_locale":"fi_FI","og_type":"article","og_title":"Pronssin kohtalo ratkaistaan lauantaina | K\u00e4sipallon miesten Aktialiiga","og_description":"SM-liigan ensimm\u00e4inen mitalijoukkue selvi\u00e4\u00e4 lauantai-iltap\u00e4iv\u00e4n\u00e4 Kauniaisissa, jossa GrIFK ja Dicken saattavat pelikautensa ja kaksiosaisen pronssiottelunsa p\u00e4\u00e4t\u00f6kseen. Dicken voitti ensimm\u00e4isen osaottelun tiistaina 22-20, joten Granilla on edess\u00e4\u00e4n ottelun voittaminen v\u00e4hint\u00e4\u00e4n kolmella maalilla, sill\u00e4 pronssimitalit ratkaistaan kahden ottelun yhteismaaleilla. Grani on joutunut taistelemaan pudotuspeleiss\u00e4 siipirikkoisella miehist\u00f6ll\u00e4, eik\u00e4 lauantain otteluunkaan saa parasta kokoonpanoaan jalkeille. Granilla riitt\u00e4\u00e4 kuitenkin vastuunkantajia [&hellip;]","og_url":"https:\/\/aktialiiga.fi\/miehet\/2023-2024\/ennakot-2023-24\/pronssin-kohtalo-ratkaistaan-lauantaina\/","og_site_name":"K\u00e4sipallon miesten Aktialiiga","article_publisher":"https:\/\/www.facebook.com\/finnhandball","article_published_time":"2024-04-19T14:38:05+00:00","article_modified_time":"2024-04-19T14:38:32+00:00","og_image":[{"width":2104,"height":993,"url":"https:\/\/i0.wp.com\/aktialiiga.fi\/miehet\/wp-content\/uploads\/sites\/5\/2024\/03\/GrIFK_Roslander_Kankaanpaa_2324.jpg?fit=2104%2C993&ssl=1","type":"image\/jpeg"}],"author":"tbrmedia","twitter_card":"summary_large_image","twitter_creator":"@finnhandball","twitter_site":"@finnhandball","schema":{"@context":"https:\/\/schema.org","@graph":[{"@type":"Article","@id":"https:\/\/aktialiiga.fi\/miehet\/2023-2024\/ennakot-2023-24\/pronssin-kohtalo-ratkaistaan-lauantaina\/#article","isPartOf":{"@id":"https:\/\/aktialiiga.fi\/miehet\/2023-2024\/ennakot-2023-24\/pronssin-kohtalo-ratkaistaan-lauantaina\/"},"author":{"name":"tbrmedia","@id":"https:\/\/aktialiiga.fi\/miehet\/#\/schema\/person\/c14bf42f47041db74603c45afcb18d87"},"headline":"Pronssin kohtalo ratkaistaan lauantaina","datePublished":"2024-04-19T14:38:05+00:00","dateModified":"2024-04-19T14:38:32+00:00","mainEntityOfPage":{"@id":"https:\/\/aktialiiga.fi\/miehet\/2023-2024\/ennakot-2023-24\/pronssin-kohtalo-ratkaistaan-lauantaina\/"},"wordCount":130,"publisher":{"@id":"https:\/\/aktialiiga.fi\/miehet\/#organization"},"image":{"@id":"https:\/\/aktialiiga.fi\/miehet\/2023-2024\/ennakot-2023-24\/pronssin-kohtalo-ratkaistaan-lauantaina\/#primaryimage"},"thumbnailUrl":"https:\/\/i0.wp.com\/aktialiiga.fi\/miehet\/wp-content\/uploads\/sites\/5\/2024\/03\/GrIFK_Roslander_Kankaanpaa_2324.jpg?fit=2104%2C993&ssl=1","keywords":["Dicken","GrIFK"],"articleSection":["Ennakot"],"inLanguage":"fi"},{"@type":"WebPage","@id":"https:\/\/aktialiiga.fi\/miehet\/2023-2024\/ennakot-2023-24\/pronssin-kohtalo-ratkaistaan-lauantaina\/","url":"https:\/\/aktialiiga.fi\/miehet\/2023-2024\/ennakot-2023-24\/pronssin-kohtalo-ratkaistaan-lauantaina\/","name":"Pronssin kohtalo ratkaistaan lauantaina | K\u00e4sipallon miesten Aktialiiga","isPartOf":{"@id":"https:\/\/aktialiiga.fi\/miehet\/#website"},"primaryImageOfPage":{"@id":"https:\/\/aktialiiga.fi\/miehet\/2023-2024\/ennakot-2023-24\/pronssin-kohtalo-ratkaistaan-lauantaina\/#primaryimage"},"image":{"@id":"https:\/\/aktialiiga.fi\/miehet\/2023-2024\/ennakot-2023-24\/pronssin-kohtalo-ratkaistaan-lauantaina\/#primaryimage"},"thumbnailUrl":"https:\/\/i0.wp.com\/aktialiiga.fi\/miehet\/wp-content\/uploads\/sites\/5\/2024\/03\/GrIFK_Roslander_Kankaanpaa_2324.jpg?fit=2104%2C993&ssl=1","datePublished":"2024-04-19T14:38:05+00:00","dateModified":"2024-04-19T14:38:32+00:00","breadcrumb":{"@id":"https:\/\/aktialiiga.fi\/miehet\/2023-2024\/ennakot-2023-24\/pronssin-kohtalo-ratkaistaan-lauantaina\/#breadcrumb"},"inLanguage":"fi","potentialAction":[{"@type":"ReadAction","target":["https:\/\/aktialiiga.fi\/miehet\/2023-2024\/ennakot-2023-24\/pronssin-kohtalo-ratkaistaan-lauantaina\/"]}]},{"@type":"ImageObject","inLanguage":"fi","@id":"https:\/\/aktialiiga.fi\/miehet\/2023-2024\/ennakot-2023-24\/pronssin-kohtalo-ratkaistaan-lauantaina\/#primaryimage","url":"https:\/\/i0.wp.com\/aktialiiga.fi\/miehet\/wp-content\/uploads\/sites\/5\/2024\/03\/GrIFK_Roslander_Kankaanpaa_2324.jpg?fit=2104%2C993&ssl=1","contentUrl":"https:\/\/i0.wp.com\/aktialiiga.fi\/miehet\/wp-content\/uploads\/sites\/5\/2024\/03\/GrIFK_Roslander_Kankaanpaa_2324.jpg?fit=2104%2C993&ssl=1","width":2104,"height":993,"caption":"Patrik Roslander, GrIFK ja Kalle Kankaanpa\u0308a\u0308, GrIFK K\u00e4sipallon SM-liiga GrIFK - SIF Kauniaisten palloiluhalli 19. lokakuuta 2023. (Kalle Parkkinen\/Newspix24)"},{"@type":"BreadcrumbList","@id":"https:\/\/aktialiiga.fi\/miehet\/2023-2024\/ennakot-2023-24\/pronssin-kohtalo-ratkaistaan-lauantaina\/#breadcrumb","itemListElement":[{"@type":"ListItem","position":1,"name":"Etusivu","item":"https:\/\/aktialiiga.fi\/miehet\/"},{"@type":"ListItem","position":2,"name":"Pronssin kohtalo ratkaistaan lauantaina"}]},{"@type":"WebSite","@id":"https:\/\/aktialiiga.fi\/miehet\/#website","url":"https:\/\/aktialiiga.fi\/miehet\/","name":"K\u00e4sipallon miesten Aktialiiga","description":"Valtakunnan vauhdikkainta palloilua!","publisher":{"@id":"https:\/\/aktialiiga.fi\/miehet\/#organization"},"potentialAction":[{"@type":"SearchAction","target":{"@type":"EntryPoint","urlTemplate":"https:\/\/aktialiiga.fi\/miehet\/?s={search_term_string}"},"query-input":{"@type":"PropertyValueSpecification","valueRequired":true,"valueName":"search_term_string"}}],"inLanguage":"fi"},{"@type":"Organization","@id":"https:\/\/aktialiiga.fi\/miehet\/#organization","name":"K\u00e4sipallon miesten Aktialiiga","url":"https:\/\/aktialiiga.fi\/miehet\/","logo":{"@type":"ImageObject","inLanguage":"fi","@id":"https:\/\/aktialiiga.fi\/miehet\/#\/schema\/logo\/image\/","url":"https:\/\/i0.wp.com\/aktialiiga.fi\/miehet\/wp-content\/uploads\/sites\/5\/2024\/09\/Aktialiiga-Yoast-512.png?fit=512%2C512&ssl=1","contentUrl":"https:\/\/i0.wp.com\/aktialiiga.fi\/miehet\/wp-content\/uploads\/sites\/5\/2024\/09\/Aktialiiga-Yoast-512.png?fit=512%2C512&ssl=1","width":512,"height":512,"caption":"K\u00e4sipallon miesten Aktialiiga"},"image":{"@id":"https:\/\/aktialiiga.fi\/miehet\/#\/schema\/logo\/image\/"},"sameAs":["https:\/\/www.facebook.com\/finnhandball","https:\/\/x.com\/finnhandball","https:\/\/www.instagram.com\/handballfinland\/"]},{"@type":"Person","@id":"https:\/\/aktialiiga.fi\/miehet\/#\/schema\/person\/c14bf42f47041db74603c45afcb18d87","name":"tbrmedia","image":{"@type":"ImageObject","inLanguage":"fi","@id":"https:\/\/secure.gravatar.com\/avatar\/ee975fa091fe581d12b60debb3439022686618368a7c142044c56724d4666b16?s=96&d=mm&r=g","url":"https:\/\/secure.gravatar.com\/avatar\/ee975fa091fe581d12b60debb3439022686618368a7c142044c56724d4666b16?s=96&d=mm&r=g","contentUrl":"https:\/\/secure.gravatar.com\/avatar\/ee975fa091fe581d12b60debb3439022686618368a7c142044c56724d4666b16?s=96&d=mm&r=g","caption":"tbrmedia"}}]}},"jetpack_featured_media_url":"https:\/\/i0.wp.com\/aktialiiga.fi\/miehet\/wp-content\/uploads\/sites\/5\/2024\/03\/GrIFK_Roslander_Kankaanpaa_2324.jpg?fit=2104%2C993&ssl=1","jetpack_sharing_enabled":true,"jetpack_shortlink":"https:\/\/wp.me\/pfTxOr-crb","_links":{"self":[{"href":"https:\/\/aktialiiga.fi\/miehet\/wp-json\/wp\/v2\/posts\/47813","targetHints":{"allow":["GET"]}}],"collection":[{"href":"https:\/\/aktialiiga.fi\/miehet\/wp-json\/wp\/v2\/posts"}],"about":[{"href":"https:\/\/aktialiiga.fi\/miehet\/wp-json\/wp\/v2\/types\/post"}],"author":[{"embeddable":true,"href":"https:\/\/aktialiiga.fi\/miehet\/wp-json\/wp\/v2\/users\/13"}],"replies":[{"embeddable":true,"href":"https:\/\/aktialiiga.fi\/miehet\/wp-json\/wp\/v2\/comments?post=47813"}],"version-history":[{"count":0,"href":"https:\/\/aktialiiga.fi\/miehet\/wp-json\/wp\/v2\/posts\/47813\/revisions"}],"wp:featuredmedia":[{"embeddable":true,"href":"https:\/\/aktialiiga.fi\/miehet\/wp-json\/wp\/v2\/media\/47349"}],"wp:attachment":[{"href":"https:\/\/aktialiiga.fi\/miehet\/wp-json\/wp\/v2\/media?parent=47813"}],"wp:term":[{"taxonomy":"category","embeddable":true,"href":"https:\/\/aktialiiga.fi\/miehet\/wp-json\/wp\/v2\/categories?post=47813"},{"taxonomy":"post_tag","embeddable":true,"href":"https:\/\/aktialiiga.fi\/miehet\/wp-json\/wp\/v2\/tags?post=47813"}],"curies":[{"name":"wp","href":"https:\/\/api.w.org\/{rel}","templated":true}]}}