{"id":47845,"date":"2024-04-20T15:04:15","date_gmt":"2024-04-20T12:04:15","guid":{"rendered":"https:\/\/aktialiiga.fi\/miehet\/?p=47845"},"modified":"2024-04-20T17:32:26","modified_gmt":"2024-04-20T14:32:26","slug":"dicken-nappasi-pronssin-tasapeli-grifkn-vieraana-riitti","status":"publish","type":"post","link":"https:\/\/aktialiiga.fi\/miehet\/2023-2024\/ottelut-2023-24\/dicken-nappasi-pronssin-tasapeli-grifkn-vieraana-riitti\/","title":{"rendered":"Dicken nappasi pronssin \u2013 tasapeli GrIFK:n vieraana riitti"},"content":{"rendered":"<p>Dicken l\u00e4hti toiseen pronssiotteluun GrIFK:n vieraana kotonaan hankkimansa kahden maalin johtoaseman turvin ja vei lopussa j\u00e4nnitt\u00e4v\u00e4ksi venyneen ottelun p\u00e4\u00e4tteeksi mitalit nimiins\u00e4.<\/p>\n<p>Grani aloitti vahvemmin, mutta Dicken p\u00e4\u00e4si nopeasti mukaan vauhtiin ja k\u00e4\u00e4nsi tilanteen edukseen. Avausjakson toinen puolisko eteni vahvasti Dickenin merkeiss\u00e4 ja vierasjohto kirjattiin tauolle ment\u00e4ess\u00e4 viiden maalin erolla.<\/p>\n<p>Toisella jaksolla Dicken piti johtoasemastaan kiinni, joskaan ero ei kasvanut. Grani sai viel\u00e4 viimeisen kymmenminuuttisen alkaessa p\u00e4\u00e4lle kirivaihteen ja nousi viiden maalin takaa tasoihin. Pidemm\u00e4lle kiri ei kuitenkaan riitt\u00e4nyt ja Dickenin mitalijuhlat p\u00e4\u00e4siv\u00e4t alkamaan p\u00e4\u00e4t\u00f6ssummerin soidessa.<\/p>\n<p>GrIFK:n p\u00e4\u00e4valmentaja Mikael K\u00e4llman n\u00e4ki ottelun ratkenneen Granin oman pelin virheisiin, vaikka toinen jakso olikin hyv\u00e4.<\/p>\n<p>&#8211; Teimme liian monta teknist\u00e4 virhett\u00e4 ensimm\u00e4isell\u00e4 puoliajalla, joten kutsuimme enemm\u00e4n tai v\u00e4hemm\u00e4n Dickenin ottamaan johtonsa. Nollasimme tilanteen tauolla ja onnistuimme rakentamaan todella hyv\u00e4n puolustuksen sek\u00e4 vahvan Parvisen maalissa. Valitettavasti teimme edelleen liikaa teknisi\u00e4 virheit\u00e4 my\u00f6s toisella puoliajalla.<\/p>\n<p>&#8211; Ennen kaikkea emme onnistuneet hyviss\u00e4 maalipaikoissa, mik\u00e4 valitettavasti vaikeutti kiinniottoa. Mutta joukkue j\u00e4tti kaiken kent\u00e4lle ja pelasimme eritt\u00e4in hyv\u00e4n toisen puoliajan, K\u00e4llman tiivisti.<\/p>\n<p>Dickenin p\u00e4\u00e4valmentaja Ken Sirenius oli onnellinen ennen kaikkea komeasta p\u00e4\u00e4t\u00f6ksest\u00e4 vaikeasti alkaneelle kaudelle.<\/p>\n<p>&#8211; Kausi on ollut pitk\u00e4 ja tuntuu mahtavalta lopettaa se n\u00e4in. Koko joukkue osoitti uskomatonta henke\u00e4 ty\u00f6skennelless\u00e4mme pimeiden kuukausien l\u00e4pi ja onnistuimme p\u00e4\u00e4tt\u00e4m\u00e4\u00e4n kauden positiivisesti.<\/p>\n<p>&#8211; On my\u00f6s syyt\u00e4 huomioida, ett\u00e4 t\u00e4m\u00e4 oli ottelusarja, jotka olisi voinut menn\u00e4 kumpaan suuntaan tahansa &#8211; joten voimme olla eritt\u00e4in ylpeit\u00e4, ett\u00e4 onnistuimme voittamaan t\u00e4n\u00e4 vuonna, Sirenius jakoi tunnustusta my\u00f6s vastustajalle.<\/p>\n<p>Ratkaisevan pronssiottelun parhaana pelaajana palkittiin Dickenin maalivahti Bogdan Klepa, joka iloitsi mitalista.<\/p>\n<p>&#8211; Luulen, ett\u00e4 kukaan ei uskonut meihin kauden alussa. Mutta kaikki halusivat voittaa jotain, ja p\u00e4\u00e4timme pelata joukkueena ja n\u00e4ytt\u00e4\u00e4, ett\u00e4 osaamme viel\u00e4. T\u00e4n\u00e4\u00e4n oli hyv\u00e4 peli ja Grani olisi my\u00f6s voinut voittaa &#8211; mutta t\u00e4n\u00e4\u00e4n oli meid\u00e4n p\u00e4iv\u00e4mme!<\/p>\n<p><em><strong>SM-liigan 2. pronssiottelu:<\/strong><\/em><br \/>\n<strong>GrIFK \u2013 Dicken 24-24 (10-15)<\/strong><br \/>\nPronssimitalit Dickenille yhteismaalein 46-44.<\/p>\n<p><strong>Maalintekij\u00e4t<\/strong>: maalit (7m maalit)<br \/>\nGrIFK: Filip Churlevski 4, Gustav Svanb\u00e4ck 3 (1), William Nysten 3, Isak Lehvonen 3, Miro Koljonen 3, Fredrik Forss 3 (1), Jere Kantee 2, Alexander Qvist 1, Wilhelm Parvinen 1, Kalle Kankaanp\u00e4\u00e4 1<br \/>\nDicken: Benjamin Peitsaro 7 (4), Serhii Dubovyk 7, Benny Broman 3, Roni Syrj\u00e4l\u00e4 2, Armi P\u00e4rt 2, Joacim Broman 2, Arne Berglund 1<\/p>\n<p><strong>T\u00e4htipelaajat<\/strong><br \/>\nBogdan Klepa Dicken 3<br \/>\nFredrik Parvinen GrIFK 2<br \/>\nSerhii Dubovyk Dicken 1<\/p>\n<p><strong>2 min ulosajot sek\u00e4 pelist\u00e4 sulkemiset<\/strong><br \/>\nGrIFK: Alexander Qvist 1 x 2 min, Kalle Kankaanp\u00e4\u00e4 2 x 2 min<br \/>\nDicken: Arne Berglund 1 x 2 min, Roni Syrj\u00e4l\u00e4 1 x 2 min, Serhii Dubovyk 1 x 2 min<\/p>\n<p><em>Erotuomarit<\/em>: Jan Helander &#8211; Annette Nyberg<\/p>\n<p><em>Yleis\u00f6\u00e4<\/em>: 268<\/p>\n","protected":false},"excerpt":{"rendered":"<p>Dicken l\u00e4hti toiseen pronssiotteluun GrIFK:n vieraana kotonaan hankkimansa kahden maalin johtoaseman turvin ja vei lopussa j\u00e4nnitt\u00e4v\u00e4ksi venyneen ottelun p\u00e4\u00e4tteeksi mitalit nimiins\u00e4. Grani aloitti vahvemmin, mutta Dicken p\u00e4\u00e4si nopeasti mukaan vauhtiin ja k\u00e4\u00e4nsi tilanteen edukseen. Avausjakson toinen puolisko eteni vahvasti Dickenin merkeiss\u00e4 ja vierasjohto kirjattiin tauolle ment\u00e4ess\u00e4 viiden maalin erolla. Toisella jaksolla Dicken piti johtoasemastaan kiinni, [&hellip;]<\/p>\n","protected":false},"author":13,"featured_media":47692,"comment_status":"closed","ping_status":"closed","sticky":false,"template":"","format":"standard","meta":{"_acf_changed":false,"jetpack_post_was_ever_published":false,"_jetpack_newsletter_access":"","_jetpack_dont_email_post_to_subs":false,"_jetpack_newsletter_tier_id":0,"_jetpack_memberships_contains_paywalled_content":false,"_jetpack_memberships_contains_paid_content":false,"footnotes":""},"categories":[303],"tags":[58,64],"class_list":["post-47845","post","type-post","status-publish","format-standard","has-post-thumbnail","hentry","category-ottelut-2023-24","tag-dicken","tag-grifk"],"acf":[],"yoast_head":"<!-- This site is optimized with the Yoast SEO plugin v27.5 - https:\/\/yoast.com\/product\/yoast-seo-wordpress\/ -->\n<title>Dicken nappasi pronssin \u2013 tasapeli GrIFK:n vieraana riitti | K\u00e4sipallon miesten Aktialiiga<\/title>\n<meta name=\"robots\" content=\"index, follow, max-snippet:-1, max-image-preview:large, max-video-preview:-1\" \/>\n<link rel=\"canonical\" href=\"https:\/\/aktialiiga.fi\/miehet\/2023-2024\/ottelut-2023-24\/dicken-nappasi-pronssin-tasapeli-grifkn-vieraana-riitti\/\" \/>\n<meta property=\"og:locale\" content=\"fi_FI\" \/>\n<meta property=\"og:type\" content=\"article\" \/>\n<meta property=\"og:title\" content=\"Dicken nappasi pronssin \u2013 tasapeli GrIFK:n vieraana riitti | K\u00e4sipallon miesten Aktialiiga\" \/>\n<meta property=\"og:description\" content=\"Dicken l\u00e4hti toiseen pronssiotteluun GrIFK:n vieraana kotonaan hankkimansa kahden maalin johtoaseman turvin ja vei lopussa j\u00e4nnitt\u00e4v\u00e4ksi venyneen ottelun p\u00e4\u00e4tteeksi mitalit nimiins\u00e4. Grani aloitti vahvemmin, mutta Dicken p\u00e4\u00e4si nopeasti mukaan vauhtiin ja k\u00e4\u00e4nsi tilanteen edukseen. Avausjakson toinen puolisko eteni vahvasti Dickenin merkeiss\u00e4 ja vierasjohto kirjattiin tauolle ment\u00e4ess\u00e4 viiden maalin erolla. Toisella jaksolla Dicken piti johtoasemastaan kiinni, [&hellip;]\" \/>\n<meta property=\"og:url\" content=\"https:\/\/aktialiiga.fi\/miehet\/2023-2024\/ottelut-2023-24\/dicken-nappasi-pronssin-tasapeli-grifkn-vieraana-riitti\/\" \/>\n<meta property=\"og:site_name\" content=\"K\u00e4sipallon miesten Aktialiiga\" \/>\n<meta property=\"article:publisher\" content=\"https:\/\/www.facebook.com\/finnhandball\" \/>\n<meta property=\"article:published_time\" content=\"2024-04-20T12:04:15+00:00\" \/>\n<meta property=\"article:modified_time\" content=\"2024-04-20T14:32:26+00:00\" \/>\n<meta property=\"og:image\" content=\"https:\/\/i0.wp.com\/aktialiiga.fi\/miehet\/wp-content\/uploads\/sites\/5\/2024\/04\/Dicken_aikalisa_2324.jpg?fit=2193%2C1038&ssl=1\" \/>\n\t<meta property=\"og:image:width\" content=\"2193\" \/>\n\t<meta property=\"og:image:height\" content=\"1038\" \/>\n\t<meta property=\"og:image:type\" content=\"image\/jpeg\" \/>\n<meta name=\"author\" content=\"tbrmedia\" \/>\n<meta name=\"twitter:card\" content=\"summary_large_image\" \/>\n<meta name=\"twitter:creator\" content=\"@finnhandball\" \/>\n<meta name=\"twitter:site\" content=\"@finnhandball\" \/>\n<script type=\"application\/ld+json\" class=\"yoast-schema-graph\">{\"@context\":\"https:\\\/\\\/schema.org\",\"@graph\":[{\"@type\":\"Article\",\"@id\":\"https:\\\/\\\/aktialiiga.fi\\\/miehet\\\/2023-2024\\\/ottelut-2023-24\\\/dicken-nappasi-pronssin-tasapeli-grifkn-vieraana-riitti\\\/#article\",\"isPartOf\":{\"@id\":\"https:\\\/\\\/aktialiiga.fi\\\/miehet\\\/2023-2024\\\/ottelut-2023-24\\\/dicken-nappasi-pronssin-tasapeli-grifkn-vieraana-riitti\\\/\"},\"author\":{\"name\":\"tbrmedia\",\"@id\":\"https:\\\/\\\/aktialiiga.fi\\\/miehet\\\/#\\\/schema\\\/person\\\/c14bf42f47041db74603c45afcb18d87\"},\"headline\":\"Dicken nappasi pronssin \u2013 tasapeli GrIFK:n vieraana riitti\",\"datePublished\":\"2024-04-20T12:04:15+00:00\",\"dateModified\":\"2024-04-20T14:32:26+00:00\",\"mainEntityOfPage\":{\"@id\":\"https:\\\/\\\/aktialiiga.fi\\\/miehet\\\/2023-2024\\\/ottelut-2023-24\\\/dicken-nappasi-pronssin-tasapeli-grifkn-vieraana-riitti\\\/\"},\"wordCount\":448,\"publisher\":{\"@id\":\"https:\\\/\\\/aktialiiga.fi\\\/miehet\\\/#organization\"},\"image\":{\"@id\":\"https:\\\/\\\/aktialiiga.fi\\\/miehet\\\/2023-2024\\\/ottelut-2023-24\\\/dicken-nappasi-pronssin-tasapeli-grifkn-vieraana-riitti\\\/#primaryimage\"},\"thumbnailUrl\":\"https:\\\/\\\/i0.wp.com\\\/aktialiiga.fi\\\/miehet\\\/wp-content\\\/uploads\\\/sites\\\/5\\\/2024\\\/04\\\/Dicken_aikalisa_2324.jpg?fit=2193%2C1038&ssl=1\",\"keywords\":[\"Dicken\",\"GrIFK\"],\"articleSection\":[\"Ottelut\"],\"inLanguage\":\"fi\"},{\"@type\":\"WebPage\",\"@id\":\"https:\\\/\\\/aktialiiga.fi\\\/miehet\\\/2023-2024\\\/ottelut-2023-24\\\/dicken-nappasi-pronssin-tasapeli-grifkn-vieraana-riitti\\\/\",\"url\":\"https:\\\/\\\/aktialiiga.fi\\\/miehet\\\/2023-2024\\\/ottelut-2023-24\\\/dicken-nappasi-pronssin-tasapeli-grifkn-vieraana-riitti\\\/\",\"name\":\"Dicken nappasi pronssin \u2013 tasapeli GrIFK:n vieraana riitti | K\u00e4sipallon miesten Aktialiiga\",\"isPartOf\":{\"@id\":\"https:\\\/\\\/aktialiiga.fi\\\/miehet\\\/#website\"},\"primaryImageOfPage\":{\"@id\":\"https:\\\/\\\/aktialiiga.fi\\\/miehet\\\/2023-2024\\\/ottelut-2023-24\\\/dicken-nappasi-pronssin-tasapeli-grifkn-vieraana-riitti\\\/#primaryimage\"},\"image\":{\"@id\":\"https:\\\/\\\/aktialiiga.fi\\\/miehet\\\/2023-2024\\\/ottelut-2023-24\\\/dicken-nappasi-pronssin-tasapeli-grifkn-vieraana-riitti\\\/#primaryimage\"},\"thumbnailUrl\":\"https:\\\/\\\/i0.wp.com\\\/aktialiiga.fi\\\/miehet\\\/wp-content\\\/uploads\\\/sites\\\/5\\\/2024\\\/04\\\/Dicken_aikalisa_2324.jpg?fit=2193%2C1038&ssl=1\",\"datePublished\":\"2024-04-20T12:04:15+00:00\",\"dateModified\":\"2024-04-20T14:32:26+00:00\",\"breadcrumb\":{\"@id\":\"https:\\\/\\\/aktialiiga.fi\\\/miehet\\\/2023-2024\\\/ottelut-2023-24\\\/dicken-nappasi-pronssin-tasapeli-grifkn-vieraana-riitti\\\/#breadcrumb\"},\"inLanguage\":\"fi\",\"potentialAction\":[{\"@type\":\"ReadAction\",\"target\":[\"https:\\\/\\\/aktialiiga.fi\\\/miehet\\\/2023-2024\\\/ottelut-2023-24\\\/dicken-nappasi-pronssin-tasapeli-grifkn-vieraana-riitti\\\/\"]}]},{\"@type\":\"ImageObject\",\"inLanguage\":\"fi\",\"@id\":\"https:\\\/\\\/aktialiiga.fi\\\/miehet\\\/2023-2024\\\/ottelut-2023-24\\\/dicken-nappasi-pronssin-tasapeli-grifkn-vieraana-riitti\\\/#primaryimage\",\"url\":\"https:\\\/\\\/i0.wp.com\\\/aktialiiga.fi\\\/miehet\\\/wp-content\\\/uploads\\\/sites\\\/5\\\/2024\\\/04\\\/Dicken_aikalisa_2324.jpg?fit=2193%2C1038&ssl=1\",\"contentUrl\":\"https:\\\/\\\/i0.wp.com\\\/aktialiiga.fi\\\/miehet\\\/wp-content\\\/uploads\\\/sites\\\/5\\\/2024\\\/04\\\/Dicken_aikalisa_2324.jpg?fit=2193%2C1038&ssl=1\",\"width\":2193,\"height\":1038,\"caption\":\"K\u00e4sipallon SM-liiga Dicken - BK-46 Pirkkolan palloiluhalli 25. lokakuuta 2023. (Kalle Parkkinen\\\/Newspix24)\"},{\"@type\":\"BreadcrumbList\",\"@id\":\"https:\\\/\\\/aktialiiga.fi\\\/miehet\\\/2023-2024\\\/ottelut-2023-24\\\/dicken-nappasi-pronssin-tasapeli-grifkn-vieraana-riitti\\\/#breadcrumb\",\"itemListElement\":[{\"@type\":\"ListItem\",\"position\":1,\"name\":\"Etusivu\",\"item\":\"https:\\\/\\\/aktialiiga.fi\\\/miehet\\\/\"},{\"@type\":\"ListItem\",\"position\":2,\"name\":\"Dicken nappasi pronssin \u2013 tasapeli GrIFK:n vieraana riitti\"}]},{\"@type\":\"WebSite\",\"@id\":\"https:\\\/\\\/aktialiiga.fi\\\/miehet\\\/#website\",\"url\":\"https:\\\/\\\/aktialiiga.fi\\\/miehet\\\/\",\"name\":\"K\u00e4sipallon miesten Aktialiiga\",\"description\":\"Valtakunnan vauhdikkainta palloilua!\",\"publisher\":{\"@id\":\"https:\\\/\\\/aktialiiga.fi\\\/miehet\\\/#organization\"},\"potentialAction\":[{\"@type\":\"SearchAction\",\"target\":{\"@type\":\"EntryPoint\",\"urlTemplate\":\"https:\\\/\\\/aktialiiga.fi\\\/miehet\\\/?s={search_term_string}\"},\"query-input\":{\"@type\":\"PropertyValueSpecification\",\"valueRequired\":true,\"valueName\":\"search_term_string\"}}],\"inLanguage\":\"fi\"},{\"@type\":\"Organization\",\"@id\":\"https:\\\/\\\/aktialiiga.fi\\\/miehet\\\/#organization\",\"name\":\"K\u00e4sipallon miesten Aktialiiga\",\"url\":\"https:\\\/\\\/aktialiiga.fi\\\/miehet\\\/\",\"logo\":{\"@type\":\"ImageObject\",\"inLanguage\":\"fi\",\"@id\":\"https:\\\/\\\/aktialiiga.fi\\\/miehet\\\/#\\\/schema\\\/logo\\\/image\\\/\",\"url\":\"https:\\\/\\\/i0.wp.com\\\/aktialiiga.fi\\\/miehet\\\/wp-content\\\/uploads\\\/sites\\\/5\\\/2024\\\/09\\\/Aktialiiga-Yoast-512.png?fit=512%2C512&ssl=1\",\"contentUrl\":\"https:\\\/\\\/i0.wp.com\\\/aktialiiga.fi\\\/miehet\\\/wp-content\\\/uploads\\\/sites\\\/5\\\/2024\\\/09\\\/Aktialiiga-Yoast-512.png?fit=512%2C512&ssl=1\",\"width\":512,\"height\":512,\"caption\":\"K\u00e4sipallon miesten Aktialiiga\"},\"image\":{\"@id\":\"https:\\\/\\\/aktialiiga.fi\\\/miehet\\\/#\\\/schema\\\/logo\\\/image\\\/\"},\"sameAs\":[\"https:\\\/\\\/www.facebook.com\\\/finnhandball\",\"https:\\\/\\\/x.com\\\/finnhandball\",\"https:\\\/\\\/www.instagram.com\\\/handballfinland\\\/\"]},{\"@type\":\"Person\",\"@id\":\"https:\\\/\\\/aktialiiga.fi\\\/miehet\\\/#\\\/schema\\\/person\\\/c14bf42f47041db74603c45afcb18d87\",\"name\":\"tbrmedia\",\"image\":{\"@type\":\"ImageObject\",\"inLanguage\":\"fi\",\"@id\":\"https:\\\/\\\/secure.gravatar.com\\\/avatar\\\/ee975fa091fe581d12b60debb3439022686618368a7c142044c56724d4666b16?s=96&d=mm&r=g\",\"url\":\"https:\\\/\\\/secure.gravatar.com\\\/avatar\\\/ee975fa091fe581d12b60debb3439022686618368a7c142044c56724d4666b16?s=96&d=mm&r=g\",\"contentUrl\":\"https:\\\/\\\/secure.gravatar.com\\\/avatar\\\/ee975fa091fe581d12b60debb3439022686618368a7c142044c56724d4666b16?s=96&d=mm&r=g\",\"caption\":\"tbrmedia\"}}]}<\/script>\n<!-- \/ Yoast SEO plugin. -->","yoast_head_json":{"title":"Dicken nappasi pronssin \u2013 tasapeli GrIFK:n vieraana riitti | K\u00e4sipallon miesten Aktialiiga","robots":{"index":"index","follow":"follow","max-snippet":"max-snippet:-1","max-image-preview":"max-image-preview:large","max-video-preview":"max-video-preview:-1"},"canonical":"https:\/\/aktialiiga.fi\/miehet\/2023-2024\/ottelut-2023-24\/dicken-nappasi-pronssin-tasapeli-grifkn-vieraana-riitti\/","og_locale":"fi_FI","og_type":"article","og_title":"Dicken nappasi pronssin \u2013 tasapeli GrIFK:n vieraana riitti | K\u00e4sipallon miesten Aktialiiga","og_description":"Dicken l\u00e4hti toiseen pronssiotteluun GrIFK:n vieraana kotonaan hankkimansa kahden maalin johtoaseman turvin ja vei lopussa j\u00e4nnitt\u00e4v\u00e4ksi venyneen ottelun p\u00e4\u00e4tteeksi mitalit nimiins\u00e4. Grani aloitti vahvemmin, mutta Dicken p\u00e4\u00e4si nopeasti mukaan vauhtiin ja k\u00e4\u00e4nsi tilanteen edukseen. Avausjakson toinen puolisko eteni vahvasti Dickenin merkeiss\u00e4 ja vierasjohto kirjattiin tauolle ment\u00e4ess\u00e4 viiden maalin erolla. Toisella jaksolla Dicken piti johtoasemastaan kiinni, [&hellip;]","og_url":"https:\/\/aktialiiga.fi\/miehet\/2023-2024\/ottelut-2023-24\/dicken-nappasi-pronssin-tasapeli-grifkn-vieraana-riitti\/","og_site_name":"K\u00e4sipallon miesten Aktialiiga","article_publisher":"https:\/\/www.facebook.com\/finnhandball","article_published_time":"2024-04-20T12:04:15+00:00","article_modified_time":"2024-04-20T14:32:26+00:00","og_image":[{"width":2193,"height":1038,"url":"https:\/\/i0.wp.com\/aktialiiga.fi\/miehet\/wp-content\/uploads\/sites\/5\/2024\/04\/Dicken_aikalisa_2324.jpg?fit=2193%2C1038&ssl=1","type":"image\/jpeg"}],"author":"tbrmedia","twitter_card":"summary_large_image","twitter_creator":"@finnhandball","twitter_site":"@finnhandball","schema":{"@context":"https:\/\/schema.org","@graph":[{"@type":"Article","@id":"https:\/\/aktialiiga.fi\/miehet\/2023-2024\/ottelut-2023-24\/dicken-nappasi-pronssin-tasapeli-grifkn-vieraana-riitti\/#article","isPartOf":{"@id":"https:\/\/aktialiiga.fi\/miehet\/2023-2024\/ottelut-2023-24\/dicken-nappasi-pronssin-tasapeli-grifkn-vieraana-riitti\/"},"author":{"name":"tbrmedia","@id":"https:\/\/aktialiiga.fi\/miehet\/#\/schema\/person\/c14bf42f47041db74603c45afcb18d87"},"headline":"Dicken nappasi pronssin \u2013 tasapeli GrIFK:n vieraana riitti","datePublished":"2024-04-20T12:04:15+00:00","dateModified":"2024-04-20T14:32:26+00:00","mainEntityOfPage":{"@id":"https:\/\/aktialiiga.fi\/miehet\/2023-2024\/ottelut-2023-24\/dicken-nappasi-pronssin-tasapeli-grifkn-vieraana-riitti\/"},"wordCount":448,"publisher":{"@id":"https:\/\/aktialiiga.fi\/miehet\/#organization"},"image":{"@id":"https:\/\/aktialiiga.fi\/miehet\/2023-2024\/ottelut-2023-24\/dicken-nappasi-pronssin-tasapeli-grifkn-vieraana-riitti\/#primaryimage"},"thumbnailUrl":"https:\/\/i0.wp.com\/aktialiiga.fi\/miehet\/wp-content\/uploads\/sites\/5\/2024\/04\/Dicken_aikalisa_2324.jpg?fit=2193%2C1038&ssl=1","keywords":["Dicken","GrIFK"],"articleSection":["Ottelut"],"inLanguage":"fi"},{"@type":"WebPage","@id":"https:\/\/aktialiiga.fi\/miehet\/2023-2024\/ottelut-2023-24\/dicken-nappasi-pronssin-tasapeli-grifkn-vieraana-riitti\/","url":"https:\/\/aktialiiga.fi\/miehet\/2023-2024\/ottelut-2023-24\/dicken-nappasi-pronssin-tasapeli-grifkn-vieraana-riitti\/","name":"Dicken nappasi pronssin \u2013 tasapeli GrIFK:n vieraana riitti | K\u00e4sipallon miesten Aktialiiga","isPartOf":{"@id":"https:\/\/aktialiiga.fi\/miehet\/#website"},"primaryImageOfPage":{"@id":"https:\/\/aktialiiga.fi\/miehet\/2023-2024\/ottelut-2023-24\/dicken-nappasi-pronssin-tasapeli-grifkn-vieraana-riitti\/#primaryimage"},"image":{"@id":"https:\/\/aktialiiga.fi\/miehet\/2023-2024\/ottelut-2023-24\/dicken-nappasi-pronssin-tasapeli-grifkn-vieraana-riitti\/#primaryimage"},"thumbnailUrl":"https:\/\/i0.wp.com\/aktialiiga.fi\/miehet\/wp-content\/uploads\/sites\/5\/2024\/04\/Dicken_aikalisa_2324.jpg?fit=2193%2C1038&ssl=1","datePublished":"2024-04-20T12:04:15+00:00","dateModified":"2024-04-20T14:32:26+00:00","breadcrumb":{"@id":"https:\/\/aktialiiga.fi\/miehet\/2023-2024\/ottelut-2023-24\/dicken-nappasi-pronssin-tasapeli-grifkn-vieraana-riitti\/#breadcrumb"},"inLanguage":"fi","potentialAction":[{"@type":"ReadAction","target":["https:\/\/aktialiiga.fi\/miehet\/2023-2024\/ottelut-2023-24\/dicken-nappasi-pronssin-tasapeli-grifkn-vieraana-riitti\/"]}]},{"@type":"ImageObject","inLanguage":"fi","@id":"https:\/\/aktialiiga.fi\/miehet\/2023-2024\/ottelut-2023-24\/dicken-nappasi-pronssin-tasapeli-grifkn-vieraana-riitti\/#primaryimage","url":"https:\/\/i0.wp.com\/aktialiiga.fi\/miehet\/wp-content\/uploads\/sites\/5\/2024\/04\/Dicken_aikalisa_2324.jpg?fit=2193%2C1038&ssl=1","contentUrl":"https:\/\/i0.wp.com\/aktialiiga.fi\/miehet\/wp-content\/uploads\/sites\/5\/2024\/04\/Dicken_aikalisa_2324.jpg?fit=2193%2C1038&ssl=1","width":2193,"height":1038,"caption":"K\u00e4sipallon SM-liiga Dicken - BK-46 Pirkkolan palloiluhalli 25. lokakuuta 2023. (Kalle Parkkinen\/Newspix24)"},{"@type":"BreadcrumbList","@id":"https:\/\/aktialiiga.fi\/miehet\/2023-2024\/ottelut-2023-24\/dicken-nappasi-pronssin-tasapeli-grifkn-vieraana-riitti\/#breadcrumb","itemListElement":[{"@type":"ListItem","position":1,"name":"Etusivu","item":"https:\/\/aktialiiga.fi\/miehet\/"},{"@type":"ListItem","position":2,"name":"Dicken nappasi pronssin \u2013 tasapeli GrIFK:n vieraana riitti"}]},{"@type":"WebSite","@id":"https:\/\/aktialiiga.fi\/miehet\/#website","url":"https:\/\/aktialiiga.fi\/miehet\/","name":"K\u00e4sipallon miesten Aktialiiga","description":"Valtakunnan vauhdikkainta palloilua!","publisher":{"@id":"https:\/\/aktialiiga.fi\/miehet\/#organization"},"potentialAction":[{"@type":"SearchAction","target":{"@type":"EntryPoint","urlTemplate":"https:\/\/aktialiiga.fi\/miehet\/?s={search_term_string}"},"query-input":{"@type":"PropertyValueSpecification","valueRequired":true,"valueName":"search_term_string"}}],"inLanguage":"fi"},{"@type":"Organization","@id":"https:\/\/aktialiiga.fi\/miehet\/#organization","name":"K\u00e4sipallon miesten Aktialiiga","url":"https:\/\/aktialiiga.fi\/miehet\/","logo":{"@type":"ImageObject","inLanguage":"fi","@id":"https:\/\/aktialiiga.fi\/miehet\/#\/schema\/logo\/image\/","url":"https:\/\/i0.wp.com\/aktialiiga.fi\/miehet\/wp-content\/uploads\/sites\/5\/2024\/09\/Aktialiiga-Yoast-512.png?fit=512%2C512&ssl=1","contentUrl":"https:\/\/i0.wp.com\/aktialiiga.fi\/miehet\/wp-content\/uploads\/sites\/5\/2024\/09\/Aktialiiga-Yoast-512.png?fit=512%2C512&ssl=1","width":512,"height":512,"caption":"K\u00e4sipallon miesten Aktialiiga"},"image":{"@id":"https:\/\/aktialiiga.fi\/miehet\/#\/schema\/logo\/image\/"},"sameAs":["https:\/\/www.facebook.com\/finnhandball","https:\/\/x.com\/finnhandball","https:\/\/www.instagram.com\/handballfinland\/"]},{"@type":"Person","@id":"https:\/\/aktialiiga.fi\/miehet\/#\/schema\/person\/c14bf42f47041db74603c45afcb18d87","name":"tbrmedia","image":{"@type":"ImageObject","inLanguage":"fi","@id":"https:\/\/secure.gravatar.com\/avatar\/ee975fa091fe581d12b60debb3439022686618368a7c142044c56724d4666b16?s=96&d=mm&r=g","url":"https:\/\/secure.gravatar.com\/avatar\/ee975fa091fe581d12b60debb3439022686618368a7c142044c56724d4666b16?s=96&d=mm&r=g","contentUrl":"https:\/\/secure.gravatar.com\/avatar\/ee975fa091fe581d12b60debb3439022686618368a7c142044c56724d4666b16?s=96&d=mm&r=g","caption":"tbrmedia"}}]}},"jetpack_featured_media_url":"https:\/\/i0.wp.com\/aktialiiga.fi\/miehet\/wp-content\/uploads\/sites\/5\/2024\/04\/Dicken_aikalisa_2324.jpg?fit=2193%2C1038&ssl=1","jetpack_sharing_enabled":true,"jetpack_shortlink":"https:\/\/wp.me\/pfTxOr-crH","_links":{"self":[{"href":"https:\/\/aktialiiga.fi\/miehet\/wp-json\/wp\/v2\/posts\/47845","targetHints":{"allow":["GET"]}}],"collection":[{"href":"https:\/\/aktialiiga.fi\/miehet\/wp-json\/wp\/v2\/posts"}],"about":[{"href":"https:\/\/aktialiiga.fi\/miehet\/wp-json\/wp\/v2\/types\/post"}],"author":[{"embeddable":true,"href":"https:\/\/aktialiiga.fi\/miehet\/wp-json\/wp\/v2\/users\/13"}],"replies":[{"embeddable":true,"href":"https:\/\/aktialiiga.fi\/miehet\/wp-json\/wp\/v2\/comments?post=47845"}],"version-history":[{"count":0,"href":"https:\/\/aktialiiga.fi\/miehet\/wp-json\/wp\/v2\/posts\/47845\/revisions"}],"wp:featuredmedia":[{"embeddable":true,"href":"https:\/\/aktialiiga.fi\/miehet\/wp-json\/wp\/v2\/media\/47692"}],"wp:attachment":[{"href":"https:\/\/aktialiiga.fi\/miehet\/wp-json\/wp\/v2\/media?parent=47845"}],"wp:term":[{"taxonomy":"category","embeddable":true,"href":"https:\/\/aktialiiga.fi\/miehet\/wp-json\/wp\/v2\/categories?post=47845"},{"taxonomy":"post_tag","embeddable":true,"href":"https:\/\/aktialiiga.fi\/miehet\/wp-json\/wp\/v2\/tags?post=47845"}],"curies":[{"name":"wp","href":"https:\/\/api.w.org\/{rel}","templated":true}]}}