{"id":47934,"date":"2024-05-07T12:53:15","date_gmt":"2024-05-07T09:53:15","guid":{"rendered":"https:\/\/aktialiiga.fi\/miehet\/?p=47934"},"modified":"2024-08-28T18:20:51","modified_gmt":"2024-08-28T15:20:51","slug":"nico-ronnberg-huhtikuun-tahtipelaaja","status":"publish","type":"post","link":"https:\/\/aktialiiga.fi\/miehet\/ajankohtaista\/nico-ronnberg-huhtikuun-tahtipelaaja\/","title":{"rendered":"Nico R\u00f6nnberg huhtikuun t\u00e4htipelaaja"},"content":{"rendered":"<section  class='av_textblock_section av-pibsot-b18b3296f7e3c4e369af503d4f37c83b '   itemscope=\"itemscope\" itemtype=\"https:\/\/schema.org\/BlogPosting\" itemprop=\"blogPost\" ><div class='avia_textblock'  itemprop=\"text\" ><p>Kuukauden t\u00e4htipelaajan valinnassa ei huhtikuussa j\u00e4\u00e4nyt ep\u00e4selv\u00e4ksi mik\u00e4\u00e4n. Nico R\u00f6nnberg valittiin kolmen t\u00e4hden pelaajaksi kaikissa kolmessa BK-46:n v\u00e4lier\u00e4ss\u00e4, sek\u00e4 ensimm\u00e4isess\u00e4 ja kolmannessa finaalissa. Keskimm\u00e4isess\u00e4 loppuottelussa t\u00e4hti\u00e4 tuli kaksi.<\/p>\n<p>R\u00f6nnbergille my\u00f6nnettiin huhtikuun aikana per\u00e4ti 17 t\u00e4hte\u00e4, mill\u00e4 h\u00e4n oli t\u00e4ysin omassa kastissaan. Dickenin pronssille torjunut Bogdan Klepa sijoittui kuudella t\u00e4hdell\u00e4\u00e4n toiseksi. Kuukauden t\u00e4htivalinta on R\u00f6nnbergille kauden toinen ja kaikkiaan uran 14.<\/p>\n<p>SM-liigan maalip\u00f6rssiss\u00e4 R\u00f6nnberg sijoittui &#8221;vasta&#8221; kolmanneksi, mutta pudotuspeleiss\u00e4 tahti oli k\u00e4sitt\u00e4m\u00e4tt\u00f6m\u00e4n hurjaa. Kuudessa ottelussa mies latoi per\u00e4ti 69 maalia, mik\u00e4 tekee keskiarvoksi 11,5 per peli. Loppuottelusarjassa R\u00f6nnberg heitti 38 osumaa, joista puolet mestaruuden\u00a0 ratkaisseessa kolmannessa peliss\u00e4. 17 maalia yhdess\u00e4 finaalissa j\u00e4\u00e4 miehen omasta, viime kev\u00e4\u00e4n\u00e4 tulleesta play off-enn\u00e4tyksest\u00e4 vain yhdell\u00e4.<\/p>\n<p>&#8211; Kyll\u00e4 se on niin, ett\u00e4 kun on t\u00e4rke\u00e4mpi peli niin siihen syttyy jotenkin eri tavalla ja saa sen oikean asenteen ja motivaation p\u00e4\u00e4lle. En tied\u00e4 pelaanko t\u00e4ll\u00e4 hetkell\u00e4 urani parasta k\u00e4sipalloa, mutta ehk\u00e4 se n\u00e4ytt\u00e4\u00e4 silt\u00e4. Hyv\u00e4 vaan jos t\u00e4ss\u00e4 i\u00e4ss\u00e4 viel\u00e4 n\u00e4ytt\u00e4\u00e4 silt\u00e4, finaalisarjan alla 32 vuotta t\u00e4ytt\u00e4nyt t\u00e4htipelaaja miettii.<\/p>\n<p>Kaikkiaan Nico R\u00f6nnbergill\u00e4 on nyt tehtyn\u00e4 2257 p\u00e4\u00e4sarjamaalia, mill\u00e4 h\u00e4n nousi kauden mittaan kolme pyk\u00e4l\u00e4\u00e4 SM-sarjan kaikkien aikojen maalintekij\u00e4tilastossa kuudenneksi &#8211; ohi Jan Helanderin (2107), Mikael Forsblomin (2174) ja Igor Sahonkon (2255). Edell\u00e4 olevan k\u00e4rkiviisikon muodostavat Benny Broman (2331), Ari-Pekka Tuomi (2452), Mikael K\u00e4llman (2560), Jan R\u00f6nnberg (3063) sek\u00e4 Teemu Tamminen (3389).<\/p>\n<p>R\u00f6nnberg sai Karjaalla juhlia jo yhdeks\u00e4tt\u00e4 Suomen mestaruuttaan. H\u00e4n nostaa rakkaimmaksi niist\u00e4 toissa kauden mestaruuden, joka palautti valtikan 16 vuoden tauon j\u00e4lkeen takaisin Karjaalle, mutta tunnustaa, ett\u00e4 my\u00f6s Cocksissa vietetyt vuodet ovat j\u00e4\u00e4neet hyvin mieleen.<\/p>\n<p>&#8211; Kyll\u00e4 Cocksin vuodet oli hyvi\u00e4 mun uralla. Pelattiin hyvin ja p\u00e4rj\u00e4ttiin hyvin my\u00f6s eurokentill\u00e4, ja otettiin hyvi\u00e4 voittoja ja pisteit\u00e4 jopa Champions Leaguessa, mutta tottakai on pakko my\u00f6nt\u00e4\u00e4, ett\u00e4 kotiseurassa se eka kulta varsinkin 16 vuoden tauon j\u00e4lkeen oli ehk\u00e4 se hienoin<em>.<\/em> Olen kyll\u00e4 semmonen pikku hullu vinnarskalle, ett\u00e4 aina tuntuu yht\u00e4 hyv\u00e4lt\u00e4 voittaa, en min\u00e4 jaksaisi muuten pelailla jos en sen takia pelaisi n\u00e4it\u00e4 pelej\u00e4.<\/p>\n<p>Kokonaisuutena Nico on ylpe\u00e4 joukkueestaan ja pit\u00e4\u00e4 BK:n kautta eritt\u00e4in onnistuneena. Tuplamestaruuteen on &#8221;pakko olla tyytyv\u00e4inen&#8221;, mutta EHF Cupista putoaminen harmittaa.<\/p>\n<p>&#8211; Meill\u00e4 oli siin\u00e4kin saumat menn\u00e4 jatkoon, mutta emme onnistunut kotona laittaa hyvist\u00e4 paikoista palloja maaliin. Vaikka Suomen Cupin voitto nyt ei ole niin &#8221;iso&#8221; juttu, niin kuitenkin voitettiin my\u00f6s se.<\/p>\n<h4>P\u00e4\u00e4t\u00f6s uran jatkosta my\u00f6hemmin<\/h4>\n<p>Nico R\u00f6nnberg kertoi kolmannen finaalin j\u00e4lkeen <a href=\"https:\/\/svenska.yle.fi\/a\/7-10055810\" target=\"_blank\" rel=\"noopener\">Svenska Ylen haastattelussa<\/a> miettiv\u00e4ns\u00e4 uran jatkoa. Kiinnostusta miehen palveluksiin kuitenkin on virinnyt ulkomaita my\u00f6ten. P\u00e4\u00e4t\u00f6ksen kanssa h\u00e4n ei aio pit\u00e4\u00e4 kiirett\u00e4.<\/p>\n<p>&#8211; T\u00e4ss\u00e4 i\u00e4ss\u00e4 otetaan vuosi kerrallaan. En tied\u00e4, jotenkin kaikki tuntuu erilaiselta kun olen saanut lapset ja Ranskan reissun j\u00e4lkeen t\u00e4m\u00e4 on ollut pelkk\u00e4 harrastus. En olisi tullut sielt\u00e4 kotiin, jos meill\u00e4 ei olisi ollut poikaa ja toinenkin oli jo tulossa. Minulle se vaan on t\u00e4rke\u00e4mp\u00e4\u00e4 olla heid\u00e4n ja oman perheen kanssa, kuin saavuttaa tai n\u00e4ytt\u00e4\u00e4 en\u00e4\u00e4 mit\u00e4\u00e4n. Toisaalta olen kiitollinen siit\u00e4 mit\u00e4 olen jo saavuttanut, ja ett\u00e4 omasta harrastuksesta on tullut jopa ty\u00f6t\u00e4, mutta nautitetaan nyt t\u00e4st\u00e4 ja annetaan kropalle lepoa, niin katsotaan mihin t\u00e4ss\u00e4 p\u00e4\u00e4dyt\u00e4\u00e4n.<\/p>\n<p><strong>Onko ulkomaat en\u00e4\u00e4 mink\u00e4\u00e4nlainen vaihtoehto?<\/strong><\/p>\n<p>&#8211; En tied\u00e4. Paljon tulee kyselyit\u00e4 koko ajan, mutta ehk\u00e4 vastaus l\u00f6ytyy my\u00f6s tuossa edell\u00e4. Agentit ja varmaan monet muutkin tykk\u00e4\u00e4 ett\u00e4 olen hullu, mutta sanotaan, ett\u00e4 olen v\u00e4h\u00e4n erilainen. Ja hyv\u00e4 n\u00e4in, sill\u00e4 muuten t\u00e4m\u00e4 el\u00e4m\u00e4 olisi aika tyls\u00e4\u00e4.<\/p>\n<p>&#8211; Ehk\u00e4 voi viel\u00e4 lis\u00e4t\u00e4, ett\u00e4 ei koskaan pid\u00e4 sanoa ei etuk\u00e4teen. Vanhempi poika t\u00e4ytt\u00e4\u00e4 syksylll\u00e4 7 ja alkaa koulussa, niin ehk\u00e4 sen voisi sanoa, ett\u00e4 pit\u00e4\u00e4 kyll\u00e4 olla todella mielenkiintoinen soppari ja seikkailu ennen kun str\u00f6mperi allekirjoittaa&#8230;<\/p>\n<h4>Nico R\u00f6nnberg kolmannessa finaalissa (Kuvat: Patric Westerlund)<\/h4>\n<\/div><\/section>\n\n<style type=\"text\/css\" data-created_by=\"avia_inline_auto\" id=\"style-css-av-lvploexz-6e3ac0e6f02c3b885e271b7cd3fcb7b8\">\n#top .avia-gallery.av-lvploexz-6e3ac0e6f02c3b885e271b7cd3fcb7b8 .avia-gallery-thumb a{\nwidth:33.3333%;\n}\n<\/style>\n<div  class='avia-gallery av-lvploexz-6e3ac0e6f02c3b885e271b7cd3fcb7b8 avia_animate_when_visible  avia-builder-el-1  el_after_av_textblock  el_before_av_one_half  animations_off avia-gallery-1'  itemprop=\"image\" itemscope=\"itemscope\" itemtype=\"https:\/\/schema.org\/ImageObject\" ><meta itemprop=\"contentURL\" content=\"https:\/\/aktialiiga.fi\/miehet\/ajankohtaista\/nico-ronnberg-huhtikuun-tahtipelaaja\/\"><div class='avia-gallery-thumb'><a href=\"https:\/\/i0.wp.com\/aktialiiga.fi\/miehet\/wp-content\/uploads\/sites\/5\/2024\/05\/DSC_4379.jpg?fit=1030%2C824&amp;ssl=1\" data-srcset=\"https:\/\/i0.wp.com\/aktialiiga.fi\/miehet\/wp-content\/uploads\/sites\/5\/2024\/05\/DSC_4379.jpg?w=2200&amp;ssl=1 2200w, https:\/\/i0.wp.com\/aktialiiga.fi\/miehet\/wp-content\/uploads\/sites\/5\/2024\/05\/DSC_4379.jpg?resize=300%2C240&amp;ssl=1 300w, https:\/\/i0.wp.com\/aktialiiga.fi\/miehet\/wp-content\/uploads\/sites\/5\/2024\/05\/DSC_4379.jpg?resize=1030%2C824&amp;ssl=1 1030w, https:\/\/i0.wp.com\/aktialiiga.fi\/miehet\/wp-content\/uploads\/sites\/5\/2024\/05\/DSC_4379.jpg?resize=768%2C614&amp;ssl=1 768w, https:\/\/i0.wp.com\/aktialiiga.fi\/miehet\/wp-content\/uploads\/sites\/5\/2024\/05\/DSC_4379.jpg?resize=1536%2C1229&amp;ssl=1 1536w, https:\/\/i0.wp.com\/aktialiiga.fi\/miehet\/wp-content\/uploads\/sites\/5\/2024\/05\/DSC_4379.jpg?resize=2048%2C1638&amp;ssl=1 2048w, https:\/\/i0.wp.com\/aktialiiga.fi\/miehet\/wp-content\/uploads\/sites\/5\/2024\/05\/DSC_4379.jpg?resize=1200%2C960&amp;ssl=1 1200w, https:\/\/i0.wp.com\/aktialiiga.fi\/miehet\/wp-content\/uploads\/sites\/5\/2024\/05\/DSC_4379.jpg?resize=1500%2C1200&amp;ssl=1 1500w, https:\/\/i0.wp.com\/aktialiiga.fi\/miehet\/wp-content\/uploads\/sites\/5\/2024\/05\/DSC_4379.jpg?resize=705%2C564&amp;ssl=1 705w\" data-sizes=\"(max-width: 1030px) 100vw, 1030px\" data-rel='gallery-1' data-prev-img='https:\/\/aktialiiga.fi\/miehet\/wp-content\/uploads\/sites\/5\/2024\/05\/DSC_4379.jpg' class='first_thumb lightbox ' data-onclick='1' title='Nico R\u00f6nnberg - Kuva: Patric Westerlund'  itemprop=\"thumbnailUrl\"  ><img decoding=\"async\" fetchpriority=\"high\" class=\"wp-image-48125 avia-img-lazy-loading-not-48125\"   src=\"https:\/\/i0.wp.com\/aktialiiga.fi\/miehet\/wp-content\/uploads\/sites\/5\/2024\/05\/DSC_4379.jpg?resize=495%2C400&ssl=1\" width=\"495\" height=\"400\"  title='Nico R\u00f6nnberg - Kuva: Patric Westerlund' alt='' srcset=\"https:\/\/i0.wp.com\/aktialiiga.fi\/miehet\/wp-content\/uploads\/sites\/5\/2024\/05\/DSC_4379.jpg?resize=495%2C400&amp;ssl=1 495w, https:\/\/i0.wp.com\/aktialiiga.fi\/miehet\/wp-content\/uploads\/sites\/5\/2024\/05\/DSC_4379.jpg?resize=845%2C684&amp;ssl=1 845w, https:\/\/i0.wp.com\/aktialiiga.fi\/miehet\/wp-content\/uploads\/sites\/5\/2024\/05\/DSC_4379.jpg?zoom=2&amp;resize=495%2C400&amp;ssl=1 990w, https:\/\/i0.wp.com\/aktialiiga.fi\/miehet\/wp-content\/uploads\/sites\/5\/2024\/05\/DSC_4379.jpg?zoom=3&amp;resize=495%2C400&amp;ssl=1 1485w\" sizes=\"(max-width: 495px) 100vw, 495px\" \/><div class='big-prev-fake'><img data-recalc-dims=\"1\" decoding=\"async\" fetchpriority=\"high\" class=\"wp-image-48125 avia-img-lazy-loading-not-48125\"  width=\"1500\" height=\"1200\" src=\"https:\/\/i0.wp.com\/aktialiiga.fi\/miehet\/wp-content\/uploads\/sites\/5\/2024\/05\/DSC_4379.jpg?resize=1500%2C1200&#038;ssl=1\" title='Nico R\u00f6nnberg - Kuva: Patric Westerlund' alt='' srcset=\"https:\/\/i0.wp.com\/aktialiiga.fi\/miehet\/wp-content\/uploads\/sites\/5\/2024\/05\/DSC_4379.jpg?w=2200&amp;ssl=1 2200w, https:\/\/i0.wp.com\/aktialiiga.fi\/miehet\/wp-content\/uploads\/sites\/5\/2024\/05\/DSC_4379.jpg?resize=300%2C240&amp;ssl=1 300w, https:\/\/i0.wp.com\/aktialiiga.fi\/miehet\/wp-content\/uploads\/sites\/5\/2024\/05\/DSC_4379.jpg?resize=1030%2C824&amp;ssl=1 1030w, https:\/\/i0.wp.com\/aktialiiga.fi\/miehet\/wp-content\/uploads\/sites\/5\/2024\/05\/DSC_4379.jpg?resize=768%2C614&amp;ssl=1 768w, https:\/\/i0.wp.com\/aktialiiga.fi\/miehet\/wp-content\/uploads\/sites\/5\/2024\/05\/DSC_4379.jpg?resize=1536%2C1229&amp;ssl=1 1536w, https:\/\/i0.wp.com\/aktialiiga.fi\/miehet\/wp-content\/uploads\/sites\/5\/2024\/05\/DSC_4379.jpg?resize=2048%2C1638&amp;ssl=1 2048w, https:\/\/i0.wp.com\/aktialiiga.fi\/miehet\/wp-content\/uploads\/sites\/5\/2024\/05\/DSC_4379.jpg?resize=1200%2C960&amp;ssl=1 1200w, https:\/\/i0.wp.com\/aktialiiga.fi\/miehet\/wp-content\/uploads\/sites\/5\/2024\/05\/DSC_4379.jpg?resize=1500%2C1200&amp;ssl=1 1500w, https:\/\/i0.wp.com\/aktialiiga.fi\/miehet\/wp-content\/uploads\/sites\/5\/2024\/05\/DSC_4379.jpg?resize=705%2C564&amp;ssl=1 705w\" sizes=\"(max-width: 1500px) 100vw, 1500px\" \/><\/div><\/a><a href=\"https:\/\/i0.wp.com\/aktialiiga.fi\/miehet\/wp-content\/uploads\/sites\/5\/2024\/05\/DSC_7748.jpg?fit=1030%2C824&amp;ssl=1\" data-srcset=\"https:\/\/i0.wp.com\/aktialiiga.fi\/miehet\/wp-content\/uploads\/sites\/5\/2024\/05\/DSC_7748.jpg?w=2200&amp;ssl=1 2200w, https:\/\/i0.wp.com\/aktialiiga.fi\/miehet\/wp-content\/uploads\/sites\/5\/2024\/05\/DSC_7748.jpg?resize=300%2C240&amp;ssl=1 300w, https:\/\/i0.wp.com\/aktialiiga.fi\/miehet\/wp-content\/uploads\/sites\/5\/2024\/05\/DSC_7748.jpg?resize=1030%2C824&amp;ssl=1 1030w, https:\/\/i0.wp.com\/aktialiiga.fi\/miehet\/wp-content\/uploads\/sites\/5\/2024\/05\/DSC_7748.jpg?resize=768%2C614&amp;ssl=1 768w, https:\/\/i0.wp.com\/aktialiiga.fi\/miehet\/wp-content\/uploads\/sites\/5\/2024\/05\/DSC_7748.jpg?resize=1536%2C1229&amp;ssl=1 1536w, https:\/\/i0.wp.com\/aktialiiga.fi\/miehet\/wp-content\/uploads\/sites\/5\/2024\/05\/DSC_7748.jpg?resize=2048%2C1638&amp;ssl=1 2048w, https:\/\/i0.wp.com\/aktialiiga.fi\/miehet\/wp-content\/uploads\/sites\/5\/2024\/05\/DSC_7748.jpg?resize=1200%2C960&amp;ssl=1 1200w, https:\/\/i0.wp.com\/aktialiiga.fi\/miehet\/wp-content\/uploads\/sites\/5\/2024\/05\/DSC_7748.jpg?resize=1500%2C1200&amp;ssl=1 1500w, https:\/\/i0.wp.com\/aktialiiga.fi\/miehet\/wp-content\/uploads\/sites\/5\/2024\/05\/DSC_7748.jpg?resize=705%2C564&amp;ssl=1 705w\" data-sizes=\"(max-width: 1030px) 100vw, 1030px\" data-rel='gallery-1' data-prev-img='https:\/\/aktialiiga.fi\/miehet\/wp-content\/uploads\/sites\/5\/2024\/05\/DSC_7748.jpg' class='lightbox ' data-onclick='2' title='Nico R\u00f6nnberg - Kuva: Patric Westerlund'  itemprop=\"thumbnailUrl\"  ><img decoding=\"async\" fetchpriority=\"high\" class=\"wp-image-48123 avia-img-lazy-loading-not-48123\"   src=\"https:\/\/i0.wp.com\/aktialiiga.fi\/miehet\/wp-content\/uploads\/sites\/5\/2024\/05\/DSC_7748.jpg?resize=495%2C400&ssl=1\" width=\"495\" height=\"400\"  title='Nico R\u00f6nnberg - Kuva: Patric Westerlund' alt='' srcset=\"https:\/\/i0.wp.com\/aktialiiga.fi\/miehet\/wp-content\/uploads\/sites\/5\/2024\/05\/DSC_7748.jpg?resize=495%2C400&amp;ssl=1 495w, https:\/\/i0.wp.com\/aktialiiga.fi\/miehet\/wp-content\/uploads\/sites\/5\/2024\/05\/DSC_7748.jpg?resize=845%2C684&amp;ssl=1 845w, https:\/\/i0.wp.com\/aktialiiga.fi\/miehet\/wp-content\/uploads\/sites\/5\/2024\/05\/DSC_7748.jpg?zoom=2&amp;resize=495%2C400&amp;ssl=1 990w, https:\/\/i0.wp.com\/aktialiiga.fi\/miehet\/wp-content\/uploads\/sites\/5\/2024\/05\/DSC_7748.jpg?zoom=3&amp;resize=495%2C400&amp;ssl=1 1485w\" sizes=\"(max-width: 495px) 100vw, 495px\" \/><div class='big-prev-fake'><img data-recalc-dims=\"1\" decoding=\"async\" fetchpriority=\"high\" class=\"wp-image-48123 avia-img-lazy-loading-not-48123\"  width=\"1500\" height=\"1200\" src=\"https:\/\/i0.wp.com\/aktialiiga.fi\/miehet\/wp-content\/uploads\/sites\/5\/2024\/05\/DSC_7748.jpg?resize=1500%2C1200&#038;ssl=1\" title='Nico R\u00f6nnberg - Kuva: Patric Westerlund' alt='' srcset=\"https:\/\/i0.wp.com\/aktialiiga.fi\/miehet\/wp-content\/uploads\/sites\/5\/2024\/05\/DSC_7748.jpg?w=2200&amp;ssl=1 2200w, https:\/\/i0.wp.com\/aktialiiga.fi\/miehet\/wp-content\/uploads\/sites\/5\/2024\/05\/DSC_7748.jpg?resize=300%2C240&amp;ssl=1 300w, https:\/\/i0.wp.com\/aktialiiga.fi\/miehet\/wp-content\/uploads\/sites\/5\/2024\/05\/DSC_7748.jpg?resize=1030%2C824&amp;ssl=1 1030w, https:\/\/i0.wp.com\/aktialiiga.fi\/miehet\/wp-content\/uploads\/sites\/5\/2024\/05\/DSC_7748.jpg?resize=768%2C614&amp;ssl=1 768w, https:\/\/i0.wp.com\/aktialiiga.fi\/miehet\/wp-content\/uploads\/sites\/5\/2024\/05\/DSC_7748.jpg?resize=1536%2C1229&amp;ssl=1 1536w, https:\/\/i0.wp.com\/aktialiiga.fi\/miehet\/wp-content\/uploads\/sites\/5\/2024\/05\/DSC_7748.jpg?resize=2048%2C1638&amp;ssl=1 2048w, https:\/\/i0.wp.com\/aktialiiga.fi\/miehet\/wp-content\/uploads\/sites\/5\/2024\/05\/DSC_7748.jpg?resize=1200%2C960&amp;ssl=1 1200w, https:\/\/i0.wp.com\/aktialiiga.fi\/miehet\/wp-content\/uploads\/sites\/5\/2024\/05\/DSC_7748.jpg?resize=1500%2C1200&amp;ssl=1 1500w, https:\/\/i0.wp.com\/aktialiiga.fi\/miehet\/wp-content\/uploads\/sites\/5\/2024\/05\/DSC_7748.jpg?resize=705%2C564&amp;ssl=1 705w\" sizes=\"(max-width: 1500px) 100vw, 1500px\" \/><\/div><\/a><a href=\"https:\/\/i0.wp.com\/aktialiiga.fi\/miehet\/wp-content\/uploads\/sites\/5\/2024\/05\/DSC_7658.jpg?fit=1030%2C824&amp;ssl=1\" data-srcset=\"https:\/\/i0.wp.com\/aktialiiga.fi\/miehet\/wp-content\/uploads\/sites\/5\/2024\/05\/DSC_7658.jpg?w=2200&amp;ssl=1 2200w, https:\/\/i0.wp.com\/aktialiiga.fi\/miehet\/wp-content\/uploads\/sites\/5\/2024\/05\/DSC_7658.jpg?resize=300%2C240&amp;ssl=1 300w, https:\/\/i0.wp.com\/aktialiiga.fi\/miehet\/wp-content\/uploads\/sites\/5\/2024\/05\/DSC_7658.jpg?resize=1030%2C824&amp;ssl=1 1030w, https:\/\/i0.wp.com\/aktialiiga.fi\/miehet\/wp-content\/uploads\/sites\/5\/2024\/05\/DSC_7658.jpg?resize=768%2C614&amp;ssl=1 768w, https:\/\/i0.wp.com\/aktialiiga.fi\/miehet\/wp-content\/uploads\/sites\/5\/2024\/05\/DSC_7658.jpg?resize=1536%2C1229&amp;ssl=1 1536w, https:\/\/i0.wp.com\/aktialiiga.fi\/miehet\/wp-content\/uploads\/sites\/5\/2024\/05\/DSC_7658.jpg?resize=2048%2C1638&amp;ssl=1 2048w, https:\/\/i0.wp.com\/aktialiiga.fi\/miehet\/wp-content\/uploads\/sites\/5\/2024\/05\/DSC_7658.jpg?resize=1200%2C960&amp;ssl=1 1200w, https:\/\/i0.wp.com\/aktialiiga.fi\/miehet\/wp-content\/uploads\/sites\/5\/2024\/05\/DSC_7658.jpg?resize=1500%2C1200&amp;ssl=1 1500w, https:\/\/i0.wp.com\/aktialiiga.fi\/miehet\/wp-content\/uploads\/sites\/5\/2024\/05\/DSC_7658.jpg?resize=705%2C564&amp;ssl=1 705w\" data-sizes=\"(max-width: 1030px) 100vw, 1030px\" data-rel='gallery-1' data-prev-img='https:\/\/aktialiiga.fi\/miehet\/wp-content\/uploads\/sites\/5\/2024\/05\/DSC_7658.jpg' class='lightbox ' data-onclick='3' title='Nico R\u00f6nnberg - Kuva: Patric Westerlund'  itemprop=\"thumbnailUrl\"  ><img decoding=\"async\" fetchpriority=\"high\" class=\"wp-image-48121 avia-img-lazy-loading-not-48121\"   src=\"https:\/\/i0.wp.com\/aktialiiga.fi\/miehet\/wp-content\/uploads\/sites\/5\/2024\/05\/DSC_7658.jpg?resize=495%2C400&ssl=1\" width=\"495\" height=\"400\"  title='Nico R\u00f6nnberg - Kuva: Patric Westerlund' alt='' srcset=\"https:\/\/i0.wp.com\/aktialiiga.fi\/miehet\/wp-content\/uploads\/sites\/5\/2024\/05\/DSC_7658.jpg?resize=495%2C400&amp;ssl=1 495w, https:\/\/i0.wp.com\/aktialiiga.fi\/miehet\/wp-content\/uploads\/sites\/5\/2024\/05\/DSC_7658.jpg?resize=845%2C684&amp;ssl=1 845w, https:\/\/i0.wp.com\/aktialiiga.fi\/miehet\/wp-content\/uploads\/sites\/5\/2024\/05\/DSC_7658.jpg?zoom=2&amp;resize=495%2C400&amp;ssl=1 990w, https:\/\/i0.wp.com\/aktialiiga.fi\/miehet\/wp-content\/uploads\/sites\/5\/2024\/05\/DSC_7658.jpg?zoom=3&amp;resize=495%2C400&amp;ssl=1 1485w\" sizes=\"(max-width: 495px) 100vw, 495px\" \/><div class='big-prev-fake'><img data-recalc-dims=\"1\" decoding=\"async\" fetchpriority=\"high\" class=\"wp-image-48121 avia-img-lazy-loading-not-48121\"  width=\"1500\" height=\"1200\" src=\"https:\/\/i0.wp.com\/aktialiiga.fi\/miehet\/wp-content\/uploads\/sites\/5\/2024\/05\/DSC_7658.jpg?resize=1500%2C1200&#038;ssl=1\" title='Nico R\u00f6nnberg - Kuva: Patric Westerlund' alt='' srcset=\"https:\/\/i0.wp.com\/aktialiiga.fi\/miehet\/wp-content\/uploads\/sites\/5\/2024\/05\/DSC_7658.jpg?w=2200&amp;ssl=1 2200w, https:\/\/i0.wp.com\/aktialiiga.fi\/miehet\/wp-content\/uploads\/sites\/5\/2024\/05\/DSC_7658.jpg?resize=300%2C240&amp;ssl=1 300w, https:\/\/i0.wp.com\/aktialiiga.fi\/miehet\/wp-content\/uploads\/sites\/5\/2024\/05\/DSC_7658.jpg?resize=1030%2C824&amp;ssl=1 1030w, https:\/\/i0.wp.com\/aktialiiga.fi\/miehet\/wp-content\/uploads\/sites\/5\/2024\/05\/DSC_7658.jpg?resize=768%2C614&amp;ssl=1 768w, https:\/\/i0.wp.com\/aktialiiga.fi\/miehet\/wp-content\/uploads\/sites\/5\/2024\/05\/DSC_7658.jpg?resize=1536%2C1229&amp;ssl=1 1536w, https:\/\/i0.wp.com\/aktialiiga.fi\/miehet\/wp-content\/uploads\/sites\/5\/2024\/05\/DSC_7658.jpg?resize=2048%2C1638&amp;ssl=1 2048w, https:\/\/i0.wp.com\/aktialiiga.fi\/miehet\/wp-content\/uploads\/sites\/5\/2024\/05\/DSC_7658.jpg?resize=1200%2C960&amp;ssl=1 1200w, https:\/\/i0.wp.com\/aktialiiga.fi\/miehet\/wp-content\/uploads\/sites\/5\/2024\/05\/DSC_7658.jpg?resize=1500%2C1200&amp;ssl=1 1500w, https:\/\/i0.wp.com\/aktialiiga.fi\/miehet\/wp-content\/uploads\/sites\/5\/2024\/05\/DSC_7658.jpg?resize=705%2C564&amp;ssl=1 705w\" sizes=\"(max-width: 1500px) 100vw, 1500px\" \/><\/div><\/a><a href=\"https:\/\/i0.wp.com\/aktialiiga.fi\/miehet\/wp-content\/uploads\/sites\/5\/2024\/05\/DSC_7191.jpg?fit=1030%2C824&amp;ssl=1\" data-srcset=\"https:\/\/i0.wp.com\/aktialiiga.fi\/miehet\/wp-content\/uploads\/sites\/5\/2024\/05\/DSC_7191.jpg?w=2200&amp;ssl=1 2200w, https:\/\/i0.wp.com\/aktialiiga.fi\/miehet\/wp-content\/uploads\/sites\/5\/2024\/05\/DSC_7191.jpg?resize=300%2C240&amp;ssl=1 300w, https:\/\/i0.wp.com\/aktialiiga.fi\/miehet\/wp-content\/uploads\/sites\/5\/2024\/05\/DSC_7191.jpg?resize=1030%2C824&amp;ssl=1 1030w, https:\/\/i0.wp.com\/aktialiiga.fi\/miehet\/wp-content\/uploads\/sites\/5\/2024\/05\/DSC_7191.jpg?resize=768%2C614&amp;ssl=1 768w, https:\/\/i0.wp.com\/aktialiiga.fi\/miehet\/wp-content\/uploads\/sites\/5\/2024\/05\/DSC_7191.jpg?resize=1536%2C1229&amp;ssl=1 1536w, https:\/\/i0.wp.com\/aktialiiga.fi\/miehet\/wp-content\/uploads\/sites\/5\/2024\/05\/DSC_7191.jpg?resize=2048%2C1638&amp;ssl=1 2048w, https:\/\/i0.wp.com\/aktialiiga.fi\/miehet\/wp-content\/uploads\/sites\/5\/2024\/05\/DSC_7191.jpg?resize=1200%2C960&amp;ssl=1 1200w, https:\/\/i0.wp.com\/aktialiiga.fi\/miehet\/wp-content\/uploads\/sites\/5\/2024\/05\/DSC_7191.jpg?resize=1500%2C1200&amp;ssl=1 1500w, https:\/\/i0.wp.com\/aktialiiga.fi\/miehet\/wp-content\/uploads\/sites\/5\/2024\/05\/DSC_7191.jpg?resize=705%2C564&amp;ssl=1 705w\" data-sizes=\"(max-width: 1030px) 100vw, 1030px\" data-rel='gallery-1' data-prev-img='https:\/\/aktialiiga.fi\/miehet\/wp-content\/uploads\/sites\/5\/2024\/05\/DSC_7191.jpg' class='first_thumb lightbox ' data-onclick='4' title='Nico R\u00f6nnberg - Kuva: Patric Westerlund'  itemprop=\"thumbnailUrl\"  ><img decoding=\"async\" fetchpriority=\"high\" class=\"wp-image-48118 avia-img-lazy-loading-not-48118\"   src=\"https:\/\/i0.wp.com\/aktialiiga.fi\/miehet\/wp-content\/uploads\/sites\/5\/2024\/05\/DSC_7191.jpg?resize=495%2C400&ssl=1\" width=\"495\" height=\"400\"  title='Nico R\u00f6nnberg - Kuva: Patric Westerlund' alt='' srcset=\"https:\/\/i0.wp.com\/aktialiiga.fi\/miehet\/wp-content\/uploads\/sites\/5\/2024\/05\/DSC_7191.jpg?resize=495%2C400&amp;ssl=1 495w, https:\/\/i0.wp.com\/aktialiiga.fi\/miehet\/wp-content\/uploads\/sites\/5\/2024\/05\/DSC_7191.jpg?resize=845%2C684&amp;ssl=1 845w, https:\/\/i0.wp.com\/aktialiiga.fi\/miehet\/wp-content\/uploads\/sites\/5\/2024\/05\/DSC_7191.jpg?zoom=2&amp;resize=495%2C400&amp;ssl=1 990w, https:\/\/i0.wp.com\/aktialiiga.fi\/miehet\/wp-content\/uploads\/sites\/5\/2024\/05\/DSC_7191.jpg?zoom=3&amp;resize=495%2C400&amp;ssl=1 1485w\" sizes=\"(max-width: 495px) 100vw, 495px\" \/><div class='big-prev-fake'><img data-recalc-dims=\"1\" decoding=\"async\" fetchpriority=\"high\" class=\"wp-image-48118 avia-img-lazy-loading-not-48118\"  width=\"1500\" height=\"1200\" src=\"https:\/\/i0.wp.com\/aktialiiga.fi\/miehet\/wp-content\/uploads\/sites\/5\/2024\/05\/DSC_7191.jpg?resize=1500%2C1200&#038;ssl=1\" title='Nico R\u00f6nnberg - Kuva: Patric Westerlund' alt='' srcset=\"https:\/\/i0.wp.com\/aktialiiga.fi\/miehet\/wp-content\/uploads\/sites\/5\/2024\/05\/DSC_7191.jpg?w=2200&amp;ssl=1 2200w, https:\/\/i0.wp.com\/aktialiiga.fi\/miehet\/wp-content\/uploads\/sites\/5\/2024\/05\/DSC_7191.jpg?resize=300%2C240&amp;ssl=1 300w, https:\/\/i0.wp.com\/aktialiiga.fi\/miehet\/wp-content\/uploads\/sites\/5\/2024\/05\/DSC_7191.jpg?resize=1030%2C824&amp;ssl=1 1030w, https:\/\/i0.wp.com\/aktialiiga.fi\/miehet\/wp-content\/uploads\/sites\/5\/2024\/05\/DSC_7191.jpg?resize=768%2C614&amp;ssl=1 768w, https:\/\/i0.wp.com\/aktialiiga.fi\/miehet\/wp-content\/uploads\/sites\/5\/2024\/05\/DSC_7191.jpg?resize=1536%2C1229&amp;ssl=1 1536w, https:\/\/i0.wp.com\/aktialiiga.fi\/miehet\/wp-content\/uploads\/sites\/5\/2024\/05\/DSC_7191.jpg?resize=2048%2C1638&amp;ssl=1 2048w, https:\/\/i0.wp.com\/aktialiiga.fi\/miehet\/wp-content\/uploads\/sites\/5\/2024\/05\/DSC_7191.jpg?resize=1200%2C960&amp;ssl=1 1200w, https:\/\/i0.wp.com\/aktialiiga.fi\/miehet\/wp-content\/uploads\/sites\/5\/2024\/05\/DSC_7191.jpg?resize=1500%2C1200&amp;ssl=1 1500w, https:\/\/i0.wp.com\/aktialiiga.fi\/miehet\/wp-content\/uploads\/sites\/5\/2024\/05\/DSC_7191.jpg?resize=705%2C564&amp;ssl=1 705w\" sizes=\"(max-width: 1500px) 100vw, 1500px\" \/><\/div><\/a><a href=\"https:\/\/i0.wp.com\/aktialiiga.fi\/miehet\/wp-content\/uploads\/sites\/5\/2024\/05\/DSC_8791.jpg?fit=1030%2C685&amp;ssl=1\" data-srcset=\"https:\/\/i0.wp.com\/aktialiiga.fi\/miehet\/wp-content\/uploads\/sites\/5\/2024\/05\/DSC_8791.jpg?w=2200&amp;ssl=1 2200w, https:\/\/i0.wp.com\/aktialiiga.fi\/miehet\/wp-content\/uploads\/sites\/5\/2024\/05\/DSC_8791.jpg?resize=300%2C200&amp;ssl=1 300w, https:\/\/i0.wp.com\/aktialiiga.fi\/miehet\/wp-content\/uploads\/sites\/5\/2024\/05\/DSC_8791.jpg?resize=1030%2C685&amp;ssl=1 1030w, https:\/\/i0.wp.com\/aktialiiga.fi\/miehet\/wp-content\/uploads\/sites\/5\/2024\/05\/DSC_8791.jpg?resize=768%2C511&amp;ssl=1 768w, https:\/\/i0.wp.com\/aktialiiga.fi\/miehet\/wp-content\/uploads\/sites\/5\/2024\/05\/DSC_8791.jpg?resize=1536%2C1022&amp;ssl=1 1536w, https:\/\/i0.wp.com\/aktialiiga.fi\/miehet\/wp-content\/uploads\/sites\/5\/2024\/05\/DSC_8791.jpg?resize=2048%2C1363&amp;ssl=1 2048w, https:\/\/i0.wp.com\/aktialiiga.fi\/miehet\/wp-content\/uploads\/sites\/5\/2024\/05\/DSC_8791.jpg?resize=1200%2C799&amp;ssl=1 1200w, https:\/\/i0.wp.com\/aktialiiga.fi\/miehet\/wp-content\/uploads\/sites\/5\/2024\/05\/DSC_8791.jpg?resize=1500%2C998&amp;ssl=1 1500w, https:\/\/i0.wp.com\/aktialiiga.fi\/miehet\/wp-content\/uploads\/sites\/5\/2024\/05\/DSC_8791.jpg?resize=705%2C469&amp;ssl=1 705w\" data-sizes=\"(max-width: 1030px) 100vw, 1030px\" data-rel='gallery-1' data-prev-img='https:\/\/aktialiiga.fi\/miehet\/wp-content\/uploads\/sites\/5\/2024\/05\/DSC_8791.jpg' class='lightbox ' data-onclick='5' title='Nico R\u00f6nnberg - Kuva: Patric Westerlund'  itemprop=\"thumbnailUrl\"  ><img decoding=\"async\" fetchpriority=\"high\" class=\"wp-image-48124 avia-img-lazy-loading-not-48124\"   src=\"https:\/\/i0.wp.com\/aktialiiga.fi\/miehet\/wp-content\/uploads\/sites\/5\/2024\/05\/DSC_8791.jpg?resize=495%2C400&ssl=1\" width=\"495\" height=\"400\"  title='Nico R\u00f6nnberg - Kuva: Patric Westerlund' alt='' srcset=\"https:\/\/i0.wp.com\/aktialiiga.fi\/miehet\/wp-content\/uploads\/sites\/5\/2024\/05\/DSC_8791.jpg?resize=495%2C400&amp;ssl=1 495w, https:\/\/i0.wp.com\/aktialiiga.fi\/miehet\/wp-content\/uploads\/sites\/5\/2024\/05\/DSC_8791.jpg?resize=845%2C684&amp;ssl=1 845w, https:\/\/i0.wp.com\/aktialiiga.fi\/miehet\/wp-content\/uploads\/sites\/5\/2024\/05\/DSC_8791.jpg?zoom=2&amp;resize=495%2C400&amp;ssl=1 990w, https:\/\/i0.wp.com\/aktialiiga.fi\/miehet\/wp-content\/uploads\/sites\/5\/2024\/05\/DSC_8791.jpg?zoom=3&amp;resize=495%2C400&amp;ssl=1 1485w\" sizes=\"(max-width: 495px) 100vw, 495px\" \/><div class='big-prev-fake'><img data-recalc-dims=\"1\" decoding=\"async\" fetchpriority=\"high\" class=\"wp-image-48124 avia-img-lazy-loading-not-48124\"  width=\"1500\" height=\"998\" src=\"https:\/\/i0.wp.com\/aktialiiga.fi\/miehet\/wp-content\/uploads\/sites\/5\/2024\/05\/DSC_8791.jpg?resize=1500%2C998&#038;ssl=1\" title='Nico R\u00f6nnberg - Kuva: Patric Westerlund' alt='' srcset=\"https:\/\/i0.wp.com\/aktialiiga.fi\/miehet\/wp-content\/uploads\/sites\/5\/2024\/05\/DSC_8791.jpg?w=2200&amp;ssl=1 2200w, https:\/\/i0.wp.com\/aktialiiga.fi\/miehet\/wp-content\/uploads\/sites\/5\/2024\/05\/DSC_8791.jpg?resize=300%2C200&amp;ssl=1 300w, https:\/\/i0.wp.com\/aktialiiga.fi\/miehet\/wp-content\/uploads\/sites\/5\/2024\/05\/DSC_8791.jpg?resize=1030%2C685&amp;ssl=1 1030w, https:\/\/i0.wp.com\/aktialiiga.fi\/miehet\/wp-content\/uploads\/sites\/5\/2024\/05\/DSC_8791.jpg?resize=768%2C511&amp;ssl=1 768w, https:\/\/i0.wp.com\/aktialiiga.fi\/miehet\/wp-content\/uploads\/sites\/5\/2024\/05\/DSC_8791.jpg?resize=1536%2C1022&amp;ssl=1 1536w, https:\/\/i0.wp.com\/aktialiiga.fi\/miehet\/wp-content\/uploads\/sites\/5\/2024\/05\/DSC_8791.jpg?resize=2048%2C1363&amp;ssl=1 2048w, https:\/\/i0.wp.com\/aktialiiga.fi\/miehet\/wp-content\/uploads\/sites\/5\/2024\/05\/DSC_8791.jpg?resize=1200%2C799&amp;ssl=1 1200w, https:\/\/i0.wp.com\/aktialiiga.fi\/miehet\/wp-content\/uploads\/sites\/5\/2024\/05\/DSC_8791.jpg?resize=1500%2C998&amp;ssl=1 1500w, https:\/\/i0.wp.com\/aktialiiga.fi\/miehet\/wp-content\/uploads\/sites\/5\/2024\/05\/DSC_8791.jpg?resize=705%2C469&amp;ssl=1 705w\" sizes=\"(max-width: 1500px) 100vw, 1500px\" \/><\/div><\/a><a href=\"https:\/\/i0.wp.com\/aktialiiga.fi\/miehet\/wp-content\/uploads\/sites\/5\/2024\/05\/DSC_7565-e1724963032614.jpg?fit=1030%2C586&amp;ssl=1\" data-srcset=\"https:\/\/i0.wp.com\/aktialiiga.fi\/miehet\/wp-content\/uploads\/sites\/5\/2024\/05\/DSC_7565-e1724963032614.jpg?w=1752&amp;ssl=1 1752w, https:\/\/i0.wp.com\/aktialiiga.fi\/miehet\/wp-content\/uploads\/sites\/5\/2024\/05\/DSC_7565-e1724963032614.jpg?resize=300%2C171&amp;ssl=1 300w, https:\/\/i0.wp.com\/aktialiiga.fi\/miehet\/wp-content\/uploads\/sites\/5\/2024\/05\/DSC_7565-e1724963032614.jpg?resize=1030%2C586&amp;ssl=1 1030w, https:\/\/i0.wp.com\/aktialiiga.fi\/miehet\/wp-content\/uploads\/sites\/5\/2024\/05\/DSC_7565-e1724963032614.jpg?resize=768%2C437&amp;ssl=1 768w, https:\/\/i0.wp.com\/aktialiiga.fi\/miehet\/wp-content\/uploads\/sites\/5\/2024\/05\/DSC_7565-e1724963032614.jpg?resize=1536%2C874&amp;ssl=1 1536w, https:\/\/i0.wp.com\/aktialiiga.fi\/miehet\/wp-content\/uploads\/sites\/5\/2024\/05\/DSC_7565-e1724963032614.jpg?resize=1500%2C854&amp;ssl=1 1500w, https:\/\/i0.wp.com\/aktialiiga.fi\/miehet\/wp-content\/uploads\/sites\/5\/2024\/05\/DSC_7565-e1724963032614.jpg?resize=705%2C401&amp;ssl=1 705w\" data-sizes=\"(max-width: 1030px) 100vw, 1030px\" data-rel='gallery-1' data-prev-img='https:\/\/aktialiiga.fi\/miehet\/wp-content\/uploads\/sites\/5\/2024\/05\/DSC_7565-e1724963032614.jpg' class='lightbox ' data-onclick='6' title='Nico R\u00f6nnberg - Kuva: Patric Westerlund'  itemprop=\"thumbnailUrl\"  ><img decoding=\"async\" fetchpriority=\"high\" class=\"wp-image-48119 avia-img-lazy-loading-not-48119\"   src=\"https:\/\/i0.wp.com\/aktialiiga.fi\/miehet\/wp-content\/uploads\/sites\/5\/2024\/05\/DSC_7565-e1724963032614.jpg?resize=495%2C400&ssl=1\" width=\"495\" height=\"400\"  title='Nico R\u00f6nnberg - Kuva: Patric Westerlund' alt='' srcset=\"https:\/\/i0.wp.com\/aktialiiga.fi\/miehet\/wp-content\/uploads\/sites\/5\/2024\/05\/DSC_7565-e1724963032614.jpg?resize=495%2C400&amp;ssl=1 495w, https:\/\/i0.wp.com\/aktialiiga.fi\/miehet\/wp-content\/uploads\/sites\/5\/2024\/05\/DSC_7565-e1724963032614.jpg?resize=845%2C684&amp;ssl=1 845w, https:\/\/i0.wp.com\/aktialiiga.fi\/miehet\/wp-content\/uploads\/sites\/5\/2024\/05\/DSC_7565-e1724963032614.jpg?zoom=2&amp;resize=495%2C400&amp;ssl=1 990w, https:\/\/i0.wp.com\/aktialiiga.fi\/miehet\/wp-content\/uploads\/sites\/5\/2024\/05\/DSC_7565-e1724963032614.jpg?zoom=3&amp;resize=495%2C400&amp;ssl=1 1485w\" sizes=\"(max-width: 495px) 100vw, 495px\" \/><div class='big-prev-fake'><img data-recalc-dims=\"1\" decoding=\"async\" fetchpriority=\"high\" class=\"wp-image-48119 avia-img-lazy-loading-not-48119\"  width=\"1500\" height=\"854\" src=\"https:\/\/i0.wp.com\/aktialiiga.fi\/miehet\/wp-content\/uploads\/sites\/5\/2024\/05\/DSC_7565-e1724963032614.jpg?resize=1500%2C854&#038;ssl=1\" title='Nico R\u00f6nnberg - Kuva: Patric Westerlund' alt='' srcset=\"https:\/\/i0.wp.com\/aktialiiga.fi\/miehet\/wp-content\/uploads\/sites\/5\/2024\/05\/DSC_7565-e1724963032614.jpg?w=1752&amp;ssl=1 1752w, https:\/\/i0.wp.com\/aktialiiga.fi\/miehet\/wp-content\/uploads\/sites\/5\/2024\/05\/DSC_7565-e1724963032614.jpg?resize=300%2C171&amp;ssl=1 300w, https:\/\/i0.wp.com\/aktialiiga.fi\/miehet\/wp-content\/uploads\/sites\/5\/2024\/05\/DSC_7565-e1724963032614.jpg?resize=1030%2C586&amp;ssl=1 1030w, https:\/\/i0.wp.com\/aktialiiga.fi\/miehet\/wp-content\/uploads\/sites\/5\/2024\/05\/DSC_7565-e1724963032614.jpg?resize=768%2C437&amp;ssl=1 768w, https:\/\/i0.wp.com\/aktialiiga.fi\/miehet\/wp-content\/uploads\/sites\/5\/2024\/05\/DSC_7565-e1724963032614.jpg?resize=1536%2C874&amp;ssl=1 1536w, https:\/\/i0.wp.com\/aktialiiga.fi\/miehet\/wp-content\/uploads\/sites\/5\/2024\/05\/DSC_7565-e1724963032614.jpg?resize=1500%2C854&amp;ssl=1 1500w, https:\/\/i0.wp.com\/aktialiiga.fi\/miehet\/wp-content\/uploads\/sites\/5\/2024\/05\/DSC_7565-e1724963032614.jpg?resize=705%2C401&amp;ssl=1 705w\" sizes=\"(max-width: 1500px) 100vw, 1500px\" \/><\/div><\/a><\/div><\/div>\n<div class='flex_column_table av-l8skwxbd-e0b81ac14df0ae7f2672c91d42140374 sc-av_one_half av-equal-height-column-flextable'><div  class='flex_column av-l8skwxbd-e0b81ac14df0ae7f2672c91d42140374 av_one_half  avia-builder-el-2  el_after_av_gallery  el_before_av_one_half  first flex_column_table_cell av-equal-height-column av-align-top  '     ><section  class='av_textblock_section av-l8sk34v3-999538964b5557916f9b66fbdd7486ac '   itemscope=\"itemscope\" itemtype=\"https:\/\/schema.org\/BlogPosting\" itemprop=\"blogPost\" ><div class='avia_textblock'  itemprop=\"text\" ><h4 style=\"text-align: right;\">Nico R\u00f6nnberg<\/h4>\n<p style=\"text-align: right;\">Synt. 1992<br \/>\nCM \/ KG 191 \/ 95<br \/>\nPelipaikka: V9\/K9<\/p>\n<p style=\"text-align: right;\"><strong>Aiemmat seurat:<\/strong><\/p>\n<p style=\"text-align: right;\">US Ivry (FRA)<br \/>\nCocks<br \/>\n\u00d8IF Arendal (NOR)<br \/>\nSIF<\/p>\n<\/div><\/section><br \/>\n<div  class='avia-button-wrap av-l8skze2l-701a2c2ac026e6266d5759e3b30788b1-wrap avia-button-right  avia-builder-el-4  el_after_av_textblock  el_before_av_button '><a href='https:\/\/tulospalvelu.finnhandball.net\/taso\/pelaaja.php?pelaaja=36517'  class='avia-button av-l8skze2l-701a2c2ac026e6266d5759e3b30788b1 av-link-btn avia-icon_select-yes-left-icon avia-size-medium avia-position-right av-icon-on-hover avia-color-theme-color'  target=\"_blank\"  rel=\"noopener noreferrer\"  aria-label=\"Nico R\u00f6nnberg Tulospalvelussa\"><span class='avia_button_icon avia_button_icon_left avia-iconfont avia-font-flaticon-sports' data-av_icon='\uf15b' data-av_iconfont='flaticon-sports' ><\/span><span class='avia_iconbox_title' >Nico R\u00f6nnberg Tulospalvelussa<\/span><\/a><\/div><br \/>\n<div  class='avia-button-wrap av-l8suxnq7-c3afc0706e6e2bf471feafca00b53a21-wrap avia-button-right  avia-builder-el-5  el_after_av_button  el_before_av_codeblock '><a href='https:\/\/aktialiiga.fi\/miehet\/historia\/kuukauden-tahtipelaajat-kautta-aikojen\/'  class='avia-button av-l8suxnq7-c3afc0706e6e2bf471feafca00b53a21 av-link-btn avia-icon_select-no avia-size-medium avia-position-right avia-color-theme-color'   aria-label=\"Kuukauden t\u00e4htipelaajat kautta aikojen\"><span class='avia_iconbox_title' >Kuukauden t\u00e4htipelaajat kautta aikojen<\/span><\/a><\/div><br \/>\n<\/p><\/div>\n<div class='av-flex-placeholder'><\/div><div  class='flex_column av-toyg12-df7035cc7356591dbdab0e0f530904b1 av_one_half  avia-builder-el-7  el_after_av_one_half  el_before_av_textblock  flex_column_table_cell av-equal-height-column av-align-top  '     ><style type=\"text\/css\" data-created_by=\"avia_inline_auto\" id=\"style-css-av-l8sko9xf-716e9e4e4338df096c2ff1d7d90a989a\">\n.avia-image-container.av-l8sko9xf-716e9e4e4338df096c2ff1d7d90a989a img.avia_image{\nbox-shadow:none;\n}\n.avia-image-container.av-l8sko9xf-716e9e4e4338df096c2ff1d7d90a989a .av-image-caption-overlay-center{\ncolor:#ffffff;\n}\n<\/style>\n<div  class='avia-image-container av-l8sko9xf-716e9e4e4338df096c2ff1d7d90a989a av-styling- av-img-linked avia-align-center  avia-builder-el-8  avia-builder-el-no-sibling '   itemprop=\"image\" itemscope=\"itemscope\" itemtype=\"https:\/\/schema.org\/ImageObject\" ><div class=\"avia-image-container-inner\"><div class=\"avia-image-overlay-wrap\"><a href=\"https:\/\/i0.wp.com\/aktialiiga.fi\/miehet\/wp-content\/uploads\/sites\/5\/2022\/09\/IMG_1817.jpg?fit=472%2C709&#038;ssl=1\" data-srcset=\"https:\/\/i0.wp.com\/aktialiiga.fi\/miehet\/wp-content\/uploads\/sites\/5\/2022\/09\/IMG_1817.jpg?w=472&amp;ssl=1 472w, https:\/\/i0.wp.com\/aktialiiga.fi\/miehet\/wp-content\/uploads\/sites\/5\/2022\/09\/IMG_1817.jpg?resize=200%2C300&amp;ssl=1 200w, https:\/\/i0.wp.com\/aktialiiga.fi\/miehet\/wp-content\/uploads\/sites\/5\/2022\/09\/IMG_1817.jpg?resize=469%2C705&amp;ssl=1 469w\" data-sizes=\"(max-width: 472px) 100vw, 472px\" class='avia_image '  aria-label='IMG_1817'><img decoding=\"async\" fetchpriority=\"high\" class='wp-image-36364 avia-img-lazy-loading-not-36364 avia_image ' src=\"https:\/\/i0.wp.com\/aktialiiga.fi\/miehet\/wp-content\/uploads\/sites\/5\/2022\/09\/IMG_1817.jpg?fit=472%2C709&ssl=1\" alt='' title='IMG_1817'  height=\"709\" width=\"472\"  itemprop=\"thumbnailUrl\" srcset=\"https:\/\/i0.wp.com\/aktialiiga.fi\/miehet\/wp-content\/uploads\/sites\/5\/2022\/09\/IMG_1817.jpg?w=472&amp;ssl=1 472w, https:\/\/i0.wp.com\/aktialiiga.fi\/miehet\/wp-content\/uploads\/sites\/5\/2022\/09\/IMG_1817.jpg?resize=200%2C300&amp;ssl=1 200w, https:\/\/i0.wp.com\/aktialiiga.fi\/miehet\/wp-content\/uploads\/sites\/5\/2022\/09\/IMG_1817.jpg?resize=469%2C705&amp;ssl=1 469w\" sizes=\"(max-width: 472px) 100vw, 472px\" \/><\/a><\/div><\/div><\/div><\/div><\/div><!--close column table wrapper. Autoclose: 1 -->\n<section  class='av_textblock_section av-l8sl9cp5-457be605e8290f8823e0b366af107a8d '   itemscope=\"itemscope\" itemtype=\"https:\/\/schema.org\/BlogPosting\" itemprop=\"blogPost\" ><div class='av-desktop-hide av-medium-hide av-small-hide av-mini-hide avia_textblock'  itemprop=\"text\" ><p>Artikkelikuva: Jonas Tana<\/p>\n<\/div><\/section>\n","protected":false},"excerpt":{"rendered":"","protected":false},"author":13,"featured_media":48122,"comment_status":"closed","ping_status":"closed","sticky":false,"template":"","format":"standard","meta":{"_acf_changed":false,"jetpack_post_was_ever_published":false,"_jetpack_newsletter_access":"","_jetpack_dont_email_post_to_subs":false,"_jetpack_newsletter_tier_id":0,"_jetpack_memberships_contains_paywalled_content":false,"_jetpack_memberships_contains_paid_content":false,"footnotes":""},"categories":[2],"tags":[56,117],"class_list":["post-47934","post","type-post","status-publish","format-standard","has-post-thumbnail","hentry","category-ajankohtaista","tag-bk-46","tag-tahtipelaaja"],"acf":[],"yoast_head":"<!-- This site is optimized with the Yoast SEO plugin v27.5 - https:\/\/yoast.com\/product\/yoast-seo-wordpress\/ -->\n<title>Nico R\u00f6nnberg huhtikuun t\u00e4htipelaaja | K\u00e4sipallon miesten Aktialiiga<\/title>\n<meta name=\"robots\" content=\"index, follow, max-snippet:-1, max-image-preview:large, max-video-preview:-1\" \/>\n<link rel=\"canonical\" href=\"https:\/\/aktialiiga.fi\/miehet\/ajankohtaista\/nico-ronnberg-huhtikuun-tahtipelaaja\/\" \/>\n<meta property=\"og:locale\" content=\"fi_FI\" \/>\n<meta property=\"og:type\" content=\"article\" \/>\n<meta property=\"og:title\" content=\"Nico R\u00f6nnberg huhtikuun t\u00e4htipelaaja | K\u00e4sipallon miesten Aktialiiga\" \/>\n<meta property=\"og:url\" content=\"https:\/\/aktialiiga.fi\/miehet\/ajankohtaista\/nico-ronnberg-huhtikuun-tahtipelaaja\/\" \/>\n<meta property=\"og:site_name\" content=\"K\u00e4sipallon miesten Aktialiiga\" \/>\n<meta property=\"article:publisher\" content=\"https:\/\/www.facebook.com\/finnhandball\" \/>\n<meta property=\"article:published_time\" content=\"2024-05-07T09:53:15+00:00\" \/>\n<meta property=\"article:modified_time\" content=\"2024-08-28T15:20:51+00:00\" \/>\n<meta property=\"og:image\" content=\"https:\/\/i0.wp.com\/aktialiiga.fi\/miehet\/wp-content\/uploads\/sites\/5\/2024\/05\/DSC_7702.jpg?fit=2200%2C1760&ssl=1\" \/>\n\t<meta property=\"og:image:width\" content=\"2200\" \/>\n\t<meta property=\"og:image:height\" content=\"1760\" \/>\n\t<meta property=\"og:image:type\" content=\"image\/jpeg\" \/>\n<meta name=\"author\" content=\"tbrmedia\" \/>\n<meta name=\"twitter:card\" content=\"summary_large_image\" \/>\n<meta name=\"twitter:creator\" content=\"@finnhandball\" \/>\n<meta name=\"twitter:site\" content=\"@finnhandball\" \/>\n<script type=\"application\/ld+json\" class=\"yoast-schema-graph\">{\"@context\":\"https:\\\/\\\/schema.org\",\"@graph\":[{\"@type\":\"Article\",\"@id\":\"https:\\\/\\\/aktialiiga.fi\\\/miehet\\\/ajankohtaista\\\/nico-ronnberg-huhtikuun-tahtipelaaja\\\/#article\",\"isPartOf\":{\"@id\":\"https:\\\/\\\/aktialiiga.fi\\\/miehet\\\/ajankohtaista\\\/nico-ronnberg-huhtikuun-tahtipelaaja\\\/\"},\"author\":{\"name\":\"tbrmedia\",\"@id\":\"https:\\\/\\\/aktialiiga.fi\\\/miehet\\\/#\\\/schema\\\/person\\\/c14bf42f47041db74603c45afcb18d87\"},\"headline\":\"Nico R\u00f6nnberg huhtikuun t\u00e4htipelaaja\",\"datePublished\":\"2024-05-07T09:53:15+00:00\",\"dateModified\":\"2024-08-28T15:20:51+00:00\",\"mainEntityOfPage\":{\"@id\":\"https:\\\/\\\/aktialiiga.fi\\\/miehet\\\/ajankohtaista\\\/nico-ronnberg-huhtikuun-tahtipelaaja\\\/\"},\"wordCount\":2323,\"publisher\":{\"@id\":\"https:\\\/\\\/aktialiiga.fi\\\/miehet\\\/#organization\"},\"image\":{\"@id\":\"https:\\\/\\\/aktialiiga.fi\\\/miehet\\\/ajankohtaista\\\/nico-ronnberg-huhtikuun-tahtipelaaja\\\/#primaryimage\"},\"thumbnailUrl\":\"https:\\\/\\\/i0.wp.com\\\/aktialiiga.fi\\\/miehet\\\/wp-content\\\/uploads\\\/sites\\\/5\\\/2024\\\/05\\\/DSC_7702.jpg?fit=2200%2C1760&ssl=1\",\"keywords\":[\"BK-46\",\"T\u00e4htipelaaja\"],\"articleSection\":[\"Ajankohtaista\"],\"inLanguage\":\"fi\"},{\"@type\":\"WebPage\",\"@id\":\"https:\\\/\\\/aktialiiga.fi\\\/miehet\\\/ajankohtaista\\\/nico-ronnberg-huhtikuun-tahtipelaaja\\\/\",\"url\":\"https:\\\/\\\/aktialiiga.fi\\\/miehet\\\/ajankohtaista\\\/nico-ronnberg-huhtikuun-tahtipelaaja\\\/\",\"name\":\"Nico R\u00f6nnberg huhtikuun t\u00e4htipelaaja | K\u00e4sipallon miesten Aktialiiga\",\"isPartOf\":{\"@id\":\"https:\\\/\\\/aktialiiga.fi\\\/miehet\\\/#website\"},\"primaryImageOfPage\":{\"@id\":\"https:\\\/\\\/aktialiiga.fi\\\/miehet\\\/ajankohtaista\\\/nico-ronnberg-huhtikuun-tahtipelaaja\\\/#primaryimage\"},\"image\":{\"@id\":\"https:\\\/\\\/aktialiiga.fi\\\/miehet\\\/ajankohtaista\\\/nico-ronnberg-huhtikuun-tahtipelaaja\\\/#primaryimage\"},\"thumbnailUrl\":\"https:\\\/\\\/i0.wp.com\\\/aktialiiga.fi\\\/miehet\\\/wp-content\\\/uploads\\\/sites\\\/5\\\/2024\\\/05\\\/DSC_7702.jpg?fit=2200%2C1760&ssl=1\",\"datePublished\":\"2024-05-07T09:53:15+00:00\",\"dateModified\":\"2024-08-28T15:20:51+00:00\",\"breadcrumb\":{\"@id\":\"https:\\\/\\\/aktialiiga.fi\\\/miehet\\\/ajankohtaista\\\/nico-ronnberg-huhtikuun-tahtipelaaja\\\/#breadcrumb\"},\"inLanguage\":\"fi\",\"potentialAction\":[{\"@type\":\"ReadAction\",\"target\":[\"https:\\\/\\\/aktialiiga.fi\\\/miehet\\\/ajankohtaista\\\/nico-ronnberg-huhtikuun-tahtipelaaja\\\/\"]}]},{\"@type\":\"ImageObject\",\"inLanguage\":\"fi\",\"@id\":\"https:\\\/\\\/aktialiiga.fi\\\/miehet\\\/ajankohtaista\\\/nico-ronnberg-huhtikuun-tahtipelaaja\\\/#primaryimage\",\"url\":\"https:\\\/\\\/i0.wp.com\\\/aktialiiga.fi\\\/miehet\\\/wp-content\\\/uploads\\\/sites\\\/5\\\/2024\\\/05\\\/DSC_7702.jpg?fit=2200%2C1760&ssl=1\",\"contentUrl\":\"https:\\\/\\\/i0.wp.com\\\/aktialiiga.fi\\\/miehet\\\/wp-content\\\/uploads\\\/sites\\\/5\\\/2024\\\/05\\\/DSC_7702.jpg?fit=2200%2C1760&ssl=1\",\"width\":2200,\"height\":1760},{\"@type\":\"BreadcrumbList\",\"@id\":\"https:\\\/\\\/aktialiiga.fi\\\/miehet\\\/ajankohtaista\\\/nico-ronnberg-huhtikuun-tahtipelaaja\\\/#breadcrumb\",\"itemListElement\":[{\"@type\":\"ListItem\",\"position\":1,\"name\":\"Etusivu\",\"item\":\"https:\\\/\\\/aktialiiga.fi\\\/miehet\\\/\"},{\"@type\":\"ListItem\",\"position\":2,\"name\":\"Nico R\u00f6nnberg huhtikuun t\u00e4htipelaaja\"}]},{\"@type\":\"WebSite\",\"@id\":\"https:\\\/\\\/aktialiiga.fi\\\/miehet\\\/#website\",\"url\":\"https:\\\/\\\/aktialiiga.fi\\\/miehet\\\/\",\"name\":\"K\u00e4sipallon miesten Aktialiiga\",\"description\":\"Valtakunnan vauhdikkainta palloilua!\",\"publisher\":{\"@id\":\"https:\\\/\\\/aktialiiga.fi\\\/miehet\\\/#organization\"},\"potentialAction\":[{\"@type\":\"SearchAction\",\"target\":{\"@type\":\"EntryPoint\",\"urlTemplate\":\"https:\\\/\\\/aktialiiga.fi\\\/miehet\\\/?s={search_term_string}\"},\"query-input\":{\"@type\":\"PropertyValueSpecification\",\"valueRequired\":true,\"valueName\":\"search_term_string\"}}],\"inLanguage\":\"fi\"},{\"@type\":\"Organization\",\"@id\":\"https:\\\/\\\/aktialiiga.fi\\\/miehet\\\/#organization\",\"name\":\"K\u00e4sipallon miesten Aktialiiga\",\"url\":\"https:\\\/\\\/aktialiiga.fi\\\/miehet\\\/\",\"logo\":{\"@type\":\"ImageObject\",\"inLanguage\":\"fi\",\"@id\":\"https:\\\/\\\/aktialiiga.fi\\\/miehet\\\/#\\\/schema\\\/logo\\\/image\\\/\",\"url\":\"https:\\\/\\\/i0.wp.com\\\/aktialiiga.fi\\\/miehet\\\/wp-content\\\/uploads\\\/sites\\\/5\\\/2024\\\/09\\\/Aktialiiga-Yoast-512.png?fit=512%2C512&ssl=1\",\"contentUrl\":\"https:\\\/\\\/i0.wp.com\\\/aktialiiga.fi\\\/miehet\\\/wp-content\\\/uploads\\\/sites\\\/5\\\/2024\\\/09\\\/Aktialiiga-Yoast-512.png?fit=512%2C512&ssl=1\",\"width\":512,\"height\":512,\"caption\":\"K\u00e4sipallon miesten Aktialiiga\"},\"image\":{\"@id\":\"https:\\\/\\\/aktialiiga.fi\\\/miehet\\\/#\\\/schema\\\/logo\\\/image\\\/\"},\"sameAs\":[\"https:\\\/\\\/www.facebook.com\\\/finnhandball\",\"https:\\\/\\\/x.com\\\/finnhandball\",\"https:\\\/\\\/www.instagram.com\\\/handballfinland\\\/\"]},{\"@type\":\"Person\",\"@id\":\"https:\\\/\\\/aktialiiga.fi\\\/miehet\\\/#\\\/schema\\\/person\\\/c14bf42f47041db74603c45afcb18d87\",\"name\":\"tbrmedia\",\"image\":{\"@type\":\"ImageObject\",\"inLanguage\":\"fi\",\"@id\":\"https:\\\/\\\/secure.gravatar.com\\\/avatar\\\/ee975fa091fe581d12b60debb3439022686618368a7c142044c56724d4666b16?s=96&d=mm&r=g\",\"url\":\"https:\\\/\\\/secure.gravatar.com\\\/avatar\\\/ee975fa091fe581d12b60debb3439022686618368a7c142044c56724d4666b16?s=96&d=mm&r=g\",\"contentUrl\":\"https:\\\/\\\/secure.gravatar.com\\\/avatar\\\/ee975fa091fe581d12b60debb3439022686618368a7c142044c56724d4666b16?s=96&d=mm&r=g\",\"caption\":\"tbrmedia\"}}]}<\/script>\n<!-- \/ Yoast SEO plugin. -->","yoast_head_json":{"title":"Nico R\u00f6nnberg huhtikuun t\u00e4htipelaaja | K\u00e4sipallon miesten Aktialiiga","robots":{"index":"index","follow":"follow","max-snippet":"max-snippet:-1","max-image-preview":"max-image-preview:large","max-video-preview":"max-video-preview:-1"},"canonical":"https:\/\/aktialiiga.fi\/miehet\/ajankohtaista\/nico-ronnberg-huhtikuun-tahtipelaaja\/","og_locale":"fi_FI","og_type":"article","og_title":"Nico R\u00f6nnberg huhtikuun t\u00e4htipelaaja | K\u00e4sipallon miesten Aktialiiga","og_url":"https:\/\/aktialiiga.fi\/miehet\/ajankohtaista\/nico-ronnberg-huhtikuun-tahtipelaaja\/","og_site_name":"K\u00e4sipallon miesten Aktialiiga","article_publisher":"https:\/\/www.facebook.com\/finnhandball","article_published_time":"2024-05-07T09:53:15+00:00","article_modified_time":"2024-08-28T15:20:51+00:00","og_image":[{"width":2200,"height":1760,"url":"https:\/\/i0.wp.com\/aktialiiga.fi\/miehet\/wp-content\/uploads\/sites\/5\/2024\/05\/DSC_7702.jpg?fit=2200%2C1760&ssl=1","type":"image\/jpeg"}],"author":"tbrmedia","twitter_card":"summary_large_image","twitter_creator":"@finnhandball","twitter_site":"@finnhandball","schema":{"@context":"https:\/\/schema.org","@graph":[{"@type":"Article","@id":"https:\/\/aktialiiga.fi\/miehet\/ajankohtaista\/nico-ronnberg-huhtikuun-tahtipelaaja\/#article","isPartOf":{"@id":"https:\/\/aktialiiga.fi\/miehet\/ajankohtaista\/nico-ronnberg-huhtikuun-tahtipelaaja\/"},"author":{"name":"tbrmedia","@id":"https:\/\/aktialiiga.fi\/miehet\/#\/schema\/person\/c14bf42f47041db74603c45afcb18d87"},"headline":"Nico R\u00f6nnberg huhtikuun t\u00e4htipelaaja","datePublished":"2024-05-07T09:53:15+00:00","dateModified":"2024-08-28T15:20:51+00:00","mainEntityOfPage":{"@id":"https:\/\/aktialiiga.fi\/miehet\/ajankohtaista\/nico-ronnberg-huhtikuun-tahtipelaaja\/"},"wordCount":2323,"publisher":{"@id":"https:\/\/aktialiiga.fi\/miehet\/#organization"},"image":{"@id":"https:\/\/aktialiiga.fi\/miehet\/ajankohtaista\/nico-ronnberg-huhtikuun-tahtipelaaja\/#primaryimage"},"thumbnailUrl":"https:\/\/i0.wp.com\/aktialiiga.fi\/miehet\/wp-content\/uploads\/sites\/5\/2024\/05\/DSC_7702.jpg?fit=2200%2C1760&ssl=1","keywords":["BK-46","T\u00e4htipelaaja"],"articleSection":["Ajankohtaista"],"inLanguage":"fi"},{"@type":"WebPage","@id":"https:\/\/aktialiiga.fi\/miehet\/ajankohtaista\/nico-ronnberg-huhtikuun-tahtipelaaja\/","url":"https:\/\/aktialiiga.fi\/miehet\/ajankohtaista\/nico-ronnberg-huhtikuun-tahtipelaaja\/","name":"Nico R\u00f6nnberg huhtikuun t\u00e4htipelaaja | K\u00e4sipallon miesten Aktialiiga","isPartOf":{"@id":"https:\/\/aktialiiga.fi\/miehet\/#website"},"primaryImageOfPage":{"@id":"https:\/\/aktialiiga.fi\/miehet\/ajankohtaista\/nico-ronnberg-huhtikuun-tahtipelaaja\/#primaryimage"},"image":{"@id":"https:\/\/aktialiiga.fi\/miehet\/ajankohtaista\/nico-ronnberg-huhtikuun-tahtipelaaja\/#primaryimage"},"thumbnailUrl":"https:\/\/i0.wp.com\/aktialiiga.fi\/miehet\/wp-content\/uploads\/sites\/5\/2024\/05\/DSC_7702.jpg?fit=2200%2C1760&ssl=1","datePublished":"2024-05-07T09:53:15+00:00","dateModified":"2024-08-28T15:20:51+00:00","breadcrumb":{"@id":"https:\/\/aktialiiga.fi\/miehet\/ajankohtaista\/nico-ronnberg-huhtikuun-tahtipelaaja\/#breadcrumb"},"inLanguage":"fi","potentialAction":[{"@type":"ReadAction","target":["https:\/\/aktialiiga.fi\/miehet\/ajankohtaista\/nico-ronnberg-huhtikuun-tahtipelaaja\/"]}]},{"@type":"ImageObject","inLanguage":"fi","@id":"https:\/\/aktialiiga.fi\/miehet\/ajankohtaista\/nico-ronnberg-huhtikuun-tahtipelaaja\/#primaryimage","url":"https:\/\/i0.wp.com\/aktialiiga.fi\/miehet\/wp-content\/uploads\/sites\/5\/2024\/05\/DSC_7702.jpg?fit=2200%2C1760&ssl=1","contentUrl":"https:\/\/i0.wp.com\/aktialiiga.fi\/miehet\/wp-content\/uploads\/sites\/5\/2024\/05\/DSC_7702.jpg?fit=2200%2C1760&ssl=1","width":2200,"height":1760},{"@type":"BreadcrumbList","@id":"https:\/\/aktialiiga.fi\/miehet\/ajankohtaista\/nico-ronnberg-huhtikuun-tahtipelaaja\/#breadcrumb","itemListElement":[{"@type":"ListItem","position":1,"name":"Etusivu","item":"https:\/\/aktialiiga.fi\/miehet\/"},{"@type":"ListItem","position":2,"name":"Nico R\u00f6nnberg huhtikuun t\u00e4htipelaaja"}]},{"@type":"WebSite","@id":"https:\/\/aktialiiga.fi\/miehet\/#website","url":"https:\/\/aktialiiga.fi\/miehet\/","name":"K\u00e4sipallon miesten Aktialiiga","description":"Valtakunnan vauhdikkainta palloilua!","publisher":{"@id":"https:\/\/aktialiiga.fi\/miehet\/#organization"},"potentialAction":[{"@type":"SearchAction","target":{"@type":"EntryPoint","urlTemplate":"https:\/\/aktialiiga.fi\/miehet\/?s={search_term_string}"},"query-input":{"@type":"PropertyValueSpecification","valueRequired":true,"valueName":"search_term_string"}}],"inLanguage":"fi"},{"@type":"Organization","@id":"https:\/\/aktialiiga.fi\/miehet\/#organization","name":"K\u00e4sipallon miesten Aktialiiga","url":"https:\/\/aktialiiga.fi\/miehet\/","logo":{"@type":"ImageObject","inLanguage":"fi","@id":"https:\/\/aktialiiga.fi\/miehet\/#\/schema\/logo\/image\/","url":"https:\/\/i0.wp.com\/aktialiiga.fi\/miehet\/wp-content\/uploads\/sites\/5\/2024\/09\/Aktialiiga-Yoast-512.png?fit=512%2C512&ssl=1","contentUrl":"https:\/\/i0.wp.com\/aktialiiga.fi\/miehet\/wp-content\/uploads\/sites\/5\/2024\/09\/Aktialiiga-Yoast-512.png?fit=512%2C512&ssl=1","width":512,"height":512,"caption":"K\u00e4sipallon miesten Aktialiiga"},"image":{"@id":"https:\/\/aktialiiga.fi\/miehet\/#\/schema\/logo\/image\/"},"sameAs":["https:\/\/www.facebook.com\/finnhandball","https:\/\/x.com\/finnhandball","https:\/\/www.instagram.com\/handballfinland\/"]},{"@type":"Person","@id":"https:\/\/aktialiiga.fi\/miehet\/#\/schema\/person\/c14bf42f47041db74603c45afcb18d87","name":"tbrmedia","image":{"@type":"ImageObject","inLanguage":"fi","@id":"https:\/\/secure.gravatar.com\/avatar\/ee975fa091fe581d12b60debb3439022686618368a7c142044c56724d4666b16?s=96&d=mm&r=g","url":"https:\/\/secure.gravatar.com\/avatar\/ee975fa091fe581d12b60debb3439022686618368a7c142044c56724d4666b16?s=96&d=mm&r=g","contentUrl":"https:\/\/secure.gravatar.com\/avatar\/ee975fa091fe581d12b60debb3439022686618368a7c142044c56724d4666b16?s=96&d=mm&r=g","caption":"tbrmedia"}}]}},"jetpack_featured_media_url":"https:\/\/i0.wp.com\/aktialiiga.fi\/miehet\/wp-content\/uploads\/sites\/5\/2024\/05\/DSC_7702.jpg?fit=2200%2C1760&ssl=1","jetpack_sharing_enabled":true,"jetpack_shortlink":"https:\/\/wp.me\/pfTxOr-ct8","_links":{"self":[{"href":"https:\/\/aktialiiga.fi\/miehet\/wp-json\/wp\/v2\/posts\/47934","targetHints":{"allow":["GET"]}}],"collection":[{"href":"https:\/\/aktialiiga.fi\/miehet\/wp-json\/wp\/v2\/posts"}],"about":[{"href":"https:\/\/aktialiiga.fi\/miehet\/wp-json\/wp\/v2\/types\/post"}],"author":[{"embeddable":true,"href":"https:\/\/aktialiiga.fi\/miehet\/wp-json\/wp\/v2\/users\/13"}],"replies":[{"embeddable":true,"href":"https:\/\/aktialiiga.fi\/miehet\/wp-json\/wp\/v2\/comments?post=47934"}],"version-history":[{"count":1,"href":"https:\/\/aktialiiga.fi\/miehet\/wp-json\/wp\/v2\/posts\/47934\/revisions"}],"predecessor-version":[{"id":59998,"href":"https:\/\/aktialiiga.fi\/miehet\/wp-json\/wp\/v2\/posts\/47934\/revisions\/59998"}],"wp:featuredmedia":[{"embeddable":true,"href":"https:\/\/aktialiiga.fi\/miehet\/wp-json\/wp\/v2\/media\/48122"}],"wp:attachment":[{"href":"https:\/\/aktialiiga.fi\/miehet\/wp-json\/wp\/v2\/media?parent=47934"}],"wp:term":[{"taxonomy":"category","embeddable":true,"href":"https:\/\/aktialiiga.fi\/miehet\/wp-json\/wp\/v2\/categories?post=47934"},{"taxonomy":"post_tag","embeddable":true,"href":"https:\/\/aktialiiga.fi\/miehet\/wp-json\/wp\/v2\/tags?post=47934"}],"curies":[{"name":"wp","href":"https:\/\/api.w.org\/{rel}","templated":true}]}}