{"id":48153,"date":"2024-05-06T14:19:07","date_gmt":"2024-05-06T11:19:07","guid":{"rendered":"https:\/\/aktialiiga.fi\/miehet\/?p=48153"},"modified":"2025-05-12T11:14:12","modified_gmt":"2025-05-12T08:14:12","slug":"fredrik-ja-wilhelm-parvinen-dickeniin","status":"publish","type":"post","link":"https:\/\/aktialiiga.fi\/miehet\/ajankohtaista\/fredrik-ja-wilhelm-parvinen-dickeniin\/","title":{"rendered":"Fredrik ja Wilhelm Parvinen Dickeniin"},"content":{"rendered":"<p>Dicken on solminut sopimukset vuonna 2003 syntyneiden veljesten kanssa. K\u00e4sipallokoulutuksensa Kirkkonummen kovassa 03-ik\u00e4luokassa saaneet Parviset liittyv\u00e4t joukkueeseen GrIFK:n joukkueesta. Kummankin sopimus on kestoltaan 1+1 vuotta.<\/p>\n<p>Suomik\u00e4sipallon lupaavimpiin maalivahteihin kuuluva Fredrik on ehtinyt merkkauttaa itselleen 48 liigaottelua, joissa pallo on pys\u00e4htynyt mukavalla 38,5 prosentin tehokkuudella. Maaleja \u201dFredille\u201d on kirjattu 3kpl ja liigat\u00e4hti\u00e4 on kertynyt seitsem\u00e4n. Fredrikin maajoukkuedebyytti n\u00e4htiin joulukuussa pelatussa Baltic Sea Cupissa, josta historiankirjoihin merkattiin my\u00f6s yksi maali.<\/p>\n<p>Veljeksist\u00e4 Wilhelm operoi vasemmassa laidassa. Nousujohteisella kehitysk\u00e4yr\u00e4ll\u00e4 oleva Wilhelm tulee varmasti ly\u00f6m\u00e4\u00e4n itsen\u00e4 lopullisesti l\u00e4pi liigaympyr\u00f6ihin tulevalla kaudella. Ulottuvana (189cm) ja monipuolisena pelaajana Wilhelm tarjoaa valmennukselle loistavan lis\u00e4n pelaamiseen. T\u00e4h\u00e4n menness\u00e4 Wilhelm on kirjauttanut 34 maalia 35 pelatussa liigaottelussa.<\/p>\n<p>Pelaajat itse kommentoivat siirtoaan n\u00e4in:<\/p>\n<p>&#8211; Henkil\u00f6kohtaisesti nousujohteisen kauden j\u00e4lkeen olen valmis ottamaan viel\u00e4 enemm\u00e4n roolia uudessa joukkuessa. Positiivisin mielin uuteen kauteen uuden nopean joukkueen kanssa, Fredrik Parvinen sanoo Dickenin tiedotteessa.<\/p>\n<p>&#8211; Olen innoissani saada mahdollisuuden pelata nuoressa juoksevassa joukkueessa. Odotan tulevasta kaudesta uusia haasteita ja pelej\u00e4 hyv\u00e4ll\u00e4 fiiliksell\u00e4, toteaa puolestaan Wilhelm Parvinen.<\/p>\n<p>Dicken GM Jukka Kamula on tyytyv\u00e4inen Parvisten siirroista.<\/p>\n<p>&#8211; Oli todella iloinen yll\u00e4tys, kun herrojen taustahenkil\u00f6t l\u00e4hestyiv\u00e4t meit\u00e4 t\u00e4ll\u00e4 siirtoajatuksella. Varsinaiset neuvottelut sujuivat lopulta tosi nopeasti. Fredrik ja Wilhelm ovat eritt\u00e4in lupaavia ja mik\u00e4 t\u00e4rkeint\u00e4 &#8211; fiksuja ja eteenp\u00e4in pyrkivi\u00e4 pelaajia. N\u00e4m\u00e4 veljekset tarjoavat meille pelillisesti kaksi eritt\u00e4in t\u00e4rke\u00e4\u00e4 palasta ja samalla my\u00f6s omalla tekemisell\u00e4\u00e4n tulevat nostamaan koko joukkueen harjoittelun tasoa.<\/p>\n<p>Dickenin joukkueen rakennus alkaa n\u00e4iden siirtojen osalta valmistumaan ja muista mahdollisista muutoksista tullaan tiedottamana l\u00e4hiviikkojen aikana.<\/p>\n","protected":false},"excerpt":{"rendered":"<p>Dicken on solminut sopimukset vuonna 2003 syntyneiden veljesten kanssa. K\u00e4sipallokoulutuksensa Kirkkonummen kovassa 03-ik\u00e4luokassa saaneet Parviset liittyv\u00e4t joukkueeseen GrIFK:n joukkueesta. Kummankin sopimus on kestoltaan 1+1 vuotta. Suomik\u00e4sipallon lupaavimpiin maalivahteihin kuuluva Fredrik on ehtinyt merkkauttaa itselleen 48 liigaottelua, joissa pallo on pys\u00e4htynyt mukavalla 38,5 prosentin tehokkuudella. Maaleja \u201dFredille\u201d on kirjattu 3kpl ja liigat\u00e4hti\u00e4 on kertynyt seitsem\u00e4n. Fredrikin [&hellip;]<\/p>\n","protected":false},"author":13,"featured_media":47692,"comment_status":"closed","ping_status":"closed","sticky":false,"template":"","format":"standard","meta":{"_acf_changed":false,"jetpack_post_was_ever_published":false,"_jetpack_newsletter_access":"","_jetpack_dont_email_post_to_subs":false,"_jetpack_newsletter_tier_id":0,"_jetpack_memberships_contains_paywalled_content":false,"_jetpack_memberships_contains_paid_content":false,"footnotes":""},"categories":[2],"tags":[58,350],"class_list":["post-48153","post","type-post","status-publish","format-standard","has-post-thumbnail","hentry","category-ajankohtaista","tag-dicken","tag-siirrot-ja-jatkosopimukset"],"acf":[],"yoast_head":"<!-- This site is optimized with the Yoast SEO plugin v27.5 - https:\/\/yoast.com\/product\/yoast-seo-wordpress\/ -->\n<title>Fredrik ja Wilhelm Parvinen Dickeniin | K\u00e4sipallon miesten Aktialiiga<\/title>\n<meta name=\"robots\" content=\"index, follow, max-snippet:-1, max-image-preview:large, max-video-preview:-1\" \/>\n<link rel=\"canonical\" href=\"https:\/\/aktialiiga.fi\/miehet\/ajankohtaista\/fredrik-ja-wilhelm-parvinen-dickeniin\/\" \/>\n<meta property=\"og:locale\" content=\"fi_FI\" \/>\n<meta property=\"og:type\" content=\"article\" \/>\n<meta property=\"og:title\" content=\"Fredrik ja Wilhelm Parvinen Dickeniin | K\u00e4sipallon miesten Aktialiiga\" \/>\n<meta property=\"og:description\" content=\"Dicken on solminut sopimukset vuonna 2003 syntyneiden veljesten kanssa. K\u00e4sipallokoulutuksensa Kirkkonummen kovassa 03-ik\u00e4luokassa saaneet Parviset liittyv\u00e4t joukkueeseen GrIFK:n joukkueesta. Kummankin sopimus on kestoltaan 1+1 vuotta. Suomik\u00e4sipallon lupaavimpiin maalivahteihin kuuluva Fredrik on ehtinyt merkkauttaa itselleen 48 liigaottelua, joissa pallo on pys\u00e4htynyt mukavalla 38,5 prosentin tehokkuudella. Maaleja \u201dFredille\u201d on kirjattu 3kpl ja liigat\u00e4hti\u00e4 on kertynyt seitsem\u00e4n. Fredrikin [&hellip;]\" \/>\n<meta property=\"og:url\" content=\"https:\/\/aktialiiga.fi\/miehet\/ajankohtaista\/fredrik-ja-wilhelm-parvinen-dickeniin\/\" \/>\n<meta property=\"og:site_name\" content=\"K\u00e4sipallon miesten Aktialiiga\" \/>\n<meta property=\"article:publisher\" content=\"https:\/\/www.facebook.com\/finnhandball\" \/>\n<meta property=\"article:published_time\" content=\"2024-05-06T11:19:07+00:00\" \/>\n<meta property=\"article:modified_time\" content=\"2025-05-12T08:14:12+00:00\" \/>\n<meta property=\"og:image\" content=\"https:\/\/i0.wp.com\/aktialiiga.fi\/miehet\/wp-content\/uploads\/sites\/5\/2024\/04\/Dicken_aikalisa_2324.jpg?fit=2193%2C1038&ssl=1\" \/>\n\t<meta property=\"og:image:width\" content=\"2193\" \/>\n\t<meta property=\"og:image:height\" content=\"1038\" \/>\n\t<meta property=\"og:image:type\" content=\"image\/jpeg\" \/>\n<meta name=\"author\" content=\"tbrmedia\" \/>\n<meta name=\"twitter:card\" content=\"summary_large_image\" \/>\n<meta name=\"twitter:creator\" content=\"@finnhandball\" \/>\n<meta name=\"twitter:site\" content=\"@finnhandball\" \/>\n<script type=\"application\/ld+json\" class=\"yoast-schema-graph\">{\"@context\":\"https:\\\/\\\/schema.org\",\"@graph\":[{\"@type\":\"Article\",\"@id\":\"https:\\\/\\\/aktialiiga.fi\\\/miehet\\\/ajankohtaista\\\/fredrik-ja-wilhelm-parvinen-dickeniin\\\/#article\",\"isPartOf\":{\"@id\":\"https:\\\/\\\/aktialiiga.fi\\\/miehet\\\/ajankohtaista\\\/fredrik-ja-wilhelm-parvinen-dickeniin\\\/\"},\"author\":{\"name\":\"tbrmedia\",\"@id\":\"https:\\\/\\\/aktialiiga.fi\\\/miehet\\\/#\\\/schema\\\/person\\\/c14bf42f47041db74603c45afcb18d87\"},\"headline\":\"Fredrik ja Wilhelm Parvinen Dickeniin\",\"datePublished\":\"2024-05-06T11:19:07+00:00\",\"dateModified\":\"2025-05-12T08:14:12+00:00\",\"mainEntityOfPage\":{\"@id\":\"https:\\\/\\\/aktialiiga.fi\\\/miehet\\\/ajankohtaista\\\/fredrik-ja-wilhelm-parvinen-dickeniin\\\/\"},\"wordCount\":276,\"publisher\":{\"@id\":\"https:\\\/\\\/aktialiiga.fi\\\/miehet\\\/#organization\"},\"image\":{\"@id\":\"https:\\\/\\\/aktialiiga.fi\\\/miehet\\\/ajankohtaista\\\/fredrik-ja-wilhelm-parvinen-dickeniin\\\/#primaryimage\"},\"thumbnailUrl\":\"https:\\\/\\\/i0.wp.com\\\/aktialiiga.fi\\\/miehet\\\/wp-content\\\/uploads\\\/sites\\\/5\\\/2024\\\/04\\\/Dicken_aikalisa_2324.jpg?fit=2193%2C1038&ssl=1\",\"keywords\":[\"Dicken\",\"Siirrot ja jatkosopimukset\"],\"articleSection\":[\"Ajankohtaista\"],\"inLanguage\":\"fi\"},{\"@type\":\"WebPage\",\"@id\":\"https:\\\/\\\/aktialiiga.fi\\\/miehet\\\/ajankohtaista\\\/fredrik-ja-wilhelm-parvinen-dickeniin\\\/\",\"url\":\"https:\\\/\\\/aktialiiga.fi\\\/miehet\\\/ajankohtaista\\\/fredrik-ja-wilhelm-parvinen-dickeniin\\\/\",\"name\":\"Fredrik ja Wilhelm Parvinen Dickeniin | K\u00e4sipallon miesten Aktialiiga\",\"isPartOf\":{\"@id\":\"https:\\\/\\\/aktialiiga.fi\\\/miehet\\\/#website\"},\"primaryImageOfPage\":{\"@id\":\"https:\\\/\\\/aktialiiga.fi\\\/miehet\\\/ajankohtaista\\\/fredrik-ja-wilhelm-parvinen-dickeniin\\\/#primaryimage\"},\"image\":{\"@id\":\"https:\\\/\\\/aktialiiga.fi\\\/miehet\\\/ajankohtaista\\\/fredrik-ja-wilhelm-parvinen-dickeniin\\\/#primaryimage\"},\"thumbnailUrl\":\"https:\\\/\\\/i0.wp.com\\\/aktialiiga.fi\\\/miehet\\\/wp-content\\\/uploads\\\/sites\\\/5\\\/2024\\\/04\\\/Dicken_aikalisa_2324.jpg?fit=2193%2C1038&ssl=1\",\"datePublished\":\"2024-05-06T11:19:07+00:00\",\"dateModified\":\"2025-05-12T08:14:12+00:00\",\"breadcrumb\":{\"@id\":\"https:\\\/\\\/aktialiiga.fi\\\/miehet\\\/ajankohtaista\\\/fredrik-ja-wilhelm-parvinen-dickeniin\\\/#breadcrumb\"},\"inLanguage\":\"fi\",\"potentialAction\":[{\"@type\":\"ReadAction\",\"target\":[\"https:\\\/\\\/aktialiiga.fi\\\/miehet\\\/ajankohtaista\\\/fredrik-ja-wilhelm-parvinen-dickeniin\\\/\"]}]},{\"@type\":\"ImageObject\",\"inLanguage\":\"fi\",\"@id\":\"https:\\\/\\\/aktialiiga.fi\\\/miehet\\\/ajankohtaista\\\/fredrik-ja-wilhelm-parvinen-dickeniin\\\/#primaryimage\",\"url\":\"https:\\\/\\\/i0.wp.com\\\/aktialiiga.fi\\\/miehet\\\/wp-content\\\/uploads\\\/sites\\\/5\\\/2024\\\/04\\\/Dicken_aikalisa_2324.jpg?fit=2193%2C1038&ssl=1\",\"contentUrl\":\"https:\\\/\\\/i0.wp.com\\\/aktialiiga.fi\\\/miehet\\\/wp-content\\\/uploads\\\/sites\\\/5\\\/2024\\\/04\\\/Dicken_aikalisa_2324.jpg?fit=2193%2C1038&ssl=1\",\"width\":2193,\"height\":1038,\"caption\":\"K\u00e4sipallon SM-liiga Dicken - BK-46 Pirkkolan palloiluhalli 25. lokakuuta 2023. (Kalle Parkkinen\\\/Newspix24)\"},{\"@type\":\"BreadcrumbList\",\"@id\":\"https:\\\/\\\/aktialiiga.fi\\\/miehet\\\/ajankohtaista\\\/fredrik-ja-wilhelm-parvinen-dickeniin\\\/#breadcrumb\",\"itemListElement\":[{\"@type\":\"ListItem\",\"position\":1,\"name\":\"Etusivu\",\"item\":\"https:\\\/\\\/aktialiiga.fi\\\/miehet\\\/\"},{\"@type\":\"ListItem\",\"position\":2,\"name\":\"Fredrik ja Wilhelm Parvinen Dickeniin\"}]},{\"@type\":\"WebSite\",\"@id\":\"https:\\\/\\\/aktialiiga.fi\\\/miehet\\\/#website\",\"url\":\"https:\\\/\\\/aktialiiga.fi\\\/miehet\\\/\",\"name\":\"K\u00e4sipallon miesten Aktialiiga\",\"description\":\"Valtakunnan vauhdikkainta palloilua!\",\"publisher\":{\"@id\":\"https:\\\/\\\/aktialiiga.fi\\\/miehet\\\/#organization\"},\"potentialAction\":[{\"@type\":\"SearchAction\",\"target\":{\"@type\":\"EntryPoint\",\"urlTemplate\":\"https:\\\/\\\/aktialiiga.fi\\\/miehet\\\/?s={search_term_string}\"},\"query-input\":{\"@type\":\"PropertyValueSpecification\",\"valueRequired\":true,\"valueName\":\"search_term_string\"}}],\"inLanguage\":\"fi\"},{\"@type\":\"Organization\",\"@id\":\"https:\\\/\\\/aktialiiga.fi\\\/miehet\\\/#organization\",\"name\":\"K\u00e4sipallon miesten Aktialiiga\",\"url\":\"https:\\\/\\\/aktialiiga.fi\\\/miehet\\\/\",\"logo\":{\"@type\":\"ImageObject\",\"inLanguage\":\"fi\",\"@id\":\"https:\\\/\\\/aktialiiga.fi\\\/miehet\\\/#\\\/schema\\\/logo\\\/image\\\/\",\"url\":\"https:\\\/\\\/i0.wp.com\\\/aktialiiga.fi\\\/miehet\\\/wp-content\\\/uploads\\\/sites\\\/5\\\/2024\\\/09\\\/Aktialiiga-Yoast-512.png?fit=512%2C512&ssl=1\",\"contentUrl\":\"https:\\\/\\\/i0.wp.com\\\/aktialiiga.fi\\\/miehet\\\/wp-content\\\/uploads\\\/sites\\\/5\\\/2024\\\/09\\\/Aktialiiga-Yoast-512.png?fit=512%2C512&ssl=1\",\"width\":512,\"height\":512,\"caption\":\"K\u00e4sipallon miesten Aktialiiga\"},\"image\":{\"@id\":\"https:\\\/\\\/aktialiiga.fi\\\/miehet\\\/#\\\/schema\\\/logo\\\/image\\\/\"},\"sameAs\":[\"https:\\\/\\\/www.facebook.com\\\/finnhandball\",\"https:\\\/\\\/x.com\\\/finnhandball\",\"https:\\\/\\\/www.instagram.com\\\/handballfinland\\\/\"]},{\"@type\":\"Person\",\"@id\":\"https:\\\/\\\/aktialiiga.fi\\\/miehet\\\/#\\\/schema\\\/person\\\/c14bf42f47041db74603c45afcb18d87\",\"name\":\"tbrmedia\",\"image\":{\"@type\":\"ImageObject\",\"inLanguage\":\"fi\",\"@id\":\"https:\\\/\\\/secure.gravatar.com\\\/avatar\\\/ee975fa091fe581d12b60debb3439022686618368a7c142044c56724d4666b16?s=96&d=mm&r=g\",\"url\":\"https:\\\/\\\/secure.gravatar.com\\\/avatar\\\/ee975fa091fe581d12b60debb3439022686618368a7c142044c56724d4666b16?s=96&d=mm&r=g\",\"contentUrl\":\"https:\\\/\\\/secure.gravatar.com\\\/avatar\\\/ee975fa091fe581d12b60debb3439022686618368a7c142044c56724d4666b16?s=96&d=mm&r=g\",\"caption\":\"tbrmedia\"}}]}<\/script>\n<!-- \/ Yoast SEO plugin. -->","yoast_head_json":{"title":"Fredrik ja Wilhelm Parvinen Dickeniin | K\u00e4sipallon miesten Aktialiiga","robots":{"index":"index","follow":"follow","max-snippet":"max-snippet:-1","max-image-preview":"max-image-preview:large","max-video-preview":"max-video-preview:-1"},"canonical":"https:\/\/aktialiiga.fi\/miehet\/ajankohtaista\/fredrik-ja-wilhelm-parvinen-dickeniin\/","og_locale":"fi_FI","og_type":"article","og_title":"Fredrik ja Wilhelm Parvinen Dickeniin | K\u00e4sipallon miesten Aktialiiga","og_description":"Dicken on solminut sopimukset vuonna 2003 syntyneiden veljesten kanssa. K\u00e4sipallokoulutuksensa Kirkkonummen kovassa 03-ik\u00e4luokassa saaneet Parviset liittyv\u00e4t joukkueeseen GrIFK:n joukkueesta. Kummankin sopimus on kestoltaan 1+1 vuotta. Suomik\u00e4sipallon lupaavimpiin maalivahteihin kuuluva Fredrik on ehtinyt merkkauttaa itselleen 48 liigaottelua, joissa pallo on pys\u00e4htynyt mukavalla 38,5 prosentin tehokkuudella. Maaleja \u201dFredille\u201d on kirjattu 3kpl ja liigat\u00e4hti\u00e4 on kertynyt seitsem\u00e4n. Fredrikin [&hellip;]","og_url":"https:\/\/aktialiiga.fi\/miehet\/ajankohtaista\/fredrik-ja-wilhelm-parvinen-dickeniin\/","og_site_name":"K\u00e4sipallon miesten Aktialiiga","article_publisher":"https:\/\/www.facebook.com\/finnhandball","article_published_time":"2024-05-06T11:19:07+00:00","article_modified_time":"2025-05-12T08:14:12+00:00","og_image":[{"width":2193,"height":1038,"url":"https:\/\/i0.wp.com\/aktialiiga.fi\/miehet\/wp-content\/uploads\/sites\/5\/2024\/04\/Dicken_aikalisa_2324.jpg?fit=2193%2C1038&ssl=1","type":"image\/jpeg"}],"author":"tbrmedia","twitter_card":"summary_large_image","twitter_creator":"@finnhandball","twitter_site":"@finnhandball","schema":{"@context":"https:\/\/schema.org","@graph":[{"@type":"Article","@id":"https:\/\/aktialiiga.fi\/miehet\/ajankohtaista\/fredrik-ja-wilhelm-parvinen-dickeniin\/#article","isPartOf":{"@id":"https:\/\/aktialiiga.fi\/miehet\/ajankohtaista\/fredrik-ja-wilhelm-parvinen-dickeniin\/"},"author":{"name":"tbrmedia","@id":"https:\/\/aktialiiga.fi\/miehet\/#\/schema\/person\/c14bf42f47041db74603c45afcb18d87"},"headline":"Fredrik ja Wilhelm Parvinen Dickeniin","datePublished":"2024-05-06T11:19:07+00:00","dateModified":"2025-05-12T08:14:12+00:00","mainEntityOfPage":{"@id":"https:\/\/aktialiiga.fi\/miehet\/ajankohtaista\/fredrik-ja-wilhelm-parvinen-dickeniin\/"},"wordCount":276,"publisher":{"@id":"https:\/\/aktialiiga.fi\/miehet\/#organization"},"image":{"@id":"https:\/\/aktialiiga.fi\/miehet\/ajankohtaista\/fredrik-ja-wilhelm-parvinen-dickeniin\/#primaryimage"},"thumbnailUrl":"https:\/\/i0.wp.com\/aktialiiga.fi\/miehet\/wp-content\/uploads\/sites\/5\/2024\/04\/Dicken_aikalisa_2324.jpg?fit=2193%2C1038&ssl=1","keywords":["Dicken","Siirrot ja jatkosopimukset"],"articleSection":["Ajankohtaista"],"inLanguage":"fi"},{"@type":"WebPage","@id":"https:\/\/aktialiiga.fi\/miehet\/ajankohtaista\/fredrik-ja-wilhelm-parvinen-dickeniin\/","url":"https:\/\/aktialiiga.fi\/miehet\/ajankohtaista\/fredrik-ja-wilhelm-parvinen-dickeniin\/","name":"Fredrik ja Wilhelm Parvinen Dickeniin | K\u00e4sipallon miesten Aktialiiga","isPartOf":{"@id":"https:\/\/aktialiiga.fi\/miehet\/#website"},"primaryImageOfPage":{"@id":"https:\/\/aktialiiga.fi\/miehet\/ajankohtaista\/fredrik-ja-wilhelm-parvinen-dickeniin\/#primaryimage"},"image":{"@id":"https:\/\/aktialiiga.fi\/miehet\/ajankohtaista\/fredrik-ja-wilhelm-parvinen-dickeniin\/#primaryimage"},"thumbnailUrl":"https:\/\/i0.wp.com\/aktialiiga.fi\/miehet\/wp-content\/uploads\/sites\/5\/2024\/04\/Dicken_aikalisa_2324.jpg?fit=2193%2C1038&ssl=1","datePublished":"2024-05-06T11:19:07+00:00","dateModified":"2025-05-12T08:14:12+00:00","breadcrumb":{"@id":"https:\/\/aktialiiga.fi\/miehet\/ajankohtaista\/fredrik-ja-wilhelm-parvinen-dickeniin\/#breadcrumb"},"inLanguage":"fi","potentialAction":[{"@type":"ReadAction","target":["https:\/\/aktialiiga.fi\/miehet\/ajankohtaista\/fredrik-ja-wilhelm-parvinen-dickeniin\/"]}]},{"@type":"ImageObject","inLanguage":"fi","@id":"https:\/\/aktialiiga.fi\/miehet\/ajankohtaista\/fredrik-ja-wilhelm-parvinen-dickeniin\/#primaryimage","url":"https:\/\/i0.wp.com\/aktialiiga.fi\/miehet\/wp-content\/uploads\/sites\/5\/2024\/04\/Dicken_aikalisa_2324.jpg?fit=2193%2C1038&ssl=1","contentUrl":"https:\/\/i0.wp.com\/aktialiiga.fi\/miehet\/wp-content\/uploads\/sites\/5\/2024\/04\/Dicken_aikalisa_2324.jpg?fit=2193%2C1038&ssl=1","width":2193,"height":1038,"caption":"K\u00e4sipallon SM-liiga Dicken - BK-46 Pirkkolan palloiluhalli 25. lokakuuta 2023. (Kalle Parkkinen\/Newspix24)"},{"@type":"BreadcrumbList","@id":"https:\/\/aktialiiga.fi\/miehet\/ajankohtaista\/fredrik-ja-wilhelm-parvinen-dickeniin\/#breadcrumb","itemListElement":[{"@type":"ListItem","position":1,"name":"Etusivu","item":"https:\/\/aktialiiga.fi\/miehet\/"},{"@type":"ListItem","position":2,"name":"Fredrik ja Wilhelm Parvinen Dickeniin"}]},{"@type":"WebSite","@id":"https:\/\/aktialiiga.fi\/miehet\/#website","url":"https:\/\/aktialiiga.fi\/miehet\/","name":"K\u00e4sipallon miesten Aktialiiga","description":"Valtakunnan vauhdikkainta palloilua!","publisher":{"@id":"https:\/\/aktialiiga.fi\/miehet\/#organization"},"potentialAction":[{"@type":"SearchAction","target":{"@type":"EntryPoint","urlTemplate":"https:\/\/aktialiiga.fi\/miehet\/?s={search_term_string}"},"query-input":{"@type":"PropertyValueSpecification","valueRequired":true,"valueName":"search_term_string"}}],"inLanguage":"fi"},{"@type":"Organization","@id":"https:\/\/aktialiiga.fi\/miehet\/#organization","name":"K\u00e4sipallon miesten Aktialiiga","url":"https:\/\/aktialiiga.fi\/miehet\/","logo":{"@type":"ImageObject","inLanguage":"fi","@id":"https:\/\/aktialiiga.fi\/miehet\/#\/schema\/logo\/image\/","url":"https:\/\/i0.wp.com\/aktialiiga.fi\/miehet\/wp-content\/uploads\/sites\/5\/2024\/09\/Aktialiiga-Yoast-512.png?fit=512%2C512&ssl=1","contentUrl":"https:\/\/i0.wp.com\/aktialiiga.fi\/miehet\/wp-content\/uploads\/sites\/5\/2024\/09\/Aktialiiga-Yoast-512.png?fit=512%2C512&ssl=1","width":512,"height":512,"caption":"K\u00e4sipallon miesten Aktialiiga"},"image":{"@id":"https:\/\/aktialiiga.fi\/miehet\/#\/schema\/logo\/image\/"},"sameAs":["https:\/\/www.facebook.com\/finnhandball","https:\/\/x.com\/finnhandball","https:\/\/www.instagram.com\/handballfinland\/"]},{"@type":"Person","@id":"https:\/\/aktialiiga.fi\/miehet\/#\/schema\/person\/c14bf42f47041db74603c45afcb18d87","name":"tbrmedia","image":{"@type":"ImageObject","inLanguage":"fi","@id":"https:\/\/secure.gravatar.com\/avatar\/ee975fa091fe581d12b60debb3439022686618368a7c142044c56724d4666b16?s=96&d=mm&r=g","url":"https:\/\/secure.gravatar.com\/avatar\/ee975fa091fe581d12b60debb3439022686618368a7c142044c56724d4666b16?s=96&d=mm&r=g","contentUrl":"https:\/\/secure.gravatar.com\/avatar\/ee975fa091fe581d12b60debb3439022686618368a7c142044c56724d4666b16?s=96&d=mm&r=g","caption":"tbrmedia"}}]}},"jetpack_featured_media_url":"https:\/\/i0.wp.com\/aktialiiga.fi\/miehet\/wp-content\/uploads\/sites\/5\/2024\/04\/Dicken_aikalisa_2324.jpg?fit=2193%2C1038&ssl=1","jetpack_sharing_enabled":true,"jetpack_shortlink":"https:\/\/wp.me\/pfTxOr-cwF","_links":{"self":[{"href":"https:\/\/aktialiiga.fi\/miehet\/wp-json\/wp\/v2\/posts\/48153","targetHints":{"allow":["GET"]}}],"collection":[{"href":"https:\/\/aktialiiga.fi\/miehet\/wp-json\/wp\/v2\/posts"}],"about":[{"href":"https:\/\/aktialiiga.fi\/miehet\/wp-json\/wp\/v2\/types\/post"}],"author":[{"embeddable":true,"href":"https:\/\/aktialiiga.fi\/miehet\/wp-json\/wp\/v2\/users\/13"}],"replies":[{"embeddable":true,"href":"https:\/\/aktialiiga.fi\/miehet\/wp-json\/wp\/v2\/comments?post=48153"}],"version-history":[{"count":1,"href":"https:\/\/aktialiiga.fi\/miehet\/wp-json\/wp\/v2\/posts\/48153\/revisions"}],"predecessor-version":[{"id":64691,"href":"https:\/\/aktialiiga.fi\/miehet\/wp-json\/wp\/v2\/posts\/48153\/revisions\/64691"}],"wp:featuredmedia":[{"embeddable":true,"href":"https:\/\/aktialiiga.fi\/miehet\/wp-json\/wp\/v2\/media\/47692"}],"wp:attachment":[{"href":"https:\/\/aktialiiga.fi\/miehet\/wp-json\/wp\/v2\/media?parent=48153"}],"wp:term":[{"taxonomy":"category","embeddable":true,"href":"https:\/\/aktialiiga.fi\/miehet\/wp-json\/wp\/v2\/categories?post=48153"},{"taxonomy":"post_tag","embeddable":true,"href":"https:\/\/aktialiiga.fi\/miehet\/wp-json\/wp\/v2\/tags?post=48153"}],"curies":[{"name":"wp","href":"https:\/\/api.w.org\/{rel}","templated":true}]}}