{"id":4837,"date":"2013-01-27T19:49:13","date_gmt":"2013-01-27T17:49:13","guid":{"rendered":"http:\/\/www.handisliiga.fi\/?p=4837"},"modified":"2018-04-20T13:03:54","modified_gmt":"2018-04-20T10:03:54","slug":"sif-voitti-porvoossa","status":"publish","type":"post","link":"https:\/\/aktialiiga.fi\/miehet\/2012-2013\/ottelut-2012-2013\/sif-voitti-porvoossa\/","title":{"rendered":"SIF voitti Porvoossa"},"content":{"rendered":"<p><strong>Pisteet l\u00e4htiv\u00e4t keltapaitojen matkaan maalein 27-33 (14-14).<\/strong><!--more--><\/p>\n<p>Tappion my\u00f6t\u00e4 Akilles on taas taulukon pohjalla, mutta taistelu pudotuspelipaikoista k\u00e4y varmasti kiivaana loppuun saakka.<\/p>\n<p>&#8211;\u00a0Saatiin vastustaja puolustusp\u00e4\u00e4ss\u00e4 hyvin kiinni. Hy\u00f6kk\u00e4yksess\u00e4 oli tilaa kun pelattiin viidell\u00e4 viitt\u00e4 vastaan, SIF:n joukkueenjohtaja Janne Luuppala kommentoi.<\/p>\n<p>18-vuotias Anton Luuppala pommitti kymmenen maalia ja putsasi p\u00f6yd\u00e4n t\u00e4hdist\u00e4.<\/p>\n<p>&#8211;\u00a0Ekalla puoliajalla puolustettiin huonosti, onneksi saatiin korjattua tauolla. Meille sopi hyvin kun saatiin tilaa Patrik Gr\u00f6nbergin ollessa miesvartioinnissa.<\/p>\n<p>SIF ja Akilles kohtaavat viel\u00e4 runkosarjan viimeisell\u00e4 kierroksella.<\/p>\n<p><strong>Maalintekij\u00e4t<\/strong><\/p>\n<p>Akilles: Sergiy Shevchenko 7,\u00a0Mihail Kobzev 6,\u00a0Niclas Ahlgren 5,\u00a0Henri Storsj\u00f6 3,\u00a0Mathias \u00c5kermarck 3,\u00a0Jonatan Tolkki 2,\u00a0Arminas Grigenas 1.<\/p>\n<p>SIF:\u00a0Anton Luuppala 10,\u00a0Gustav Svanb\u00e4ck 7,\u00a0Christoffer Modig 5,\u00a0Antti Tahvanainen 4,\u00a0Jaan Kauge 4,\u00a0Patrik Gr\u00f6nberg 2,\u00a0Albert Lindholm 1.<\/p>\n<p><strong>L\u00e4hiTapiola T\u00e4hdet<\/strong><\/p>\n<p>*** Anton Luuppala, SIF<\/p>\n<p>**\u00a0Sergiy Shevchenko, Akilles<\/p>\n<p>*\u00a0Rony Lev\u00e9n, SIF<\/p>\n","protected":false},"excerpt":{"rendered":"<p>Pisteet l\u00e4htiv\u00e4t keltapaitojen matkaan maalein 27-33 (14-14).<\/p>\n","protected":false},"author":13,"featured_media":136,"comment_status":"closed","ping_status":"closed","sticky":false,"template":"","format":"standard","meta":{"_acf_changed":false,"jetpack_post_was_ever_published":false,"_jetpack_newsletter_access":"","_jetpack_dont_email_post_to_subs":false,"_jetpack_newsletter_tier_id":0,"_jetpack_memberships_contains_paywalled_content":false,"_jetpack_memberships_contains_paid_content":false,"footnotes":""},"categories":[20],"tags":[51,111],"class_list":["post-4837","post","type-post","status-publish","format-standard","has-post-thumbnail","hentry","category-ottelut-2012-2013","tag-akilles","tag-sif"],"acf":[],"yoast_head":"<!-- This site is optimized with the Yoast SEO plugin v27.4 - https:\/\/yoast.com\/product\/yoast-seo-wordpress\/ -->\n<title>SIF voitti Porvoossa | K\u00e4sipallon miesten Aktialiiga<\/title>\n<meta name=\"robots\" content=\"index, follow, max-snippet:-1, max-image-preview:large, max-video-preview:-1\" \/>\n<link rel=\"canonical\" href=\"https:\/\/aktialiiga.fi\/miehet\/2012-2013\/ottelut-2012-2013\/sif-voitti-porvoossa\/\" \/>\n<meta property=\"og:locale\" content=\"fi_FI\" \/>\n<meta property=\"og:type\" content=\"article\" \/>\n<meta property=\"og:title\" content=\"SIF voitti Porvoossa | K\u00e4sipallon miesten Aktialiiga\" \/>\n<meta property=\"og:description\" content=\"Pisteet l\u00e4htiv\u00e4t keltapaitojen matkaan maalein 27-33 (14-14).\" \/>\n<meta property=\"og:url\" content=\"https:\/\/aktialiiga.fi\/miehet\/2012-2013\/ottelut-2012-2013\/sif-voitti-porvoossa\/\" \/>\n<meta property=\"og:site_name\" content=\"K\u00e4sipallon miesten Aktialiiga\" \/>\n<meta property=\"article:publisher\" content=\"https:\/\/www.facebook.com\/finnhandball\" \/>\n<meta property=\"article:published_time\" content=\"2013-01-27T17:49:13+00:00\" \/>\n<meta property=\"article:modified_time\" content=\"2018-04-20T10:03:54+00:00\" \/>\n<meta property=\"og:image\" content=\"https:\/\/i0.wp.com\/aktialiiga.fi\/miehet\/wp-content\/uploads\/sites\/5\/2011\/09\/logo-sif.gif?fit=105%2C115&ssl=1\" \/>\n\t<meta property=\"og:image:width\" content=\"105\" \/>\n\t<meta property=\"og:image:height\" content=\"115\" \/>\n\t<meta property=\"og:image:type\" content=\"image\/gif\" \/>\n<meta name=\"author\" content=\"tbrmedia\" \/>\n<meta name=\"twitter:card\" content=\"summary_large_image\" \/>\n<meta name=\"twitter:creator\" content=\"@finnhandball\" \/>\n<meta name=\"twitter:site\" content=\"@finnhandball\" \/>\n<script type=\"application\/ld+json\" class=\"yoast-schema-graph\">{\"@context\":\"https:\\\/\\\/schema.org\",\"@graph\":[{\"@type\":\"Article\",\"@id\":\"https:\\\/\\\/aktialiiga.fi\\\/miehet\\\/2012-2013\\\/ottelut-2012-2013\\\/sif-voitti-porvoossa\\\/#article\",\"isPartOf\":{\"@id\":\"https:\\\/\\\/aktialiiga.fi\\\/miehet\\\/2012-2013\\\/ottelut-2012-2013\\\/sif-voitti-porvoossa\\\/\"},\"author\":{\"name\":\"tbrmedia\",\"@id\":\"https:\\\/\\\/aktialiiga.fi\\\/miehet\\\/#\\\/schema\\\/person\\\/c14bf42f47041db74603c45afcb18d87\"},\"headline\":\"SIF voitti Porvoossa\",\"datePublished\":\"2013-01-27T17:49:13+00:00\",\"dateModified\":\"2018-04-20T10:03:54+00:00\",\"mainEntityOfPage\":{\"@id\":\"https:\\\/\\\/aktialiiga.fi\\\/miehet\\\/2012-2013\\\/ottelut-2012-2013\\\/sif-voitti-porvoossa\\\/\"},\"wordCount\":141,\"publisher\":{\"@id\":\"https:\\\/\\\/aktialiiga.fi\\\/miehet\\\/#organization\"},\"image\":{\"@id\":\"https:\\\/\\\/aktialiiga.fi\\\/miehet\\\/2012-2013\\\/ottelut-2012-2013\\\/sif-voitti-porvoossa\\\/#primaryimage\"},\"thumbnailUrl\":\"https:\\\/\\\/i0.wp.com\\\/aktialiiga.fi\\\/miehet\\\/wp-content\\\/uploads\\\/sites\\\/5\\\/2011\\\/09\\\/logo-sif.gif?fit=105%2C115&ssl=1\",\"keywords\":[\"Akilles\",\"SIF\"],\"articleSection\":[\"Ottelut\"],\"inLanguage\":\"fi\"},{\"@type\":\"WebPage\",\"@id\":\"https:\\\/\\\/aktialiiga.fi\\\/miehet\\\/2012-2013\\\/ottelut-2012-2013\\\/sif-voitti-porvoossa\\\/\",\"url\":\"https:\\\/\\\/aktialiiga.fi\\\/miehet\\\/2012-2013\\\/ottelut-2012-2013\\\/sif-voitti-porvoossa\\\/\",\"name\":\"SIF voitti Porvoossa | K\u00e4sipallon miesten Aktialiiga\",\"isPartOf\":{\"@id\":\"https:\\\/\\\/aktialiiga.fi\\\/miehet\\\/#website\"},\"primaryImageOfPage\":{\"@id\":\"https:\\\/\\\/aktialiiga.fi\\\/miehet\\\/2012-2013\\\/ottelut-2012-2013\\\/sif-voitti-porvoossa\\\/#primaryimage\"},\"image\":{\"@id\":\"https:\\\/\\\/aktialiiga.fi\\\/miehet\\\/2012-2013\\\/ottelut-2012-2013\\\/sif-voitti-porvoossa\\\/#primaryimage\"},\"thumbnailUrl\":\"https:\\\/\\\/i0.wp.com\\\/aktialiiga.fi\\\/miehet\\\/wp-content\\\/uploads\\\/sites\\\/5\\\/2011\\\/09\\\/logo-sif.gif?fit=105%2C115&ssl=1\",\"datePublished\":\"2013-01-27T17:49:13+00:00\",\"dateModified\":\"2018-04-20T10:03:54+00:00\",\"breadcrumb\":{\"@id\":\"https:\\\/\\\/aktialiiga.fi\\\/miehet\\\/2012-2013\\\/ottelut-2012-2013\\\/sif-voitti-porvoossa\\\/#breadcrumb\"},\"inLanguage\":\"fi\",\"potentialAction\":[{\"@type\":\"ReadAction\",\"target\":[\"https:\\\/\\\/aktialiiga.fi\\\/miehet\\\/2012-2013\\\/ottelut-2012-2013\\\/sif-voitti-porvoossa\\\/\"]}]},{\"@type\":\"ImageObject\",\"inLanguage\":\"fi\",\"@id\":\"https:\\\/\\\/aktialiiga.fi\\\/miehet\\\/2012-2013\\\/ottelut-2012-2013\\\/sif-voitti-porvoossa\\\/#primaryimage\",\"url\":\"https:\\\/\\\/i0.wp.com\\\/aktialiiga.fi\\\/miehet\\\/wp-content\\\/uploads\\\/sites\\\/5\\\/2011\\\/09\\\/logo-sif.gif?fit=105%2C115&ssl=1\",\"contentUrl\":\"https:\\\/\\\/i0.wp.com\\\/aktialiiga.fi\\\/miehet\\\/wp-content\\\/uploads\\\/sites\\\/5\\\/2011\\\/09\\\/logo-sif.gif?fit=105%2C115&ssl=1\",\"width\":105,\"height\":115,\"caption\":\"SIF, Siuntio\"},{\"@type\":\"BreadcrumbList\",\"@id\":\"https:\\\/\\\/aktialiiga.fi\\\/miehet\\\/2012-2013\\\/ottelut-2012-2013\\\/sif-voitti-porvoossa\\\/#breadcrumb\",\"itemListElement\":[{\"@type\":\"ListItem\",\"position\":1,\"name\":\"Etusivu\",\"item\":\"https:\\\/\\\/aktialiiga.fi\\\/miehet\\\/\"},{\"@type\":\"ListItem\",\"position\":2,\"name\":\"SIF voitti Porvoossa\"}]},{\"@type\":\"WebSite\",\"@id\":\"https:\\\/\\\/aktialiiga.fi\\\/miehet\\\/#website\",\"url\":\"https:\\\/\\\/aktialiiga.fi\\\/miehet\\\/\",\"name\":\"K\u00e4sipallon miesten Aktialiiga\",\"description\":\"Valtakunnan vauhdikkainta palloilua!\",\"publisher\":{\"@id\":\"https:\\\/\\\/aktialiiga.fi\\\/miehet\\\/#organization\"},\"potentialAction\":[{\"@type\":\"SearchAction\",\"target\":{\"@type\":\"EntryPoint\",\"urlTemplate\":\"https:\\\/\\\/aktialiiga.fi\\\/miehet\\\/?s={search_term_string}\"},\"query-input\":{\"@type\":\"PropertyValueSpecification\",\"valueRequired\":true,\"valueName\":\"search_term_string\"}}],\"inLanguage\":\"fi\"},{\"@type\":\"Organization\",\"@id\":\"https:\\\/\\\/aktialiiga.fi\\\/miehet\\\/#organization\",\"name\":\"K\u00e4sipallon miesten Aktialiiga\",\"url\":\"https:\\\/\\\/aktialiiga.fi\\\/miehet\\\/\",\"logo\":{\"@type\":\"ImageObject\",\"inLanguage\":\"fi\",\"@id\":\"https:\\\/\\\/aktialiiga.fi\\\/miehet\\\/#\\\/schema\\\/logo\\\/image\\\/\",\"url\":\"https:\\\/\\\/i0.wp.com\\\/aktialiiga.fi\\\/miehet\\\/wp-content\\\/uploads\\\/sites\\\/5\\\/2024\\\/09\\\/Aktialiiga-Yoast-512.png?fit=512%2C512&ssl=1\",\"contentUrl\":\"https:\\\/\\\/i0.wp.com\\\/aktialiiga.fi\\\/miehet\\\/wp-content\\\/uploads\\\/sites\\\/5\\\/2024\\\/09\\\/Aktialiiga-Yoast-512.png?fit=512%2C512&ssl=1\",\"width\":512,\"height\":512,\"caption\":\"K\u00e4sipallon miesten Aktialiiga\"},\"image\":{\"@id\":\"https:\\\/\\\/aktialiiga.fi\\\/miehet\\\/#\\\/schema\\\/logo\\\/image\\\/\"},\"sameAs\":[\"https:\\\/\\\/www.facebook.com\\\/finnhandball\",\"https:\\\/\\\/x.com\\\/finnhandball\",\"https:\\\/\\\/www.instagram.com\\\/handballfinland\\\/\"]},{\"@type\":\"Person\",\"@id\":\"https:\\\/\\\/aktialiiga.fi\\\/miehet\\\/#\\\/schema\\\/person\\\/c14bf42f47041db74603c45afcb18d87\",\"name\":\"tbrmedia\",\"image\":{\"@type\":\"ImageObject\",\"inLanguage\":\"fi\",\"@id\":\"https:\\\/\\\/secure.gravatar.com\\\/avatar\\\/ee975fa091fe581d12b60debb3439022686618368a7c142044c56724d4666b16?s=96&d=mm&r=g\",\"url\":\"https:\\\/\\\/secure.gravatar.com\\\/avatar\\\/ee975fa091fe581d12b60debb3439022686618368a7c142044c56724d4666b16?s=96&d=mm&r=g\",\"contentUrl\":\"https:\\\/\\\/secure.gravatar.com\\\/avatar\\\/ee975fa091fe581d12b60debb3439022686618368a7c142044c56724d4666b16?s=96&d=mm&r=g\",\"caption\":\"tbrmedia\"}}]}<\/script>\n<!-- \/ Yoast SEO plugin. -->","yoast_head_json":{"title":"SIF voitti Porvoossa | K\u00e4sipallon miesten Aktialiiga","robots":{"index":"index","follow":"follow","max-snippet":"max-snippet:-1","max-image-preview":"max-image-preview:large","max-video-preview":"max-video-preview:-1"},"canonical":"https:\/\/aktialiiga.fi\/miehet\/2012-2013\/ottelut-2012-2013\/sif-voitti-porvoossa\/","og_locale":"fi_FI","og_type":"article","og_title":"SIF voitti Porvoossa | K\u00e4sipallon miesten Aktialiiga","og_description":"Pisteet l\u00e4htiv\u00e4t keltapaitojen matkaan maalein 27-33 (14-14).","og_url":"https:\/\/aktialiiga.fi\/miehet\/2012-2013\/ottelut-2012-2013\/sif-voitti-porvoossa\/","og_site_name":"K\u00e4sipallon miesten Aktialiiga","article_publisher":"https:\/\/www.facebook.com\/finnhandball","article_published_time":"2013-01-27T17:49:13+00:00","article_modified_time":"2018-04-20T10:03:54+00:00","og_image":[{"width":105,"height":115,"url":"https:\/\/i0.wp.com\/aktialiiga.fi\/miehet\/wp-content\/uploads\/sites\/5\/2011\/09\/logo-sif.gif?fit=105%2C115&ssl=1","type":"image\/gif"}],"author":"tbrmedia","twitter_card":"summary_large_image","twitter_creator":"@finnhandball","twitter_site":"@finnhandball","schema":{"@context":"https:\/\/schema.org","@graph":[{"@type":"Article","@id":"https:\/\/aktialiiga.fi\/miehet\/2012-2013\/ottelut-2012-2013\/sif-voitti-porvoossa\/#article","isPartOf":{"@id":"https:\/\/aktialiiga.fi\/miehet\/2012-2013\/ottelut-2012-2013\/sif-voitti-porvoossa\/"},"author":{"name":"tbrmedia","@id":"https:\/\/aktialiiga.fi\/miehet\/#\/schema\/person\/c14bf42f47041db74603c45afcb18d87"},"headline":"SIF voitti Porvoossa","datePublished":"2013-01-27T17:49:13+00:00","dateModified":"2018-04-20T10:03:54+00:00","mainEntityOfPage":{"@id":"https:\/\/aktialiiga.fi\/miehet\/2012-2013\/ottelut-2012-2013\/sif-voitti-porvoossa\/"},"wordCount":141,"publisher":{"@id":"https:\/\/aktialiiga.fi\/miehet\/#organization"},"image":{"@id":"https:\/\/aktialiiga.fi\/miehet\/2012-2013\/ottelut-2012-2013\/sif-voitti-porvoossa\/#primaryimage"},"thumbnailUrl":"https:\/\/i0.wp.com\/aktialiiga.fi\/miehet\/wp-content\/uploads\/sites\/5\/2011\/09\/logo-sif.gif?fit=105%2C115&ssl=1","keywords":["Akilles","SIF"],"articleSection":["Ottelut"],"inLanguage":"fi"},{"@type":"WebPage","@id":"https:\/\/aktialiiga.fi\/miehet\/2012-2013\/ottelut-2012-2013\/sif-voitti-porvoossa\/","url":"https:\/\/aktialiiga.fi\/miehet\/2012-2013\/ottelut-2012-2013\/sif-voitti-porvoossa\/","name":"SIF voitti Porvoossa | K\u00e4sipallon miesten Aktialiiga","isPartOf":{"@id":"https:\/\/aktialiiga.fi\/miehet\/#website"},"primaryImageOfPage":{"@id":"https:\/\/aktialiiga.fi\/miehet\/2012-2013\/ottelut-2012-2013\/sif-voitti-porvoossa\/#primaryimage"},"image":{"@id":"https:\/\/aktialiiga.fi\/miehet\/2012-2013\/ottelut-2012-2013\/sif-voitti-porvoossa\/#primaryimage"},"thumbnailUrl":"https:\/\/i0.wp.com\/aktialiiga.fi\/miehet\/wp-content\/uploads\/sites\/5\/2011\/09\/logo-sif.gif?fit=105%2C115&ssl=1","datePublished":"2013-01-27T17:49:13+00:00","dateModified":"2018-04-20T10:03:54+00:00","breadcrumb":{"@id":"https:\/\/aktialiiga.fi\/miehet\/2012-2013\/ottelut-2012-2013\/sif-voitti-porvoossa\/#breadcrumb"},"inLanguage":"fi","potentialAction":[{"@type":"ReadAction","target":["https:\/\/aktialiiga.fi\/miehet\/2012-2013\/ottelut-2012-2013\/sif-voitti-porvoossa\/"]}]},{"@type":"ImageObject","inLanguage":"fi","@id":"https:\/\/aktialiiga.fi\/miehet\/2012-2013\/ottelut-2012-2013\/sif-voitti-porvoossa\/#primaryimage","url":"https:\/\/i0.wp.com\/aktialiiga.fi\/miehet\/wp-content\/uploads\/sites\/5\/2011\/09\/logo-sif.gif?fit=105%2C115&ssl=1","contentUrl":"https:\/\/i0.wp.com\/aktialiiga.fi\/miehet\/wp-content\/uploads\/sites\/5\/2011\/09\/logo-sif.gif?fit=105%2C115&ssl=1","width":105,"height":115,"caption":"SIF, Siuntio"},{"@type":"BreadcrumbList","@id":"https:\/\/aktialiiga.fi\/miehet\/2012-2013\/ottelut-2012-2013\/sif-voitti-porvoossa\/#breadcrumb","itemListElement":[{"@type":"ListItem","position":1,"name":"Etusivu","item":"https:\/\/aktialiiga.fi\/miehet\/"},{"@type":"ListItem","position":2,"name":"SIF voitti Porvoossa"}]},{"@type":"WebSite","@id":"https:\/\/aktialiiga.fi\/miehet\/#website","url":"https:\/\/aktialiiga.fi\/miehet\/","name":"K\u00e4sipallon miesten Aktialiiga","description":"Valtakunnan vauhdikkainta palloilua!","publisher":{"@id":"https:\/\/aktialiiga.fi\/miehet\/#organization"},"potentialAction":[{"@type":"SearchAction","target":{"@type":"EntryPoint","urlTemplate":"https:\/\/aktialiiga.fi\/miehet\/?s={search_term_string}"},"query-input":{"@type":"PropertyValueSpecification","valueRequired":true,"valueName":"search_term_string"}}],"inLanguage":"fi"},{"@type":"Organization","@id":"https:\/\/aktialiiga.fi\/miehet\/#organization","name":"K\u00e4sipallon miesten Aktialiiga","url":"https:\/\/aktialiiga.fi\/miehet\/","logo":{"@type":"ImageObject","inLanguage":"fi","@id":"https:\/\/aktialiiga.fi\/miehet\/#\/schema\/logo\/image\/","url":"https:\/\/i0.wp.com\/aktialiiga.fi\/miehet\/wp-content\/uploads\/sites\/5\/2024\/09\/Aktialiiga-Yoast-512.png?fit=512%2C512&ssl=1","contentUrl":"https:\/\/i0.wp.com\/aktialiiga.fi\/miehet\/wp-content\/uploads\/sites\/5\/2024\/09\/Aktialiiga-Yoast-512.png?fit=512%2C512&ssl=1","width":512,"height":512,"caption":"K\u00e4sipallon miesten Aktialiiga"},"image":{"@id":"https:\/\/aktialiiga.fi\/miehet\/#\/schema\/logo\/image\/"},"sameAs":["https:\/\/www.facebook.com\/finnhandball","https:\/\/x.com\/finnhandball","https:\/\/www.instagram.com\/handballfinland\/"]},{"@type":"Person","@id":"https:\/\/aktialiiga.fi\/miehet\/#\/schema\/person\/c14bf42f47041db74603c45afcb18d87","name":"tbrmedia","image":{"@type":"ImageObject","inLanguage":"fi","@id":"https:\/\/secure.gravatar.com\/avatar\/ee975fa091fe581d12b60debb3439022686618368a7c142044c56724d4666b16?s=96&d=mm&r=g","url":"https:\/\/secure.gravatar.com\/avatar\/ee975fa091fe581d12b60debb3439022686618368a7c142044c56724d4666b16?s=96&d=mm&r=g","contentUrl":"https:\/\/secure.gravatar.com\/avatar\/ee975fa091fe581d12b60debb3439022686618368a7c142044c56724d4666b16?s=96&d=mm&r=g","caption":"tbrmedia"}}]}},"jetpack_featured_media_url":"https:\/\/i0.wp.com\/aktialiiga.fi\/miehet\/wp-content\/uploads\/sites\/5\/2011\/09\/logo-sif.gif?fit=105%2C115&ssl=1","jetpack_sharing_enabled":true,"jetpack_shortlink":"https:\/\/wp.me\/pfTxOr-1g1","_links":{"self":[{"href":"https:\/\/aktialiiga.fi\/miehet\/wp-json\/wp\/v2\/posts\/4837","targetHints":{"allow":["GET"]}}],"collection":[{"href":"https:\/\/aktialiiga.fi\/miehet\/wp-json\/wp\/v2\/posts"}],"about":[{"href":"https:\/\/aktialiiga.fi\/miehet\/wp-json\/wp\/v2\/types\/post"}],"author":[{"embeddable":true,"href":"https:\/\/aktialiiga.fi\/miehet\/wp-json\/wp\/v2\/users\/13"}],"replies":[{"embeddable":true,"href":"https:\/\/aktialiiga.fi\/miehet\/wp-json\/wp\/v2\/comments?post=4837"}],"version-history":[{"count":0,"href":"https:\/\/aktialiiga.fi\/miehet\/wp-json\/wp\/v2\/posts\/4837\/revisions"}],"wp:featuredmedia":[{"embeddable":true,"href":"https:\/\/aktialiiga.fi\/miehet\/wp-json\/wp\/v2\/media\/136"}],"wp:attachment":[{"href":"https:\/\/aktialiiga.fi\/miehet\/wp-json\/wp\/v2\/media?parent=4837"}],"wp:term":[{"taxonomy":"category","embeddable":true,"href":"https:\/\/aktialiiga.fi\/miehet\/wp-json\/wp\/v2\/categories?post=4837"},{"taxonomy":"post_tag","embeddable":true,"href":"https:\/\/aktialiiga.fi\/miehet\/wp-json\/wp\/v2\/tags?post=4837"}],"curies":[{"name":"wp","href":"https:\/\/api.w.org\/{rel}","templated":true}]}}