{"id":5364,"date":"2013-04-23T23:08:15","date_gmt":"2013-04-23T20:08:15","guid":{"rendered":"http:\/\/www.handisliiga.fi\/?p=5364"},"modified":"2018-04-20T13:03:40","modified_gmt":"2018-04-20T10:03:40","slug":"dickenin-hyva-alku-hyydytti-westin","status":"publish","type":"post","link":"https:\/\/aktialiiga.fi\/miehet\/2012-2013\/ottelut-2012-2013\/dickenin-hyva-alku-hyydytti-westin\/","title":{"rendered":"Kotijoukkueen hyv\u00e4 alku hyydytti Westin"},"content":{"rendered":"<p><strong>Dicken kaatoi HC Westin lopulta maalein 30-22 (20-12).<\/strong><!--more--><\/p>\n<p>&#8211; Aloitimme hyvin. Olimme todella hyvin valmistautuneita ja minun mielest\u00e4ni taistelimme l\u00e4pi ottelun. Seuraava ottelu on kuitenkin uusi peli, eli nollataan ja l\u00e4hdet\u00e4\u00e4n Kauniaiseen j\u00e4lleen torstaina taistelemaan voitosta, ottelun parhaaksi arvostettu Benny Broman mietti.<\/p>\n<p>Kun alle kymmenen minuuttia oli pelikellossa johti Dicken ottelua jo kuudella maalilla (8-2) ja vaikka West hieman paransikin otteitaan jakson edetess\u00e4, oli Dicken koko ajan kuskin paikalla. Puoliaikajohto oli kahdeksan maalia ja se pysyi samana loppuun asti.<\/p>\n<p>&#8211; Saimme unelma-alun ja pojat olivat ihan uskomattoman latautuneita. Puolustus toimi hyvin alussa, Patrick oli hyv\u00e4 maalissa ja sy\u00f6tti todella hienoja nopeita. Sill\u00e4 tavalla saimme nopeat kontrauksemme toimimaan niin kuin halusimme. T\u00e4m\u00e4 riitti t\u00e4n\u00e4\u00e4n, mutta lopussa meid\u00e4n pelimme puuroutui hieman. T\u00e4st\u00e4 menn\u00e4\u00e4n valmistautumaan seuraavaan peliin, Dicken-luotsi Thomas Lindstr\u00f6m kertoi.<\/p>\n<p>Benny Bromanin lis\u00e4ksi my\u00f6s Timmy Thor ja Valdar Noodla olivat pelip\u00e4\u00e4ll\u00e4, yhteens\u00e4 kymmenen Dickenin pelaajaa sai nimens\u00e4 maalintekij\u00e4tilastoihin.<\/p>\n<p>Mikael K\u00e4llman jakoi reilusti tunnustusta vastustajille.<\/p>\n<p>-Dicken oli t\u00e4n\u00e4\u00e4n parempi. Dickenin pit\u00e4\u00e4kin olla parempi, mutta ei n\u00e4in paljon. Joukkueiden v\u00e4liss\u00e4 on laatuero, kun katsoo mit\u00e4 on tapahtunut joukkueiden v\u00e4lill\u00e4, mutta n\u00e4in iso laatuero ei ole.\u00a0Meid\u00e4n pit\u00e4\u00e4 nostaa omaa tasoa huomattavasti, ett\u00e4 pystymme taistelemaan t\u00e4ss\u00e4 sarjassa. T\u00e4n\u00e4\u00e4n pelasimme alle oman tasomme.<\/p>\n<p><strong>Maalintekij\u00e4t<\/strong><\/p>\n<p>Dicken: Benny Broman 9, Timmy Thor 5, Joacim Broman 4, Valdar Noodla 4, Anton R\u00e9my 2, Max Knuts 2, Joona Hertola 1, Teemu Hertola 1, Casimir Stierncreutz 1, Anton Usvalahti\u00a0 1.<\/p>\n<p>HC West: Miro Koljonen 7, Richard Sundberg 6, Joona Raerinne 3, Jani Tuominen 2, Sami Silfver 2, Anders Genberg 1, Olle Stenius 1.<\/p>\n<p>&nbsp;<\/p>\n<p><strong>L\u00e4hiTapiola T\u00e4htipelaajat<\/strong><\/p>\n<p>*** Benny Broman, Dicken<\/p>\n<p>** Timmy Thor, Dicken<\/p>\n<p>* Miro Koljonen, HC West<\/p>\n","protected":false},"excerpt":{"rendered":"<p>Dicken kaatoi HC Westin lopulta maalein 30-22 (20-12).<\/p>\n","protected":false},"author":13,"featured_media":196,"comment_status":"closed","ping_status":"closed","sticky":false,"template":"","format":"standard","meta":{"_acf_changed":false,"jetpack_post_was_ever_published":false,"_jetpack_newsletter_access":"","_jetpack_dont_email_post_to_subs":false,"_jetpack_newsletter_tier_id":0,"_jetpack_memberships_contains_paywalled_content":false,"_jetpack_memberships_contains_paid_content":false,"footnotes":""},"categories":[20],"tags":[58,68],"class_list":["post-5364","post","type-post","status-publish","format-standard","has-post-thumbnail","hentry","category-ottelut-2012-2013","tag-dicken","tag-hc-west"],"acf":[],"yoast_head":"<!-- This site is optimized with the Yoast SEO plugin v27.5 - https:\/\/yoast.com\/product\/yoast-seo-wordpress\/ -->\n<title>Kotijoukkueen hyv\u00e4 alku hyydytti Westin | K\u00e4sipallon miesten Aktialiiga<\/title>\n<meta name=\"robots\" content=\"index, follow, max-snippet:-1, max-image-preview:large, max-video-preview:-1\" \/>\n<link rel=\"canonical\" href=\"https:\/\/aktialiiga.fi\/miehet\/2012-2013\/ottelut-2012-2013\/dickenin-hyva-alku-hyydytti-westin\/\" \/>\n<meta property=\"og:locale\" content=\"fi_FI\" \/>\n<meta property=\"og:type\" content=\"article\" \/>\n<meta property=\"og:title\" content=\"Kotijoukkueen hyv\u00e4 alku hyydytti Westin | K\u00e4sipallon miesten Aktialiiga\" \/>\n<meta property=\"og:description\" content=\"Dicken kaatoi HC Westin lopulta maalein 30-22 (20-12).\" \/>\n<meta property=\"og:url\" content=\"https:\/\/aktialiiga.fi\/miehet\/2012-2013\/ottelut-2012-2013\/dickenin-hyva-alku-hyydytti-westin\/\" \/>\n<meta property=\"og:site_name\" content=\"K\u00e4sipallon miesten Aktialiiga\" \/>\n<meta property=\"article:publisher\" content=\"https:\/\/www.facebook.com\/finnhandball\" \/>\n<meta property=\"article:published_time\" content=\"2013-04-23T20:08:15+00:00\" \/>\n<meta property=\"article:modified_time\" content=\"2018-04-20T10:03:40+00:00\" \/>\n<meta property=\"og:image\" content=\"https:\/\/i0.wp.com\/aktialiiga.fi\/miehet\/wp-content\/uploads\/sites\/5\/2011\/09\/logo-dicken.gif?fit=82%2C115&ssl=1\" \/>\n\t<meta property=\"og:image:width\" content=\"82\" \/>\n\t<meta property=\"og:image:height\" content=\"115\" \/>\n\t<meta property=\"og:image:type\" content=\"image\/gif\" \/>\n<meta name=\"author\" content=\"tbrmedia\" \/>\n<meta name=\"twitter:card\" content=\"summary_large_image\" \/>\n<meta name=\"twitter:creator\" content=\"@finnhandball\" \/>\n<meta name=\"twitter:site\" content=\"@finnhandball\" \/>\n<script type=\"application\/ld+json\" class=\"yoast-schema-graph\">{\"@context\":\"https:\\\/\\\/schema.org\",\"@graph\":[{\"@type\":\"Article\",\"@id\":\"https:\\\/\\\/aktialiiga.fi\\\/miehet\\\/2012-2013\\\/ottelut-2012-2013\\\/dickenin-hyva-alku-hyydytti-westin\\\/#article\",\"isPartOf\":{\"@id\":\"https:\\\/\\\/aktialiiga.fi\\\/miehet\\\/2012-2013\\\/ottelut-2012-2013\\\/dickenin-hyva-alku-hyydytti-westin\\\/\"},\"author\":{\"name\":\"tbrmedia\",\"@id\":\"https:\\\/\\\/aktialiiga.fi\\\/miehet\\\/#\\\/schema\\\/person\\\/c14bf42f47041db74603c45afcb18d87\"},\"headline\":\"Kotijoukkueen hyv\u00e4 alku hyydytti Westin\",\"datePublished\":\"2013-04-23T20:08:15+00:00\",\"dateModified\":\"2018-04-20T10:03:40+00:00\",\"mainEntityOfPage\":{\"@id\":\"https:\\\/\\\/aktialiiga.fi\\\/miehet\\\/2012-2013\\\/ottelut-2012-2013\\\/dickenin-hyva-alku-hyydytti-westin\\\/\"},\"wordCount\":286,\"publisher\":{\"@id\":\"https:\\\/\\\/aktialiiga.fi\\\/miehet\\\/#organization\"},\"image\":{\"@id\":\"https:\\\/\\\/aktialiiga.fi\\\/miehet\\\/2012-2013\\\/ottelut-2012-2013\\\/dickenin-hyva-alku-hyydytti-westin\\\/#primaryimage\"},\"thumbnailUrl\":\"https:\\\/\\\/i0.wp.com\\\/aktialiiga.fi\\\/miehet\\\/wp-content\\\/uploads\\\/sites\\\/5\\\/2011\\\/09\\\/logo-dicken.gif?fit=82%2C115&ssl=1\",\"keywords\":[\"Dicken\",\"HC West\"],\"articleSection\":[\"Ottelut\"],\"inLanguage\":\"fi\"},{\"@type\":\"WebPage\",\"@id\":\"https:\\\/\\\/aktialiiga.fi\\\/miehet\\\/2012-2013\\\/ottelut-2012-2013\\\/dickenin-hyva-alku-hyydytti-westin\\\/\",\"url\":\"https:\\\/\\\/aktialiiga.fi\\\/miehet\\\/2012-2013\\\/ottelut-2012-2013\\\/dickenin-hyva-alku-hyydytti-westin\\\/\",\"name\":\"Kotijoukkueen hyv\u00e4 alku hyydytti Westin | K\u00e4sipallon miesten Aktialiiga\",\"isPartOf\":{\"@id\":\"https:\\\/\\\/aktialiiga.fi\\\/miehet\\\/#website\"},\"primaryImageOfPage\":{\"@id\":\"https:\\\/\\\/aktialiiga.fi\\\/miehet\\\/2012-2013\\\/ottelut-2012-2013\\\/dickenin-hyva-alku-hyydytti-westin\\\/#primaryimage\"},\"image\":{\"@id\":\"https:\\\/\\\/aktialiiga.fi\\\/miehet\\\/2012-2013\\\/ottelut-2012-2013\\\/dickenin-hyva-alku-hyydytti-westin\\\/#primaryimage\"},\"thumbnailUrl\":\"https:\\\/\\\/i0.wp.com\\\/aktialiiga.fi\\\/miehet\\\/wp-content\\\/uploads\\\/sites\\\/5\\\/2011\\\/09\\\/logo-dicken.gif?fit=82%2C115&ssl=1\",\"datePublished\":\"2013-04-23T20:08:15+00:00\",\"dateModified\":\"2018-04-20T10:03:40+00:00\",\"breadcrumb\":{\"@id\":\"https:\\\/\\\/aktialiiga.fi\\\/miehet\\\/2012-2013\\\/ottelut-2012-2013\\\/dickenin-hyva-alku-hyydytti-westin\\\/#breadcrumb\"},\"inLanguage\":\"fi\",\"potentialAction\":[{\"@type\":\"ReadAction\",\"target\":[\"https:\\\/\\\/aktialiiga.fi\\\/miehet\\\/2012-2013\\\/ottelut-2012-2013\\\/dickenin-hyva-alku-hyydytti-westin\\\/\"]}]},{\"@type\":\"ImageObject\",\"inLanguage\":\"fi\",\"@id\":\"https:\\\/\\\/aktialiiga.fi\\\/miehet\\\/2012-2013\\\/ottelut-2012-2013\\\/dickenin-hyva-alku-hyydytti-westin\\\/#primaryimage\",\"url\":\"https:\\\/\\\/i0.wp.com\\\/aktialiiga.fi\\\/miehet\\\/wp-content\\\/uploads\\\/sites\\\/5\\\/2011\\\/09\\\/logo-dicken.gif?fit=82%2C115&ssl=1\",\"contentUrl\":\"https:\\\/\\\/i0.wp.com\\\/aktialiiga.fi\\\/miehet\\\/wp-content\\\/uploads\\\/sites\\\/5\\\/2011\\\/09\\\/logo-dicken.gif?fit=82%2C115&ssl=1\",\"width\":82,\"height\":115,\"caption\":\"Dicken, Helsinki\"},{\"@type\":\"BreadcrumbList\",\"@id\":\"https:\\\/\\\/aktialiiga.fi\\\/miehet\\\/2012-2013\\\/ottelut-2012-2013\\\/dickenin-hyva-alku-hyydytti-westin\\\/#breadcrumb\",\"itemListElement\":[{\"@type\":\"ListItem\",\"position\":1,\"name\":\"Etusivu\",\"item\":\"https:\\\/\\\/aktialiiga.fi\\\/miehet\\\/\"},{\"@type\":\"ListItem\",\"position\":2,\"name\":\"Kotijoukkueen hyv\u00e4 alku hyydytti Westin\"}]},{\"@type\":\"WebSite\",\"@id\":\"https:\\\/\\\/aktialiiga.fi\\\/miehet\\\/#website\",\"url\":\"https:\\\/\\\/aktialiiga.fi\\\/miehet\\\/\",\"name\":\"K\u00e4sipallon miesten Aktialiiga\",\"description\":\"Valtakunnan vauhdikkainta palloilua!\",\"publisher\":{\"@id\":\"https:\\\/\\\/aktialiiga.fi\\\/miehet\\\/#organization\"},\"potentialAction\":[{\"@type\":\"SearchAction\",\"target\":{\"@type\":\"EntryPoint\",\"urlTemplate\":\"https:\\\/\\\/aktialiiga.fi\\\/miehet\\\/?s={search_term_string}\"},\"query-input\":{\"@type\":\"PropertyValueSpecification\",\"valueRequired\":true,\"valueName\":\"search_term_string\"}}],\"inLanguage\":\"fi\"},{\"@type\":\"Organization\",\"@id\":\"https:\\\/\\\/aktialiiga.fi\\\/miehet\\\/#organization\",\"name\":\"K\u00e4sipallon miesten Aktialiiga\",\"url\":\"https:\\\/\\\/aktialiiga.fi\\\/miehet\\\/\",\"logo\":{\"@type\":\"ImageObject\",\"inLanguage\":\"fi\",\"@id\":\"https:\\\/\\\/aktialiiga.fi\\\/miehet\\\/#\\\/schema\\\/logo\\\/image\\\/\",\"url\":\"https:\\\/\\\/i0.wp.com\\\/aktialiiga.fi\\\/miehet\\\/wp-content\\\/uploads\\\/sites\\\/5\\\/2024\\\/09\\\/Aktialiiga-Yoast-512.png?fit=512%2C512&ssl=1\",\"contentUrl\":\"https:\\\/\\\/i0.wp.com\\\/aktialiiga.fi\\\/miehet\\\/wp-content\\\/uploads\\\/sites\\\/5\\\/2024\\\/09\\\/Aktialiiga-Yoast-512.png?fit=512%2C512&ssl=1\",\"width\":512,\"height\":512,\"caption\":\"K\u00e4sipallon miesten Aktialiiga\"},\"image\":{\"@id\":\"https:\\\/\\\/aktialiiga.fi\\\/miehet\\\/#\\\/schema\\\/logo\\\/image\\\/\"},\"sameAs\":[\"https:\\\/\\\/www.facebook.com\\\/finnhandball\",\"https:\\\/\\\/x.com\\\/finnhandball\",\"https:\\\/\\\/www.instagram.com\\\/handballfinland\\\/\"]},{\"@type\":\"Person\",\"@id\":\"https:\\\/\\\/aktialiiga.fi\\\/miehet\\\/#\\\/schema\\\/person\\\/c14bf42f47041db74603c45afcb18d87\",\"name\":\"tbrmedia\",\"image\":{\"@type\":\"ImageObject\",\"inLanguage\":\"fi\",\"@id\":\"https:\\\/\\\/secure.gravatar.com\\\/avatar\\\/ee975fa091fe581d12b60debb3439022686618368a7c142044c56724d4666b16?s=96&d=mm&r=g\",\"url\":\"https:\\\/\\\/secure.gravatar.com\\\/avatar\\\/ee975fa091fe581d12b60debb3439022686618368a7c142044c56724d4666b16?s=96&d=mm&r=g\",\"contentUrl\":\"https:\\\/\\\/secure.gravatar.com\\\/avatar\\\/ee975fa091fe581d12b60debb3439022686618368a7c142044c56724d4666b16?s=96&d=mm&r=g\",\"caption\":\"tbrmedia\"}}]}<\/script>\n<!-- \/ Yoast SEO plugin. -->","yoast_head_json":{"title":"Kotijoukkueen hyv\u00e4 alku hyydytti Westin | K\u00e4sipallon miesten Aktialiiga","robots":{"index":"index","follow":"follow","max-snippet":"max-snippet:-1","max-image-preview":"max-image-preview:large","max-video-preview":"max-video-preview:-1"},"canonical":"https:\/\/aktialiiga.fi\/miehet\/2012-2013\/ottelut-2012-2013\/dickenin-hyva-alku-hyydytti-westin\/","og_locale":"fi_FI","og_type":"article","og_title":"Kotijoukkueen hyv\u00e4 alku hyydytti Westin | K\u00e4sipallon miesten Aktialiiga","og_description":"Dicken kaatoi HC Westin lopulta maalein 30-22 (20-12).","og_url":"https:\/\/aktialiiga.fi\/miehet\/2012-2013\/ottelut-2012-2013\/dickenin-hyva-alku-hyydytti-westin\/","og_site_name":"K\u00e4sipallon miesten Aktialiiga","article_publisher":"https:\/\/www.facebook.com\/finnhandball","article_published_time":"2013-04-23T20:08:15+00:00","article_modified_time":"2018-04-20T10:03:40+00:00","og_image":[{"width":82,"height":115,"url":"https:\/\/i0.wp.com\/aktialiiga.fi\/miehet\/wp-content\/uploads\/sites\/5\/2011\/09\/logo-dicken.gif?fit=82%2C115&ssl=1","type":"image\/gif"}],"author":"tbrmedia","twitter_card":"summary_large_image","twitter_creator":"@finnhandball","twitter_site":"@finnhandball","schema":{"@context":"https:\/\/schema.org","@graph":[{"@type":"Article","@id":"https:\/\/aktialiiga.fi\/miehet\/2012-2013\/ottelut-2012-2013\/dickenin-hyva-alku-hyydytti-westin\/#article","isPartOf":{"@id":"https:\/\/aktialiiga.fi\/miehet\/2012-2013\/ottelut-2012-2013\/dickenin-hyva-alku-hyydytti-westin\/"},"author":{"name":"tbrmedia","@id":"https:\/\/aktialiiga.fi\/miehet\/#\/schema\/person\/c14bf42f47041db74603c45afcb18d87"},"headline":"Kotijoukkueen hyv\u00e4 alku hyydytti Westin","datePublished":"2013-04-23T20:08:15+00:00","dateModified":"2018-04-20T10:03:40+00:00","mainEntityOfPage":{"@id":"https:\/\/aktialiiga.fi\/miehet\/2012-2013\/ottelut-2012-2013\/dickenin-hyva-alku-hyydytti-westin\/"},"wordCount":286,"publisher":{"@id":"https:\/\/aktialiiga.fi\/miehet\/#organization"},"image":{"@id":"https:\/\/aktialiiga.fi\/miehet\/2012-2013\/ottelut-2012-2013\/dickenin-hyva-alku-hyydytti-westin\/#primaryimage"},"thumbnailUrl":"https:\/\/i0.wp.com\/aktialiiga.fi\/miehet\/wp-content\/uploads\/sites\/5\/2011\/09\/logo-dicken.gif?fit=82%2C115&ssl=1","keywords":["Dicken","HC West"],"articleSection":["Ottelut"],"inLanguage":"fi"},{"@type":"WebPage","@id":"https:\/\/aktialiiga.fi\/miehet\/2012-2013\/ottelut-2012-2013\/dickenin-hyva-alku-hyydytti-westin\/","url":"https:\/\/aktialiiga.fi\/miehet\/2012-2013\/ottelut-2012-2013\/dickenin-hyva-alku-hyydytti-westin\/","name":"Kotijoukkueen hyv\u00e4 alku hyydytti Westin | K\u00e4sipallon miesten Aktialiiga","isPartOf":{"@id":"https:\/\/aktialiiga.fi\/miehet\/#website"},"primaryImageOfPage":{"@id":"https:\/\/aktialiiga.fi\/miehet\/2012-2013\/ottelut-2012-2013\/dickenin-hyva-alku-hyydytti-westin\/#primaryimage"},"image":{"@id":"https:\/\/aktialiiga.fi\/miehet\/2012-2013\/ottelut-2012-2013\/dickenin-hyva-alku-hyydytti-westin\/#primaryimage"},"thumbnailUrl":"https:\/\/i0.wp.com\/aktialiiga.fi\/miehet\/wp-content\/uploads\/sites\/5\/2011\/09\/logo-dicken.gif?fit=82%2C115&ssl=1","datePublished":"2013-04-23T20:08:15+00:00","dateModified":"2018-04-20T10:03:40+00:00","breadcrumb":{"@id":"https:\/\/aktialiiga.fi\/miehet\/2012-2013\/ottelut-2012-2013\/dickenin-hyva-alku-hyydytti-westin\/#breadcrumb"},"inLanguage":"fi","potentialAction":[{"@type":"ReadAction","target":["https:\/\/aktialiiga.fi\/miehet\/2012-2013\/ottelut-2012-2013\/dickenin-hyva-alku-hyydytti-westin\/"]}]},{"@type":"ImageObject","inLanguage":"fi","@id":"https:\/\/aktialiiga.fi\/miehet\/2012-2013\/ottelut-2012-2013\/dickenin-hyva-alku-hyydytti-westin\/#primaryimage","url":"https:\/\/i0.wp.com\/aktialiiga.fi\/miehet\/wp-content\/uploads\/sites\/5\/2011\/09\/logo-dicken.gif?fit=82%2C115&ssl=1","contentUrl":"https:\/\/i0.wp.com\/aktialiiga.fi\/miehet\/wp-content\/uploads\/sites\/5\/2011\/09\/logo-dicken.gif?fit=82%2C115&ssl=1","width":82,"height":115,"caption":"Dicken, Helsinki"},{"@type":"BreadcrumbList","@id":"https:\/\/aktialiiga.fi\/miehet\/2012-2013\/ottelut-2012-2013\/dickenin-hyva-alku-hyydytti-westin\/#breadcrumb","itemListElement":[{"@type":"ListItem","position":1,"name":"Etusivu","item":"https:\/\/aktialiiga.fi\/miehet\/"},{"@type":"ListItem","position":2,"name":"Kotijoukkueen hyv\u00e4 alku hyydytti Westin"}]},{"@type":"WebSite","@id":"https:\/\/aktialiiga.fi\/miehet\/#website","url":"https:\/\/aktialiiga.fi\/miehet\/","name":"K\u00e4sipallon miesten Aktialiiga","description":"Valtakunnan vauhdikkainta palloilua!","publisher":{"@id":"https:\/\/aktialiiga.fi\/miehet\/#organization"},"potentialAction":[{"@type":"SearchAction","target":{"@type":"EntryPoint","urlTemplate":"https:\/\/aktialiiga.fi\/miehet\/?s={search_term_string}"},"query-input":{"@type":"PropertyValueSpecification","valueRequired":true,"valueName":"search_term_string"}}],"inLanguage":"fi"},{"@type":"Organization","@id":"https:\/\/aktialiiga.fi\/miehet\/#organization","name":"K\u00e4sipallon miesten Aktialiiga","url":"https:\/\/aktialiiga.fi\/miehet\/","logo":{"@type":"ImageObject","inLanguage":"fi","@id":"https:\/\/aktialiiga.fi\/miehet\/#\/schema\/logo\/image\/","url":"https:\/\/i0.wp.com\/aktialiiga.fi\/miehet\/wp-content\/uploads\/sites\/5\/2024\/09\/Aktialiiga-Yoast-512.png?fit=512%2C512&ssl=1","contentUrl":"https:\/\/i0.wp.com\/aktialiiga.fi\/miehet\/wp-content\/uploads\/sites\/5\/2024\/09\/Aktialiiga-Yoast-512.png?fit=512%2C512&ssl=1","width":512,"height":512,"caption":"K\u00e4sipallon miesten Aktialiiga"},"image":{"@id":"https:\/\/aktialiiga.fi\/miehet\/#\/schema\/logo\/image\/"},"sameAs":["https:\/\/www.facebook.com\/finnhandball","https:\/\/x.com\/finnhandball","https:\/\/www.instagram.com\/handballfinland\/"]},{"@type":"Person","@id":"https:\/\/aktialiiga.fi\/miehet\/#\/schema\/person\/c14bf42f47041db74603c45afcb18d87","name":"tbrmedia","image":{"@type":"ImageObject","inLanguage":"fi","@id":"https:\/\/secure.gravatar.com\/avatar\/ee975fa091fe581d12b60debb3439022686618368a7c142044c56724d4666b16?s=96&d=mm&r=g","url":"https:\/\/secure.gravatar.com\/avatar\/ee975fa091fe581d12b60debb3439022686618368a7c142044c56724d4666b16?s=96&d=mm&r=g","contentUrl":"https:\/\/secure.gravatar.com\/avatar\/ee975fa091fe581d12b60debb3439022686618368a7c142044c56724d4666b16?s=96&d=mm&r=g","caption":"tbrmedia"}}]}},"jetpack_featured_media_url":"https:\/\/i0.wp.com\/aktialiiga.fi\/miehet\/wp-content\/uploads\/sites\/5\/2011\/09\/logo-dicken.gif?fit=82%2C115&ssl=1","jetpack_sharing_enabled":true,"jetpack_shortlink":"https:\/\/wp.me\/pfTxOr-1ow","_links":{"self":[{"href":"https:\/\/aktialiiga.fi\/miehet\/wp-json\/wp\/v2\/posts\/5364","targetHints":{"allow":["GET"]}}],"collection":[{"href":"https:\/\/aktialiiga.fi\/miehet\/wp-json\/wp\/v2\/posts"}],"about":[{"href":"https:\/\/aktialiiga.fi\/miehet\/wp-json\/wp\/v2\/types\/post"}],"author":[{"embeddable":true,"href":"https:\/\/aktialiiga.fi\/miehet\/wp-json\/wp\/v2\/users\/13"}],"replies":[{"embeddable":true,"href":"https:\/\/aktialiiga.fi\/miehet\/wp-json\/wp\/v2\/comments?post=5364"}],"version-history":[{"count":0,"href":"https:\/\/aktialiiga.fi\/miehet\/wp-json\/wp\/v2\/posts\/5364\/revisions"}],"wp:featuredmedia":[{"embeddable":true,"href":"https:\/\/aktialiiga.fi\/miehet\/wp-json\/wp\/v2\/media\/196"}],"wp:attachment":[{"href":"https:\/\/aktialiiga.fi\/miehet\/wp-json\/wp\/v2\/media?parent=5364"}],"wp:term":[{"taxonomy":"category","embeddable":true,"href":"https:\/\/aktialiiga.fi\/miehet\/wp-json\/wp\/v2\/categories?post=5364"},{"taxonomy":"post_tag","embeddable":true,"href":"https:\/\/aktialiiga.fi\/miehet\/wp-json\/wp\/v2\/tags?post=5364"}],"curies":[{"name":"wp","href":"https:\/\/api.w.org\/{rel}","templated":true}]}}