{"id":5509,"date":"2013-05-05T19:27:28","date_gmt":"2013-05-05T16:27:28","guid":{"rendered":"http:\/\/www.handisliiga.fi\/?p=5509"},"modified":"2018-04-20T13:03:36","modified_gmt":"2018-04-20T10:03:36","slug":"jarve-ja-puhakka-tulikuumina-toisessa-finaalissa","status":"publish","type":"post","link":"https:\/\/aktialiiga.fi\/miehet\/2012-2013\/ottelut-2012-2013\/jarve-ja-puhakka-tulikuumina-toisessa-finaalissa\/","title":{"rendered":"J\u00e4rve ja Puhakka tulikuumina toisessa finaalissa"},"content":{"rendered":"<p><strong>Ottelu p\u00e4\u00e4ttyi Pirkkolassa vierasvoittoon \u00a0ja. 31-33, 27-27 (15-14).<\/strong><!--more--><\/p>\n<p>Toisessa loppuottelussa tarvittiin jatkoaika, jotta parempi joukkue saatiin seulottua. Kristo J\u00e4rven hehkuva heittok\u00e4si ja Timo Puhakan loistavat paraatipelastukset siivittiv\u00e4t Cocksin lopulta voittoon. Riihim\u00e4kel\u00e4iset johtavat nyt otteluvoitoin 2-0, mestaruuteen tarvitaan kolme voittoa.<\/p>\n<p>&#8211; Meinasi bensa loppua omilla, mutta joukkue on kasvanut sen verran, ett\u00e4 ei luovuteta miss\u00e4\u00e4n vaiheessa. Minun mielest\u00e4 pelattiin joukkueena, siin\u00e4 ehk\u00e4 suurin ero. Kyll\u00e4 vastustajakin taisteli, mutta pallo pomppi t\u00e4n\u00e4\u00e4n meille, Kaj Kekki totesi.<\/p>\n<p>Dicken pelasi paremmin kuin lauantaina ja hy\u00f6kk\u00e4ysp\u00e4\u00e4ss\u00e4 ratkaisuja tuli leve\u00e4mm\u00e4lt\u00e4. Peli oli pitk\u00e4\u00e4n kotijoukkueella kontrollissa, mutta lopun hosuminen maksoi t\u00e4rke\u00e4n voiton. Vaikea uskoa, ett\u00e4 Dicken pystyisi en\u00e4\u00e4 voittamaan Cocksia kolme kertaa putkeen.<\/p>\n<p>Cocks j\u00e4\u00e4hyili ja pelasi v\u00e4lill\u00e4 jopa kolmella kuutta vastaan, tuon jakson vieraat veiv\u00e4t kuitenkin uskomattomasti 0-1. Viel\u00e4 pari minuuttia ennen loppusummeriakin voitto oli Dickenin omissa k\u00e4siss\u00e4, Kristo J\u00e4rvelle ei kuitenkaan l\u00f6ytynyt sunnuntaina pys\u00e4ytt\u00e4j\u00e4\u00e4. Ovela vasuri vei kotijoukkueen puolustajia kuin sit\u00e4 kuuluisaa m\u00e4t\u00e4\u00e4 kukkoa. J\u00e4rvell\u00e4 kiva ilta t\u00f6iss\u00e4, saldona 14 maalia.<\/p>\n<p>&#8211;\u00a0Tiukka peli oli. Tuntui ett\u00e4 meill\u00e4 oli peli hallussa, mutta lopussa hukattiin muutama avopaikka, kun piti ratkaista peli. Jatkoaika voi sitten menn\u00e4 ihan miten tahansa. Ei t\u00e4ss\u00e4 muuta, kun pit\u00e4\u00e4 menn\u00e4 valmistautumaan keskiviikkoon peliin, Thomas Lindstr\u00f6m sanoi.<\/p>\n<p>Riihim\u00e4kel\u00e4isten maalinsuulla pelin aloittanut Yevgen Umovits ajettiin kent\u00e4lt\u00e4 punaisen kortin saattelemana, holtittoman ulostulon seurauksena. Ennenkin kovissa liemiss\u00e4 keitetty kokenut Timo Puhakka hypp\u00e4si kehiin, napsi jatkoajalla tarvittavat kopit ja Cocks p\u00e4\u00e4si ottamaan toisen kiinnityksen mestaruuteen.<\/p>\n<p>&#8211; Puolustus tiivisti jatkoajalle ja siten torjunnat oli helpompi tehd\u00e4. V\u00e4h\u00e4n oli tuuriakin mukana, Puhakka summasi.<\/p>\n<p>&nbsp;<\/p>\n<p>&nbsp;<\/p>\n<p><strong>Maalintekij\u00e4t<\/strong><\/p>\n<p>Dicken: Timmy Thor 8, Joacim Broman 8 , Casimir Stierncreutz 6 , Joona Hertola 4 , Benny Broman 2 , Mikael Knus 2, Philip Ahlgren 1.<\/p>\n<p>Cocks: Kristo J\u00e4rve14, Gheorghe Sarfonii 5, Teemu Tamminen 5 , Kristian Jansson 4 , Roni Syrj\u00e4l\u00e4 2 , Antti Rogenbaum 1, Siim Pinnonen1, Niko Leikama 1.<\/p>\n<p><strong>L\u00e4hiTapiola T\u00e4hdet<\/strong><\/p>\n<p>*** Timo Puhakka, Cocks<\/p>\n<p>** Mikael M\u00e4kel\u00e4, Dicken<\/p>\n<p>* Kristo J\u00e4rve, Cocks<\/p>\n<p>&nbsp;<\/p>\n","protected":false},"excerpt":{"rendered":"<p>Ottelu p\u00e4\u00e4ttyi Pirkkolassa vierasvoittoon \u00a0ja. 31-33, 27-27 (15-14).<\/p>\n","protected":false},"author":13,"featured_media":144,"comment_status":"closed","ping_status":"closed","sticky":false,"template":"","format":"standard","meta":{"_acf_changed":false,"jetpack_post_was_ever_published":false,"_jetpack_newsletter_access":"","_jetpack_dont_email_post_to_subs":false,"_jetpack_newsletter_tier_id":0,"_jetpack_memberships_contains_paywalled_content":false,"_jetpack_memberships_contains_paid_content":false,"footnotes":""},"categories":[20],"tags":[57,58],"class_list":["post-5509","post","type-post","status-publish","format-standard","has-post-thumbnail","hentry","category-ottelut-2012-2013","tag-cocks","tag-dicken"],"acf":[],"yoast_head":"<!-- This site is optimized with the Yoast SEO plugin v27.5 - https:\/\/yoast.com\/product\/yoast-seo-wordpress\/ -->\n<title>J\u00e4rve ja Puhakka tulikuumina toisessa finaalissa | K\u00e4sipallon miesten Aktialiiga<\/title>\n<meta name=\"robots\" content=\"index, follow, max-snippet:-1, max-image-preview:large, max-video-preview:-1\" \/>\n<link rel=\"canonical\" href=\"https:\/\/aktialiiga.fi\/miehet\/2012-2013\/ottelut-2012-2013\/jarve-ja-puhakka-tulikuumina-toisessa-finaalissa\/\" \/>\n<meta property=\"og:locale\" content=\"fi_FI\" \/>\n<meta property=\"og:type\" content=\"article\" \/>\n<meta property=\"og:title\" content=\"J\u00e4rve ja Puhakka tulikuumina toisessa finaalissa | K\u00e4sipallon miesten Aktialiiga\" \/>\n<meta property=\"og:description\" content=\"Ottelu p\u00e4\u00e4ttyi Pirkkolassa vierasvoittoon \u00a0ja. 31-33, 27-27 (15-14).\" \/>\n<meta property=\"og:url\" content=\"https:\/\/aktialiiga.fi\/miehet\/2012-2013\/ottelut-2012-2013\/jarve-ja-puhakka-tulikuumina-toisessa-finaalissa\/\" \/>\n<meta property=\"og:site_name\" content=\"K\u00e4sipallon miesten Aktialiiga\" \/>\n<meta property=\"article:publisher\" content=\"https:\/\/www.facebook.com\/finnhandball\" \/>\n<meta property=\"article:published_time\" content=\"2013-05-05T16:27:28+00:00\" \/>\n<meta property=\"article:modified_time\" content=\"2018-04-20T10:03:36+00:00\" \/>\n<meta property=\"og:image\" content=\"https:\/\/i0.wp.com\/aktialiiga.fi\/miehet\/wp-content\/uploads\/sites\/5\/2011\/09\/logo-cocks.gif?fit=85%2C115&ssl=1\" \/>\n\t<meta property=\"og:image:width\" content=\"85\" \/>\n\t<meta property=\"og:image:height\" content=\"115\" \/>\n\t<meta property=\"og:image:type\" content=\"image\/gif\" \/>\n<meta name=\"author\" content=\"tbrmedia\" \/>\n<meta name=\"twitter:card\" content=\"summary_large_image\" \/>\n<meta name=\"twitter:creator\" content=\"@finnhandball\" \/>\n<meta name=\"twitter:site\" content=\"@finnhandball\" \/>\n<script type=\"application\/ld+json\" class=\"yoast-schema-graph\">{\"@context\":\"https:\\\/\\\/schema.org\",\"@graph\":[{\"@type\":\"Article\",\"@id\":\"https:\\\/\\\/aktialiiga.fi\\\/miehet\\\/2012-2013\\\/ottelut-2012-2013\\\/jarve-ja-puhakka-tulikuumina-toisessa-finaalissa\\\/#article\",\"isPartOf\":{\"@id\":\"https:\\\/\\\/aktialiiga.fi\\\/miehet\\\/2012-2013\\\/ottelut-2012-2013\\\/jarve-ja-puhakka-tulikuumina-toisessa-finaalissa\\\/\"},\"author\":{\"name\":\"tbrmedia\",\"@id\":\"https:\\\/\\\/aktialiiga.fi\\\/miehet\\\/#\\\/schema\\\/person\\\/c14bf42f47041db74603c45afcb18d87\"},\"headline\":\"J\u00e4rve ja Puhakka tulikuumina toisessa finaalissa\",\"datePublished\":\"2013-05-05T16:27:28+00:00\",\"dateModified\":\"2018-04-20T10:03:36+00:00\",\"mainEntityOfPage\":{\"@id\":\"https:\\\/\\\/aktialiiga.fi\\\/miehet\\\/2012-2013\\\/ottelut-2012-2013\\\/jarve-ja-puhakka-tulikuumina-toisessa-finaalissa\\\/\"},\"wordCount\":341,\"publisher\":{\"@id\":\"https:\\\/\\\/aktialiiga.fi\\\/miehet\\\/#organization\"},\"image\":{\"@id\":\"https:\\\/\\\/aktialiiga.fi\\\/miehet\\\/2012-2013\\\/ottelut-2012-2013\\\/jarve-ja-puhakka-tulikuumina-toisessa-finaalissa\\\/#primaryimage\"},\"thumbnailUrl\":\"https:\\\/\\\/i0.wp.com\\\/aktialiiga.fi\\\/miehet\\\/wp-content\\\/uploads\\\/sites\\\/5\\\/2011\\\/09\\\/logo-cocks.gif?fit=85%2C115&ssl=1\",\"keywords\":[\"Cocks\",\"Dicken\"],\"articleSection\":[\"Ottelut\"],\"inLanguage\":\"fi\"},{\"@type\":\"WebPage\",\"@id\":\"https:\\\/\\\/aktialiiga.fi\\\/miehet\\\/2012-2013\\\/ottelut-2012-2013\\\/jarve-ja-puhakka-tulikuumina-toisessa-finaalissa\\\/\",\"url\":\"https:\\\/\\\/aktialiiga.fi\\\/miehet\\\/2012-2013\\\/ottelut-2012-2013\\\/jarve-ja-puhakka-tulikuumina-toisessa-finaalissa\\\/\",\"name\":\"J\u00e4rve ja Puhakka tulikuumina toisessa finaalissa | K\u00e4sipallon miesten Aktialiiga\",\"isPartOf\":{\"@id\":\"https:\\\/\\\/aktialiiga.fi\\\/miehet\\\/#website\"},\"primaryImageOfPage\":{\"@id\":\"https:\\\/\\\/aktialiiga.fi\\\/miehet\\\/2012-2013\\\/ottelut-2012-2013\\\/jarve-ja-puhakka-tulikuumina-toisessa-finaalissa\\\/#primaryimage\"},\"image\":{\"@id\":\"https:\\\/\\\/aktialiiga.fi\\\/miehet\\\/2012-2013\\\/ottelut-2012-2013\\\/jarve-ja-puhakka-tulikuumina-toisessa-finaalissa\\\/#primaryimage\"},\"thumbnailUrl\":\"https:\\\/\\\/i0.wp.com\\\/aktialiiga.fi\\\/miehet\\\/wp-content\\\/uploads\\\/sites\\\/5\\\/2011\\\/09\\\/logo-cocks.gif?fit=85%2C115&ssl=1\",\"datePublished\":\"2013-05-05T16:27:28+00:00\",\"dateModified\":\"2018-04-20T10:03:36+00:00\",\"breadcrumb\":{\"@id\":\"https:\\\/\\\/aktialiiga.fi\\\/miehet\\\/2012-2013\\\/ottelut-2012-2013\\\/jarve-ja-puhakka-tulikuumina-toisessa-finaalissa\\\/#breadcrumb\"},\"inLanguage\":\"fi\",\"potentialAction\":[{\"@type\":\"ReadAction\",\"target\":[\"https:\\\/\\\/aktialiiga.fi\\\/miehet\\\/2012-2013\\\/ottelut-2012-2013\\\/jarve-ja-puhakka-tulikuumina-toisessa-finaalissa\\\/\"]}]},{\"@type\":\"ImageObject\",\"inLanguage\":\"fi\",\"@id\":\"https:\\\/\\\/aktialiiga.fi\\\/miehet\\\/2012-2013\\\/ottelut-2012-2013\\\/jarve-ja-puhakka-tulikuumina-toisessa-finaalissa\\\/#primaryimage\",\"url\":\"https:\\\/\\\/i0.wp.com\\\/aktialiiga.fi\\\/miehet\\\/wp-content\\\/uploads\\\/sites\\\/5\\\/2011\\\/09\\\/logo-cocks.gif?fit=85%2C115&ssl=1\",\"contentUrl\":\"https:\\\/\\\/i0.wp.com\\\/aktialiiga.fi\\\/miehet\\\/wp-content\\\/uploads\\\/sites\\\/5\\\/2011\\\/09\\\/logo-cocks.gif?fit=85%2C115&ssl=1\",\"width\":85,\"height\":115,\"caption\":\"Cocks, Riihim\u00e4ki\"},{\"@type\":\"BreadcrumbList\",\"@id\":\"https:\\\/\\\/aktialiiga.fi\\\/miehet\\\/2012-2013\\\/ottelut-2012-2013\\\/jarve-ja-puhakka-tulikuumina-toisessa-finaalissa\\\/#breadcrumb\",\"itemListElement\":[{\"@type\":\"ListItem\",\"position\":1,\"name\":\"Etusivu\",\"item\":\"https:\\\/\\\/aktialiiga.fi\\\/miehet\\\/\"},{\"@type\":\"ListItem\",\"position\":2,\"name\":\"J\u00e4rve ja Puhakka tulikuumina toisessa finaalissa\"}]},{\"@type\":\"WebSite\",\"@id\":\"https:\\\/\\\/aktialiiga.fi\\\/miehet\\\/#website\",\"url\":\"https:\\\/\\\/aktialiiga.fi\\\/miehet\\\/\",\"name\":\"K\u00e4sipallon miesten Aktialiiga\",\"description\":\"Valtakunnan vauhdikkainta palloilua!\",\"publisher\":{\"@id\":\"https:\\\/\\\/aktialiiga.fi\\\/miehet\\\/#organization\"},\"potentialAction\":[{\"@type\":\"SearchAction\",\"target\":{\"@type\":\"EntryPoint\",\"urlTemplate\":\"https:\\\/\\\/aktialiiga.fi\\\/miehet\\\/?s={search_term_string}\"},\"query-input\":{\"@type\":\"PropertyValueSpecification\",\"valueRequired\":true,\"valueName\":\"search_term_string\"}}],\"inLanguage\":\"fi\"},{\"@type\":\"Organization\",\"@id\":\"https:\\\/\\\/aktialiiga.fi\\\/miehet\\\/#organization\",\"name\":\"K\u00e4sipallon miesten Aktialiiga\",\"url\":\"https:\\\/\\\/aktialiiga.fi\\\/miehet\\\/\",\"logo\":{\"@type\":\"ImageObject\",\"inLanguage\":\"fi\",\"@id\":\"https:\\\/\\\/aktialiiga.fi\\\/miehet\\\/#\\\/schema\\\/logo\\\/image\\\/\",\"url\":\"https:\\\/\\\/i0.wp.com\\\/aktialiiga.fi\\\/miehet\\\/wp-content\\\/uploads\\\/sites\\\/5\\\/2024\\\/09\\\/Aktialiiga-Yoast-512.png?fit=512%2C512&ssl=1\",\"contentUrl\":\"https:\\\/\\\/i0.wp.com\\\/aktialiiga.fi\\\/miehet\\\/wp-content\\\/uploads\\\/sites\\\/5\\\/2024\\\/09\\\/Aktialiiga-Yoast-512.png?fit=512%2C512&ssl=1\",\"width\":512,\"height\":512,\"caption\":\"K\u00e4sipallon miesten Aktialiiga\"},\"image\":{\"@id\":\"https:\\\/\\\/aktialiiga.fi\\\/miehet\\\/#\\\/schema\\\/logo\\\/image\\\/\"},\"sameAs\":[\"https:\\\/\\\/www.facebook.com\\\/finnhandball\",\"https:\\\/\\\/x.com\\\/finnhandball\",\"https:\\\/\\\/www.instagram.com\\\/handballfinland\\\/\"]},{\"@type\":\"Person\",\"@id\":\"https:\\\/\\\/aktialiiga.fi\\\/miehet\\\/#\\\/schema\\\/person\\\/c14bf42f47041db74603c45afcb18d87\",\"name\":\"tbrmedia\",\"image\":{\"@type\":\"ImageObject\",\"inLanguage\":\"fi\",\"@id\":\"https:\\\/\\\/secure.gravatar.com\\\/avatar\\\/ee975fa091fe581d12b60debb3439022686618368a7c142044c56724d4666b16?s=96&d=mm&r=g\",\"url\":\"https:\\\/\\\/secure.gravatar.com\\\/avatar\\\/ee975fa091fe581d12b60debb3439022686618368a7c142044c56724d4666b16?s=96&d=mm&r=g\",\"contentUrl\":\"https:\\\/\\\/secure.gravatar.com\\\/avatar\\\/ee975fa091fe581d12b60debb3439022686618368a7c142044c56724d4666b16?s=96&d=mm&r=g\",\"caption\":\"tbrmedia\"}}]}<\/script>\n<!-- \/ Yoast SEO plugin. -->","yoast_head_json":{"title":"J\u00e4rve ja Puhakka tulikuumina toisessa finaalissa | K\u00e4sipallon miesten Aktialiiga","robots":{"index":"index","follow":"follow","max-snippet":"max-snippet:-1","max-image-preview":"max-image-preview:large","max-video-preview":"max-video-preview:-1"},"canonical":"https:\/\/aktialiiga.fi\/miehet\/2012-2013\/ottelut-2012-2013\/jarve-ja-puhakka-tulikuumina-toisessa-finaalissa\/","og_locale":"fi_FI","og_type":"article","og_title":"J\u00e4rve ja Puhakka tulikuumina toisessa finaalissa | K\u00e4sipallon miesten Aktialiiga","og_description":"Ottelu p\u00e4\u00e4ttyi Pirkkolassa vierasvoittoon \u00a0ja. 31-33, 27-27 (15-14).","og_url":"https:\/\/aktialiiga.fi\/miehet\/2012-2013\/ottelut-2012-2013\/jarve-ja-puhakka-tulikuumina-toisessa-finaalissa\/","og_site_name":"K\u00e4sipallon miesten Aktialiiga","article_publisher":"https:\/\/www.facebook.com\/finnhandball","article_published_time":"2013-05-05T16:27:28+00:00","article_modified_time":"2018-04-20T10:03:36+00:00","og_image":[{"width":85,"height":115,"url":"https:\/\/i0.wp.com\/aktialiiga.fi\/miehet\/wp-content\/uploads\/sites\/5\/2011\/09\/logo-cocks.gif?fit=85%2C115&ssl=1","type":"image\/gif"}],"author":"tbrmedia","twitter_card":"summary_large_image","twitter_creator":"@finnhandball","twitter_site":"@finnhandball","schema":{"@context":"https:\/\/schema.org","@graph":[{"@type":"Article","@id":"https:\/\/aktialiiga.fi\/miehet\/2012-2013\/ottelut-2012-2013\/jarve-ja-puhakka-tulikuumina-toisessa-finaalissa\/#article","isPartOf":{"@id":"https:\/\/aktialiiga.fi\/miehet\/2012-2013\/ottelut-2012-2013\/jarve-ja-puhakka-tulikuumina-toisessa-finaalissa\/"},"author":{"name":"tbrmedia","@id":"https:\/\/aktialiiga.fi\/miehet\/#\/schema\/person\/c14bf42f47041db74603c45afcb18d87"},"headline":"J\u00e4rve ja Puhakka tulikuumina toisessa finaalissa","datePublished":"2013-05-05T16:27:28+00:00","dateModified":"2018-04-20T10:03:36+00:00","mainEntityOfPage":{"@id":"https:\/\/aktialiiga.fi\/miehet\/2012-2013\/ottelut-2012-2013\/jarve-ja-puhakka-tulikuumina-toisessa-finaalissa\/"},"wordCount":341,"publisher":{"@id":"https:\/\/aktialiiga.fi\/miehet\/#organization"},"image":{"@id":"https:\/\/aktialiiga.fi\/miehet\/2012-2013\/ottelut-2012-2013\/jarve-ja-puhakka-tulikuumina-toisessa-finaalissa\/#primaryimage"},"thumbnailUrl":"https:\/\/i0.wp.com\/aktialiiga.fi\/miehet\/wp-content\/uploads\/sites\/5\/2011\/09\/logo-cocks.gif?fit=85%2C115&ssl=1","keywords":["Cocks","Dicken"],"articleSection":["Ottelut"],"inLanguage":"fi"},{"@type":"WebPage","@id":"https:\/\/aktialiiga.fi\/miehet\/2012-2013\/ottelut-2012-2013\/jarve-ja-puhakka-tulikuumina-toisessa-finaalissa\/","url":"https:\/\/aktialiiga.fi\/miehet\/2012-2013\/ottelut-2012-2013\/jarve-ja-puhakka-tulikuumina-toisessa-finaalissa\/","name":"J\u00e4rve ja Puhakka tulikuumina toisessa finaalissa | K\u00e4sipallon miesten Aktialiiga","isPartOf":{"@id":"https:\/\/aktialiiga.fi\/miehet\/#website"},"primaryImageOfPage":{"@id":"https:\/\/aktialiiga.fi\/miehet\/2012-2013\/ottelut-2012-2013\/jarve-ja-puhakka-tulikuumina-toisessa-finaalissa\/#primaryimage"},"image":{"@id":"https:\/\/aktialiiga.fi\/miehet\/2012-2013\/ottelut-2012-2013\/jarve-ja-puhakka-tulikuumina-toisessa-finaalissa\/#primaryimage"},"thumbnailUrl":"https:\/\/i0.wp.com\/aktialiiga.fi\/miehet\/wp-content\/uploads\/sites\/5\/2011\/09\/logo-cocks.gif?fit=85%2C115&ssl=1","datePublished":"2013-05-05T16:27:28+00:00","dateModified":"2018-04-20T10:03:36+00:00","breadcrumb":{"@id":"https:\/\/aktialiiga.fi\/miehet\/2012-2013\/ottelut-2012-2013\/jarve-ja-puhakka-tulikuumina-toisessa-finaalissa\/#breadcrumb"},"inLanguage":"fi","potentialAction":[{"@type":"ReadAction","target":["https:\/\/aktialiiga.fi\/miehet\/2012-2013\/ottelut-2012-2013\/jarve-ja-puhakka-tulikuumina-toisessa-finaalissa\/"]}]},{"@type":"ImageObject","inLanguage":"fi","@id":"https:\/\/aktialiiga.fi\/miehet\/2012-2013\/ottelut-2012-2013\/jarve-ja-puhakka-tulikuumina-toisessa-finaalissa\/#primaryimage","url":"https:\/\/i0.wp.com\/aktialiiga.fi\/miehet\/wp-content\/uploads\/sites\/5\/2011\/09\/logo-cocks.gif?fit=85%2C115&ssl=1","contentUrl":"https:\/\/i0.wp.com\/aktialiiga.fi\/miehet\/wp-content\/uploads\/sites\/5\/2011\/09\/logo-cocks.gif?fit=85%2C115&ssl=1","width":85,"height":115,"caption":"Cocks, Riihim\u00e4ki"},{"@type":"BreadcrumbList","@id":"https:\/\/aktialiiga.fi\/miehet\/2012-2013\/ottelut-2012-2013\/jarve-ja-puhakka-tulikuumina-toisessa-finaalissa\/#breadcrumb","itemListElement":[{"@type":"ListItem","position":1,"name":"Etusivu","item":"https:\/\/aktialiiga.fi\/miehet\/"},{"@type":"ListItem","position":2,"name":"J\u00e4rve ja Puhakka tulikuumina toisessa finaalissa"}]},{"@type":"WebSite","@id":"https:\/\/aktialiiga.fi\/miehet\/#website","url":"https:\/\/aktialiiga.fi\/miehet\/","name":"K\u00e4sipallon miesten Aktialiiga","description":"Valtakunnan vauhdikkainta palloilua!","publisher":{"@id":"https:\/\/aktialiiga.fi\/miehet\/#organization"},"potentialAction":[{"@type":"SearchAction","target":{"@type":"EntryPoint","urlTemplate":"https:\/\/aktialiiga.fi\/miehet\/?s={search_term_string}"},"query-input":{"@type":"PropertyValueSpecification","valueRequired":true,"valueName":"search_term_string"}}],"inLanguage":"fi"},{"@type":"Organization","@id":"https:\/\/aktialiiga.fi\/miehet\/#organization","name":"K\u00e4sipallon miesten Aktialiiga","url":"https:\/\/aktialiiga.fi\/miehet\/","logo":{"@type":"ImageObject","inLanguage":"fi","@id":"https:\/\/aktialiiga.fi\/miehet\/#\/schema\/logo\/image\/","url":"https:\/\/i0.wp.com\/aktialiiga.fi\/miehet\/wp-content\/uploads\/sites\/5\/2024\/09\/Aktialiiga-Yoast-512.png?fit=512%2C512&ssl=1","contentUrl":"https:\/\/i0.wp.com\/aktialiiga.fi\/miehet\/wp-content\/uploads\/sites\/5\/2024\/09\/Aktialiiga-Yoast-512.png?fit=512%2C512&ssl=1","width":512,"height":512,"caption":"K\u00e4sipallon miesten Aktialiiga"},"image":{"@id":"https:\/\/aktialiiga.fi\/miehet\/#\/schema\/logo\/image\/"},"sameAs":["https:\/\/www.facebook.com\/finnhandball","https:\/\/x.com\/finnhandball","https:\/\/www.instagram.com\/handballfinland\/"]},{"@type":"Person","@id":"https:\/\/aktialiiga.fi\/miehet\/#\/schema\/person\/c14bf42f47041db74603c45afcb18d87","name":"tbrmedia","image":{"@type":"ImageObject","inLanguage":"fi","@id":"https:\/\/secure.gravatar.com\/avatar\/ee975fa091fe581d12b60debb3439022686618368a7c142044c56724d4666b16?s=96&d=mm&r=g","url":"https:\/\/secure.gravatar.com\/avatar\/ee975fa091fe581d12b60debb3439022686618368a7c142044c56724d4666b16?s=96&d=mm&r=g","contentUrl":"https:\/\/secure.gravatar.com\/avatar\/ee975fa091fe581d12b60debb3439022686618368a7c142044c56724d4666b16?s=96&d=mm&r=g","caption":"tbrmedia"}}]}},"jetpack_featured_media_url":"https:\/\/i0.wp.com\/aktialiiga.fi\/miehet\/wp-content\/uploads\/sites\/5\/2011\/09\/logo-cocks.gif?fit=85%2C115&ssl=1","jetpack_sharing_enabled":true,"jetpack_shortlink":"https:\/\/wp.me\/pfTxOr-1qR","_links":{"self":[{"href":"https:\/\/aktialiiga.fi\/miehet\/wp-json\/wp\/v2\/posts\/5509","targetHints":{"allow":["GET"]}}],"collection":[{"href":"https:\/\/aktialiiga.fi\/miehet\/wp-json\/wp\/v2\/posts"}],"about":[{"href":"https:\/\/aktialiiga.fi\/miehet\/wp-json\/wp\/v2\/types\/post"}],"author":[{"embeddable":true,"href":"https:\/\/aktialiiga.fi\/miehet\/wp-json\/wp\/v2\/users\/13"}],"replies":[{"embeddable":true,"href":"https:\/\/aktialiiga.fi\/miehet\/wp-json\/wp\/v2\/comments?post=5509"}],"version-history":[{"count":0,"href":"https:\/\/aktialiiga.fi\/miehet\/wp-json\/wp\/v2\/posts\/5509\/revisions"}],"wp:featuredmedia":[{"embeddable":true,"href":"https:\/\/aktialiiga.fi\/miehet\/wp-json\/wp\/v2\/media\/144"}],"wp:attachment":[{"href":"https:\/\/aktialiiga.fi\/miehet\/wp-json\/wp\/v2\/media?parent=5509"}],"wp:term":[{"taxonomy":"category","embeddable":true,"href":"https:\/\/aktialiiga.fi\/miehet\/wp-json\/wp\/v2\/categories?post=5509"},{"taxonomy":"post_tag","embeddable":true,"href":"https:\/\/aktialiiga.fi\/miehet\/wp-json\/wp\/v2\/tags?post=5509"}],"curies":[{"name":"wp","href":"https:\/\/api.w.org\/{rel}","templated":true}]}}