{"id":57695,"date":"2024-05-27T14:36:04","date_gmt":"2024-05-27T11:36:04","guid":{"rendered":"https:\/\/aktialiiga.fi\/miehet\/?p=57695"},"modified":"2025-06-04T16:09:53","modified_gmt":"2025-06-04T13:09:53","slug":"ehf-european-cup-2024-2025","status":"publish","type":"post","link":"https:\/\/aktialiiga.fi\/miehet\/2024-2025\/ehf-european-cup-2024-2025\/","title":{"rendered":"EHF European Cup 2024-2025"},"content":{"rendered":"<h2>EHF European Cupin otteluohjelma ja -tulokset<\/h2>\n<p><script src=\"https:\/\/hb.torneopal.fi\/taso\/widget.php?widget=schedule&#038;class=EC_M&#038;css=1&#038;competition=hb2024&#038;columns=date,time,pitch,home,away,tulos,streamlink\"><\/script><\/p>\n<div  id=\"avia-magazine-1\"  class='av-magazine av-mbhys9yb-4148a61cb16b0b444e75e15f3c4aa659  avia-builder-el-0  avia-builder-el-no-sibling   avia-builder-el-0  avia-builder-el-no-sibling ' ><div class='av-magazine-group sort_all'><article class='av-magazine-entry av-magazine-entry-id-63187 av-magazine-format-standard av-magazine-type-post av-magazine-entry-1 av-magazine-entry-small av-magazine-no-thumb'  itemscope=\"itemscope\" itemtype=\"https:\/\/schema.org\/BlogPosting\" itemprop=\"blogPost\" ><div class=\"av-magazine-content-wrap\"><header class=\"entry-content-header\" aria-label=\"Post: BK-46:n taistelu ei aivan riitt\u00e4nyt jatkoon eurokentill\u00e4\"><time class='av-magazine-time updated'  itemprop=\"datePublished\" datetime=\"2025-02-22T17:59:44+02:00\" >22.2.2025<\/time><h3 class='av-magazine-title entry-title '  itemprop=\"headline\" ><a href='https:\/\/aktialiiga.fi\/miehet\/2024-2025\/ottelut-2024-25\/bk-46n-taistelu-ei-aivan-riittanyt-jatkoon-eurokentilla\/' title='Linkki: BK-46:n taistelu ei aivan riitt\u00e4nyt jatkoon eurokentill\u00e4'>BK-46:n taistelu ei aivan riitt\u00e4nyt jatkoon eurokentill\u00e4<\/a><\/h3><\/header><\/div><footer class=\"entry-footer\"><\/footer><\/article><article class='av-magazine-entry av-magazine-entry-id-63163 av-magazine-format-standard av-magazine-type-post av-magazine-entry-2 av-magazine-entry-small av-magazine-no-thumb'  itemscope=\"itemscope\" itemtype=\"https:\/\/schema.org\/BlogPosting\" itemprop=\"blogPost\" ><div class=\"av-magazine-content-wrap\"><header class=\"entry-content-header\" aria-label=\"Post: BK-46:lle j\u00e4i kiritt\u00e4v\u00e4\u00e4 toiseen osaotteluun\"><time class='av-magazine-time updated'  itemprop=\"datePublished\" datetime=\"2025-02-21T20:45:35+02:00\" >21.2.2025<\/time><h3 class='av-magazine-title entry-title '  itemprop=\"headline\" ><a href='https:\/\/aktialiiga.fi\/miehet\/2024-2025\/ottelut-2024-25\/bk-46lle-jai-kirittavaa-toiseen-osaotteluun\/' title='Linkki: BK-46:lle j\u00e4i kiritt\u00e4v\u00e4\u00e4 toiseen osaotteluun'>BK-46:lle j\u00e4i kiritt\u00e4v\u00e4\u00e4 toiseen osaotteluun<\/a><\/h3><\/header><\/div><footer class=\"entry-footer\"><\/footer><\/article><article class='av-magazine-entry av-magazine-entry-id-63152 av-magazine-format-standard av-magazine-type-post av-magazine-entry-3 av-magazine-entry-small av-magazine-no-thumb'  itemscope=\"itemscope\" itemtype=\"https:\/\/schema.org\/BlogPosting\" itemprop=\"blogPost\" ><div class=\"av-magazine-content-wrap\"><header class=\"entry-content-header\" aria-label=\"Post: BK-46 hakee jatkopaikkaa eurokentill\u00e4 \u2013 tuplaottelu Karjaalla\"><time class='av-magazine-time updated'  itemprop=\"datePublished\" datetime=\"2025-02-20T19:17:47+02:00\" >20.2.2025<\/time><h3 class='av-magazine-title entry-title '  itemprop=\"headline\" ><a href='https:\/\/aktialiiga.fi\/miehet\/2024-2025\/ennakot-2024-25\/bk-46-hakee-jatkopaikkaa-eurokentilla-tuplaottelu-karjaalla\/' title='Linkki: BK-46 hakee jatkopaikkaa eurokentill\u00e4 \u2013 tuplaottelu Karjaalla'>BK-46 hakee jatkopaikkaa eurokentill\u00e4 \u2013 tuplaottelu Karjaalla<\/a><\/h3><\/header><\/div><footer class=\"entry-footer\"><\/footer><\/article><article class='av-magazine-entry av-magazine-entry-id-62616 av-magazine-format-standard av-magazine-type-post av-magazine-entry-4 av-magazine-entry-small av-magazine-no-thumb'  itemscope=\"itemscope\" itemtype=\"https:\/\/schema.org\/BlogPosting\" itemprop=\"blogPost\" ><div class=\"av-magazine-content-wrap\"><header class=\"entry-content-header\" aria-label=\"Post: BK-46-GrIFK siirtyy pelattavaksi 15.2.\"><time class='av-magazine-time updated'  itemprop=\"datePublished\" datetime=\"2025-01-13T09:12:15+02:00\" >13.1.2025<\/time><h3 class='av-magazine-title entry-title '  itemprop=\"headline\" ><a href='https:\/\/aktialiiga.fi\/miehet\/ajankohtaista\/bk-46-grifk-siirtyy-pelattavaksi-15-2\/' title='Linkki: BK-46-GrIFK siirtyy pelattavaksi 15.2.'>BK-46-GrIFK siirtyy pelattavaksi 15.2.<\/a><\/h3><\/header><\/div><footer class=\"entry-footer\"><\/footer><\/article><article class='av-magazine-entry av-magazine-entry-id-62449 av-magazine-format-standard av-magazine-type-post av-magazine-entry-5 av-magazine-entry-small av-magazine-no-thumb'  itemscope=\"itemscope\" itemtype=\"https:\/\/schema.org\/BlogPosting\" itemprop=\"blogPost\" ><div class=\"av-magazine-content-wrap\"><header class=\"entry-content-header\" aria-label=\"Post: BK-46 euromenestys siirt\u00e4\u00e4 kahden ottelun ajankohtaa kev\u00e4tkaudella\"><time class='av-magazine-time updated'  itemprop=\"datePublished\" datetime=\"2024-12-16T14:35:20+02:00\" >16.12.2024<\/time><h3 class='av-magazine-title entry-title '  itemprop=\"headline\" ><a href='https:\/\/aktialiiga.fi\/miehet\/ajankohtaista\/bk-46-euromenestys-siirtaa-kahden-ottelun-ajankohtaa-kevatkaudella\/' title='Linkki: BK-46 euromenestys siirt\u00e4\u00e4 kahden ottelun ajankohtaa kev\u00e4tkaudella'>BK-46 euromenestys siirt\u00e4\u00e4 kahden ottelun ajankohtaa kev\u00e4tkaudella<\/a><\/h3><\/header><\/div><footer class=\"entry-footer\"><\/footer><\/article><article class='av-magazine-entry av-magazine-entry-id-62340 av-magazine-format-standard av-magazine-type-post av-magazine-entry-6 av-magazine-entry-small av-magazine-no-thumb'  itemscope=\"itemscope\" itemtype=\"https:\/\/schema.org\/BlogPosting\" itemprop=\"blogPost\" ><div class=\"av-magazine-content-wrap\"><header class=\"entry-content-header\" aria-label=\"Post: BK-46:lle vastustaja Romaniasta eurokentill\u00e4\"><time class='av-magazine-time updated'  itemprop=\"datePublished\" datetime=\"2024-12-06T13:18:46+02:00\" >6.12.2024<\/time><h3 class='av-magazine-title entry-title '  itemprop=\"headline\" ><a href='https:\/\/aktialiiga.fi\/miehet\/ajankohtaista\/bk-46lle-vastustaja-romaniasta-eurokentilla\/' title='Linkki: BK-46:lle vastustaja Romaniasta eurokentill\u00e4'>BK-46:lle vastustaja Romaniasta eurokentill\u00e4<\/a><\/h3><\/header><\/div><footer class=\"entry-footer\"><\/footer><\/article><article class='av-magazine-entry av-magazine-entry-id-62277 av-magazine-format-standard av-magazine-type-post av-magazine-entry-7 av-magazine-entry-small av-magazine-no-thumb'  itemscope=\"itemscope\" itemtype=\"https:\/\/schema.org\/BlogPosting\" itemprop=\"blogPost\" ><div class=\"av-magazine-content-wrap\"><header class=\"entry-content-header\" aria-label=\"Post: Komea loppuveto vei BK-46:n jatkoon eurokentill\u00e4\"><time class='av-magazine-time updated'  itemprop=\"datePublished\" datetime=\"2024-11-30T17:51:29+02:00\" >30.11.2024<\/time><h3 class='av-magazine-title entry-title '  itemprop=\"headline\" ><a href='https:\/\/aktialiiga.fi\/miehet\/2024-2025\/ottelut-2024-25\/komea-loppuveto-vei-bk-46n-jatkoon-eurokentilla\/' title='Linkki: Komea loppuveto vei BK-46:n jatkoon eurokentill\u00e4'>Komea loppuveto vei BK-46:n jatkoon eurokentill\u00e4<\/a><\/h3><\/header><\/div><footer class=\"entry-footer\"><\/footer><\/article><article class='av-magazine-entry av-magazine-entry-id-62255 av-magazine-format-standard av-magazine-type-post av-magazine-entry-8 av-magazine-entry-small av-magazine-no-thumb'  itemscope=\"itemscope\" itemtype=\"https:\/\/schema.org\/BlogPosting\" itemprop=\"blogPost\" ><div class=\"av-magazine-content-wrap\"><header class=\"entry-content-header\" aria-label=\"Post: Marraskuun viimeiset kamppailut viikonloppuna\"><time class='av-magazine-time updated'  itemprop=\"datePublished\" datetime=\"2024-11-28T14:39:49+02:00\" >28.11.2024<\/time><h3 class='av-magazine-title entry-title '  itemprop=\"headline\" ><a href='https:\/\/aktialiiga.fi\/miehet\/2024-2025\/ennakot-2024-25\/marraskuun-viimeiset-kamppailut-viikonloppuna\/' title='Linkki: Marraskuun viimeiset kamppailut viikonloppuna'>Marraskuun viimeiset kamppailut viikonloppuna<\/a><\/h3><\/header><\/div><footer class=\"entry-footer\"><\/footer><\/article><article class='av-magazine-entry av-magazine-entry-id-62235 av-magazine-format-standard av-magazine-type-post av-magazine-entry-9 av-magazine-entry-small av-magazine-no-thumb'  itemscope=\"itemscope\" itemtype=\"https:\/\/schema.org\/BlogPosting\" itemprop=\"blogPost\" ><div class=\"av-magazine-content-wrap\"><header class=\"entry-content-header\" aria-label=\"Post: BK-46 haki etuly\u00f6ntiaseman Slovakiasta\"><time class='av-magazine-time updated'  itemprop=\"datePublished\" datetime=\"2024-11-23T20:35:38+02:00\" >23.11.2024<\/time><h3 class='av-magazine-title entry-title '  itemprop=\"headline\" ><a href='https:\/\/aktialiiga.fi\/miehet\/2024-2025\/ottelut-2024-25\/bk-46-haki-etulyontiaseman-slovakiasta\/' title='Linkki: BK-46 haki etuly\u00f6ntiaseman Slovakiasta'>BK-46 haki etuly\u00f6ntiaseman Slovakiasta<\/a><\/h3><\/header><\/div><footer class=\"entry-footer\"><\/footer><\/article><article class='av-magazine-entry av-magazine-entry-id-62219 av-magazine-format-standard av-magazine-type-post av-magazine-entry-10 av-magazine-entry-small av-magazine-no-thumb'  itemscope=\"itemscope\" itemtype=\"https:\/\/schema.org\/BlogPosting\" itemprop=\"blogPost\" ><div class=\"av-magazine-content-wrap\"><header class=\"entry-content-header\" aria-label=\"Post: Aktialiigaa perjantaina, eurocupia lauantaina\"><time class='av-magazine-time updated'  itemprop=\"datePublished\" datetime=\"2024-11-21T14:57:36+02:00\" >21.11.2024<\/time><h3 class='av-magazine-title entry-title '  itemprop=\"headline\" ><a href='https:\/\/aktialiiga.fi\/miehet\/2024-2025\/ennakot-2024-25\/aktialiigaa-perjantaina-eurocupia-lauantaina\/' title='Linkki: Aktialiigaa perjantaina, eurocupia lauantaina'>Aktialiigaa perjantaina, eurocupia lauantaina<\/a><\/h3><\/header><\/div><footer class=\"entry-footer\"><\/footer><\/article><article class='av-magazine-entry av-magazine-entry-id-61993 av-magazine-format-standard av-magazine-type-post av-magazine-entry-11 av-magazine-entry-small av-magazine-no-thumb'  itemscope=\"itemscope\" itemtype=\"https:\/\/schema.org\/BlogPosting\" itemprop=\"blogPost\" ><div class=\"av-magazine-content-wrap\"><header class=\"entry-content-header\" aria-label=\"Post: BK-46:lle slovakialaisvastustaja European Cupissa\"><time class='av-magazine-time updated'  itemprop=\"datePublished\" datetime=\"2024-10-30T11:24:59+02:00\" >30.10.2024<\/time><h3 class='av-magazine-title entry-title '  itemprop=\"headline\" ><a href='https:\/\/aktialiiga.fi\/miehet\/ajankohtaista\/bk-46lle-slovakialaisvastustaja-european-cupissa\/' title='Linkki: BK-46:lle slovakialaisvastustaja European Cupissa'>BK-46:lle slovakialaisvastustaja European Cupissa<\/a><\/h3><\/header><\/div><footer class=\"entry-footer\"><\/footer><\/article><article class='av-magazine-entry av-magazine-entry-id-61975 av-magazine-format-standard av-magazine-type-post av-magazine-entry-12 av-magazine-entry-small av-magazine-no-thumb'  itemscope=\"itemscope\" itemtype=\"https:\/\/schema.org\/BlogPosting\" itemprop=\"blogPost\" ><div class=\"av-magazine-content-wrap\"><header class=\"entry-content-header\" aria-label=\"Post: BK-46 haki voiton Tshekist\u00e4 ja eteni komeasti jatkoon\"><time class='av-magazine-time updated'  itemprop=\"datePublished\" datetime=\"2024-10-27T19:59:26+02:00\" >27.10.2024<\/time><h3 class='av-magazine-title entry-title '  itemprop=\"headline\" ><a href='https:\/\/aktialiiga.fi\/miehet\/2024-2025\/ottelut-2024-25\/bk-46-haki-voiton-tshekista-ja-eteni-komeasti-jatkoon\/' title='Linkki: BK-46 haki voiton Tshekist\u00e4 ja eteni komeasti jatkoon'>BK-46 haki voiton Tshekist\u00e4 ja eteni komeasti jatkoon<\/a><\/h3><\/header><\/div><footer class=\"entry-footer\"><\/footer><\/article><article class='av-magazine-entry av-magazine-entry-id-61971 av-magazine-format-standard av-magazine-type-post av-magazine-entry-13 av-magazine-entry-small av-magazine-no-thumb'  itemscope=\"itemscope\" itemtype=\"https:\/\/schema.org\/BlogPosting\" itemprop=\"blogPost\" ><div class=\"av-magazine-content-wrap\"><header class=\"entry-content-header\" aria-label=\"Post: Cocks taipui taistellen Haukarille eurokentill\u00e4\"><time class='av-magazine-time updated'  itemprop=\"datePublished\" datetime=\"2024-10-26T22:43:49+03:00\" >26.10.2024<\/time><h3 class='av-magazine-title entry-title '  itemprop=\"headline\" ><a href='https:\/\/aktialiiga.fi\/miehet\/2024-2025\/ottelut-2024-25\/cocks-taipui-taistellen-haukarille-eurokentilla\/' title='Linkki: Cocks taipui taistellen Haukarille eurokentill\u00e4'>Cocks taipui taistellen Haukarille eurokentill\u00e4<\/a><\/h3><\/header><\/div><footer class=\"entry-footer\"><\/footer><\/article><article class='av-magazine-entry av-magazine-entry-id-61947 av-magazine-format-standard av-magazine-type-post av-magazine-entry-14 av-magazine-entry-small av-magazine-no-thumb'  itemscope=\"itemscope\" itemtype=\"https:\/\/schema.org\/BlogPosting\" itemprop=\"blogPost\" ><div class=\"av-magazine-content-wrap\"><header class=\"entry-content-header\" aria-label=\"Post: Aktialiigaa ja eurocupeja viikonloppuna\"><time class='av-magazine-time updated'  itemprop=\"datePublished\" datetime=\"2024-10-25T13:07:20+03:00\" >25.10.2024<\/time><h3 class='av-magazine-title entry-title '  itemprop=\"headline\" ><a href='https:\/\/aktialiiga.fi\/miehet\/2024-2025\/ennakot-2024-25\/aktialiigaa-ja-eurocupeja-viikonloppuna\/' title='Linkki: Aktialiigaa ja eurocupeja viikonloppuna'>Aktialiigaa ja eurocupeja viikonloppuna<\/a><\/h3><\/header><\/div><footer class=\"entry-footer\"><\/footer><\/article><article class='av-magazine-entry av-magazine-entry-id-61927 av-magazine-format-standard av-magazine-type-post av-magazine-entry-15 av-magazine-entry-small av-magazine-no-thumb'  itemscope=\"itemscope\" itemtype=\"https:\/\/schema.org\/BlogPosting\" itemprop=\"blogPost\" ><div class=\"av-magazine-content-wrap\"><header class=\"entry-content-header\" aria-label=\"Post: Cocksille j\u00e4i kova teht\u00e4v\u00e4 kotiotteluun eurokentill\u00e4\"><time class='av-magazine-time updated'  itemprop=\"datePublished\" datetime=\"2024-10-20T22:37:01+03:00\" >20.10.2024<\/time><h3 class='av-magazine-title entry-title '  itemprop=\"headline\" ><a href='https:\/\/aktialiiga.fi\/miehet\/2024-2025\/ottelut-2024-25\/cocksille-jai-kova-tehtava-kotiotteluun-eurokentilla\/' title='Linkki: Cocksille j\u00e4i kova teht\u00e4v\u00e4 kotiotteluun eurokentill\u00e4'>Cocksille j\u00e4i kova teht\u00e4v\u00e4 kotiotteluun eurokentill\u00e4<\/a><\/h3><\/header><\/div><footer class=\"entry-footer\"><\/footer><\/article><article class='av-magazine-entry av-magazine-entry-id-61917 av-magazine-format-standard av-magazine-type-post av-magazine-entry-16 av-magazine-entry-small av-magazine-no-thumb'  itemscope=\"itemscope\" itemtype=\"https:\/\/schema.org\/BlogPosting\" itemprop=\"blogPost\" ><div class=\"av-magazine-content-wrap\"><header class=\"entry-content-header\" aria-label=\"Post: BK-46 hankki komean etumatkan EHF European Cupin avauksessa\"><time class='av-magazine-time updated'  itemprop=\"datePublished\" datetime=\"2024-10-20T18:36:38+03:00\" >20.10.2024<\/time><h3 class='av-magazine-title entry-title '  itemprop=\"headline\" ><a href='https:\/\/aktialiiga.fi\/miehet\/2024-2025\/ottelut-2024-25\/bk-46-hankki-komean-etumatkan-ehf-european-cupin-avauksessa\/' title='Linkki: BK-46 hankki komean etumatkan EHF European Cupin avauksessa'>BK-46 hankki komean etumatkan EHF European Cupin avauksessa<\/a><\/h3><\/header><\/div><footer class=\"entry-footer\"><\/footer><\/article><article class='av-magazine-entry av-magazine-entry-id-61885 av-magazine-format-standard av-magazine-type-post av-magazine-entry-17 av-magazine-entry-small av-magazine-no-thumb'  itemscope=\"itemscope\" itemtype=\"https:\/\/schema.org\/BlogPosting\" itemprop=\"blogPost\" ><div class=\"av-magazine-content-wrap\"><header class=\"entry-content-header\" aria-label=\"Post: Eurocupit k\u00e4yntiin BK-46:n ja Cocksin osalta sunnuntaina\"><time class='av-magazine-time updated'  itemprop=\"datePublished\" datetime=\"2024-10-18T10:09:48+03:00\" >18.10.2024<\/time><h3 class='av-magazine-title entry-title '  itemprop=\"headline\" ><a href='https:\/\/aktialiiga.fi\/miehet\/2024-2025\/ennakot-2024-25\/eurocupit-kayntiin-bk-46n-ja-cocksin-osalta-sunnuntaina\/' title='Linkki: Eurocupit k\u00e4yntiin BK-46:n ja Cocksin osalta sunnuntaina'>Eurocupit k\u00e4yntiin BK-46:n ja Cocksin osalta sunnuntaina<\/a><\/h3><\/header><\/div><footer class=\"entry-footer\"><\/footer><\/article><\/div><\/div>\n","protected":false},"excerpt":{"rendered":"<p>EHF European Cupin otteluohjelma ja -tulokset<\/p>\n","protected":false},"author":13,"featured_media":43413,"comment_status":"closed","ping_status":"open","sticky":false,"template":"","format":"standard","meta":{"_acf_changed":false,"jetpack_post_was_ever_published":false,"_jetpack_newsletter_access":"","_jetpack_dont_email_post_to_subs":false,"_jetpack_newsletter_tier_id":0,"_jetpack_memberships_contains_paywalled_content":false,"_jetpack_memberships_contains_paid_content":false,"footnotes":""},"categories":[317,318],"tags":[56,57,251],"class_list":["post-57695","post","type-post","status-publish","format-standard","has-post-thumbnail","hentry","category-2024-2025","category-nain-pelataan-2024-25","tag-bk-46","tag-cocks","tag-ehf-european-cup"],"acf":[],"yoast_head":"<!-- This site is optimized with the Yoast SEO plugin v27.5 - https:\/\/yoast.com\/product\/yoast-seo-wordpress\/ -->\n<title>EHF European Cup 2024-2025 | K\u00e4sipallon miesten Aktialiiga<\/title>\n<meta name=\"robots\" content=\"index, follow, max-snippet:-1, max-image-preview:large, max-video-preview:-1\" \/>\n<link rel=\"canonical\" href=\"https:\/\/aktialiiga.fi\/miehet\/2024-2025\/ehf-european-cup-2024-2025\/\" \/>\n<meta property=\"og:locale\" content=\"fi_FI\" \/>\n<meta property=\"og:type\" content=\"article\" \/>\n<meta property=\"og:title\" content=\"EHF European Cup 2024-2025 | K\u00e4sipallon miesten Aktialiiga\" \/>\n<meta property=\"og:description\" content=\"EHF European Cupin otteluohjelma ja -tulokset\" \/>\n<meta property=\"og:url\" content=\"https:\/\/aktialiiga.fi\/miehet\/2024-2025\/ehf-european-cup-2024-2025\/\" \/>\n<meta property=\"og:site_name\" content=\"K\u00e4sipallon miesten Aktialiiga\" \/>\n<meta property=\"article:publisher\" content=\"https:\/\/www.facebook.com\/finnhandball\" \/>\n<meta property=\"article:published_time\" content=\"2024-05-27T11:36:04+00:00\" \/>\n<meta property=\"article:modified_time\" content=\"2025-06-04T13:09:53+00:00\" \/>\n<meta property=\"og:image\" content=\"https:\/\/i0.wp.com\/aktialiiga.fi\/miehet\/wp-content\/uploads\/sites\/5\/2023\/09\/EHF-European-Cup-500.png?fit=500%2C500&ssl=1\" \/>\n\t<meta property=\"og:image:width\" content=\"500\" \/>\n\t<meta property=\"og:image:height\" content=\"500\" \/>\n\t<meta property=\"og:image:type\" content=\"image\/png\" \/>\n<meta name=\"author\" content=\"tbrmedia\" \/>\n<meta name=\"twitter:card\" content=\"summary_large_image\" \/>\n<meta name=\"twitter:creator\" content=\"@finnhandball\" \/>\n<meta name=\"twitter:site\" content=\"@finnhandball\" \/>\n<script type=\"application\/ld+json\" class=\"yoast-schema-graph\">{\"@context\":\"https:\\\/\\\/schema.org\",\"@graph\":[{\"@type\":\"Article\",\"@id\":\"https:\\\/\\\/aktialiiga.fi\\\/miehet\\\/2024-2025\\\/ehf-european-cup-2024-2025\\\/#article\",\"isPartOf\":{\"@id\":\"https:\\\/\\\/aktialiiga.fi\\\/miehet\\\/2024-2025\\\/ehf-european-cup-2024-2025\\\/\"},\"author\":{\"name\":\"tbrmedia\",\"@id\":\"https:\\\/\\\/aktialiiga.fi\\\/miehet\\\/#\\\/schema\\\/person\\\/c14bf42f47041db74603c45afcb18d87\"},\"headline\":\"EHF European Cup 2024-2025\",\"datePublished\":\"2024-05-27T11:36:04+00:00\",\"dateModified\":\"2025-06-04T13:09:53+00:00\",\"mainEntityOfPage\":{\"@id\":\"https:\\\/\\\/aktialiiga.fi\\\/miehet\\\/2024-2025\\\/ehf-european-cup-2024-2025\\\/\"},\"wordCount\":94,\"publisher\":{\"@id\":\"https:\\\/\\\/aktialiiga.fi\\\/miehet\\\/#organization\"},\"image\":{\"@id\":\"https:\\\/\\\/aktialiiga.fi\\\/miehet\\\/2024-2025\\\/ehf-european-cup-2024-2025\\\/#primaryimage\"},\"thumbnailUrl\":\"https:\\\/\\\/i0.wp.com\\\/aktialiiga.fi\\\/miehet\\\/wp-content\\\/uploads\\\/sites\\\/5\\\/2023\\\/09\\\/EHF-European-Cup-500.png?fit=500%2C500&ssl=1\",\"keywords\":[\"BK-46\",\"Cocks\",\"EHF European Cup\"],\"articleSection\":[\"Kausi 2024-2025\",\"N\u00e4in pelataan\"],\"inLanguage\":\"fi\"},{\"@type\":\"WebPage\",\"@id\":\"https:\\\/\\\/aktialiiga.fi\\\/miehet\\\/2024-2025\\\/ehf-european-cup-2024-2025\\\/\",\"url\":\"https:\\\/\\\/aktialiiga.fi\\\/miehet\\\/2024-2025\\\/ehf-european-cup-2024-2025\\\/\",\"name\":\"EHF European Cup 2024-2025 | K\u00e4sipallon miesten Aktialiiga\",\"isPartOf\":{\"@id\":\"https:\\\/\\\/aktialiiga.fi\\\/miehet\\\/#website\"},\"primaryImageOfPage\":{\"@id\":\"https:\\\/\\\/aktialiiga.fi\\\/miehet\\\/2024-2025\\\/ehf-european-cup-2024-2025\\\/#primaryimage\"},\"image\":{\"@id\":\"https:\\\/\\\/aktialiiga.fi\\\/miehet\\\/2024-2025\\\/ehf-european-cup-2024-2025\\\/#primaryimage\"},\"thumbnailUrl\":\"https:\\\/\\\/i0.wp.com\\\/aktialiiga.fi\\\/miehet\\\/wp-content\\\/uploads\\\/sites\\\/5\\\/2023\\\/09\\\/EHF-European-Cup-500.png?fit=500%2C500&ssl=1\",\"datePublished\":\"2024-05-27T11:36:04+00:00\",\"dateModified\":\"2025-06-04T13:09:53+00:00\",\"breadcrumb\":{\"@id\":\"https:\\\/\\\/aktialiiga.fi\\\/miehet\\\/2024-2025\\\/ehf-european-cup-2024-2025\\\/#breadcrumb\"},\"inLanguage\":\"fi\",\"potentialAction\":[{\"@type\":\"ReadAction\",\"target\":[\"https:\\\/\\\/aktialiiga.fi\\\/miehet\\\/2024-2025\\\/ehf-european-cup-2024-2025\\\/\"]}]},{\"@type\":\"ImageObject\",\"inLanguage\":\"fi\",\"@id\":\"https:\\\/\\\/aktialiiga.fi\\\/miehet\\\/2024-2025\\\/ehf-european-cup-2024-2025\\\/#primaryimage\",\"url\":\"https:\\\/\\\/i0.wp.com\\\/aktialiiga.fi\\\/miehet\\\/wp-content\\\/uploads\\\/sites\\\/5\\\/2023\\\/09\\\/EHF-European-Cup-500.png?fit=500%2C500&ssl=1\",\"contentUrl\":\"https:\\\/\\\/i0.wp.com\\\/aktialiiga.fi\\\/miehet\\\/wp-content\\\/uploads\\\/sites\\\/5\\\/2023\\\/09\\\/EHF-European-Cup-500.png?fit=500%2C500&ssl=1\",\"width\":500,\"height\":500},{\"@type\":\"BreadcrumbList\",\"@id\":\"https:\\\/\\\/aktialiiga.fi\\\/miehet\\\/2024-2025\\\/ehf-european-cup-2024-2025\\\/#breadcrumb\",\"itemListElement\":[{\"@type\":\"ListItem\",\"position\":1,\"name\":\"Etusivu\",\"item\":\"https:\\\/\\\/aktialiiga.fi\\\/miehet\\\/\"},{\"@type\":\"ListItem\",\"position\":2,\"name\":\"EHF European Cup 2024-2025\"}]},{\"@type\":\"WebSite\",\"@id\":\"https:\\\/\\\/aktialiiga.fi\\\/miehet\\\/#website\",\"url\":\"https:\\\/\\\/aktialiiga.fi\\\/miehet\\\/\",\"name\":\"K\u00e4sipallon miesten Aktialiiga\",\"description\":\"Valtakunnan vauhdikkainta palloilua!\",\"publisher\":{\"@id\":\"https:\\\/\\\/aktialiiga.fi\\\/miehet\\\/#organization\"},\"potentialAction\":[{\"@type\":\"SearchAction\",\"target\":{\"@type\":\"EntryPoint\",\"urlTemplate\":\"https:\\\/\\\/aktialiiga.fi\\\/miehet\\\/?s={search_term_string}\"},\"query-input\":{\"@type\":\"PropertyValueSpecification\",\"valueRequired\":true,\"valueName\":\"search_term_string\"}}],\"inLanguage\":\"fi\"},{\"@type\":\"Organization\",\"@id\":\"https:\\\/\\\/aktialiiga.fi\\\/miehet\\\/#organization\",\"name\":\"K\u00e4sipallon miesten Aktialiiga\",\"url\":\"https:\\\/\\\/aktialiiga.fi\\\/miehet\\\/\",\"logo\":{\"@type\":\"ImageObject\",\"inLanguage\":\"fi\",\"@id\":\"https:\\\/\\\/aktialiiga.fi\\\/miehet\\\/#\\\/schema\\\/logo\\\/image\\\/\",\"url\":\"https:\\\/\\\/i0.wp.com\\\/aktialiiga.fi\\\/miehet\\\/wp-content\\\/uploads\\\/sites\\\/5\\\/2024\\\/09\\\/Aktialiiga-Yoast-512.png?fit=512%2C512&ssl=1\",\"contentUrl\":\"https:\\\/\\\/i0.wp.com\\\/aktialiiga.fi\\\/miehet\\\/wp-content\\\/uploads\\\/sites\\\/5\\\/2024\\\/09\\\/Aktialiiga-Yoast-512.png?fit=512%2C512&ssl=1\",\"width\":512,\"height\":512,\"caption\":\"K\u00e4sipallon miesten Aktialiiga\"},\"image\":{\"@id\":\"https:\\\/\\\/aktialiiga.fi\\\/miehet\\\/#\\\/schema\\\/logo\\\/image\\\/\"},\"sameAs\":[\"https:\\\/\\\/www.facebook.com\\\/finnhandball\",\"https:\\\/\\\/x.com\\\/finnhandball\",\"https:\\\/\\\/www.instagram.com\\\/handballfinland\\\/\"]},{\"@type\":\"Person\",\"@id\":\"https:\\\/\\\/aktialiiga.fi\\\/miehet\\\/#\\\/schema\\\/person\\\/c14bf42f47041db74603c45afcb18d87\",\"name\":\"tbrmedia\",\"image\":{\"@type\":\"ImageObject\",\"inLanguage\":\"fi\",\"@id\":\"https:\\\/\\\/secure.gravatar.com\\\/avatar\\\/ee975fa091fe581d12b60debb3439022686618368a7c142044c56724d4666b16?s=96&d=mm&r=g\",\"url\":\"https:\\\/\\\/secure.gravatar.com\\\/avatar\\\/ee975fa091fe581d12b60debb3439022686618368a7c142044c56724d4666b16?s=96&d=mm&r=g\",\"contentUrl\":\"https:\\\/\\\/secure.gravatar.com\\\/avatar\\\/ee975fa091fe581d12b60debb3439022686618368a7c142044c56724d4666b16?s=96&d=mm&r=g\",\"caption\":\"tbrmedia\"}}]}<\/script>\n<!-- \/ Yoast SEO plugin. -->","yoast_head_json":{"title":"EHF European Cup 2024-2025 | K\u00e4sipallon miesten Aktialiiga","robots":{"index":"index","follow":"follow","max-snippet":"max-snippet:-1","max-image-preview":"max-image-preview:large","max-video-preview":"max-video-preview:-1"},"canonical":"https:\/\/aktialiiga.fi\/miehet\/2024-2025\/ehf-european-cup-2024-2025\/","og_locale":"fi_FI","og_type":"article","og_title":"EHF European Cup 2024-2025 | K\u00e4sipallon miesten Aktialiiga","og_description":"EHF European Cupin otteluohjelma ja -tulokset","og_url":"https:\/\/aktialiiga.fi\/miehet\/2024-2025\/ehf-european-cup-2024-2025\/","og_site_name":"K\u00e4sipallon miesten Aktialiiga","article_publisher":"https:\/\/www.facebook.com\/finnhandball","article_published_time":"2024-05-27T11:36:04+00:00","article_modified_time":"2025-06-04T13:09:53+00:00","og_image":[{"width":500,"height":500,"url":"https:\/\/i0.wp.com\/aktialiiga.fi\/miehet\/wp-content\/uploads\/sites\/5\/2023\/09\/EHF-European-Cup-500.png?fit=500%2C500&ssl=1","type":"image\/png"}],"author":"tbrmedia","twitter_card":"summary_large_image","twitter_creator":"@finnhandball","twitter_site":"@finnhandball","schema":{"@context":"https:\/\/schema.org","@graph":[{"@type":"Article","@id":"https:\/\/aktialiiga.fi\/miehet\/2024-2025\/ehf-european-cup-2024-2025\/#article","isPartOf":{"@id":"https:\/\/aktialiiga.fi\/miehet\/2024-2025\/ehf-european-cup-2024-2025\/"},"author":{"name":"tbrmedia","@id":"https:\/\/aktialiiga.fi\/miehet\/#\/schema\/person\/c14bf42f47041db74603c45afcb18d87"},"headline":"EHF European Cup 2024-2025","datePublished":"2024-05-27T11:36:04+00:00","dateModified":"2025-06-04T13:09:53+00:00","mainEntityOfPage":{"@id":"https:\/\/aktialiiga.fi\/miehet\/2024-2025\/ehf-european-cup-2024-2025\/"},"wordCount":94,"publisher":{"@id":"https:\/\/aktialiiga.fi\/miehet\/#organization"},"image":{"@id":"https:\/\/aktialiiga.fi\/miehet\/2024-2025\/ehf-european-cup-2024-2025\/#primaryimage"},"thumbnailUrl":"https:\/\/i0.wp.com\/aktialiiga.fi\/miehet\/wp-content\/uploads\/sites\/5\/2023\/09\/EHF-European-Cup-500.png?fit=500%2C500&ssl=1","keywords":["BK-46","Cocks","EHF European Cup"],"articleSection":["Kausi 2024-2025","N\u00e4in pelataan"],"inLanguage":"fi"},{"@type":"WebPage","@id":"https:\/\/aktialiiga.fi\/miehet\/2024-2025\/ehf-european-cup-2024-2025\/","url":"https:\/\/aktialiiga.fi\/miehet\/2024-2025\/ehf-european-cup-2024-2025\/","name":"EHF European Cup 2024-2025 | K\u00e4sipallon miesten Aktialiiga","isPartOf":{"@id":"https:\/\/aktialiiga.fi\/miehet\/#website"},"primaryImageOfPage":{"@id":"https:\/\/aktialiiga.fi\/miehet\/2024-2025\/ehf-european-cup-2024-2025\/#primaryimage"},"image":{"@id":"https:\/\/aktialiiga.fi\/miehet\/2024-2025\/ehf-european-cup-2024-2025\/#primaryimage"},"thumbnailUrl":"https:\/\/i0.wp.com\/aktialiiga.fi\/miehet\/wp-content\/uploads\/sites\/5\/2023\/09\/EHF-European-Cup-500.png?fit=500%2C500&ssl=1","datePublished":"2024-05-27T11:36:04+00:00","dateModified":"2025-06-04T13:09:53+00:00","breadcrumb":{"@id":"https:\/\/aktialiiga.fi\/miehet\/2024-2025\/ehf-european-cup-2024-2025\/#breadcrumb"},"inLanguage":"fi","potentialAction":[{"@type":"ReadAction","target":["https:\/\/aktialiiga.fi\/miehet\/2024-2025\/ehf-european-cup-2024-2025\/"]}]},{"@type":"ImageObject","inLanguage":"fi","@id":"https:\/\/aktialiiga.fi\/miehet\/2024-2025\/ehf-european-cup-2024-2025\/#primaryimage","url":"https:\/\/i0.wp.com\/aktialiiga.fi\/miehet\/wp-content\/uploads\/sites\/5\/2023\/09\/EHF-European-Cup-500.png?fit=500%2C500&ssl=1","contentUrl":"https:\/\/i0.wp.com\/aktialiiga.fi\/miehet\/wp-content\/uploads\/sites\/5\/2023\/09\/EHF-European-Cup-500.png?fit=500%2C500&ssl=1","width":500,"height":500},{"@type":"BreadcrumbList","@id":"https:\/\/aktialiiga.fi\/miehet\/2024-2025\/ehf-european-cup-2024-2025\/#breadcrumb","itemListElement":[{"@type":"ListItem","position":1,"name":"Etusivu","item":"https:\/\/aktialiiga.fi\/miehet\/"},{"@type":"ListItem","position":2,"name":"EHF European Cup 2024-2025"}]},{"@type":"WebSite","@id":"https:\/\/aktialiiga.fi\/miehet\/#website","url":"https:\/\/aktialiiga.fi\/miehet\/","name":"K\u00e4sipallon miesten Aktialiiga","description":"Valtakunnan vauhdikkainta palloilua!","publisher":{"@id":"https:\/\/aktialiiga.fi\/miehet\/#organization"},"potentialAction":[{"@type":"SearchAction","target":{"@type":"EntryPoint","urlTemplate":"https:\/\/aktialiiga.fi\/miehet\/?s={search_term_string}"},"query-input":{"@type":"PropertyValueSpecification","valueRequired":true,"valueName":"search_term_string"}}],"inLanguage":"fi"},{"@type":"Organization","@id":"https:\/\/aktialiiga.fi\/miehet\/#organization","name":"K\u00e4sipallon miesten Aktialiiga","url":"https:\/\/aktialiiga.fi\/miehet\/","logo":{"@type":"ImageObject","inLanguage":"fi","@id":"https:\/\/aktialiiga.fi\/miehet\/#\/schema\/logo\/image\/","url":"https:\/\/i0.wp.com\/aktialiiga.fi\/miehet\/wp-content\/uploads\/sites\/5\/2024\/09\/Aktialiiga-Yoast-512.png?fit=512%2C512&ssl=1","contentUrl":"https:\/\/i0.wp.com\/aktialiiga.fi\/miehet\/wp-content\/uploads\/sites\/5\/2024\/09\/Aktialiiga-Yoast-512.png?fit=512%2C512&ssl=1","width":512,"height":512,"caption":"K\u00e4sipallon miesten Aktialiiga"},"image":{"@id":"https:\/\/aktialiiga.fi\/miehet\/#\/schema\/logo\/image\/"},"sameAs":["https:\/\/www.facebook.com\/finnhandball","https:\/\/x.com\/finnhandball","https:\/\/www.instagram.com\/handballfinland\/"]},{"@type":"Person","@id":"https:\/\/aktialiiga.fi\/miehet\/#\/schema\/person\/c14bf42f47041db74603c45afcb18d87","name":"tbrmedia","image":{"@type":"ImageObject","inLanguage":"fi","@id":"https:\/\/secure.gravatar.com\/avatar\/ee975fa091fe581d12b60debb3439022686618368a7c142044c56724d4666b16?s=96&d=mm&r=g","url":"https:\/\/secure.gravatar.com\/avatar\/ee975fa091fe581d12b60debb3439022686618368a7c142044c56724d4666b16?s=96&d=mm&r=g","contentUrl":"https:\/\/secure.gravatar.com\/avatar\/ee975fa091fe581d12b60debb3439022686618368a7c142044c56724d4666b16?s=96&d=mm&r=g","caption":"tbrmedia"}}]}},"jetpack_featured_media_url":"https:\/\/i0.wp.com\/aktialiiga.fi\/miehet\/wp-content\/uploads\/sites\/5\/2023\/09\/EHF-European-Cup-500.png?fit=500%2C500&ssl=1","jetpack_sharing_enabled":true,"jetpack_shortlink":"https:\/\/wp.me\/pfTxOr-f0z","_links":{"self":[{"href":"https:\/\/aktialiiga.fi\/miehet\/wp-json\/wp\/v2\/posts\/57695","targetHints":{"allow":["GET"]}}],"collection":[{"href":"https:\/\/aktialiiga.fi\/miehet\/wp-json\/wp\/v2\/posts"}],"about":[{"href":"https:\/\/aktialiiga.fi\/miehet\/wp-json\/wp\/v2\/types\/post"}],"author":[{"embeddable":true,"href":"https:\/\/aktialiiga.fi\/miehet\/wp-json\/wp\/v2\/users\/13"}],"replies":[{"embeddable":true,"href":"https:\/\/aktialiiga.fi\/miehet\/wp-json\/wp\/v2\/comments?post=57695"}],"version-history":[{"count":3,"href":"https:\/\/aktialiiga.fi\/miehet\/wp-json\/wp\/v2\/posts\/57695\/revisions"}],"predecessor-version":[{"id":61872,"href":"https:\/\/aktialiiga.fi\/miehet\/wp-json\/wp\/v2\/posts\/57695\/revisions\/61872"}],"wp:featuredmedia":[{"embeddable":true,"href":"https:\/\/aktialiiga.fi\/miehet\/wp-json\/wp\/v2\/media\/43413"}],"wp:attachment":[{"href":"https:\/\/aktialiiga.fi\/miehet\/wp-json\/wp\/v2\/media?parent=57695"}],"wp:term":[{"taxonomy":"category","embeddable":true,"href":"https:\/\/aktialiiga.fi\/miehet\/wp-json\/wp\/v2\/categories?post=57695"},{"taxonomy":"post_tag","embeddable":true,"href":"https:\/\/aktialiiga.fi\/miehet\/wp-json\/wp\/v2\/tags?post=57695"}],"curies":[{"name":"wp","href":"https:\/\/api.w.org\/{rel}","templated":true}]}}