{"id":6008,"date":"2013-10-08T21:36:10","date_gmt":"2013-10-08T18:36:10","guid":{"rendered":"http:\/\/www.handisliiga.fi\/?p=6008"},"modified":"2018-04-20T13:03:23","modified_gmt":"2018-04-20T10:03:23","slug":"aifk-ja-akilles-metsastavat-avauspisteitaan","status":"publish","type":"post","link":"https:\/\/aktialiiga.fi\/miehet\/2013-2014\/ennakot-2013-2014\/aifk-ja-akilles-metsastavat-avauspisteitaan\/","title":{"rendered":"\u00c5IFK ja Akilles mets\u00e4st\u00e4v\u00e4t avauspisteit\u00e4\u00e4n"},"content":{"rendered":"<p>Viel\u00e4 pisteitt\u00e4 olevat \u00c5IFK ja Akilles kohtaavat keskiviikkona Samppalinnan palloiluhallissa ja ainakin toisen nollaputki menee n\u00e4in v\u00e4ist\u00e4m\u00e4tt\u00e4 poikki. Ottelu Turussa alkaa kello 18.30.<!--more--><\/p>\n<p>Akilleksella tappioita on alla kaksi ja \u00c5IFK:lle jo kolme. Turkulaisten osalta on kuitenkin hyv\u00e4 huomata, ett\u00e4 vastassa on ollut toistaiseksi viime kauden koko k\u00e4rkikolmikko ja jokaisessa ottelussa \u00c5IFK.lla on ollut omat mahdollisuutensa.<\/p>\n<p>&#8211; Asetelma joukkueessa on erinomainen ja kaikki pelaajat osoittavat todellista intoa ja halua sek\u00e4 harjoituksissa ett\u00e4 otteluissa. Meill\u00e4 on ehdottomasti ollut kovin mahdollinen alku kaudelle, kun katsoo vastustajia, \u00c5IFK-luotsi Ulf Andersson totesi kolmen ottelun avausputken j\u00e4lkeen seuran verkkosivuilla.<\/p>\n<p>&#8211; Olemme vastanneet haasteeseen kuitenkin tavalla, johon voi olla vain tyytyv\u00e4inen. Tietysti haluamme kaikki voittaa otteluita, mutta t\u00e4ss\u00e4 vaiheessa kautta joukkueen tilaa, monia uusia pelaajia ja uutta valmentajaa ajatellen meid\u00e4n t\u00e4ytyy katsoa pidemm\u00e4lle kuin vain yksitt\u00e4isiin tuloksiin.<\/p>\n<p>Andersson uskoo vakaasti, ett\u00e4 tuloksiakin alkaa tulla. Tunnelma joukkueessa luo h\u00e4nen mukaansa hyv\u00e4\u00e4 pohjaa tulevalle.<\/p>\n<p>&#8211; Aina kun tarvitaan kaikki keskittyv\u00e4t olennaiseen, mutta nauru tai pikku kuje ei koskaan ole kaukana. T\u00e4m\u00e4 on ninusta hyv\u00e4 ja luova ymp\u00e4rist\u00f6 pelaajille, jotka haluavat kehitty\u00e4 ja saavuttaa suuria tavoitteita.<\/p>\n<p>Kumpi saa pistesarakkeeseensa ensimm\u00e4isen merkinn\u00e4n, \u00c5IFK vai Akilles? Se selvi\u00e4\u00e4 keskiviikkona.<\/p>\n","protected":false},"excerpt":{"rendered":"<p>Viel\u00e4 pisteitt\u00e4 olevat \u00c5IFK ja Akilles kohtaavat keskiviikkona Samppalinnan palloiluhallissa ja ainakin toisen nollaputki menee n\u00e4in v\u00e4ist\u00e4m\u00e4tt\u00e4 poikki. Ottelu Turussa alkaa kello 18.30.<\/p>\n","protected":false},"author":13,"featured_media":704,"comment_status":"closed","ping_status":"closed","sticky":false,"template":"","format":"standard","meta":{"_acf_changed":false,"jetpack_post_was_ever_published":false,"_jetpack_newsletter_access":"","_jetpack_dont_email_post_to_subs":false,"_jetpack_newsletter_tier_id":0,"_jetpack_memberships_contains_paywalled_content":false,"_jetpack_memberships_contains_paid_content":false,"footnotes":""},"categories":[40],"tags":[50,51],"class_list":["post-6008","post","type-post","status-publish","format-standard","has-post-thumbnail","hentry","category-ennakot-2013-2014","tag-aifk","tag-akilles"],"acf":[],"yoast_head":"<!-- This site is optimized with the Yoast SEO plugin v27.4 - https:\/\/yoast.com\/product\/yoast-seo-wordpress\/ -->\n<title>\u00c5IFK ja Akilles mets\u00e4st\u00e4v\u00e4t avauspisteit\u00e4\u00e4n | K\u00e4sipallon miesten Aktialiiga<\/title>\n<meta name=\"robots\" content=\"index, follow, max-snippet:-1, max-image-preview:large, max-video-preview:-1\" \/>\n<link rel=\"canonical\" href=\"https:\/\/aktialiiga.fi\/miehet\/2013-2014\/ennakot-2013-2014\/aifk-ja-akilles-metsastavat-avauspisteitaan\/\" \/>\n<meta property=\"og:locale\" content=\"fi_FI\" \/>\n<meta property=\"og:type\" content=\"article\" \/>\n<meta property=\"og:title\" content=\"\u00c5IFK ja Akilles mets\u00e4st\u00e4v\u00e4t avauspisteit\u00e4\u00e4n | K\u00e4sipallon miesten Aktialiiga\" \/>\n<meta property=\"og:description\" content=\"Viel\u00e4 pisteitt\u00e4 olevat \u00c5IFK ja Akilles kohtaavat keskiviikkona Samppalinnan palloiluhallissa ja ainakin toisen nollaputki menee n\u00e4in v\u00e4ist\u00e4m\u00e4tt\u00e4 poikki. Ottelu Turussa alkaa kello 18.30.\" \/>\n<meta property=\"og:url\" content=\"https:\/\/aktialiiga.fi\/miehet\/2013-2014\/ennakot-2013-2014\/aifk-ja-akilles-metsastavat-avauspisteitaan\/\" \/>\n<meta property=\"og:site_name\" content=\"K\u00e4sipallon miesten Aktialiiga\" \/>\n<meta property=\"article:publisher\" content=\"https:\/\/www.facebook.com\/finnhandball\" \/>\n<meta property=\"article:published_time\" content=\"2013-10-08T18:36:10+00:00\" \/>\n<meta property=\"article:modified_time\" content=\"2018-04-20T10:03:23+00:00\" \/>\n<meta property=\"og:image\" content=\"https:\/\/i0.wp.com\/aktialiiga.fi\/miehet\/wp-content\/uploads\/sites\/5\/2011\/10\/liigalogo-ennakko-e1332704142716.png?fit=105%2C121&ssl=1\" \/>\n\t<meta property=\"og:image:width\" content=\"105\" \/>\n\t<meta property=\"og:image:height\" content=\"121\" \/>\n\t<meta property=\"og:image:type\" content=\"image\/png\" \/>\n<meta name=\"author\" content=\"tbrmedia\" \/>\n<meta name=\"twitter:card\" content=\"summary_large_image\" \/>\n<meta name=\"twitter:creator\" content=\"@finnhandball\" \/>\n<meta name=\"twitter:site\" content=\"@finnhandball\" \/>\n<script type=\"application\/ld+json\" class=\"yoast-schema-graph\">{\"@context\":\"https:\\\/\\\/schema.org\",\"@graph\":[{\"@type\":\"Article\",\"@id\":\"https:\\\/\\\/aktialiiga.fi\\\/miehet\\\/2013-2014\\\/ennakot-2013-2014\\\/aifk-ja-akilles-metsastavat-avauspisteitaan\\\/#article\",\"isPartOf\":{\"@id\":\"https:\\\/\\\/aktialiiga.fi\\\/miehet\\\/2013-2014\\\/ennakot-2013-2014\\\/aifk-ja-akilles-metsastavat-avauspisteitaan\\\/\"},\"author\":{\"name\":\"tbrmedia\",\"@id\":\"https:\\\/\\\/aktialiiga.fi\\\/miehet\\\/#\\\/schema\\\/person\\\/c14bf42f47041db74603c45afcb18d87\"},\"headline\":\"\u00c5IFK ja Akilles mets\u00e4st\u00e4v\u00e4t avauspisteit\u00e4\u00e4n\",\"datePublished\":\"2013-10-08T18:36:10+00:00\",\"dateModified\":\"2018-04-20T10:03:23+00:00\",\"mainEntityOfPage\":{\"@id\":\"https:\\\/\\\/aktialiiga.fi\\\/miehet\\\/2013-2014\\\/ennakot-2013-2014\\\/aifk-ja-akilles-metsastavat-avauspisteitaan\\\/\"},\"wordCount\":215,\"publisher\":{\"@id\":\"https:\\\/\\\/aktialiiga.fi\\\/miehet\\\/#organization\"},\"image\":{\"@id\":\"https:\\\/\\\/aktialiiga.fi\\\/miehet\\\/2013-2014\\\/ennakot-2013-2014\\\/aifk-ja-akilles-metsastavat-avauspisteitaan\\\/#primaryimage\"},\"thumbnailUrl\":\"https:\\\/\\\/i0.wp.com\\\/aktialiiga.fi\\\/miehet\\\/wp-content\\\/uploads\\\/sites\\\/5\\\/2011\\\/10\\\/liigalogo-ennakko-e1332704142716.png?fit=105%2C121&ssl=1\",\"keywords\":[\"\u00c5IFK\",\"Akilles\"],\"articleSection\":[\"Ennakot\"],\"inLanguage\":\"fi\"},{\"@type\":\"WebPage\",\"@id\":\"https:\\\/\\\/aktialiiga.fi\\\/miehet\\\/2013-2014\\\/ennakot-2013-2014\\\/aifk-ja-akilles-metsastavat-avauspisteitaan\\\/\",\"url\":\"https:\\\/\\\/aktialiiga.fi\\\/miehet\\\/2013-2014\\\/ennakot-2013-2014\\\/aifk-ja-akilles-metsastavat-avauspisteitaan\\\/\",\"name\":\"\u00c5IFK ja Akilles mets\u00e4st\u00e4v\u00e4t avauspisteit\u00e4\u00e4n | K\u00e4sipallon miesten Aktialiiga\",\"isPartOf\":{\"@id\":\"https:\\\/\\\/aktialiiga.fi\\\/miehet\\\/#website\"},\"primaryImageOfPage\":{\"@id\":\"https:\\\/\\\/aktialiiga.fi\\\/miehet\\\/2013-2014\\\/ennakot-2013-2014\\\/aifk-ja-akilles-metsastavat-avauspisteitaan\\\/#primaryimage\"},\"image\":{\"@id\":\"https:\\\/\\\/aktialiiga.fi\\\/miehet\\\/2013-2014\\\/ennakot-2013-2014\\\/aifk-ja-akilles-metsastavat-avauspisteitaan\\\/#primaryimage\"},\"thumbnailUrl\":\"https:\\\/\\\/i0.wp.com\\\/aktialiiga.fi\\\/miehet\\\/wp-content\\\/uploads\\\/sites\\\/5\\\/2011\\\/10\\\/liigalogo-ennakko-e1332704142716.png?fit=105%2C121&ssl=1\",\"datePublished\":\"2013-10-08T18:36:10+00:00\",\"dateModified\":\"2018-04-20T10:03:23+00:00\",\"breadcrumb\":{\"@id\":\"https:\\\/\\\/aktialiiga.fi\\\/miehet\\\/2013-2014\\\/ennakot-2013-2014\\\/aifk-ja-akilles-metsastavat-avauspisteitaan\\\/#breadcrumb\"},\"inLanguage\":\"fi\",\"potentialAction\":[{\"@type\":\"ReadAction\",\"target\":[\"https:\\\/\\\/aktialiiga.fi\\\/miehet\\\/2013-2014\\\/ennakot-2013-2014\\\/aifk-ja-akilles-metsastavat-avauspisteitaan\\\/\"]}]},{\"@type\":\"ImageObject\",\"inLanguage\":\"fi\",\"@id\":\"https:\\\/\\\/aktialiiga.fi\\\/miehet\\\/2013-2014\\\/ennakot-2013-2014\\\/aifk-ja-akilles-metsastavat-avauspisteitaan\\\/#primaryimage\",\"url\":\"https:\\\/\\\/i0.wp.com\\\/aktialiiga.fi\\\/miehet\\\/wp-content\\\/uploads\\\/sites\\\/5\\\/2011\\\/10\\\/liigalogo-ennakko-e1332704142716.png?fit=105%2C121&ssl=1\",\"contentUrl\":\"https:\\\/\\\/i0.wp.com\\\/aktialiiga.fi\\\/miehet\\\/wp-content\\\/uploads\\\/sites\\\/5\\\/2011\\\/10\\\/liigalogo-ennakko-e1332704142716.png?fit=105%2C121&ssl=1\",\"width\":105,\"height\":121,\"caption\":\"Otteluennakko\"},{\"@type\":\"BreadcrumbList\",\"@id\":\"https:\\\/\\\/aktialiiga.fi\\\/miehet\\\/2013-2014\\\/ennakot-2013-2014\\\/aifk-ja-akilles-metsastavat-avauspisteitaan\\\/#breadcrumb\",\"itemListElement\":[{\"@type\":\"ListItem\",\"position\":1,\"name\":\"Etusivu\",\"item\":\"https:\\\/\\\/aktialiiga.fi\\\/miehet\\\/\"},{\"@type\":\"ListItem\",\"position\":2,\"name\":\"\u00c5IFK ja Akilles mets\u00e4st\u00e4v\u00e4t avauspisteit\u00e4\u00e4n\"}]},{\"@type\":\"WebSite\",\"@id\":\"https:\\\/\\\/aktialiiga.fi\\\/miehet\\\/#website\",\"url\":\"https:\\\/\\\/aktialiiga.fi\\\/miehet\\\/\",\"name\":\"K\u00e4sipallon miesten Aktialiiga\",\"description\":\"Valtakunnan vauhdikkainta palloilua!\",\"publisher\":{\"@id\":\"https:\\\/\\\/aktialiiga.fi\\\/miehet\\\/#organization\"},\"potentialAction\":[{\"@type\":\"SearchAction\",\"target\":{\"@type\":\"EntryPoint\",\"urlTemplate\":\"https:\\\/\\\/aktialiiga.fi\\\/miehet\\\/?s={search_term_string}\"},\"query-input\":{\"@type\":\"PropertyValueSpecification\",\"valueRequired\":true,\"valueName\":\"search_term_string\"}}],\"inLanguage\":\"fi\"},{\"@type\":\"Organization\",\"@id\":\"https:\\\/\\\/aktialiiga.fi\\\/miehet\\\/#organization\",\"name\":\"K\u00e4sipallon miesten Aktialiiga\",\"url\":\"https:\\\/\\\/aktialiiga.fi\\\/miehet\\\/\",\"logo\":{\"@type\":\"ImageObject\",\"inLanguage\":\"fi\",\"@id\":\"https:\\\/\\\/aktialiiga.fi\\\/miehet\\\/#\\\/schema\\\/logo\\\/image\\\/\",\"url\":\"https:\\\/\\\/i0.wp.com\\\/aktialiiga.fi\\\/miehet\\\/wp-content\\\/uploads\\\/sites\\\/5\\\/2024\\\/09\\\/Aktialiiga-Yoast-512.png?fit=512%2C512&ssl=1\",\"contentUrl\":\"https:\\\/\\\/i0.wp.com\\\/aktialiiga.fi\\\/miehet\\\/wp-content\\\/uploads\\\/sites\\\/5\\\/2024\\\/09\\\/Aktialiiga-Yoast-512.png?fit=512%2C512&ssl=1\",\"width\":512,\"height\":512,\"caption\":\"K\u00e4sipallon miesten Aktialiiga\"},\"image\":{\"@id\":\"https:\\\/\\\/aktialiiga.fi\\\/miehet\\\/#\\\/schema\\\/logo\\\/image\\\/\"},\"sameAs\":[\"https:\\\/\\\/www.facebook.com\\\/finnhandball\",\"https:\\\/\\\/x.com\\\/finnhandball\",\"https:\\\/\\\/www.instagram.com\\\/handballfinland\\\/\"]},{\"@type\":\"Person\",\"@id\":\"https:\\\/\\\/aktialiiga.fi\\\/miehet\\\/#\\\/schema\\\/person\\\/c14bf42f47041db74603c45afcb18d87\",\"name\":\"tbrmedia\",\"image\":{\"@type\":\"ImageObject\",\"inLanguage\":\"fi\",\"@id\":\"https:\\\/\\\/secure.gravatar.com\\\/avatar\\\/ee975fa091fe581d12b60debb3439022686618368a7c142044c56724d4666b16?s=96&d=mm&r=g\",\"url\":\"https:\\\/\\\/secure.gravatar.com\\\/avatar\\\/ee975fa091fe581d12b60debb3439022686618368a7c142044c56724d4666b16?s=96&d=mm&r=g\",\"contentUrl\":\"https:\\\/\\\/secure.gravatar.com\\\/avatar\\\/ee975fa091fe581d12b60debb3439022686618368a7c142044c56724d4666b16?s=96&d=mm&r=g\",\"caption\":\"tbrmedia\"}}]}<\/script>\n<!-- \/ Yoast SEO plugin. -->","yoast_head_json":{"title":"\u00c5IFK ja Akilles mets\u00e4st\u00e4v\u00e4t avauspisteit\u00e4\u00e4n | K\u00e4sipallon miesten Aktialiiga","robots":{"index":"index","follow":"follow","max-snippet":"max-snippet:-1","max-image-preview":"max-image-preview:large","max-video-preview":"max-video-preview:-1"},"canonical":"https:\/\/aktialiiga.fi\/miehet\/2013-2014\/ennakot-2013-2014\/aifk-ja-akilles-metsastavat-avauspisteitaan\/","og_locale":"fi_FI","og_type":"article","og_title":"\u00c5IFK ja Akilles mets\u00e4st\u00e4v\u00e4t avauspisteit\u00e4\u00e4n | K\u00e4sipallon miesten Aktialiiga","og_description":"Viel\u00e4 pisteitt\u00e4 olevat \u00c5IFK ja Akilles kohtaavat keskiviikkona Samppalinnan palloiluhallissa ja ainakin toisen nollaputki menee n\u00e4in v\u00e4ist\u00e4m\u00e4tt\u00e4 poikki. Ottelu Turussa alkaa kello 18.30.","og_url":"https:\/\/aktialiiga.fi\/miehet\/2013-2014\/ennakot-2013-2014\/aifk-ja-akilles-metsastavat-avauspisteitaan\/","og_site_name":"K\u00e4sipallon miesten Aktialiiga","article_publisher":"https:\/\/www.facebook.com\/finnhandball","article_published_time":"2013-10-08T18:36:10+00:00","article_modified_time":"2018-04-20T10:03:23+00:00","og_image":[{"width":105,"height":121,"url":"https:\/\/i0.wp.com\/aktialiiga.fi\/miehet\/wp-content\/uploads\/sites\/5\/2011\/10\/liigalogo-ennakko-e1332704142716.png?fit=105%2C121&ssl=1","type":"image\/png"}],"author":"tbrmedia","twitter_card":"summary_large_image","twitter_creator":"@finnhandball","twitter_site":"@finnhandball","schema":{"@context":"https:\/\/schema.org","@graph":[{"@type":"Article","@id":"https:\/\/aktialiiga.fi\/miehet\/2013-2014\/ennakot-2013-2014\/aifk-ja-akilles-metsastavat-avauspisteitaan\/#article","isPartOf":{"@id":"https:\/\/aktialiiga.fi\/miehet\/2013-2014\/ennakot-2013-2014\/aifk-ja-akilles-metsastavat-avauspisteitaan\/"},"author":{"name":"tbrmedia","@id":"https:\/\/aktialiiga.fi\/miehet\/#\/schema\/person\/c14bf42f47041db74603c45afcb18d87"},"headline":"\u00c5IFK ja Akilles mets\u00e4st\u00e4v\u00e4t avauspisteit\u00e4\u00e4n","datePublished":"2013-10-08T18:36:10+00:00","dateModified":"2018-04-20T10:03:23+00:00","mainEntityOfPage":{"@id":"https:\/\/aktialiiga.fi\/miehet\/2013-2014\/ennakot-2013-2014\/aifk-ja-akilles-metsastavat-avauspisteitaan\/"},"wordCount":215,"publisher":{"@id":"https:\/\/aktialiiga.fi\/miehet\/#organization"},"image":{"@id":"https:\/\/aktialiiga.fi\/miehet\/2013-2014\/ennakot-2013-2014\/aifk-ja-akilles-metsastavat-avauspisteitaan\/#primaryimage"},"thumbnailUrl":"https:\/\/i0.wp.com\/aktialiiga.fi\/miehet\/wp-content\/uploads\/sites\/5\/2011\/10\/liigalogo-ennakko-e1332704142716.png?fit=105%2C121&ssl=1","keywords":["\u00c5IFK","Akilles"],"articleSection":["Ennakot"],"inLanguage":"fi"},{"@type":"WebPage","@id":"https:\/\/aktialiiga.fi\/miehet\/2013-2014\/ennakot-2013-2014\/aifk-ja-akilles-metsastavat-avauspisteitaan\/","url":"https:\/\/aktialiiga.fi\/miehet\/2013-2014\/ennakot-2013-2014\/aifk-ja-akilles-metsastavat-avauspisteitaan\/","name":"\u00c5IFK ja Akilles mets\u00e4st\u00e4v\u00e4t avauspisteit\u00e4\u00e4n | K\u00e4sipallon miesten Aktialiiga","isPartOf":{"@id":"https:\/\/aktialiiga.fi\/miehet\/#website"},"primaryImageOfPage":{"@id":"https:\/\/aktialiiga.fi\/miehet\/2013-2014\/ennakot-2013-2014\/aifk-ja-akilles-metsastavat-avauspisteitaan\/#primaryimage"},"image":{"@id":"https:\/\/aktialiiga.fi\/miehet\/2013-2014\/ennakot-2013-2014\/aifk-ja-akilles-metsastavat-avauspisteitaan\/#primaryimage"},"thumbnailUrl":"https:\/\/i0.wp.com\/aktialiiga.fi\/miehet\/wp-content\/uploads\/sites\/5\/2011\/10\/liigalogo-ennakko-e1332704142716.png?fit=105%2C121&ssl=1","datePublished":"2013-10-08T18:36:10+00:00","dateModified":"2018-04-20T10:03:23+00:00","breadcrumb":{"@id":"https:\/\/aktialiiga.fi\/miehet\/2013-2014\/ennakot-2013-2014\/aifk-ja-akilles-metsastavat-avauspisteitaan\/#breadcrumb"},"inLanguage":"fi","potentialAction":[{"@type":"ReadAction","target":["https:\/\/aktialiiga.fi\/miehet\/2013-2014\/ennakot-2013-2014\/aifk-ja-akilles-metsastavat-avauspisteitaan\/"]}]},{"@type":"ImageObject","inLanguage":"fi","@id":"https:\/\/aktialiiga.fi\/miehet\/2013-2014\/ennakot-2013-2014\/aifk-ja-akilles-metsastavat-avauspisteitaan\/#primaryimage","url":"https:\/\/i0.wp.com\/aktialiiga.fi\/miehet\/wp-content\/uploads\/sites\/5\/2011\/10\/liigalogo-ennakko-e1332704142716.png?fit=105%2C121&ssl=1","contentUrl":"https:\/\/i0.wp.com\/aktialiiga.fi\/miehet\/wp-content\/uploads\/sites\/5\/2011\/10\/liigalogo-ennakko-e1332704142716.png?fit=105%2C121&ssl=1","width":105,"height":121,"caption":"Otteluennakko"},{"@type":"BreadcrumbList","@id":"https:\/\/aktialiiga.fi\/miehet\/2013-2014\/ennakot-2013-2014\/aifk-ja-akilles-metsastavat-avauspisteitaan\/#breadcrumb","itemListElement":[{"@type":"ListItem","position":1,"name":"Etusivu","item":"https:\/\/aktialiiga.fi\/miehet\/"},{"@type":"ListItem","position":2,"name":"\u00c5IFK ja Akilles mets\u00e4st\u00e4v\u00e4t avauspisteit\u00e4\u00e4n"}]},{"@type":"WebSite","@id":"https:\/\/aktialiiga.fi\/miehet\/#website","url":"https:\/\/aktialiiga.fi\/miehet\/","name":"K\u00e4sipallon miesten Aktialiiga","description":"Valtakunnan vauhdikkainta palloilua!","publisher":{"@id":"https:\/\/aktialiiga.fi\/miehet\/#organization"},"potentialAction":[{"@type":"SearchAction","target":{"@type":"EntryPoint","urlTemplate":"https:\/\/aktialiiga.fi\/miehet\/?s={search_term_string}"},"query-input":{"@type":"PropertyValueSpecification","valueRequired":true,"valueName":"search_term_string"}}],"inLanguage":"fi"},{"@type":"Organization","@id":"https:\/\/aktialiiga.fi\/miehet\/#organization","name":"K\u00e4sipallon miesten Aktialiiga","url":"https:\/\/aktialiiga.fi\/miehet\/","logo":{"@type":"ImageObject","inLanguage":"fi","@id":"https:\/\/aktialiiga.fi\/miehet\/#\/schema\/logo\/image\/","url":"https:\/\/i0.wp.com\/aktialiiga.fi\/miehet\/wp-content\/uploads\/sites\/5\/2024\/09\/Aktialiiga-Yoast-512.png?fit=512%2C512&ssl=1","contentUrl":"https:\/\/i0.wp.com\/aktialiiga.fi\/miehet\/wp-content\/uploads\/sites\/5\/2024\/09\/Aktialiiga-Yoast-512.png?fit=512%2C512&ssl=1","width":512,"height":512,"caption":"K\u00e4sipallon miesten Aktialiiga"},"image":{"@id":"https:\/\/aktialiiga.fi\/miehet\/#\/schema\/logo\/image\/"},"sameAs":["https:\/\/www.facebook.com\/finnhandball","https:\/\/x.com\/finnhandball","https:\/\/www.instagram.com\/handballfinland\/"]},{"@type":"Person","@id":"https:\/\/aktialiiga.fi\/miehet\/#\/schema\/person\/c14bf42f47041db74603c45afcb18d87","name":"tbrmedia","image":{"@type":"ImageObject","inLanguage":"fi","@id":"https:\/\/secure.gravatar.com\/avatar\/ee975fa091fe581d12b60debb3439022686618368a7c142044c56724d4666b16?s=96&d=mm&r=g","url":"https:\/\/secure.gravatar.com\/avatar\/ee975fa091fe581d12b60debb3439022686618368a7c142044c56724d4666b16?s=96&d=mm&r=g","contentUrl":"https:\/\/secure.gravatar.com\/avatar\/ee975fa091fe581d12b60debb3439022686618368a7c142044c56724d4666b16?s=96&d=mm&r=g","caption":"tbrmedia"}}]}},"jetpack_featured_media_url":"https:\/\/i0.wp.com\/aktialiiga.fi\/miehet\/wp-content\/uploads\/sites\/5\/2011\/10\/liigalogo-ennakko-e1332704142716.png?fit=105%2C121&ssl=1","jetpack_sharing_enabled":true,"jetpack_shortlink":"https:\/\/wp.me\/pfTxOr-1yU","_links":{"self":[{"href":"https:\/\/aktialiiga.fi\/miehet\/wp-json\/wp\/v2\/posts\/6008","targetHints":{"allow":["GET"]}}],"collection":[{"href":"https:\/\/aktialiiga.fi\/miehet\/wp-json\/wp\/v2\/posts"}],"about":[{"href":"https:\/\/aktialiiga.fi\/miehet\/wp-json\/wp\/v2\/types\/post"}],"author":[{"embeddable":true,"href":"https:\/\/aktialiiga.fi\/miehet\/wp-json\/wp\/v2\/users\/13"}],"replies":[{"embeddable":true,"href":"https:\/\/aktialiiga.fi\/miehet\/wp-json\/wp\/v2\/comments?post=6008"}],"version-history":[{"count":0,"href":"https:\/\/aktialiiga.fi\/miehet\/wp-json\/wp\/v2\/posts\/6008\/revisions"}],"wp:featuredmedia":[{"embeddable":true,"href":"https:\/\/aktialiiga.fi\/miehet\/wp-json\/wp\/v2\/media\/704"}],"wp:attachment":[{"href":"https:\/\/aktialiiga.fi\/miehet\/wp-json\/wp\/v2\/media?parent=6008"}],"wp:term":[{"taxonomy":"category","embeddable":true,"href":"https:\/\/aktialiiga.fi\/miehet\/wp-json\/wp\/v2\/categories?post=6008"},{"taxonomy":"post_tag","embeddable":true,"href":"https:\/\/aktialiiga.fi\/miehet\/wp-json\/wp\/v2\/tags?post=6008"}],"curies":[{"name":"wp","href":"https:\/\/api.w.org\/{rel}","templated":true}]}}