{"id":6012,"date":"2013-10-08T22:19:51","date_gmt":"2013-10-08T19:19:51","guid":{"rendered":"http:\/\/www.handisliiga.fi\/?p=6012"},"modified":"2018-04-20T13:03:22","modified_gmt":"2018-04-20T10:03:22","slug":"hifk-aiheutti-dickenille-kauden-avaustappion","status":"publish","type":"post","link":"https:\/\/aktialiiga.fi\/miehet\/2013-2014\/ottelut-2013-2014\/hifk-aiheutti-dickenille-kauden-avaustappion\/","title":{"rendered":"HIFK aiheutti Dickenille kauden avaustappion"},"content":{"rendered":"<p>Tiistainen p\u00e4\u00e4kaupungin derby HIFK:n ja Dickenin v\u00e4lill\u00e4 eteni tasaisissa merkeiss\u00e4, mutta kotijoukkue puristi lopussa voittoon ja vei pisteet maalein 33-31 aiheuttaen Dickenille kauden ensimm\u00e4isen tappion.<!--more--><\/p>\n<p>HIFK.n taisteluilme oli kohdillaan tiistaina ja t\u00e4m\u00e4 miellytti my\u00f6s p\u00e4\u00e4valmentaja Kenneth B\u00e4cklundia.<\/p>\n<p>&#8211; Kahden surkean ottelun j\u00e4lkeen joukkue p\u00e4\u00e4tti pelata tosissaan koko matsin ajan. Puolustuksessa taistelu toimi ja hy\u00f6kk\u00e4ykset olivat tarpeeksi tehokkaita. T\u00e4n\u00e4\u00e4n joukkue suoritti ylpe\u00e4sti parhaalla tasollaan, Backlund kiitteli<\/p>\n<p>Ottelun vakuuttavin pelaaja oli HIFK:n Freddy Wickstr\u00f6m. My\u00f6s h\u00e4n painotti sit\u00e4, ett\u00e4 peli n\u00e4ytti nyt aika pitk\u00e4lti sellaiselta kuin pitikin.<\/p>\n<p>&#8211; Peliin valmistautuessa keskityimme vain omaan peliin, emmek\u00e4 ajatelleet lainkaan taktiikkaa Dickeni\u00e4 vastaan. Puolustuksessa kaikki pelasivat uhrautuvasti ja suurella tahdolla ja maalivahdin oli helppo tehd\u00e4 torjunnat. Hieno parannus lauantain West \u2013ottelusta.<\/p>\n<p>Dicken-luotsi Thomas Lindstr\u00f6min mietteet omiensa esityksest\u00e4 olivat tappion j\u00e4lkeen ymm\u00e4rrett\u00e4v\u00e4sti melkoisesti mollivoittoisempia.<\/p>\n<p>&#8211; Tuntui silt\u00e4, ett\u00e4 Dicken ei ollut mukana ottelussa t\u00e4n\u00e4\u00e4n. Peli ei sujunut niin kuin olisi pit\u00e4nyt, emmek\u00e4 p\u00e4\u00e4sseet juoksemaan nopeaa peli\u00e4mme. Hy\u00f6kk\u00e4yspeli oli aneemista ja puskettiin HIFK:n muuriin, Lindstr\u00f6m analysoi.<\/p>\n<p><strong>HIFK \u2013 Dicken 33-31 (16-17)<\/strong><\/p>\n<p><strong>Maalintekij\u00e4t<\/strong><br \/>\nHIFK: Kinos Nikko 7, Eneberg Christoffer 6, Orel Andre 5, Glinca Serghei 5, Ahlgren Niclas 5, Lindstr\u00f6m Tom 4, \u00c5kermarck Thomas 1<br \/>\nDicken: Thor Timmy 8, Broman Benny 7, Broman Joacim 6, Noodla Valdar 3, R\u00e9my Anton 2, Knuts Max 2, Knus Mikael 1, Stierncreutz Casimir 1, S\u00f6derlund Filip 1<\/p>\n<p><strong>Varoitukset<\/strong><br \/>\nHIFK: Kinos Nikko, Orel Andre, Glinca Serghei, B\u00e4cklund Kenneth<br \/>\nDicken: Stierncreutz Casimir, Broman Joacim<\/p>\n<p><strong>Ulosajot<\/strong><br \/>\nHIFK: Kinos Nikko, Glinca Serghei, \u00c5kermarck Thomas<br \/>\nDicken: Stierncreutz Casimir, Noodla Valdar, Knuts Max<\/p>\n<p><strong>L\u00e4hivakuutus-t\u00e4htipelaajat<\/strong><br \/>\n1 t\u00e4hti: Joacim Broman, Dicken<br \/>\n2 t\u00e4hte\u00e4: Christoffer Eneberg, HIFK<br \/>\n3 t\u00e4hte\u00e4: Freddy Wickstr\u00f6m, HIFK<\/p>\n","protected":false},"excerpt":{"rendered":"<p>Tiistainen p\u00e4\u00e4kaupungin derby HIFK:n ja Dickenin v\u00e4lill\u00e4 eteni tasaisissa merkeiss\u00e4, mutta kotijoukkue puristi lopussa voittoon ja vei pisteet maalein 33-31 aiheuttaen Dickenille kauden ensimm\u00e4isen tappion.<\/p>\n","protected":false},"author":13,"featured_media":197,"comment_status":"closed","ping_status":"closed","sticky":false,"template":"","format":"standard","meta":{"_acf_changed":false,"jetpack_post_was_ever_published":false,"_jetpack_newsletter_access":"","_jetpack_dont_email_post_to_subs":false,"_jetpack_newsletter_tier_id":0,"_jetpack_memberships_contains_paywalled_content":false,"_jetpack_memberships_contains_paid_content":false,"footnotes":""},"categories":[21],"tags":[58,71],"class_list":["post-6012","post","type-post","status-publish","format-standard","has-post-thumbnail","hentry","category-ottelut-2013-2014","tag-dicken","tag-hifk"],"acf":[],"yoast_head":"<!-- This site is optimized with the Yoast SEO plugin v27.4 - https:\/\/yoast.com\/product\/yoast-seo-wordpress\/ -->\n<title>HIFK aiheutti Dickenille kauden avaustappion | K\u00e4sipallon miesten Aktialiiga<\/title>\n<meta name=\"robots\" content=\"index, follow, max-snippet:-1, max-image-preview:large, max-video-preview:-1\" \/>\n<link rel=\"canonical\" href=\"https:\/\/aktialiiga.fi\/miehet\/2013-2014\/ottelut-2013-2014\/hifk-aiheutti-dickenille-kauden-avaustappion\/\" \/>\n<meta property=\"og:locale\" content=\"fi_FI\" \/>\n<meta property=\"og:type\" content=\"article\" \/>\n<meta property=\"og:title\" content=\"HIFK aiheutti Dickenille kauden avaustappion | K\u00e4sipallon miesten Aktialiiga\" \/>\n<meta property=\"og:description\" content=\"Tiistainen p\u00e4\u00e4kaupungin derby HIFK:n ja Dickenin v\u00e4lill\u00e4 eteni tasaisissa merkeiss\u00e4, mutta kotijoukkue puristi lopussa voittoon ja vei pisteet maalein 33-31 aiheuttaen Dickenille kauden ensimm\u00e4isen tappion.\" \/>\n<meta property=\"og:url\" content=\"https:\/\/aktialiiga.fi\/miehet\/2013-2014\/ottelut-2013-2014\/hifk-aiheutti-dickenille-kauden-avaustappion\/\" \/>\n<meta property=\"og:site_name\" content=\"K\u00e4sipallon miesten Aktialiiga\" \/>\n<meta property=\"article:publisher\" content=\"https:\/\/www.facebook.com\/finnhandball\" \/>\n<meta property=\"article:published_time\" content=\"2013-10-08T19:19:51+00:00\" \/>\n<meta property=\"article:modified_time\" content=\"2018-04-20T10:03:22+00:00\" \/>\n<meta property=\"og:image\" content=\"https:\/\/i0.wp.com\/aktialiiga.fi\/miehet\/wp-content\/uploads\/sites\/5\/2011\/09\/logo_hifk.png?fit=101%2C114&ssl=1\" \/>\n\t<meta property=\"og:image:width\" content=\"101\" \/>\n\t<meta property=\"og:image:height\" content=\"114\" \/>\n\t<meta property=\"og:image:type\" content=\"image\/png\" \/>\n<meta name=\"author\" content=\"tbrmedia\" \/>\n<meta name=\"twitter:card\" content=\"summary_large_image\" \/>\n<meta name=\"twitter:creator\" content=\"@finnhandball\" \/>\n<meta name=\"twitter:site\" content=\"@finnhandball\" \/>\n<script type=\"application\/ld+json\" class=\"yoast-schema-graph\">{\"@context\":\"https:\\\/\\\/schema.org\",\"@graph\":[{\"@type\":\"Article\",\"@id\":\"https:\\\/\\\/aktialiiga.fi\\\/miehet\\\/2013-2014\\\/ottelut-2013-2014\\\/hifk-aiheutti-dickenille-kauden-avaustappion\\\/#article\",\"isPartOf\":{\"@id\":\"https:\\\/\\\/aktialiiga.fi\\\/miehet\\\/2013-2014\\\/ottelut-2013-2014\\\/hifk-aiheutti-dickenille-kauden-avaustappion\\\/\"},\"author\":{\"name\":\"tbrmedia\",\"@id\":\"https:\\\/\\\/aktialiiga.fi\\\/miehet\\\/#\\\/schema\\\/person\\\/c14bf42f47041db74603c45afcb18d87\"},\"headline\":\"HIFK aiheutti Dickenille kauden avaustappion\",\"datePublished\":\"2013-10-08T19:19:51+00:00\",\"dateModified\":\"2018-04-20T10:03:22+00:00\",\"mainEntityOfPage\":{\"@id\":\"https:\\\/\\\/aktialiiga.fi\\\/miehet\\\/2013-2014\\\/ottelut-2013-2014\\\/hifk-aiheutti-dickenille-kauden-avaustappion\\\/\"},\"wordCount\":293,\"publisher\":{\"@id\":\"https:\\\/\\\/aktialiiga.fi\\\/miehet\\\/#organization\"},\"image\":{\"@id\":\"https:\\\/\\\/aktialiiga.fi\\\/miehet\\\/2013-2014\\\/ottelut-2013-2014\\\/hifk-aiheutti-dickenille-kauden-avaustappion\\\/#primaryimage\"},\"thumbnailUrl\":\"https:\\\/\\\/i0.wp.com\\\/aktialiiga.fi\\\/miehet\\\/wp-content\\\/uploads\\\/sites\\\/5\\\/2011\\\/09\\\/logo_hifk.png?fit=101%2C114&ssl=1\",\"keywords\":[\"Dicken\",\"HIFK\"],\"articleSection\":[\"Ottelut\"],\"inLanguage\":\"fi\"},{\"@type\":\"WebPage\",\"@id\":\"https:\\\/\\\/aktialiiga.fi\\\/miehet\\\/2013-2014\\\/ottelut-2013-2014\\\/hifk-aiheutti-dickenille-kauden-avaustappion\\\/\",\"url\":\"https:\\\/\\\/aktialiiga.fi\\\/miehet\\\/2013-2014\\\/ottelut-2013-2014\\\/hifk-aiheutti-dickenille-kauden-avaustappion\\\/\",\"name\":\"HIFK aiheutti Dickenille kauden avaustappion | K\u00e4sipallon miesten Aktialiiga\",\"isPartOf\":{\"@id\":\"https:\\\/\\\/aktialiiga.fi\\\/miehet\\\/#website\"},\"primaryImageOfPage\":{\"@id\":\"https:\\\/\\\/aktialiiga.fi\\\/miehet\\\/2013-2014\\\/ottelut-2013-2014\\\/hifk-aiheutti-dickenille-kauden-avaustappion\\\/#primaryimage\"},\"image\":{\"@id\":\"https:\\\/\\\/aktialiiga.fi\\\/miehet\\\/2013-2014\\\/ottelut-2013-2014\\\/hifk-aiheutti-dickenille-kauden-avaustappion\\\/#primaryimage\"},\"thumbnailUrl\":\"https:\\\/\\\/i0.wp.com\\\/aktialiiga.fi\\\/miehet\\\/wp-content\\\/uploads\\\/sites\\\/5\\\/2011\\\/09\\\/logo_hifk.png?fit=101%2C114&ssl=1\",\"datePublished\":\"2013-10-08T19:19:51+00:00\",\"dateModified\":\"2018-04-20T10:03:22+00:00\",\"breadcrumb\":{\"@id\":\"https:\\\/\\\/aktialiiga.fi\\\/miehet\\\/2013-2014\\\/ottelut-2013-2014\\\/hifk-aiheutti-dickenille-kauden-avaustappion\\\/#breadcrumb\"},\"inLanguage\":\"fi\",\"potentialAction\":[{\"@type\":\"ReadAction\",\"target\":[\"https:\\\/\\\/aktialiiga.fi\\\/miehet\\\/2013-2014\\\/ottelut-2013-2014\\\/hifk-aiheutti-dickenille-kauden-avaustappion\\\/\"]}]},{\"@type\":\"ImageObject\",\"inLanguage\":\"fi\",\"@id\":\"https:\\\/\\\/aktialiiga.fi\\\/miehet\\\/2013-2014\\\/ottelut-2013-2014\\\/hifk-aiheutti-dickenille-kauden-avaustappion\\\/#primaryimage\",\"url\":\"https:\\\/\\\/i0.wp.com\\\/aktialiiga.fi\\\/miehet\\\/wp-content\\\/uploads\\\/sites\\\/5\\\/2011\\\/09\\\/logo_hifk.png?fit=101%2C114&ssl=1\",\"contentUrl\":\"https:\\\/\\\/i0.wp.com\\\/aktialiiga.fi\\\/miehet\\\/wp-content\\\/uploads\\\/sites\\\/5\\\/2011\\\/09\\\/logo_hifk.png?fit=101%2C114&ssl=1\",\"width\":101,\"height\":114,\"caption\":\"HIFK, Helsinki\"},{\"@type\":\"BreadcrumbList\",\"@id\":\"https:\\\/\\\/aktialiiga.fi\\\/miehet\\\/2013-2014\\\/ottelut-2013-2014\\\/hifk-aiheutti-dickenille-kauden-avaustappion\\\/#breadcrumb\",\"itemListElement\":[{\"@type\":\"ListItem\",\"position\":1,\"name\":\"Etusivu\",\"item\":\"https:\\\/\\\/aktialiiga.fi\\\/miehet\\\/\"},{\"@type\":\"ListItem\",\"position\":2,\"name\":\"HIFK aiheutti Dickenille kauden avaustappion\"}]},{\"@type\":\"WebSite\",\"@id\":\"https:\\\/\\\/aktialiiga.fi\\\/miehet\\\/#website\",\"url\":\"https:\\\/\\\/aktialiiga.fi\\\/miehet\\\/\",\"name\":\"K\u00e4sipallon miesten Aktialiiga\",\"description\":\"Valtakunnan vauhdikkainta palloilua!\",\"publisher\":{\"@id\":\"https:\\\/\\\/aktialiiga.fi\\\/miehet\\\/#organization\"},\"potentialAction\":[{\"@type\":\"SearchAction\",\"target\":{\"@type\":\"EntryPoint\",\"urlTemplate\":\"https:\\\/\\\/aktialiiga.fi\\\/miehet\\\/?s={search_term_string}\"},\"query-input\":{\"@type\":\"PropertyValueSpecification\",\"valueRequired\":true,\"valueName\":\"search_term_string\"}}],\"inLanguage\":\"fi\"},{\"@type\":\"Organization\",\"@id\":\"https:\\\/\\\/aktialiiga.fi\\\/miehet\\\/#organization\",\"name\":\"K\u00e4sipallon miesten Aktialiiga\",\"url\":\"https:\\\/\\\/aktialiiga.fi\\\/miehet\\\/\",\"logo\":{\"@type\":\"ImageObject\",\"inLanguage\":\"fi\",\"@id\":\"https:\\\/\\\/aktialiiga.fi\\\/miehet\\\/#\\\/schema\\\/logo\\\/image\\\/\",\"url\":\"https:\\\/\\\/i0.wp.com\\\/aktialiiga.fi\\\/miehet\\\/wp-content\\\/uploads\\\/sites\\\/5\\\/2024\\\/09\\\/Aktialiiga-Yoast-512.png?fit=512%2C512&ssl=1\",\"contentUrl\":\"https:\\\/\\\/i0.wp.com\\\/aktialiiga.fi\\\/miehet\\\/wp-content\\\/uploads\\\/sites\\\/5\\\/2024\\\/09\\\/Aktialiiga-Yoast-512.png?fit=512%2C512&ssl=1\",\"width\":512,\"height\":512,\"caption\":\"K\u00e4sipallon miesten Aktialiiga\"},\"image\":{\"@id\":\"https:\\\/\\\/aktialiiga.fi\\\/miehet\\\/#\\\/schema\\\/logo\\\/image\\\/\"},\"sameAs\":[\"https:\\\/\\\/www.facebook.com\\\/finnhandball\",\"https:\\\/\\\/x.com\\\/finnhandball\",\"https:\\\/\\\/www.instagram.com\\\/handballfinland\\\/\"]},{\"@type\":\"Person\",\"@id\":\"https:\\\/\\\/aktialiiga.fi\\\/miehet\\\/#\\\/schema\\\/person\\\/c14bf42f47041db74603c45afcb18d87\",\"name\":\"tbrmedia\",\"image\":{\"@type\":\"ImageObject\",\"inLanguage\":\"fi\",\"@id\":\"https:\\\/\\\/secure.gravatar.com\\\/avatar\\\/ee975fa091fe581d12b60debb3439022686618368a7c142044c56724d4666b16?s=96&d=mm&r=g\",\"url\":\"https:\\\/\\\/secure.gravatar.com\\\/avatar\\\/ee975fa091fe581d12b60debb3439022686618368a7c142044c56724d4666b16?s=96&d=mm&r=g\",\"contentUrl\":\"https:\\\/\\\/secure.gravatar.com\\\/avatar\\\/ee975fa091fe581d12b60debb3439022686618368a7c142044c56724d4666b16?s=96&d=mm&r=g\",\"caption\":\"tbrmedia\"}}]}<\/script>\n<!-- \/ Yoast SEO plugin. -->","yoast_head_json":{"title":"HIFK aiheutti Dickenille kauden avaustappion | K\u00e4sipallon miesten Aktialiiga","robots":{"index":"index","follow":"follow","max-snippet":"max-snippet:-1","max-image-preview":"max-image-preview:large","max-video-preview":"max-video-preview:-1"},"canonical":"https:\/\/aktialiiga.fi\/miehet\/2013-2014\/ottelut-2013-2014\/hifk-aiheutti-dickenille-kauden-avaustappion\/","og_locale":"fi_FI","og_type":"article","og_title":"HIFK aiheutti Dickenille kauden avaustappion | K\u00e4sipallon miesten Aktialiiga","og_description":"Tiistainen p\u00e4\u00e4kaupungin derby HIFK:n ja Dickenin v\u00e4lill\u00e4 eteni tasaisissa merkeiss\u00e4, mutta kotijoukkue puristi lopussa voittoon ja vei pisteet maalein 33-31 aiheuttaen Dickenille kauden ensimm\u00e4isen tappion.","og_url":"https:\/\/aktialiiga.fi\/miehet\/2013-2014\/ottelut-2013-2014\/hifk-aiheutti-dickenille-kauden-avaustappion\/","og_site_name":"K\u00e4sipallon miesten Aktialiiga","article_publisher":"https:\/\/www.facebook.com\/finnhandball","article_published_time":"2013-10-08T19:19:51+00:00","article_modified_time":"2018-04-20T10:03:22+00:00","og_image":[{"width":101,"height":114,"url":"https:\/\/i0.wp.com\/aktialiiga.fi\/miehet\/wp-content\/uploads\/sites\/5\/2011\/09\/logo_hifk.png?fit=101%2C114&ssl=1","type":"image\/png"}],"author":"tbrmedia","twitter_card":"summary_large_image","twitter_creator":"@finnhandball","twitter_site":"@finnhandball","schema":{"@context":"https:\/\/schema.org","@graph":[{"@type":"Article","@id":"https:\/\/aktialiiga.fi\/miehet\/2013-2014\/ottelut-2013-2014\/hifk-aiheutti-dickenille-kauden-avaustappion\/#article","isPartOf":{"@id":"https:\/\/aktialiiga.fi\/miehet\/2013-2014\/ottelut-2013-2014\/hifk-aiheutti-dickenille-kauden-avaustappion\/"},"author":{"name":"tbrmedia","@id":"https:\/\/aktialiiga.fi\/miehet\/#\/schema\/person\/c14bf42f47041db74603c45afcb18d87"},"headline":"HIFK aiheutti Dickenille kauden avaustappion","datePublished":"2013-10-08T19:19:51+00:00","dateModified":"2018-04-20T10:03:22+00:00","mainEntityOfPage":{"@id":"https:\/\/aktialiiga.fi\/miehet\/2013-2014\/ottelut-2013-2014\/hifk-aiheutti-dickenille-kauden-avaustappion\/"},"wordCount":293,"publisher":{"@id":"https:\/\/aktialiiga.fi\/miehet\/#organization"},"image":{"@id":"https:\/\/aktialiiga.fi\/miehet\/2013-2014\/ottelut-2013-2014\/hifk-aiheutti-dickenille-kauden-avaustappion\/#primaryimage"},"thumbnailUrl":"https:\/\/i0.wp.com\/aktialiiga.fi\/miehet\/wp-content\/uploads\/sites\/5\/2011\/09\/logo_hifk.png?fit=101%2C114&ssl=1","keywords":["Dicken","HIFK"],"articleSection":["Ottelut"],"inLanguage":"fi"},{"@type":"WebPage","@id":"https:\/\/aktialiiga.fi\/miehet\/2013-2014\/ottelut-2013-2014\/hifk-aiheutti-dickenille-kauden-avaustappion\/","url":"https:\/\/aktialiiga.fi\/miehet\/2013-2014\/ottelut-2013-2014\/hifk-aiheutti-dickenille-kauden-avaustappion\/","name":"HIFK aiheutti Dickenille kauden avaustappion | K\u00e4sipallon miesten Aktialiiga","isPartOf":{"@id":"https:\/\/aktialiiga.fi\/miehet\/#website"},"primaryImageOfPage":{"@id":"https:\/\/aktialiiga.fi\/miehet\/2013-2014\/ottelut-2013-2014\/hifk-aiheutti-dickenille-kauden-avaustappion\/#primaryimage"},"image":{"@id":"https:\/\/aktialiiga.fi\/miehet\/2013-2014\/ottelut-2013-2014\/hifk-aiheutti-dickenille-kauden-avaustappion\/#primaryimage"},"thumbnailUrl":"https:\/\/i0.wp.com\/aktialiiga.fi\/miehet\/wp-content\/uploads\/sites\/5\/2011\/09\/logo_hifk.png?fit=101%2C114&ssl=1","datePublished":"2013-10-08T19:19:51+00:00","dateModified":"2018-04-20T10:03:22+00:00","breadcrumb":{"@id":"https:\/\/aktialiiga.fi\/miehet\/2013-2014\/ottelut-2013-2014\/hifk-aiheutti-dickenille-kauden-avaustappion\/#breadcrumb"},"inLanguage":"fi","potentialAction":[{"@type":"ReadAction","target":["https:\/\/aktialiiga.fi\/miehet\/2013-2014\/ottelut-2013-2014\/hifk-aiheutti-dickenille-kauden-avaustappion\/"]}]},{"@type":"ImageObject","inLanguage":"fi","@id":"https:\/\/aktialiiga.fi\/miehet\/2013-2014\/ottelut-2013-2014\/hifk-aiheutti-dickenille-kauden-avaustappion\/#primaryimage","url":"https:\/\/i0.wp.com\/aktialiiga.fi\/miehet\/wp-content\/uploads\/sites\/5\/2011\/09\/logo_hifk.png?fit=101%2C114&ssl=1","contentUrl":"https:\/\/i0.wp.com\/aktialiiga.fi\/miehet\/wp-content\/uploads\/sites\/5\/2011\/09\/logo_hifk.png?fit=101%2C114&ssl=1","width":101,"height":114,"caption":"HIFK, Helsinki"},{"@type":"BreadcrumbList","@id":"https:\/\/aktialiiga.fi\/miehet\/2013-2014\/ottelut-2013-2014\/hifk-aiheutti-dickenille-kauden-avaustappion\/#breadcrumb","itemListElement":[{"@type":"ListItem","position":1,"name":"Etusivu","item":"https:\/\/aktialiiga.fi\/miehet\/"},{"@type":"ListItem","position":2,"name":"HIFK aiheutti Dickenille kauden avaustappion"}]},{"@type":"WebSite","@id":"https:\/\/aktialiiga.fi\/miehet\/#website","url":"https:\/\/aktialiiga.fi\/miehet\/","name":"K\u00e4sipallon miesten Aktialiiga","description":"Valtakunnan vauhdikkainta palloilua!","publisher":{"@id":"https:\/\/aktialiiga.fi\/miehet\/#organization"},"potentialAction":[{"@type":"SearchAction","target":{"@type":"EntryPoint","urlTemplate":"https:\/\/aktialiiga.fi\/miehet\/?s={search_term_string}"},"query-input":{"@type":"PropertyValueSpecification","valueRequired":true,"valueName":"search_term_string"}}],"inLanguage":"fi"},{"@type":"Organization","@id":"https:\/\/aktialiiga.fi\/miehet\/#organization","name":"K\u00e4sipallon miesten Aktialiiga","url":"https:\/\/aktialiiga.fi\/miehet\/","logo":{"@type":"ImageObject","inLanguage":"fi","@id":"https:\/\/aktialiiga.fi\/miehet\/#\/schema\/logo\/image\/","url":"https:\/\/i0.wp.com\/aktialiiga.fi\/miehet\/wp-content\/uploads\/sites\/5\/2024\/09\/Aktialiiga-Yoast-512.png?fit=512%2C512&ssl=1","contentUrl":"https:\/\/i0.wp.com\/aktialiiga.fi\/miehet\/wp-content\/uploads\/sites\/5\/2024\/09\/Aktialiiga-Yoast-512.png?fit=512%2C512&ssl=1","width":512,"height":512,"caption":"K\u00e4sipallon miesten Aktialiiga"},"image":{"@id":"https:\/\/aktialiiga.fi\/miehet\/#\/schema\/logo\/image\/"},"sameAs":["https:\/\/www.facebook.com\/finnhandball","https:\/\/x.com\/finnhandball","https:\/\/www.instagram.com\/handballfinland\/"]},{"@type":"Person","@id":"https:\/\/aktialiiga.fi\/miehet\/#\/schema\/person\/c14bf42f47041db74603c45afcb18d87","name":"tbrmedia","image":{"@type":"ImageObject","inLanguage":"fi","@id":"https:\/\/secure.gravatar.com\/avatar\/ee975fa091fe581d12b60debb3439022686618368a7c142044c56724d4666b16?s=96&d=mm&r=g","url":"https:\/\/secure.gravatar.com\/avatar\/ee975fa091fe581d12b60debb3439022686618368a7c142044c56724d4666b16?s=96&d=mm&r=g","contentUrl":"https:\/\/secure.gravatar.com\/avatar\/ee975fa091fe581d12b60debb3439022686618368a7c142044c56724d4666b16?s=96&d=mm&r=g","caption":"tbrmedia"}}]}},"jetpack_featured_media_url":"https:\/\/i0.wp.com\/aktialiiga.fi\/miehet\/wp-content\/uploads\/sites\/5\/2011\/09\/logo_hifk.png?fit=101%2C114&ssl=1","jetpack_sharing_enabled":true,"jetpack_shortlink":"https:\/\/wp.me\/pfTxOr-1yY","_links":{"self":[{"href":"https:\/\/aktialiiga.fi\/miehet\/wp-json\/wp\/v2\/posts\/6012","targetHints":{"allow":["GET"]}}],"collection":[{"href":"https:\/\/aktialiiga.fi\/miehet\/wp-json\/wp\/v2\/posts"}],"about":[{"href":"https:\/\/aktialiiga.fi\/miehet\/wp-json\/wp\/v2\/types\/post"}],"author":[{"embeddable":true,"href":"https:\/\/aktialiiga.fi\/miehet\/wp-json\/wp\/v2\/users\/13"}],"replies":[{"embeddable":true,"href":"https:\/\/aktialiiga.fi\/miehet\/wp-json\/wp\/v2\/comments?post=6012"}],"version-history":[{"count":0,"href":"https:\/\/aktialiiga.fi\/miehet\/wp-json\/wp\/v2\/posts\/6012\/revisions"}],"wp:featuredmedia":[{"embeddable":true,"href":"https:\/\/aktialiiga.fi\/miehet\/wp-json\/wp\/v2\/media\/197"}],"wp:attachment":[{"href":"https:\/\/aktialiiga.fi\/miehet\/wp-json\/wp\/v2\/media?parent=6012"}],"wp:term":[{"taxonomy":"category","embeddable":true,"href":"https:\/\/aktialiiga.fi\/miehet\/wp-json\/wp\/v2\/categories?post=6012"},{"taxonomy":"post_tag","embeddable":true,"href":"https:\/\/aktialiiga.fi\/miehet\/wp-json\/wp\/v2\/tags?post=6012"}],"curies":[{"name":"wp","href":"https:\/\/api.w.org\/{rel}","templated":true}]}}